{"id":16928,"date":"2022-09-14T15:58:21","date_gmt":"2022-09-14T13:58:21","guid":{"rendered":"https:\/\/www.organisator.ch\/?p=16928"},"modified":"2022-09-14T15:58:21","modified_gmt":"2022-09-14T13:58:21","slug":"44-startups-bei-der-vierten-staffel-von-die-hoehle-der-loewen-schweiz","status":"publish","type":"post","link":"https:\/\/www.organisator.ch\/en\/management\/2022-09-14\/44-startups-bei-der-vierten-staffel-von-die-hoehle-der-loewen-schweiz\/","title":{"rendered":"44 startups in the fourth season of \"Die H\u00f6hle der L\u00f6wen Schweiz\" (The Lion's Den Switzerland)"},"content":{"rendered":"<figure id=\"attachment_16929\" aria-describedby=\"caption-attachment-16929\" style=\"width: 680px\" class=\"wp-caption alignnone\"><img loading=\"lazy\" decoding=\"async\" class=\"size-full wp-image-16929\" src=\"https:\/\/www.organisator.ch\/wp-content\/uploads\/2022\/09\/44-Startups-bei-der-vierten-Staffel-von-Die-Hohle-der-Lowen-Schweiz_Organisator.jpg\" alt=\"\" width=\"680\" height=\"451\" srcset=\"https:\/\/www.organisator.ch\/wp-content\/uploads\/2022\/09\/44-Startups-bei-der-vierten-Staffel-von-Die-Hohle-der-Lowen-Schweiz_Organisator.jpg 680w, https:\/\/www.organisator.ch\/wp-content\/uploads\/2022\/09\/44-Startups-bei-der-vierten-Staffel-von-Die-Hohle-der-Lowen-Schweiz_Organisator-18x12.jpg 18w, https:\/\/www.organisator.ch\/wp-content\/uploads\/2022\/09\/44-Startups-bei-der-vierten-Staffel-von-Die-Hohle-der-Lowen-Schweiz_Organisator-264x175.jpg 264w, https:\/\/www.organisator.ch\/wp-content\/uploads\/2022\/09\/44-Startups-bei-der-vierten-Staffel-von-Die-Hohle-der-Lowen-Schweiz_Organisator-528x350.jpg 528w, https:\/\/www.organisator.ch\/wp-content\/uploads\/2022\/09\/44-Startups-bei-der-vierten-Staffel-von-Die-Hohle-der-Lowen-Schweiz_Organisator-300x199.jpg 300w\" sizes=\"auto, (max-width: 680px) 100vw, 680px\" \/><figcaption id=\"caption-attachment-16929\" class=\"wp-caption-text\">The investors at \"Die H\u00f6hle der L\u00f6wen Schweiz\" (from left to right): J\u00fcrg Schwarzenbach, Lukas Speiser, Anja Graf, Tobias Reichmuth, Bettina Hein, Patrick Mollet and Roland Brack. (Image: \u00a9CH Media)<\/figcaption><\/figure>\n<p>The show \"Die H\u00f6hle der L\u00f6wen\" is already being broadcast in 35 countries, including Switzerland. In the USA, the format has been running under the title \"Shark Tank\" since 2009 and has enabled several thousand new jobs since its first broadcast. Each episode, several young entrepreneurs present their innovative business ideas and concepts to investors and compete for their investment.<\/p>\n<p>In the Swiss edition of the show, a total of 44 startups will also be venturing into the Lion's Den in the upcoming season, ranging from the lifestyle to the finance to the mobility industry. For example, the four-member founding team of the Zurich-based startup refluence, which offers a mediation service for influencers and companies due to the increasing demand for influencer marketing. Or the Zug-based start-up Splint Invest, which developed an application that makes it possible to easily invest in alternative investments, including shares for luxury watches, rare whisky or fine wine, with just one click. A founding duo from Zurich created prosthetic forearms under the name mac4u Explorer, which enable people with physical disabilities to engage in sports and other leisure activities. Zurich-based startup Dancing Queens is also hoping for an investment. They offer modular dance shoes that allow people to dance through entire nights without pain. RIBE Moto from Zurich operates a rental platform for motorcycles that, among other things, reduces the administrative burden for users.<\/p>\n<p>Which of these startups will succeed in <a href=\"https:\/\/www.organisator.ch\/de\/management\/2021-11-10\/rekord-deal-bei-die-hoehle-der-loewen-schweiz-folge-3-3\/\">past relay record<\/a> and who will go away empty-handed? This is decided not least by the investors, the so-called \"lions\". As in the last season, these are business apartment pioneer Anja Graf, tech entrepreneur Bettina Hein, online retail expert and founder of brack.ch Roland Brack, sustainability entrepreneur Tobias Reichmuth, Amorana co-founder and CEO Lukas Speiser, investment firm owner J\u00fcrg Schwarzenbach of Marcaro, and startup coach and co-owner of Great Place to Work Patrick Mollet.<\/p>\n<p><em><a href=\"http:\/\/www.oneplus.ch\">More information<\/a><\/em><\/p>","protected":false},"excerpt":{"rendered":"<p>Bereits in 35 L\u00e4ndern, darunter auch die Schweiz, wird die Sendung &#8222;Die H\u00f6hle der L\u00f6wen&#8220; ausgestrahlt. In den USA l\u00e4uft das Format unter dem Titel \u00abShark Tank\u00bb seit 2009 und hat seit der Erstausstrahlung mehrere tausend neue Arbeitspl\u00e4tze erm\u00f6glicht. Pro Episode treten mehrere Jungunternehmerinnen und Jungunternehmer mit ihren innovativen Gesch\u00e4ftsideen und Unternehmenskonzepten vor die Investorinnen [&hellip;]<\/p>\n","protected":false},"author":4,"featured_media":16929,"comment_status":"closed","ping_status":"closed","sticky":false,"template":"","format":"standard","meta":{"_acf_changed":false,"_yoast_wpseo_focuskw":"Die H\u00f6hle der L\u00f6wen","_yoast_wpseo_metadesc":"44 Start-ups pitchen in der vierten Staffel von \"Die H\u00f6hle der L\u00f6wen Schweiz\" ihre Businessideen bei Investoren und hoffen auf einen Deal.","articlekey":"","footnotes":""},"categories":[28],"tags":[2683,1443,335,451],"class_list":["post-16928","post","type-post","status-publish","format-standard","has-post-thumbnail","hentry","category-management","tag-hoehle-der-loewen","tag-investments","tag-management-und-unternehmensfuehrung","tag-startups"],"acf":[],"yoast_head":"<!-- This site is optimized with the Yoast SEO plugin v27.5 - https:\/\/yoast.com\/product\/yoast-seo-wordpress\/ -->\n<title>44 Startups bei der vierten Staffel von &quot;Die H\u00f6hle der L\u00f6wen Schweiz&quot; - Organisator<\/title>\n<meta name=\"description\" content=\"44 Start-ups pitchen in der vierten Staffel von &quot;Die H\u00f6hle der L\u00f6wen Schweiz&quot; ihre Businessideen bei Investoren und hoffen auf einen Deal.\" \/>\n<meta name=\"robots\" content=\"index, follow, max-snippet:-1, max-image-preview:large, max-video-preview:-1\" \/>\n<link rel=\"canonical\" href=\"https:\/\/www.organisator.ch\/en\/management\/2022-09-14\/44-startups-bei-der-vierten-staffel-von-die-hoehle-der-loewen-schweiz\/\" \/>\n<meta property=\"og:locale\" content=\"en_US\" \/>\n<meta property=\"og:type\" content=\"article\" \/>\n<meta property=\"og:title\" content=\"44 Startups bei der vierten Staffel von &quot;Die H\u00f6hle der L\u00f6wen Schweiz&quot; - Organisator\" \/>\n<meta property=\"og:description\" content=\"44 Start-ups pitchen in der vierten Staffel von &quot;Die H\u00f6hle der L\u00f6wen Schweiz&quot; ihre Businessideen bei Investoren und hoffen auf einen Deal.\" \/>\n<meta property=\"og:url\" content=\"https:\/\/www.organisator.ch\/en\/management\/2022-09-14\/44-startups-bei-der-vierten-staffel-von-die-hoehle-der-loewen-schweiz\/\" \/>\n<meta property=\"og:site_name\" content=\"Organisator\" \/>\n<meta property=\"article:publisher\" content=\"https:\/\/www.facebook.com\/OrganisatorFachmagazin\" \/>\n<meta property=\"article:published_time\" content=\"2022-09-14T13:58:21+00:00\" \/>\n<meta property=\"og:image\" content=\"https:\/\/www.organisator.ch\/wp-content\/uploads\/2022\/09\/44-Startups-bei-der-vierten-Staffel-von-Die-Hohle-der-Lowen-Schweiz_Organisator.jpg\" \/>\n\t<meta property=\"og:image:width\" content=\"680\" \/>\n\t<meta property=\"og:image:height\" content=\"451\" \/>\n\t<meta property=\"og:image:type\" content=\"image\/jpeg\" \/>\n<meta name=\"author\" content=\"thomas.berner\" \/>\n<meta name=\"twitter:card\" content=\"summary_large_image\" \/>\n<script type=\"application\/ld+json\" class=\"yoast-schema-graph\">{\"@context\":\"https:\\\/\\\/schema.org\",\"@graph\":[{\"@type\":\"Article\",\"@id\":\"https:\\\/\\\/www.organisator.ch\\\/management\\\/2022-09-14\\\/44-startups-bei-der-vierten-staffel-von-die-hoehle-der-loewen-schweiz\\\/#article\",\"isPartOf\":{\"@id\":\"https:\\\/\\\/www.organisator.ch\\\/management\\\/2022-09-14\\\/44-startups-bei-der-vierten-staffel-von-die-hoehle-der-loewen-schweiz\\\/\"},\"author\":{\"name\":\"thomas.berner\",\"@id\":\"https:\\\/\\\/www.organisator.ch\\\/#\\\/schema\\\/person\\\/6f650f90b2842cd4c0cc334b4e36f67e\"},\"headline\":\"44 Startups bei der vierten Staffel von &#8222;Die H\u00f6hle der L\u00f6wen Schweiz&#8220;\",\"datePublished\":\"2022-09-14T13:58:21+00:00\",\"mainEntityOfPage\":{\"@id\":\"https:\\\/\\\/www.organisator.ch\\\/management\\\/2022-09-14\\\/44-startups-bei-der-vierten-staffel-von-die-hoehle-der-loewen-schweiz\\\/\"},\"wordCount\":373,\"publisher\":{\"@id\":\"https:\\\/\\\/www.organisator.ch\\\/#organization\"},\"image\":{\"@id\":\"https:\\\/\\\/www.organisator.ch\\\/management\\\/2022-09-14\\\/44-startups-bei-der-vierten-staffel-von-die-hoehle-der-loewen-schweiz\\\/#primaryimage\"},\"thumbnailUrl\":\"https:\\\/\\\/www.organisator.ch\\\/wp-content\\\/uploads\\\/2022\\\/09\\\/44-Startups-bei-der-vierten-Staffel-von-Die-Hohle-der-Lowen-Schweiz_Organisator.jpg\",\"keywords\":[\"H\u00f6hle der L\u00f6wen\",\"Investments\",\"Management und Unternehmensf\u00fchrung\",\"Startups\"],\"articleSection\":[\"MANAGEMENT\"],\"inLanguage\":\"en-US\"},{\"@type\":\"WebPage\",\"@id\":\"https:\\\/\\\/www.organisator.ch\\\/management\\\/2022-09-14\\\/44-startups-bei-der-vierten-staffel-von-die-hoehle-der-loewen-schweiz\\\/\",\"url\":\"https:\\\/\\\/www.organisator.ch\\\/management\\\/2022-09-14\\\/44-startups-bei-der-vierten-staffel-von-die-hoehle-der-loewen-schweiz\\\/\",\"name\":\"44 Startups bei der vierten Staffel von \\\"Die H\u00f6hle der L\u00f6wen Schweiz\\\" - Organisator\",\"isPartOf\":{\"@id\":\"https:\\\/\\\/www.organisator.ch\\\/#website\"},\"primaryImageOfPage\":{\"@id\":\"https:\\\/\\\/www.organisator.ch\\\/management\\\/2022-09-14\\\/44-startups-bei-der-vierten-staffel-von-die-hoehle-der-loewen-schweiz\\\/#primaryimage\"},\"image\":{\"@id\":\"https:\\\/\\\/www.organisator.ch\\\/management\\\/2022-09-14\\\/44-startups-bei-der-vierten-staffel-von-die-hoehle-der-loewen-schweiz\\\/#primaryimage\"},\"thumbnailUrl\":\"https:\\\/\\\/www.organisator.ch\\\/wp-content\\\/uploads\\\/2022\\\/09\\\/44-Startups-bei-der-vierten-Staffel-von-Die-Hohle-der-Lowen-Schweiz_Organisator.jpg\",\"datePublished\":\"2022-09-14T13:58:21+00:00\",\"description\":\"44 Start-ups pitchen in der vierten Staffel von \\\"Die H\u00f6hle der L\u00f6wen Schweiz\\\" ihre Businessideen bei Investoren und hoffen auf einen Deal.\",\"breadcrumb\":{\"@id\":\"https:\\\/\\\/www.organisator.ch\\\/management\\\/2022-09-14\\\/44-startups-bei-der-vierten-staffel-von-die-hoehle-der-loewen-schweiz\\\/#breadcrumb\"},\"inLanguage\":\"en-US\",\"potentialAction\":[{\"@type\":\"ReadAction\",\"target\":[\"https:\\\/\\\/www.organisator.ch\\\/management\\\/2022-09-14\\\/44-startups-bei-der-vierten-staffel-von-die-hoehle-der-loewen-schweiz\\\/\"]}]},{\"@type\":\"ImageObject\",\"inLanguage\":\"en-US\",\"@id\":\"https:\\\/\\\/www.organisator.ch\\\/management\\\/2022-09-14\\\/44-startups-bei-der-vierten-staffel-von-die-hoehle-der-loewen-schweiz\\\/#primaryimage\",\"url\":\"https:\\\/\\\/www.organisator.ch\\\/wp-content\\\/uploads\\\/2022\\\/09\\\/44-Startups-bei-der-vierten-Staffel-von-Die-Hohle-der-Lowen-Schweiz_Organisator.jpg\",\"contentUrl\":\"https:\\\/\\\/www.organisator.ch\\\/wp-content\\\/uploads\\\/2022\\\/09\\\/44-Startups-bei-der-vierten-Staffel-von-Die-Hohle-der-Lowen-Schweiz_Organisator.jpg\",\"width\":680,\"height\":451,\"caption\":\"Die Investoren bei \\\"Die H\u00f6hle der L\u00f6wen Schweiz\\\" (v.l.n.r.): J\u00fcrg Schwarzenbach, Lukas Speiser, Anja Graf, Tobias Reichmuth, Bettina Hein, Patrick Mollet und Roland Brack. (Bild: \u00a9CH Media)\"},{\"@type\":\"BreadcrumbList\",\"@id\":\"https:\\\/\\\/www.organisator.ch\\\/management\\\/2022-09-14\\\/44-startups-bei-der-vierten-staffel-von-die-hoehle-der-loewen-schweiz\\\/#breadcrumb\",\"itemListElement\":[{\"@type\":\"ListItem\",\"position\":1,\"name\":\"Home\",\"item\":\"https:\\\/\\\/www.organisator.ch\\\/\"},{\"@type\":\"ListItem\",\"position\":2,\"name\":\"44 Startups bei der vierten Staffel von &#8222;Die H\u00f6hle der L\u00f6wen Schweiz&#8220;\"}]},{\"@type\":\"WebSite\",\"@id\":\"https:\\\/\\\/www.organisator.ch\\\/#website\",\"url\":\"https:\\\/\\\/www.organisator.ch\\\/\",\"name\":\"Organisator\",\"description\":\"Kompetent. Praxisnah. Der ORGANISATOR bereitet in 10 Ausgaben pro Jahr die wesentlichen Themen f\u00fcr F\u00fchrungskr\u00e4fte von KMU auf.\",\"publisher\":{\"@id\":\"https:\\\/\\\/www.organisator.ch\\\/#organization\"},\"potentialAction\":[{\"@type\":\"SearchAction\",\"target\":{\"@type\":\"EntryPoint\",\"urlTemplate\":\"https:\\\/\\\/www.organisator.ch\\\/?s={search_term_string}\"},\"query-input\":{\"@type\":\"PropertyValueSpecification\",\"valueRequired\":true,\"valueName\":\"search_term_string\"}}],\"inLanguage\":\"en-US\"},{\"@type\":\"Organization\",\"@id\":\"https:\\\/\\\/www.organisator.ch\\\/#organization\",\"name\":\"Organisator\",\"url\":\"https:\\\/\\\/www.organisator.ch\\\/\",\"logo\":{\"@type\":\"ImageObject\",\"inLanguage\":\"en-US\",\"@id\":\"https:\\\/\\\/www.organisator.ch\\\/#\\\/schema\\\/logo\\\/image\\\/\",\"url\":\"https:\\\/\\\/www.organisator.ch\\\/wp-content\\\/uploads\\\/2022\\\/01\\\/Logo_Organisator_Website.png\",\"contentUrl\":\"https:\\\/\\\/www.organisator.ch\\\/wp-content\\\/uploads\\\/2022\\\/01\\\/Logo_Organisator_Website.png\",\"width\":800,\"height\":77,\"caption\":\"Organisator\"},\"image\":{\"@id\":\"https:\\\/\\\/www.organisator.ch\\\/#\\\/schema\\\/logo\\\/image\\\/\"},\"sameAs\":[\"https:\\\/\\\/www.facebook.com\\\/OrganisatorFachmagazin\",\"https:\\\/\\\/www.linkedin.com\\\/showcase\\\/organisator-das-magazin-fr-kmu\",\"https:\\\/\\\/www.xing.com\\\/news\\\/pages\\\/organisator-ch-695\",\"https:\\\/\\\/www.youtube.com\\\/channel\\\/UCGP2Sq0iWaZwT3BdIAQFYpw\"]},{\"@type\":\"Person\",\"@id\":\"https:\\\/\\\/www.organisator.ch\\\/#\\\/schema\\\/person\\\/6f650f90b2842cd4c0cc334b4e36f67e\",\"name\":\"thomas.berner\",\"image\":{\"@type\":\"ImageObject\",\"inLanguage\":\"en-US\",\"@id\":\"https:\\\/\\\/secure.gravatar.com\\\/avatar\\\/ac5001d2a36cb6c6cd3e50789007ffca834b477b74a2144564522e944eabff61?s=96&d=mm&r=g\",\"url\":\"https:\\\/\\\/secure.gravatar.com\\\/avatar\\\/ac5001d2a36cb6c6cd3e50789007ffca834b477b74a2144564522e944eabff61?s=96&d=mm&r=g\",\"contentUrl\":\"https:\\\/\\\/secure.gravatar.com\\\/avatar\\\/ac5001d2a36cb6c6cd3e50789007ffca834b477b74a2144564522e944eabff61?s=96&d=mm&r=g\",\"caption\":\"thomas.berner\"},\"url\":\"https:\\\/\\\/www.organisator.ch\\\/en\\\/author\\\/thomas-berner\\\/\"}]}<\/script>\n<!-- \/ Yoast SEO plugin. -->","yoast_head_json":{"title":"44 startups at the fourth season of \"Die H\u00f6hle der L\u00f6wen Schweiz\" - organizer","description":"44 start-ups pitch their business ideas to investors in the fourth season of \"Die H\u00f6hle der L\u00f6wen Schweiz\" and hope for a deal.","robots":{"index":"index","follow":"follow","max-snippet":"max-snippet:-1","max-image-preview":"max-image-preview:large","max-video-preview":"max-video-preview:-1"},"canonical":"https:\/\/www.organisator.ch\/en\/management\/2022-09-14\/44-startups-bei-der-vierten-staffel-von-die-hoehle-der-loewen-schweiz\/","og_locale":"en_US","og_type":"article","og_title":"44 Startups bei der vierten Staffel von \"Die H\u00f6hle der L\u00f6wen Schweiz\" - Organisator","og_description":"44 Start-ups pitchen in der vierten Staffel von \"Die H\u00f6hle der L\u00f6wen Schweiz\" ihre Businessideen bei Investoren und hoffen auf einen Deal.","og_url":"https:\/\/www.organisator.ch\/en\/management\/2022-09-14\/44-startups-bei-der-vierten-staffel-von-die-hoehle-der-loewen-schweiz\/","og_site_name":"Organisator","article_publisher":"https:\/\/www.facebook.com\/OrganisatorFachmagazin","article_published_time":"2022-09-14T13:58:21+00:00","og_image":[{"width":680,"height":451,"url":"https:\/\/www.organisator.ch\/wp-content\/uploads\/2022\/09\/44-Startups-bei-der-vierten-Staffel-von-Die-Hohle-der-Lowen-Schweiz_Organisator.jpg","type":"image\/jpeg"}],"author":"thomas.berner","twitter_card":"summary_large_image","schema":{"@context":"https:\/\/schema.org","@graph":[{"@type":"Article","@id":"https:\/\/www.organisator.ch\/management\/2022-09-14\/44-startups-bei-der-vierten-staffel-von-die-hoehle-der-loewen-schweiz\/#article","isPartOf":{"@id":"https:\/\/www.organisator.ch\/management\/2022-09-14\/44-startups-bei-der-vierten-staffel-von-die-hoehle-der-loewen-schweiz\/"},"author":{"name":"thomas.berner","@id":"https:\/\/www.organisator.ch\/#\/schema\/person\/6f650f90b2842cd4c0cc334b4e36f67e"},"headline":"44 Startups bei der vierten Staffel von &#8222;Die H\u00f6hle der L\u00f6wen Schweiz&#8220;","datePublished":"2022-09-14T13:58:21+00:00","mainEntityOfPage":{"@id":"https:\/\/www.organisator.ch\/management\/2022-09-14\/44-startups-bei-der-vierten-staffel-von-die-hoehle-der-loewen-schweiz\/"},"wordCount":373,"publisher":{"@id":"https:\/\/www.organisator.ch\/#organization"},"image":{"@id":"https:\/\/www.organisator.ch\/management\/2022-09-14\/44-startups-bei-der-vierten-staffel-von-die-hoehle-der-loewen-schweiz\/#primaryimage"},"thumbnailUrl":"https:\/\/www.organisator.ch\/wp-content\/uploads\/2022\/09\/44-Startups-bei-der-vierten-Staffel-von-Die-Hohle-der-Lowen-Schweiz_Organisator.jpg","keywords":["H\u00f6hle der L\u00f6wen","Investments","Management und Unternehmensf\u00fchrung","Startups"],"articleSection":["MANAGEMENT"],"inLanguage":"en-US"},{"@type":"WebPage","@id":"https:\/\/www.organisator.ch\/management\/2022-09-14\/44-startups-bei-der-vierten-staffel-von-die-hoehle-der-loewen-schweiz\/","url":"https:\/\/www.organisator.ch\/management\/2022-09-14\/44-startups-bei-der-vierten-staffel-von-die-hoehle-der-loewen-schweiz\/","name":"44 startups at the fourth season of \"Die H\u00f6hle der L\u00f6wen Schweiz\" - organizer","isPartOf":{"@id":"https:\/\/www.organisator.ch\/#website"},"primaryImageOfPage":{"@id":"https:\/\/www.organisator.ch\/management\/2022-09-14\/44-startups-bei-der-vierten-staffel-von-die-hoehle-der-loewen-schweiz\/#primaryimage"},"image":{"@id":"https:\/\/www.organisator.ch\/management\/2022-09-14\/44-startups-bei-der-vierten-staffel-von-die-hoehle-der-loewen-schweiz\/#primaryimage"},"thumbnailUrl":"https:\/\/www.organisator.ch\/wp-content\/uploads\/2022\/09\/44-Startups-bei-der-vierten-Staffel-von-Die-Hohle-der-Lowen-Schweiz_Organisator.jpg","datePublished":"2022-09-14T13:58:21+00:00","description":"44 start-ups pitch their business ideas to investors in the fourth season of \"Die H\u00f6hle der L\u00f6wen Schweiz\" and hope for a deal.","breadcrumb":{"@id":"https:\/\/www.organisator.ch\/management\/2022-09-14\/44-startups-bei-der-vierten-staffel-von-die-hoehle-der-loewen-schweiz\/#breadcrumb"},"inLanguage":"en-US","potentialAction":[{"@type":"ReadAction","target":["https:\/\/www.organisator.ch\/management\/2022-09-14\/44-startups-bei-der-vierten-staffel-von-die-hoehle-der-loewen-schweiz\/"]}]},{"@type":"ImageObject","inLanguage":"en-US","@id":"https:\/\/www.organisator.ch\/management\/2022-09-14\/44-startups-bei-der-vierten-staffel-von-die-hoehle-der-loewen-schweiz\/#primaryimage","url":"https:\/\/www.organisator.ch\/wp-content\/uploads\/2022\/09\/44-Startups-bei-der-vierten-Staffel-von-Die-Hohle-der-Lowen-Schweiz_Organisator.jpg","contentUrl":"https:\/\/www.organisator.ch\/wp-content\/uploads\/2022\/09\/44-Startups-bei-der-vierten-Staffel-von-Die-Hohle-der-Lowen-Schweiz_Organisator.jpg","width":680,"height":451,"caption":"Die Investoren bei \"Die H\u00f6hle der L\u00f6wen Schweiz\" (v.l.n.r.): J\u00fcrg Schwarzenbach, Lukas Speiser, Anja Graf, Tobias Reichmuth, Bettina Hein, Patrick Mollet und Roland Brack. (Bild: \u00a9CH Media)"},{"@type":"BreadcrumbList","@id":"https:\/\/www.organisator.ch\/management\/2022-09-14\/44-startups-bei-der-vierten-staffel-von-die-hoehle-der-loewen-schweiz\/#breadcrumb","itemListElement":[{"@type":"ListItem","position":1,"name":"Home","item":"https:\/\/www.organisator.ch\/"},{"@type":"ListItem","position":2,"name":"44 Startups bei der vierten Staffel von &#8222;Die H\u00f6hle der L\u00f6wen Schweiz&#8220;"}]},{"@type":"WebSite","@id":"https:\/\/www.organisator.ch\/#website","url":"https:\/\/www.organisator.ch\/","name":"Organizer","description":"Competent. Practical. In 10 issues per year, ORGANISATOR presents the essential topics for managers of SMEs.","publisher":{"@id":"https:\/\/www.organisator.ch\/#organization"},"potentialAction":[{"@type":"SearchAction","target":{"@type":"EntryPoint","urlTemplate":"https:\/\/www.organisator.ch\/?s={search_term_string}"},"query-input":{"@type":"PropertyValueSpecification","valueRequired":true,"valueName":"search_term_string"}}],"inLanguage":"en-US"},{"@type":"Organization","@id":"https:\/\/www.organisator.ch\/#organization","name":"Organizer","url":"https:\/\/www.organisator.ch\/","logo":{"@type":"ImageObject","inLanguage":"en-US","@id":"https:\/\/www.organisator.ch\/#\/schema\/logo\/image\/","url":"https:\/\/www.organisator.ch\/wp-content\/uploads\/2022\/01\/Logo_Organisator_Website.png","contentUrl":"https:\/\/www.organisator.ch\/wp-content\/uploads\/2022\/01\/Logo_Organisator_Website.png","width":800,"height":77,"caption":"Organisator"},"image":{"@id":"https:\/\/www.organisator.ch\/#\/schema\/logo\/image\/"},"sameAs":["https:\/\/www.facebook.com\/OrganisatorFachmagazin","https:\/\/www.linkedin.com\/showcase\/organisator-das-magazin-fr-kmu","https:\/\/www.xing.com\/news\/pages\/organisator-ch-695","https:\/\/www.youtube.com\/channel\/UCGP2Sq0iWaZwT3BdIAQFYpw"]},{"@type":"Person","@id":"https:\/\/www.organisator.ch\/#\/schema\/person\/6f650f90b2842cd4c0cc334b4e36f67e","name":"thomas.berner","image":{"@type":"ImageObject","inLanguage":"en-US","@id":"https:\/\/secure.gravatar.com\/avatar\/ac5001d2a36cb6c6cd3e50789007ffca834b477b74a2144564522e944eabff61?s=96&d=mm&r=g","url":"https:\/\/secure.gravatar.com\/avatar\/ac5001d2a36cb6c6cd3e50789007ffca834b477b74a2144564522e944eabff61?s=96&d=mm&r=g","contentUrl":"https:\/\/secure.gravatar.com\/avatar\/ac5001d2a36cb6c6cd3e50789007ffca834b477b74a2144564522e944eabff61?s=96&d=mm&r=g","caption":"thomas.berner"},"url":"https:\/\/www.organisator.ch\/en\/author\/thomas-berner\/"}]}},"_links":{"self":[{"href":"https:\/\/www.organisator.ch\/en\/wp-json\/wp\/v2\/posts\/16928","targetHints":{"allow":["GET"]}}],"collection":[{"href":"https:\/\/www.organisator.ch\/en\/wp-json\/wp\/v2\/posts"}],"about":[{"href":"https:\/\/www.organisator.ch\/en\/wp-json\/wp\/v2\/types\/post"}],"author":[{"embeddable":true,"href":"https:\/\/www.organisator.ch\/en\/wp-json\/wp\/v2\/users\/4"}],"replies":[{"embeddable":true,"href":"https:\/\/www.organisator.ch\/en\/wp-json\/wp\/v2\/comments?post=16928"}],"version-history":[{"count":1,"href":"https:\/\/www.organisator.ch\/en\/wp-json\/wp\/v2\/posts\/16928\/revisions"}],"predecessor-version":[{"id":16930,"href":"https:\/\/www.organisator.ch\/en\/wp-json\/wp\/v2\/posts\/16928\/revisions\/16930"}],"wp:featuredmedia":[{"embeddable":true,"href":"https:\/\/www.organisator.ch\/en\/wp-json\/wp\/v2\/media\/16929"}],"wp:attachment":[{"href":"https:\/\/www.organisator.ch\/en\/wp-json\/wp\/v2\/media?parent=16928"}],"wp:term":[{"taxonomy":"category","embeddable":true,"href":"https:\/\/www.organisator.ch\/en\/wp-json\/wp\/v2\/categories?post=16928"},{"taxonomy":"post_tag","embeddable":true,"href":"https:\/\/www.organisator.ch\/en\/wp-json\/wp\/v2\/tags?post=16928"}],"curies":[{"name":"wp","href":"https:\/\/api.w.org\/{rel}","templated":true}]}}