{"id":16933,"date":"2022-09-14T16:51:52","date_gmt":"2022-09-14T14:51:52","guid":{"rendered":"https:\/\/www.m-q.ch\/?p=16886"},"modified":"2024-11-22T06:32:41","modified_gmt":"2024-11-22T05:32:41","slug":"ohne-sichere-energieversorgung-gibt-es-keine-it-sicherheit","status":"publish","type":"post","link":"https:\/\/www.organisator.ch\/en\/operational-excellence\/2022-09-14\/ohne-sichere-energieversorgung-gibt-es-keine-it-sicherheit\/","title":{"rendered":"Without a secure energy supply, there is no IT security"},"content":{"rendered":"<figure id=\"attachment_16887\" class=\"wp-caption alignnone\" style=\"width: 680px\" aria-describedby=\"caption-attachment-16887\"><img class=\"alignnone wp-image-16887 size-full\" src=\"https:\/\/www.m-q.ch\/wp-content\/uploads\/2022\/09\/Ohne-sichere-Energieversorgung-gibt-es-keine-IT-Sicherheit-_MQ.jpg\" alt=\"IT resilience\" width=\"680\" height=\"510\" \/>\r\n<figcaption id=\"caption-attachment-16887\" class=\"wp-caption-text\">Andrea W\u00f6rrlein is managing director of VNC in Berlin and member of the board of directors of VNC AG in Zug. VNC is a global software company that develops open source-based applications for communication and collaboration in large enterprises. (Source: VNC)<\/figcaption>\r\n<\/figure>\r\n<p>Empty pipelines in the east and idle nuclear plants in the west, for example in France, are causing horrendously rising prices and massive supply bottlenecks. This not only jeopardizes the energy supply of IT and thus IT security as a whole, but also the vital interests of our society as a whole. Societies with a high level of digitalization maturity are hanging on the umbilical cord of IT. We have long since crossed this \"virtual\" line. And IT, in turn, hangs on the drip of a smooth energy supply. Large parts of our economy, our infrastructure and our social services are unable to function without stable IT support. And IT needs power from the socket - whether we like it or not. IT security must therefore be thought of first and foremost as IT resilience. And the conditions for this are currently very poor.<\/p>\r\n<h3><strong>IT networks depend on supply networks<\/strong><\/h3>\r\n<p>Instead of blue-eyed voluntarism and tactical mirror fencing, we need strategic foresight, geopolitical sobriety, concentration on what is necessary and a complete renunciation of ideological blinkers. One thing is clear: The events of the last few weeks have shown us how much our society, based on the division of labor, depends on a secure energy supply. We have always known this, but we have been very successful in suppressing it. And there was no reason to burden ourselves with this unpleasant certainty in boom times. But now it's payday and the bill is being served. Right at the top, it lists the dependencies we have entered into with IT and the digitization of all areas of life for our livelihoods. What happens in a digitized warehouse if the IT control system fails? Just try to access a high rack without a robot. Nothing can be done manually. Even if, for example, urgently needed spare parts for pipeline pumps were stored there, we wouldn't be able to find and access them. What happens in hospitals, waterworks or waste disposal companies without secure, i.e. simply running IT? The list could be continued indefinitely. Critical infrastructures are more or less digitized. Without functioning IT, they will have to cease operations just like value-added businesses with hundreds of thousands of jobs. A bleak picture, admittedly, but with a not inconsiderable probability factor.<\/p>\r\n<h3><strong>An end to daydreaming<\/strong><\/h3>\r\n<p>IT security therefore means first and foremost security of supply. In our euphoria about digitization, we took this for granted. But this na\u00efve optimism has come to nothing. The more digitized modern societies become, the more they hang on to the energy-hungry IT umbilical cord. Digitized functions, however, cannot be replaced by manual intervention. This is conceptually intended and correct within the digital logic. But woe betide us if the energy supply is missing. In 1973, we were still able to have a car-free Sunday. In 2022, an IT-free weekend? Absurd. Even seemingly mundane activities like milking or refueling would no longer be possible. The idealizing notion of the reversibility of technological developments turns out to be a romantic illusion in the case of IT and digitization as well. Instead of dreaming of a roll-back, it must be given a more stable foundation. IT resilience starts with the conveyor systems and pipelines, the wind turbines and solar plants, the power plants and supply networks. And this fundamental form of IT security urgently needs to get to the top of the to-do agenda.<\/p>\r\n<p><em><strong>Author:<\/strong><br \/>\r\n<\/em><em>Andrea W\u00f6rrlein is managing director of <a href=\"https:\/\/vnclagoon.com\/\">VNC<\/a> in Berlin and member of the board of directors of VNC AG in Zug.<\/em><\/p>\n<p class=\"syndicated-attribution\">This article originally appeared on m-q.ch - <a href=\"https:\/\/www.m-q.ch\/de\/ohne-sichere-energieversorgung-gibt-es-keine-it-sicherheit\/\" target=\"_blank\">https:\/\/www.m-q.ch\/de\/ohne-sichere-energieversorgung-gibt-es-keine-it-sicherheit\/<\/a><\/p>","protected":false},"excerpt":{"rendered":"<p>Leere Pipelines im Osten und stillstehende Atomanlagen im Westen, beispielsweise in Frankreich, sorgen f\u00fcr horrend steigende Preise und massive Versorgungsengp\u00e4sse. Damit ist nicht nur die Energieversorgung der IT und damit die IT-Sicherheit insgesamt in Gefahr, sondern vitale Interessen unseres Gemeinwesens an sich. Gesellschaften mit hoher Digitalisierungsreife h\u00e4ngen an der Nabelschnur der IT. Diese \u201evirtuelle\u201c Grenze [\u2026]<\/p>\n","protected":false},"author":8,"featured_media":0,"comment_status":"closed","ping_status":"closed","sticky":false,"template":"","format":"standard","meta":{"_acf_changed":false,"_yoast_wpseo_focuskw":"IT-Resilienz","_yoast_wpseo_metadesc":"Andrea W\u00f6rrlein: IT-Resilienz ist entscheidend. Energiekrise zeigt Abh\u00e4ngigkeit der IT von stabiler Energieversorgung.","articlekey":"","footnotes":""},"categories":[582],"tags":[],"class_list":["post-16933","post","type-post","status-publish","format-standard","hentry","category-operational-excellence"],"acf":[],"yoast_head":"<!-- This site is optimized with the Yoast SEO plugin v27.5 - https:\/\/yoast.com\/product\/yoast-seo-wordpress\/ -->\n<title>Ohne sichere Energieversorgung gibt es keine IT-Sicherheit - Organisator<\/title>\n<meta name=\"description\" content=\"Andrea W\u00f6rrlein: IT-Resilienz ist entscheidend. Energiekrise zeigt Abh\u00e4ngigkeit der IT von stabiler Energieversorgung.\" \/>\n<meta name=\"robots\" content=\"index, follow, max-snippet:-1, max-image-preview:large, max-video-preview:-1\" \/>\n<link rel=\"canonical\" href=\"https:\/\/www.organisator.ch\/en\/operational-excellence\/2022-09-14\/ohne-sichere-energieversorgung-gibt-es-keine-it-sicherheit\/\" \/>\n<meta property=\"og:locale\" content=\"en_US\" \/>\n<meta property=\"og:type\" content=\"article\" \/>\n<meta property=\"og:title\" content=\"Ohne sichere Energieversorgung gibt es keine IT-Sicherheit - Organisator\" \/>\n<meta property=\"og:description\" content=\"Andrea W\u00f6rrlein: IT-Resilienz ist entscheidend. Energiekrise zeigt Abh\u00e4ngigkeit der IT von stabiler Energieversorgung.\" \/>\n<meta property=\"og:url\" content=\"https:\/\/www.organisator.ch\/en\/operational-excellence\/2022-09-14\/ohne-sichere-energieversorgung-gibt-es-keine-it-sicherheit\/\" \/>\n<meta property=\"og:site_name\" content=\"Organisator\" \/>\n<meta property=\"article:publisher\" content=\"https:\/\/www.facebook.com\/OrganisatorFachmagazin\" \/>\n<meta property=\"article:published_time\" content=\"2022-09-14T14:51:52+00:00\" \/>\n<meta property=\"article:modified_time\" content=\"2024-11-22T05:32:41+00:00\" \/>\n<meta name=\"author\" content=\"galledia\" \/>\n<meta name=\"twitter:card\" content=\"summary_large_image\" \/>\n<meta name=\"twitter:creator\" content=\"@admin\" \/>\n<script type=\"application\/ld+json\" class=\"yoast-schema-graph\">{\"@context\":\"https:\\\/\\\/schema.org\",\"@graph\":[{\"@type\":\"Article\",\"@id\":\"https:\\\/\\\/www.organisator.ch\\\/operational-excellence\\\/2022-09-14\\\/ohne-sichere-energieversorgung-gibt-es-keine-it-sicherheit\\\/#article\",\"isPartOf\":{\"@id\":\"https:\\\/\\\/www.organisator.ch\\\/operational-excellence\\\/2022-09-14\\\/ohne-sichere-energieversorgung-gibt-es-keine-it-sicherheit\\\/\"},\"author\":{\"name\":\"galledia\",\"@id\":\"https:\\\/\\\/www.organisator.ch\\\/#\\\/schema\\\/person\\\/4e51799071cd2dd1232ac003643ef5f0\"},\"headline\":\"Ohne sichere Energieversorgung gibt es keine IT-Sicherheit\",\"datePublished\":\"2022-09-14T14:51:52+00:00\",\"dateModified\":\"2024-11-22T05:32:41+00:00\",\"mainEntityOfPage\":{\"@id\":\"https:\\\/\\\/www.organisator.ch\\\/operational-excellence\\\/2022-09-14\\\/ohne-sichere-energieversorgung-gibt-es-keine-it-sicherheit\\\/\"},\"wordCount\":576,\"publisher\":{\"@id\":\"https:\\\/\\\/www.organisator.ch\\\/#organization\"},\"image\":{\"@id\":\"https:\\\/\\\/www.organisator.ch\\\/operational-excellence\\\/2022-09-14\\\/ohne-sichere-energieversorgung-gibt-es-keine-it-sicherheit\\\/#primaryimage\"},\"thumbnailUrl\":\"https:\\\/\\\/www.m-q.ch\\\/wp-content\\\/uploads\\\/2022\\\/09\\\/Ohne-sichere-Energieversorgung-gibt-es-keine-IT-Sicherheit-_MQ.jpg\",\"articleSection\":[\"OPERATIONAL EXCELLENCE\"],\"inLanguage\":\"en-US\"},{\"@type\":\"WebPage\",\"@id\":\"https:\\\/\\\/www.organisator.ch\\\/operational-excellence\\\/2022-09-14\\\/ohne-sichere-energieversorgung-gibt-es-keine-it-sicherheit\\\/\",\"url\":\"https:\\\/\\\/www.organisator.ch\\\/operational-excellence\\\/2022-09-14\\\/ohne-sichere-energieversorgung-gibt-es-keine-it-sicherheit\\\/\",\"name\":\"Ohne sichere Energieversorgung gibt es keine IT-Sicherheit - Organisator\",\"isPartOf\":{\"@id\":\"https:\\\/\\\/www.organisator.ch\\\/#website\"},\"primaryImageOfPage\":{\"@id\":\"https:\\\/\\\/www.organisator.ch\\\/operational-excellence\\\/2022-09-14\\\/ohne-sichere-energieversorgung-gibt-es-keine-it-sicherheit\\\/#primaryimage\"},\"image\":{\"@id\":\"https:\\\/\\\/www.organisator.ch\\\/operational-excellence\\\/2022-09-14\\\/ohne-sichere-energieversorgung-gibt-es-keine-it-sicherheit\\\/#primaryimage\"},\"thumbnailUrl\":\"https:\\\/\\\/www.m-q.ch\\\/wp-content\\\/uploads\\\/2022\\\/09\\\/Ohne-sichere-Energieversorgung-gibt-es-keine-IT-Sicherheit-_MQ.jpg\",\"datePublished\":\"2022-09-14T14:51:52+00:00\",\"dateModified\":\"2024-11-22T05:32:41+00:00\",\"description\":\"Andrea W\u00f6rrlein: IT-Resilienz ist entscheidend. Energiekrise zeigt Abh\u00e4ngigkeit der IT von stabiler Energieversorgung.\",\"breadcrumb\":{\"@id\":\"https:\\\/\\\/www.organisator.ch\\\/operational-excellence\\\/2022-09-14\\\/ohne-sichere-energieversorgung-gibt-es-keine-it-sicherheit\\\/#breadcrumb\"},\"inLanguage\":\"en-US\",\"potentialAction\":[{\"@type\":\"ReadAction\",\"target\":[\"https:\\\/\\\/www.organisator.ch\\\/operational-excellence\\\/2022-09-14\\\/ohne-sichere-energieversorgung-gibt-es-keine-it-sicherheit\\\/\"]}]},{\"@type\":\"ImageObject\",\"inLanguage\":\"en-US\",\"@id\":\"https:\\\/\\\/www.organisator.ch\\\/operational-excellence\\\/2022-09-14\\\/ohne-sichere-energieversorgung-gibt-es-keine-it-sicherheit\\\/#primaryimage\",\"url\":\"https:\\\/\\\/www.m-q.ch\\\/wp-content\\\/uploads\\\/2022\\\/09\\\/Ohne-sichere-Energieversorgung-gibt-es-keine-IT-Sicherheit-_MQ.jpg\",\"contentUrl\":\"https:\\\/\\\/www.m-q.ch\\\/wp-content\\\/uploads\\\/2022\\\/09\\\/Ohne-sichere-Energieversorgung-gibt-es-keine-IT-Sicherheit-_MQ.jpg\"},{\"@type\":\"BreadcrumbList\",\"@id\":\"https:\\\/\\\/www.organisator.ch\\\/operational-excellence\\\/2022-09-14\\\/ohne-sichere-energieversorgung-gibt-es-keine-it-sicherheit\\\/#breadcrumb\",\"itemListElement\":[{\"@type\":\"ListItem\",\"position\":1,\"name\":\"Home\",\"item\":\"https:\\\/\\\/www.organisator.ch\\\/\"},{\"@type\":\"ListItem\",\"position\":2,\"name\":\"Ohne sichere Energieversorgung gibt es keine IT-Sicherheit\"}]},{\"@type\":\"WebSite\",\"@id\":\"https:\\\/\\\/www.organisator.ch\\\/#website\",\"url\":\"https:\\\/\\\/www.organisator.ch\\\/\",\"name\":\"Organisator\",\"description\":\"Kompetent. Praxisnah. Der ORGANISATOR bereitet in 10 Ausgaben pro Jahr die wesentlichen Themen f\u00fcr F\u00fchrungskr\u00e4fte von KMU auf.\",\"publisher\":{\"@id\":\"https:\\\/\\\/www.organisator.ch\\\/#organization\"},\"potentialAction\":[{\"@type\":\"SearchAction\",\"target\":{\"@type\":\"EntryPoint\",\"urlTemplate\":\"https:\\\/\\\/www.organisator.ch\\\/?s={search_term_string}\"},\"query-input\":{\"@type\":\"PropertyValueSpecification\",\"valueRequired\":true,\"valueName\":\"search_term_string\"}}],\"inLanguage\":\"en-US\"},{\"@type\":\"Organization\",\"@id\":\"https:\\\/\\\/www.organisator.ch\\\/#organization\",\"name\":\"Organisator\",\"url\":\"https:\\\/\\\/www.organisator.ch\\\/\",\"logo\":{\"@type\":\"ImageObject\",\"inLanguage\":\"en-US\",\"@id\":\"https:\\\/\\\/www.organisator.ch\\\/#\\\/schema\\\/logo\\\/image\\\/\",\"url\":\"https:\\\/\\\/www.organisator.ch\\\/wp-content\\\/uploads\\\/2022\\\/01\\\/Logo_Organisator_Website.png\",\"contentUrl\":\"https:\\\/\\\/www.organisator.ch\\\/wp-content\\\/uploads\\\/2022\\\/01\\\/Logo_Organisator_Website.png\",\"width\":800,\"height\":77,\"caption\":\"Organisator\"},\"image\":{\"@id\":\"https:\\\/\\\/www.organisator.ch\\\/#\\\/schema\\\/logo\\\/image\\\/\"},\"sameAs\":[\"https:\\\/\\\/www.facebook.com\\\/OrganisatorFachmagazin\",\"https:\\\/\\\/www.linkedin.com\\\/showcase\\\/organisator-das-magazin-fr-kmu\",\"https:\\\/\\\/www.xing.com\\\/news\\\/pages\\\/organisator-ch-695\",\"https:\\\/\\\/www.youtube.com\\\/channel\\\/UCGP2Sq0iWaZwT3BdIAQFYpw\"]},{\"@type\":\"Person\",\"@id\":\"https:\\\/\\\/www.organisator.ch\\\/#\\\/schema\\\/person\\\/4e51799071cd2dd1232ac003643ef5f0\",\"name\":\"galledia\",\"image\":{\"@type\":\"ImageObject\",\"inLanguage\":\"en-US\",\"@id\":\"https:\\\/\\\/secure.gravatar.com\\\/avatar\\\/78a7f90c01fc2bfc875782a0d4922b37cde2cf184ce347b91316d23cd7f69a36?s=96&d=mm&r=g\",\"url\":\"https:\\\/\\\/secure.gravatar.com\\\/avatar\\\/78a7f90c01fc2bfc875782a0d4922b37cde2cf184ce347b91316d23cd7f69a36?s=96&d=mm&r=g\",\"contentUrl\":\"https:\\\/\\\/secure.gravatar.com\\\/avatar\\\/78a7f90c01fc2bfc875782a0d4922b37cde2cf184ce347b91316d23cd7f69a36?s=96&d=mm&r=g\",\"caption\":\"galledia\"},\"sameAs\":[\"https:\\\/\\\/x.com\\\/admin\"],\"url\":\"https:\\\/\\\/www.organisator.ch\\\/en\\\/author\\\/galledia\\\/\"}]}<\/script>\n<!-- \/ Yoast SEO plugin. -->","yoast_head_json":{"title":"Without secure energy supply there is no IT security - Organizer","description":"Andrea W\u00f6rrlein: IT resilience is crucial. Energy crisis shows IT's dependence on a stable energy supply.","robots":{"index":"index","follow":"follow","max-snippet":"max-snippet:-1","max-image-preview":"max-image-preview:large","max-video-preview":"max-video-preview:-1"},"canonical":"https:\/\/www.organisator.ch\/en\/operational-excellence\/2022-09-14\/ohne-sichere-energieversorgung-gibt-es-keine-it-sicherheit\/","og_locale":"en_US","og_type":"article","og_title":"Ohne sichere Energieversorgung gibt es keine IT-Sicherheit - Organisator","og_description":"Andrea W\u00f6rrlein: IT-Resilienz ist entscheidend. Energiekrise zeigt Abh\u00e4ngigkeit der IT von stabiler Energieversorgung.","og_url":"https:\/\/www.organisator.ch\/en\/operational-excellence\/2022-09-14\/ohne-sichere-energieversorgung-gibt-es-keine-it-sicherheit\/","og_site_name":"Organisator","article_publisher":"https:\/\/www.facebook.com\/OrganisatorFachmagazin","article_published_time":"2022-09-14T14:51:52+00:00","article_modified_time":"2024-11-22T05:32:41+00:00","author":"galledia","twitter_card":"summary_large_image","twitter_creator":"@admin","schema":{"@context":"https:\/\/schema.org","@graph":[{"@type":"Article","@id":"https:\/\/www.organisator.ch\/operational-excellence\/2022-09-14\/ohne-sichere-energieversorgung-gibt-es-keine-it-sicherheit\/#article","isPartOf":{"@id":"https:\/\/www.organisator.ch\/operational-excellence\/2022-09-14\/ohne-sichere-energieversorgung-gibt-es-keine-it-sicherheit\/"},"author":{"name":"galledia","@id":"https:\/\/www.organisator.ch\/#\/schema\/person\/4e51799071cd2dd1232ac003643ef5f0"},"headline":"Ohne sichere Energieversorgung gibt es keine IT-Sicherheit","datePublished":"2022-09-14T14:51:52+00:00","dateModified":"2024-11-22T05:32:41+00:00","mainEntityOfPage":{"@id":"https:\/\/www.organisator.ch\/operational-excellence\/2022-09-14\/ohne-sichere-energieversorgung-gibt-es-keine-it-sicherheit\/"},"wordCount":576,"publisher":{"@id":"https:\/\/www.organisator.ch\/#organization"},"image":{"@id":"https:\/\/www.organisator.ch\/operational-excellence\/2022-09-14\/ohne-sichere-energieversorgung-gibt-es-keine-it-sicherheit\/#primaryimage"},"thumbnailUrl":"https:\/\/www.m-q.ch\/wp-content\/uploads\/2022\/09\/Ohne-sichere-Energieversorgung-gibt-es-keine-IT-Sicherheit-_MQ.jpg","articleSection":["OPERATIONAL EXCELLENCE"],"inLanguage":"en-US"},{"@type":"WebPage","@id":"https:\/\/www.organisator.ch\/operational-excellence\/2022-09-14\/ohne-sichere-energieversorgung-gibt-es-keine-it-sicherheit\/","url":"https:\/\/www.organisator.ch\/operational-excellence\/2022-09-14\/ohne-sichere-energieversorgung-gibt-es-keine-it-sicherheit\/","name":"Without secure energy supply there is no IT security - Organizer","isPartOf":{"@id":"https:\/\/www.organisator.ch\/#website"},"primaryImageOfPage":{"@id":"https:\/\/www.organisator.ch\/operational-excellence\/2022-09-14\/ohne-sichere-energieversorgung-gibt-es-keine-it-sicherheit\/#primaryimage"},"image":{"@id":"https:\/\/www.organisator.ch\/operational-excellence\/2022-09-14\/ohne-sichere-energieversorgung-gibt-es-keine-it-sicherheit\/#primaryimage"},"thumbnailUrl":"https:\/\/www.m-q.ch\/wp-content\/uploads\/2022\/09\/Ohne-sichere-Energieversorgung-gibt-es-keine-IT-Sicherheit-_MQ.jpg","datePublished":"2022-09-14T14:51:52+00:00","dateModified":"2024-11-22T05:32:41+00:00","description":"Andrea W\u00f6rrlein: IT resilience is crucial. Energy crisis shows IT's dependence on a stable energy supply.","breadcrumb":{"@id":"https:\/\/www.organisator.ch\/operational-excellence\/2022-09-14\/ohne-sichere-energieversorgung-gibt-es-keine-it-sicherheit\/#breadcrumb"},"inLanguage":"en-US","potentialAction":[{"@type":"ReadAction","target":["https:\/\/www.organisator.ch\/operational-excellence\/2022-09-14\/ohne-sichere-energieversorgung-gibt-es-keine-it-sicherheit\/"]}]},{"@type":"ImageObject","inLanguage":"en-US","@id":"https:\/\/www.organisator.ch\/operational-excellence\/2022-09-14\/ohne-sichere-energieversorgung-gibt-es-keine-it-sicherheit\/#primaryimage","url":"https:\/\/www.m-q.ch\/wp-content\/uploads\/2022\/09\/Ohne-sichere-Energieversorgung-gibt-es-keine-IT-Sicherheit-_MQ.jpg","contentUrl":"https:\/\/www.m-q.ch\/wp-content\/uploads\/2022\/09\/Ohne-sichere-Energieversorgung-gibt-es-keine-IT-Sicherheit-_MQ.jpg"},{"@type":"BreadcrumbList","@id":"https:\/\/www.organisator.ch\/operational-excellence\/2022-09-14\/ohne-sichere-energieversorgung-gibt-es-keine-it-sicherheit\/#breadcrumb","itemListElement":[{"@type":"ListItem","position":1,"name":"Home","item":"https:\/\/www.organisator.ch\/"},{"@type":"ListItem","position":2,"name":"Ohne sichere Energieversorgung gibt es keine IT-Sicherheit"}]},{"@type":"WebSite","@id":"https:\/\/www.organisator.ch\/#website","url":"https:\/\/www.organisator.ch\/","name":"Organizer","description":"Competent. Practical. In 10 issues per year, ORGANISATOR presents the essential topics for managers of SMEs.","publisher":{"@id":"https:\/\/www.organisator.ch\/#organization"},"potentialAction":[{"@type":"SearchAction","target":{"@type":"EntryPoint","urlTemplate":"https:\/\/www.organisator.ch\/?s={search_term_string}"},"query-input":{"@type":"PropertyValueSpecification","valueRequired":true,"valueName":"search_term_string"}}],"inLanguage":"en-US"},{"@type":"Organization","@id":"https:\/\/www.organisator.ch\/#organization","name":"Organizer","url":"https:\/\/www.organisator.ch\/","logo":{"@type":"ImageObject","inLanguage":"en-US","@id":"https:\/\/www.organisator.ch\/#\/schema\/logo\/image\/","url":"https:\/\/www.organisator.ch\/wp-content\/uploads\/2022\/01\/Logo_Organisator_Website.png","contentUrl":"https:\/\/www.organisator.ch\/wp-content\/uploads\/2022\/01\/Logo_Organisator_Website.png","width":800,"height":77,"caption":"Organisator"},"image":{"@id":"https:\/\/www.organisator.ch\/#\/schema\/logo\/image\/"},"sameAs":["https:\/\/www.facebook.com\/OrganisatorFachmagazin","https:\/\/www.linkedin.com\/showcase\/organisator-das-magazin-fr-kmu","https:\/\/www.xing.com\/news\/pages\/organisator-ch-695","https:\/\/www.youtube.com\/channel\/UCGP2Sq0iWaZwT3BdIAQFYpw"]},{"@type":"Person","@id":"https:\/\/www.organisator.ch\/#\/schema\/person\/4e51799071cd2dd1232ac003643ef5f0","name":"galledia","image":{"@type":"ImageObject","inLanguage":"en-US","@id":"https:\/\/secure.gravatar.com\/avatar\/78a7f90c01fc2bfc875782a0d4922b37cde2cf184ce347b91316d23cd7f69a36?s=96&d=mm&r=g","url":"https:\/\/secure.gravatar.com\/avatar\/78a7f90c01fc2bfc875782a0d4922b37cde2cf184ce347b91316d23cd7f69a36?s=96&d=mm&r=g","contentUrl":"https:\/\/secure.gravatar.com\/avatar\/78a7f90c01fc2bfc875782a0d4922b37cde2cf184ce347b91316d23cd7f69a36?s=96&d=mm&r=g","caption":"galledia"},"sameAs":["https:\/\/x.com\/admin"],"url":"https:\/\/www.organisator.ch\/en\/author\/galledia\/"}]}},"_links":{"self":[{"href":"https:\/\/www.organisator.ch\/en\/wp-json\/wp\/v2\/posts\/16933","targetHints":{"allow":["GET"]}}],"collection":[{"href":"https:\/\/www.organisator.ch\/en\/wp-json\/wp\/v2\/posts"}],"about":[{"href":"https:\/\/www.organisator.ch\/en\/wp-json\/wp\/v2\/types\/post"}],"author":[{"embeddable":true,"href":"https:\/\/www.organisator.ch\/en\/wp-json\/wp\/v2\/users\/8"}],"replies":[{"embeddable":true,"href":"https:\/\/www.organisator.ch\/en\/wp-json\/wp\/v2\/comments?post=16933"}],"version-history":[{"count":3,"href":"https:\/\/www.organisator.ch\/en\/wp-json\/wp\/v2\/posts\/16933\/revisions"}],"predecessor-version":[{"id":33807,"href":"https:\/\/www.organisator.ch\/en\/wp-json\/wp\/v2\/posts\/16933\/revisions\/33807"}],"wp:attachment":[{"href":"https:\/\/www.organisator.ch\/en\/wp-json\/wp\/v2\/media?parent=16933"}],"wp:term":[{"taxonomy":"category","embeddable":true,"href":"https:\/\/www.organisator.ch\/en\/wp-json\/wp\/v2\/categories?post=16933"},{"taxonomy":"post_tag","embeddable":true,"href":"https:\/\/www.organisator.ch\/en\/wp-json\/wp\/v2\/tags?post=16933"}],"curies":[{"name":"wp","href":"https:\/\/api.w.org\/{rel}","templated":true}]}}