{"id":16966,"date":"2022-09-19T14:28:42","date_gmt":"2022-09-19T12:28:42","guid":{"rendered":"https:\/\/www.organisator.ch\/?p=16966"},"modified":"2022-09-19T14:28:42","modified_gmt":"2022-09-19T12:28:42","slug":"weiterbildung-zum-e-commerce-spezialist-neue-karrierechance","status":"publish","type":"post","link":"https:\/\/www.organisator.ch\/en\/weiterbildung\/2022-09-19\/weiterbildung-zum-e-commerce-spezialist-neue-karrierechance\/","title":{"rendered":"Further training to become an e-commerce specialist: New career opportunity"},"content":{"rendered":"<figure id=\"attachment_16967\" aria-describedby=\"caption-attachment-16967\" style=\"width: 680px\" class=\"wp-caption alignnone\"><img loading=\"lazy\" decoding=\"async\" class=\"size-full wp-image-16967\" src=\"https:\/\/www.organisator.ch\/wp-content\/uploads\/2022\/09\/Weiterbildung-zum-E-Commerce-Spezialist-Neue-Karrierechance_Organisator.jpg\" alt=\"\" width=\"680\" height=\"453\" srcset=\"https:\/\/www.organisator.ch\/wp-content\/uploads\/2022\/09\/Weiterbildung-zum-E-Commerce-Spezialist-Neue-Karrierechance_Organisator.jpg 680w, https:\/\/www.organisator.ch\/wp-content\/uploads\/2022\/09\/Weiterbildung-zum-E-Commerce-Spezialist-Neue-Karrierechance_Organisator-18x12.jpg 18w, https:\/\/www.organisator.ch\/wp-content\/uploads\/2022\/09\/Weiterbildung-zum-E-Commerce-Spezialist-Neue-Karrierechance_Organisator-263x175.jpg 263w, https:\/\/www.organisator.ch\/wp-content\/uploads\/2022\/09\/Weiterbildung-zum-E-Commerce-Spezialist-Neue-Karrierechance_Organisator-525x350.jpg 525w, https:\/\/www.organisator.ch\/wp-content\/uploads\/2022\/09\/Weiterbildung-zum-E-Commerce-Spezialist-Neue-Karrierechance_Organisator-300x200.jpg 300w\" sizes=\"auto, (max-width: 680px) 100vw, 680px\" \/><figcaption id=\"caption-attachment-16967\" class=\"wp-caption-text\">An e-commerce specialist builds online stores or digital platforms for selling products and services. (Image: Unsplash.com)<\/figcaption><\/figure>\n<p>Switzerland ranked sixth in European online trade in 2021, ahead of Germany, Belgium and France. This is shown in a ranking published by the Federal Statistical Office. According to the Statista portal, over 58 % of the world's population made an online purchase once a week in 2021. For Germans, this was only 42 %. Until recently, Switzerland was considered a laggard in e-commerce. It is now catching up. In 2021, online trade here grew by just under 10 %. Domestic e-commerce is also increasingly benefiting from this. While the Swiss ordered more and more goods online from abroad between 2010 and 2018, this share has been falling or stagnating since 2019. In 2021, Swiss e-commerce turned over a total of CHF 14.4 billion.<\/p>\n<h3><strong>More e-commerce in wholesale <\/strong><\/h3>\n<p>E-commerce is also becoming increasingly important in B2B. Ueli Stursberg, first secretary of Handel Schweiz and head of education, confirms this: \"Innovations in e-commerce are increasingly affecting trade between companies, such as in wholesale. Here we expect stronger growth. This is because the generation that now takes a seat in companies and makes decisions is used to online trade as a consumer. They demand similar standards from suppliers. That's why savvy professionals are in high demand.\"<\/p>\n<h3><strong>First federal degree as e-commerce specialist<\/strong><\/h3>\n<p>In recent years, employees in Swiss e-commerce have often had to expand their knowledge on the job. The industry has now launched a further training program at the federal vocational examination level. Candidates must have a basic education in retail, commercial or mediamatics and at least two years of professional experience. Other basic training courses are accepted. From autumn 2022, the first further training courses for e-commerce specialists can be attended, starting in the German-speaking part of Switzerland. Seven module examinations must be completed. The first degrees are expected to be awarded in 2024. The new federal diploma simplifies recruitment and careers in the growth market of e-commerce. The sponsors include ODA Education Retail Switzerland, Handelsverband.swiss, the association of e-commerce companies, and Dachverband Handel Schweiz. E-commerce specialists set up online stores or digital platforms to sell services or products. They also operate them and develop them further.<\/p>\n<p><em>Source: <a href=\"http:\/\/www.handel-schweiz.com\">Trade Switzerland<\/a><\/em><\/p>","protected":false},"excerpt":{"rendered":"<p>Im europ\u00e4ischen Onlinehandel lag die Schweiz im Jahr 2021 an sechster Stelle, vor Deutschland, Belgien und Frankreich. Das zeigt eine vom Bundesamt f\u00fcr Statistik publizierte Rangliste. Laut dem Portal Statista t\u00e4tigten im Jahr 2021 \u00fcber 58 % der Weltbev\u00f6lkerung einmal pro Woche einen Onlinekauf. Bei den Deutschen waren dies erst 42 %. Die Schweiz galt [&hellip;]<\/p>\n","protected":false},"author":4,"featured_media":16967,"comment_status":"closed","ping_status":"closed","sticky":false,"template":"","format":"standard","meta":{"_acf_changed":false,"_yoast_wpseo_focuskw":"E-Commerce Spezialist","_yoast_wpseo_metadesc":"Die frisch lancierte Weiterbildung E-Commerce Spezialist auf Stufe eidg. Berufspr\u00fcfung f\u00f6rdert Karrieren im Schweizer Onlinehandel.","articlekey":"","footnotes":""},"categories":[30],"tags":[62,163,294],"class_list":["post-16966","post","type-post","status-publish","format-standard","has-post-thumbnail","hentry","category-weiterbildung","tag-aus-weiterbildung","tag-e-commerce","tag-karriere"],"acf":[],"yoast_head":"<!-- This site is optimized with the Yoast SEO plugin v27.5 - https:\/\/yoast.com\/product\/yoast-seo-wordpress\/ -->\n<title>Weiterbildung zum E-Commerce Spezialist: Neue Karrierechance - Organisator<\/title>\n<meta name=\"description\" content=\"Die frisch lancierte Weiterbildung E-Commerce Spezialist auf Stufe eidg. Berufspr\u00fcfung f\u00f6rdert Karrieren im Schweizer Onlinehandel.\" \/>\n<meta name=\"robots\" content=\"index, follow, max-snippet:-1, max-image-preview:large, max-video-preview:-1\" \/>\n<link rel=\"canonical\" href=\"https:\/\/www.organisator.ch\/en\/further-education\/2022-09-19\/weiterbildung-zum-e-commerce-spezialist-neue-karrierechance\/\" \/>\n<meta property=\"og:locale\" content=\"en_US\" \/>\n<meta property=\"og:type\" content=\"article\" \/>\n<meta property=\"og:title\" content=\"Weiterbildung zum E-Commerce Spezialist: Neue Karrierechance\" \/>\n<meta property=\"og:description\" content=\"Die frisch lancierte Weiterbildung E-Commerce Spezialist auf Stufe eidg. Berufspr\u00fcfung f\u00f6rdert Karrieren im Schweizer Onlinehandel.\" \/>\n<meta property=\"og:url\" content=\"https:\/\/www.organisator.ch\/en\/further-education\/2022-09-19\/weiterbildung-zum-e-commerce-spezialist-neue-karrierechance\/\" \/>\n<meta property=\"og:site_name\" content=\"Organisator\" \/>\n<meta property=\"article:publisher\" content=\"https:\/\/www.facebook.com\/OrganisatorFachmagazin\" \/>\n<meta property=\"article:published_time\" content=\"2022-09-19T12:28:42+00:00\" \/>\n<meta property=\"og:image\" content=\"https:\/\/www.organisator.ch\/wp-content\/uploads\/2022\/09\/Weiterbildung-zum-E-Commerce-Spezialist-Neue-Karrierechance_Organisator.jpg\" \/>\n\t<meta property=\"og:image:width\" content=\"680\" \/>\n\t<meta property=\"og:image:height\" content=\"453\" \/>\n\t<meta property=\"og:image:type\" content=\"image\/jpeg\" \/>\n<meta name=\"author\" content=\"thomas.berner\" \/>\n<meta name=\"twitter:card\" content=\"summary_large_image\" \/>\n<meta name=\"twitter:title\" content=\"#Weiterbildung zum #E-Commerce Spezialist: Neue #Karrierechance\" \/>\n<meta name=\"twitter:description\" content=\"Die frisch lancierte #Weiterbildung #E-Commerce #Spezialist auf Stufe eidg. #Berufspr\u00fcfung f\u00f6rdert #Karrieren im Schweizer #Onlinehandel.\" \/>\n<meta name=\"twitter:image\" content=\"https:\/\/www.organisator.ch\/wp-content\/uploads\/2022\/09\/Weiterbildung-zum-E-Commerce-Spezialist-Neue-Karrierechance_Organisator.jpg\" \/>\n<script type=\"application\/ld+json\" class=\"yoast-schema-graph\">{\"@context\":\"https:\\\/\\\/schema.org\",\"@graph\":[{\"@type\":\"Article\",\"@id\":\"https:\\\/\\\/www.organisator.ch\\\/weiterbildung\\\/2022-09-19\\\/weiterbildung-zum-e-commerce-spezialist-neue-karrierechance\\\/#article\",\"isPartOf\":{\"@id\":\"https:\\\/\\\/www.organisator.ch\\\/weiterbildung\\\/2022-09-19\\\/weiterbildung-zum-e-commerce-spezialist-neue-karrierechance\\\/\"},\"author\":{\"name\":\"thomas.berner\",\"@id\":\"https:\\\/\\\/www.organisator.ch\\\/#\\\/schema\\\/person\\\/6f650f90b2842cd4c0cc334b4e36f67e\"},\"headline\":\"Weiterbildung zum E-Commerce Spezialist: Neue Karrierechance\",\"datePublished\":\"2022-09-19T12:28:42+00:00\",\"mainEntityOfPage\":{\"@id\":\"https:\\\/\\\/www.organisator.ch\\\/weiterbildung\\\/2022-09-19\\\/weiterbildung-zum-e-commerce-spezialist-neue-karrierechance\\\/\"},\"wordCount\":393,\"publisher\":{\"@id\":\"https:\\\/\\\/www.organisator.ch\\\/#organization\"},\"image\":{\"@id\":\"https:\\\/\\\/www.organisator.ch\\\/weiterbildung\\\/2022-09-19\\\/weiterbildung-zum-e-commerce-spezialist-neue-karrierechance\\\/#primaryimage\"},\"thumbnailUrl\":\"https:\\\/\\\/www.organisator.ch\\\/wp-content\\\/uploads\\\/2022\\\/09\\\/Weiterbildung-zum-E-Commerce-Spezialist-Neue-Karrierechance_Organisator.jpg\",\"keywords\":[\"Aus-\\\/Weiterbildung\",\"E-Commerce\",\"Karriere\"],\"articleSection\":[\"WEITERBILDUNG\"],\"inLanguage\":\"en-US\"},{\"@type\":\"WebPage\",\"@id\":\"https:\\\/\\\/www.organisator.ch\\\/weiterbildung\\\/2022-09-19\\\/weiterbildung-zum-e-commerce-spezialist-neue-karrierechance\\\/\",\"url\":\"https:\\\/\\\/www.organisator.ch\\\/weiterbildung\\\/2022-09-19\\\/weiterbildung-zum-e-commerce-spezialist-neue-karrierechance\\\/\",\"name\":\"Weiterbildung zum E-Commerce Spezialist: Neue Karrierechance - Organisator\",\"isPartOf\":{\"@id\":\"https:\\\/\\\/www.organisator.ch\\\/#website\"},\"primaryImageOfPage\":{\"@id\":\"https:\\\/\\\/www.organisator.ch\\\/weiterbildung\\\/2022-09-19\\\/weiterbildung-zum-e-commerce-spezialist-neue-karrierechance\\\/#primaryimage\"},\"image\":{\"@id\":\"https:\\\/\\\/www.organisator.ch\\\/weiterbildung\\\/2022-09-19\\\/weiterbildung-zum-e-commerce-spezialist-neue-karrierechance\\\/#primaryimage\"},\"thumbnailUrl\":\"https:\\\/\\\/www.organisator.ch\\\/wp-content\\\/uploads\\\/2022\\\/09\\\/Weiterbildung-zum-E-Commerce-Spezialist-Neue-Karrierechance_Organisator.jpg\",\"datePublished\":\"2022-09-19T12:28:42+00:00\",\"description\":\"Die frisch lancierte Weiterbildung E-Commerce Spezialist auf Stufe eidg. Berufspr\u00fcfung f\u00f6rdert Karrieren im Schweizer Onlinehandel.\",\"breadcrumb\":{\"@id\":\"https:\\\/\\\/www.organisator.ch\\\/weiterbildung\\\/2022-09-19\\\/weiterbildung-zum-e-commerce-spezialist-neue-karrierechance\\\/#breadcrumb\"},\"inLanguage\":\"en-US\",\"potentialAction\":[{\"@type\":\"ReadAction\",\"target\":[\"https:\\\/\\\/www.organisator.ch\\\/weiterbildung\\\/2022-09-19\\\/weiterbildung-zum-e-commerce-spezialist-neue-karrierechance\\\/\"]}]},{\"@type\":\"ImageObject\",\"inLanguage\":\"en-US\",\"@id\":\"https:\\\/\\\/www.organisator.ch\\\/weiterbildung\\\/2022-09-19\\\/weiterbildung-zum-e-commerce-spezialist-neue-karrierechance\\\/#primaryimage\",\"url\":\"https:\\\/\\\/www.organisator.ch\\\/wp-content\\\/uploads\\\/2022\\\/09\\\/Weiterbildung-zum-E-Commerce-Spezialist-Neue-Karrierechance_Organisator.jpg\",\"contentUrl\":\"https:\\\/\\\/www.organisator.ch\\\/wp-content\\\/uploads\\\/2022\\\/09\\\/Weiterbildung-zum-E-Commerce-Spezialist-Neue-Karrierechance_Organisator.jpg\",\"width\":680,\"height\":453,\"caption\":\"Eine E-Commerce Spezialistin (oder ein E-Commerce Spezialist) baut Onlineshops oder digitale Plattformen f\u00fcr den Verkauf von Produkten und Dienstleistungen auf. (Bild: Unsplash.com)\"},{\"@type\":\"BreadcrumbList\",\"@id\":\"https:\\\/\\\/www.organisator.ch\\\/weiterbildung\\\/2022-09-19\\\/weiterbildung-zum-e-commerce-spezialist-neue-karrierechance\\\/#breadcrumb\",\"itemListElement\":[{\"@type\":\"ListItem\",\"position\":1,\"name\":\"Home\",\"item\":\"https:\\\/\\\/www.organisator.ch\\\/\"},{\"@type\":\"ListItem\",\"position\":2,\"name\":\"Weiterbildung zum E-Commerce Spezialist: Neue Karrierechance\"}]},{\"@type\":\"WebSite\",\"@id\":\"https:\\\/\\\/www.organisator.ch\\\/#website\",\"url\":\"https:\\\/\\\/www.organisator.ch\\\/\",\"name\":\"Organisator\",\"description\":\"Kompetent. Praxisnah. Der ORGANISATOR bereitet in 10 Ausgaben pro Jahr die wesentlichen Themen f\u00fcr F\u00fchrungskr\u00e4fte von KMU auf.\",\"publisher\":{\"@id\":\"https:\\\/\\\/www.organisator.ch\\\/#organization\"},\"potentialAction\":[{\"@type\":\"SearchAction\",\"target\":{\"@type\":\"EntryPoint\",\"urlTemplate\":\"https:\\\/\\\/www.organisator.ch\\\/?s={search_term_string}\"},\"query-input\":{\"@type\":\"PropertyValueSpecification\",\"valueRequired\":true,\"valueName\":\"search_term_string\"}}],\"inLanguage\":\"en-US\"},{\"@type\":\"Organization\",\"@id\":\"https:\\\/\\\/www.organisator.ch\\\/#organization\",\"name\":\"Organisator\",\"url\":\"https:\\\/\\\/www.organisator.ch\\\/\",\"logo\":{\"@type\":\"ImageObject\",\"inLanguage\":\"en-US\",\"@id\":\"https:\\\/\\\/www.organisator.ch\\\/#\\\/schema\\\/logo\\\/image\\\/\",\"url\":\"https:\\\/\\\/www.organisator.ch\\\/wp-content\\\/uploads\\\/2022\\\/01\\\/Logo_Organisator_Website.png\",\"contentUrl\":\"https:\\\/\\\/www.organisator.ch\\\/wp-content\\\/uploads\\\/2022\\\/01\\\/Logo_Organisator_Website.png\",\"width\":800,\"height\":77,\"caption\":\"Organisator\"},\"image\":{\"@id\":\"https:\\\/\\\/www.organisator.ch\\\/#\\\/schema\\\/logo\\\/image\\\/\"},\"sameAs\":[\"https:\\\/\\\/www.facebook.com\\\/OrganisatorFachmagazin\",\"https:\\\/\\\/www.linkedin.com\\\/showcase\\\/organisator-das-magazin-fr-kmu\",\"https:\\\/\\\/www.xing.com\\\/news\\\/pages\\\/organisator-ch-695\",\"https:\\\/\\\/www.youtube.com\\\/channel\\\/UCGP2Sq0iWaZwT3BdIAQFYpw\"]},{\"@type\":\"Person\",\"@id\":\"https:\\\/\\\/www.organisator.ch\\\/#\\\/schema\\\/person\\\/6f650f90b2842cd4c0cc334b4e36f67e\",\"name\":\"thomas.berner\",\"image\":{\"@type\":\"ImageObject\",\"inLanguage\":\"en-US\",\"@id\":\"https:\\\/\\\/secure.gravatar.com\\\/avatar\\\/ac5001d2a36cb6c6cd3e50789007ffca834b477b74a2144564522e944eabff61?s=96&d=mm&r=g\",\"url\":\"https:\\\/\\\/secure.gravatar.com\\\/avatar\\\/ac5001d2a36cb6c6cd3e50789007ffca834b477b74a2144564522e944eabff61?s=96&d=mm&r=g\",\"contentUrl\":\"https:\\\/\\\/secure.gravatar.com\\\/avatar\\\/ac5001d2a36cb6c6cd3e50789007ffca834b477b74a2144564522e944eabff61?s=96&d=mm&r=g\",\"caption\":\"thomas.berner\"},\"url\":\"https:\\\/\\\/www.organisator.ch\\\/en\\\/author\\\/thomas-berner\\\/\"}]}<\/script>\n<!-- \/ Yoast SEO plugin. -->","yoast_head_json":{"title":"Continuing education to become an e-commerce specialist: New career opportunity - Organizer","description":"The freshly launched further education e-commerce specialist at the level of federal professional examination promotes careers in Swiss online trade.","robots":{"index":"index","follow":"follow","max-snippet":"max-snippet:-1","max-image-preview":"max-image-preview:large","max-video-preview":"max-video-preview:-1"},"canonical":"https:\/\/www.organisator.ch\/en\/further-education\/2022-09-19\/weiterbildung-zum-e-commerce-spezialist-neue-karrierechance\/","og_locale":"en_US","og_type":"article","og_title":"Weiterbildung zum E-Commerce Spezialist: Neue Karrierechance","og_description":"Die frisch lancierte Weiterbildung E-Commerce Spezialist auf Stufe eidg. Berufspr\u00fcfung f\u00f6rdert Karrieren im Schweizer Onlinehandel.","og_url":"https:\/\/www.organisator.ch\/en\/further-education\/2022-09-19\/weiterbildung-zum-e-commerce-spezialist-neue-karrierechance\/","og_site_name":"Organisator","article_publisher":"https:\/\/www.facebook.com\/OrganisatorFachmagazin","article_published_time":"2022-09-19T12:28:42+00:00","og_image":[{"width":680,"height":453,"url":"https:\/\/www.organisator.ch\/wp-content\/uploads\/2022\/09\/Weiterbildung-zum-E-Commerce-Spezialist-Neue-Karrierechance_Organisator.jpg","type":"image\/jpeg"}],"author":"thomas.berner","twitter_card":"summary_large_image","twitter_title":"#Weiterbildung zum #E-Commerce Spezialist: Neue #Karrierechance","twitter_description":"Die frisch lancierte #Weiterbildung #E-Commerce #Spezialist auf Stufe eidg. #Berufspr\u00fcfung f\u00f6rdert #Karrieren im Schweizer #Onlinehandel.","twitter_image":"https:\/\/www.organisator.ch\/wp-content\/uploads\/2022\/09\/Weiterbildung-zum-E-Commerce-Spezialist-Neue-Karrierechance_Organisator.jpg","schema":{"@context":"https:\/\/schema.org","@graph":[{"@type":"Article","@id":"https:\/\/www.organisator.ch\/weiterbildung\/2022-09-19\/weiterbildung-zum-e-commerce-spezialist-neue-karrierechance\/#article","isPartOf":{"@id":"https:\/\/www.organisator.ch\/weiterbildung\/2022-09-19\/weiterbildung-zum-e-commerce-spezialist-neue-karrierechance\/"},"author":{"name":"thomas.berner","@id":"https:\/\/www.organisator.ch\/#\/schema\/person\/6f650f90b2842cd4c0cc334b4e36f67e"},"headline":"Weiterbildung zum E-Commerce Spezialist: Neue Karrierechance","datePublished":"2022-09-19T12:28:42+00:00","mainEntityOfPage":{"@id":"https:\/\/www.organisator.ch\/weiterbildung\/2022-09-19\/weiterbildung-zum-e-commerce-spezialist-neue-karrierechance\/"},"wordCount":393,"publisher":{"@id":"https:\/\/www.organisator.ch\/#organization"},"image":{"@id":"https:\/\/www.organisator.ch\/weiterbildung\/2022-09-19\/weiterbildung-zum-e-commerce-spezialist-neue-karrierechance\/#primaryimage"},"thumbnailUrl":"https:\/\/www.organisator.ch\/wp-content\/uploads\/2022\/09\/Weiterbildung-zum-E-Commerce-Spezialist-Neue-Karrierechance_Organisator.jpg","keywords":["Aus-\/Weiterbildung","E-Commerce","Karriere"],"articleSection":["WEITERBILDUNG"],"inLanguage":"en-US"},{"@type":"WebPage","@id":"https:\/\/www.organisator.ch\/weiterbildung\/2022-09-19\/weiterbildung-zum-e-commerce-spezialist-neue-karrierechance\/","url":"https:\/\/www.organisator.ch\/weiterbildung\/2022-09-19\/weiterbildung-zum-e-commerce-spezialist-neue-karrierechance\/","name":"Continuing education to become an e-commerce specialist: New career opportunity - Organizer","isPartOf":{"@id":"https:\/\/www.organisator.ch\/#website"},"primaryImageOfPage":{"@id":"https:\/\/www.organisator.ch\/weiterbildung\/2022-09-19\/weiterbildung-zum-e-commerce-spezialist-neue-karrierechance\/#primaryimage"},"image":{"@id":"https:\/\/www.organisator.ch\/weiterbildung\/2022-09-19\/weiterbildung-zum-e-commerce-spezialist-neue-karrierechance\/#primaryimage"},"thumbnailUrl":"https:\/\/www.organisator.ch\/wp-content\/uploads\/2022\/09\/Weiterbildung-zum-E-Commerce-Spezialist-Neue-Karrierechance_Organisator.jpg","datePublished":"2022-09-19T12:28:42+00:00","description":"The freshly launched further education e-commerce specialist at the level of federal professional examination promotes careers in Swiss online trade.","breadcrumb":{"@id":"https:\/\/www.organisator.ch\/weiterbildung\/2022-09-19\/weiterbildung-zum-e-commerce-spezialist-neue-karrierechance\/#breadcrumb"},"inLanguage":"en-US","potentialAction":[{"@type":"ReadAction","target":["https:\/\/www.organisator.ch\/weiterbildung\/2022-09-19\/weiterbildung-zum-e-commerce-spezialist-neue-karrierechance\/"]}]},{"@type":"ImageObject","inLanguage":"en-US","@id":"https:\/\/www.organisator.ch\/weiterbildung\/2022-09-19\/weiterbildung-zum-e-commerce-spezialist-neue-karrierechance\/#primaryimage","url":"https:\/\/www.organisator.ch\/wp-content\/uploads\/2022\/09\/Weiterbildung-zum-E-Commerce-Spezialist-Neue-Karrierechance_Organisator.jpg","contentUrl":"https:\/\/www.organisator.ch\/wp-content\/uploads\/2022\/09\/Weiterbildung-zum-E-Commerce-Spezialist-Neue-Karrierechance_Organisator.jpg","width":680,"height":453,"caption":"Eine E-Commerce Spezialistin (oder ein E-Commerce Spezialist) baut Onlineshops oder digitale Plattformen f\u00fcr den Verkauf von Produkten und Dienstleistungen auf. (Bild: Unsplash.com)"},{"@type":"BreadcrumbList","@id":"https:\/\/www.organisator.ch\/weiterbildung\/2022-09-19\/weiterbildung-zum-e-commerce-spezialist-neue-karrierechance\/#breadcrumb","itemListElement":[{"@type":"ListItem","position":1,"name":"Home","item":"https:\/\/www.organisator.ch\/"},{"@type":"ListItem","position":2,"name":"Weiterbildung zum E-Commerce Spezialist: Neue Karrierechance"}]},{"@type":"WebSite","@id":"https:\/\/www.organisator.ch\/#website","url":"https:\/\/www.organisator.ch\/","name":"Organizer","description":"Competent. Practical. In 10 issues per year, ORGANISATOR presents the essential topics for managers of SMEs.","publisher":{"@id":"https:\/\/www.organisator.ch\/#organization"},"potentialAction":[{"@type":"SearchAction","target":{"@type":"EntryPoint","urlTemplate":"https:\/\/www.organisator.ch\/?s={search_term_string}"},"query-input":{"@type":"PropertyValueSpecification","valueRequired":true,"valueName":"search_term_string"}}],"inLanguage":"en-US"},{"@type":"Organization","@id":"https:\/\/www.organisator.ch\/#organization","name":"Organizer","url":"https:\/\/www.organisator.ch\/","logo":{"@type":"ImageObject","inLanguage":"en-US","@id":"https:\/\/www.organisator.ch\/#\/schema\/logo\/image\/","url":"https:\/\/www.organisator.ch\/wp-content\/uploads\/2022\/01\/Logo_Organisator_Website.png","contentUrl":"https:\/\/www.organisator.ch\/wp-content\/uploads\/2022\/01\/Logo_Organisator_Website.png","width":800,"height":77,"caption":"Organisator"},"image":{"@id":"https:\/\/www.organisator.ch\/#\/schema\/logo\/image\/"},"sameAs":["https:\/\/www.facebook.com\/OrganisatorFachmagazin","https:\/\/www.linkedin.com\/showcase\/organisator-das-magazin-fr-kmu","https:\/\/www.xing.com\/news\/pages\/organisator-ch-695","https:\/\/www.youtube.com\/channel\/UCGP2Sq0iWaZwT3BdIAQFYpw"]},{"@type":"Person","@id":"https:\/\/www.organisator.ch\/#\/schema\/person\/6f650f90b2842cd4c0cc334b4e36f67e","name":"thomas.berner","image":{"@type":"ImageObject","inLanguage":"en-US","@id":"https:\/\/secure.gravatar.com\/avatar\/ac5001d2a36cb6c6cd3e50789007ffca834b477b74a2144564522e944eabff61?s=96&d=mm&r=g","url":"https:\/\/secure.gravatar.com\/avatar\/ac5001d2a36cb6c6cd3e50789007ffca834b477b74a2144564522e944eabff61?s=96&d=mm&r=g","contentUrl":"https:\/\/secure.gravatar.com\/avatar\/ac5001d2a36cb6c6cd3e50789007ffca834b477b74a2144564522e944eabff61?s=96&d=mm&r=g","caption":"thomas.berner"},"url":"https:\/\/www.organisator.ch\/en\/author\/thomas-berner\/"}]}},"_links":{"self":[{"href":"https:\/\/www.organisator.ch\/en\/wp-json\/wp\/v2\/posts\/16966","targetHints":{"allow":["GET"]}}],"collection":[{"href":"https:\/\/www.organisator.ch\/en\/wp-json\/wp\/v2\/posts"}],"about":[{"href":"https:\/\/www.organisator.ch\/en\/wp-json\/wp\/v2\/types\/post"}],"author":[{"embeddable":true,"href":"https:\/\/www.organisator.ch\/en\/wp-json\/wp\/v2\/users\/4"}],"replies":[{"embeddable":true,"href":"https:\/\/www.organisator.ch\/en\/wp-json\/wp\/v2\/comments?post=16966"}],"version-history":[{"count":1,"href":"https:\/\/www.organisator.ch\/en\/wp-json\/wp\/v2\/posts\/16966\/revisions"}],"predecessor-version":[{"id":16968,"href":"https:\/\/www.organisator.ch\/en\/wp-json\/wp\/v2\/posts\/16966\/revisions\/16968"}],"wp:featuredmedia":[{"embeddable":true,"href":"https:\/\/www.organisator.ch\/en\/wp-json\/wp\/v2\/media\/16967"}],"wp:attachment":[{"href":"https:\/\/www.organisator.ch\/en\/wp-json\/wp\/v2\/media?parent=16966"}],"wp:term":[{"taxonomy":"category","embeddable":true,"href":"https:\/\/www.organisator.ch\/en\/wp-json\/wp\/v2\/categories?post=16966"},{"taxonomy":"post_tag","embeddable":true,"href":"https:\/\/www.organisator.ch\/en\/wp-json\/wp\/v2\/tags?post=16966"}],"curies":[{"name":"wp","href":"https:\/\/api.w.org\/{rel}","templated":true}]}}