{"id":16973,"date":"2022-09-19T16:39:55","date_gmt":"2022-09-19T14:39:55","guid":{"rendered":"https:\/\/www.organisator.ch\/?p=16973"},"modified":"2022-09-26T08:19:31","modified_gmt":"2022-09-26T06:19:31","slug":"integrierte-b2b-kommunikation-digitaler-individueller-authentischer","status":"publish","type":"post","link":"https:\/\/www.organisator.ch\/en\/marketing\/2022-09-19\/integrierte-b2b-kommunikation-digitaler-individueller-authentischer\/","title":{"rendered":"Integrated B2B communication: more digital, more individual, more authentic"},"content":{"rendered":"<figure id=\"attachment_16974\" aria-describedby=\"caption-attachment-16974\" style=\"width: 680px\" class=\"wp-caption alignnone\"><img loading=\"lazy\" decoding=\"async\" class=\"size-full wp-image-16974\" src=\"https:\/\/www.organisator.ch\/wp-content\/uploads\/2022\/09\/Integrierte-B2B-Kommunikation-Digitaler-individueller-authentischer_Organisator.jpg\" alt=\"\" width=\"680\" height=\"480\" srcset=\"https:\/\/www.organisator.ch\/wp-content\/uploads\/2022\/09\/Integrierte-B2B-Kommunikation-Digitaler-individueller-authentischer_Organisator.jpg 680w, https:\/\/www.organisator.ch\/wp-content\/uploads\/2022\/09\/Integrierte-B2B-Kommunikation-Digitaler-individueller-authentischer_Organisator-18x12.jpg 18w, https:\/\/www.organisator.ch\/wp-content\/uploads\/2022\/09\/Integrierte-B2B-Kommunikation-Digitaler-individueller-authentischer_Organisator-248x175.jpg 248w, https:\/\/www.organisator.ch\/wp-content\/uploads\/2022\/09\/Integrierte-B2B-Kommunikation-Digitaler-individueller-authentischer_Organisator-496x350.jpg 496w, https:\/\/www.organisator.ch\/wp-content\/uploads\/2022\/09\/Integrierte-B2B-Kommunikation-Digitaler-individueller-authentischer_Organisator-300x212.jpg 300w\" sizes=\"auto, (max-width: 680px) 100vw, 680px\" \/><figcaption id=\"caption-attachment-16974\" class=\"wp-caption-text\">Integrated B2B communication is the order of the day against the backdrop of a growing flood of information and a simultaneously uncertain economic climate. (Illustration: Pixabay.com)<\/figcaption><\/figure>\n<p>The following four impulses for integrated B2B communication show what is important if you want to present your own brand in a more digital, individual and authentic way:<strong>\u00a0 \u00a0 \u00a0 \u00a0 \u00a0 \u00a0 \u00a0 \u00a0 \u00a0 \u00a0\u00a0<\/strong><\/p>\n<h3><strong>1. impulse: corporate communications, PR and marketing become one<\/strong><\/h3>\n<p>In the meantime, the principle of \"content first\" is undisputed. In order to implement this <a href=\"https:\/\/www.moeller-horcher.de\/leistungen\/content-marketing\/\">Content marketing maxim<\/a> to implement, an integrated approach is needed. This is solely due to the fact that there are more and more ways to get in touch with the target group. Customers and prospects must be accompanied by consistent messages throughout the entire customer journey. This requires a rethinking of communication: former boundaries between individual departments must be overcome and communication must be coordinated. It is therefore advisable to establish a central unit for external communications within the company or to seek the support of a communications agency.<\/p>\n<h3><strong>2nd impulse: The<\/strong> <strong>Customer journey is increasingly individualized<\/strong><\/h3>\n<p>Because the customer journey almost always begins online, it is highly individualized due to the variety of channels and touchpoints. In order to actually reach customers and prospects, customized content is needed that is available along the individual contact points. In this context, \"tailored\" means two things at once: On the one hand, companies position themselves as a reliable partner that knows the needs of customers and prospects and presents the right solution. On the other hand, companies are required to accompany each individual prospect as individually as possible, because no two customer journeys are the same.<\/p>\n<h3><strong>3rd impulse: Authentic communication strengthens the brand<\/strong><\/h3>\n<p>It is thanks to Generation Z in particular (those born between 1997 and 2010) that values such as moral, social and ecological responsibility are entering the business world. How customers evaluate a brand is closely related to the authenticity and actions of a company. The \"Truth about Gen Z\" study by McCann Worldgroup (Source: <a href=\"https:\/\/truthaboutgenz.mccannworldgroup.com\/p\/1)z\">https:\/\/truthaboutgenz.mccannworldgroup.com\/p\/1)<\/a> shows that 57 percent of respondents would pay more for products from a company that shares their values. Social commitment, diversity and environmental protection occupy the top positions. B2B companies are also well advised to be clear about their purpose and to communicate it authentically.<\/p>\n<h3><strong>4th impulse: communication coaching for greater expertise<\/strong><\/h3>\n<p>The communications and marketing industry is increasingly fast-paced. Marketers are required to stay up to date at all times. Keeping abreast of legal aspects (DSGVO, cookies), new formats and channels<span style=\"text-decoration: line-through;\">n<\/span> or digital tools is often not possible due to time constraints. External sparring partners such as agencies can provide important impetus. Both sides benefit when an appreciative exchange takes place on an equal footing and when a company can use its agency as a sparring partner.<span style=\"text-decoration: line-through;\">en<\/span> not just seen as an extended workbench. Agencies must be willing to share their knowledge and adapt to the individual challenges of each client.<\/p>\n<h3><strong>Conclusion: Be more digital, more individual and more authentic!<\/strong><\/h3>\n<p>Current developments in B2B communication are strongly driven by content marketing and a change in values: In order to survive in competition with one's own products and services, an attitude is required that is characterized by social responsibility, sustainable action, and diversity. This purpose must be communicated authentically. Integrated B2B communication is not only multi-layered and complex, it also opens up more opportunities than ever before. The maxim can therefore only be: Be more digital, more individual and more authentic.<\/p>\n<p><em><b>Author:<br \/>\n<\/b>Dr. Venera D'Elia is Head of Business Development and Senior Consultant at M\u00f6ller Horcher Kommunikation (<a href=\"http:\/\/www.moeller-horcher.de\">www.moeller-horcher.de<\/a>) in Offenbach. The agency focuses on sales-supporting communication and maintains very good contacts with trade and industry media. It is also the originator of <a href=\"https:\/\/www.organisator.ch\/de\/marketing\/2021-01-06\/8-tipps-fuer-die-b2b-kommunikation-2021\/\">this article, which we have published here<\/a> have already published.<\/em><\/p>","protected":false},"excerpt":{"rendered":"<p>Die folgenden vier Impulse f\u00fcr eine integrierte B2B-Kommunikation zeigen, worauf es ankommt, wenn man die eigene Marke digitaler, individueller und authentischer pr\u00e4sentieren m\u00f6chte:\u00a0 \u00a0 \u00a0 \u00a0 \u00a0 \u00a0 \u00a0 \u00a0 \u00a0 \u00a0\u00a0 1. Impuls: Unternehmenskommunikation, PR und Marketing werden eins Mittlerweile ist der Grundsatz \u201eContent first\u201c unumstritten. Um diese Content-Marketing-Maxime umzusetzen, braucht es einen integrierten [&hellip;]<\/p>\n","protected":false},"author":4,"featured_media":16974,"comment_status":"closed","ping_status":"closed","sticky":false,"template":"","format":"standard","meta":{"_acf_changed":false,"_yoast_wpseo_focuskw":"Integrierte B2B-Kommunikation","_yoast_wpseo_metadesc":"Immer mehr Kan\u00e4le, anspruchsvollere Kunden, eine immense Informationsflut, digitale Tools erfordern eine integrierte B2B-Kommunikation.","articlekey":"","footnotes":""},"categories":[29],"tags":[115,163,308,339],"class_list":["post-16973","post","type-post","status-publish","format-standard","has-post-thumbnail","hentry","category-marketing","tag-checklisten","tag-e-commerce","tag-kommunikation","tag-marketing"],"acf":[],"yoast_head":"<!-- This site is optimized with the Yoast SEO plugin v27.5 - https:\/\/yoast.com\/product\/yoast-seo-wordpress\/ -->\n<title>Integrierte B2B-Kommunikation: Digitaler, individueller, authentischer - Organisator<\/title>\n<meta name=\"description\" content=\"Immer mehr Kan\u00e4le, anspruchsvollere Kunden, eine immense Informationsflut, digitale Tools erfordern eine integrierte B2B-Kommunikation.\" \/>\n<meta name=\"robots\" content=\"index, follow, max-snippet:-1, max-image-preview:large, max-video-preview:-1\" \/>\n<link rel=\"canonical\" href=\"https:\/\/www.organisator.ch\/en\/marketing\/2022-09-19\/integrierte-b2b-kommunikation-digitaler-individueller-authentischer\/\" \/>\n<meta property=\"og:locale\" content=\"en_US\" \/>\n<meta property=\"og:type\" content=\"article\" \/>\n<meta property=\"og:title\" content=\"Integrierte B2B-Kommunikation: Digitaler, individueller, authentischer\" \/>\n<meta property=\"og:description\" content=\"Immer mehr Kan\u00e4le, anspruchsvollere Kunden, eine immense Informationsflut, digitale Tools erfordern eine integrierte B2B-Kommunikation.\" \/>\n<meta property=\"og:url\" content=\"https:\/\/www.organisator.ch\/en\/marketing\/2022-09-19\/integrierte-b2b-kommunikation-digitaler-individueller-authentischer\/\" \/>\n<meta property=\"og:site_name\" content=\"Organisator\" \/>\n<meta property=\"article:publisher\" content=\"https:\/\/www.facebook.com\/OrganisatorFachmagazin\" \/>\n<meta property=\"article:published_time\" content=\"2022-09-19T14:39:55+00:00\" \/>\n<meta property=\"article:modified_time\" content=\"2022-09-26T06:19:31+00:00\" \/>\n<meta property=\"og:image\" content=\"https:\/\/www.organisator.ch\/wp-content\/uploads\/2022\/09\/Integrierte-B2B-Kommunikation-Digitaler-individueller-authentischer_Organisator.jpg\" \/>\n\t<meta property=\"og:image:width\" content=\"680\" \/>\n\t<meta property=\"og:image:height\" content=\"480\" \/>\n\t<meta property=\"og:image:type\" content=\"image\/jpeg\" \/>\n<meta name=\"author\" content=\"thomas.berner\" \/>\n<meta name=\"twitter:card\" content=\"summary_large_image\" \/>\n<meta name=\"twitter:title\" content=\"Integrierte #B2B-Kommunikation: Digitaler, individueller, authentischer\" \/>\n<meta name=\"twitter:description\" content=\"Immer mehr Kan\u00e4le, anspruchsvollere Kunden, eine immense Informationsflut, digitale Tools erfordern eine integrierte #B2B-Kommunikation.\" \/>\n<meta name=\"twitter:image\" content=\"https:\/\/www.organisator.ch\/wp-content\/uploads\/2022\/09\/Integrierte-B2B-Kommunikation-Digitaler-individueller-authentischer_Organisator.jpg\" \/>\n<script type=\"application\/ld+json\" class=\"yoast-schema-graph\">{\"@context\":\"https:\\\/\\\/schema.org\",\"@graph\":[{\"@type\":\"Article\",\"@id\":\"https:\\\/\\\/www.organisator.ch\\\/marketing\\\/2022-09-19\\\/integrierte-b2b-kommunikation-digitaler-individueller-authentischer\\\/#article\",\"isPartOf\":{\"@id\":\"https:\\\/\\\/www.organisator.ch\\\/marketing\\\/2022-09-19\\\/integrierte-b2b-kommunikation-digitaler-individueller-authentischer\\\/\"},\"author\":{\"name\":\"thomas.berner\",\"@id\":\"https:\\\/\\\/www.organisator.ch\\\/#\\\/schema\\\/person\\\/6f650f90b2842cd4c0cc334b4e36f67e\"},\"headline\":\"Integrierte B2B-Kommunikation: Digitaler, individueller, authentischer\",\"datePublished\":\"2022-09-19T14:39:55+00:00\",\"dateModified\":\"2022-09-26T06:19:31+00:00\",\"mainEntityOfPage\":{\"@id\":\"https:\\\/\\\/www.organisator.ch\\\/marketing\\\/2022-09-19\\\/integrierte-b2b-kommunikation-digitaler-individueller-authentischer\\\/\"},\"wordCount\":626,\"publisher\":{\"@id\":\"https:\\\/\\\/www.organisator.ch\\\/#organization\"},\"image\":{\"@id\":\"https:\\\/\\\/www.organisator.ch\\\/marketing\\\/2022-09-19\\\/integrierte-b2b-kommunikation-digitaler-individueller-authentischer\\\/#primaryimage\"},\"thumbnailUrl\":\"https:\\\/\\\/www.organisator.ch\\\/wp-content\\\/uploads\\\/2022\\\/09\\\/Integrierte-B2B-Kommunikation-Digitaler-individueller-authentischer_Organisator.jpg\",\"keywords\":[\"Checklisten\",\"E-Commerce\",\"Kommunikation\",\"Marketing\"],\"articleSection\":[\"MARKETING\"],\"inLanguage\":\"en-US\"},{\"@type\":\"WebPage\",\"@id\":\"https:\\\/\\\/www.organisator.ch\\\/marketing\\\/2022-09-19\\\/integrierte-b2b-kommunikation-digitaler-individueller-authentischer\\\/\",\"url\":\"https:\\\/\\\/www.organisator.ch\\\/marketing\\\/2022-09-19\\\/integrierte-b2b-kommunikation-digitaler-individueller-authentischer\\\/\",\"name\":\"Integrierte B2B-Kommunikation: Digitaler, individueller, authentischer - Organisator\",\"isPartOf\":{\"@id\":\"https:\\\/\\\/www.organisator.ch\\\/#website\"},\"primaryImageOfPage\":{\"@id\":\"https:\\\/\\\/www.organisator.ch\\\/marketing\\\/2022-09-19\\\/integrierte-b2b-kommunikation-digitaler-individueller-authentischer\\\/#primaryimage\"},\"image\":{\"@id\":\"https:\\\/\\\/www.organisator.ch\\\/marketing\\\/2022-09-19\\\/integrierte-b2b-kommunikation-digitaler-individueller-authentischer\\\/#primaryimage\"},\"thumbnailUrl\":\"https:\\\/\\\/www.organisator.ch\\\/wp-content\\\/uploads\\\/2022\\\/09\\\/Integrierte-B2B-Kommunikation-Digitaler-individueller-authentischer_Organisator.jpg\",\"datePublished\":\"2022-09-19T14:39:55+00:00\",\"dateModified\":\"2022-09-26T06:19:31+00:00\",\"description\":\"Immer mehr Kan\u00e4le, anspruchsvollere Kunden, eine immense Informationsflut, digitale Tools erfordern eine integrierte B2B-Kommunikation.\",\"breadcrumb\":{\"@id\":\"https:\\\/\\\/www.organisator.ch\\\/marketing\\\/2022-09-19\\\/integrierte-b2b-kommunikation-digitaler-individueller-authentischer\\\/#breadcrumb\"},\"inLanguage\":\"en-US\",\"potentialAction\":[{\"@type\":\"ReadAction\",\"target\":[\"https:\\\/\\\/www.organisator.ch\\\/marketing\\\/2022-09-19\\\/integrierte-b2b-kommunikation-digitaler-individueller-authentischer\\\/\"]}]},{\"@type\":\"ImageObject\",\"inLanguage\":\"en-US\",\"@id\":\"https:\\\/\\\/www.organisator.ch\\\/marketing\\\/2022-09-19\\\/integrierte-b2b-kommunikation-digitaler-individueller-authentischer\\\/#primaryimage\",\"url\":\"https:\\\/\\\/www.organisator.ch\\\/wp-content\\\/uploads\\\/2022\\\/09\\\/Integrierte-B2B-Kommunikation-Digitaler-individueller-authentischer_Organisator.jpg\",\"contentUrl\":\"https:\\\/\\\/www.organisator.ch\\\/wp-content\\\/uploads\\\/2022\\\/09\\\/Integrierte-B2B-Kommunikation-Digitaler-individueller-authentischer_Organisator.jpg\",\"width\":680,\"height\":480,\"caption\":\"Integrierte B2B-Kommunikation ist vor dem Hintergrund der wachsenden Informationsflut und dem gleichzeitig unsicheren Wirtschaftsklima ein Gebot der Stunde. (Illustration: Pixabay.com)\"},{\"@type\":\"BreadcrumbList\",\"@id\":\"https:\\\/\\\/www.organisator.ch\\\/marketing\\\/2022-09-19\\\/integrierte-b2b-kommunikation-digitaler-individueller-authentischer\\\/#breadcrumb\",\"itemListElement\":[{\"@type\":\"ListItem\",\"position\":1,\"name\":\"Home\",\"item\":\"https:\\\/\\\/www.organisator.ch\\\/\"},{\"@type\":\"ListItem\",\"position\":2,\"name\":\"Integrierte B2B-Kommunikation: Digitaler, individueller, authentischer\"}]},{\"@type\":\"WebSite\",\"@id\":\"https:\\\/\\\/www.organisator.ch\\\/#website\",\"url\":\"https:\\\/\\\/www.organisator.ch\\\/\",\"name\":\"Organisator\",\"description\":\"Kompetent. Praxisnah. Der ORGANISATOR bereitet in 10 Ausgaben pro Jahr die wesentlichen Themen f\u00fcr F\u00fchrungskr\u00e4fte von KMU auf.\",\"publisher\":{\"@id\":\"https:\\\/\\\/www.organisator.ch\\\/#organization\"},\"potentialAction\":[{\"@type\":\"SearchAction\",\"target\":{\"@type\":\"EntryPoint\",\"urlTemplate\":\"https:\\\/\\\/www.organisator.ch\\\/?s={search_term_string}\"},\"query-input\":{\"@type\":\"PropertyValueSpecification\",\"valueRequired\":true,\"valueName\":\"search_term_string\"}}],\"inLanguage\":\"en-US\"},{\"@type\":\"Organization\",\"@id\":\"https:\\\/\\\/www.organisator.ch\\\/#organization\",\"name\":\"Organisator\",\"url\":\"https:\\\/\\\/www.organisator.ch\\\/\",\"logo\":{\"@type\":\"ImageObject\",\"inLanguage\":\"en-US\",\"@id\":\"https:\\\/\\\/www.organisator.ch\\\/#\\\/schema\\\/logo\\\/image\\\/\",\"url\":\"https:\\\/\\\/www.organisator.ch\\\/wp-content\\\/uploads\\\/2022\\\/01\\\/Logo_Organisator_Website.png\",\"contentUrl\":\"https:\\\/\\\/www.organisator.ch\\\/wp-content\\\/uploads\\\/2022\\\/01\\\/Logo_Organisator_Website.png\",\"width\":800,\"height\":77,\"caption\":\"Organisator\"},\"image\":{\"@id\":\"https:\\\/\\\/www.organisator.ch\\\/#\\\/schema\\\/logo\\\/image\\\/\"},\"sameAs\":[\"https:\\\/\\\/www.facebook.com\\\/OrganisatorFachmagazin\",\"https:\\\/\\\/www.linkedin.com\\\/showcase\\\/organisator-das-magazin-fr-kmu\",\"https:\\\/\\\/www.xing.com\\\/news\\\/pages\\\/organisator-ch-695\",\"https:\\\/\\\/www.youtube.com\\\/channel\\\/UCGP2Sq0iWaZwT3BdIAQFYpw\"]},{\"@type\":\"Person\",\"@id\":\"https:\\\/\\\/www.organisator.ch\\\/#\\\/schema\\\/person\\\/6f650f90b2842cd4c0cc334b4e36f67e\",\"name\":\"thomas.berner\",\"image\":{\"@type\":\"ImageObject\",\"inLanguage\":\"en-US\",\"@id\":\"https:\\\/\\\/secure.gravatar.com\\\/avatar\\\/ac5001d2a36cb6c6cd3e50789007ffca834b477b74a2144564522e944eabff61?s=96&d=mm&r=g\",\"url\":\"https:\\\/\\\/secure.gravatar.com\\\/avatar\\\/ac5001d2a36cb6c6cd3e50789007ffca834b477b74a2144564522e944eabff61?s=96&d=mm&r=g\",\"contentUrl\":\"https:\\\/\\\/secure.gravatar.com\\\/avatar\\\/ac5001d2a36cb6c6cd3e50789007ffca834b477b74a2144564522e944eabff61?s=96&d=mm&r=g\",\"caption\":\"thomas.berner\"},\"url\":\"https:\\\/\\\/www.organisator.ch\\\/en\\\/author\\\/thomas-berner\\\/\"}]}<\/script>\n<!-- \/ Yoast SEO plugin. -->","yoast_head_json":{"title":"Integrated B2B communication: more digital, more individual, more authentic - Organizer","description":"More and more channels, more demanding customers, an immense flood of information, digital tools require integrated B2B communication.","robots":{"index":"index","follow":"follow","max-snippet":"max-snippet:-1","max-image-preview":"max-image-preview:large","max-video-preview":"max-video-preview:-1"},"canonical":"https:\/\/www.organisator.ch\/en\/marketing\/2022-09-19\/integrierte-b2b-kommunikation-digitaler-individueller-authentischer\/","og_locale":"en_US","og_type":"article","og_title":"Integrierte B2B-Kommunikation: Digitaler, individueller, authentischer","og_description":"Immer mehr Kan\u00e4le, anspruchsvollere Kunden, eine immense Informationsflut, digitale Tools erfordern eine integrierte B2B-Kommunikation.","og_url":"https:\/\/www.organisator.ch\/en\/marketing\/2022-09-19\/integrierte-b2b-kommunikation-digitaler-individueller-authentischer\/","og_site_name":"Organisator","article_publisher":"https:\/\/www.facebook.com\/OrganisatorFachmagazin","article_published_time":"2022-09-19T14:39:55+00:00","article_modified_time":"2022-09-26T06:19:31+00:00","og_image":[{"width":680,"height":480,"url":"https:\/\/www.organisator.ch\/wp-content\/uploads\/2022\/09\/Integrierte-B2B-Kommunikation-Digitaler-individueller-authentischer_Organisator.jpg","type":"image\/jpeg"}],"author":"thomas.berner","twitter_card":"summary_large_image","twitter_title":"Integrierte #B2B-Kommunikation: Digitaler, individueller, authentischer","twitter_description":"Immer mehr Kan\u00e4le, anspruchsvollere Kunden, eine immense Informationsflut, digitale Tools erfordern eine integrierte #B2B-Kommunikation.","twitter_image":"https:\/\/www.organisator.ch\/wp-content\/uploads\/2022\/09\/Integrierte-B2B-Kommunikation-Digitaler-individueller-authentischer_Organisator.jpg","schema":{"@context":"https:\/\/schema.org","@graph":[{"@type":"Article","@id":"https:\/\/www.organisator.ch\/marketing\/2022-09-19\/integrierte-b2b-kommunikation-digitaler-individueller-authentischer\/#article","isPartOf":{"@id":"https:\/\/www.organisator.ch\/marketing\/2022-09-19\/integrierte-b2b-kommunikation-digitaler-individueller-authentischer\/"},"author":{"name":"thomas.berner","@id":"https:\/\/www.organisator.ch\/#\/schema\/person\/6f650f90b2842cd4c0cc334b4e36f67e"},"headline":"Integrierte B2B-Kommunikation: Digitaler, individueller, authentischer","datePublished":"2022-09-19T14:39:55+00:00","dateModified":"2022-09-26T06:19:31+00:00","mainEntityOfPage":{"@id":"https:\/\/www.organisator.ch\/marketing\/2022-09-19\/integrierte-b2b-kommunikation-digitaler-individueller-authentischer\/"},"wordCount":626,"publisher":{"@id":"https:\/\/www.organisator.ch\/#organization"},"image":{"@id":"https:\/\/www.organisator.ch\/marketing\/2022-09-19\/integrierte-b2b-kommunikation-digitaler-individueller-authentischer\/#primaryimage"},"thumbnailUrl":"https:\/\/www.organisator.ch\/wp-content\/uploads\/2022\/09\/Integrierte-B2B-Kommunikation-Digitaler-individueller-authentischer_Organisator.jpg","keywords":["Checklisten","E-Commerce","Kommunikation","Marketing"],"articleSection":["MARKETING"],"inLanguage":"en-US"},{"@type":"WebPage","@id":"https:\/\/www.organisator.ch\/marketing\/2022-09-19\/integrierte-b2b-kommunikation-digitaler-individueller-authentischer\/","url":"https:\/\/www.organisator.ch\/marketing\/2022-09-19\/integrierte-b2b-kommunikation-digitaler-individueller-authentischer\/","name":"Integrated B2B communication: more digital, more individual, more authentic - Organizer","isPartOf":{"@id":"https:\/\/www.organisator.ch\/#website"},"primaryImageOfPage":{"@id":"https:\/\/www.organisator.ch\/marketing\/2022-09-19\/integrierte-b2b-kommunikation-digitaler-individueller-authentischer\/#primaryimage"},"image":{"@id":"https:\/\/www.organisator.ch\/marketing\/2022-09-19\/integrierte-b2b-kommunikation-digitaler-individueller-authentischer\/#primaryimage"},"thumbnailUrl":"https:\/\/www.organisator.ch\/wp-content\/uploads\/2022\/09\/Integrierte-B2B-Kommunikation-Digitaler-individueller-authentischer_Organisator.jpg","datePublished":"2022-09-19T14:39:55+00:00","dateModified":"2022-09-26T06:19:31+00:00","description":"More and more channels, more demanding customers, an immense flood of information, digital tools require integrated B2B communication.","breadcrumb":{"@id":"https:\/\/www.organisator.ch\/marketing\/2022-09-19\/integrierte-b2b-kommunikation-digitaler-individueller-authentischer\/#breadcrumb"},"inLanguage":"en-US","potentialAction":[{"@type":"ReadAction","target":["https:\/\/www.organisator.ch\/marketing\/2022-09-19\/integrierte-b2b-kommunikation-digitaler-individueller-authentischer\/"]}]},{"@type":"ImageObject","inLanguage":"en-US","@id":"https:\/\/www.organisator.ch\/marketing\/2022-09-19\/integrierte-b2b-kommunikation-digitaler-individueller-authentischer\/#primaryimage","url":"https:\/\/www.organisator.ch\/wp-content\/uploads\/2022\/09\/Integrierte-B2B-Kommunikation-Digitaler-individueller-authentischer_Organisator.jpg","contentUrl":"https:\/\/www.organisator.ch\/wp-content\/uploads\/2022\/09\/Integrierte-B2B-Kommunikation-Digitaler-individueller-authentischer_Organisator.jpg","width":680,"height":480,"caption":"Integrierte B2B-Kommunikation ist vor dem Hintergrund der wachsenden Informationsflut und dem gleichzeitig unsicheren Wirtschaftsklima ein Gebot der Stunde. (Illustration: Pixabay.com)"},{"@type":"BreadcrumbList","@id":"https:\/\/www.organisator.ch\/marketing\/2022-09-19\/integrierte-b2b-kommunikation-digitaler-individueller-authentischer\/#breadcrumb","itemListElement":[{"@type":"ListItem","position":1,"name":"Home","item":"https:\/\/www.organisator.ch\/"},{"@type":"ListItem","position":2,"name":"Integrierte B2B-Kommunikation: Digitaler, individueller, authentischer"}]},{"@type":"WebSite","@id":"https:\/\/www.organisator.ch\/#website","url":"https:\/\/www.organisator.ch\/","name":"Organizer","description":"Competent. Practical. In 10 issues per year, ORGANISATOR presents the essential topics for managers of SMEs.","publisher":{"@id":"https:\/\/www.organisator.ch\/#organization"},"potentialAction":[{"@type":"SearchAction","target":{"@type":"EntryPoint","urlTemplate":"https:\/\/www.organisator.ch\/?s={search_term_string}"},"query-input":{"@type":"PropertyValueSpecification","valueRequired":true,"valueName":"search_term_string"}}],"inLanguage":"en-US"},{"@type":"Organization","@id":"https:\/\/www.organisator.ch\/#organization","name":"Organizer","url":"https:\/\/www.organisator.ch\/","logo":{"@type":"ImageObject","inLanguage":"en-US","@id":"https:\/\/www.organisator.ch\/#\/schema\/logo\/image\/","url":"https:\/\/www.organisator.ch\/wp-content\/uploads\/2022\/01\/Logo_Organisator_Website.png","contentUrl":"https:\/\/www.organisator.ch\/wp-content\/uploads\/2022\/01\/Logo_Organisator_Website.png","width":800,"height":77,"caption":"Organisator"},"image":{"@id":"https:\/\/www.organisator.ch\/#\/schema\/logo\/image\/"},"sameAs":["https:\/\/www.facebook.com\/OrganisatorFachmagazin","https:\/\/www.linkedin.com\/showcase\/organisator-das-magazin-fr-kmu","https:\/\/www.xing.com\/news\/pages\/organisator-ch-695","https:\/\/www.youtube.com\/channel\/UCGP2Sq0iWaZwT3BdIAQFYpw"]},{"@type":"Person","@id":"https:\/\/www.organisator.ch\/#\/schema\/person\/6f650f90b2842cd4c0cc334b4e36f67e","name":"thomas.berner","image":{"@type":"ImageObject","inLanguage":"en-US","@id":"https:\/\/secure.gravatar.com\/avatar\/ac5001d2a36cb6c6cd3e50789007ffca834b477b74a2144564522e944eabff61?s=96&d=mm&r=g","url":"https:\/\/secure.gravatar.com\/avatar\/ac5001d2a36cb6c6cd3e50789007ffca834b477b74a2144564522e944eabff61?s=96&d=mm&r=g","contentUrl":"https:\/\/secure.gravatar.com\/avatar\/ac5001d2a36cb6c6cd3e50789007ffca834b477b74a2144564522e944eabff61?s=96&d=mm&r=g","caption":"thomas.berner"},"url":"https:\/\/www.organisator.ch\/en\/author\/thomas-berner\/"}]}},"_links":{"self":[{"href":"https:\/\/www.organisator.ch\/en\/wp-json\/wp\/v2\/posts\/16973","targetHints":{"allow":["GET"]}}],"collection":[{"href":"https:\/\/www.organisator.ch\/en\/wp-json\/wp\/v2\/posts"}],"about":[{"href":"https:\/\/www.organisator.ch\/en\/wp-json\/wp\/v2\/types\/post"}],"author":[{"embeddable":true,"href":"https:\/\/www.organisator.ch\/en\/wp-json\/wp\/v2\/users\/4"}],"replies":[{"embeddable":true,"href":"https:\/\/www.organisator.ch\/en\/wp-json\/wp\/v2\/comments?post=16973"}],"version-history":[{"count":1,"href":"https:\/\/www.organisator.ch\/en\/wp-json\/wp\/v2\/posts\/16973\/revisions"}],"predecessor-version":[{"id":16975,"href":"https:\/\/www.organisator.ch\/en\/wp-json\/wp\/v2\/posts\/16973\/revisions\/16975"}],"wp:featuredmedia":[{"embeddable":true,"href":"https:\/\/www.organisator.ch\/en\/wp-json\/wp\/v2\/media\/16974"}],"wp:attachment":[{"href":"https:\/\/www.organisator.ch\/en\/wp-json\/wp\/v2\/media?parent=16973"}],"wp:term":[{"taxonomy":"category","embeddable":true,"href":"https:\/\/www.organisator.ch\/en\/wp-json\/wp\/v2\/categories?post=16973"},{"taxonomy":"post_tag","embeddable":true,"href":"https:\/\/www.organisator.ch\/en\/wp-json\/wp\/v2\/tags?post=16973"}],"curies":[{"name":"wp","href":"https:\/\/api.w.org\/{rel}","templated":true}]}}