{"id":1698,"date":"2017-03-30T17:00:07","date_gmt":"2017-03-30T15:00:07","guid":{"rendered":"https:\/\/www.organisator.ch\/?p=1698"},"modified":"2017-03-30T17:00:07","modified_gmt":"2017-03-30T15:00:07","slug":"1698-2","status":"publish","type":"post","link":"https:\/\/www.organisator.ch\/en\/management\/2017-03-30\/1698-2\/","title":{"rendered":"CEO compensation increased at SLI companies"},"content":{"rendered":"<figure id=\"attachment_1699\" aria-describedby=\"caption-attachment-1699\" style=\"width: 680px\" class=\"wp-caption alignnone\"><img loading=\"lazy\" decoding=\"async\" class=\"size-medium wp-image-1699\" src=\"https:\/\/www.organisator.ch\/wp-content\/uploads\/2017\/03\/CEO-Vergu\u0308tung-bei-SLI-Unternehmen-gestiegen-org-organisator.jpg\" alt=\"\" width=\"680\" height=\"510\" \/><figcaption id=\"caption-attachment-1699\" class=\"wp-caption-text\">Compared to 2015, the salaries of the CEOs of SLI companies have increased significantly. (Image: Alyo)<\/figcaption><\/figure>\n<table style=\"height: 1125px;\" width=\"1087\">\n<tbody>\n<tr>\n<td>&nbsp;<\/p>\n<p>&nbsp;<\/p>\n<p>A CEO's salary actually includes various forms of compensation - the fixed basic compensation, the bonus (paid out directly or deferred), and the long-term variable compensation. The average expected direct compensation of corporate leaders in the SLI is CHF 5.88 million in 2016, an increase of 5.0 percent year-on-year (2015: CHF 5.60 million).<\/p>\n<p>Compared with other companies in Europe, Swiss CEOs are compensated to a relatively high degree via long-term variable salaries. On the one hand, more than a third of the total package is granted in the form of so-called long-term incentives. Their payment depends on the long-term performance of the company and is only made after a period of at least three to four years. On the other hand, the deferred payment of bonuses also contributes to the long-term nature of the variable compensation. This results in a total of more than 50% of direct compensation being of a long-term nature.<\/p>\n<p><strong>Individual top performers<\/strong><\/p>\n<p>However, there are clear differences between the companies. As in 2015, the CEOs of UBS (CHF 13.4 million) and Novartis (CHF 11.8 million) lead the field in terms of expected direct compensation in the past financial year. The CEO who joined Credit Suisse in 2015 displaces the top Group executive of Roche (CHF 11.0 million) from third place with CHF 11.2 million. At the end of the compensation comparison is the CEO of Swisscom with CHF 1.5 million. Companies whose CEO has been in office for less than one year are not included in the average values.<\/p>\n<p>Compared to 2015, the EBIT of the SLI companies increased by an average of seven percent to CHF 2.55 billion (2015: CHF 2.38 billion). Here, too, the differences within the SLI companies are large. Adecco is the frontrunner with an increase of 261%, while Swatch Group's EBIT almost halved to -45%.<\/p>\n<p>Overall, the company results are in line with the level of compensation. At eleven of the SLI companies under review, both EBIT and direct compensation are increasing, while at four companies earnings and compensation are decreasing. Five companies reduce their compensation as EBIT rises, one maintains it and only two companies increase their compensation, although they report lower EBIT than in 2015.<\/p>\n<p><strong>International development <\/strong><\/p>\n<p>An analysis of the Dow Jones STOXX Europe 50, the share index of the 50 largest companies in Europe, shows that the top Swiss companies continue to pay their CEOs significantly more than in other European countries. For example, the CEOs of the Swiss \"big players\" (who were in office for the full year in 2016) received an average of CHF 10.6 million (2015: CHF 10.7 million), significantly more than their counterparts at the non-Swiss companies in the index. Their average direct compensation was CHF 6.8 million, an increase of 3% year-on-year (2015: CHF 6.6 million). However, a comparison with the US also puts these heights into perspective. Here, far higher CEO compensation than in Switzerland or Europe is common and culturally justified.<\/p>\n<p><strong>\u00a0\"Say on Pay\" is further strengthened<\/strong><br \/>\nWith regard to regulatory developments defining the framework conditions for the compensation of the Group Executive Board, Europe is on a uniform path. A major milestone in this context is the Shareholders' Rights Directive, which will lead to more transparency and greater shareholder influence (\"Say on Pay\"). The compensation policy and the compensation report will be voted on at regular intervals. The so-called proxy advisors will play a special role here. They support institutional investors in developing their voting recommendations. Small and medium-sized investors can even outsource the entire voting process, including the election decision, to proxy advisors. \"The pressure on the level and structure of executive compensation will thus continue to increase,\" explains Olaf Lang, of Willis Towers Watson.<\/p>\n<p>More information about the comprehensive study will be available soon <a href=\"https:\/\/www.willistowerswatson.com\/de-CH\/press\/2016\/04\/Remuneration-for-Swiss-CEOs-increased-slightly-in-2015\">here<\/a><\/p>\n<p>&nbsp;<\/td>\n<\/tr>\n<\/tbody>\n<\/table>\n<p>&nbsp;<\/p>\n<p>&nbsp;<\/p>\n<p>&nbsp;<\/p>","protected":false},"excerpt":{"rendered":"<p>&nbsp; &nbsp; Zu einem CEO-Gehalt\u00a0geh\u00f6ren eigentlich verschiedene Verg\u00fctungen \u2013 die fixe Grundverg\u00fctung, der Bonus (direkt ausbezahlt oder aufgeschoben) sowie die langfristig variable Verg\u00fctung. Die durchschnittlich erwartete Direktverg\u00fctung der Unternehmenslenker im SLI betr\u00e4gt 2016 CHF 5.88 Mio., was im Vorjahresvergleich einer Zunahme von 5.0 Prozent entspricht (2015: CHF 5.60 Mio.). Im Vergleich zu anderen Unternehmen in [&hellip;]<\/p>\n","protected":false},"author":5,"featured_media":1699,"comment_status":"open","ping_status":"open","sticky":false,"template":"","format":"standard","meta":{"_acf_changed":false,"_yoast_wpseo_focuskw":"CEO Verg\u00fctung","_yoast_wpseo_metadesc":"Die Studie \u201eCEO-Verg\u00fctung im SLI 2016\u201c zeigt eine gr\u00f6ssere Entlohnung der CEOs der SLI-Unternehmen 2016 (im Vergleich zum Vorjahr).","articlekey":"","footnotes":""},"categories":[28],"tags":[88,110,436,526],"class_list":["post-1698","post","type-post","status-publish","format-standard","has-post-thumbnail","hentry","category-management","tag-bonus","tag-ceo-loehne","tag-sli-index","tag-willis-towers-watson"],"acf":[],"yoast_head":"<!-- This site is optimized with the Yoast SEO plugin v27.4 - https:\/\/yoast.com\/product\/yoast-seo-wordpress\/ -->\n<title>CEO Verg\u00fctung bei SLI-Unternehmen gestiegen - Organisator<\/title>\n<meta name=\"description\" content=\"Die Studie \u201eCEO-Verg\u00fctung im SLI 2016\u201c zeigt eine gr\u00f6ssere Entlohnung der CEOs der SLI-Unternehmen 2016 (im Vergleich zum Vorjahr).\" \/>\n<meta name=\"robots\" content=\"index, follow, max-snippet:-1, max-image-preview:large, max-video-preview:-1\" \/>\n<link rel=\"canonical\" href=\"https:\/\/www.organisator.ch\/en\/management\/2017-03-30\/1698-2\/\" \/>\n<meta property=\"og:locale\" content=\"en_US\" \/>\n<meta property=\"og:type\" content=\"article\" \/>\n<meta property=\"og:title\" content=\"CEO Verg\u00fctung bei SLI-Unternehmen gestiegen - Organisator\" \/>\n<meta property=\"og:description\" content=\"Die Studie \u201eCEO-Verg\u00fctung im SLI 2016\u201c zeigt eine gr\u00f6ssere Entlohnung der CEOs der SLI-Unternehmen 2016 (im Vergleich zum Vorjahr).\" \/>\n<meta property=\"og:url\" content=\"https:\/\/www.organisator.ch\/en\/management\/2017-03-30\/1698-2\/\" \/>\n<meta property=\"og:site_name\" content=\"Organisator\" \/>\n<meta property=\"article:publisher\" content=\"https:\/\/www.facebook.com\/OrganisatorFachmagazin\" \/>\n<meta property=\"article:published_time\" content=\"2017-03-30T15:00:07+00:00\" \/>\n<meta property=\"og:image\" content=\"https:\/\/www.organisator.ch\/wp-content\/uploads\/2017\/03\/CEO-Vergu\u0308tung-bei-SLI-Unternehmen-gestiegen-org-organisator-scaled.jpg\" \/>\n\t<meta property=\"og:image:width\" content=\"2560\" \/>\n\t<meta property=\"og:image:height\" content=\"1920\" \/>\n\t<meta property=\"og:image:type\" content=\"image\/jpeg\" \/>\n<meta name=\"author\" content=\"michael.merz\" \/>\n<meta name=\"twitter:card\" content=\"summary_large_image\" \/>\n<script type=\"application\/ld+json\" class=\"yoast-schema-graph\">{\"@context\":\"https:\\\/\\\/schema.org\",\"@graph\":[{\"@type\":\"Article\",\"@id\":\"https:\\\/\\\/www.organisator.ch\\\/management\\\/2017-03-30\\\/1698-2\\\/#article\",\"isPartOf\":{\"@id\":\"https:\\\/\\\/www.organisator.ch\\\/management\\\/2017-03-30\\\/1698-2\\\/\"},\"author\":{\"name\":\"michael.merz\",\"@id\":\"https:\\\/\\\/www.organisator.ch\\\/#\\\/schema\\\/person\\\/134708ca9321c57b0362cceb7948ffbd\"},\"headline\":\"CEO Verg\u00fctung bei SLI-Unternehmen gestiegen\",\"datePublished\":\"2017-03-30T15:00:07+00:00\",\"mainEntityOfPage\":{\"@id\":\"https:\\\/\\\/www.organisator.ch\\\/management\\\/2017-03-30\\\/1698-2\\\/\"},\"wordCount\":643,\"commentCount\":0,\"publisher\":{\"@id\":\"https:\\\/\\\/www.organisator.ch\\\/#organization\"},\"image\":{\"@id\":\"https:\\\/\\\/www.organisator.ch\\\/management\\\/2017-03-30\\\/1698-2\\\/#primaryimage\"},\"thumbnailUrl\":\"https:\\\/\\\/www.organisator.ch\\\/wp-content\\\/uploads\\\/2017\\\/03\\\/CEO-Vergu\u0308tung-bei-SLI-Unternehmen-gestiegen-org-organisator-scaled.jpg\",\"keywords\":[\"Bonus\",\"CEO L\u00f6hne\",\"SLI Index\",\"Willis Towers Watson\"],\"articleSection\":[\"MANAGEMENT\"],\"inLanguage\":\"en-US\"},{\"@type\":\"WebPage\",\"@id\":\"https:\\\/\\\/www.organisator.ch\\\/management\\\/2017-03-30\\\/1698-2\\\/\",\"url\":\"https:\\\/\\\/www.organisator.ch\\\/management\\\/2017-03-30\\\/1698-2\\\/\",\"name\":\"CEO Verg\u00fctung bei SLI-Unternehmen gestiegen - Organisator\",\"isPartOf\":{\"@id\":\"https:\\\/\\\/www.organisator.ch\\\/#website\"},\"primaryImageOfPage\":{\"@id\":\"https:\\\/\\\/www.organisator.ch\\\/management\\\/2017-03-30\\\/1698-2\\\/#primaryimage\"},\"image\":{\"@id\":\"https:\\\/\\\/www.organisator.ch\\\/management\\\/2017-03-30\\\/1698-2\\\/#primaryimage\"},\"thumbnailUrl\":\"https:\\\/\\\/www.organisator.ch\\\/wp-content\\\/uploads\\\/2017\\\/03\\\/CEO-Vergu\u0308tung-bei-SLI-Unternehmen-gestiegen-org-organisator-scaled.jpg\",\"datePublished\":\"2017-03-30T15:00:07+00:00\",\"description\":\"Die Studie \u201eCEO-Verg\u00fctung im SLI 2016\u201c zeigt eine gr\u00f6ssere Entlohnung der CEOs der SLI-Unternehmen 2016 (im Vergleich zum Vorjahr).\",\"breadcrumb\":{\"@id\":\"https:\\\/\\\/www.organisator.ch\\\/management\\\/2017-03-30\\\/1698-2\\\/#breadcrumb\"},\"inLanguage\":\"en-US\",\"potentialAction\":[{\"@type\":\"ReadAction\",\"target\":[\"https:\\\/\\\/www.organisator.ch\\\/management\\\/2017-03-30\\\/1698-2\\\/\"]}]},{\"@type\":\"ImageObject\",\"inLanguage\":\"en-US\",\"@id\":\"https:\\\/\\\/www.organisator.ch\\\/management\\\/2017-03-30\\\/1698-2\\\/#primaryimage\",\"url\":\"https:\\\/\\\/www.organisator.ch\\\/wp-content\\\/uploads\\\/2017\\\/03\\\/CEO-Vergu\u0308tung-bei-SLI-Unternehmen-gestiegen-org-organisator-scaled.jpg\",\"contentUrl\":\"https:\\\/\\\/www.organisator.ch\\\/wp-content\\\/uploads\\\/2017\\\/03\\\/CEO-Vergu\u0308tung-bei-SLI-Unternehmen-gestiegen-org-organisator-scaled.jpg\",\"width\":2560,\"height\":1920,\"caption\":\"Die L\u00f6hne der CEOs der SLI-Unternehmen sind im Vergleich zu 2015 erheblich gestiegen. (Bild: Alyo)\"},{\"@type\":\"BreadcrumbList\",\"@id\":\"https:\\\/\\\/www.organisator.ch\\\/management\\\/2017-03-30\\\/1698-2\\\/#breadcrumb\",\"itemListElement\":[{\"@type\":\"ListItem\",\"position\":1,\"name\":\"Home\",\"item\":\"https:\\\/\\\/www.organisator.ch\\\/\"},{\"@type\":\"ListItem\",\"position\":2,\"name\":\"CEO Verg\u00fctung bei SLI-Unternehmen gestiegen\"}]},{\"@type\":\"WebSite\",\"@id\":\"https:\\\/\\\/www.organisator.ch\\\/#website\",\"url\":\"https:\\\/\\\/www.organisator.ch\\\/\",\"name\":\"Organisator\",\"description\":\"Kompetent. Praxisnah. Der ORGANISATOR bereitet in 10 Ausgaben pro Jahr die wesentlichen Themen f\u00fcr F\u00fchrungskr\u00e4fte von KMU auf.\",\"publisher\":{\"@id\":\"https:\\\/\\\/www.organisator.ch\\\/#organization\"},\"potentialAction\":[{\"@type\":\"SearchAction\",\"target\":{\"@type\":\"EntryPoint\",\"urlTemplate\":\"https:\\\/\\\/www.organisator.ch\\\/?s={search_term_string}\"},\"query-input\":{\"@type\":\"PropertyValueSpecification\",\"valueRequired\":true,\"valueName\":\"search_term_string\"}}],\"inLanguage\":\"en-US\"},{\"@type\":\"Organization\",\"@id\":\"https:\\\/\\\/www.organisator.ch\\\/#organization\",\"name\":\"Organisator\",\"url\":\"https:\\\/\\\/www.organisator.ch\\\/\",\"logo\":{\"@type\":\"ImageObject\",\"inLanguage\":\"en-US\",\"@id\":\"https:\\\/\\\/www.organisator.ch\\\/#\\\/schema\\\/logo\\\/image\\\/\",\"url\":\"https:\\\/\\\/www.organisator.ch\\\/wp-content\\\/uploads\\\/2022\\\/01\\\/Logo_Organisator_Website.png\",\"contentUrl\":\"https:\\\/\\\/www.organisator.ch\\\/wp-content\\\/uploads\\\/2022\\\/01\\\/Logo_Organisator_Website.png\",\"width\":800,\"height\":77,\"caption\":\"Organisator\"},\"image\":{\"@id\":\"https:\\\/\\\/www.organisator.ch\\\/#\\\/schema\\\/logo\\\/image\\\/\"},\"sameAs\":[\"https:\\\/\\\/www.facebook.com\\\/OrganisatorFachmagazin\",\"https:\\\/\\\/www.linkedin.com\\\/showcase\\\/organisator-das-magazin-fr-kmu\",\"https:\\\/\\\/www.xing.com\\\/news\\\/pages\\\/organisator-ch-695\",\"https:\\\/\\\/www.youtube.com\\\/channel\\\/UCGP2Sq0iWaZwT3BdIAQFYpw\"]},{\"@type\":\"Person\",\"@id\":\"https:\\\/\\\/www.organisator.ch\\\/#\\\/schema\\\/person\\\/134708ca9321c57b0362cceb7948ffbd\",\"name\":\"michael.merz\",\"image\":{\"@type\":\"ImageObject\",\"inLanguage\":\"en-US\",\"@id\":\"https:\\\/\\\/secure.gravatar.com\\\/avatar\\\/?s=96&d=mm&r=g\",\"url\":\"https:\\\/\\\/secure.gravatar.com\\\/avatar\\\/?s=96&d=mm&r=g\",\"contentUrl\":\"https:\\\/\\\/secure.gravatar.com\\\/avatar\\\/?s=96&d=mm&r=g\",\"caption\":\"michael.merz\"},\"url\":\"https:\\\/\\\/www.organisator.ch\\\/en\\\/author\\\/michael-merz\\\/\"}]}<\/script>\n<!-- \/ Yoast SEO plugin. -->","yoast_head_json":{"title":"CEO compensation increased at SLI companies - Organizer","description":"The study \"CEO Compensation in the SLI 2016\" shows a larger compensation of the CEOs of the SLI companies in 2016 (compared to the previous year).","robots":{"index":"index","follow":"follow","max-snippet":"max-snippet:-1","max-image-preview":"max-image-preview:large","max-video-preview":"max-video-preview:-1"},"canonical":"https:\/\/www.organisator.ch\/en\/management\/2017-03-30\/1698-2\/","og_locale":"en_US","og_type":"article","og_title":"CEO Verg\u00fctung bei SLI-Unternehmen gestiegen - Organisator","og_description":"Die Studie \u201eCEO-Verg\u00fctung im SLI 2016\u201c zeigt eine gr\u00f6ssere Entlohnung der CEOs der SLI-Unternehmen 2016 (im Vergleich zum Vorjahr).","og_url":"https:\/\/www.organisator.ch\/en\/management\/2017-03-30\/1698-2\/","og_site_name":"Organisator","article_publisher":"https:\/\/www.facebook.com\/OrganisatorFachmagazin","article_published_time":"2017-03-30T15:00:07+00:00","og_image":[{"width":2560,"height":1920,"url":"https:\/\/www.organisator.ch\/wp-content\/uploads\/2017\/03\/CEO-Vergu\u0308tung-bei-SLI-Unternehmen-gestiegen-org-organisator-scaled.jpg","type":"image\/jpeg"}],"author":"michael.merz","twitter_card":"summary_large_image","schema":{"@context":"https:\/\/schema.org","@graph":[{"@type":"Article","@id":"https:\/\/www.organisator.ch\/management\/2017-03-30\/1698-2\/#article","isPartOf":{"@id":"https:\/\/www.organisator.ch\/management\/2017-03-30\/1698-2\/"},"author":{"name":"michael.merz","@id":"https:\/\/www.organisator.ch\/#\/schema\/person\/134708ca9321c57b0362cceb7948ffbd"},"headline":"CEO Verg\u00fctung bei SLI-Unternehmen gestiegen","datePublished":"2017-03-30T15:00:07+00:00","mainEntityOfPage":{"@id":"https:\/\/www.organisator.ch\/management\/2017-03-30\/1698-2\/"},"wordCount":643,"commentCount":0,"publisher":{"@id":"https:\/\/www.organisator.ch\/#organization"},"image":{"@id":"https:\/\/www.organisator.ch\/management\/2017-03-30\/1698-2\/#primaryimage"},"thumbnailUrl":"https:\/\/www.organisator.ch\/wp-content\/uploads\/2017\/03\/CEO-Vergu\u0308tung-bei-SLI-Unternehmen-gestiegen-org-organisator-scaled.jpg","keywords":["Bonus","CEO L\u00f6hne","SLI Index","Willis Towers Watson"],"articleSection":["MANAGEMENT"],"inLanguage":"en-US"},{"@type":"WebPage","@id":"https:\/\/www.organisator.ch\/management\/2017-03-30\/1698-2\/","url":"https:\/\/www.organisator.ch\/management\/2017-03-30\/1698-2\/","name":"CEO compensation increased at SLI companies - Organizer","isPartOf":{"@id":"https:\/\/www.organisator.ch\/#website"},"primaryImageOfPage":{"@id":"https:\/\/www.organisator.ch\/management\/2017-03-30\/1698-2\/#primaryimage"},"image":{"@id":"https:\/\/www.organisator.ch\/management\/2017-03-30\/1698-2\/#primaryimage"},"thumbnailUrl":"https:\/\/www.organisator.ch\/wp-content\/uploads\/2017\/03\/CEO-Vergu\u0308tung-bei-SLI-Unternehmen-gestiegen-org-organisator-scaled.jpg","datePublished":"2017-03-30T15:00:07+00:00","description":"The study \"CEO Compensation in the SLI 2016\" shows a larger compensation of the CEOs of the SLI companies in 2016 (compared to the previous year).","breadcrumb":{"@id":"https:\/\/www.organisator.ch\/management\/2017-03-30\/1698-2\/#breadcrumb"},"inLanguage":"en-US","potentialAction":[{"@type":"ReadAction","target":["https:\/\/www.organisator.ch\/management\/2017-03-30\/1698-2\/"]}]},{"@type":"ImageObject","inLanguage":"en-US","@id":"https:\/\/www.organisator.ch\/management\/2017-03-30\/1698-2\/#primaryimage","url":"https:\/\/www.organisator.ch\/wp-content\/uploads\/2017\/03\/CEO-Vergu\u0308tung-bei-SLI-Unternehmen-gestiegen-org-organisator-scaled.jpg","contentUrl":"https:\/\/www.organisator.ch\/wp-content\/uploads\/2017\/03\/CEO-Vergu\u0308tung-bei-SLI-Unternehmen-gestiegen-org-organisator-scaled.jpg","width":2560,"height":1920,"caption":"Die L\u00f6hne der CEOs der SLI-Unternehmen sind im Vergleich zu 2015 erheblich gestiegen. (Bild: Alyo)"},{"@type":"BreadcrumbList","@id":"https:\/\/www.organisator.ch\/management\/2017-03-30\/1698-2\/#breadcrumb","itemListElement":[{"@type":"ListItem","position":1,"name":"Home","item":"https:\/\/www.organisator.ch\/"},{"@type":"ListItem","position":2,"name":"CEO Verg\u00fctung bei SLI-Unternehmen gestiegen"}]},{"@type":"WebSite","@id":"https:\/\/www.organisator.ch\/#website","url":"https:\/\/www.organisator.ch\/","name":"Organizer","description":"Competent. Practical. In 10 issues per year, ORGANISATOR presents the essential topics for managers of SMEs.","publisher":{"@id":"https:\/\/www.organisator.ch\/#organization"},"potentialAction":[{"@type":"SearchAction","target":{"@type":"EntryPoint","urlTemplate":"https:\/\/www.organisator.ch\/?s={search_term_string}"},"query-input":{"@type":"PropertyValueSpecification","valueRequired":true,"valueName":"search_term_string"}}],"inLanguage":"en-US"},{"@type":"Organization","@id":"https:\/\/www.organisator.ch\/#organization","name":"Organizer","url":"https:\/\/www.organisator.ch\/","logo":{"@type":"ImageObject","inLanguage":"en-US","@id":"https:\/\/www.organisator.ch\/#\/schema\/logo\/image\/","url":"https:\/\/www.organisator.ch\/wp-content\/uploads\/2022\/01\/Logo_Organisator_Website.png","contentUrl":"https:\/\/www.organisator.ch\/wp-content\/uploads\/2022\/01\/Logo_Organisator_Website.png","width":800,"height":77,"caption":"Organisator"},"image":{"@id":"https:\/\/www.organisator.ch\/#\/schema\/logo\/image\/"},"sameAs":["https:\/\/www.facebook.com\/OrganisatorFachmagazin","https:\/\/www.linkedin.com\/showcase\/organisator-das-magazin-fr-kmu","https:\/\/www.xing.com\/news\/pages\/organisator-ch-695","https:\/\/www.youtube.com\/channel\/UCGP2Sq0iWaZwT3BdIAQFYpw"]},{"@type":"Person","@id":"https:\/\/www.organisator.ch\/#\/schema\/person\/134708ca9321c57b0362cceb7948ffbd","name":"michael.merz","image":{"@type":"ImageObject","inLanguage":"en-US","@id":"https:\/\/secure.gravatar.com\/avatar\/?s=96&d=mm&r=g","url":"https:\/\/secure.gravatar.com\/avatar\/?s=96&d=mm&r=g","contentUrl":"https:\/\/secure.gravatar.com\/avatar\/?s=96&d=mm&r=g","caption":"michael.merz"},"url":"https:\/\/www.organisator.ch\/en\/author\/michael-merz\/"}]}},"_links":{"self":[{"href":"https:\/\/www.organisator.ch\/en\/wp-json\/wp\/v2\/posts\/1698","targetHints":{"allow":["GET"]}}],"collection":[{"href":"https:\/\/www.organisator.ch\/en\/wp-json\/wp\/v2\/posts"}],"about":[{"href":"https:\/\/www.organisator.ch\/en\/wp-json\/wp\/v2\/types\/post"}],"author":[{"embeddable":true,"href":"https:\/\/www.organisator.ch\/en\/wp-json\/wp\/v2\/users\/5"}],"replies":[{"embeddable":true,"href":"https:\/\/www.organisator.ch\/en\/wp-json\/wp\/v2\/comments?post=1698"}],"version-history":[{"count":0,"href":"https:\/\/www.organisator.ch\/en\/wp-json\/wp\/v2\/posts\/1698\/revisions"}],"wp:featuredmedia":[{"embeddable":true,"href":"https:\/\/www.organisator.ch\/en\/wp-json\/wp\/v2\/media\/1699"}],"wp:attachment":[{"href":"https:\/\/www.organisator.ch\/en\/wp-json\/wp\/v2\/media?parent=1698"}],"wp:term":[{"taxonomy":"category","embeddable":true,"href":"https:\/\/www.organisator.ch\/en\/wp-json\/wp\/v2\/categories?post=1698"},{"taxonomy":"post_tag","embeddable":true,"href":"https:\/\/www.organisator.ch\/en\/wp-json\/wp\/v2\/tags?post=1698"}],"curies":[{"name":"wp","href":"https:\/\/api.w.org\/{rel}","templated":true}]}}