{"id":17069,"date":"2022-09-26T16:19:42","date_gmt":"2022-09-26T14:19:42","guid":{"rendered":"https:\/\/www.organisator.ch\/?p=17069"},"modified":"2022-09-26T16:19:42","modified_gmt":"2022-09-26T14:19:42","slug":"werkplatz-schweiz-energie-wird-zur-zusaetzlichen-belastungsprobe","status":"publish","type":"post","link":"https:\/\/www.organisator.ch\/en\/operational-excellence\/2022-09-26\/werkplatz-schweiz-energie-wird-zur-zusaetzlichen-belastungsprobe\/","title":{"rendered":"Switzerland as a workplace: energy becomes an additional test of endurance"},"content":{"rendered":"<figure id=\"attachment_17070\" aria-describedby=\"caption-attachment-17070\" style=\"width: 680px\" class=\"wp-caption alignnone\"><img loading=\"lazy\" decoding=\"async\" class=\"size-full wp-image-17070\" src=\"https:\/\/www.organisator.ch\/wp-content\/uploads\/2022\/09\/Werkplatz-Schweiz-Energie-wird-zur-zusatzlichen-Belastungsprobe_Organisator.jpg\" alt=\"\" width=\"680\" height=\"453\" srcset=\"https:\/\/www.organisator.ch\/wp-content\/uploads\/2022\/09\/Werkplatz-Schweiz-Energie-wird-zur-zusatzlichen-Belastungsprobe_Organisator.jpg 680w, https:\/\/www.organisator.ch\/wp-content\/uploads\/2022\/09\/Werkplatz-Schweiz-Energie-wird-zur-zusatzlichen-Belastungsprobe_Organisator-18x12.jpg 18w, https:\/\/www.organisator.ch\/wp-content\/uploads\/2022\/09\/Werkplatz-Schweiz-Energie-wird-zur-zusatzlichen-Belastungsprobe_Organisator-263x175.jpg 263w, https:\/\/www.organisator.ch\/wp-content\/uploads\/2022\/09\/Werkplatz-Schweiz-Energie-wird-zur-zusatzlichen-Belastungsprobe_Organisator-525x350.jpg 525w, https:\/\/www.organisator.ch\/wp-content\/uploads\/2022\/09\/Werkplatz-Schweiz-Energie-wird-zur-zusatzlichen-Belastungsprobe_Organisator-300x200.jpg 300w\" sizes=\"auto, (max-width: 680px) 100vw, 680px\" \/><figcaption id=\"caption-attachment-17070\" class=\"wp-caption-text\">Impending shortages of electricity and other energy sources are causing existential difficulties for Switzerland as a manufacturing center. (Image: Pixabay.com)<\/figcaption><\/figure>\n<p>Like the oxygen we breathe, energy is part of the lifeblood of a manufacturing industry. Decades of price stability and security of supply in the provision of energy have been massively affected by recent developments. A recent survey by Swissmechanic shows that the sharp price increases and the looming energy shortage pose an existential threat to many companies.<\/p>\n<h3><strong>Situation critical for Switzerland as a workplace<\/strong><\/h3>\n<p>More than 160 Swissmechanic companies from all regions of Switzerland have expressed their views on the effects of the development of the main energy sources electricity and gas. Massive price increases dominate energy procurement. For a good two-fifths of SMEs, the figure is at least 50 percent. Some companies even report price increases of over 500 percent, and in certain cases electricity tariff increases of up to 1600 percent are reported.<\/p>\n<p>60 percent of the companies surveyed do have long-term contracts with energy suppliers. However, many of these contracts are currently expiring or will expire at the end of the year. This will make procurement even more expensive. \"The situation is critical. We cannot pass these prices on to the market,\" knows J\u00fcrg Zwahlen, owner of Birchmeier Spr\u00fchtechnik AG. \"Swiss industrial companies already have an enormously difficult competitive position in foreign markets due to the constantly appreciating franc. Now exorbitantly rising electricity costs are added to this. Another locational advantage is dissolving.\"<\/p>\n<h3><strong>Shutdowns threaten existence<\/strong><\/h3>\n<p>Another threat is likely to arise from an energy shortage. The interruption of the energy supply for a period of four hours a day over a longer period would endanger the existence of their company, confirm more than two thirds of the Swissmechanic companies surveyed. This would force them to withdraw from the market.<\/p>\n<p>For Swissmechanic, securing electricity and gas supplies in the short term has top priority. \"Bans, restrictions and quotas, such as those currently being considered and planned by politicians, must not be implemented, or only in extreme emergencies and with the involvement of the economy\/companies, and then only for a limited period of time,\" emphasizes association director J\u00fcrg Marti. He also points out the danger of a creeping expansion of the state apparatus in the wake of reporting obligations, control and sanctioning measures.<\/p>\n<h3><strong>Demand: Adjust overpriced grid usage<\/strong><\/h3>\n<p>To defuse the supply situation, Swissmechanic expects voluntary savings efforts from companies and private households alike. If these are not sufficient, the association supports the proposal of the Swiss Trade Association, according to which value chains and industries enter into energy-saving agreements with the economic national supply, with plans that it has developed itself.<\/p>\n<p>Furthermore, Swissmechanic sees grid costs and levies to the communities as a lever against rising electricity prices and demands that the Federal Council adjust the overpriced grid usage.<\/p>\n<p>A reliable and affordable energy supply has been the basis for Switzerland as a manufacturing location for well over a hundred years. Swissmechanic demands a reliable energy policy from the Federal Council and Parliament that creates solid electricity production capacities in the short, medium and long term.<\/p>\n<p><em>Source: <a href=\"http:\/\/www.swissmechanic.ch\">Swissmechanic<\/a><\/em><\/p>","protected":false},"excerpt":{"rendered":"<p>Wie der Sauerstoff zum Atmen geh\u00f6rt die Energie zum Lebenselixier einer produzierenden Industrie. Die jahrzehntelange Preisstabilit\u00e4t und Versorgungssicherheit in der Energiebereitstellung sind durch die j\u00fcngste Entwicklung massiv in Mitleidenschaft gezogen worden. Eine aktuelle Umfrage von Swissmechanic zeigt, dass die starken Preiserh\u00f6hungen und die sich abzeichnende Energiemangel\u00adlage f\u00fcr viele Betriebe eine existenzielle Bedrohung darstellt. Situation f\u00fcr [&hellip;]<\/p>\n","protected":false},"author":4,"featured_media":17070,"comment_status":"closed","ping_status":"closed","sticky":false,"template":"","format":"standard","meta":{"_acf_changed":false,"_yoast_wpseo_focuskw":"Werkplatz Schweiz","_yoast_wpseo_metadesc":"Werkplatz Schweiz in Gefahr: Die aktuelle Situation im Strom- und Gasmarkt bedroht die KMU der Maschinen-, Metall- und Elektroindustrie.","articlekey":"","footnotes":""},"categories":[582],"tags":[584,3415,3414,503],"class_list":["post-17069","post","type-post","status-publish","format-standard","has-post-thumbnail","hentry","category-operational-excellence","tag-energie","tag-mangellage","tag-swissmechanic","tag-verbaende"],"acf":[],"yoast_head":"<!-- This site is optimized with the Yoast SEO plugin v27.5 - https:\/\/yoast.com\/product\/yoast-seo-wordpress\/ -->\n<title>Werkplatz Schweiz: Energie wird zur zus\u00e4tzlichen Belastungsprobe - Organisator<\/title>\n<meta name=\"description\" content=\"Werkplatz Schweiz in Gefahr: Die aktuelle Situation im Strom- und Gasmarkt bedroht die KMU der Maschinen-, Metall- und Elektroindustrie.\" \/>\n<meta name=\"robots\" content=\"index, follow, max-snippet:-1, max-image-preview:large, max-video-preview:-1\" \/>\n<link rel=\"canonical\" href=\"https:\/\/www.organisator.ch\/en\/operational-excellence\/2022-09-26\/werkplatz-schweiz-energie-wird-zur-zusaetzlichen-belastungsprobe\/\" \/>\n<meta property=\"og:locale\" content=\"en_US\" \/>\n<meta property=\"og:type\" content=\"article\" \/>\n<meta property=\"og:title\" content=\"Werkplatz Schweiz: Energie wird zur zus\u00e4tzlichen Belastungsprobe\" \/>\n<meta property=\"og:description\" content=\"Werkplatz Schweiz in Gefahr: Die aktuelle Situation im Strom- und Gasmarkt bedroht die KMU der Maschinen-, Metall- und Elektroindustrie.\" \/>\n<meta property=\"og:url\" content=\"https:\/\/www.organisator.ch\/en\/operational-excellence\/2022-09-26\/werkplatz-schweiz-energie-wird-zur-zusaetzlichen-belastungsprobe\/\" \/>\n<meta property=\"og:site_name\" content=\"Organisator\" \/>\n<meta property=\"article:publisher\" content=\"https:\/\/www.facebook.com\/OrganisatorFachmagazin\" \/>\n<meta property=\"article:published_time\" content=\"2022-09-26T14:19:42+00:00\" \/>\n<meta property=\"og:image\" content=\"https:\/\/www.organisator.ch\/wp-content\/uploads\/2022\/09\/Werkplatz-Schweiz-Energie-wird-zur-zusatzlichen-Belastungsprobe_Organisator.jpg\" \/>\n\t<meta property=\"og:image:width\" content=\"680\" \/>\n\t<meta property=\"og:image:height\" content=\"453\" \/>\n\t<meta property=\"og:image:type\" content=\"image\/jpeg\" \/>\n<meta name=\"author\" content=\"thomas.berner\" \/>\n<meta name=\"twitter:card\" content=\"summary_large_image\" \/>\n<meta name=\"twitter:title\" content=\"#Werkplatz Schweiz: #Energie wird zur zus\u00e4tzlichen #Belastungsprobe\" \/>\n<meta name=\"twitter:description\" content=\"#Werkplatz Schweiz in #Gefahr: Die aktuelle Situation im Strom- und #Gasmarkt bedroht die #KMU der Maschinen-, Metall- und Elektroindustrie.\" \/>\n<meta name=\"twitter:image\" content=\"https:\/\/www.organisator.ch\/wp-content\/uploads\/2022\/09\/Werkplatz-Schweiz-Energie-wird-zur-zusatzlichen-Belastungsprobe_Organisator.jpg\" \/>\n<script type=\"application\/ld+json\" class=\"yoast-schema-graph\">{\"@context\":\"https:\\\/\\\/schema.org\",\"@graph\":[{\"@type\":\"Article\",\"@id\":\"https:\\\/\\\/www.organisator.ch\\\/operational-excellence\\\/2022-09-26\\\/werkplatz-schweiz-energie-wird-zur-zusaetzlichen-belastungsprobe\\\/#article\",\"isPartOf\":{\"@id\":\"https:\\\/\\\/www.organisator.ch\\\/operational-excellence\\\/2022-09-26\\\/werkplatz-schweiz-energie-wird-zur-zusaetzlichen-belastungsprobe\\\/\"},\"author\":{\"name\":\"thomas.berner\",\"@id\":\"https:\\\/\\\/www.organisator.ch\\\/#\\\/schema\\\/person\\\/6f650f90b2842cd4c0cc334b4e36f67e\"},\"headline\":\"Werkplatz Schweiz: Energie wird zur zus\u00e4tzlichen Belastungsprobe\",\"datePublished\":\"2022-09-26T14:19:42+00:00\",\"mainEntityOfPage\":{\"@id\":\"https:\\\/\\\/www.organisator.ch\\\/operational-excellence\\\/2022-09-26\\\/werkplatz-schweiz-energie-wird-zur-zusaetzlichen-belastungsprobe\\\/\"},\"wordCount\":502,\"publisher\":{\"@id\":\"https:\\\/\\\/www.organisator.ch\\\/#organization\"},\"image\":{\"@id\":\"https:\\\/\\\/www.organisator.ch\\\/operational-excellence\\\/2022-09-26\\\/werkplatz-schweiz-energie-wird-zur-zusaetzlichen-belastungsprobe\\\/#primaryimage\"},\"thumbnailUrl\":\"https:\\\/\\\/www.organisator.ch\\\/wp-content\\\/uploads\\\/2022\\\/09\\\/Werkplatz-Schweiz-Energie-wird-zur-zusatzlichen-Belastungsprobe_Organisator.jpg\",\"keywords\":[\"ENERGIE\",\"Mangellage\",\"Swissmechanic\",\"Verb\u00e4nde\"],\"articleSection\":[\"OPERATIONAL EXCELLENCE\"],\"inLanguage\":\"en-US\"},{\"@type\":\"WebPage\",\"@id\":\"https:\\\/\\\/www.organisator.ch\\\/operational-excellence\\\/2022-09-26\\\/werkplatz-schweiz-energie-wird-zur-zusaetzlichen-belastungsprobe\\\/\",\"url\":\"https:\\\/\\\/www.organisator.ch\\\/operational-excellence\\\/2022-09-26\\\/werkplatz-schweiz-energie-wird-zur-zusaetzlichen-belastungsprobe\\\/\",\"name\":\"Werkplatz Schweiz: Energie wird zur zus\u00e4tzlichen Belastungsprobe - Organisator\",\"isPartOf\":{\"@id\":\"https:\\\/\\\/www.organisator.ch\\\/#website\"},\"primaryImageOfPage\":{\"@id\":\"https:\\\/\\\/www.organisator.ch\\\/operational-excellence\\\/2022-09-26\\\/werkplatz-schweiz-energie-wird-zur-zusaetzlichen-belastungsprobe\\\/#primaryimage\"},\"image\":{\"@id\":\"https:\\\/\\\/www.organisator.ch\\\/operational-excellence\\\/2022-09-26\\\/werkplatz-schweiz-energie-wird-zur-zusaetzlichen-belastungsprobe\\\/#primaryimage\"},\"thumbnailUrl\":\"https:\\\/\\\/www.organisator.ch\\\/wp-content\\\/uploads\\\/2022\\\/09\\\/Werkplatz-Schweiz-Energie-wird-zur-zusatzlichen-Belastungsprobe_Organisator.jpg\",\"datePublished\":\"2022-09-26T14:19:42+00:00\",\"description\":\"Werkplatz Schweiz in Gefahr: Die aktuelle Situation im Strom- und Gasmarkt bedroht die KMU der Maschinen-, Metall- und Elektroindustrie.\",\"breadcrumb\":{\"@id\":\"https:\\\/\\\/www.organisator.ch\\\/operational-excellence\\\/2022-09-26\\\/werkplatz-schweiz-energie-wird-zur-zusaetzlichen-belastungsprobe\\\/#breadcrumb\"},\"inLanguage\":\"en-US\",\"potentialAction\":[{\"@type\":\"ReadAction\",\"target\":[\"https:\\\/\\\/www.organisator.ch\\\/operational-excellence\\\/2022-09-26\\\/werkplatz-schweiz-energie-wird-zur-zusaetzlichen-belastungsprobe\\\/\"]}]},{\"@type\":\"ImageObject\",\"inLanguage\":\"en-US\",\"@id\":\"https:\\\/\\\/www.organisator.ch\\\/operational-excellence\\\/2022-09-26\\\/werkplatz-schweiz-energie-wird-zur-zusaetzlichen-belastungsprobe\\\/#primaryimage\",\"url\":\"https:\\\/\\\/www.organisator.ch\\\/wp-content\\\/uploads\\\/2022\\\/09\\\/Werkplatz-Schweiz-Energie-wird-zur-zusatzlichen-Belastungsprobe_Organisator.jpg\",\"contentUrl\":\"https:\\\/\\\/www.organisator.ch\\\/wp-content\\\/uploads\\\/2022\\\/09\\\/Werkplatz-Schweiz-Energie-wird-zur-zusatzlichen-Belastungsprobe_Organisator.jpg\",\"width\":680,\"height\":453,\"caption\":\"Drohende Mangellagen bei Strom und anderen Energietr\u00e4gern bringen den Werkplatz Schweiz in existenzielle Schwierigkeiten. (Bild: Pixabay.com)\"},{\"@type\":\"BreadcrumbList\",\"@id\":\"https:\\\/\\\/www.organisator.ch\\\/operational-excellence\\\/2022-09-26\\\/werkplatz-schweiz-energie-wird-zur-zusaetzlichen-belastungsprobe\\\/#breadcrumb\",\"itemListElement\":[{\"@type\":\"ListItem\",\"position\":1,\"name\":\"Home\",\"item\":\"https:\\\/\\\/www.organisator.ch\\\/\"},{\"@type\":\"ListItem\",\"position\":2,\"name\":\"Werkplatz Schweiz: Energie wird zur zus\u00e4tzlichen Belastungsprobe\"}]},{\"@type\":\"WebSite\",\"@id\":\"https:\\\/\\\/www.organisator.ch\\\/#website\",\"url\":\"https:\\\/\\\/www.organisator.ch\\\/\",\"name\":\"Organisator\",\"description\":\"Kompetent. Praxisnah. Der ORGANISATOR bereitet in 10 Ausgaben pro Jahr die wesentlichen Themen f\u00fcr F\u00fchrungskr\u00e4fte von KMU auf.\",\"publisher\":{\"@id\":\"https:\\\/\\\/www.organisator.ch\\\/#organization\"},\"potentialAction\":[{\"@type\":\"SearchAction\",\"target\":{\"@type\":\"EntryPoint\",\"urlTemplate\":\"https:\\\/\\\/www.organisator.ch\\\/?s={search_term_string}\"},\"query-input\":{\"@type\":\"PropertyValueSpecification\",\"valueRequired\":true,\"valueName\":\"search_term_string\"}}],\"inLanguage\":\"en-US\"},{\"@type\":\"Organization\",\"@id\":\"https:\\\/\\\/www.organisator.ch\\\/#organization\",\"name\":\"Organisator\",\"url\":\"https:\\\/\\\/www.organisator.ch\\\/\",\"logo\":{\"@type\":\"ImageObject\",\"inLanguage\":\"en-US\",\"@id\":\"https:\\\/\\\/www.organisator.ch\\\/#\\\/schema\\\/logo\\\/image\\\/\",\"url\":\"https:\\\/\\\/www.organisator.ch\\\/wp-content\\\/uploads\\\/2022\\\/01\\\/Logo_Organisator_Website.png\",\"contentUrl\":\"https:\\\/\\\/www.organisator.ch\\\/wp-content\\\/uploads\\\/2022\\\/01\\\/Logo_Organisator_Website.png\",\"width\":800,\"height\":77,\"caption\":\"Organisator\"},\"image\":{\"@id\":\"https:\\\/\\\/www.organisator.ch\\\/#\\\/schema\\\/logo\\\/image\\\/\"},\"sameAs\":[\"https:\\\/\\\/www.facebook.com\\\/OrganisatorFachmagazin\",\"https:\\\/\\\/www.linkedin.com\\\/showcase\\\/organisator-das-magazin-fr-kmu\",\"https:\\\/\\\/www.xing.com\\\/news\\\/pages\\\/organisator-ch-695\",\"https:\\\/\\\/www.youtube.com\\\/channel\\\/UCGP2Sq0iWaZwT3BdIAQFYpw\"]},{\"@type\":\"Person\",\"@id\":\"https:\\\/\\\/www.organisator.ch\\\/#\\\/schema\\\/person\\\/6f650f90b2842cd4c0cc334b4e36f67e\",\"name\":\"thomas.berner\",\"image\":{\"@type\":\"ImageObject\",\"inLanguage\":\"en-US\",\"@id\":\"https:\\\/\\\/secure.gravatar.com\\\/avatar\\\/ac5001d2a36cb6c6cd3e50789007ffca834b477b74a2144564522e944eabff61?s=96&d=mm&r=g\",\"url\":\"https:\\\/\\\/secure.gravatar.com\\\/avatar\\\/ac5001d2a36cb6c6cd3e50789007ffca834b477b74a2144564522e944eabff61?s=96&d=mm&r=g\",\"contentUrl\":\"https:\\\/\\\/secure.gravatar.com\\\/avatar\\\/ac5001d2a36cb6c6cd3e50789007ffca834b477b74a2144564522e944eabff61?s=96&d=mm&r=g\",\"caption\":\"thomas.berner\"},\"url\":\"https:\\\/\\\/www.organisator.ch\\\/en\\\/author\\\/thomas-berner\\\/\"}]}<\/script>\n<!-- \/ Yoast SEO plugin. -->","yoast_head_json":{"title":"Switzerland as a workplace: energy becomes an additional test of endurance - Organizer","description":"Switzerland as a place to work in danger: The current situation in the electricity and gas market is threatening SMEs in the mechanical engineering, metalworking and electrical industries.","robots":{"index":"index","follow":"follow","max-snippet":"max-snippet:-1","max-image-preview":"max-image-preview:large","max-video-preview":"max-video-preview:-1"},"canonical":"https:\/\/www.organisator.ch\/en\/operational-excellence\/2022-09-26\/werkplatz-schweiz-energie-wird-zur-zusaetzlichen-belastungsprobe\/","og_locale":"en_US","og_type":"article","og_title":"Werkplatz Schweiz: Energie wird zur zus\u00e4tzlichen Belastungsprobe","og_description":"Werkplatz Schweiz in Gefahr: Die aktuelle Situation im Strom- und Gasmarkt bedroht die KMU der Maschinen-, Metall- und Elektroindustrie.","og_url":"https:\/\/www.organisator.ch\/en\/operational-excellence\/2022-09-26\/werkplatz-schweiz-energie-wird-zur-zusaetzlichen-belastungsprobe\/","og_site_name":"Organisator","article_publisher":"https:\/\/www.facebook.com\/OrganisatorFachmagazin","article_published_time":"2022-09-26T14:19:42+00:00","og_image":[{"width":680,"height":453,"url":"https:\/\/www.organisator.ch\/wp-content\/uploads\/2022\/09\/Werkplatz-Schweiz-Energie-wird-zur-zusatzlichen-Belastungsprobe_Organisator.jpg","type":"image\/jpeg"}],"author":"thomas.berner","twitter_card":"summary_large_image","twitter_title":"#Werkplatz Schweiz: #Energie wird zur zus\u00e4tzlichen #Belastungsprobe","twitter_description":"#Werkplatz Schweiz in #Gefahr: Die aktuelle Situation im Strom- und #Gasmarkt bedroht die #KMU der Maschinen-, Metall- und Elektroindustrie.","twitter_image":"https:\/\/www.organisator.ch\/wp-content\/uploads\/2022\/09\/Werkplatz-Schweiz-Energie-wird-zur-zusatzlichen-Belastungsprobe_Organisator.jpg","schema":{"@context":"https:\/\/schema.org","@graph":[{"@type":"Article","@id":"https:\/\/www.organisator.ch\/operational-excellence\/2022-09-26\/werkplatz-schweiz-energie-wird-zur-zusaetzlichen-belastungsprobe\/#article","isPartOf":{"@id":"https:\/\/www.organisator.ch\/operational-excellence\/2022-09-26\/werkplatz-schweiz-energie-wird-zur-zusaetzlichen-belastungsprobe\/"},"author":{"name":"thomas.berner","@id":"https:\/\/www.organisator.ch\/#\/schema\/person\/6f650f90b2842cd4c0cc334b4e36f67e"},"headline":"Werkplatz Schweiz: Energie wird zur zus\u00e4tzlichen Belastungsprobe","datePublished":"2022-09-26T14:19:42+00:00","mainEntityOfPage":{"@id":"https:\/\/www.organisator.ch\/operational-excellence\/2022-09-26\/werkplatz-schweiz-energie-wird-zur-zusaetzlichen-belastungsprobe\/"},"wordCount":502,"publisher":{"@id":"https:\/\/www.organisator.ch\/#organization"},"image":{"@id":"https:\/\/www.organisator.ch\/operational-excellence\/2022-09-26\/werkplatz-schweiz-energie-wird-zur-zusaetzlichen-belastungsprobe\/#primaryimage"},"thumbnailUrl":"https:\/\/www.organisator.ch\/wp-content\/uploads\/2022\/09\/Werkplatz-Schweiz-Energie-wird-zur-zusatzlichen-Belastungsprobe_Organisator.jpg","keywords":["ENERGIE","Mangellage","Swissmechanic","Verb\u00e4nde"],"articleSection":["OPERATIONAL EXCELLENCE"],"inLanguage":"en-US"},{"@type":"WebPage","@id":"https:\/\/www.organisator.ch\/operational-excellence\/2022-09-26\/werkplatz-schweiz-energie-wird-zur-zusaetzlichen-belastungsprobe\/","url":"https:\/\/www.organisator.ch\/operational-excellence\/2022-09-26\/werkplatz-schweiz-energie-wird-zur-zusaetzlichen-belastungsprobe\/","name":"Switzerland as a workplace: energy becomes an additional test of endurance - Organizer","isPartOf":{"@id":"https:\/\/www.organisator.ch\/#website"},"primaryImageOfPage":{"@id":"https:\/\/www.organisator.ch\/operational-excellence\/2022-09-26\/werkplatz-schweiz-energie-wird-zur-zusaetzlichen-belastungsprobe\/#primaryimage"},"image":{"@id":"https:\/\/www.organisator.ch\/operational-excellence\/2022-09-26\/werkplatz-schweiz-energie-wird-zur-zusaetzlichen-belastungsprobe\/#primaryimage"},"thumbnailUrl":"https:\/\/www.organisator.ch\/wp-content\/uploads\/2022\/09\/Werkplatz-Schweiz-Energie-wird-zur-zusatzlichen-Belastungsprobe_Organisator.jpg","datePublished":"2022-09-26T14:19:42+00:00","description":"Switzerland as a place to work in danger: The current situation in the electricity and gas market is threatening SMEs in the mechanical engineering, metalworking and electrical industries.","breadcrumb":{"@id":"https:\/\/www.organisator.ch\/operational-excellence\/2022-09-26\/werkplatz-schweiz-energie-wird-zur-zusaetzlichen-belastungsprobe\/#breadcrumb"},"inLanguage":"en-US","potentialAction":[{"@type":"ReadAction","target":["https:\/\/www.organisator.ch\/operational-excellence\/2022-09-26\/werkplatz-schweiz-energie-wird-zur-zusaetzlichen-belastungsprobe\/"]}]},{"@type":"ImageObject","inLanguage":"en-US","@id":"https:\/\/www.organisator.ch\/operational-excellence\/2022-09-26\/werkplatz-schweiz-energie-wird-zur-zusaetzlichen-belastungsprobe\/#primaryimage","url":"https:\/\/www.organisator.ch\/wp-content\/uploads\/2022\/09\/Werkplatz-Schweiz-Energie-wird-zur-zusatzlichen-Belastungsprobe_Organisator.jpg","contentUrl":"https:\/\/www.organisator.ch\/wp-content\/uploads\/2022\/09\/Werkplatz-Schweiz-Energie-wird-zur-zusatzlichen-Belastungsprobe_Organisator.jpg","width":680,"height":453,"caption":"Drohende Mangellagen bei Strom und anderen Energietr\u00e4gern bringen den Werkplatz Schweiz in existenzielle Schwierigkeiten. (Bild: Pixabay.com)"},{"@type":"BreadcrumbList","@id":"https:\/\/www.organisator.ch\/operational-excellence\/2022-09-26\/werkplatz-schweiz-energie-wird-zur-zusaetzlichen-belastungsprobe\/#breadcrumb","itemListElement":[{"@type":"ListItem","position":1,"name":"Home","item":"https:\/\/www.organisator.ch\/"},{"@type":"ListItem","position":2,"name":"Werkplatz Schweiz: Energie wird zur zus\u00e4tzlichen Belastungsprobe"}]},{"@type":"WebSite","@id":"https:\/\/www.organisator.ch\/#website","url":"https:\/\/www.organisator.ch\/","name":"Organizer","description":"Competent. Practical. In 10 issues per year, ORGANISATOR presents the essential topics for managers of SMEs.","publisher":{"@id":"https:\/\/www.organisator.ch\/#organization"},"potentialAction":[{"@type":"SearchAction","target":{"@type":"EntryPoint","urlTemplate":"https:\/\/www.organisator.ch\/?s={search_term_string}"},"query-input":{"@type":"PropertyValueSpecification","valueRequired":true,"valueName":"search_term_string"}}],"inLanguage":"en-US"},{"@type":"Organization","@id":"https:\/\/www.organisator.ch\/#organization","name":"Organizer","url":"https:\/\/www.organisator.ch\/","logo":{"@type":"ImageObject","inLanguage":"en-US","@id":"https:\/\/www.organisator.ch\/#\/schema\/logo\/image\/","url":"https:\/\/www.organisator.ch\/wp-content\/uploads\/2022\/01\/Logo_Organisator_Website.png","contentUrl":"https:\/\/www.organisator.ch\/wp-content\/uploads\/2022\/01\/Logo_Organisator_Website.png","width":800,"height":77,"caption":"Organisator"},"image":{"@id":"https:\/\/www.organisator.ch\/#\/schema\/logo\/image\/"},"sameAs":["https:\/\/www.facebook.com\/OrganisatorFachmagazin","https:\/\/www.linkedin.com\/showcase\/organisator-das-magazin-fr-kmu","https:\/\/www.xing.com\/news\/pages\/organisator-ch-695","https:\/\/www.youtube.com\/channel\/UCGP2Sq0iWaZwT3BdIAQFYpw"]},{"@type":"Person","@id":"https:\/\/www.organisator.ch\/#\/schema\/person\/6f650f90b2842cd4c0cc334b4e36f67e","name":"thomas.berner","image":{"@type":"ImageObject","inLanguage":"en-US","@id":"https:\/\/secure.gravatar.com\/avatar\/ac5001d2a36cb6c6cd3e50789007ffca834b477b74a2144564522e944eabff61?s=96&d=mm&r=g","url":"https:\/\/secure.gravatar.com\/avatar\/ac5001d2a36cb6c6cd3e50789007ffca834b477b74a2144564522e944eabff61?s=96&d=mm&r=g","contentUrl":"https:\/\/secure.gravatar.com\/avatar\/ac5001d2a36cb6c6cd3e50789007ffca834b477b74a2144564522e944eabff61?s=96&d=mm&r=g","caption":"thomas.berner"},"url":"https:\/\/www.organisator.ch\/en\/author\/thomas-berner\/"}]}},"_links":{"self":[{"href":"https:\/\/www.organisator.ch\/en\/wp-json\/wp\/v2\/posts\/17069","targetHints":{"allow":["GET"]}}],"collection":[{"href":"https:\/\/www.organisator.ch\/en\/wp-json\/wp\/v2\/posts"}],"about":[{"href":"https:\/\/www.organisator.ch\/en\/wp-json\/wp\/v2\/types\/post"}],"author":[{"embeddable":true,"href":"https:\/\/www.organisator.ch\/en\/wp-json\/wp\/v2\/users\/4"}],"replies":[{"embeddable":true,"href":"https:\/\/www.organisator.ch\/en\/wp-json\/wp\/v2\/comments?post=17069"}],"version-history":[{"count":1,"href":"https:\/\/www.organisator.ch\/en\/wp-json\/wp\/v2\/posts\/17069\/revisions"}],"predecessor-version":[{"id":17071,"href":"https:\/\/www.organisator.ch\/en\/wp-json\/wp\/v2\/posts\/17069\/revisions\/17071"}],"wp:featuredmedia":[{"embeddable":true,"href":"https:\/\/www.organisator.ch\/en\/wp-json\/wp\/v2\/media\/17070"}],"wp:attachment":[{"href":"https:\/\/www.organisator.ch\/en\/wp-json\/wp\/v2\/media?parent=17069"}],"wp:term":[{"taxonomy":"category","embeddable":true,"href":"https:\/\/www.organisator.ch\/en\/wp-json\/wp\/v2\/categories?post=17069"},{"taxonomy":"post_tag","embeddable":true,"href":"https:\/\/www.organisator.ch\/en\/wp-json\/wp\/v2\/tags?post=17069"}],"curies":[{"name":"wp","href":"https:\/\/api.w.org\/{rel}","templated":true}]}}