{"id":17082,"date":"2022-09-27T13:59:17","date_gmt":"2022-09-27T11:59:17","guid":{"rendered":"https:\/\/www.organisator.ch\/?p=17082"},"modified":"2022-09-27T13:59:17","modified_gmt":"2022-09-27T11:59:17","slug":"tedx-zu-digital-leadership-digitale-transformation-bedeutet-steter-wandel","status":"publish","type":"post","link":"https:\/\/www.organisator.ch\/en\/weiterbildung\/2022-09-27\/tedx-zu-digital-leadership-digitale-transformation-bedeutet-steter-wandel\/","title":{"rendered":"TEDx on Digital Leadership: Digital Transformation Means Constant Change"},"content":{"rendered":"<figure id=\"attachment_17083\" aria-describedby=\"caption-attachment-17083\" style=\"width: 680px\" class=\"wp-caption alignnone\"><img loading=\"lazy\" decoding=\"async\" class=\"size-medium wp-image-17083\" src=\"https:\/\/www.organisator.ch\/wp-content\/uploads\/2022\/09\/TEDx-zu-Digital-Leadership-Digitale-Transformation-bedeutet-steter-Wandel_Organisator-680x415.jpg\" alt=\"\" width=\"680\" height=\"415\" srcset=\"https:\/\/www.organisator.ch\/wp-content\/uploads\/2022\/09\/TEDx-zu-Digital-Leadership-Digitale-Transformation-bedeutet-steter-Wandel_Organisator-680x415.jpg 680w, https:\/\/www.organisator.ch\/wp-content\/uploads\/2022\/09\/TEDx-zu-Digital-Leadership-Digitale-Transformation-bedeutet-steter-Wandel_Organisator-1024x624.jpg 1024w, https:\/\/www.organisator.ch\/wp-content\/uploads\/2022\/09\/TEDx-zu-Digital-Leadership-Digitale-Transformation-bedeutet-steter-Wandel_Organisator-768x468.jpg 768w, https:\/\/www.organisator.ch\/wp-content\/uploads\/2022\/09\/TEDx-zu-Digital-Leadership-Digitale-Transformation-bedeutet-steter-Wandel_Organisator-18x12.jpg 18w, https:\/\/www.organisator.ch\/wp-content\/uploads\/2022\/09\/TEDx-zu-Digital-Leadership-Digitale-Transformation-bedeutet-steter-Wandel_Organisator-287x175.jpg 287w, https:\/\/www.organisator.ch\/wp-content\/uploads\/2022\/09\/TEDx-zu-Digital-Leadership-Digitale-Transformation-bedeutet-steter-Wandel_Organisator-574x350.jpg 574w, https:\/\/www.organisator.ch\/wp-content\/uploads\/2022\/09\/TEDx-zu-Digital-Leadership-Digitale-Transformation-bedeutet-steter-Wandel_Organisator-920x561.jpg 920w, https:\/\/www.organisator.ch\/wp-content\/uploads\/2022\/09\/TEDx-zu-Digital-Leadership-Digitale-Transformation-bedeutet-steter-Wandel_Organisator-300x183.jpg 300w, https:\/\/www.organisator.ch\/wp-content\/uploads\/2022\/09\/TEDx-zu-Digital-Leadership-Digitale-Transformation-bedeutet-steter-Wandel_Organisator.jpg 1125w\" sizes=\"auto, (max-width: 680px) 100vw, 680px\" \/><figcaption id=\"caption-attachment-17083\" class=\"wp-caption-text\">The HWZ organizes the TEDxHWZ event \"Enrich your mind\" 2022. (Image: HWZ)<\/figcaption><\/figure>\n<p>Under the direction of digital leadership experts Sunnie J. Groeneveld, Manuel P. Nappo and Urs Bucher, executives, lifelong learners and digital transformation experts will take part in the third TEDxHWZ. This year's TEDx will again be held in hybrid form at the HWZ with limited seating and online via livestream. With ten contributions on the theme \"Enrich your mind\", accomplished speakers will inspire and excite their audiences with exciting stories and groundbreaking ideas on Saturday, November 26, 2022. At this hybrid event, the audience will benefit from the numerous discussion topics as well as from the opportunity to interactively exchange ideas with participants and speakers in live digital discussion forums. This promotes personal networking with a view to future cooperation opportunities.<\/p>\n<h3><strong>What are the goals of TEDxHWZ? <\/strong><\/h3>\n<p>As part of the Executive MBA Digital Leadership HWZ, students organize their own TEDx (university) event. This makes the HWZ the first Swiss university to incorporate this challenge as a fixed component in the curriculum of a degree program. Lecturers and course directors inspire and motivate the participants of the Executive MBA Digital Leadership to develop their own perspective on leadership skills in a digital future. As digital leaders, the TEDxHWZ 2022 team aims to present ideas worth sharing to an interested audience. The event consists of a series of talks and performances in the well-known TED(x) format.<\/p>\n<p>This year, TEDxHWZ is dedicated to today's reality, which is characterized by turbulent events and thus becomes the new normal. This involves a multitude of challenges that have a reciprocal influence on each other. This in turn requires individual resilience. Overcoming these challenges requires a new approach and mindset. Collaborative, interdisciplinary teams with their collective intelligence are best suited to solve complex tasks in a systemic context. Permanent change and adaptation is required, making lifelong learning an ongoing task.<\/p>\n<h3><strong>Renowned speakers on stage<\/strong><\/h3>\n<p>With their exciting stories and ideas, the ten speakers will show how important it is to take different perspectives when shaping our future. Among other things<strong> Nicolas Huxley <\/strong>will be appearing as a speaker. He is an entrepreneur who founded the recycling company Elephbo in Cambodia, the circular economy app TauschToni, and a sustainable gadget startup called LilyBeKind. He considers himself an adventurer who has traveled four continents by bicycle, and he is passionate about making a difference in developing countries. In his presentation, he will highlight how the lack of focus is a risk for any enthusiastic person, curious creator and entrepreneur. \"The eagerness to build something new and seize opportunities quickly has pitfalls that are often underestimated. Especially in the early years of startups, there are dangers lurking around every corner that want to be efficiently circumnavigated,\" emphasizes Nicolas Huxley. Nicolas Huxley talks about the balancing act of pivoting and persevering based on authentic experiences from his entrepreneurial journey. \"Focus is the key to magical synergies, it is the fundamental basis for becoming the go-to person known for a subject, and suddenly the dots connect themselves,\" Nicolas Huxley underlines.<\/p>\n<p>Further<strong> Suba Umathevan <\/strong>will be on the TEDx stage. She holds a master's degree in international relations with a specialization in international law from the Graduate Institute of International and Development Studies in Geneva. In her more than decade-long career in non-profit management, she focused on women's and children's rights. She has also led development programs in many countries in Africa, Asia and South America, formulating strategies to help managers identify global megatrends and prepare for change. Before joining DROSOS FOUNDATION, Suba Umathevan headed Plan International Switzerland, an organization that promotes children's rights and equal opportunities for girls. Suba Umathevan is a member of the Assembly of the International Committee of the ICRC. She will talk about how she deals with her cultural identity and diversity. \"What I perceived as weaknesses in her childhood have turned into strengths through her own authenticity. Coming to terms with her own history has helped break down cultural barriers and social norms,\" says Suba Umathevan.<\/p>\n<p>Also <strong>Dr. Sarah Genner <\/strong>will be part of TEDxHWZ. Sarah Genner is a proven digital expert, consultant, board member in Zurich and course director at HWZ. She has an early PhD in Internet research, teaches at various universities and is a keynote speaker. She is passionate about digital technologies and their complex impact on society and the world of work. In her TEDx talk, she shows how we should be resourceful in dealing with the infinite possibilities when we are connected 24\/7. The question is whether more technology will make us infinitely more productive. \"The search for the good digital life is about weighing the risks and benefits of digital technologies - in our private lives and when we collaborate in the world of work,\" Sarah Genner emphasizes.<\/p>\n<p><em>More information: <\/em><em><a href=\"http:\/\/www.tedxhwz.ch\">www.tedxhwz.ch<\/a><\/em><\/p>","protected":false},"excerpt":{"rendered":"<p>Unter der Leitung der Digital Leadership Expert:innen Sunnie J. Groeneveld, Manuel P. Nappo und Urs Bucher bestreiten F\u00fchrungskr\u00e4fte, Lifelong Learners und Digital Transformation Expert:innen den dritten TEDxHWZ. Auch in diesem Jahr wird dieser TEDx in hybrider Form an der HWZ mit beschr\u00e4nkter Platzzahl und online via Livestream durchgef\u00fchrt. Mit zehn Beitr\u00e4gen zum Thema \u00abEnrich your [&hellip;]<\/p>\n","protected":false},"author":4,"featured_media":17083,"comment_status":"closed","ping_status":"closed","sticky":false,"template":"","format":"standard","meta":{"_acf_changed":false,"_yoast_wpseo_focuskw":"TEDx","_yoast_wpseo_metadesc":"Die Studiengruppe des Executive MBA Digital Leadership der HWZ organisiert im Rahmen ihrer Weiterbildung den n\u00e4chsten TEDx-Event.","articlekey":"","footnotes":""},"categories":[30],"tags":[62,982,156,188,192],"class_list":["post-17082","post","type-post","status-publish","format-standard","has-post-thumbnail","hentry","category-weiterbildung","tag-aus-weiterbildung","tag-digital-leadership","tag-digitalisierung","tag-events","tag-fachhochschulen"],"acf":[],"yoast_head":"<!-- This site is optimized with the Yoast SEO plugin v27.5 - https:\/\/yoast.com\/product\/yoast-seo-wordpress\/ -->\n<title>TEDx zu Digital Leadership: Digitale Transformation bedeutet steter Wandel - Organisator<\/title>\n<meta name=\"description\" content=\"Die Studiengruppe des Executive MBA Digital Leadership der HWZ organisiert im Rahmen ihrer Weiterbildung den n\u00e4chsten TEDx-Event.\" \/>\n<meta name=\"robots\" content=\"index, follow, max-snippet:-1, max-image-preview:large, max-video-preview:-1\" \/>\n<link rel=\"canonical\" href=\"https:\/\/www.organisator.ch\/en\/further-education\/2022-09-27\/tedx-zu-digital-leadership-digitale-transformation-bedeutet-steter-wandel\/\" \/>\n<meta property=\"og:locale\" content=\"en_US\" \/>\n<meta property=\"og:type\" content=\"article\" \/>\n<meta property=\"og:title\" content=\"TEDx zu Digital Leadership: Digitale Transformation bedeutet steter Wandel\" \/>\n<meta property=\"og:description\" content=\"Die Studiengruppe des Executive MBA Digital Leadership der HWZ organisiert im Rahmen ihrer Weiterbildung den n\u00e4chsten TEDx-Event.\" \/>\n<meta property=\"og:url\" content=\"https:\/\/www.organisator.ch\/en\/further-education\/2022-09-27\/tedx-zu-digital-leadership-digitale-transformation-bedeutet-steter-wandel\/\" \/>\n<meta property=\"og:site_name\" content=\"Organisator\" \/>\n<meta property=\"article:publisher\" content=\"https:\/\/www.facebook.com\/OrganisatorFachmagazin\" \/>\n<meta property=\"article:published_time\" content=\"2022-09-27T11:59:17+00:00\" \/>\n<meta property=\"og:image\" content=\"https:\/\/www.organisator.ch\/wp-content\/uploads\/2022\/09\/TEDx-zu-Digital-Leadership-Digitale-Transformation-bedeutet-steter-Wandel_Organisator.jpg\" \/>\n\t<meta property=\"og:image:width\" content=\"1125\" \/>\n\t<meta property=\"og:image:height\" content=\"686\" \/>\n\t<meta property=\"og:image:type\" content=\"image\/jpeg\" \/>\n<meta name=\"author\" content=\"thomas.berner\" \/>\n<meta name=\"twitter:card\" content=\"summary_large_image\" \/>\n<meta name=\"twitter:title\" content=\"#TEDx zu Digital Leadership: Digitale #Transformation bedeutet steter Wandel\" \/>\n<meta name=\"twitter:description\" content=\"Die #Studiengruppe des Executive #MBA Digital #Leadership der #HWZ organisiert im Rahmen ihrer Weiterbildung den n\u00e4chsten #TEDx-Event.\" \/>\n<meta name=\"twitter:image\" content=\"https:\/\/www.organisator.ch\/wp-content\/uploads\/2022\/09\/TEDx-zu-Digital-Leadership-Digitale-Transformation-bedeutet-steter-Wandel_Organisator.jpg\" \/>\n<script type=\"application\/ld+json\" class=\"yoast-schema-graph\">{\"@context\":\"https:\\\/\\\/schema.org\",\"@graph\":[{\"@type\":\"Article\",\"@id\":\"https:\\\/\\\/www.organisator.ch\\\/weiterbildung\\\/2022-09-27\\\/tedx-zu-digital-leadership-digitale-transformation-bedeutet-steter-wandel\\\/#article\",\"isPartOf\":{\"@id\":\"https:\\\/\\\/www.organisator.ch\\\/weiterbildung\\\/2022-09-27\\\/tedx-zu-digital-leadership-digitale-transformation-bedeutet-steter-wandel\\\/\"},\"author\":{\"name\":\"thomas.berner\",\"@id\":\"https:\\\/\\\/www.organisator.ch\\\/#\\\/schema\\\/person\\\/6f650f90b2842cd4c0cc334b4e36f67e\"},\"headline\":\"TEDx zu Digital Leadership: Digitale Transformation bedeutet steter Wandel\",\"datePublished\":\"2022-09-27T11:59:17+00:00\",\"mainEntityOfPage\":{\"@id\":\"https:\\\/\\\/www.organisator.ch\\\/weiterbildung\\\/2022-09-27\\\/tedx-zu-digital-leadership-digitale-transformation-bedeutet-steter-wandel\\\/\"},\"wordCount\":850,\"publisher\":{\"@id\":\"https:\\\/\\\/www.organisator.ch\\\/#organization\"},\"image\":{\"@id\":\"https:\\\/\\\/www.organisator.ch\\\/weiterbildung\\\/2022-09-27\\\/tedx-zu-digital-leadership-digitale-transformation-bedeutet-steter-wandel\\\/#primaryimage\"},\"thumbnailUrl\":\"https:\\\/\\\/www.organisator.ch\\\/wp-content\\\/uploads\\\/2022\\\/09\\\/TEDx-zu-Digital-Leadership-Digitale-Transformation-bedeutet-steter-Wandel_Organisator.jpg\",\"keywords\":[\"Aus-\\\/Weiterbildung\",\"Digital Leadership\",\"Digitalisierung\",\"Events\",\"Fachhochschulen\"],\"articleSection\":[\"WEITERBILDUNG\"],\"inLanguage\":\"en-US\"},{\"@type\":\"WebPage\",\"@id\":\"https:\\\/\\\/www.organisator.ch\\\/weiterbildung\\\/2022-09-27\\\/tedx-zu-digital-leadership-digitale-transformation-bedeutet-steter-wandel\\\/\",\"url\":\"https:\\\/\\\/www.organisator.ch\\\/weiterbildung\\\/2022-09-27\\\/tedx-zu-digital-leadership-digitale-transformation-bedeutet-steter-wandel\\\/\",\"name\":\"TEDx zu Digital Leadership: Digitale Transformation bedeutet steter Wandel - Organisator\",\"isPartOf\":{\"@id\":\"https:\\\/\\\/www.organisator.ch\\\/#website\"},\"primaryImageOfPage\":{\"@id\":\"https:\\\/\\\/www.organisator.ch\\\/weiterbildung\\\/2022-09-27\\\/tedx-zu-digital-leadership-digitale-transformation-bedeutet-steter-wandel\\\/#primaryimage\"},\"image\":{\"@id\":\"https:\\\/\\\/www.organisator.ch\\\/weiterbildung\\\/2022-09-27\\\/tedx-zu-digital-leadership-digitale-transformation-bedeutet-steter-wandel\\\/#primaryimage\"},\"thumbnailUrl\":\"https:\\\/\\\/www.organisator.ch\\\/wp-content\\\/uploads\\\/2022\\\/09\\\/TEDx-zu-Digital-Leadership-Digitale-Transformation-bedeutet-steter-Wandel_Organisator.jpg\",\"datePublished\":\"2022-09-27T11:59:17+00:00\",\"description\":\"Die Studiengruppe des Executive MBA Digital Leadership der HWZ organisiert im Rahmen ihrer Weiterbildung den n\u00e4chsten TEDx-Event.\",\"breadcrumb\":{\"@id\":\"https:\\\/\\\/www.organisator.ch\\\/weiterbildung\\\/2022-09-27\\\/tedx-zu-digital-leadership-digitale-transformation-bedeutet-steter-wandel\\\/#breadcrumb\"},\"inLanguage\":\"en-US\",\"potentialAction\":[{\"@type\":\"ReadAction\",\"target\":[\"https:\\\/\\\/www.organisator.ch\\\/weiterbildung\\\/2022-09-27\\\/tedx-zu-digital-leadership-digitale-transformation-bedeutet-steter-wandel\\\/\"]}]},{\"@type\":\"ImageObject\",\"inLanguage\":\"en-US\",\"@id\":\"https:\\\/\\\/www.organisator.ch\\\/weiterbildung\\\/2022-09-27\\\/tedx-zu-digital-leadership-digitale-transformation-bedeutet-steter-wandel\\\/#primaryimage\",\"url\":\"https:\\\/\\\/www.organisator.ch\\\/wp-content\\\/uploads\\\/2022\\\/09\\\/TEDx-zu-Digital-Leadership-Digitale-Transformation-bedeutet-steter-Wandel_Organisator.jpg\",\"contentUrl\":\"https:\\\/\\\/www.organisator.ch\\\/wp-content\\\/uploads\\\/2022\\\/09\\\/TEDx-zu-Digital-Leadership-Digitale-Transformation-bedeutet-steter-Wandel_Organisator.jpg\",\"width\":1125,\"height\":686,\"caption\":\"Die HWZ organisiert den TEDxHWZ-Event \u00abEnrich your mind\u00bb 2022. (Bild: HWZ)\"},{\"@type\":\"BreadcrumbList\",\"@id\":\"https:\\\/\\\/www.organisator.ch\\\/weiterbildung\\\/2022-09-27\\\/tedx-zu-digital-leadership-digitale-transformation-bedeutet-steter-wandel\\\/#breadcrumb\",\"itemListElement\":[{\"@type\":\"ListItem\",\"position\":1,\"name\":\"Home\",\"item\":\"https:\\\/\\\/www.organisator.ch\\\/\"},{\"@type\":\"ListItem\",\"position\":2,\"name\":\"TEDx zu Digital Leadership: Digitale Transformation bedeutet steter Wandel\"}]},{\"@type\":\"WebSite\",\"@id\":\"https:\\\/\\\/www.organisator.ch\\\/#website\",\"url\":\"https:\\\/\\\/www.organisator.ch\\\/\",\"name\":\"Organisator\",\"description\":\"Kompetent. Praxisnah. Der ORGANISATOR bereitet in 10 Ausgaben pro Jahr die wesentlichen Themen f\u00fcr F\u00fchrungskr\u00e4fte von KMU auf.\",\"publisher\":{\"@id\":\"https:\\\/\\\/www.organisator.ch\\\/#organization\"},\"potentialAction\":[{\"@type\":\"SearchAction\",\"target\":{\"@type\":\"EntryPoint\",\"urlTemplate\":\"https:\\\/\\\/www.organisator.ch\\\/?s={search_term_string}\"},\"query-input\":{\"@type\":\"PropertyValueSpecification\",\"valueRequired\":true,\"valueName\":\"search_term_string\"}}],\"inLanguage\":\"en-US\"},{\"@type\":\"Organization\",\"@id\":\"https:\\\/\\\/www.organisator.ch\\\/#organization\",\"name\":\"Organisator\",\"url\":\"https:\\\/\\\/www.organisator.ch\\\/\",\"logo\":{\"@type\":\"ImageObject\",\"inLanguage\":\"en-US\",\"@id\":\"https:\\\/\\\/www.organisator.ch\\\/#\\\/schema\\\/logo\\\/image\\\/\",\"url\":\"https:\\\/\\\/www.organisator.ch\\\/wp-content\\\/uploads\\\/2022\\\/01\\\/Logo_Organisator_Website.png\",\"contentUrl\":\"https:\\\/\\\/www.organisator.ch\\\/wp-content\\\/uploads\\\/2022\\\/01\\\/Logo_Organisator_Website.png\",\"width\":800,\"height\":77,\"caption\":\"Organisator\"},\"image\":{\"@id\":\"https:\\\/\\\/www.organisator.ch\\\/#\\\/schema\\\/logo\\\/image\\\/\"},\"sameAs\":[\"https:\\\/\\\/www.facebook.com\\\/OrganisatorFachmagazin\",\"https:\\\/\\\/www.linkedin.com\\\/showcase\\\/organisator-das-magazin-fr-kmu\",\"https:\\\/\\\/www.xing.com\\\/news\\\/pages\\\/organisator-ch-695\",\"https:\\\/\\\/www.youtube.com\\\/channel\\\/UCGP2Sq0iWaZwT3BdIAQFYpw\"]},{\"@type\":\"Person\",\"@id\":\"https:\\\/\\\/www.organisator.ch\\\/#\\\/schema\\\/person\\\/6f650f90b2842cd4c0cc334b4e36f67e\",\"name\":\"thomas.berner\",\"image\":{\"@type\":\"ImageObject\",\"inLanguage\":\"en-US\",\"@id\":\"https:\\\/\\\/secure.gravatar.com\\\/avatar\\\/ac5001d2a36cb6c6cd3e50789007ffca834b477b74a2144564522e944eabff61?s=96&d=mm&r=g\",\"url\":\"https:\\\/\\\/secure.gravatar.com\\\/avatar\\\/ac5001d2a36cb6c6cd3e50789007ffca834b477b74a2144564522e944eabff61?s=96&d=mm&r=g\",\"contentUrl\":\"https:\\\/\\\/secure.gravatar.com\\\/avatar\\\/ac5001d2a36cb6c6cd3e50789007ffca834b477b74a2144564522e944eabff61?s=96&d=mm&r=g\",\"caption\":\"thomas.berner\"},\"url\":\"https:\\\/\\\/www.organisator.ch\\\/en\\\/author\\\/thomas-berner\\\/\"}]}<\/script>\n<!-- \/ Yoast SEO plugin. -->","yoast_head_json":{"title":"TEDx on Digital Leadership: Digital transformation means constant change - Organizer","description":"The study group of the Executive MBA Digital Leadership of the HWZ is organizing the next TEDx event as part of its continuing education program.","robots":{"index":"index","follow":"follow","max-snippet":"max-snippet:-1","max-image-preview":"max-image-preview:large","max-video-preview":"max-video-preview:-1"},"canonical":"https:\/\/www.organisator.ch\/en\/further-education\/2022-09-27\/tedx-zu-digital-leadership-digitale-transformation-bedeutet-steter-wandel\/","og_locale":"en_US","og_type":"article","og_title":"TEDx zu Digital Leadership: Digitale Transformation bedeutet steter Wandel","og_description":"Die Studiengruppe des Executive MBA Digital Leadership der HWZ organisiert im Rahmen ihrer Weiterbildung den n\u00e4chsten TEDx-Event.","og_url":"https:\/\/www.organisator.ch\/en\/further-education\/2022-09-27\/tedx-zu-digital-leadership-digitale-transformation-bedeutet-steter-wandel\/","og_site_name":"Organisator","article_publisher":"https:\/\/www.facebook.com\/OrganisatorFachmagazin","article_published_time":"2022-09-27T11:59:17+00:00","og_image":[{"width":1125,"height":686,"url":"https:\/\/www.organisator.ch\/wp-content\/uploads\/2022\/09\/TEDx-zu-Digital-Leadership-Digitale-Transformation-bedeutet-steter-Wandel_Organisator.jpg","type":"image\/jpeg"}],"author":"thomas.berner","twitter_card":"summary_large_image","twitter_title":"#TEDx zu Digital Leadership: Digitale #Transformation bedeutet steter Wandel","twitter_description":"Die #Studiengruppe des Executive #MBA Digital #Leadership der #HWZ organisiert im Rahmen ihrer Weiterbildung den n\u00e4chsten #TEDx-Event.","twitter_image":"https:\/\/www.organisator.ch\/wp-content\/uploads\/2022\/09\/TEDx-zu-Digital-Leadership-Digitale-Transformation-bedeutet-steter-Wandel_Organisator.jpg","schema":{"@context":"https:\/\/schema.org","@graph":[{"@type":"Article","@id":"https:\/\/www.organisator.ch\/weiterbildung\/2022-09-27\/tedx-zu-digital-leadership-digitale-transformation-bedeutet-steter-wandel\/#article","isPartOf":{"@id":"https:\/\/www.organisator.ch\/weiterbildung\/2022-09-27\/tedx-zu-digital-leadership-digitale-transformation-bedeutet-steter-wandel\/"},"author":{"name":"thomas.berner","@id":"https:\/\/www.organisator.ch\/#\/schema\/person\/6f650f90b2842cd4c0cc334b4e36f67e"},"headline":"TEDx zu Digital Leadership: Digitale Transformation bedeutet steter Wandel","datePublished":"2022-09-27T11:59:17+00:00","mainEntityOfPage":{"@id":"https:\/\/www.organisator.ch\/weiterbildung\/2022-09-27\/tedx-zu-digital-leadership-digitale-transformation-bedeutet-steter-wandel\/"},"wordCount":850,"publisher":{"@id":"https:\/\/www.organisator.ch\/#organization"},"image":{"@id":"https:\/\/www.organisator.ch\/weiterbildung\/2022-09-27\/tedx-zu-digital-leadership-digitale-transformation-bedeutet-steter-wandel\/#primaryimage"},"thumbnailUrl":"https:\/\/www.organisator.ch\/wp-content\/uploads\/2022\/09\/TEDx-zu-Digital-Leadership-Digitale-Transformation-bedeutet-steter-Wandel_Organisator.jpg","keywords":["Aus-\/Weiterbildung","Digital Leadership","Digitalisierung","Events","Fachhochschulen"],"articleSection":["WEITERBILDUNG"],"inLanguage":"en-US"},{"@type":"WebPage","@id":"https:\/\/www.organisator.ch\/weiterbildung\/2022-09-27\/tedx-zu-digital-leadership-digitale-transformation-bedeutet-steter-wandel\/","url":"https:\/\/www.organisator.ch\/weiterbildung\/2022-09-27\/tedx-zu-digital-leadership-digitale-transformation-bedeutet-steter-wandel\/","name":"TEDx on Digital Leadership: Digital transformation means constant change - Organizer","isPartOf":{"@id":"https:\/\/www.organisator.ch\/#website"},"primaryImageOfPage":{"@id":"https:\/\/www.organisator.ch\/weiterbildung\/2022-09-27\/tedx-zu-digital-leadership-digitale-transformation-bedeutet-steter-wandel\/#primaryimage"},"image":{"@id":"https:\/\/www.organisator.ch\/weiterbildung\/2022-09-27\/tedx-zu-digital-leadership-digitale-transformation-bedeutet-steter-wandel\/#primaryimage"},"thumbnailUrl":"https:\/\/www.organisator.ch\/wp-content\/uploads\/2022\/09\/TEDx-zu-Digital-Leadership-Digitale-Transformation-bedeutet-steter-Wandel_Organisator.jpg","datePublished":"2022-09-27T11:59:17+00:00","description":"The study group of the Executive MBA Digital Leadership of the HWZ is organizing the next TEDx event as part of its continuing education program.","breadcrumb":{"@id":"https:\/\/www.organisator.ch\/weiterbildung\/2022-09-27\/tedx-zu-digital-leadership-digitale-transformation-bedeutet-steter-wandel\/#breadcrumb"},"inLanguage":"en-US","potentialAction":[{"@type":"ReadAction","target":["https:\/\/www.organisator.ch\/weiterbildung\/2022-09-27\/tedx-zu-digital-leadership-digitale-transformation-bedeutet-steter-wandel\/"]}]},{"@type":"ImageObject","inLanguage":"en-US","@id":"https:\/\/www.organisator.ch\/weiterbildung\/2022-09-27\/tedx-zu-digital-leadership-digitale-transformation-bedeutet-steter-wandel\/#primaryimage","url":"https:\/\/www.organisator.ch\/wp-content\/uploads\/2022\/09\/TEDx-zu-Digital-Leadership-Digitale-Transformation-bedeutet-steter-Wandel_Organisator.jpg","contentUrl":"https:\/\/www.organisator.ch\/wp-content\/uploads\/2022\/09\/TEDx-zu-Digital-Leadership-Digitale-Transformation-bedeutet-steter-Wandel_Organisator.jpg","width":1125,"height":686,"caption":"Die HWZ organisiert den TEDxHWZ-Event \u00abEnrich your mind\u00bb 2022. (Bild: HWZ)"},{"@type":"BreadcrumbList","@id":"https:\/\/www.organisator.ch\/weiterbildung\/2022-09-27\/tedx-zu-digital-leadership-digitale-transformation-bedeutet-steter-wandel\/#breadcrumb","itemListElement":[{"@type":"ListItem","position":1,"name":"Home","item":"https:\/\/www.organisator.ch\/"},{"@type":"ListItem","position":2,"name":"TEDx zu Digital Leadership: Digitale Transformation bedeutet steter Wandel"}]},{"@type":"WebSite","@id":"https:\/\/www.organisator.ch\/#website","url":"https:\/\/www.organisator.ch\/","name":"Organizer","description":"Competent. Practical. In 10 issues per year, ORGANISATOR presents the essential topics for managers of SMEs.","publisher":{"@id":"https:\/\/www.organisator.ch\/#organization"},"potentialAction":[{"@type":"SearchAction","target":{"@type":"EntryPoint","urlTemplate":"https:\/\/www.organisator.ch\/?s={search_term_string}"},"query-input":{"@type":"PropertyValueSpecification","valueRequired":true,"valueName":"search_term_string"}}],"inLanguage":"en-US"},{"@type":"Organization","@id":"https:\/\/www.organisator.ch\/#organization","name":"Organizer","url":"https:\/\/www.organisator.ch\/","logo":{"@type":"ImageObject","inLanguage":"en-US","@id":"https:\/\/www.organisator.ch\/#\/schema\/logo\/image\/","url":"https:\/\/www.organisator.ch\/wp-content\/uploads\/2022\/01\/Logo_Organisator_Website.png","contentUrl":"https:\/\/www.organisator.ch\/wp-content\/uploads\/2022\/01\/Logo_Organisator_Website.png","width":800,"height":77,"caption":"Organisator"},"image":{"@id":"https:\/\/www.organisator.ch\/#\/schema\/logo\/image\/"},"sameAs":["https:\/\/www.facebook.com\/OrganisatorFachmagazin","https:\/\/www.linkedin.com\/showcase\/organisator-das-magazin-fr-kmu","https:\/\/www.xing.com\/news\/pages\/organisator-ch-695","https:\/\/www.youtube.com\/channel\/UCGP2Sq0iWaZwT3BdIAQFYpw"]},{"@type":"Person","@id":"https:\/\/www.organisator.ch\/#\/schema\/person\/6f650f90b2842cd4c0cc334b4e36f67e","name":"thomas.berner","image":{"@type":"ImageObject","inLanguage":"en-US","@id":"https:\/\/secure.gravatar.com\/avatar\/ac5001d2a36cb6c6cd3e50789007ffca834b477b74a2144564522e944eabff61?s=96&d=mm&r=g","url":"https:\/\/secure.gravatar.com\/avatar\/ac5001d2a36cb6c6cd3e50789007ffca834b477b74a2144564522e944eabff61?s=96&d=mm&r=g","contentUrl":"https:\/\/secure.gravatar.com\/avatar\/ac5001d2a36cb6c6cd3e50789007ffca834b477b74a2144564522e944eabff61?s=96&d=mm&r=g","caption":"thomas.berner"},"url":"https:\/\/www.organisator.ch\/en\/author\/thomas-berner\/"}]}},"_links":{"self":[{"href":"https:\/\/www.organisator.ch\/en\/wp-json\/wp\/v2\/posts\/17082","targetHints":{"allow":["GET"]}}],"collection":[{"href":"https:\/\/www.organisator.ch\/en\/wp-json\/wp\/v2\/posts"}],"about":[{"href":"https:\/\/www.organisator.ch\/en\/wp-json\/wp\/v2\/types\/post"}],"author":[{"embeddable":true,"href":"https:\/\/www.organisator.ch\/en\/wp-json\/wp\/v2\/users\/4"}],"replies":[{"embeddable":true,"href":"https:\/\/www.organisator.ch\/en\/wp-json\/wp\/v2\/comments?post=17082"}],"version-history":[{"count":1,"href":"https:\/\/www.organisator.ch\/en\/wp-json\/wp\/v2\/posts\/17082\/revisions"}],"predecessor-version":[{"id":17084,"href":"https:\/\/www.organisator.ch\/en\/wp-json\/wp\/v2\/posts\/17082\/revisions\/17084"}],"wp:featuredmedia":[{"embeddable":true,"href":"https:\/\/www.organisator.ch\/en\/wp-json\/wp\/v2\/media\/17083"}],"wp:attachment":[{"href":"https:\/\/www.organisator.ch\/en\/wp-json\/wp\/v2\/media?parent=17082"}],"wp:term":[{"taxonomy":"category","embeddable":true,"href":"https:\/\/www.organisator.ch\/en\/wp-json\/wp\/v2\/categories?post=17082"},{"taxonomy":"post_tag","embeddable":true,"href":"https:\/\/www.organisator.ch\/en\/wp-json\/wp\/v2\/tags?post=17082"}],"curies":[{"name":"wp","href":"https:\/\/api.w.org\/{rel}","templated":true}]}}