{"id":17085,"date":"2022-09-27T17:05:50","date_gmt":"2022-09-27T15:05:50","guid":{"rendered":"https:\/\/www.organisator.ch\/?p=17085"},"modified":"2022-09-27T17:05:50","modified_gmt":"2022-09-27T15:05:50","slug":"mit-gebrauchtware-2330-tonnen-co2-eingespart","status":"publish","type":"post","link":"https:\/\/www.organisator.ch\/en\/sustainability\/2022-09-27\/mit-gebrauchtware-2330-tonnen-co2-eingespart\/","title":{"rendered":"2,330 tons of CO2 saved with second-hand goods"},"content":{"rendered":"<figure id=\"attachment_17086\" aria-describedby=\"caption-attachment-17086\" style=\"width: 680px\" class=\"wp-caption alignnone\"><img loading=\"lazy\" decoding=\"async\" class=\"size-full wp-image-17086\" src=\"https:\/\/www.organisator.ch\/wp-content\/uploads\/2022\/09\/Mit-Gebrauchtware-2330-Tonnen-CO2-eingespart_Organisator.jpg\" alt=\"\" width=\"680\" height=\"421\" srcset=\"https:\/\/www.organisator.ch\/wp-content\/uploads\/2022\/09\/Mit-Gebrauchtware-2330-Tonnen-CO2-eingespart_Organisator.jpg 680w, https:\/\/www.organisator.ch\/wp-content\/uploads\/2022\/09\/Mit-Gebrauchtware-2330-Tonnen-CO2-eingespart_Organisator-18x12.jpg 18w, https:\/\/www.organisator.ch\/wp-content\/uploads\/2022\/09\/Mit-Gebrauchtware-2330-Tonnen-CO2-eingespart_Organisator-283x175.jpg 283w, https:\/\/www.organisator.ch\/wp-content\/uploads\/2022\/09\/Mit-Gebrauchtware-2330-Tonnen-CO2-eingespart_Organisator-565x350.jpg 565w, https:\/\/www.organisator.ch\/wp-content\/uploads\/2022\/09\/Mit-Gebrauchtware-2330-Tonnen-CO2-eingespart_Organisator-300x186.jpg 300w\" sizes=\"auto, (max-width: 680px) 100vw, 680px\" \/><figcaption id=\"caption-attachment-17086\" class=\"wp-caption-text\">Anything but junk: On Secondhand Day 2022, 617 participating \"Circular Heroes\" sold their second-hand goods. (Image: Secondhandday.ch)<\/figcaption><\/figure>\n<p>For the third year in a row, second-hand goods were bought, exchanged, repaired, recycled or passed on throughout Switzerland and on online platforms on Secondhand Day on September 24, 2022. This annual day of action was launched in 2020 by Ricardo, myclimate and Circular Economy Switzerland to raise awareness and enthusiasm among the Swiss population for sustainable consumption in the form of secondhand as part of the circular economy. The idea behind it is simple: by using products longer, the amount of new goods that need to be produced can be easily reduced. There are many ways to do this: Share products, pass them on, reuse them, repair them or refurbish them. Secondhand Day takes into account the fact that this form of consumption directly saves resources and emissions such as CO\u00b2.<\/p>\n<h3><strong>2,330 tons of CO\u00b2 saved<\/strong><\/h3>\n<p>This year, around 2,330 tons of CO\u00b2 were saved through the sale of used goods, which is almost a quarter more than in the previous year. This amount saved corresponds to the daily CO\u00b2 production of the equivalent of 58,400 people or a city like Biel. The initiators Ricardo, Circular Economy Switzerland and myclimate draw a positive conclusion for the Secondhand Day 2022. \"We are extremely satisfied that the third edition of the Secondhand Day was also a great success and that we could bring the colorfulness, the coolness, the high quality and ultimately the sustainable sense of second-hand goods closer to numerous people. We are getting closer step by step to our goal of getting the Swiss population to rethink their consumer behavior and change it in a sustainable way,\" says Francesco Vass, Managing Director of Ricardo.<\/p>\n<h3>Second hand goods are more and more accepted<\/h3>\n<p>The data collected annually on Secondhand Day gives hope: In 2020, 1500 tons of CO\u00b2 were saved on the first Secondhand Day, in 2021 it was 1,895 tons of CO\u00b2 and this year even 2,330 tons of CO\u00b2. The trend is strongly increasing and the willingness to buy second-hand goods is growing. One of the reasons for this is the growing variety of modern second-hand and vintage stores, attractive second-hand shops as well as trustworthy online marketplaces and vehicle-occupation platforms in Switzerland. This diversity can also be seen in this year's Circular Heroes, who contributed physically or digitally from all over Switzerland. The frontrunners among the stationary Circular Heroes are the Salvation Army's Brockenh\u00e4user, while the online leaders were the platforms Ricardo and tutti.ch.<\/p>\n<p><em>Source and further information: <a href=\"https:\/\/elliott.us16.list-manage.com\/track\/click?u=705cc43506cc5ef9aa9875471&amp;id=893e8a4695&amp;e=a3a77222f7\">www.secondhandday.ch<\/a><\/em><\/p>","protected":false},"excerpt":{"rendered":"<p>Zum dritten Mal in Folge wurde am Secondhand Day vom 24. September 2022 in der ganzen Schweiz und auf Online-Plattformen Ware aus zweiter Hand gekauft, getauscht, repariert, wiederverwertet oder weitergegeben. Dieser j\u00e4hrlich stattfindende Aktionstag wurde 2020 von Ricardo, myclimate und Circular Economy Switzerland ins Leben gerufen, um die Schweizer Bev\u00f6lkerung f\u00fcr einen nachhaltigen Konsum in [&hellip;]<\/p>\n","protected":false},"author":4,"featured_media":17086,"comment_status":"closed","ping_status":"closed","sticky":false,"template":"","format":"standard","meta":{"_acf_changed":false,"_yoast_wpseo_focuskw":"Gebrauchtware","_yoast_wpseo_metadesc":"Der Secondhand Day will f\u00fcr einen nachhaltigen Konsum in Form von Gebrauchtware als Teil der Kreislaufwirtschaft sensibilisieren.","articlekey":"","footnotes":""},"categories":[580],"tags":[594,358,3420],"class_list":["post-17085","post","type-post","status-publish","format-standard","has-post-thumbnail","hentry","category-sustainability","tag-kreislaufwirtschaft","tag-nachhaltige-wirtschaft","tag-second-hand"],"acf":[],"yoast_head":"<!-- This site is optimized with the Yoast SEO plugin v27.5 - https:\/\/yoast.com\/product\/yoast-seo-wordpress\/ -->\n<title>Mit Gebrauchtware 2\u2019330 Tonnen CO2 eingespart - Organisator<\/title>\n<meta name=\"description\" content=\"Der Secondhand Day will f\u00fcr einen nachhaltigen Konsum in Form von Gebrauchtware als Teil der Kreislaufwirtschaft sensibilisieren.\" \/>\n<meta name=\"robots\" content=\"index, follow, max-snippet:-1, max-image-preview:large, max-video-preview:-1\" \/>\n<link rel=\"canonical\" href=\"https:\/\/www.organisator.ch\/en\/sustainability\/2022-09-27\/mit-gebrauchtware-2330-tonnen-co2-eingespart\/\" \/>\n<meta property=\"og:locale\" content=\"en_US\" \/>\n<meta property=\"og:type\" content=\"article\" \/>\n<meta property=\"og:title\" content=\"Mit Gebrauchtware 2\u2019330 Tonnen CO2 eingespart\" \/>\n<meta property=\"og:description\" content=\"Der Secondhand Day will f\u00fcr einen nachhaltigen Konsum in Form von Gebrauchtware als Teil der Kreislaufwirtschaft sensibilisieren.\" \/>\n<meta property=\"og:url\" content=\"https:\/\/www.organisator.ch\/en\/sustainability\/2022-09-27\/mit-gebrauchtware-2330-tonnen-co2-eingespart\/\" \/>\n<meta property=\"og:site_name\" content=\"Organisator\" \/>\n<meta property=\"article:publisher\" content=\"https:\/\/www.facebook.com\/OrganisatorFachmagazin\" \/>\n<meta property=\"article:published_time\" content=\"2022-09-27T15:05:50+00:00\" \/>\n<meta property=\"og:image\" content=\"https:\/\/www.organisator.ch\/wp-content\/uploads\/2022\/09\/Mit-Gebrauchtware-2330-Tonnen-CO2-eingespart_Organisator.jpg\" \/>\n\t<meta property=\"og:image:width\" content=\"680\" \/>\n\t<meta property=\"og:image:height\" content=\"421\" \/>\n\t<meta property=\"og:image:type\" content=\"image\/jpeg\" \/>\n<meta name=\"author\" content=\"thomas.berner\" \/>\n<meta name=\"twitter:card\" content=\"summary_large_image\" \/>\n<meta name=\"twitter:title\" content=\"Mit #Gebrauchtware 2\u2019330 Tonnen CO2 eingespart\" \/>\n<meta name=\"twitter:description\" content=\"Der #Secondhand Day will f\u00fcr einen nachhaltigen Konsum in Form von #Gebrauchtware als Teil der #Kreislaufwirtschaft sensibilisieren.\" \/>\n<meta name=\"twitter:image\" content=\"https:\/\/www.organisator.ch\/wp-content\/uploads\/2022\/09\/Mit-Gebrauchtware-2330-Tonnen-CO2-eingespart_Organisator.jpg\" \/>\n<script type=\"application\/ld+json\" class=\"yoast-schema-graph\">{\"@context\":\"https:\\\/\\\/schema.org\",\"@graph\":[{\"@type\":\"Article\",\"@id\":\"https:\\\/\\\/www.organisator.ch\\\/sustainability\\\/2022-09-27\\\/mit-gebrauchtware-2330-tonnen-co2-eingespart\\\/#article\",\"isPartOf\":{\"@id\":\"https:\\\/\\\/www.organisator.ch\\\/sustainability\\\/2022-09-27\\\/mit-gebrauchtware-2330-tonnen-co2-eingespart\\\/\"},\"author\":{\"name\":\"thomas.berner\",\"@id\":\"https:\\\/\\\/www.organisator.ch\\\/#\\\/schema\\\/person\\\/6f650f90b2842cd4c0cc334b4e36f67e\"},\"headline\":\"Mit Gebrauchtware 2\u2019330 Tonnen CO2 eingespart\",\"datePublished\":\"2022-09-27T15:05:50+00:00\",\"mainEntityOfPage\":{\"@id\":\"https:\\\/\\\/www.organisator.ch\\\/sustainability\\\/2022-09-27\\\/mit-gebrauchtware-2330-tonnen-co2-eingespart\\\/\"},\"wordCount\":423,\"publisher\":{\"@id\":\"https:\\\/\\\/www.organisator.ch\\\/#organization\"},\"image\":{\"@id\":\"https:\\\/\\\/www.organisator.ch\\\/sustainability\\\/2022-09-27\\\/mit-gebrauchtware-2330-tonnen-co2-eingespart\\\/#primaryimage\"},\"thumbnailUrl\":\"https:\\\/\\\/www.organisator.ch\\\/wp-content\\\/uploads\\\/2022\\\/09\\\/Mit-Gebrauchtware-2330-Tonnen-CO2-eingespart_Organisator.jpg\",\"keywords\":[\"Kreislaufwirtschaft\",\"Nachhaltige Wirtschaft\",\"Second Hand\"],\"articleSection\":[\"SUSTAINABILITY\"],\"inLanguage\":\"en-US\"},{\"@type\":\"WebPage\",\"@id\":\"https:\\\/\\\/www.organisator.ch\\\/sustainability\\\/2022-09-27\\\/mit-gebrauchtware-2330-tonnen-co2-eingespart\\\/\",\"url\":\"https:\\\/\\\/www.organisator.ch\\\/sustainability\\\/2022-09-27\\\/mit-gebrauchtware-2330-tonnen-co2-eingespart\\\/\",\"name\":\"Mit Gebrauchtware 2\u2019330 Tonnen CO2 eingespart - Organisator\",\"isPartOf\":{\"@id\":\"https:\\\/\\\/www.organisator.ch\\\/#website\"},\"primaryImageOfPage\":{\"@id\":\"https:\\\/\\\/www.organisator.ch\\\/sustainability\\\/2022-09-27\\\/mit-gebrauchtware-2330-tonnen-co2-eingespart\\\/#primaryimage\"},\"image\":{\"@id\":\"https:\\\/\\\/www.organisator.ch\\\/sustainability\\\/2022-09-27\\\/mit-gebrauchtware-2330-tonnen-co2-eingespart\\\/#primaryimage\"},\"thumbnailUrl\":\"https:\\\/\\\/www.organisator.ch\\\/wp-content\\\/uploads\\\/2022\\\/09\\\/Mit-Gebrauchtware-2330-Tonnen-CO2-eingespart_Organisator.jpg\",\"datePublished\":\"2022-09-27T15:05:50+00:00\",\"description\":\"Der Secondhand Day will f\u00fcr einen nachhaltigen Konsum in Form von Gebrauchtware als Teil der Kreislaufwirtschaft sensibilisieren.\",\"breadcrumb\":{\"@id\":\"https:\\\/\\\/www.organisator.ch\\\/sustainability\\\/2022-09-27\\\/mit-gebrauchtware-2330-tonnen-co2-eingespart\\\/#breadcrumb\"},\"inLanguage\":\"en-US\",\"potentialAction\":[{\"@type\":\"ReadAction\",\"target\":[\"https:\\\/\\\/www.organisator.ch\\\/sustainability\\\/2022-09-27\\\/mit-gebrauchtware-2330-tonnen-co2-eingespart\\\/\"]}]},{\"@type\":\"ImageObject\",\"inLanguage\":\"en-US\",\"@id\":\"https:\\\/\\\/www.organisator.ch\\\/sustainability\\\/2022-09-27\\\/mit-gebrauchtware-2330-tonnen-co2-eingespart\\\/#primaryimage\",\"url\":\"https:\\\/\\\/www.organisator.ch\\\/wp-content\\\/uploads\\\/2022\\\/09\\\/Mit-Gebrauchtware-2330-Tonnen-CO2-eingespart_Organisator.jpg\",\"contentUrl\":\"https:\\\/\\\/www.organisator.ch\\\/wp-content\\\/uploads\\\/2022\\\/09\\\/Mit-Gebrauchtware-2330-Tonnen-CO2-eingespart_Organisator.jpg\",\"width\":680,\"height\":421,\"caption\":\"Alles andere als Ramsch: Am Secondhand Day 2022 verkauften 617 teilnehmende \u00abCircular Heroes\u00bb ihre Gebrauchtware. (Bild: Secondhandday.ch)\"},{\"@type\":\"BreadcrumbList\",\"@id\":\"https:\\\/\\\/www.organisator.ch\\\/sustainability\\\/2022-09-27\\\/mit-gebrauchtware-2330-tonnen-co2-eingespart\\\/#breadcrumb\",\"itemListElement\":[{\"@type\":\"ListItem\",\"position\":1,\"name\":\"Home\",\"item\":\"https:\\\/\\\/www.organisator.ch\\\/\"},{\"@type\":\"ListItem\",\"position\":2,\"name\":\"Mit Gebrauchtware 2\u2019330 Tonnen CO2 eingespart\"}]},{\"@type\":\"WebSite\",\"@id\":\"https:\\\/\\\/www.organisator.ch\\\/#website\",\"url\":\"https:\\\/\\\/www.organisator.ch\\\/\",\"name\":\"Organisator\",\"description\":\"Kompetent. Praxisnah. Der ORGANISATOR bereitet in 10 Ausgaben pro Jahr die wesentlichen Themen f\u00fcr F\u00fchrungskr\u00e4fte von KMU auf.\",\"publisher\":{\"@id\":\"https:\\\/\\\/www.organisator.ch\\\/#organization\"},\"potentialAction\":[{\"@type\":\"SearchAction\",\"target\":{\"@type\":\"EntryPoint\",\"urlTemplate\":\"https:\\\/\\\/www.organisator.ch\\\/?s={search_term_string}\"},\"query-input\":{\"@type\":\"PropertyValueSpecification\",\"valueRequired\":true,\"valueName\":\"search_term_string\"}}],\"inLanguage\":\"en-US\"},{\"@type\":\"Organization\",\"@id\":\"https:\\\/\\\/www.organisator.ch\\\/#organization\",\"name\":\"Organisator\",\"url\":\"https:\\\/\\\/www.organisator.ch\\\/\",\"logo\":{\"@type\":\"ImageObject\",\"inLanguage\":\"en-US\",\"@id\":\"https:\\\/\\\/www.organisator.ch\\\/#\\\/schema\\\/logo\\\/image\\\/\",\"url\":\"https:\\\/\\\/www.organisator.ch\\\/wp-content\\\/uploads\\\/2022\\\/01\\\/Logo_Organisator_Website.png\",\"contentUrl\":\"https:\\\/\\\/www.organisator.ch\\\/wp-content\\\/uploads\\\/2022\\\/01\\\/Logo_Organisator_Website.png\",\"width\":800,\"height\":77,\"caption\":\"Organisator\"},\"image\":{\"@id\":\"https:\\\/\\\/www.organisator.ch\\\/#\\\/schema\\\/logo\\\/image\\\/\"},\"sameAs\":[\"https:\\\/\\\/www.facebook.com\\\/OrganisatorFachmagazin\",\"https:\\\/\\\/www.linkedin.com\\\/showcase\\\/organisator-das-magazin-fr-kmu\",\"https:\\\/\\\/www.xing.com\\\/news\\\/pages\\\/organisator-ch-695\",\"https:\\\/\\\/www.youtube.com\\\/channel\\\/UCGP2Sq0iWaZwT3BdIAQFYpw\"]},{\"@type\":\"Person\",\"@id\":\"https:\\\/\\\/www.organisator.ch\\\/#\\\/schema\\\/person\\\/6f650f90b2842cd4c0cc334b4e36f67e\",\"name\":\"thomas.berner\",\"image\":{\"@type\":\"ImageObject\",\"inLanguage\":\"en-US\",\"@id\":\"https:\\\/\\\/secure.gravatar.com\\\/avatar\\\/ac5001d2a36cb6c6cd3e50789007ffca834b477b74a2144564522e944eabff61?s=96&d=mm&r=g\",\"url\":\"https:\\\/\\\/secure.gravatar.com\\\/avatar\\\/ac5001d2a36cb6c6cd3e50789007ffca834b477b74a2144564522e944eabff61?s=96&d=mm&r=g\",\"contentUrl\":\"https:\\\/\\\/secure.gravatar.com\\\/avatar\\\/ac5001d2a36cb6c6cd3e50789007ffca834b477b74a2144564522e944eabff61?s=96&d=mm&r=g\",\"caption\":\"thomas.berner\"},\"url\":\"https:\\\/\\\/www.organisator.ch\\\/en\\\/author\\\/thomas-berner\\\/\"}]}<\/script>\n<!-- \/ Yoast SEO plugin. -->","yoast_head_json":{"title":"2,330 tons of CO2 saved with second-hand goods - Organizer","description":"Secondhand Day aims to raise awareness of sustainable consumption in the form of second-hand goods as part of the circular economy.","robots":{"index":"index","follow":"follow","max-snippet":"max-snippet:-1","max-image-preview":"max-image-preview:large","max-video-preview":"max-video-preview:-1"},"canonical":"https:\/\/www.organisator.ch\/en\/sustainability\/2022-09-27\/mit-gebrauchtware-2330-tonnen-co2-eingespart\/","og_locale":"en_US","og_type":"article","og_title":"Mit Gebrauchtware 2\u2019330 Tonnen CO2 eingespart","og_description":"Der Secondhand Day will f\u00fcr einen nachhaltigen Konsum in Form von Gebrauchtware als Teil der Kreislaufwirtschaft sensibilisieren.","og_url":"https:\/\/www.organisator.ch\/en\/sustainability\/2022-09-27\/mit-gebrauchtware-2330-tonnen-co2-eingespart\/","og_site_name":"Organisator","article_publisher":"https:\/\/www.facebook.com\/OrganisatorFachmagazin","article_published_time":"2022-09-27T15:05:50+00:00","og_image":[{"width":680,"height":421,"url":"https:\/\/www.organisator.ch\/wp-content\/uploads\/2022\/09\/Mit-Gebrauchtware-2330-Tonnen-CO2-eingespart_Organisator.jpg","type":"image\/jpeg"}],"author":"thomas.berner","twitter_card":"summary_large_image","twitter_title":"Mit #Gebrauchtware 2\u2019330 Tonnen CO2 eingespart","twitter_description":"Der #Secondhand Day will f\u00fcr einen nachhaltigen Konsum in Form von #Gebrauchtware als Teil der #Kreislaufwirtschaft sensibilisieren.","twitter_image":"https:\/\/www.organisator.ch\/wp-content\/uploads\/2022\/09\/Mit-Gebrauchtware-2330-Tonnen-CO2-eingespart_Organisator.jpg","schema":{"@context":"https:\/\/schema.org","@graph":[{"@type":"Article","@id":"https:\/\/www.organisator.ch\/sustainability\/2022-09-27\/mit-gebrauchtware-2330-tonnen-co2-eingespart\/#article","isPartOf":{"@id":"https:\/\/www.organisator.ch\/sustainability\/2022-09-27\/mit-gebrauchtware-2330-tonnen-co2-eingespart\/"},"author":{"name":"thomas.berner","@id":"https:\/\/www.organisator.ch\/#\/schema\/person\/6f650f90b2842cd4c0cc334b4e36f67e"},"headline":"Mit Gebrauchtware 2\u2019330 Tonnen CO2 eingespart","datePublished":"2022-09-27T15:05:50+00:00","mainEntityOfPage":{"@id":"https:\/\/www.organisator.ch\/sustainability\/2022-09-27\/mit-gebrauchtware-2330-tonnen-co2-eingespart\/"},"wordCount":423,"publisher":{"@id":"https:\/\/www.organisator.ch\/#organization"},"image":{"@id":"https:\/\/www.organisator.ch\/sustainability\/2022-09-27\/mit-gebrauchtware-2330-tonnen-co2-eingespart\/#primaryimage"},"thumbnailUrl":"https:\/\/www.organisator.ch\/wp-content\/uploads\/2022\/09\/Mit-Gebrauchtware-2330-Tonnen-CO2-eingespart_Organisator.jpg","keywords":["Kreislaufwirtschaft","Nachhaltige Wirtschaft","Second Hand"],"articleSection":["SUSTAINABILITY"],"inLanguage":"en-US"},{"@type":"WebPage","@id":"https:\/\/www.organisator.ch\/sustainability\/2022-09-27\/mit-gebrauchtware-2330-tonnen-co2-eingespart\/","url":"https:\/\/www.organisator.ch\/sustainability\/2022-09-27\/mit-gebrauchtware-2330-tonnen-co2-eingespart\/","name":"2,330 tons of CO2 saved with second-hand goods - Organizer","isPartOf":{"@id":"https:\/\/www.organisator.ch\/#website"},"primaryImageOfPage":{"@id":"https:\/\/www.organisator.ch\/sustainability\/2022-09-27\/mit-gebrauchtware-2330-tonnen-co2-eingespart\/#primaryimage"},"image":{"@id":"https:\/\/www.organisator.ch\/sustainability\/2022-09-27\/mit-gebrauchtware-2330-tonnen-co2-eingespart\/#primaryimage"},"thumbnailUrl":"https:\/\/www.organisator.ch\/wp-content\/uploads\/2022\/09\/Mit-Gebrauchtware-2330-Tonnen-CO2-eingespart_Organisator.jpg","datePublished":"2022-09-27T15:05:50+00:00","description":"Secondhand Day aims to raise awareness of sustainable consumption in the form of second-hand goods as part of the circular economy.","breadcrumb":{"@id":"https:\/\/www.organisator.ch\/sustainability\/2022-09-27\/mit-gebrauchtware-2330-tonnen-co2-eingespart\/#breadcrumb"},"inLanguage":"en-US","potentialAction":[{"@type":"ReadAction","target":["https:\/\/www.organisator.ch\/sustainability\/2022-09-27\/mit-gebrauchtware-2330-tonnen-co2-eingespart\/"]}]},{"@type":"ImageObject","inLanguage":"en-US","@id":"https:\/\/www.organisator.ch\/sustainability\/2022-09-27\/mit-gebrauchtware-2330-tonnen-co2-eingespart\/#primaryimage","url":"https:\/\/www.organisator.ch\/wp-content\/uploads\/2022\/09\/Mit-Gebrauchtware-2330-Tonnen-CO2-eingespart_Organisator.jpg","contentUrl":"https:\/\/www.organisator.ch\/wp-content\/uploads\/2022\/09\/Mit-Gebrauchtware-2330-Tonnen-CO2-eingespart_Organisator.jpg","width":680,"height":421,"caption":"Alles andere als Ramsch: Am Secondhand Day 2022 verkauften 617 teilnehmende \u00abCircular Heroes\u00bb ihre Gebrauchtware. (Bild: Secondhandday.ch)"},{"@type":"BreadcrumbList","@id":"https:\/\/www.organisator.ch\/sustainability\/2022-09-27\/mit-gebrauchtware-2330-tonnen-co2-eingespart\/#breadcrumb","itemListElement":[{"@type":"ListItem","position":1,"name":"Home","item":"https:\/\/www.organisator.ch\/"},{"@type":"ListItem","position":2,"name":"Mit Gebrauchtware 2\u2019330 Tonnen CO2 eingespart"}]},{"@type":"WebSite","@id":"https:\/\/www.organisator.ch\/#website","url":"https:\/\/www.organisator.ch\/","name":"Organizer","description":"Competent. Practical. In 10 issues per year, ORGANISATOR presents the essential topics for managers of SMEs.","publisher":{"@id":"https:\/\/www.organisator.ch\/#organization"},"potentialAction":[{"@type":"SearchAction","target":{"@type":"EntryPoint","urlTemplate":"https:\/\/www.organisator.ch\/?s={search_term_string}"},"query-input":{"@type":"PropertyValueSpecification","valueRequired":true,"valueName":"search_term_string"}}],"inLanguage":"en-US"},{"@type":"Organization","@id":"https:\/\/www.organisator.ch\/#organization","name":"Organizer","url":"https:\/\/www.organisator.ch\/","logo":{"@type":"ImageObject","inLanguage":"en-US","@id":"https:\/\/www.organisator.ch\/#\/schema\/logo\/image\/","url":"https:\/\/www.organisator.ch\/wp-content\/uploads\/2022\/01\/Logo_Organisator_Website.png","contentUrl":"https:\/\/www.organisator.ch\/wp-content\/uploads\/2022\/01\/Logo_Organisator_Website.png","width":800,"height":77,"caption":"Organisator"},"image":{"@id":"https:\/\/www.organisator.ch\/#\/schema\/logo\/image\/"},"sameAs":["https:\/\/www.facebook.com\/OrganisatorFachmagazin","https:\/\/www.linkedin.com\/showcase\/organisator-das-magazin-fr-kmu","https:\/\/www.xing.com\/news\/pages\/organisator-ch-695","https:\/\/www.youtube.com\/channel\/UCGP2Sq0iWaZwT3BdIAQFYpw"]},{"@type":"Person","@id":"https:\/\/www.organisator.ch\/#\/schema\/person\/6f650f90b2842cd4c0cc334b4e36f67e","name":"thomas.berner","image":{"@type":"ImageObject","inLanguage":"en-US","@id":"https:\/\/secure.gravatar.com\/avatar\/ac5001d2a36cb6c6cd3e50789007ffca834b477b74a2144564522e944eabff61?s=96&d=mm&r=g","url":"https:\/\/secure.gravatar.com\/avatar\/ac5001d2a36cb6c6cd3e50789007ffca834b477b74a2144564522e944eabff61?s=96&d=mm&r=g","contentUrl":"https:\/\/secure.gravatar.com\/avatar\/ac5001d2a36cb6c6cd3e50789007ffca834b477b74a2144564522e944eabff61?s=96&d=mm&r=g","caption":"thomas.berner"},"url":"https:\/\/www.organisator.ch\/en\/author\/thomas-berner\/"}]}},"_links":{"self":[{"href":"https:\/\/www.organisator.ch\/en\/wp-json\/wp\/v2\/posts\/17085","targetHints":{"allow":["GET"]}}],"collection":[{"href":"https:\/\/www.organisator.ch\/en\/wp-json\/wp\/v2\/posts"}],"about":[{"href":"https:\/\/www.organisator.ch\/en\/wp-json\/wp\/v2\/types\/post"}],"author":[{"embeddable":true,"href":"https:\/\/www.organisator.ch\/en\/wp-json\/wp\/v2\/users\/4"}],"replies":[{"embeddable":true,"href":"https:\/\/www.organisator.ch\/en\/wp-json\/wp\/v2\/comments?post=17085"}],"version-history":[{"count":4,"href":"https:\/\/www.organisator.ch\/en\/wp-json\/wp\/v2\/posts\/17085\/revisions"}],"predecessor-version":[{"id":17131,"href":"https:\/\/www.organisator.ch\/en\/wp-json\/wp\/v2\/posts\/17085\/revisions\/17131"}],"wp:featuredmedia":[{"embeddable":true,"href":"https:\/\/www.organisator.ch\/en\/wp-json\/wp\/v2\/media\/17086"}],"wp:attachment":[{"href":"https:\/\/www.organisator.ch\/en\/wp-json\/wp\/v2\/media?parent=17085"}],"wp:term":[{"taxonomy":"category","embeddable":true,"href":"https:\/\/www.organisator.ch\/en\/wp-json\/wp\/v2\/categories?post=17085"},{"taxonomy":"post_tag","embeddable":true,"href":"https:\/\/www.organisator.ch\/en\/wp-json\/wp\/v2\/tags?post=17085"}],"curies":[{"name":"wp","href":"https:\/\/api.w.org\/{rel}","templated":true}]}}