{"id":17091,"date":"2022-09-28T09:32:25","date_gmt":"2022-09-28T07:32:25","guid":{"rendered":"https:\/\/www.organisator.ch\/?p=17091"},"modified":"2022-09-28T09:32:25","modified_gmt":"2022-09-28T07:32:25","slug":"thurgauer-wirtschaftsforum-oswald-gruebel-haelt-neu-das-schlussreferat","status":"publish","type":"post","link":"https:\/\/www.organisator.ch\/en\/management\/2022-09-28\/thurgauer-wirtschaftsforum-oswald-gruebel-haelt-neu-das-schlussreferat\/","title":{"rendered":"Thurgau Economic Forum: Oswald Gr\u00fcbel now gives the closing address"},"content":{"rendered":"<figure id=\"attachment_17092\" aria-describedby=\"caption-attachment-17092\" style=\"width: 680px\" class=\"wp-caption alignnone\"><img loading=\"lazy\" decoding=\"async\" class=\"size-full wp-image-17092\" src=\"https:\/\/www.organisator.ch\/wp-content\/uploads\/2022\/09\/Thurgauer-Wirtschaftsforum-Oswald-Grubel-halt-neu-das-Schlussreferat_Organisator.jpg\" alt=\"\" width=\"680\" height=\"634\" srcset=\"https:\/\/www.organisator.ch\/wp-content\/uploads\/2022\/09\/Thurgauer-Wirtschaftsforum-Oswald-Grubel-halt-neu-das-Schlussreferat_Organisator.jpg 680w, https:\/\/www.organisator.ch\/wp-content\/uploads\/2022\/09\/Thurgauer-Wirtschaftsforum-Oswald-Grubel-halt-neu-das-Schlussreferat_Organisator-13x12.jpg 13w, https:\/\/www.organisator.ch\/wp-content\/uploads\/2022\/09\/Thurgauer-Wirtschaftsforum-Oswald-Grubel-halt-neu-das-Schlussreferat_Organisator-188x175.jpg 188w, https:\/\/www.organisator.ch\/wp-content\/uploads\/2022\/09\/Thurgauer-Wirtschaftsforum-Oswald-Grubel-halt-neu-das-Schlussreferat_Organisator-375x350.jpg 375w, https:\/\/www.organisator.ch\/wp-content\/uploads\/2022\/09\/Thurgauer-Wirtschaftsforum-Oswald-Grubel-halt-neu-das-Schlussreferat_Organisator-300x280.jpg 300w\" sizes=\"auto, (max-width: 680px) 100vw, 680px\" \/><figcaption id=\"caption-attachment-17092\" class=\"wp-caption-text\">Oswald Gr\u00fcbel will give the closing speech at the Thurgau Economic Forum on November 3, 2022. (Image: zVg \/ Thurgau Economic Forum)<\/figcaption><\/figure>\n<p>It occasionally happens that federal councillors have to change their plans at short notice. This is particularly true of Finance Minister Ueli Maurer, whose agenda is one of the busiest among federal councillors; time and again, there are scheduling conflicts. The 26th Thurgau Economic Forum has now been affected by such a clash. It is with great regret that Federal Councillor Ueli Maurer has had to announce that he will not be able to be in Weinfelden on November 3. The reason is an important trip abroad.<\/p>\n<h3>Oswald Gr\u00fcbel: High-profile banker<\/h3>\n<p><!--#\/html#--><!--#html name=\"description\"#-->The organizers of the Economic Forum succeeded in attracting a high-profile new speaker for the closing address: Oswald Gr\u00fcbel. He fits in perfectly with the core topic of the event: the impact of the current crises on the financial and innovation system. Gr\u00fcbel is often referred to as the last tycoon of Swiss banking. He began his career at Deutsche Bank, then worked for 37 years at Credit Suisse Group, where he was head from 2003 to 2007. From 2009 to 2011, he was group chief executive officer (CEO) of UBS. Next fall, Oswald Gr\u00fcbel will turn 80. With great interest and a wealth of experience, he continues to comment on the financial world with a critical eye.<\/p>\n<p><!--#\/html#--><!--#html name=\"url\" mode=\"simple\"#--><\/p>\n<h3><strong>Top-class trio<\/strong><\/h3>\n<p>The rest of the program of the 26th Thurgau Economic Forum remains unchanged. With HSG economist Monika B\u00fctler, Sandra Banholzer, CEO of Rausch AG, and German economist Hans-Werner Sinn, a top-class trio will address the challenges in times of crisis alongside Oswald Gr\u00fcbel. For the first time, the Thurgauer*in of the year will present himself\/herself in conversation. The Economic Forum will be moderated by Thurgau-based SRF presenter Mona Vetsch.<\/p>\n<p><em>Source, more information and registration for the event: <a href=\"http:\/\/www.wft.ch\">www.wft.ch<\/a><\/em><\/p>","protected":false},"excerpt":{"rendered":"<p>Es geschieht gelegentlich, dass Bundesr\u00e4te ihre Pl\u00e4ne kurzfristig \u00e4ndern m\u00fcssen. Dies trifft insbesondere auf Finanzminister Ueli Maurer zu, dessen Agenda eine der meistbefrachteten unter den Bundesr\u00e4ten ist; immer wieder kommt es zu Terminkollisionen. Eine solche trifft nun auch das 26. Wirtschaftsforum Thurgau. Mit grossem Bedauern hat Bundesrat Ueli Maurer mitteilen m\u00fcssen, dass er am 3. [&hellip;]<\/p>\n","protected":false},"author":4,"featured_media":17092,"comment_status":"closed","ping_status":"closed","sticky":false,"template":"","format":"standard","meta":{"_acf_changed":false,"_yoast_wpseo_focuskw":"Oswald Gr\u00fcbel","_yoast_wpseo_metadesc":"Das Thurgauer Wirtschaftsforum, das sich mit Rezepten im Kontext von Krisen befasst, hat mit Oswald Gr\u00fcbel einen neuen Schlussreferenten.","articlekey":"","footnotes":""},"categories":[28],"tags":[193,381],"class_list":["post-17091","post","type-post","status-publish","format-standard","has-post-thumbnail","hentry","category-management","tag-fachkongressfachmesse","tag-personalia"],"acf":[],"yoast_head":"<!-- This site is optimized with the Yoast SEO plugin v27.5 - https:\/\/yoast.com\/product\/yoast-seo-wordpress\/ -->\n<title>Thurgauer Wirtschaftsforum: Oswald Gr\u00fcbel h\u00e4lt neu das Schlussreferat - Organisator<\/title>\n<meta name=\"description\" content=\"Das Thurgauer Wirtschaftsforum, das sich mit Rezepten im Kontext von Krisen befasst, hat mit Oswald Gr\u00fcbel einen neuen Schlussreferenten.\" \/>\n<meta name=\"robots\" content=\"index, follow, max-snippet:-1, max-image-preview:large, max-video-preview:-1\" \/>\n<link rel=\"canonical\" href=\"https:\/\/www.organisator.ch\/en\/management\/2022-09-28\/thurgauer-wirtschaftsforum-oswald-gruebel-haelt-neu-das-schlussreferat\/\" \/>\n<meta property=\"og:locale\" content=\"en_US\" \/>\n<meta property=\"og:type\" content=\"article\" \/>\n<meta property=\"og:title\" content=\"Thurgauer Wirtschaftsforum: Oswald Gr\u00fcbel h\u00e4lt neu das Schlussreferat\" \/>\n<meta property=\"og:description\" content=\"Das Thurgauer Wirtschaftsforum, das sich mit Rezepten im Kontext von Krisen befasst, hat mit Oswald Gr\u00fcbel einen neuen Schlussreferenten.\" \/>\n<meta property=\"og:url\" content=\"https:\/\/www.organisator.ch\/en\/management\/2022-09-28\/thurgauer-wirtschaftsforum-oswald-gruebel-haelt-neu-das-schlussreferat\/\" \/>\n<meta property=\"og:site_name\" content=\"Organisator\" \/>\n<meta property=\"article:publisher\" content=\"https:\/\/www.facebook.com\/OrganisatorFachmagazin\" \/>\n<meta property=\"article:published_time\" content=\"2022-09-28T07:32:25+00:00\" \/>\n<meta property=\"og:image\" content=\"https:\/\/www.organisator.ch\/wp-content\/uploads\/2022\/09\/Thurgauer-Wirtschaftsforum-Oswald-Grubel-halt-neu-das-Schlussreferat_Organisator.jpg\" \/>\n\t<meta property=\"og:image:width\" content=\"680\" \/>\n\t<meta property=\"og:image:height\" content=\"634\" \/>\n\t<meta property=\"og:image:type\" content=\"image\/jpeg\" \/>\n<meta name=\"author\" content=\"thomas.berner\" \/>\n<meta name=\"twitter:card\" content=\"summary_large_image\" \/>\n<meta name=\"twitter:title\" content=\"Thurgauer #Wirtschaftsforum: Oswald #Gr\u00fcbel h\u00e4lt neu das Schlussreferat\" \/>\n<meta name=\"twitter:description\" content=\"Das Thurgauer #Wirtschaftsforum, das sich mit Rezepten im Kontext von Krisen befasst, hat mit Oswald #Gr\u00fcbel einen neuen #Schlussreferenten.\" \/>\n<meta name=\"twitter:image\" content=\"https:\/\/www.organisator.ch\/wp-content\/uploads\/2022\/09\/Thurgauer-Wirtschaftsforum-Oswald-Grubel-halt-neu-das-Schlussreferat_Organisator.jpg\" \/>\n<script type=\"application\/ld+json\" class=\"yoast-schema-graph\">{\"@context\":\"https:\\\/\\\/schema.org\",\"@graph\":[{\"@type\":\"Article\",\"@id\":\"https:\\\/\\\/www.organisator.ch\\\/management\\\/2022-09-28\\\/thurgauer-wirtschaftsforum-oswald-gruebel-haelt-neu-das-schlussreferat\\\/#article\",\"isPartOf\":{\"@id\":\"https:\\\/\\\/www.organisator.ch\\\/management\\\/2022-09-28\\\/thurgauer-wirtschaftsforum-oswald-gruebel-haelt-neu-das-schlussreferat\\\/\"},\"author\":{\"name\":\"thomas.berner\",\"@id\":\"https:\\\/\\\/www.organisator.ch\\\/#\\\/schema\\\/person\\\/6f650f90b2842cd4c0cc334b4e36f67e\"},\"headline\":\"Thurgauer Wirtschaftsforum: Oswald Gr\u00fcbel h\u00e4lt neu das Schlussreferat\",\"datePublished\":\"2022-09-28T07:32:25+00:00\",\"mainEntityOfPage\":{\"@id\":\"https:\\\/\\\/www.organisator.ch\\\/management\\\/2022-09-28\\\/thurgauer-wirtschaftsforum-oswald-gruebel-haelt-neu-das-schlussreferat\\\/\"},\"wordCount\":296,\"publisher\":{\"@id\":\"https:\\\/\\\/www.organisator.ch\\\/#organization\"},\"image\":{\"@id\":\"https:\\\/\\\/www.organisator.ch\\\/management\\\/2022-09-28\\\/thurgauer-wirtschaftsforum-oswald-gruebel-haelt-neu-das-schlussreferat\\\/#primaryimage\"},\"thumbnailUrl\":\"https:\\\/\\\/www.organisator.ch\\\/wp-content\\\/uploads\\\/2022\\\/09\\\/Thurgauer-Wirtschaftsforum-Oswald-Grubel-halt-neu-das-Schlussreferat_Organisator.jpg\",\"keywords\":[\"Fachkongress\\\/Fachmesse\",\"Personalia\"],\"articleSection\":[\"MANAGEMENT\"],\"inLanguage\":\"en-US\"},{\"@type\":\"WebPage\",\"@id\":\"https:\\\/\\\/www.organisator.ch\\\/management\\\/2022-09-28\\\/thurgauer-wirtschaftsforum-oswald-gruebel-haelt-neu-das-schlussreferat\\\/\",\"url\":\"https:\\\/\\\/www.organisator.ch\\\/management\\\/2022-09-28\\\/thurgauer-wirtschaftsforum-oswald-gruebel-haelt-neu-das-schlussreferat\\\/\",\"name\":\"Thurgauer Wirtschaftsforum: Oswald Gr\u00fcbel h\u00e4lt neu das Schlussreferat - Organisator\",\"isPartOf\":{\"@id\":\"https:\\\/\\\/www.organisator.ch\\\/#website\"},\"primaryImageOfPage\":{\"@id\":\"https:\\\/\\\/www.organisator.ch\\\/management\\\/2022-09-28\\\/thurgauer-wirtschaftsforum-oswald-gruebel-haelt-neu-das-schlussreferat\\\/#primaryimage\"},\"image\":{\"@id\":\"https:\\\/\\\/www.organisator.ch\\\/management\\\/2022-09-28\\\/thurgauer-wirtschaftsforum-oswald-gruebel-haelt-neu-das-schlussreferat\\\/#primaryimage\"},\"thumbnailUrl\":\"https:\\\/\\\/www.organisator.ch\\\/wp-content\\\/uploads\\\/2022\\\/09\\\/Thurgauer-Wirtschaftsforum-Oswald-Grubel-halt-neu-das-Schlussreferat_Organisator.jpg\",\"datePublished\":\"2022-09-28T07:32:25+00:00\",\"description\":\"Das Thurgauer Wirtschaftsforum, das sich mit Rezepten im Kontext von Krisen befasst, hat mit Oswald Gr\u00fcbel einen neuen Schlussreferenten.\",\"breadcrumb\":{\"@id\":\"https:\\\/\\\/www.organisator.ch\\\/management\\\/2022-09-28\\\/thurgauer-wirtschaftsforum-oswald-gruebel-haelt-neu-das-schlussreferat\\\/#breadcrumb\"},\"inLanguage\":\"en-US\",\"potentialAction\":[{\"@type\":\"ReadAction\",\"target\":[\"https:\\\/\\\/www.organisator.ch\\\/management\\\/2022-09-28\\\/thurgauer-wirtschaftsforum-oswald-gruebel-haelt-neu-das-schlussreferat\\\/\"]}]},{\"@type\":\"ImageObject\",\"inLanguage\":\"en-US\",\"@id\":\"https:\\\/\\\/www.organisator.ch\\\/management\\\/2022-09-28\\\/thurgauer-wirtschaftsforum-oswald-gruebel-haelt-neu-das-schlussreferat\\\/#primaryimage\",\"url\":\"https:\\\/\\\/www.organisator.ch\\\/wp-content\\\/uploads\\\/2022\\\/09\\\/Thurgauer-Wirtschaftsforum-Oswald-Grubel-halt-neu-das-Schlussreferat_Organisator.jpg\",\"contentUrl\":\"https:\\\/\\\/www.organisator.ch\\\/wp-content\\\/uploads\\\/2022\\\/09\\\/Thurgauer-Wirtschaftsforum-Oswald-Grubel-halt-neu-das-Schlussreferat_Organisator.jpg\",\"width\":680,\"height\":634,\"caption\":\"Oswald Gr\u00fcbel h\u00e4lt am Thurgauer Wirtschaftsforum vom 3. November 2022 neu das Schlussreferat. (Bild: zVg \\\/ Wirtschaftsforum Thurgau)\"},{\"@type\":\"BreadcrumbList\",\"@id\":\"https:\\\/\\\/www.organisator.ch\\\/management\\\/2022-09-28\\\/thurgauer-wirtschaftsforum-oswald-gruebel-haelt-neu-das-schlussreferat\\\/#breadcrumb\",\"itemListElement\":[{\"@type\":\"ListItem\",\"position\":1,\"name\":\"Home\",\"item\":\"https:\\\/\\\/www.organisator.ch\\\/\"},{\"@type\":\"ListItem\",\"position\":2,\"name\":\"Thurgauer Wirtschaftsforum: Oswald Gr\u00fcbel h\u00e4lt neu das Schlussreferat\"}]},{\"@type\":\"WebSite\",\"@id\":\"https:\\\/\\\/www.organisator.ch\\\/#website\",\"url\":\"https:\\\/\\\/www.organisator.ch\\\/\",\"name\":\"Organisator\",\"description\":\"Kompetent. Praxisnah. Der ORGANISATOR bereitet in 10 Ausgaben pro Jahr die wesentlichen Themen f\u00fcr F\u00fchrungskr\u00e4fte von KMU auf.\",\"publisher\":{\"@id\":\"https:\\\/\\\/www.organisator.ch\\\/#organization\"},\"potentialAction\":[{\"@type\":\"SearchAction\",\"target\":{\"@type\":\"EntryPoint\",\"urlTemplate\":\"https:\\\/\\\/www.organisator.ch\\\/?s={search_term_string}\"},\"query-input\":{\"@type\":\"PropertyValueSpecification\",\"valueRequired\":true,\"valueName\":\"search_term_string\"}}],\"inLanguage\":\"en-US\"},{\"@type\":\"Organization\",\"@id\":\"https:\\\/\\\/www.organisator.ch\\\/#organization\",\"name\":\"Organisator\",\"url\":\"https:\\\/\\\/www.organisator.ch\\\/\",\"logo\":{\"@type\":\"ImageObject\",\"inLanguage\":\"en-US\",\"@id\":\"https:\\\/\\\/www.organisator.ch\\\/#\\\/schema\\\/logo\\\/image\\\/\",\"url\":\"https:\\\/\\\/www.organisator.ch\\\/wp-content\\\/uploads\\\/2022\\\/01\\\/Logo_Organisator_Website.png\",\"contentUrl\":\"https:\\\/\\\/www.organisator.ch\\\/wp-content\\\/uploads\\\/2022\\\/01\\\/Logo_Organisator_Website.png\",\"width\":800,\"height\":77,\"caption\":\"Organisator\"},\"image\":{\"@id\":\"https:\\\/\\\/www.organisator.ch\\\/#\\\/schema\\\/logo\\\/image\\\/\"},\"sameAs\":[\"https:\\\/\\\/www.facebook.com\\\/OrganisatorFachmagazin\",\"https:\\\/\\\/www.linkedin.com\\\/showcase\\\/organisator-das-magazin-fr-kmu\",\"https:\\\/\\\/www.xing.com\\\/news\\\/pages\\\/organisator-ch-695\",\"https:\\\/\\\/www.youtube.com\\\/channel\\\/UCGP2Sq0iWaZwT3BdIAQFYpw\"]},{\"@type\":\"Person\",\"@id\":\"https:\\\/\\\/www.organisator.ch\\\/#\\\/schema\\\/person\\\/6f650f90b2842cd4c0cc334b4e36f67e\",\"name\":\"thomas.berner\",\"image\":{\"@type\":\"ImageObject\",\"inLanguage\":\"en-US\",\"@id\":\"https:\\\/\\\/secure.gravatar.com\\\/avatar\\\/ac5001d2a36cb6c6cd3e50789007ffca834b477b74a2144564522e944eabff61?s=96&d=mm&r=g\",\"url\":\"https:\\\/\\\/secure.gravatar.com\\\/avatar\\\/ac5001d2a36cb6c6cd3e50789007ffca834b477b74a2144564522e944eabff61?s=96&d=mm&r=g\",\"contentUrl\":\"https:\\\/\\\/secure.gravatar.com\\\/avatar\\\/ac5001d2a36cb6c6cd3e50789007ffca834b477b74a2144564522e944eabff61?s=96&d=mm&r=g\",\"caption\":\"thomas.berner\"},\"url\":\"https:\\\/\\\/www.organisator.ch\\\/en\\\/author\\\/thomas-berner\\\/\"}]}<\/script>\n<!-- \/ Yoast SEO plugin. -->","yoast_head_json":{"title":"Thurgau Economic Forum: Oswald Gr\u00fcbel now gives the closing speech - Organizer","description":"The Thurgau Economic Forum, which focuses on recipes in the context of crises, has a new closing speaker in Oswald Gr\u00fcbel.","robots":{"index":"index","follow":"follow","max-snippet":"max-snippet:-1","max-image-preview":"max-image-preview:large","max-video-preview":"max-video-preview:-1"},"canonical":"https:\/\/www.organisator.ch\/en\/management\/2022-09-28\/thurgauer-wirtschaftsforum-oswald-gruebel-haelt-neu-das-schlussreferat\/","og_locale":"en_US","og_type":"article","og_title":"Thurgauer Wirtschaftsforum: Oswald Gr\u00fcbel h\u00e4lt neu das Schlussreferat","og_description":"Das Thurgauer Wirtschaftsforum, das sich mit Rezepten im Kontext von Krisen befasst, hat mit Oswald Gr\u00fcbel einen neuen Schlussreferenten.","og_url":"https:\/\/www.organisator.ch\/en\/management\/2022-09-28\/thurgauer-wirtschaftsforum-oswald-gruebel-haelt-neu-das-schlussreferat\/","og_site_name":"Organisator","article_publisher":"https:\/\/www.facebook.com\/OrganisatorFachmagazin","article_published_time":"2022-09-28T07:32:25+00:00","og_image":[{"width":680,"height":634,"url":"https:\/\/www.organisator.ch\/wp-content\/uploads\/2022\/09\/Thurgauer-Wirtschaftsforum-Oswald-Grubel-halt-neu-das-Schlussreferat_Organisator.jpg","type":"image\/jpeg"}],"author":"thomas.berner","twitter_card":"summary_large_image","twitter_title":"Thurgauer #Wirtschaftsforum: Oswald #Gr\u00fcbel h\u00e4lt neu das Schlussreferat","twitter_description":"Das Thurgauer #Wirtschaftsforum, das sich mit Rezepten im Kontext von Krisen befasst, hat mit Oswald #Gr\u00fcbel einen neuen #Schlussreferenten.","twitter_image":"https:\/\/www.organisator.ch\/wp-content\/uploads\/2022\/09\/Thurgauer-Wirtschaftsforum-Oswald-Grubel-halt-neu-das-Schlussreferat_Organisator.jpg","schema":{"@context":"https:\/\/schema.org","@graph":[{"@type":"Article","@id":"https:\/\/www.organisator.ch\/management\/2022-09-28\/thurgauer-wirtschaftsforum-oswald-gruebel-haelt-neu-das-schlussreferat\/#article","isPartOf":{"@id":"https:\/\/www.organisator.ch\/management\/2022-09-28\/thurgauer-wirtschaftsforum-oswald-gruebel-haelt-neu-das-schlussreferat\/"},"author":{"name":"thomas.berner","@id":"https:\/\/www.organisator.ch\/#\/schema\/person\/6f650f90b2842cd4c0cc334b4e36f67e"},"headline":"Thurgauer Wirtschaftsforum: Oswald Gr\u00fcbel h\u00e4lt neu das Schlussreferat","datePublished":"2022-09-28T07:32:25+00:00","mainEntityOfPage":{"@id":"https:\/\/www.organisator.ch\/management\/2022-09-28\/thurgauer-wirtschaftsforum-oswald-gruebel-haelt-neu-das-schlussreferat\/"},"wordCount":296,"publisher":{"@id":"https:\/\/www.organisator.ch\/#organization"},"image":{"@id":"https:\/\/www.organisator.ch\/management\/2022-09-28\/thurgauer-wirtschaftsforum-oswald-gruebel-haelt-neu-das-schlussreferat\/#primaryimage"},"thumbnailUrl":"https:\/\/www.organisator.ch\/wp-content\/uploads\/2022\/09\/Thurgauer-Wirtschaftsforum-Oswald-Grubel-halt-neu-das-Schlussreferat_Organisator.jpg","keywords":["Fachkongress\/Fachmesse","Personalia"],"articleSection":["MANAGEMENT"],"inLanguage":"en-US"},{"@type":"WebPage","@id":"https:\/\/www.organisator.ch\/management\/2022-09-28\/thurgauer-wirtschaftsforum-oswald-gruebel-haelt-neu-das-schlussreferat\/","url":"https:\/\/www.organisator.ch\/management\/2022-09-28\/thurgauer-wirtschaftsforum-oswald-gruebel-haelt-neu-das-schlussreferat\/","name":"Thurgau Economic Forum: Oswald Gr\u00fcbel now gives the closing speech - Organizer","isPartOf":{"@id":"https:\/\/www.organisator.ch\/#website"},"primaryImageOfPage":{"@id":"https:\/\/www.organisator.ch\/management\/2022-09-28\/thurgauer-wirtschaftsforum-oswald-gruebel-haelt-neu-das-schlussreferat\/#primaryimage"},"image":{"@id":"https:\/\/www.organisator.ch\/management\/2022-09-28\/thurgauer-wirtschaftsforum-oswald-gruebel-haelt-neu-das-schlussreferat\/#primaryimage"},"thumbnailUrl":"https:\/\/www.organisator.ch\/wp-content\/uploads\/2022\/09\/Thurgauer-Wirtschaftsforum-Oswald-Grubel-halt-neu-das-Schlussreferat_Organisator.jpg","datePublished":"2022-09-28T07:32:25+00:00","description":"The Thurgau Economic Forum, which focuses on recipes in the context of crises, has a new closing speaker in Oswald Gr\u00fcbel.","breadcrumb":{"@id":"https:\/\/www.organisator.ch\/management\/2022-09-28\/thurgauer-wirtschaftsforum-oswald-gruebel-haelt-neu-das-schlussreferat\/#breadcrumb"},"inLanguage":"en-US","potentialAction":[{"@type":"ReadAction","target":["https:\/\/www.organisator.ch\/management\/2022-09-28\/thurgauer-wirtschaftsforum-oswald-gruebel-haelt-neu-das-schlussreferat\/"]}]},{"@type":"ImageObject","inLanguage":"en-US","@id":"https:\/\/www.organisator.ch\/management\/2022-09-28\/thurgauer-wirtschaftsforum-oswald-gruebel-haelt-neu-das-schlussreferat\/#primaryimage","url":"https:\/\/www.organisator.ch\/wp-content\/uploads\/2022\/09\/Thurgauer-Wirtschaftsforum-Oswald-Grubel-halt-neu-das-Schlussreferat_Organisator.jpg","contentUrl":"https:\/\/www.organisator.ch\/wp-content\/uploads\/2022\/09\/Thurgauer-Wirtschaftsforum-Oswald-Grubel-halt-neu-das-Schlussreferat_Organisator.jpg","width":680,"height":634,"caption":"Oswald Gr\u00fcbel h\u00e4lt am Thurgauer Wirtschaftsforum vom 3. November 2022 neu das Schlussreferat. (Bild: zVg \/ Wirtschaftsforum Thurgau)"},{"@type":"BreadcrumbList","@id":"https:\/\/www.organisator.ch\/management\/2022-09-28\/thurgauer-wirtschaftsforum-oswald-gruebel-haelt-neu-das-schlussreferat\/#breadcrumb","itemListElement":[{"@type":"ListItem","position":1,"name":"Home","item":"https:\/\/www.organisator.ch\/"},{"@type":"ListItem","position":2,"name":"Thurgauer Wirtschaftsforum: Oswald Gr\u00fcbel h\u00e4lt neu das Schlussreferat"}]},{"@type":"WebSite","@id":"https:\/\/www.organisator.ch\/#website","url":"https:\/\/www.organisator.ch\/","name":"Organizer","description":"Competent. Practical. In 10 issues per year, ORGANISATOR presents the essential topics for managers of SMEs.","publisher":{"@id":"https:\/\/www.organisator.ch\/#organization"},"potentialAction":[{"@type":"SearchAction","target":{"@type":"EntryPoint","urlTemplate":"https:\/\/www.organisator.ch\/?s={search_term_string}"},"query-input":{"@type":"PropertyValueSpecification","valueRequired":true,"valueName":"search_term_string"}}],"inLanguage":"en-US"},{"@type":"Organization","@id":"https:\/\/www.organisator.ch\/#organization","name":"Organizer","url":"https:\/\/www.organisator.ch\/","logo":{"@type":"ImageObject","inLanguage":"en-US","@id":"https:\/\/www.organisator.ch\/#\/schema\/logo\/image\/","url":"https:\/\/www.organisator.ch\/wp-content\/uploads\/2022\/01\/Logo_Organisator_Website.png","contentUrl":"https:\/\/www.organisator.ch\/wp-content\/uploads\/2022\/01\/Logo_Organisator_Website.png","width":800,"height":77,"caption":"Organisator"},"image":{"@id":"https:\/\/www.organisator.ch\/#\/schema\/logo\/image\/"},"sameAs":["https:\/\/www.facebook.com\/OrganisatorFachmagazin","https:\/\/www.linkedin.com\/showcase\/organisator-das-magazin-fr-kmu","https:\/\/www.xing.com\/news\/pages\/organisator-ch-695","https:\/\/www.youtube.com\/channel\/UCGP2Sq0iWaZwT3BdIAQFYpw"]},{"@type":"Person","@id":"https:\/\/www.organisator.ch\/#\/schema\/person\/6f650f90b2842cd4c0cc334b4e36f67e","name":"thomas.berner","image":{"@type":"ImageObject","inLanguage":"en-US","@id":"https:\/\/secure.gravatar.com\/avatar\/ac5001d2a36cb6c6cd3e50789007ffca834b477b74a2144564522e944eabff61?s=96&d=mm&r=g","url":"https:\/\/secure.gravatar.com\/avatar\/ac5001d2a36cb6c6cd3e50789007ffca834b477b74a2144564522e944eabff61?s=96&d=mm&r=g","contentUrl":"https:\/\/secure.gravatar.com\/avatar\/ac5001d2a36cb6c6cd3e50789007ffca834b477b74a2144564522e944eabff61?s=96&d=mm&r=g","caption":"thomas.berner"},"url":"https:\/\/www.organisator.ch\/en\/author\/thomas-berner\/"}]}},"_links":{"self":[{"href":"https:\/\/www.organisator.ch\/en\/wp-json\/wp\/v2\/posts\/17091","targetHints":{"allow":["GET"]}}],"collection":[{"href":"https:\/\/www.organisator.ch\/en\/wp-json\/wp\/v2\/posts"}],"about":[{"href":"https:\/\/www.organisator.ch\/en\/wp-json\/wp\/v2\/types\/post"}],"author":[{"embeddable":true,"href":"https:\/\/www.organisator.ch\/en\/wp-json\/wp\/v2\/users\/4"}],"replies":[{"embeddable":true,"href":"https:\/\/www.organisator.ch\/en\/wp-json\/wp\/v2\/comments?post=17091"}],"version-history":[{"count":1,"href":"https:\/\/www.organisator.ch\/en\/wp-json\/wp\/v2\/posts\/17091\/revisions"}],"predecessor-version":[{"id":17093,"href":"https:\/\/www.organisator.ch\/en\/wp-json\/wp\/v2\/posts\/17091\/revisions\/17093"}],"wp:featuredmedia":[{"embeddable":true,"href":"https:\/\/www.organisator.ch\/en\/wp-json\/wp\/v2\/media\/17092"}],"wp:attachment":[{"href":"https:\/\/www.organisator.ch\/en\/wp-json\/wp\/v2\/media?parent=17091"}],"wp:term":[{"taxonomy":"category","embeddable":true,"href":"https:\/\/www.organisator.ch\/en\/wp-json\/wp\/v2\/categories?post=17091"},{"taxonomy":"post_tag","embeddable":true,"href":"https:\/\/www.organisator.ch\/en\/wp-json\/wp\/v2\/tags?post=17091"}],"curies":[{"name":"wp","href":"https:\/\/api.w.org\/{rel}","templated":true}]}}