{"id":17094,"date":"2022-09-28T09:18:23","date_gmt":"2022-09-28T07:18:23","guid":{"rendered":"https:\/\/www.m-q.ch\/?p=16933"},"modified":"2024-11-21T08:17:22","modified_gmt":"2024-11-21T07:17:22","slug":"starter-kit-fur-digitale-verantwortung-lanciert","status":"publish","type":"post","link":"https:\/\/www.organisator.ch\/en\/operational-excellence\/2022-09-28\/starter-kit-fur-digitale-verantwortung-lanciert\/","title":{"rendered":"Digital responsibility starter kit launched"},"content":{"rendered":"<figure id=\"attachment_16934\" class=\"wp-caption alignnone\" style=\"width: 680px\" aria-describedby=\"caption-attachment-16934\"><img class=\"alignnone wp-image-16934 size-full\" src=\"https:\/\/www.m-q.ch\/wp-content\/uploads\/2022\/09\/Starter-Kit-fuer-digitale-Verantwortung-lanciert_MQ.jpg\" alt=\"Digital responsibility\" width=\"680\" height=\"371\" \/>\r\n<figcaption id=\"caption-attachment-16934\" class=\"wp-caption-text\">On the way to more digital responsibility: A starter kit from SDI and IMD makes it easier to get started. (Image: SDI \/ IMD)<\/figcaption>\r\n<\/figure>\r\n<p>Given the pace of technological development and the rapid adoption of various digital technologies on a large scale, the discourse on digital responsibility and tracking has been slow to catch up. This is also reflected in a prevailing innovation paradigm that promotes rapid development cycles. However, the negative sides of this paradigm are becoming increasingly clear: Fueled by various scandals, customer and regulatory awareness is growing and trust in digital services is increasingly lost. Corporate digital responsibility could thus evolve from a niche to a competitive advantage.<\/p>\r\n<h3>Corporate digital responsibility: from challenge to opportunity<\/h3>\r\n<p>\"The Starter Kit was created as a guide to lower the barriers for organizations to address important digital responsibility issues. In terms of putting principles into practice, the platform serves as a simple entry point for implementing concrete solutions,\" says Niniane Paeffgen, <a href=\"https:\/\/www.m-q.ch\/de\/swiss-digital-initiative-sdi-mit-neuer-geschaeftsfuehrung\/\">Managing Director of the Swiss Digital Initiative<\/a>.<\/p>\r\n<p>With the Corporate Digital Responsibility Starter Kit, the Swiss Digital Initiative and the Institute for Management Development give organizations the knowledge and tools they need to start a dialogue about responsible digital practices and create policies that work in the context of their specific<br \/>\r\norganizational structures make sense. The free resource is designed to be suitable for all organizational structures and sizes, requiring minimal financial and human resources. Our condensed research and in-depth report enables organizations to see the value of responsible digital practices, find solutions to common challenges and ultimately start where they are, with the resources they already have. \"When managed effectively, digital responsibility can protect organizations from threats and enable them to differentiate themselves in the eyes of consumers. The key is to just get started,\" explains Professor Michael Wade of the Institute for Management Development.<\/p>\r\n<h3>Starter Kit lowers entry threshold<\/h3>\r\n<p>The Starter Kit shows that while the topic of corporate digital responsibility may initially appear to be very elaborate, any organization can get started. Common challenges can be addressed by learning from the experiences of other organizations, and initial steps can be taken at any time, with a growing number of additional resources available for organizations to use. Given the importance of taking digital responsibility for sustainable innovation, the Starter Kit lowers the barriers for organizations to take digital responsibility.<\/p>\r\n<p><em>Click here for the Starter Kit: <a href=\"https:\/\/cdr-starterkit.ch\/\">https:\/\/cdr-starterkit.ch\/<\/a><\/em><\/p>\n<p class=\"syndicated-attribution\">This article originally appeared on m-q.ch - <a href=\"https:\/\/www.m-q.ch\/de\/starter-kit-fuer-digitale-verantwortung-lanciert\/\" target=\"_blank\">https:\/\/www.m-q.ch\/de\/starter-kit-fuer-digitale-verantwortung-lanciert\/<\/a><\/p>","protected":false},"excerpt":{"rendered":"<p>Angesichts des Tempos der technologischen Entwicklung und der raschen \u00dcbernahme verschiedener digitaler Technologien in grossem Massstab hat der Diskurs \u00fcber digitale Verantwortung und Nachhaltung nur langsam aufgeholt. Dies spiegelt sich auch in einem vorherrschenden Innovationsparadigma wider, das schnelle Entwicklungszyklen f\u00f6rdert. Die negativen Seiten dieses Paradigmas werden jedoch immer deutlicher: Angeheizt durch verschiedene Skandale w\u00e4chst das [\u2026]<\/p>\n","protected":false},"author":8,"featured_media":0,"comment_status":"closed","ping_status":"closed","sticky":false,"template":"","format":"standard","meta":{"_acf_changed":false,"_yoast_wpseo_focuskw":"Digitale Verantwortung","_yoast_wpseo_metadesc":"SDI und IMD bieten Starter Kit f\u00fcr digitale Verantwortung. Einfache Implementierung konkreter L\u00f6sungen f\u00fcr Unternehmen jeder Gr\u00f6\u00dfe.","articlekey":"","footnotes":""},"categories":[582],"tags":[3424],"class_list":["post-17094","post","type-post","status-publish","format-standard","hentry","category-operational-excellence","tag-digitale-verantwortung"],"acf":[],"yoast_head":"<!-- This site is optimized with the Yoast SEO plugin v27.5 - https:\/\/yoast.com\/product\/yoast-seo-wordpress\/ -->\n<title>Starter Kit f\u00fcr digitale Verantwortung lanciert - Organisator<\/title>\n<meta name=\"description\" content=\"SDI und IMD bieten Starter Kit f\u00fcr digitale Verantwortung. Einfache Implementierung konkreter L\u00f6sungen f\u00fcr Unternehmen jeder Gr\u00f6\u00dfe.\" \/>\n<meta name=\"robots\" content=\"index, follow, max-snippet:-1, max-image-preview:large, max-video-preview:-1\" \/>\n<link rel=\"canonical\" href=\"https:\/\/www.organisator.ch\/en\/operational-excellence\/2022-09-28\/starter-kit-fur-digitale-verantwortung-lanciert\/\" \/>\n<meta property=\"og:locale\" content=\"en_US\" \/>\n<meta property=\"og:type\" content=\"article\" \/>\n<meta property=\"og:title\" content=\"Starter Kit f\u00fcr digitale Verantwortung lanciert - Organisator\" \/>\n<meta property=\"og:description\" content=\"SDI und IMD bieten Starter Kit f\u00fcr digitale Verantwortung. Einfache Implementierung konkreter L\u00f6sungen f\u00fcr Unternehmen jeder Gr\u00f6\u00dfe.\" \/>\n<meta property=\"og:url\" content=\"https:\/\/www.organisator.ch\/en\/operational-excellence\/2022-09-28\/starter-kit-fur-digitale-verantwortung-lanciert\/\" \/>\n<meta property=\"og:site_name\" content=\"Organisator\" \/>\n<meta property=\"article:publisher\" content=\"https:\/\/www.facebook.com\/OrganisatorFachmagazin\" \/>\n<meta property=\"article:published_time\" content=\"2022-09-28T07:18:23+00:00\" \/>\n<meta property=\"article:modified_time\" content=\"2024-11-21T07:17:22+00:00\" \/>\n<meta name=\"author\" content=\"galledia\" \/>\n<meta name=\"twitter:card\" content=\"summary_large_image\" \/>\n<meta name=\"twitter:creator\" content=\"@admin\" \/>\n<script type=\"application\/ld+json\" class=\"yoast-schema-graph\">{\"@context\":\"https:\\\/\\\/schema.org\",\"@graph\":[{\"@type\":\"Article\",\"@id\":\"https:\\\/\\\/www.organisator.ch\\\/operational-excellence\\\/2022-09-28\\\/starter-kit-fur-digitale-verantwortung-lanciert\\\/#article\",\"isPartOf\":{\"@id\":\"https:\\\/\\\/www.organisator.ch\\\/operational-excellence\\\/2022-09-28\\\/starter-kit-fur-digitale-verantwortung-lanciert\\\/\"},\"author\":{\"name\":\"galledia\",\"@id\":\"https:\\\/\\\/www.organisator.ch\\\/#\\\/schema\\\/person\\\/4e51799071cd2dd1232ac003643ef5f0\"},\"headline\":\"Starter Kit f\u00fcr digitale Verantwortung lanciert\",\"datePublished\":\"2022-09-28T07:18:23+00:00\",\"dateModified\":\"2024-11-21T07:17:22+00:00\",\"mainEntityOfPage\":{\"@id\":\"https:\\\/\\\/www.organisator.ch\\\/operational-excellence\\\/2022-09-28\\\/starter-kit-fur-digitale-verantwortung-lanciert\\\/\"},\"wordCount\":446,\"publisher\":{\"@id\":\"https:\\\/\\\/www.organisator.ch\\\/#organization\"},\"image\":{\"@id\":\"https:\\\/\\\/www.organisator.ch\\\/operational-excellence\\\/2022-09-28\\\/starter-kit-fur-digitale-verantwortung-lanciert\\\/#primaryimage\"},\"thumbnailUrl\":\"https:\\\/\\\/www.m-q.ch\\\/wp-content\\\/uploads\\\/2022\\\/09\\\/Starter-Kit-fuer-digitale-Verantwortung-lanciert_MQ.jpg\",\"keywords\":[\"Digitale Verantwortung\"],\"articleSection\":[\"OPERATIONAL EXCELLENCE\"],\"inLanguage\":\"en-US\"},{\"@type\":\"WebPage\",\"@id\":\"https:\\\/\\\/www.organisator.ch\\\/operational-excellence\\\/2022-09-28\\\/starter-kit-fur-digitale-verantwortung-lanciert\\\/\",\"url\":\"https:\\\/\\\/www.organisator.ch\\\/operational-excellence\\\/2022-09-28\\\/starter-kit-fur-digitale-verantwortung-lanciert\\\/\",\"name\":\"Starter Kit f\u00fcr digitale Verantwortung lanciert - Organisator\",\"isPartOf\":{\"@id\":\"https:\\\/\\\/www.organisator.ch\\\/#website\"},\"primaryImageOfPage\":{\"@id\":\"https:\\\/\\\/www.organisator.ch\\\/operational-excellence\\\/2022-09-28\\\/starter-kit-fur-digitale-verantwortung-lanciert\\\/#primaryimage\"},\"image\":{\"@id\":\"https:\\\/\\\/www.organisator.ch\\\/operational-excellence\\\/2022-09-28\\\/starter-kit-fur-digitale-verantwortung-lanciert\\\/#primaryimage\"},\"thumbnailUrl\":\"https:\\\/\\\/www.m-q.ch\\\/wp-content\\\/uploads\\\/2022\\\/09\\\/Starter-Kit-fuer-digitale-Verantwortung-lanciert_MQ.jpg\",\"datePublished\":\"2022-09-28T07:18:23+00:00\",\"dateModified\":\"2024-11-21T07:17:22+00:00\",\"description\":\"SDI und IMD bieten Starter Kit f\u00fcr digitale Verantwortung. Einfache Implementierung konkreter L\u00f6sungen f\u00fcr Unternehmen jeder Gr\u00f6\u00dfe.\",\"breadcrumb\":{\"@id\":\"https:\\\/\\\/www.organisator.ch\\\/operational-excellence\\\/2022-09-28\\\/starter-kit-fur-digitale-verantwortung-lanciert\\\/#breadcrumb\"},\"inLanguage\":\"en-US\",\"potentialAction\":[{\"@type\":\"ReadAction\",\"target\":[\"https:\\\/\\\/www.organisator.ch\\\/operational-excellence\\\/2022-09-28\\\/starter-kit-fur-digitale-verantwortung-lanciert\\\/\"]}]},{\"@type\":\"ImageObject\",\"inLanguage\":\"en-US\",\"@id\":\"https:\\\/\\\/www.organisator.ch\\\/operational-excellence\\\/2022-09-28\\\/starter-kit-fur-digitale-verantwortung-lanciert\\\/#primaryimage\",\"url\":\"https:\\\/\\\/www.m-q.ch\\\/wp-content\\\/uploads\\\/2022\\\/09\\\/Starter-Kit-fuer-digitale-Verantwortung-lanciert_MQ.jpg\",\"contentUrl\":\"https:\\\/\\\/www.m-q.ch\\\/wp-content\\\/uploads\\\/2022\\\/09\\\/Starter-Kit-fuer-digitale-Verantwortung-lanciert_MQ.jpg\"},{\"@type\":\"BreadcrumbList\",\"@id\":\"https:\\\/\\\/www.organisator.ch\\\/operational-excellence\\\/2022-09-28\\\/starter-kit-fur-digitale-verantwortung-lanciert\\\/#breadcrumb\",\"itemListElement\":[{\"@type\":\"ListItem\",\"position\":1,\"name\":\"Home\",\"item\":\"https:\\\/\\\/www.organisator.ch\\\/\"},{\"@type\":\"ListItem\",\"position\":2,\"name\":\"Starter Kit f\u00fcr digitale Verantwortung lanciert\"}]},{\"@type\":\"WebSite\",\"@id\":\"https:\\\/\\\/www.organisator.ch\\\/#website\",\"url\":\"https:\\\/\\\/www.organisator.ch\\\/\",\"name\":\"Organisator\",\"description\":\"Kompetent. Praxisnah. Der ORGANISATOR bereitet in 10 Ausgaben pro Jahr die wesentlichen Themen f\u00fcr F\u00fchrungskr\u00e4fte von KMU auf.\",\"publisher\":{\"@id\":\"https:\\\/\\\/www.organisator.ch\\\/#organization\"},\"potentialAction\":[{\"@type\":\"SearchAction\",\"target\":{\"@type\":\"EntryPoint\",\"urlTemplate\":\"https:\\\/\\\/www.organisator.ch\\\/?s={search_term_string}\"},\"query-input\":{\"@type\":\"PropertyValueSpecification\",\"valueRequired\":true,\"valueName\":\"search_term_string\"}}],\"inLanguage\":\"en-US\"},{\"@type\":\"Organization\",\"@id\":\"https:\\\/\\\/www.organisator.ch\\\/#organization\",\"name\":\"Organisator\",\"url\":\"https:\\\/\\\/www.organisator.ch\\\/\",\"logo\":{\"@type\":\"ImageObject\",\"inLanguage\":\"en-US\",\"@id\":\"https:\\\/\\\/www.organisator.ch\\\/#\\\/schema\\\/logo\\\/image\\\/\",\"url\":\"https:\\\/\\\/www.organisator.ch\\\/wp-content\\\/uploads\\\/2022\\\/01\\\/Logo_Organisator_Website.png\",\"contentUrl\":\"https:\\\/\\\/www.organisator.ch\\\/wp-content\\\/uploads\\\/2022\\\/01\\\/Logo_Organisator_Website.png\",\"width\":800,\"height\":77,\"caption\":\"Organisator\"},\"image\":{\"@id\":\"https:\\\/\\\/www.organisator.ch\\\/#\\\/schema\\\/logo\\\/image\\\/\"},\"sameAs\":[\"https:\\\/\\\/www.facebook.com\\\/OrganisatorFachmagazin\",\"https:\\\/\\\/www.linkedin.com\\\/showcase\\\/organisator-das-magazin-fr-kmu\",\"https:\\\/\\\/www.xing.com\\\/news\\\/pages\\\/organisator-ch-695\",\"https:\\\/\\\/www.youtube.com\\\/channel\\\/UCGP2Sq0iWaZwT3BdIAQFYpw\"]},{\"@type\":\"Person\",\"@id\":\"https:\\\/\\\/www.organisator.ch\\\/#\\\/schema\\\/person\\\/4e51799071cd2dd1232ac003643ef5f0\",\"name\":\"galledia\",\"image\":{\"@type\":\"ImageObject\",\"inLanguage\":\"en-US\",\"@id\":\"https:\\\/\\\/secure.gravatar.com\\\/avatar\\\/78a7f90c01fc2bfc875782a0d4922b37cde2cf184ce347b91316d23cd7f69a36?s=96&d=mm&r=g\",\"url\":\"https:\\\/\\\/secure.gravatar.com\\\/avatar\\\/78a7f90c01fc2bfc875782a0d4922b37cde2cf184ce347b91316d23cd7f69a36?s=96&d=mm&r=g\",\"contentUrl\":\"https:\\\/\\\/secure.gravatar.com\\\/avatar\\\/78a7f90c01fc2bfc875782a0d4922b37cde2cf184ce347b91316d23cd7f69a36?s=96&d=mm&r=g\",\"caption\":\"galledia\"},\"sameAs\":[\"https:\\\/\\\/x.com\\\/admin\"],\"url\":\"https:\\\/\\\/www.organisator.ch\\\/en\\\/author\\\/galledia\\\/\"}]}<\/script>\n<!-- \/ Yoast SEO plugin. -->","yoast_head_json":{"title":"Digital responsibility starter kit launched - organizer","description":"SDI and IMD offer starter kit for digital responsibility. Simple implementation of concrete solutions for companies of all sizes.","robots":{"index":"index","follow":"follow","max-snippet":"max-snippet:-1","max-image-preview":"max-image-preview:large","max-video-preview":"max-video-preview:-1"},"canonical":"https:\/\/www.organisator.ch\/en\/operational-excellence\/2022-09-28\/starter-kit-fur-digitale-verantwortung-lanciert\/","og_locale":"en_US","og_type":"article","og_title":"Starter Kit f\u00fcr digitale Verantwortung lanciert - Organisator","og_description":"SDI und IMD bieten Starter Kit f\u00fcr digitale Verantwortung. Einfache Implementierung konkreter L\u00f6sungen f\u00fcr Unternehmen jeder Gr\u00f6\u00dfe.","og_url":"https:\/\/www.organisator.ch\/en\/operational-excellence\/2022-09-28\/starter-kit-fur-digitale-verantwortung-lanciert\/","og_site_name":"Organisator","article_publisher":"https:\/\/www.facebook.com\/OrganisatorFachmagazin","article_published_time":"2022-09-28T07:18:23+00:00","article_modified_time":"2024-11-21T07:17:22+00:00","author":"galledia","twitter_card":"summary_large_image","twitter_creator":"@admin","schema":{"@context":"https:\/\/schema.org","@graph":[{"@type":"Article","@id":"https:\/\/www.organisator.ch\/operational-excellence\/2022-09-28\/starter-kit-fur-digitale-verantwortung-lanciert\/#article","isPartOf":{"@id":"https:\/\/www.organisator.ch\/operational-excellence\/2022-09-28\/starter-kit-fur-digitale-verantwortung-lanciert\/"},"author":{"name":"galledia","@id":"https:\/\/www.organisator.ch\/#\/schema\/person\/4e51799071cd2dd1232ac003643ef5f0"},"headline":"Starter Kit f\u00fcr digitale Verantwortung lanciert","datePublished":"2022-09-28T07:18:23+00:00","dateModified":"2024-11-21T07:17:22+00:00","mainEntityOfPage":{"@id":"https:\/\/www.organisator.ch\/operational-excellence\/2022-09-28\/starter-kit-fur-digitale-verantwortung-lanciert\/"},"wordCount":446,"publisher":{"@id":"https:\/\/www.organisator.ch\/#organization"},"image":{"@id":"https:\/\/www.organisator.ch\/operational-excellence\/2022-09-28\/starter-kit-fur-digitale-verantwortung-lanciert\/#primaryimage"},"thumbnailUrl":"https:\/\/www.m-q.ch\/wp-content\/uploads\/2022\/09\/Starter-Kit-fuer-digitale-Verantwortung-lanciert_MQ.jpg","keywords":["Digitale Verantwortung"],"articleSection":["OPERATIONAL EXCELLENCE"],"inLanguage":"en-US"},{"@type":"WebPage","@id":"https:\/\/www.organisator.ch\/operational-excellence\/2022-09-28\/starter-kit-fur-digitale-verantwortung-lanciert\/","url":"https:\/\/www.organisator.ch\/operational-excellence\/2022-09-28\/starter-kit-fur-digitale-verantwortung-lanciert\/","name":"Digital responsibility starter kit launched - organizer","isPartOf":{"@id":"https:\/\/www.organisator.ch\/#website"},"primaryImageOfPage":{"@id":"https:\/\/www.organisator.ch\/operational-excellence\/2022-09-28\/starter-kit-fur-digitale-verantwortung-lanciert\/#primaryimage"},"image":{"@id":"https:\/\/www.organisator.ch\/operational-excellence\/2022-09-28\/starter-kit-fur-digitale-verantwortung-lanciert\/#primaryimage"},"thumbnailUrl":"https:\/\/www.m-q.ch\/wp-content\/uploads\/2022\/09\/Starter-Kit-fuer-digitale-Verantwortung-lanciert_MQ.jpg","datePublished":"2022-09-28T07:18:23+00:00","dateModified":"2024-11-21T07:17:22+00:00","description":"SDI and IMD offer starter kit for digital responsibility. Simple implementation of concrete solutions for companies of all sizes.","breadcrumb":{"@id":"https:\/\/www.organisator.ch\/operational-excellence\/2022-09-28\/starter-kit-fur-digitale-verantwortung-lanciert\/#breadcrumb"},"inLanguage":"en-US","potentialAction":[{"@type":"ReadAction","target":["https:\/\/www.organisator.ch\/operational-excellence\/2022-09-28\/starter-kit-fur-digitale-verantwortung-lanciert\/"]}]},{"@type":"ImageObject","inLanguage":"en-US","@id":"https:\/\/www.organisator.ch\/operational-excellence\/2022-09-28\/starter-kit-fur-digitale-verantwortung-lanciert\/#primaryimage","url":"https:\/\/www.m-q.ch\/wp-content\/uploads\/2022\/09\/Starter-Kit-fuer-digitale-Verantwortung-lanciert_MQ.jpg","contentUrl":"https:\/\/www.m-q.ch\/wp-content\/uploads\/2022\/09\/Starter-Kit-fuer-digitale-Verantwortung-lanciert_MQ.jpg"},{"@type":"BreadcrumbList","@id":"https:\/\/www.organisator.ch\/operational-excellence\/2022-09-28\/starter-kit-fur-digitale-verantwortung-lanciert\/#breadcrumb","itemListElement":[{"@type":"ListItem","position":1,"name":"Home","item":"https:\/\/www.organisator.ch\/"},{"@type":"ListItem","position":2,"name":"Starter Kit f\u00fcr digitale Verantwortung lanciert"}]},{"@type":"WebSite","@id":"https:\/\/www.organisator.ch\/#website","url":"https:\/\/www.organisator.ch\/","name":"Organizer","description":"Competent. Practical. In 10 issues per year, ORGANISATOR presents the essential topics for managers of SMEs.","publisher":{"@id":"https:\/\/www.organisator.ch\/#organization"},"potentialAction":[{"@type":"SearchAction","target":{"@type":"EntryPoint","urlTemplate":"https:\/\/www.organisator.ch\/?s={search_term_string}"},"query-input":{"@type":"PropertyValueSpecification","valueRequired":true,"valueName":"search_term_string"}}],"inLanguage":"en-US"},{"@type":"Organization","@id":"https:\/\/www.organisator.ch\/#organization","name":"Organizer","url":"https:\/\/www.organisator.ch\/","logo":{"@type":"ImageObject","inLanguage":"en-US","@id":"https:\/\/www.organisator.ch\/#\/schema\/logo\/image\/","url":"https:\/\/www.organisator.ch\/wp-content\/uploads\/2022\/01\/Logo_Organisator_Website.png","contentUrl":"https:\/\/www.organisator.ch\/wp-content\/uploads\/2022\/01\/Logo_Organisator_Website.png","width":800,"height":77,"caption":"Organisator"},"image":{"@id":"https:\/\/www.organisator.ch\/#\/schema\/logo\/image\/"},"sameAs":["https:\/\/www.facebook.com\/OrganisatorFachmagazin","https:\/\/www.linkedin.com\/showcase\/organisator-das-magazin-fr-kmu","https:\/\/www.xing.com\/news\/pages\/organisator-ch-695","https:\/\/www.youtube.com\/channel\/UCGP2Sq0iWaZwT3BdIAQFYpw"]},{"@type":"Person","@id":"https:\/\/www.organisator.ch\/#\/schema\/person\/4e51799071cd2dd1232ac003643ef5f0","name":"galledia","image":{"@type":"ImageObject","inLanguage":"en-US","@id":"https:\/\/secure.gravatar.com\/avatar\/78a7f90c01fc2bfc875782a0d4922b37cde2cf184ce347b91316d23cd7f69a36?s=96&d=mm&r=g","url":"https:\/\/secure.gravatar.com\/avatar\/78a7f90c01fc2bfc875782a0d4922b37cde2cf184ce347b91316d23cd7f69a36?s=96&d=mm&r=g","contentUrl":"https:\/\/secure.gravatar.com\/avatar\/78a7f90c01fc2bfc875782a0d4922b37cde2cf184ce347b91316d23cd7f69a36?s=96&d=mm&r=g","caption":"galledia"},"sameAs":["https:\/\/x.com\/admin"],"url":"https:\/\/www.organisator.ch\/en\/author\/galledia\/"}]}},"_links":{"self":[{"href":"https:\/\/www.organisator.ch\/en\/wp-json\/wp\/v2\/posts\/17094","targetHints":{"allow":["GET"]}}],"collection":[{"href":"https:\/\/www.organisator.ch\/en\/wp-json\/wp\/v2\/posts"}],"about":[{"href":"https:\/\/www.organisator.ch\/en\/wp-json\/wp\/v2\/types\/post"}],"author":[{"embeddable":true,"href":"https:\/\/www.organisator.ch\/en\/wp-json\/wp\/v2\/users\/8"}],"replies":[{"embeddable":true,"href":"https:\/\/www.organisator.ch\/en\/wp-json\/wp\/v2\/comments?post=17094"}],"version-history":[{"count":4,"href":"https:\/\/www.organisator.ch\/en\/wp-json\/wp\/v2\/posts\/17094\/revisions"}],"predecessor-version":[{"id":33758,"href":"https:\/\/www.organisator.ch\/en\/wp-json\/wp\/v2\/posts\/17094\/revisions\/33758"}],"wp:attachment":[{"href":"https:\/\/www.organisator.ch\/en\/wp-json\/wp\/v2\/media?parent=17094"}],"wp:term":[{"taxonomy":"category","embeddable":true,"href":"https:\/\/www.organisator.ch\/en\/wp-json\/wp\/v2\/categories?post=17094"},{"taxonomy":"post_tag","embeddable":true,"href":"https:\/\/www.organisator.ch\/en\/wp-json\/wp\/v2\/tags?post=17094"}],"curies":[{"name":"wp","href":"https:\/\/api.w.org\/{rel}","templated":true}]}}