{"id":17104,"date":"2022-09-28T13:22:06","date_gmt":"2022-09-28T11:22:06","guid":{"rendered":"https:\/\/www.organisator.ch\/?p=17104"},"modified":"2022-09-28T13:22:06","modified_gmt":"2022-09-28T11:22:06","slug":"digitale-wettbewerbsfaehigkeit-die-schweiz-erneut-unter-den-top-5-weltweit","status":"publish","type":"post","link":"https:\/\/www.organisator.ch\/en\/allgemein\/2022-09-28\/digitale-wettbewerbsfaehigkeit-die-schweiz-erneut-unter-den-top-5-weltweit\/","title":{"rendered":"Digital competitiveness: Switzerland once again among the top 5 worldwide"},"content":{"rendered":"<figure id=\"attachment_17105\" aria-describedby=\"caption-attachment-17105\" style=\"width: 680px\" class=\"wp-caption alignnone\"><img loading=\"lazy\" decoding=\"async\" class=\"size-full wp-image-17105\" src=\"https:\/\/www.organisator.ch\/wp-content\/uploads\/2022\/09\/Digitale-Wettbewerbsfahigkeit-Die-Schweiz-erneut-unter-den-Top-5-weltweit_Organisatorjpg.jpg\" alt=\"\" width=\"680\" height=\"426\" srcset=\"https:\/\/www.organisator.ch\/wp-content\/uploads\/2022\/09\/Digitale-Wettbewerbsfahigkeit-Die-Schweiz-erneut-unter-den-Top-5-weltweit_Organisatorjpg.jpg 680w, https:\/\/www.organisator.ch\/wp-content\/uploads\/2022\/09\/Digitale-Wettbewerbsfahigkeit-Die-Schweiz-erneut-unter-den-Top-5-weltweit_Organisatorjpg-18x12.jpg 18w, https:\/\/www.organisator.ch\/wp-content\/uploads\/2022\/09\/Digitale-Wettbewerbsfahigkeit-Die-Schweiz-erneut-unter-den-Top-5-weltweit_Organisatorjpg-279x175.jpg 279w, https:\/\/www.organisator.ch\/wp-content\/uploads\/2022\/09\/Digitale-Wettbewerbsfahigkeit-Die-Schweiz-erneut-unter-den-Top-5-weltweit_Organisatorjpg-559x350.jpg 559w, https:\/\/www.organisator.ch\/wp-content\/uploads\/2022\/09\/Digitale-Wettbewerbsfahigkeit-Die-Schweiz-erneut-unter-den-Top-5-weltweit_Organisatorjpg-300x188.jpg 300w\" sizes=\"auto, (max-width: 680px) 100vw, 680px\" \/><figcaption id=\"caption-attachment-17105\" class=\"wp-caption-text\">Digital competitiveness: Switzerland does well in the ranking, but still has some catching up to do. (Symbol image; Unsplash.com)<\/figcaption><\/figure>\n<p>The IMD, Institute for Management Development in Lausanne, has published its world ranking on \"Digital Competitiveness\". The results for Switzerland will be explained at the Digital Competitiveness Summit 2022 on September 28 in Lausanne.<\/p>\n<p>Among the top 10 in terms of digital competitiveness, Denmark takes 1st place, while the USA, in 2nd place, has to relinquish its top spot for the first time since the launch of the \"IMD World Digital Competitiveness Ranking\" in 2017. Sweden remains in 3rd place, Singapore improves by one rank (4th place) and the Netherlands also rises by one place to 6th place (from 7th place).<\/p>\n<h3><strong>Digital competitiveness: Switzerland makes progress<\/strong><\/h3>\n<p>Switzerland's rise in the rankings is due to its good performance in the knowledge factor, which the World Competitiveness Center defines as \"the necessary know-how to discover, understand and develop new technologies\". This factor is one of a total of three main categories according to which the researchers rank the results of the studies. The other two factors are future viability and technology.<\/p>\n<h3><strong>Top rank in knowledge<\/strong><\/h3>\n<p>For all subfactors in the range <strong>Knowledge<\/strong> ranks Switzerland among the top 10 economies, coming in 2nd in terms of talent, remaining 8th in terms of scientific concentration, and also 8th in terms of education and training. In the area of <strong>Technology<\/strong> Switzerland's position remains unchanged for the subfactors capital (12th place) and technological framework (11th place), while the regulatory framework has improved slightly compared to the previous year (2022: 8th place vs. 2021: 9th place).<\/p>\n<h3><strong>Switzerland's need to catch up<\/strong><\/h3>\n<p>The ranking makes it clear that Switzerland's digital capabilities are in need of improvement: The availability of digital skills is viewed less positively by managers today than it was a year ago; this criterion has dropped to 18th place (from 11th). Scores also remain relatively low for science graduates (26th), women graduates (30th), number of female researchers (31st), and R&amp;D productivity as measured by number of publications (35th) - despite improvements in most of these areas. Overall, the findings shed light on the factors that make it easier for governments and the private sector to improve their ability to protect digital infrastructure from cyberattacks, the experts said. In addition, they show how this promotes the adoption and diffusion of digital technologies. Switzerland ranks 27th out of 63 in terms of government cybersecurity capabilities, 15th in terms of the importance of cybersecurity to business leaders (\"To what extent is cybersecurity adequately addressed by businesses?\"), 18th in terms of e-participation, and 16th in terms of e-government (providing online government services to increase access and inclusion for citizen:s).<\/p>\n<p><em>Source: <a href=\"https:\/\/digitalswitzerland.com\/\">https:\/\/digitalswitzerland.com\/<\/a><\/em><\/p>","protected":false},"excerpt":{"rendered":"<p>Das IMD, Institute for Management Development in Lausanne, hat seine Weltrangliste zur \u201eDigitalen Wettbewerbsf\u00e4higkeit&#8220; ver\u00f6ffentlicht. Die Ergebnisse f\u00fcr die Schweiz werden am Digital Competitiveness Summit 2022 vom 28. September in Lausanne erl\u00e4utert. Unter den Top 10 in Sachen digitale Wettbewerbsf\u00e4higkeit belegt D\u00e4nemark den 1. Platz, w\u00e4hrend die USA mit dem 2. Platz zum ersten Mal [&hellip;]<\/p>\n","protected":false},"author":4,"featured_media":17105,"comment_status":"closed","ping_status":"closed","sticky":false,"template":"","format":"standard","meta":{"_acf_changed":false,"_yoast_wpseo_focuskw":"Digitale Wettbewerbsf\u00e4higkeit","_yoast_wpseo_metadesc":"Am 28. September 2022 wurde die neue Rangliste \u00fcber die digitale Wettbewerbsf\u00e4higkeit ver\u00f6ffentlicht. Die Schweiz klettert auf den 5. Platz.","articlekey":"","footnotes":""},"categories":[1],"tags":[156,404,459],"class_list":["post-17104","post","type-post","status-publish","format-standard","has-post-thumbnail","hentry","category-allgemein","tag-digitalisierung","tag-ranking","tag-studie"],"acf":[],"yoast_head":"<!-- This site is optimized with the Yoast SEO plugin v27.5 - https:\/\/yoast.com\/product\/yoast-seo-wordpress\/ -->\n<title>Digitale Wettbewerbsf\u00e4higkeit: Die Schweiz erneut unter den Top 5 weltweit - Organisator<\/title>\n<meta name=\"description\" content=\"Am 28. September 2022 wurde die neue Rangliste \u00fcber die digitale Wettbewerbsf\u00e4higkeit ver\u00f6ffentlicht. Die Schweiz klettert auf den 5. Platz.\" \/>\n<meta name=\"robots\" content=\"index, follow, max-snippet:-1, max-image-preview:large, max-video-preview:-1\" \/>\n<link rel=\"canonical\" href=\"https:\/\/www.organisator.ch\/en\/general\/2022-09-28\/digitale-wettbewerbsfaehigkeit-die-schweiz-erneut-unter-den-top-5-weltweit\/\" \/>\n<meta property=\"og:locale\" content=\"en_US\" \/>\n<meta property=\"og:type\" content=\"article\" \/>\n<meta property=\"og:title\" content=\"Digitale Wettbewerbsf\u00e4higkeit: Die Schweiz erneut unter den Top 5 weltweit\" \/>\n<meta property=\"og:description\" content=\"Am 28. September 2022 wurde die neue Rangliste \u00fcber die digitale Wettbewerbsf\u00e4higkeit ver\u00f6ffentlicht. Die Schweiz klettert auf den 5. Platz.\" \/>\n<meta property=\"og:url\" content=\"https:\/\/www.organisator.ch\/en\/general\/2022-09-28\/digitale-wettbewerbsfaehigkeit-die-schweiz-erneut-unter-den-top-5-weltweit\/\" \/>\n<meta property=\"og:site_name\" content=\"Organisator\" \/>\n<meta property=\"article:publisher\" content=\"https:\/\/www.facebook.com\/OrganisatorFachmagazin\" \/>\n<meta property=\"article:published_time\" content=\"2022-09-28T11:22:06+00:00\" \/>\n<meta property=\"og:image\" content=\"https:\/\/www.organisator.ch\/wp-content\/uploads\/2022\/09\/Digitale-Wettbewerbsfahigkeit-Die-Schweiz-erneut-unter-den-Top-5-weltweit_Organisatorjpg.jpg\" \/>\n\t<meta property=\"og:image:width\" content=\"680\" \/>\n\t<meta property=\"og:image:height\" content=\"426\" \/>\n\t<meta property=\"og:image:type\" content=\"image\/jpeg\" \/>\n<meta name=\"author\" content=\"thomas.berner\" \/>\n<meta name=\"twitter:card\" content=\"summary_large_image\" \/>\n<meta name=\"twitter:title\" content=\"Digitale #Wettbewerbsf\u00e4higkeit: Die Schweiz erneut unter den Top 5 weltweit\" \/>\n<meta name=\"twitter:description\" content=\"Am 28. September 2022 wurde die neue #Rangliste \u00fcber die digitale #Wettbewerbsf\u00e4higkeit ver\u00f6ffentlicht. Die Schweiz klettert auf den 5. Platz.\" \/>\n<meta name=\"twitter:image\" content=\"https:\/\/www.organisator.ch\/wp-content\/uploads\/2022\/09\/Digitale-Wettbewerbsfahigkeit-Die-Schweiz-erneut-unter-den-Top-5-weltweit_Organisatorjpg.jpg\" \/>\n<script type=\"application\/ld+json\" class=\"yoast-schema-graph\">{\"@context\":\"https:\\\/\\\/schema.org\",\"@graph\":[{\"@type\":\"Article\",\"@id\":\"https:\\\/\\\/www.organisator.ch\\\/allgemein\\\/2022-09-28\\\/digitale-wettbewerbsfaehigkeit-die-schweiz-erneut-unter-den-top-5-weltweit\\\/#article\",\"isPartOf\":{\"@id\":\"https:\\\/\\\/www.organisator.ch\\\/allgemein\\\/2022-09-28\\\/digitale-wettbewerbsfaehigkeit-die-schweiz-erneut-unter-den-top-5-weltweit\\\/\"},\"author\":{\"name\":\"thomas.berner\",\"@id\":\"https:\\\/\\\/www.organisator.ch\\\/#\\\/schema\\\/person\\\/6f650f90b2842cd4c0cc334b4e36f67e\"},\"headline\":\"Digitale Wettbewerbsf\u00e4higkeit: Die Schweiz erneut unter den Top 5 weltweit\",\"datePublished\":\"2022-09-28T11:22:06+00:00\",\"mainEntityOfPage\":{\"@id\":\"https:\\\/\\\/www.organisator.ch\\\/allgemein\\\/2022-09-28\\\/digitale-wettbewerbsfaehigkeit-die-schweiz-erneut-unter-den-top-5-weltweit\\\/\"},\"wordCount\":489,\"publisher\":{\"@id\":\"https:\\\/\\\/www.organisator.ch\\\/#organization\"},\"image\":{\"@id\":\"https:\\\/\\\/www.organisator.ch\\\/allgemein\\\/2022-09-28\\\/digitale-wettbewerbsfaehigkeit-die-schweiz-erneut-unter-den-top-5-weltweit\\\/#primaryimage\"},\"thumbnailUrl\":\"https:\\\/\\\/www.organisator.ch\\\/wp-content\\\/uploads\\\/2022\\\/09\\\/Digitale-Wettbewerbsfahigkeit-Die-Schweiz-erneut-unter-den-Top-5-weltweit_Organisatorjpg.jpg\",\"keywords\":[\"Digitalisierung\",\"Ranking\",\"Studie\"],\"articleSection\":[\"Allgemein\"],\"inLanguage\":\"en-US\"},{\"@type\":\"WebPage\",\"@id\":\"https:\\\/\\\/www.organisator.ch\\\/allgemein\\\/2022-09-28\\\/digitale-wettbewerbsfaehigkeit-die-schweiz-erneut-unter-den-top-5-weltweit\\\/\",\"url\":\"https:\\\/\\\/www.organisator.ch\\\/allgemein\\\/2022-09-28\\\/digitale-wettbewerbsfaehigkeit-die-schweiz-erneut-unter-den-top-5-weltweit\\\/\",\"name\":\"Digitale Wettbewerbsf\u00e4higkeit: Die Schweiz erneut unter den Top 5 weltweit - Organisator\",\"isPartOf\":{\"@id\":\"https:\\\/\\\/www.organisator.ch\\\/#website\"},\"primaryImageOfPage\":{\"@id\":\"https:\\\/\\\/www.organisator.ch\\\/allgemein\\\/2022-09-28\\\/digitale-wettbewerbsfaehigkeit-die-schweiz-erneut-unter-den-top-5-weltweit\\\/#primaryimage\"},\"image\":{\"@id\":\"https:\\\/\\\/www.organisator.ch\\\/allgemein\\\/2022-09-28\\\/digitale-wettbewerbsfaehigkeit-die-schweiz-erneut-unter-den-top-5-weltweit\\\/#primaryimage\"},\"thumbnailUrl\":\"https:\\\/\\\/www.organisator.ch\\\/wp-content\\\/uploads\\\/2022\\\/09\\\/Digitale-Wettbewerbsfahigkeit-Die-Schweiz-erneut-unter-den-Top-5-weltweit_Organisatorjpg.jpg\",\"datePublished\":\"2022-09-28T11:22:06+00:00\",\"description\":\"Am 28. September 2022 wurde die neue Rangliste \u00fcber die digitale Wettbewerbsf\u00e4higkeit ver\u00f6ffentlicht. Die Schweiz klettert auf den 5. Platz.\",\"breadcrumb\":{\"@id\":\"https:\\\/\\\/www.organisator.ch\\\/allgemein\\\/2022-09-28\\\/digitale-wettbewerbsfaehigkeit-die-schweiz-erneut-unter-den-top-5-weltweit\\\/#breadcrumb\"},\"inLanguage\":\"en-US\",\"potentialAction\":[{\"@type\":\"ReadAction\",\"target\":[\"https:\\\/\\\/www.organisator.ch\\\/allgemein\\\/2022-09-28\\\/digitale-wettbewerbsfaehigkeit-die-schweiz-erneut-unter-den-top-5-weltweit\\\/\"]}]},{\"@type\":\"ImageObject\",\"inLanguage\":\"en-US\",\"@id\":\"https:\\\/\\\/www.organisator.ch\\\/allgemein\\\/2022-09-28\\\/digitale-wettbewerbsfaehigkeit-die-schweiz-erneut-unter-den-top-5-weltweit\\\/#primaryimage\",\"url\":\"https:\\\/\\\/www.organisator.ch\\\/wp-content\\\/uploads\\\/2022\\\/09\\\/Digitale-Wettbewerbsfahigkeit-Die-Schweiz-erneut-unter-den-Top-5-weltweit_Organisatorjpg.jpg\",\"contentUrl\":\"https:\\\/\\\/www.organisator.ch\\\/wp-content\\\/uploads\\\/2022\\\/09\\\/Digitale-Wettbewerbsfahigkeit-Die-Schweiz-erneut-unter-den-Top-5-weltweit_Organisatorjpg.jpg\",\"width\":680,\"height\":426,\"caption\":\"Digitale Wettbewerbsf\u00e4higkeit: Die Schweiz schneidet im Ranking gut ab, hat aber noch einigen Nachholbedarf. (Symbolbild; Unsplash.com)\"},{\"@type\":\"BreadcrumbList\",\"@id\":\"https:\\\/\\\/www.organisator.ch\\\/allgemein\\\/2022-09-28\\\/digitale-wettbewerbsfaehigkeit-die-schweiz-erneut-unter-den-top-5-weltweit\\\/#breadcrumb\",\"itemListElement\":[{\"@type\":\"ListItem\",\"position\":1,\"name\":\"Home\",\"item\":\"https:\\\/\\\/www.organisator.ch\\\/\"},{\"@type\":\"ListItem\",\"position\":2,\"name\":\"Digitale Wettbewerbsf\u00e4higkeit: Die Schweiz erneut unter den Top 5 weltweit\"}]},{\"@type\":\"WebSite\",\"@id\":\"https:\\\/\\\/www.organisator.ch\\\/#website\",\"url\":\"https:\\\/\\\/www.organisator.ch\\\/\",\"name\":\"Organisator\",\"description\":\"Kompetent. Praxisnah. Der ORGANISATOR bereitet in 10 Ausgaben pro Jahr die wesentlichen Themen f\u00fcr F\u00fchrungskr\u00e4fte von KMU auf.\",\"publisher\":{\"@id\":\"https:\\\/\\\/www.organisator.ch\\\/#organization\"},\"potentialAction\":[{\"@type\":\"SearchAction\",\"target\":{\"@type\":\"EntryPoint\",\"urlTemplate\":\"https:\\\/\\\/www.organisator.ch\\\/?s={search_term_string}\"},\"query-input\":{\"@type\":\"PropertyValueSpecification\",\"valueRequired\":true,\"valueName\":\"search_term_string\"}}],\"inLanguage\":\"en-US\"},{\"@type\":\"Organization\",\"@id\":\"https:\\\/\\\/www.organisator.ch\\\/#organization\",\"name\":\"Organisator\",\"url\":\"https:\\\/\\\/www.organisator.ch\\\/\",\"logo\":{\"@type\":\"ImageObject\",\"inLanguage\":\"en-US\",\"@id\":\"https:\\\/\\\/www.organisator.ch\\\/#\\\/schema\\\/logo\\\/image\\\/\",\"url\":\"https:\\\/\\\/www.organisator.ch\\\/wp-content\\\/uploads\\\/2022\\\/01\\\/Logo_Organisator_Website.png\",\"contentUrl\":\"https:\\\/\\\/www.organisator.ch\\\/wp-content\\\/uploads\\\/2022\\\/01\\\/Logo_Organisator_Website.png\",\"width\":800,\"height\":77,\"caption\":\"Organisator\"},\"image\":{\"@id\":\"https:\\\/\\\/www.organisator.ch\\\/#\\\/schema\\\/logo\\\/image\\\/\"},\"sameAs\":[\"https:\\\/\\\/www.facebook.com\\\/OrganisatorFachmagazin\",\"https:\\\/\\\/www.linkedin.com\\\/showcase\\\/organisator-das-magazin-fr-kmu\",\"https:\\\/\\\/www.xing.com\\\/news\\\/pages\\\/organisator-ch-695\",\"https:\\\/\\\/www.youtube.com\\\/channel\\\/UCGP2Sq0iWaZwT3BdIAQFYpw\"]},{\"@type\":\"Person\",\"@id\":\"https:\\\/\\\/www.organisator.ch\\\/#\\\/schema\\\/person\\\/6f650f90b2842cd4c0cc334b4e36f67e\",\"name\":\"thomas.berner\",\"image\":{\"@type\":\"ImageObject\",\"inLanguage\":\"en-US\",\"@id\":\"https:\\\/\\\/secure.gravatar.com\\\/avatar\\\/ac5001d2a36cb6c6cd3e50789007ffca834b477b74a2144564522e944eabff61?s=96&d=mm&r=g\",\"url\":\"https:\\\/\\\/secure.gravatar.com\\\/avatar\\\/ac5001d2a36cb6c6cd3e50789007ffca834b477b74a2144564522e944eabff61?s=96&d=mm&r=g\",\"contentUrl\":\"https:\\\/\\\/secure.gravatar.com\\\/avatar\\\/ac5001d2a36cb6c6cd3e50789007ffca834b477b74a2144564522e944eabff61?s=96&d=mm&r=g\",\"caption\":\"thomas.berner\"},\"url\":\"https:\\\/\\\/www.organisator.ch\\\/en\\\/author\\\/thomas-berner\\\/\"}]}<\/script>\n<!-- \/ Yoast SEO plugin. -->","yoast_head_json":{"title":"Digital competitiveness: Switzerland once again among the top 5 worldwide - Organizer","description":"The new digital competitiveness ranking was published on September 28, 2022. Switzerland climbs to 5th place.","robots":{"index":"index","follow":"follow","max-snippet":"max-snippet:-1","max-image-preview":"max-image-preview:large","max-video-preview":"max-video-preview:-1"},"canonical":"https:\/\/www.organisator.ch\/en\/general\/2022-09-28\/digitale-wettbewerbsfaehigkeit-die-schweiz-erneut-unter-den-top-5-weltweit\/","og_locale":"en_US","og_type":"article","og_title":"Digitale Wettbewerbsf\u00e4higkeit: Die Schweiz erneut unter den Top 5 weltweit","og_description":"Am 28. September 2022 wurde die neue Rangliste \u00fcber die digitale Wettbewerbsf\u00e4higkeit ver\u00f6ffentlicht. Die Schweiz klettert auf den 5. Platz.","og_url":"https:\/\/www.organisator.ch\/en\/general\/2022-09-28\/digitale-wettbewerbsfaehigkeit-die-schweiz-erneut-unter-den-top-5-weltweit\/","og_site_name":"Organisator","article_publisher":"https:\/\/www.facebook.com\/OrganisatorFachmagazin","article_published_time":"2022-09-28T11:22:06+00:00","og_image":[{"width":680,"height":426,"url":"https:\/\/www.organisator.ch\/wp-content\/uploads\/2022\/09\/Digitale-Wettbewerbsfahigkeit-Die-Schweiz-erneut-unter-den-Top-5-weltweit_Organisatorjpg.jpg","type":"image\/jpeg"}],"author":"thomas.berner","twitter_card":"summary_large_image","twitter_title":"Digitale #Wettbewerbsf\u00e4higkeit: Die Schweiz erneut unter den Top 5 weltweit","twitter_description":"Am 28. September 2022 wurde die neue #Rangliste \u00fcber die digitale #Wettbewerbsf\u00e4higkeit ver\u00f6ffentlicht. Die Schweiz klettert auf den 5. Platz.","twitter_image":"https:\/\/www.organisator.ch\/wp-content\/uploads\/2022\/09\/Digitale-Wettbewerbsfahigkeit-Die-Schweiz-erneut-unter-den-Top-5-weltweit_Organisatorjpg.jpg","schema":{"@context":"https:\/\/schema.org","@graph":[{"@type":"Article","@id":"https:\/\/www.organisator.ch\/allgemein\/2022-09-28\/digitale-wettbewerbsfaehigkeit-die-schweiz-erneut-unter-den-top-5-weltweit\/#article","isPartOf":{"@id":"https:\/\/www.organisator.ch\/allgemein\/2022-09-28\/digitale-wettbewerbsfaehigkeit-die-schweiz-erneut-unter-den-top-5-weltweit\/"},"author":{"name":"thomas.berner","@id":"https:\/\/www.organisator.ch\/#\/schema\/person\/6f650f90b2842cd4c0cc334b4e36f67e"},"headline":"Digitale Wettbewerbsf\u00e4higkeit: Die Schweiz erneut unter den Top 5 weltweit","datePublished":"2022-09-28T11:22:06+00:00","mainEntityOfPage":{"@id":"https:\/\/www.organisator.ch\/allgemein\/2022-09-28\/digitale-wettbewerbsfaehigkeit-die-schweiz-erneut-unter-den-top-5-weltweit\/"},"wordCount":489,"publisher":{"@id":"https:\/\/www.organisator.ch\/#organization"},"image":{"@id":"https:\/\/www.organisator.ch\/allgemein\/2022-09-28\/digitale-wettbewerbsfaehigkeit-die-schweiz-erneut-unter-den-top-5-weltweit\/#primaryimage"},"thumbnailUrl":"https:\/\/www.organisator.ch\/wp-content\/uploads\/2022\/09\/Digitale-Wettbewerbsfahigkeit-Die-Schweiz-erneut-unter-den-Top-5-weltweit_Organisatorjpg.jpg","keywords":["Digitalisierung","Ranking","Studie"],"articleSection":["Allgemein"],"inLanguage":"en-US"},{"@type":"WebPage","@id":"https:\/\/www.organisator.ch\/allgemein\/2022-09-28\/digitale-wettbewerbsfaehigkeit-die-schweiz-erneut-unter-den-top-5-weltweit\/","url":"https:\/\/www.organisator.ch\/allgemein\/2022-09-28\/digitale-wettbewerbsfaehigkeit-die-schweiz-erneut-unter-den-top-5-weltweit\/","name":"Digital competitiveness: Switzerland once again among the top 5 worldwide - Organizer","isPartOf":{"@id":"https:\/\/www.organisator.ch\/#website"},"primaryImageOfPage":{"@id":"https:\/\/www.organisator.ch\/allgemein\/2022-09-28\/digitale-wettbewerbsfaehigkeit-die-schweiz-erneut-unter-den-top-5-weltweit\/#primaryimage"},"image":{"@id":"https:\/\/www.organisator.ch\/allgemein\/2022-09-28\/digitale-wettbewerbsfaehigkeit-die-schweiz-erneut-unter-den-top-5-weltweit\/#primaryimage"},"thumbnailUrl":"https:\/\/www.organisator.ch\/wp-content\/uploads\/2022\/09\/Digitale-Wettbewerbsfahigkeit-Die-Schweiz-erneut-unter-den-Top-5-weltweit_Organisatorjpg.jpg","datePublished":"2022-09-28T11:22:06+00:00","description":"The new digital competitiveness ranking was published on September 28, 2022. Switzerland climbs to 5th place.","breadcrumb":{"@id":"https:\/\/www.organisator.ch\/allgemein\/2022-09-28\/digitale-wettbewerbsfaehigkeit-die-schweiz-erneut-unter-den-top-5-weltweit\/#breadcrumb"},"inLanguage":"en-US","potentialAction":[{"@type":"ReadAction","target":["https:\/\/www.organisator.ch\/allgemein\/2022-09-28\/digitale-wettbewerbsfaehigkeit-die-schweiz-erneut-unter-den-top-5-weltweit\/"]}]},{"@type":"ImageObject","inLanguage":"en-US","@id":"https:\/\/www.organisator.ch\/allgemein\/2022-09-28\/digitale-wettbewerbsfaehigkeit-die-schweiz-erneut-unter-den-top-5-weltweit\/#primaryimage","url":"https:\/\/www.organisator.ch\/wp-content\/uploads\/2022\/09\/Digitale-Wettbewerbsfahigkeit-Die-Schweiz-erneut-unter-den-Top-5-weltweit_Organisatorjpg.jpg","contentUrl":"https:\/\/www.organisator.ch\/wp-content\/uploads\/2022\/09\/Digitale-Wettbewerbsfahigkeit-Die-Schweiz-erneut-unter-den-Top-5-weltweit_Organisatorjpg.jpg","width":680,"height":426,"caption":"Digitale Wettbewerbsf\u00e4higkeit: Die Schweiz schneidet im Ranking gut ab, hat aber noch einigen Nachholbedarf. (Symbolbild; Unsplash.com)"},{"@type":"BreadcrumbList","@id":"https:\/\/www.organisator.ch\/allgemein\/2022-09-28\/digitale-wettbewerbsfaehigkeit-die-schweiz-erneut-unter-den-top-5-weltweit\/#breadcrumb","itemListElement":[{"@type":"ListItem","position":1,"name":"Home","item":"https:\/\/www.organisator.ch\/"},{"@type":"ListItem","position":2,"name":"Digitale Wettbewerbsf\u00e4higkeit: Die Schweiz erneut unter den Top 5 weltweit"}]},{"@type":"WebSite","@id":"https:\/\/www.organisator.ch\/#website","url":"https:\/\/www.organisator.ch\/","name":"Organizer","description":"Competent. Practical. In 10 issues per year, ORGANISATOR presents the essential topics for managers of SMEs.","publisher":{"@id":"https:\/\/www.organisator.ch\/#organization"},"potentialAction":[{"@type":"SearchAction","target":{"@type":"EntryPoint","urlTemplate":"https:\/\/www.organisator.ch\/?s={search_term_string}"},"query-input":{"@type":"PropertyValueSpecification","valueRequired":true,"valueName":"search_term_string"}}],"inLanguage":"en-US"},{"@type":"Organization","@id":"https:\/\/www.organisator.ch\/#organization","name":"Organizer","url":"https:\/\/www.organisator.ch\/","logo":{"@type":"ImageObject","inLanguage":"en-US","@id":"https:\/\/www.organisator.ch\/#\/schema\/logo\/image\/","url":"https:\/\/www.organisator.ch\/wp-content\/uploads\/2022\/01\/Logo_Organisator_Website.png","contentUrl":"https:\/\/www.organisator.ch\/wp-content\/uploads\/2022\/01\/Logo_Organisator_Website.png","width":800,"height":77,"caption":"Organisator"},"image":{"@id":"https:\/\/www.organisator.ch\/#\/schema\/logo\/image\/"},"sameAs":["https:\/\/www.facebook.com\/OrganisatorFachmagazin","https:\/\/www.linkedin.com\/showcase\/organisator-das-magazin-fr-kmu","https:\/\/www.xing.com\/news\/pages\/organisator-ch-695","https:\/\/www.youtube.com\/channel\/UCGP2Sq0iWaZwT3BdIAQFYpw"]},{"@type":"Person","@id":"https:\/\/www.organisator.ch\/#\/schema\/person\/6f650f90b2842cd4c0cc334b4e36f67e","name":"thomas.berner","image":{"@type":"ImageObject","inLanguage":"en-US","@id":"https:\/\/secure.gravatar.com\/avatar\/ac5001d2a36cb6c6cd3e50789007ffca834b477b74a2144564522e944eabff61?s=96&d=mm&r=g","url":"https:\/\/secure.gravatar.com\/avatar\/ac5001d2a36cb6c6cd3e50789007ffca834b477b74a2144564522e944eabff61?s=96&d=mm&r=g","contentUrl":"https:\/\/secure.gravatar.com\/avatar\/ac5001d2a36cb6c6cd3e50789007ffca834b477b74a2144564522e944eabff61?s=96&d=mm&r=g","caption":"thomas.berner"},"url":"https:\/\/www.organisator.ch\/en\/author\/thomas-berner\/"}]}},"_links":{"self":[{"href":"https:\/\/www.organisator.ch\/en\/wp-json\/wp\/v2\/posts\/17104","targetHints":{"allow":["GET"]}}],"collection":[{"href":"https:\/\/www.organisator.ch\/en\/wp-json\/wp\/v2\/posts"}],"about":[{"href":"https:\/\/www.organisator.ch\/en\/wp-json\/wp\/v2\/types\/post"}],"author":[{"embeddable":true,"href":"https:\/\/www.organisator.ch\/en\/wp-json\/wp\/v2\/users\/4"}],"replies":[{"embeddable":true,"href":"https:\/\/www.organisator.ch\/en\/wp-json\/wp\/v2\/comments?post=17104"}],"version-history":[{"count":1,"href":"https:\/\/www.organisator.ch\/en\/wp-json\/wp\/v2\/posts\/17104\/revisions"}],"predecessor-version":[{"id":17106,"href":"https:\/\/www.organisator.ch\/en\/wp-json\/wp\/v2\/posts\/17104\/revisions\/17106"}],"wp:featuredmedia":[{"embeddable":true,"href":"https:\/\/www.organisator.ch\/en\/wp-json\/wp\/v2\/media\/17105"}],"wp:attachment":[{"href":"https:\/\/www.organisator.ch\/en\/wp-json\/wp\/v2\/media?parent=17104"}],"wp:term":[{"taxonomy":"category","embeddable":true,"href":"https:\/\/www.organisator.ch\/en\/wp-json\/wp\/v2\/categories?post=17104"},{"taxonomy":"post_tag","embeddable":true,"href":"https:\/\/www.organisator.ch\/en\/wp-json\/wp\/v2\/tags?post=17104"}],"curies":[{"name":"wp","href":"https:\/\/api.w.org\/{rel}","templated":true}]}}