{"id":17107,"date":"2022-09-29T06:41:05","date_gmt":"2022-09-29T04:41:05","guid":{"rendered":"https:\/\/www.organisator.ch\/?p=17107"},"modified":"2022-09-28T16:58:59","modified_gmt":"2022-09-28T14:58:59","slug":"hybride-messen-belasten-klima-weniger","status":"publish","type":"post","link":"https:\/\/www.organisator.ch\/en\/marketing\/2022-09-29\/hybride-messen-belasten-klima-weniger\/","title":{"rendered":"Hybrid trade fairs have less impact on climate"},"content":{"rendered":"<figure id=\"attachment_17108\" aria-describedby=\"caption-attachment-17108\" style=\"width: 680px\" class=\"wp-caption alignnone\"><img loading=\"lazy\" decoding=\"async\" class=\"size-full wp-image-17108\" src=\"https:\/\/www.organisator.ch\/wp-content\/uploads\/2022\/09\/Hybride-Messen-belasten-Klima-weniger_Organisator.jpg\" alt=\"\" width=\"680\" height=\"370\" srcset=\"https:\/\/www.organisator.ch\/wp-content\/uploads\/2022\/09\/Hybride-Messen-belasten-Klima-weniger_Organisator.jpg 680w, https:\/\/www.organisator.ch\/wp-content\/uploads\/2022\/09\/Hybride-Messen-belasten-Klima-weniger_Organisator-18x10.jpg 18w, https:\/\/www.organisator.ch\/wp-content\/uploads\/2022\/09\/Hybride-Messen-belasten-Klima-weniger_Organisator-322x175.jpg 322w, https:\/\/www.organisator.ch\/wp-content\/uploads\/2022\/09\/Hybride-Messen-belasten-Klima-weniger_Organisator-643x350.jpg 643w, https:\/\/www.organisator.ch\/wp-content\/uploads\/2022\/09\/Hybride-Messen-belasten-Klima-weniger_Organisator-300x163.jpg 300w\" sizes=\"auto, (max-width: 680px) 100vw, 680px\" \/><figcaption id=\"caption-attachment-17108\" class=\"wp-caption-text\">Conventional trade shows are CO2 guzzlers, says a study. Hybrid trade shows are kinder to the climate. (Image: Depositphotos.com)<\/figcaption><\/figure>\n<p>For many suppliers and their customers, trade shows are an attractive platform for knowledge exchange and personal contact. The business events provide a kind of all-round view of what's on the market in the relevant sectors and what's new - also in terms of price, quality and innovation. Industrial trade fairs in particular often present complex products that require explanation. Exhibitors have the opportunity to network at industry meetings or to observe the competition. However, a visit to a trade fair is often also associated with tourist activities - so the trade fair locations benefit in economic terms.<\/p>\n<p>At the same time, however, trade fairs are also associated with an enormous amount of work, especially for the exhibitors and particularly when international trade fairs are involved. The transport of products is logistically and legally complex and involves high costs, which are offset by an unclear return. What there has been less awareness of so far is that major events such as international trade fairs have an enormous ecological footprint. And regional trade fairs also repeatedly cause increased traffic volumes, traffic problems and congestion.<\/p>\n<h3><strong>Study exposes trade fairs as CO2 guzzlers<\/strong><\/h3>\n<p>In the study \"Trade fair industry - change of era or 'back to normal'?\", the Macromedia University of Applied Sciences Cologne and the B2B platform operator Visable expose international trade fairs as true CO2 guzzlers. While many trade fair operators would do anything to be sustainable (e.g. with solar panels for energy supply, etc.), the problem lies in the high volume of travel they entail. Taking the prominent International Consumer Electronics Fair (IFA) in Berlin as an example, \"The CO2 footprint of the IFA is enormous. It's as if Berlin were to grow by the size of Frankfurt for the duration of the trade show. That's not the official way of calculating it, but it illustrates the problem,\" says study author Prof. Dr. Mareike M\u00fcller. At the same time, it is a problem for which there is no awareness and apparently little political will to change anything: because clear rules on CO2 accounting for trade fairs would be missing. As co-initiator of the study, Visable CEO Peter F. Schmid says: \"Organizing trade fairs and the associated travel of international visitors cause huge amounts of CO2. But no one is tackling the issue. We can't afford that if we're serious about climate protection.\"<\/p>\n<h3><strong>Digital trade fairs offer new opportunities<\/strong><\/h3>\n<p>But trade shows could just as well be handled digitally and take place in virtual spaces. Suitable digital presentations can depict products and product details even more accurately, including 3D animations or even directly to scale on the production floor via augmented reality. The seller can answer customers' questions using chatbots or in person. During the Corona lockdowns, the switch to digital sales solutions was also necessary in many cases. For example, during the pandemic, Visable, which operates the wlw (formerly \"Wer liefert Was\") and europages platforms, saw the number of listed companies rise to 3 million.<\/p>\n<h3><strong>Haptics and personal contact are missing<\/strong><\/h3>\n<p>For the time being, however, purely virtual trade shows are only replacing a small proportion of the trade shows where people are present. And they are not visitor magnets. They generate only a fraction of the traffic of their physical counterparts. A survey by Visable found that 69 percent of respondents would miss professional networking, meeting new customers or social aspects. Finally, customers want to see, try, experience and test the products they are so specifically interested in. Since trade show customers are usually a special clientele, they also have an interest in meeting and getting to know each other.<\/p>\n<p>One criticism of virtual trade shows is the lack of a uniform model in which content can be provided without having to deal with a new system every time. In many cases, there is a lack of will on the part of the trade fair operators themselves to keep an eye out for new and uniform solutions - as well as on the part of politicians to ensure uniform framework conditions. For the time being, virtual trade shows still seem to have too little appeal. But a change is likely to be on the horizon - especially since the sharp rise in energy and fuel prices has recently been added to the mix.<\/p>\n<h3><strong>Hybrid trade fairs as a model for the future<\/strong><\/h3>\n<p>The current Macromedia study also sees virtual or hybrid trade shows as a possible path toward sustainability. Visable CEO Peter F. Schmid is irritated, however, by the reticence of trade show organizers regarding the transition to a digital age: \"Haven't enough industries slept through the digital transformation yet? After all, trade shows are places where information transfer and communication are at the center of attention - and both are undergoing massive changes as a result of digitization. Who seriously believes that the deeply analog trade fair model from the Middle Ages doesn't have to adapt to this? After all, this is also an enormous opportunity for trade show operators.\"<\/p>\n<p><em>Source: <a href=\"http:\/\/www.visable.com\">Visible<\/a><\/em><\/p>","protected":false},"excerpt":{"rendered":"<p>Messen sind f\u00fcr viele Anbieter und deren Kunden eine attraktive Plattform f\u00fcr den Wissensaustausch und den pers\u00f6nlichen Kontakt. Die Business-Events verschaffen eine Art Rundumblick, was in entsprechenden Branchen auf dem Markt ist und welche Neuigkeiten es gibt \u2013 im Hinblick auch auf Preis, Qualit\u00e4t und Innovation. Insbesondere auf Industriemessen werden oft erkl\u00e4rungsbed\u00fcrftige und komplexe Produkte [&hellip;]<\/p>\n","protected":false},"author":4,"featured_media":17108,"comment_status":"closed","ping_status":"closed","sticky":false,"template":"","format":"standard","meta":{"_acf_changed":false,"_yoast_wpseo_focuskw":"Hybride Messen","_yoast_wpseo_metadesc":"Im Zuge der Klimakrise stellt sich die Frage, wie weit traditionelle Messekonzepte noch zeitgem\u00e4ss sind. Sind hybride Messen die Alternative?","articlekey":"","footnotes":""},"categories":[29],"tags":[156,193,2799],"class_list":["post-17107","post","type-post","status-publish","format-standard","has-post-thumbnail","hentry","category-marketing","tag-digitalisierung","tag-fachkongressfachmesse","tag-messen-und-events"],"acf":[],"yoast_head":"<!-- This site is optimized with the Yoast SEO plugin v27.4 - https:\/\/yoast.com\/product\/yoast-seo-wordpress\/ -->\n<title>Hybride Messen belasten Klima weniger - Organisator<\/title>\n<meta name=\"description\" content=\"Im Zuge der Klimakrise stellt sich die Frage, wie weit traditionelle Messekonzepte noch zeitgem\u00e4ss sind. Sind hybride Messen die Alternative?\" \/>\n<meta name=\"robots\" content=\"index, follow, max-snippet:-1, max-image-preview:large, max-video-preview:-1\" \/>\n<link rel=\"canonical\" href=\"https:\/\/www.organisator.ch\/en\/marketing\/2022-09-29\/hybride-messen-belasten-klima-weniger\/\" \/>\n<meta property=\"og:locale\" content=\"en_US\" \/>\n<meta property=\"og:type\" content=\"article\" \/>\n<meta property=\"og:title\" content=\"Hybride Messen belasten Klima weniger\" \/>\n<meta property=\"og:description\" content=\"Im Zuge der Klimakrise stellt sich die Frage, wie weit traditionelle Messekonzepte noch zeitgem\u00e4ss sind. Sind hybride Messen die Alternative?\" \/>\n<meta property=\"og:url\" content=\"https:\/\/www.organisator.ch\/en\/marketing\/2022-09-29\/hybride-messen-belasten-klima-weniger\/\" \/>\n<meta property=\"og:site_name\" content=\"Organisator\" \/>\n<meta property=\"article:publisher\" content=\"https:\/\/www.facebook.com\/OrganisatorFachmagazin\" \/>\n<meta property=\"article:published_time\" content=\"2022-09-29T04:41:05+00:00\" \/>\n<meta property=\"og:image\" content=\"https:\/\/www.organisator.ch\/wp-content\/uploads\/2022\/09\/Hybride-Messen-belasten-Klima-weniger_Organisator.jpg\" \/>\n\t<meta property=\"og:image:width\" content=\"680\" \/>\n\t<meta property=\"og:image:height\" content=\"370\" \/>\n\t<meta property=\"og:image:type\" content=\"image\/jpeg\" \/>\n<meta name=\"author\" content=\"thomas.berner\" \/>\n<meta name=\"twitter:card\" content=\"summary_large_image\" \/>\n<meta name=\"twitter:title\" content=\"Hybride #Messen belasten #Klima weniger\" \/>\n<meta name=\"twitter:description\" content=\"Im Zuge der #Klimakrise stellt sich die Frage, wie weit traditionelle #Messekonzepte noch zeitgem\u00e4ss sind. Sind hybride Messen die #Alternative?\" \/>\n<meta name=\"twitter:image\" content=\"https:\/\/www.organisator.ch\/wp-content\/uploads\/2022\/09\/Hybride-Messen-belasten-Klima-weniger_Organisator.jpg\" \/>\n<script type=\"application\/ld+json\" class=\"yoast-schema-graph\">{\"@context\":\"https:\\\/\\\/schema.org\",\"@graph\":[{\"@type\":\"Article\",\"@id\":\"https:\\\/\\\/www.organisator.ch\\\/marketing\\\/2022-09-29\\\/hybride-messen-belasten-klima-weniger\\\/#article\",\"isPartOf\":{\"@id\":\"https:\\\/\\\/www.organisator.ch\\\/marketing\\\/2022-09-29\\\/hybride-messen-belasten-klima-weniger\\\/\"},\"author\":{\"name\":\"thomas.berner\",\"@id\":\"https:\\\/\\\/www.organisator.ch\\\/#\\\/schema\\\/person\\\/6f650f90b2842cd4c0cc334b4e36f67e\"},\"headline\":\"Hybride Messen belasten Klima weniger\",\"datePublished\":\"2022-09-29T04:41:05+00:00\",\"mainEntityOfPage\":{\"@id\":\"https:\\\/\\\/www.organisator.ch\\\/marketing\\\/2022-09-29\\\/hybride-messen-belasten-klima-weniger\\\/\"},\"wordCount\":787,\"publisher\":{\"@id\":\"https:\\\/\\\/www.organisator.ch\\\/#organization\"},\"image\":{\"@id\":\"https:\\\/\\\/www.organisator.ch\\\/marketing\\\/2022-09-29\\\/hybride-messen-belasten-klima-weniger\\\/#primaryimage\"},\"thumbnailUrl\":\"https:\\\/\\\/www.organisator.ch\\\/wp-content\\\/uploads\\\/2022\\\/09\\\/Hybride-Messen-belasten-Klima-weniger_Organisator.jpg\",\"keywords\":[\"Digitalisierung\",\"Fachkongress\\\/Fachmesse\",\"Messen und Events\"],\"articleSection\":[\"MARKETING\"],\"inLanguage\":\"en-US\"},{\"@type\":\"WebPage\",\"@id\":\"https:\\\/\\\/www.organisator.ch\\\/marketing\\\/2022-09-29\\\/hybride-messen-belasten-klima-weniger\\\/\",\"url\":\"https:\\\/\\\/www.organisator.ch\\\/marketing\\\/2022-09-29\\\/hybride-messen-belasten-klima-weniger\\\/\",\"name\":\"Hybride Messen belasten Klima weniger - Organisator\",\"isPartOf\":{\"@id\":\"https:\\\/\\\/www.organisator.ch\\\/#website\"},\"primaryImageOfPage\":{\"@id\":\"https:\\\/\\\/www.organisator.ch\\\/marketing\\\/2022-09-29\\\/hybride-messen-belasten-klima-weniger\\\/#primaryimage\"},\"image\":{\"@id\":\"https:\\\/\\\/www.organisator.ch\\\/marketing\\\/2022-09-29\\\/hybride-messen-belasten-klima-weniger\\\/#primaryimage\"},\"thumbnailUrl\":\"https:\\\/\\\/www.organisator.ch\\\/wp-content\\\/uploads\\\/2022\\\/09\\\/Hybride-Messen-belasten-Klima-weniger_Organisator.jpg\",\"datePublished\":\"2022-09-29T04:41:05+00:00\",\"description\":\"Im Zuge der Klimakrise stellt sich die Frage, wie weit traditionelle Messekonzepte noch zeitgem\u00e4ss sind. Sind hybride Messen die Alternative?\",\"breadcrumb\":{\"@id\":\"https:\\\/\\\/www.organisator.ch\\\/marketing\\\/2022-09-29\\\/hybride-messen-belasten-klima-weniger\\\/#breadcrumb\"},\"inLanguage\":\"en-US\",\"potentialAction\":[{\"@type\":\"ReadAction\",\"target\":[\"https:\\\/\\\/www.organisator.ch\\\/marketing\\\/2022-09-29\\\/hybride-messen-belasten-klima-weniger\\\/\"]}]},{\"@type\":\"ImageObject\",\"inLanguage\":\"en-US\",\"@id\":\"https:\\\/\\\/www.organisator.ch\\\/marketing\\\/2022-09-29\\\/hybride-messen-belasten-klima-weniger\\\/#primaryimage\",\"url\":\"https:\\\/\\\/www.organisator.ch\\\/wp-content\\\/uploads\\\/2022\\\/09\\\/Hybride-Messen-belasten-Klima-weniger_Organisator.jpg\",\"contentUrl\":\"https:\\\/\\\/www.organisator.ch\\\/wp-content\\\/uploads\\\/2022\\\/09\\\/Hybride-Messen-belasten-Klima-weniger_Organisator.jpg\",\"width\":680,\"height\":370,\"caption\":\"Konventionelle Fachmessen sind CO2-Schleudern, besagt eine Studie. Hybride Messen schonen das Klima mehr. (Bild: Depositphotos.com)\"},{\"@type\":\"BreadcrumbList\",\"@id\":\"https:\\\/\\\/www.organisator.ch\\\/marketing\\\/2022-09-29\\\/hybride-messen-belasten-klima-weniger\\\/#breadcrumb\",\"itemListElement\":[{\"@type\":\"ListItem\",\"position\":1,\"name\":\"Home\",\"item\":\"https:\\\/\\\/www.organisator.ch\\\/\"},{\"@type\":\"ListItem\",\"position\":2,\"name\":\"Hybride Messen belasten Klima weniger\"}]},{\"@type\":\"WebSite\",\"@id\":\"https:\\\/\\\/www.organisator.ch\\\/#website\",\"url\":\"https:\\\/\\\/www.organisator.ch\\\/\",\"name\":\"Organisator\",\"description\":\"Kompetent. Praxisnah. Der ORGANISATOR bereitet in 10 Ausgaben pro Jahr die wesentlichen Themen f\u00fcr F\u00fchrungskr\u00e4fte von KMU auf.\",\"publisher\":{\"@id\":\"https:\\\/\\\/www.organisator.ch\\\/#organization\"},\"potentialAction\":[{\"@type\":\"SearchAction\",\"target\":{\"@type\":\"EntryPoint\",\"urlTemplate\":\"https:\\\/\\\/www.organisator.ch\\\/?s={search_term_string}\"},\"query-input\":{\"@type\":\"PropertyValueSpecification\",\"valueRequired\":true,\"valueName\":\"search_term_string\"}}],\"inLanguage\":\"en-US\"},{\"@type\":\"Organization\",\"@id\":\"https:\\\/\\\/www.organisator.ch\\\/#organization\",\"name\":\"Organisator\",\"url\":\"https:\\\/\\\/www.organisator.ch\\\/\",\"logo\":{\"@type\":\"ImageObject\",\"inLanguage\":\"en-US\",\"@id\":\"https:\\\/\\\/www.organisator.ch\\\/#\\\/schema\\\/logo\\\/image\\\/\",\"url\":\"https:\\\/\\\/www.organisator.ch\\\/wp-content\\\/uploads\\\/2022\\\/01\\\/Logo_Organisator_Website.png\",\"contentUrl\":\"https:\\\/\\\/www.organisator.ch\\\/wp-content\\\/uploads\\\/2022\\\/01\\\/Logo_Organisator_Website.png\",\"width\":800,\"height\":77,\"caption\":\"Organisator\"},\"image\":{\"@id\":\"https:\\\/\\\/www.organisator.ch\\\/#\\\/schema\\\/logo\\\/image\\\/\"},\"sameAs\":[\"https:\\\/\\\/www.facebook.com\\\/OrganisatorFachmagazin\",\"https:\\\/\\\/www.linkedin.com\\\/showcase\\\/organisator-das-magazin-fr-kmu\",\"https:\\\/\\\/www.xing.com\\\/news\\\/pages\\\/organisator-ch-695\",\"https:\\\/\\\/www.youtube.com\\\/channel\\\/UCGP2Sq0iWaZwT3BdIAQFYpw\"]},{\"@type\":\"Person\",\"@id\":\"https:\\\/\\\/www.organisator.ch\\\/#\\\/schema\\\/person\\\/6f650f90b2842cd4c0cc334b4e36f67e\",\"name\":\"thomas.berner\",\"image\":{\"@type\":\"ImageObject\",\"inLanguage\":\"en-US\",\"@id\":\"https:\\\/\\\/secure.gravatar.com\\\/avatar\\\/ac5001d2a36cb6c6cd3e50789007ffca834b477b74a2144564522e944eabff61?s=96&d=mm&r=g\",\"url\":\"https:\\\/\\\/secure.gravatar.com\\\/avatar\\\/ac5001d2a36cb6c6cd3e50789007ffca834b477b74a2144564522e944eabff61?s=96&d=mm&r=g\",\"contentUrl\":\"https:\\\/\\\/secure.gravatar.com\\\/avatar\\\/ac5001d2a36cb6c6cd3e50789007ffca834b477b74a2144564522e944eabff61?s=96&d=mm&r=g\",\"caption\":\"thomas.berner\"},\"url\":\"https:\\\/\\\/www.organisator.ch\\\/en\\\/author\\\/thomas-berner\\\/\"}]}<\/script>\n<!-- \/ Yoast SEO plugin. -->","yoast_head_json":{"title":"Hybrid trade fairs have less impact on climate - Organizer","description":"In the wake of the climate crisis, the question arises as to how far traditional trade fair concepts are still up to date. Are hybrid trade fairs the alternative?","robots":{"index":"index","follow":"follow","max-snippet":"max-snippet:-1","max-image-preview":"max-image-preview:large","max-video-preview":"max-video-preview:-1"},"canonical":"https:\/\/www.organisator.ch\/en\/marketing\/2022-09-29\/hybride-messen-belasten-klima-weniger\/","og_locale":"en_US","og_type":"article","og_title":"Hybride Messen belasten Klima weniger","og_description":"Im Zuge der Klimakrise stellt sich die Frage, wie weit traditionelle Messekonzepte noch zeitgem\u00e4ss sind. Sind hybride Messen die Alternative?","og_url":"https:\/\/www.organisator.ch\/en\/marketing\/2022-09-29\/hybride-messen-belasten-klima-weniger\/","og_site_name":"Organisator","article_publisher":"https:\/\/www.facebook.com\/OrganisatorFachmagazin","article_published_time":"2022-09-29T04:41:05+00:00","og_image":[{"width":680,"height":370,"url":"https:\/\/www.organisator.ch\/wp-content\/uploads\/2022\/09\/Hybride-Messen-belasten-Klima-weniger_Organisator.jpg","type":"image\/jpeg"}],"author":"thomas.berner","twitter_card":"summary_large_image","twitter_title":"Hybride #Messen belasten #Klima weniger","twitter_description":"Im Zuge der #Klimakrise stellt sich die Frage, wie weit traditionelle #Messekonzepte noch zeitgem\u00e4ss sind. Sind hybride Messen die #Alternative?","twitter_image":"https:\/\/www.organisator.ch\/wp-content\/uploads\/2022\/09\/Hybride-Messen-belasten-Klima-weniger_Organisator.jpg","schema":{"@context":"https:\/\/schema.org","@graph":[{"@type":"Article","@id":"https:\/\/www.organisator.ch\/marketing\/2022-09-29\/hybride-messen-belasten-klima-weniger\/#article","isPartOf":{"@id":"https:\/\/www.organisator.ch\/marketing\/2022-09-29\/hybride-messen-belasten-klima-weniger\/"},"author":{"name":"thomas.berner","@id":"https:\/\/www.organisator.ch\/#\/schema\/person\/6f650f90b2842cd4c0cc334b4e36f67e"},"headline":"Hybride Messen belasten Klima weniger","datePublished":"2022-09-29T04:41:05+00:00","mainEntityOfPage":{"@id":"https:\/\/www.organisator.ch\/marketing\/2022-09-29\/hybride-messen-belasten-klima-weniger\/"},"wordCount":787,"publisher":{"@id":"https:\/\/www.organisator.ch\/#organization"},"image":{"@id":"https:\/\/www.organisator.ch\/marketing\/2022-09-29\/hybride-messen-belasten-klima-weniger\/#primaryimage"},"thumbnailUrl":"https:\/\/www.organisator.ch\/wp-content\/uploads\/2022\/09\/Hybride-Messen-belasten-Klima-weniger_Organisator.jpg","keywords":["Digitalisierung","Fachkongress\/Fachmesse","Messen und Events"],"articleSection":["MARKETING"],"inLanguage":"en-US"},{"@type":"WebPage","@id":"https:\/\/www.organisator.ch\/marketing\/2022-09-29\/hybride-messen-belasten-klima-weniger\/","url":"https:\/\/www.organisator.ch\/marketing\/2022-09-29\/hybride-messen-belasten-klima-weniger\/","name":"Hybrid trade fairs have less impact on climate - Organizer","isPartOf":{"@id":"https:\/\/www.organisator.ch\/#website"},"primaryImageOfPage":{"@id":"https:\/\/www.organisator.ch\/marketing\/2022-09-29\/hybride-messen-belasten-klima-weniger\/#primaryimage"},"image":{"@id":"https:\/\/www.organisator.ch\/marketing\/2022-09-29\/hybride-messen-belasten-klima-weniger\/#primaryimage"},"thumbnailUrl":"https:\/\/www.organisator.ch\/wp-content\/uploads\/2022\/09\/Hybride-Messen-belasten-Klima-weniger_Organisator.jpg","datePublished":"2022-09-29T04:41:05+00:00","description":"In the wake of the climate crisis, the question arises as to how far traditional trade fair concepts are still up to date. Are hybrid trade fairs the alternative?","breadcrumb":{"@id":"https:\/\/www.organisator.ch\/marketing\/2022-09-29\/hybride-messen-belasten-klima-weniger\/#breadcrumb"},"inLanguage":"en-US","potentialAction":[{"@type":"ReadAction","target":["https:\/\/www.organisator.ch\/marketing\/2022-09-29\/hybride-messen-belasten-klima-weniger\/"]}]},{"@type":"ImageObject","inLanguage":"en-US","@id":"https:\/\/www.organisator.ch\/marketing\/2022-09-29\/hybride-messen-belasten-klima-weniger\/#primaryimage","url":"https:\/\/www.organisator.ch\/wp-content\/uploads\/2022\/09\/Hybride-Messen-belasten-Klima-weniger_Organisator.jpg","contentUrl":"https:\/\/www.organisator.ch\/wp-content\/uploads\/2022\/09\/Hybride-Messen-belasten-Klima-weniger_Organisator.jpg","width":680,"height":370,"caption":"Konventionelle Fachmessen sind CO2-Schleudern, besagt eine Studie. Hybride Messen schonen das Klima mehr. (Bild: Depositphotos.com)"},{"@type":"BreadcrumbList","@id":"https:\/\/www.organisator.ch\/marketing\/2022-09-29\/hybride-messen-belasten-klima-weniger\/#breadcrumb","itemListElement":[{"@type":"ListItem","position":1,"name":"Home","item":"https:\/\/www.organisator.ch\/"},{"@type":"ListItem","position":2,"name":"Hybride Messen belasten Klima weniger"}]},{"@type":"WebSite","@id":"https:\/\/www.organisator.ch\/#website","url":"https:\/\/www.organisator.ch\/","name":"Organizer","description":"Competent. Practical. In 10 issues per year, ORGANISATOR presents the essential topics for managers of SMEs.","publisher":{"@id":"https:\/\/www.organisator.ch\/#organization"},"potentialAction":[{"@type":"SearchAction","target":{"@type":"EntryPoint","urlTemplate":"https:\/\/www.organisator.ch\/?s={search_term_string}"},"query-input":{"@type":"PropertyValueSpecification","valueRequired":true,"valueName":"search_term_string"}}],"inLanguage":"en-US"},{"@type":"Organization","@id":"https:\/\/www.organisator.ch\/#organization","name":"Organizer","url":"https:\/\/www.organisator.ch\/","logo":{"@type":"ImageObject","inLanguage":"en-US","@id":"https:\/\/www.organisator.ch\/#\/schema\/logo\/image\/","url":"https:\/\/www.organisator.ch\/wp-content\/uploads\/2022\/01\/Logo_Organisator_Website.png","contentUrl":"https:\/\/www.organisator.ch\/wp-content\/uploads\/2022\/01\/Logo_Organisator_Website.png","width":800,"height":77,"caption":"Organisator"},"image":{"@id":"https:\/\/www.organisator.ch\/#\/schema\/logo\/image\/"},"sameAs":["https:\/\/www.facebook.com\/OrganisatorFachmagazin","https:\/\/www.linkedin.com\/showcase\/organisator-das-magazin-fr-kmu","https:\/\/www.xing.com\/news\/pages\/organisator-ch-695","https:\/\/www.youtube.com\/channel\/UCGP2Sq0iWaZwT3BdIAQFYpw"]},{"@type":"Person","@id":"https:\/\/www.organisator.ch\/#\/schema\/person\/6f650f90b2842cd4c0cc334b4e36f67e","name":"thomas.berner","image":{"@type":"ImageObject","inLanguage":"en-US","@id":"https:\/\/secure.gravatar.com\/avatar\/ac5001d2a36cb6c6cd3e50789007ffca834b477b74a2144564522e944eabff61?s=96&d=mm&r=g","url":"https:\/\/secure.gravatar.com\/avatar\/ac5001d2a36cb6c6cd3e50789007ffca834b477b74a2144564522e944eabff61?s=96&d=mm&r=g","contentUrl":"https:\/\/secure.gravatar.com\/avatar\/ac5001d2a36cb6c6cd3e50789007ffca834b477b74a2144564522e944eabff61?s=96&d=mm&r=g","caption":"thomas.berner"},"url":"https:\/\/www.organisator.ch\/en\/author\/thomas-berner\/"}]}},"_links":{"self":[{"href":"https:\/\/www.organisator.ch\/en\/wp-json\/wp\/v2\/posts\/17107","targetHints":{"allow":["GET"]}}],"collection":[{"href":"https:\/\/www.organisator.ch\/en\/wp-json\/wp\/v2\/posts"}],"about":[{"href":"https:\/\/www.organisator.ch\/en\/wp-json\/wp\/v2\/types\/post"}],"author":[{"embeddable":true,"href":"https:\/\/www.organisator.ch\/en\/wp-json\/wp\/v2\/users\/4"}],"replies":[{"embeddable":true,"href":"https:\/\/www.organisator.ch\/en\/wp-json\/wp\/v2\/comments?post=17107"}],"version-history":[{"count":1,"href":"https:\/\/www.organisator.ch\/en\/wp-json\/wp\/v2\/posts\/17107\/revisions"}],"predecessor-version":[{"id":17109,"href":"https:\/\/www.organisator.ch\/en\/wp-json\/wp\/v2\/posts\/17107\/revisions\/17109"}],"wp:featuredmedia":[{"embeddable":true,"href":"https:\/\/www.organisator.ch\/en\/wp-json\/wp\/v2\/media\/17108"}],"wp:attachment":[{"href":"https:\/\/www.organisator.ch\/en\/wp-json\/wp\/v2\/media?parent=17107"}],"wp:term":[{"taxonomy":"category","embeddable":true,"href":"https:\/\/www.organisator.ch\/en\/wp-json\/wp\/v2\/categories?post=17107"},{"taxonomy":"post_tag","embeddable":true,"href":"https:\/\/www.organisator.ch\/en\/wp-json\/wp\/v2\/tags?post=17107"}],"curies":[{"name":"wp","href":"https:\/\/api.w.org\/{rel}","templated":true}]}}