{"id":17113,"date":"2022-09-29T13:25:53","date_gmt":"2022-09-29T11:25:53","guid":{"rendered":"https:\/\/www.m-q.ch\/?p=16937"},"modified":"2024-11-21T08:06:46","modified_gmt":"2024-11-21T07:06:46","slug":"qs-branche-bereitet-sich-auf-die-control-2023-vor","status":"publish","type":"post","link":"https:\/\/www.organisator.ch\/en\/operational-excellence\/2022-09-29\/qs-branche-bereitet-sich-auf-die-control-2023-vor\/","title":{"rendered":"QS industry prepares for Control 2023"},"content":{"rendered":"<div class=\"uncode_text_column\">\r\n<figure id=\"attachment_16938\" class=\"wp-caption alignnone\" style=\"width: 680px\" aria-describedby=\"caption-attachment-16938\"><img class=\"alignnone wp-image-16938 size-full\" src=\"https:\/\/www.m-q.ch\/wp-content\/uploads\/2022\/09\/QS-Branche-bereitet-sich-auf-die-Control-2023-vor_MQ.jpg\" alt=\"Control 2023\" width=\"680\" height=\"447\" \/>\r\n<figcaption id=\"caption-attachment-16938\" class=\"wp-caption-text\">Control 2023 will once again be a highlight for the QA industry. (Image: P. E. Schall GmbH &amp; Co. KG)<\/figcaption>\r\n<\/figure>\r\n<p>Control 2023, arguably the trade show highlight for all involved in the quality assurance (QA) sector, builds on the success of the <a href=\"https:\/\/www.m-q.ch\/de\/control-2022-erfolgreiche-rueckkehr\/\">past fair<\/a> in May 2022; after a three-year break due to the pandemic, more than 600 exhibitors experienced top-level QA innovations live and up close. Current and future-oriented advancements include artificial intelligence (AI) technologies as well as inline inspection processes. In detail, innovations from the fields of vision technology, image processing, sensor technology, and measuring and testing technology will be presented.<\/p>\r\n<\/div>\r\n<div class=\"vc_custom_heading_wrap\">\r\n<div class=\"heading-text el-text\">\r\n<h3 class=\"h4\">Control 2023: Demand for information on AI increases<\/h3>\r\n<\/div>\r\n<div class=\"clear\">Traditionally, Control is an internationally staffed and indispensable leading trade fair for the QA industry and is one of the most interesting and important trade fairs of all. Therefore, it is again awaited with great anticipation and excitement for May 2023. \"As the trade fair highlight for the QA industry, Control will once again bring exhibitors and expert visitors together in person in 2023,\" enthuses trade fair promoter Bettina Schall, Managing Director of P. E. Schall GmbH &amp; Co. KG. \"With our trade fairs, we traditionally stand for direct practical relevance and concrete applicability. That's why users and interested parties will also find everything they need at the 35th Control in order to be in a cutting-edge position when it comes to quality assurance, and to survive in international competition with excellent QA in manufacturing.\"<\/div>\r\n<\/div>\r\n<div class=\"uncode_text_column\">\r\n<p>In 2022, it had become obvious that the need for information about new QA developments had grown considerably, sums up Fabian Kr\u00fcger, Control project manager. \"Above all, the use of artificial intelligence (AI) processes met with great interest on all sides,\" explains Kr\u00fcger. \"Even more so at the next Control will be to experience how strongly AI already supports industrial production and testing processes. Even small companies can realize a simple entry into AI support.\"<\/p>\r\n<\/div>\r\n<div class=\"vc_custom_heading_wrap\">\r\n<div class=\"heading-text el-text\">\r\n<h3 class=\"h4\">QS is a growth industry<\/h3>\r\n<\/div>\r\n<div class=\"clear\">The topics around QA are future topics - and growth areas. This is because quality assurance measures in industrial and non-industrial areas are growing - driven by the requirement for zero-defect production, further automation, autonomous systems, and the demand for resource conservation and production efficiency. Measuring, testing and inspection processes have long been integrated components of manufacturing processes. Non-contact processes, remote services, small batch sizes and increasing digitalization with end-to-end data analyses are based on modern QA solutions. Companies are therefore working intensively on further developments in measuring environments, measuring machines and inspection equipment.<\/div>\r\n<\/div>\r\n<div class=\"uncode_text_column\">\r\n<p>Control is traditionally the appropriate communication and business platform for all these innovations. On an international scale, it is the most interesting and probably also the largest trade fair on the subject of quality assurance. With top-class events accompanying the trade show with the renowned research institutes of the Fraunhofer Institute, Fraunhofer Allianz Vision, the Fraunhofer Institute for Manufacturing Engineering and Automation (IPA) as well as the special show \"Contactless Measuring Technology\", this trade show is a firmly established marketplace of innovations. The date for the next industry highlight: May 9 to 12, 2023 in Stuttgart.<\/p>\r\n<p><em>More information: <a href=\"http:\/\/www.control-messe.de\/\">www.control-messe.de<\/a><\/em><\/p>\r\n<\/div>\n<p class=\"syndicated-attribution\">This article originally appeared on m-q.ch - <a href=\"https:\/\/www.m-q.ch\/de\/qs-branche-bereitet-sich-auf-die-control-2023-vor\/\" target=\"_blank\">https:\/\/www.m-q.ch\/de\/qs-branche-bereitet-sich-auf-die-control-2023-vor\/<\/a><\/p>","protected":false},"excerpt":{"rendered":"<p>Die Control 2023, wohl das Messehighlight aller Beteiligten im Bereich Qualit\u00e4tssicherung (QS), kn\u00fcpft an den Erfolg der vergangenen Messe an; im Mai 2022 erlebten \u00fcber 600 Aussteller nach einer pandemiebedingten dreij\u00e4hrigen Pause QS-Innovationen auf Top-Niveau live und zum Anfassen. Zu den aktuellen und zukunftsweisenden Weiterentwicklungen geh\u00f6ren Technologien der K\u00fcnstlichen Intelligenz (KI) ebenso wie Inline-Pr\u00fcfprozesse. Im [\u2026]<\/p>\n","protected":false},"author":8,"featured_media":0,"comment_status":"closed","ping_status":"closed","sticky":false,"template":"","format":"standard","meta":{"_acf_changed":false,"_yoast_wpseo_focuskw":"Control 2023","_yoast_wpseo_metadesc":"Control 2023: Highlight der QS-Branche. Pr\u00e4sentation von Innovationen in Visiontechnologie, Bildverarbeitung und mehr. Nicht verpassen!","articlekey":"","footnotes":""},"categories":[582],"tags":[],"class_list":["post-17113","post","type-post","status-publish","format-standard","hentry","category-operational-excellence"],"acf":[],"yoast_head":"<!-- This site is optimized with the Yoast SEO plugin v27.5 - https:\/\/yoast.com\/product\/yoast-seo-wordpress\/ -->\n<title>QS-Branche bereitet sich auf die Control 2023 vor - Organisator<\/title>\n<meta name=\"description\" content=\"Control 2023: Highlight der QS-Branche. Pr\u00e4sentation von Innovationen in Visiontechnologie, Bildverarbeitung und mehr. Nicht verpassen!\" \/>\n<meta name=\"robots\" content=\"index, follow, max-snippet:-1, max-image-preview:large, max-video-preview:-1\" \/>\n<link rel=\"canonical\" href=\"https:\/\/www.organisator.ch\/en\/operational-excellence\/2022-09-29\/qs-branche-bereitet-sich-auf-die-control-2023-vor\/\" \/>\n<meta property=\"og:locale\" content=\"en_US\" \/>\n<meta property=\"og:type\" content=\"article\" \/>\n<meta property=\"og:title\" content=\"QS-Branche bereitet sich auf die Control 2023 vor - Organisator\" \/>\n<meta property=\"og:description\" content=\"Control 2023: Highlight der QS-Branche. Pr\u00e4sentation von Innovationen in Visiontechnologie, Bildverarbeitung und mehr. Nicht verpassen!\" \/>\n<meta property=\"og:url\" content=\"https:\/\/www.organisator.ch\/en\/operational-excellence\/2022-09-29\/qs-branche-bereitet-sich-auf-die-control-2023-vor\/\" \/>\n<meta property=\"og:site_name\" content=\"Organisator\" \/>\n<meta property=\"article:publisher\" content=\"https:\/\/www.facebook.com\/OrganisatorFachmagazin\" \/>\n<meta property=\"article:published_time\" content=\"2022-09-29T11:25:53+00:00\" \/>\n<meta property=\"article:modified_time\" content=\"2024-11-21T07:06:46+00:00\" \/>\n<meta name=\"author\" content=\"galledia\" \/>\n<meta name=\"twitter:card\" content=\"summary_large_image\" \/>\n<meta name=\"twitter:creator\" content=\"@admin\" \/>\n<script type=\"application\/ld+json\" class=\"yoast-schema-graph\">{\"@context\":\"https:\\\/\\\/schema.org\",\"@graph\":[{\"@type\":\"Article\",\"@id\":\"https:\\\/\\\/www.organisator.ch\\\/operational-excellence\\\/2022-09-29\\\/qs-branche-bereitet-sich-auf-die-control-2023-vor\\\/#article\",\"isPartOf\":{\"@id\":\"https:\\\/\\\/www.organisator.ch\\\/operational-excellence\\\/2022-09-29\\\/qs-branche-bereitet-sich-auf-die-control-2023-vor\\\/\"},\"author\":{\"name\":\"galledia\",\"@id\":\"https:\\\/\\\/www.organisator.ch\\\/#\\\/schema\\\/person\\\/4e51799071cd2dd1232ac003643ef5f0\"},\"headline\":\"QS-Branche bereitet sich auf die Control 2023 vor\",\"datePublished\":\"2022-09-29T11:25:53+00:00\",\"dateModified\":\"2024-11-21T07:06:46+00:00\",\"mainEntityOfPage\":{\"@id\":\"https:\\\/\\\/www.organisator.ch\\\/operational-excellence\\\/2022-09-29\\\/qs-branche-bereitet-sich-auf-die-control-2023-vor\\\/\"},\"wordCount\":476,\"publisher\":{\"@id\":\"https:\\\/\\\/www.organisator.ch\\\/#organization\"},\"image\":{\"@id\":\"https:\\\/\\\/www.organisator.ch\\\/operational-excellence\\\/2022-09-29\\\/qs-branche-bereitet-sich-auf-die-control-2023-vor\\\/#primaryimage\"},\"thumbnailUrl\":\"https:\\\/\\\/www.m-q.ch\\\/wp-content\\\/uploads\\\/2022\\\/09\\\/QS-Branche-bereitet-sich-auf-die-Control-2023-vor_MQ.jpg\",\"articleSection\":[\"OPERATIONAL EXCELLENCE\"],\"inLanguage\":\"en-US\"},{\"@type\":\"WebPage\",\"@id\":\"https:\\\/\\\/www.organisator.ch\\\/operational-excellence\\\/2022-09-29\\\/qs-branche-bereitet-sich-auf-die-control-2023-vor\\\/\",\"url\":\"https:\\\/\\\/www.organisator.ch\\\/operational-excellence\\\/2022-09-29\\\/qs-branche-bereitet-sich-auf-die-control-2023-vor\\\/\",\"name\":\"QS-Branche bereitet sich auf die Control 2023 vor - Organisator\",\"isPartOf\":{\"@id\":\"https:\\\/\\\/www.organisator.ch\\\/#website\"},\"primaryImageOfPage\":{\"@id\":\"https:\\\/\\\/www.organisator.ch\\\/operational-excellence\\\/2022-09-29\\\/qs-branche-bereitet-sich-auf-die-control-2023-vor\\\/#primaryimage\"},\"image\":{\"@id\":\"https:\\\/\\\/www.organisator.ch\\\/operational-excellence\\\/2022-09-29\\\/qs-branche-bereitet-sich-auf-die-control-2023-vor\\\/#primaryimage\"},\"thumbnailUrl\":\"https:\\\/\\\/www.m-q.ch\\\/wp-content\\\/uploads\\\/2022\\\/09\\\/QS-Branche-bereitet-sich-auf-die-Control-2023-vor_MQ.jpg\",\"datePublished\":\"2022-09-29T11:25:53+00:00\",\"dateModified\":\"2024-11-21T07:06:46+00:00\",\"description\":\"Control 2023: Highlight der QS-Branche. Pr\u00e4sentation von Innovationen in Visiontechnologie, Bildverarbeitung und mehr. Nicht verpassen!\",\"breadcrumb\":{\"@id\":\"https:\\\/\\\/www.organisator.ch\\\/operational-excellence\\\/2022-09-29\\\/qs-branche-bereitet-sich-auf-die-control-2023-vor\\\/#breadcrumb\"},\"inLanguage\":\"en-US\",\"potentialAction\":[{\"@type\":\"ReadAction\",\"target\":[\"https:\\\/\\\/www.organisator.ch\\\/operational-excellence\\\/2022-09-29\\\/qs-branche-bereitet-sich-auf-die-control-2023-vor\\\/\"]}]},{\"@type\":\"ImageObject\",\"inLanguage\":\"en-US\",\"@id\":\"https:\\\/\\\/www.organisator.ch\\\/operational-excellence\\\/2022-09-29\\\/qs-branche-bereitet-sich-auf-die-control-2023-vor\\\/#primaryimage\",\"url\":\"https:\\\/\\\/www.m-q.ch\\\/wp-content\\\/uploads\\\/2022\\\/09\\\/QS-Branche-bereitet-sich-auf-die-Control-2023-vor_MQ.jpg\",\"contentUrl\":\"https:\\\/\\\/www.m-q.ch\\\/wp-content\\\/uploads\\\/2022\\\/09\\\/QS-Branche-bereitet-sich-auf-die-Control-2023-vor_MQ.jpg\"},{\"@type\":\"BreadcrumbList\",\"@id\":\"https:\\\/\\\/www.organisator.ch\\\/operational-excellence\\\/2022-09-29\\\/qs-branche-bereitet-sich-auf-die-control-2023-vor\\\/#breadcrumb\",\"itemListElement\":[{\"@type\":\"ListItem\",\"position\":1,\"name\":\"Home\",\"item\":\"https:\\\/\\\/www.organisator.ch\\\/\"},{\"@type\":\"ListItem\",\"position\":2,\"name\":\"QS-Branche bereitet sich auf die Control 2023 vor\"}]},{\"@type\":\"WebSite\",\"@id\":\"https:\\\/\\\/www.organisator.ch\\\/#website\",\"url\":\"https:\\\/\\\/www.organisator.ch\\\/\",\"name\":\"Organisator\",\"description\":\"Kompetent. Praxisnah. Der ORGANISATOR bereitet in 10 Ausgaben pro Jahr die wesentlichen Themen f\u00fcr F\u00fchrungskr\u00e4fte von KMU auf.\",\"publisher\":{\"@id\":\"https:\\\/\\\/www.organisator.ch\\\/#organization\"},\"potentialAction\":[{\"@type\":\"SearchAction\",\"target\":{\"@type\":\"EntryPoint\",\"urlTemplate\":\"https:\\\/\\\/www.organisator.ch\\\/?s={search_term_string}\"},\"query-input\":{\"@type\":\"PropertyValueSpecification\",\"valueRequired\":true,\"valueName\":\"search_term_string\"}}],\"inLanguage\":\"en-US\"},{\"@type\":\"Organization\",\"@id\":\"https:\\\/\\\/www.organisator.ch\\\/#organization\",\"name\":\"Organisator\",\"url\":\"https:\\\/\\\/www.organisator.ch\\\/\",\"logo\":{\"@type\":\"ImageObject\",\"inLanguage\":\"en-US\",\"@id\":\"https:\\\/\\\/www.organisator.ch\\\/#\\\/schema\\\/logo\\\/image\\\/\",\"url\":\"https:\\\/\\\/www.organisator.ch\\\/wp-content\\\/uploads\\\/2022\\\/01\\\/Logo_Organisator_Website.png\",\"contentUrl\":\"https:\\\/\\\/www.organisator.ch\\\/wp-content\\\/uploads\\\/2022\\\/01\\\/Logo_Organisator_Website.png\",\"width\":800,\"height\":77,\"caption\":\"Organisator\"},\"image\":{\"@id\":\"https:\\\/\\\/www.organisator.ch\\\/#\\\/schema\\\/logo\\\/image\\\/\"},\"sameAs\":[\"https:\\\/\\\/www.facebook.com\\\/OrganisatorFachmagazin\",\"https:\\\/\\\/www.linkedin.com\\\/showcase\\\/organisator-das-magazin-fr-kmu\",\"https:\\\/\\\/www.xing.com\\\/news\\\/pages\\\/organisator-ch-695\",\"https:\\\/\\\/www.youtube.com\\\/channel\\\/UCGP2Sq0iWaZwT3BdIAQFYpw\"]},{\"@type\":\"Person\",\"@id\":\"https:\\\/\\\/www.organisator.ch\\\/#\\\/schema\\\/person\\\/4e51799071cd2dd1232ac003643ef5f0\",\"name\":\"galledia\",\"image\":{\"@type\":\"ImageObject\",\"inLanguage\":\"en-US\",\"@id\":\"https:\\\/\\\/secure.gravatar.com\\\/avatar\\\/78a7f90c01fc2bfc875782a0d4922b37cde2cf184ce347b91316d23cd7f69a36?s=96&d=mm&r=g\",\"url\":\"https:\\\/\\\/secure.gravatar.com\\\/avatar\\\/78a7f90c01fc2bfc875782a0d4922b37cde2cf184ce347b91316d23cd7f69a36?s=96&d=mm&r=g\",\"contentUrl\":\"https:\\\/\\\/secure.gravatar.com\\\/avatar\\\/78a7f90c01fc2bfc875782a0d4922b37cde2cf184ce347b91316d23cd7f69a36?s=96&d=mm&r=g\",\"caption\":\"galledia\"},\"sameAs\":[\"https:\\\/\\\/x.com\\\/admin\"],\"url\":\"https:\\\/\\\/www.organisator.ch\\\/en\\\/author\\\/galledia\\\/\"}]}<\/script>\n<!-- \/ Yoast SEO plugin. -->","yoast_head_json":{"title":"QS industry prepares for Control 2023 - organizer","description":"Control 2023: Highlight of the QA industry. Presentation of innovations in vision technology, image processing and more. Don't miss it!","robots":{"index":"index","follow":"follow","max-snippet":"max-snippet:-1","max-image-preview":"max-image-preview:large","max-video-preview":"max-video-preview:-1"},"canonical":"https:\/\/www.organisator.ch\/en\/operational-excellence\/2022-09-29\/qs-branche-bereitet-sich-auf-die-control-2023-vor\/","og_locale":"en_US","og_type":"article","og_title":"QS-Branche bereitet sich auf die Control 2023 vor - Organisator","og_description":"Control 2023: Highlight der QS-Branche. Pr\u00e4sentation von Innovationen in Visiontechnologie, Bildverarbeitung und mehr. Nicht verpassen!","og_url":"https:\/\/www.organisator.ch\/en\/operational-excellence\/2022-09-29\/qs-branche-bereitet-sich-auf-die-control-2023-vor\/","og_site_name":"Organisator","article_publisher":"https:\/\/www.facebook.com\/OrganisatorFachmagazin","article_published_time":"2022-09-29T11:25:53+00:00","article_modified_time":"2024-11-21T07:06:46+00:00","author":"galledia","twitter_card":"summary_large_image","twitter_creator":"@admin","schema":{"@context":"https:\/\/schema.org","@graph":[{"@type":"Article","@id":"https:\/\/www.organisator.ch\/operational-excellence\/2022-09-29\/qs-branche-bereitet-sich-auf-die-control-2023-vor\/#article","isPartOf":{"@id":"https:\/\/www.organisator.ch\/operational-excellence\/2022-09-29\/qs-branche-bereitet-sich-auf-die-control-2023-vor\/"},"author":{"name":"galledia","@id":"https:\/\/www.organisator.ch\/#\/schema\/person\/4e51799071cd2dd1232ac003643ef5f0"},"headline":"QS-Branche bereitet sich auf die Control 2023 vor","datePublished":"2022-09-29T11:25:53+00:00","dateModified":"2024-11-21T07:06:46+00:00","mainEntityOfPage":{"@id":"https:\/\/www.organisator.ch\/operational-excellence\/2022-09-29\/qs-branche-bereitet-sich-auf-die-control-2023-vor\/"},"wordCount":476,"publisher":{"@id":"https:\/\/www.organisator.ch\/#organization"},"image":{"@id":"https:\/\/www.organisator.ch\/operational-excellence\/2022-09-29\/qs-branche-bereitet-sich-auf-die-control-2023-vor\/#primaryimage"},"thumbnailUrl":"https:\/\/www.m-q.ch\/wp-content\/uploads\/2022\/09\/QS-Branche-bereitet-sich-auf-die-Control-2023-vor_MQ.jpg","articleSection":["OPERATIONAL EXCELLENCE"],"inLanguage":"en-US"},{"@type":"WebPage","@id":"https:\/\/www.organisator.ch\/operational-excellence\/2022-09-29\/qs-branche-bereitet-sich-auf-die-control-2023-vor\/","url":"https:\/\/www.organisator.ch\/operational-excellence\/2022-09-29\/qs-branche-bereitet-sich-auf-die-control-2023-vor\/","name":"QS industry prepares for Control 2023 - organizer","isPartOf":{"@id":"https:\/\/www.organisator.ch\/#website"},"primaryImageOfPage":{"@id":"https:\/\/www.organisator.ch\/operational-excellence\/2022-09-29\/qs-branche-bereitet-sich-auf-die-control-2023-vor\/#primaryimage"},"image":{"@id":"https:\/\/www.organisator.ch\/operational-excellence\/2022-09-29\/qs-branche-bereitet-sich-auf-die-control-2023-vor\/#primaryimage"},"thumbnailUrl":"https:\/\/www.m-q.ch\/wp-content\/uploads\/2022\/09\/QS-Branche-bereitet-sich-auf-die-Control-2023-vor_MQ.jpg","datePublished":"2022-09-29T11:25:53+00:00","dateModified":"2024-11-21T07:06:46+00:00","description":"Control 2023: Highlight of the QA industry. Presentation of innovations in vision technology, image processing and more. Don't miss it!","breadcrumb":{"@id":"https:\/\/www.organisator.ch\/operational-excellence\/2022-09-29\/qs-branche-bereitet-sich-auf-die-control-2023-vor\/#breadcrumb"},"inLanguage":"en-US","potentialAction":[{"@type":"ReadAction","target":["https:\/\/www.organisator.ch\/operational-excellence\/2022-09-29\/qs-branche-bereitet-sich-auf-die-control-2023-vor\/"]}]},{"@type":"ImageObject","inLanguage":"en-US","@id":"https:\/\/www.organisator.ch\/operational-excellence\/2022-09-29\/qs-branche-bereitet-sich-auf-die-control-2023-vor\/#primaryimage","url":"https:\/\/www.m-q.ch\/wp-content\/uploads\/2022\/09\/QS-Branche-bereitet-sich-auf-die-Control-2023-vor_MQ.jpg","contentUrl":"https:\/\/www.m-q.ch\/wp-content\/uploads\/2022\/09\/QS-Branche-bereitet-sich-auf-die-Control-2023-vor_MQ.jpg"},{"@type":"BreadcrumbList","@id":"https:\/\/www.organisator.ch\/operational-excellence\/2022-09-29\/qs-branche-bereitet-sich-auf-die-control-2023-vor\/#breadcrumb","itemListElement":[{"@type":"ListItem","position":1,"name":"Home","item":"https:\/\/www.organisator.ch\/"},{"@type":"ListItem","position":2,"name":"QS-Branche bereitet sich auf die Control 2023 vor"}]},{"@type":"WebSite","@id":"https:\/\/www.organisator.ch\/#website","url":"https:\/\/www.organisator.ch\/","name":"Organizer","description":"Competent. Practical. In 10 issues per year, ORGANISATOR presents the essential topics for managers of SMEs.","publisher":{"@id":"https:\/\/www.organisator.ch\/#organization"},"potentialAction":[{"@type":"SearchAction","target":{"@type":"EntryPoint","urlTemplate":"https:\/\/www.organisator.ch\/?s={search_term_string}"},"query-input":{"@type":"PropertyValueSpecification","valueRequired":true,"valueName":"search_term_string"}}],"inLanguage":"en-US"},{"@type":"Organization","@id":"https:\/\/www.organisator.ch\/#organization","name":"Organizer","url":"https:\/\/www.organisator.ch\/","logo":{"@type":"ImageObject","inLanguage":"en-US","@id":"https:\/\/www.organisator.ch\/#\/schema\/logo\/image\/","url":"https:\/\/www.organisator.ch\/wp-content\/uploads\/2022\/01\/Logo_Organisator_Website.png","contentUrl":"https:\/\/www.organisator.ch\/wp-content\/uploads\/2022\/01\/Logo_Organisator_Website.png","width":800,"height":77,"caption":"Organisator"},"image":{"@id":"https:\/\/www.organisator.ch\/#\/schema\/logo\/image\/"},"sameAs":["https:\/\/www.facebook.com\/OrganisatorFachmagazin","https:\/\/www.linkedin.com\/showcase\/organisator-das-magazin-fr-kmu","https:\/\/www.xing.com\/news\/pages\/organisator-ch-695","https:\/\/www.youtube.com\/channel\/UCGP2Sq0iWaZwT3BdIAQFYpw"]},{"@type":"Person","@id":"https:\/\/www.organisator.ch\/#\/schema\/person\/4e51799071cd2dd1232ac003643ef5f0","name":"galledia","image":{"@type":"ImageObject","inLanguage":"en-US","@id":"https:\/\/secure.gravatar.com\/avatar\/78a7f90c01fc2bfc875782a0d4922b37cde2cf184ce347b91316d23cd7f69a36?s=96&d=mm&r=g","url":"https:\/\/secure.gravatar.com\/avatar\/78a7f90c01fc2bfc875782a0d4922b37cde2cf184ce347b91316d23cd7f69a36?s=96&d=mm&r=g","contentUrl":"https:\/\/secure.gravatar.com\/avatar\/78a7f90c01fc2bfc875782a0d4922b37cde2cf184ce347b91316d23cd7f69a36?s=96&d=mm&r=g","caption":"galledia"},"sameAs":["https:\/\/x.com\/admin"],"url":"https:\/\/www.organisator.ch\/en\/author\/galledia\/"}]}},"_links":{"self":[{"href":"https:\/\/www.organisator.ch\/en\/wp-json\/wp\/v2\/posts\/17113","targetHints":{"allow":["GET"]}}],"collection":[{"href":"https:\/\/www.organisator.ch\/en\/wp-json\/wp\/v2\/posts"}],"about":[{"href":"https:\/\/www.organisator.ch\/en\/wp-json\/wp\/v2\/types\/post"}],"author":[{"embeddable":true,"href":"https:\/\/www.organisator.ch\/en\/wp-json\/wp\/v2\/users\/8"}],"replies":[{"embeddable":true,"href":"https:\/\/www.organisator.ch\/en\/wp-json\/wp\/v2\/comments?post=17113"}],"version-history":[{"count":3,"href":"https:\/\/www.organisator.ch\/en\/wp-json\/wp\/v2\/posts\/17113\/revisions"}],"predecessor-version":[{"id":33754,"href":"https:\/\/www.organisator.ch\/en\/wp-json\/wp\/v2\/posts\/17113\/revisions\/33754"}],"wp:attachment":[{"href":"https:\/\/www.organisator.ch\/en\/wp-json\/wp\/v2\/media?parent=17113"}],"wp:term":[{"taxonomy":"category","embeddable":true,"href":"https:\/\/www.organisator.ch\/en\/wp-json\/wp\/v2\/categories?post=17113"},{"taxonomy":"post_tag","embeddable":true,"href":"https:\/\/www.organisator.ch\/en\/wp-json\/wp\/v2\/tags?post=17113"}],"curies":[{"name":"wp","href":"https:\/\/api.w.org\/{rel}","templated":true}]}}