{"id":1713,"date":"2018-05-29T17:11:03","date_gmt":"2018-05-29T15:11:03","guid":{"rendered":"https:\/\/www.umweltperspektiven.ch\/?p=1713"},"modified":"2022-02-09T11:10:54","modified_gmt":"2022-02-09T10:10:54","slug":"gefaehrlicher-einheitsmix-bei-blaualgen-in-seen","status":"publish","type":"post","link":"https:\/\/www.organisator.ch\/en\/sustainability\/2018-05-29\/gefaehrlicher-einheitsmix-bei-blaualgen-in-seen\/","title":{"rendered":"Dangerous unit mix for blue-green algae in lakes"},"content":{"rendered":"<figure id=\"attachment_1714\" aria-describedby=\"caption-attachment-1714\" style=\"width: 680px\" class=\"wp-caption alignnone\"><img loading=\"lazy\" decoding=\"async\" class=\"size-medium wp-image-1714\" src=\"\/\/www.umweltperspektiven.ch\/wp-content\/uploads\/2018\/05\/Blaualgen-up_Umwelperspektiven.jpg\" alt=\"\" width=\"680\" height=\"453\" \/><figcaption id=\"caption-attachment-1714\" class=\"wp-caption-text\">A study by EAWAG sees dangerous potential from blue-green algae in Swiss waters. (Image: zVg)<\/figcaption><\/figure>\n<p>Construction algae, or technically correct cyanobacteria, are adaptable organisms. They belong to the lowest level of the food web in the lake. As recently as about 100 years ago, each lake was home to its own characteristic variety of them. A study published today by researchers from Switzerland and France in the journal Nature - Ecology and Evolution now shows that these differences are becoming smaller and smaller from lake to lake - from Lake Constance to Lake Geneva, from Lake Hallwil to Lake Maggiore.<\/p>\n<p><strong>Sediment cores from 10 lakes<\/strong><br \/>\nThe scientists took sediment cores from 10 lakes, analyzed the genetic material (DNA) of the blue-green algae in the datable sediments of the last 100 years and statistically evaluated the data. In this way, they were able to track how the number of genetically differentiable \"species\" has increased in some lakes, but how the composition is becoming increasingly uniform across all lakes. The proportion of rare species and species groups found only in a few lakes has been declining since 1950, while the proportion of common species has quadrupled.<\/p>\n<p><strong>Climate change and overfertilization as main reasons<\/strong><\/p>\n<p>The study reveals two main reasons for this trend: rising temperatures and the overfertilization of many lakes in the 1960s and 1970s. The higher temperatures lead to longer-lasting phases in which the lakes are not mixed because warm, lighter surface water does not sink to the depths. In Lake Zurich, for example, the Burgundy blood alga Planktothrix rubescens has benefited from this. It is not popular with water suppliers because it can form red algal carpets - hence the name - and is potentially toxic. \"In general, the species that seem to be among the beneficiaries are those that actively influence their vertical position in the lake and can live with less light,\" says Marie-Eve Monchamp, lead author of the study, \"and it's among these species that many are toxic.\" In addition to Burgundy blood algae, they include Microcystis species and the invasive species Dolichospermum lemmermannii. The latter was previously known mainly from lakes north of the Alps, but is now spreading to the south.<\/p>\n<p><strong>Hardly any turnaround despite environmental changes<\/strong><br \/>\nIt is interesting to note that the trend toward uniformity continues despite the decline in high phosphorus levels from the mid-1970s onward. The authors attribute this, among other things, to the fact that environmental conditions generally vary less and less from lake to lake. Temperature differences between lakes south and north of the Alps have also become smaller 1\/2 Eawag: The Water Research Institute of the ETH Domain. Finally, concentrations of nitrogen, the second important nutrient, have remained virtually unchanged since the 1970s.<\/p>\n<p><em>This study was conducted as part of the project \"The impact of cyanobacterial blooms triggered by nutrient pollution on aquatic environments in the context of climate change\", which was supported by the Swiss National Science Foundation SNF (No. 142165) .<\/em><\/p>\n<p><a href=\"\/\/www.eawag.ch\">www.eawag.ch<\/a><\/p>","protected":false},"excerpt":{"rendered":"<p>Baualgen, oder fachlich korrekt Cyanobakterien, sind anpassungsf\u00e4hige Organismen. Sie geh\u00f6ren im See zur untersten Stufe des Nahrungsnetzes. Noch vor rund 100 Jahren lebte in jedem See eine eigene, charakteristische Vielfalt von ihnen. Eine heute von Forscherinnen und Forschern aus der Schweiz und Frankreich in der Zeitschrift Nature &#8211; Ecology and Evolution ver\u00f6ffentlichte Studie zeigt nun, [&hellip;]<\/p>\n","protected":false},"author":5,"featured_media":9554,"comment_status":"open","ping_status":"open","sticky":false,"template":"","format":"standard","meta":{"_acf_changed":false,"_yoast_wpseo_focuskw":"Blaualgen","_yoast_wpseo_metadesc":"Die Zusammensetzung der Blaualgen in den Seen am Alpenrand wird seit fast 100 Jahren immer gleichf\u00f6rmiger. Profiteure der Klimaerw\u00e4rmung und des zeitweiligen N\u00e4hrstoff\u00fcberangebots sind dabei vor allem Arten, die sich sehr schnell an Ver\u00e4nderungen anpassen k\u00f6nnen und potentiell giftig sind.","articlekey":"","footnotes":""},"categories":[580],"tags":[767,853,600],"class_list":["post-1713","post","type-post","status-publish","format-standard","has-post-thumbnail","hentry","category-sustainability","tag-bakterien","tag-blaualgen","tag-wasser"],"acf":[],"yoast_head":"<!-- This site is optimized with the Yoast SEO plugin v27.5 - https:\/\/yoast.com\/product\/yoast-seo-wordpress\/ -->\n<title>Gef\u00e4hrlicher Einheitsmix bei Blaualgen in Seen - Organisator<\/title>\n<meta name=\"description\" content=\"Die Zusammensetzung der Blaualgen in den Seen am Alpenrand wird seit fast 100 Jahren immer gleichf\u00f6rmiger. Profiteure der Klimaerw\u00e4rmung und des zeitweiligen N\u00e4hrstoff\u00fcberangebots sind dabei vor allem Arten, die sich sehr schnell an Ver\u00e4nderungen anpassen k\u00f6nnen und potentiell giftig sind.\" \/>\n<meta name=\"robots\" content=\"index, follow, max-snippet:-1, max-image-preview:large, max-video-preview:-1\" \/>\n<link rel=\"canonical\" href=\"https:\/\/www.organisator.ch\/en\/sustainability\/2018-05-29\/gefaehrlicher-einheitsmix-bei-blaualgen-in-seen\/\" \/>\n<meta property=\"og:locale\" content=\"en_US\" \/>\n<meta property=\"og:type\" content=\"article\" \/>\n<meta property=\"og:title\" content=\"Gef\u00e4hrlicher Einheitsmix bei Blaualgen in Seen - Organisator\" \/>\n<meta property=\"og:description\" content=\"Die Zusammensetzung der Blaualgen in den Seen am Alpenrand wird seit fast 100 Jahren immer gleichf\u00f6rmiger. Profiteure der Klimaerw\u00e4rmung und des zeitweiligen N\u00e4hrstoff\u00fcberangebots sind dabei vor allem Arten, die sich sehr schnell an Ver\u00e4nderungen anpassen k\u00f6nnen und potentiell giftig sind.\" \/>\n<meta property=\"og:url\" content=\"https:\/\/www.organisator.ch\/en\/sustainability\/2018-05-29\/gefaehrlicher-einheitsmix-bei-blaualgen-in-seen\/\" \/>\n<meta property=\"og:site_name\" content=\"Organisator\" \/>\n<meta property=\"article:publisher\" content=\"https:\/\/www.facebook.com\/OrganisatorFachmagazin\" \/>\n<meta property=\"article:published_time\" content=\"2018-05-29T15:11:03+00:00\" \/>\n<meta property=\"article:modified_time\" content=\"2022-02-09T10:10:54+00:00\" \/>\n<meta property=\"og:image\" content=\"https:\/\/www.organisator.ch\/wp-content\/uploads\/2018\/05\/Blaualgen-up_Umwelperspektiven.jpg\" \/>\n\t<meta property=\"og:image:width\" content=\"1800\" \/>\n\t<meta property=\"og:image:height\" content=\"1200\" \/>\n\t<meta property=\"og:image:type\" content=\"image\/jpeg\" \/>\n<meta name=\"author\" content=\"michael.merz\" \/>\n<meta name=\"twitter:card\" content=\"summary_large_image\" \/>\n<script type=\"application\/ld+json\" class=\"yoast-schema-graph\">{\"@context\":\"https:\\\/\\\/schema.org\",\"@graph\":[{\"@type\":\"Article\",\"@id\":\"https:\\\/\\\/www.organisator.ch\\\/sustainability\\\/2018-05-29\\\/gefaehrlicher-einheitsmix-bei-blaualgen-in-seen\\\/#article\",\"isPartOf\":{\"@id\":\"https:\\\/\\\/www.organisator.ch\\\/sustainability\\\/2018-05-29\\\/gefaehrlicher-einheitsmix-bei-blaualgen-in-seen\\\/\"},\"author\":{\"name\":\"michael.merz\",\"@id\":\"https:\\\/\\\/www.organisator.ch\\\/#\\\/schema\\\/person\\\/134708ca9321c57b0362cceb7948ffbd\"},\"headline\":\"Gef\u00e4hrlicher Einheitsmix bei Blaualgen in Seen\",\"datePublished\":\"2018-05-29T15:11:03+00:00\",\"dateModified\":\"2022-02-09T10:10:54+00:00\",\"mainEntityOfPage\":{\"@id\":\"https:\\\/\\\/www.organisator.ch\\\/sustainability\\\/2018-05-29\\\/gefaehrlicher-einheitsmix-bei-blaualgen-in-seen\\\/\"},\"wordCount\":482,\"commentCount\":0,\"publisher\":{\"@id\":\"https:\\\/\\\/www.organisator.ch\\\/#organization\"},\"image\":{\"@id\":\"https:\\\/\\\/www.organisator.ch\\\/sustainability\\\/2018-05-29\\\/gefaehrlicher-einheitsmix-bei-blaualgen-in-seen\\\/#primaryimage\"},\"thumbnailUrl\":\"https:\\\/\\\/www.organisator.ch\\\/wp-content\\\/uploads\\\/2018\\\/05\\\/Blaualgen-up_Umwelperspektiven.jpg\",\"keywords\":[\"Bakterien\",\"Blaualgen\",\"WASSER\"],\"articleSection\":[\"SUSTAINABILITY\"],\"inLanguage\":\"en-US\"},{\"@type\":\"WebPage\",\"@id\":\"https:\\\/\\\/www.organisator.ch\\\/sustainability\\\/2018-05-29\\\/gefaehrlicher-einheitsmix-bei-blaualgen-in-seen\\\/\",\"url\":\"https:\\\/\\\/www.organisator.ch\\\/sustainability\\\/2018-05-29\\\/gefaehrlicher-einheitsmix-bei-blaualgen-in-seen\\\/\",\"name\":\"Gef\u00e4hrlicher Einheitsmix bei Blaualgen in Seen - Organisator\",\"isPartOf\":{\"@id\":\"https:\\\/\\\/www.organisator.ch\\\/#website\"},\"primaryImageOfPage\":{\"@id\":\"https:\\\/\\\/www.organisator.ch\\\/sustainability\\\/2018-05-29\\\/gefaehrlicher-einheitsmix-bei-blaualgen-in-seen\\\/#primaryimage\"},\"image\":{\"@id\":\"https:\\\/\\\/www.organisator.ch\\\/sustainability\\\/2018-05-29\\\/gefaehrlicher-einheitsmix-bei-blaualgen-in-seen\\\/#primaryimage\"},\"thumbnailUrl\":\"https:\\\/\\\/www.organisator.ch\\\/wp-content\\\/uploads\\\/2018\\\/05\\\/Blaualgen-up_Umwelperspektiven.jpg\",\"datePublished\":\"2018-05-29T15:11:03+00:00\",\"dateModified\":\"2022-02-09T10:10:54+00:00\",\"description\":\"Die Zusammensetzung der Blaualgen in den Seen am Alpenrand wird seit fast 100 Jahren immer gleichf\u00f6rmiger. Profiteure der Klimaerw\u00e4rmung und des zeitweiligen N\u00e4hrstoff\u00fcberangebots sind dabei vor allem Arten, die sich sehr schnell an Ver\u00e4nderungen anpassen k\u00f6nnen und potentiell giftig sind.\",\"breadcrumb\":{\"@id\":\"https:\\\/\\\/www.organisator.ch\\\/sustainability\\\/2018-05-29\\\/gefaehrlicher-einheitsmix-bei-blaualgen-in-seen\\\/#breadcrumb\"},\"inLanguage\":\"en-US\",\"potentialAction\":[{\"@type\":\"ReadAction\",\"target\":[\"https:\\\/\\\/www.organisator.ch\\\/sustainability\\\/2018-05-29\\\/gefaehrlicher-einheitsmix-bei-blaualgen-in-seen\\\/\"]}]},{\"@type\":\"ImageObject\",\"inLanguage\":\"en-US\",\"@id\":\"https:\\\/\\\/www.organisator.ch\\\/sustainability\\\/2018-05-29\\\/gefaehrlicher-einheitsmix-bei-blaualgen-in-seen\\\/#primaryimage\",\"url\":\"https:\\\/\\\/www.organisator.ch\\\/wp-content\\\/uploads\\\/2018\\\/05\\\/Blaualgen-up_Umwelperspektiven.jpg\",\"contentUrl\":\"https:\\\/\\\/www.organisator.ch\\\/wp-content\\\/uploads\\\/2018\\\/05\\\/Blaualgen-up_Umwelperspektiven.jpg\",\"width\":1800,\"height\":1200,\"caption\":\"Eine Untersuchung der EAWAG sieht gef\u00e4hrliches Potential bei Blaualgen in Schweizer Gew\u00e4ssern. (Bild: zVg)\"},{\"@type\":\"BreadcrumbList\",\"@id\":\"https:\\\/\\\/www.organisator.ch\\\/sustainability\\\/2018-05-29\\\/gefaehrlicher-einheitsmix-bei-blaualgen-in-seen\\\/#breadcrumb\",\"itemListElement\":[{\"@type\":\"ListItem\",\"position\":1,\"name\":\"Home\",\"item\":\"https:\\\/\\\/www.organisator.ch\\\/\"},{\"@type\":\"ListItem\",\"position\":2,\"name\":\"Gef\u00e4hrlicher Einheitsmix bei Blaualgen in Seen\"}]},{\"@type\":\"WebSite\",\"@id\":\"https:\\\/\\\/www.organisator.ch\\\/#website\",\"url\":\"https:\\\/\\\/www.organisator.ch\\\/\",\"name\":\"Organisator\",\"description\":\"Kompetent. Praxisnah. Der ORGANISATOR bereitet in 10 Ausgaben pro Jahr die wesentlichen Themen f\u00fcr F\u00fchrungskr\u00e4fte von KMU auf.\",\"publisher\":{\"@id\":\"https:\\\/\\\/www.organisator.ch\\\/#organization\"},\"potentialAction\":[{\"@type\":\"SearchAction\",\"target\":{\"@type\":\"EntryPoint\",\"urlTemplate\":\"https:\\\/\\\/www.organisator.ch\\\/?s={search_term_string}\"},\"query-input\":{\"@type\":\"PropertyValueSpecification\",\"valueRequired\":true,\"valueName\":\"search_term_string\"}}],\"inLanguage\":\"en-US\"},{\"@type\":\"Organization\",\"@id\":\"https:\\\/\\\/www.organisator.ch\\\/#organization\",\"name\":\"Organisator\",\"url\":\"https:\\\/\\\/www.organisator.ch\\\/\",\"logo\":{\"@type\":\"ImageObject\",\"inLanguage\":\"en-US\",\"@id\":\"https:\\\/\\\/www.organisator.ch\\\/#\\\/schema\\\/logo\\\/image\\\/\",\"url\":\"https:\\\/\\\/www.organisator.ch\\\/wp-content\\\/uploads\\\/2022\\\/01\\\/Logo_Organisator_Website.png\",\"contentUrl\":\"https:\\\/\\\/www.organisator.ch\\\/wp-content\\\/uploads\\\/2022\\\/01\\\/Logo_Organisator_Website.png\",\"width\":800,\"height\":77,\"caption\":\"Organisator\"},\"image\":{\"@id\":\"https:\\\/\\\/www.organisator.ch\\\/#\\\/schema\\\/logo\\\/image\\\/\"},\"sameAs\":[\"https:\\\/\\\/www.facebook.com\\\/OrganisatorFachmagazin\",\"https:\\\/\\\/www.linkedin.com\\\/showcase\\\/organisator-das-magazin-fr-kmu\",\"https:\\\/\\\/www.xing.com\\\/news\\\/pages\\\/organisator-ch-695\",\"https:\\\/\\\/www.youtube.com\\\/channel\\\/UCGP2Sq0iWaZwT3BdIAQFYpw\"]},{\"@type\":\"Person\",\"@id\":\"https:\\\/\\\/www.organisator.ch\\\/#\\\/schema\\\/person\\\/134708ca9321c57b0362cceb7948ffbd\",\"name\":\"michael.merz\",\"image\":{\"@type\":\"ImageObject\",\"inLanguage\":\"en-US\",\"@id\":\"https:\\\/\\\/secure.gravatar.com\\\/avatar\\\/?s=96&d=mm&r=g\",\"url\":\"https:\\\/\\\/secure.gravatar.com\\\/avatar\\\/?s=96&d=mm&r=g\",\"contentUrl\":\"https:\\\/\\\/secure.gravatar.com\\\/avatar\\\/?s=96&d=mm&r=g\",\"caption\":\"michael.merz\"},\"url\":\"https:\\\/\\\/www.organisator.ch\\\/en\\\/author\\\/michael-merz\\\/\"}]}<\/script>\n<!-- \/ Yoast SEO plugin. -->","yoast_head_json":{"title":"Dangerous unit mix in blue-green algae in lakes - organizer","description":"The composition of blue-green algae in the lakes at the edge of the Alps has been becoming more and more uniform for almost 100 years. The main beneficiaries of climate warming and temporary nutrient oversupply are species that can adapt very quickly to changes and are potentially toxic.","robots":{"index":"index","follow":"follow","max-snippet":"max-snippet:-1","max-image-preview":"max-image-preview:large","max-video-preview":"max-video-preview:-1"},"canonical":"https:\/\/www.organisator.ch\/en\/sustainability\/2018-05-29\/gefaehrlicher-einheitsmix-bei-blaualgen-in-seen\/","og_locale":"en_US","og_type":"article","og_title":"Gef\u00e4hrlicher Einheitsmix bei Blaualgen in Seen - Organisator","og_description":"Die Zusammensetzung der Blaualgen in den Seen am Alpenrand wird seit fast 100 Jahren immer gleichf\u00f6rmiger. Profiteure der Klimaerw\u00e4rmung und des zeitweiligen N\u00e4hrstoff\u00fcberangebots sind dabei vor allem Arten, die sich sehr schnell an Ver\u00e4nderungen anpassen k\u00f6nnen und potentiell giftig sind.","og_url":"https:\/\/www.organisator.ch\/en\/sustainability\/2018-05-29\/gefaehrlicher-einheitsmix-bei-blaualgen-in-seen\/","og_site_name":"Organisator","article_publisher":"https:\/\/www.facebook.com\/OrganisatorFachmagazin","article_published_time":"2018-05-29T15:11:03+00:00","article_modified_time":"2022-02-09T10:10:54+00:00","og_image":[{"width":1800,"height":1200,"url":"https:\/\/www.organisator.ch\/wp-content\/uploads\/2018\/05\/Blaualgen-up_Umwelperspektiven.jpg","type":"image\/jpeg"}],"author":"michael.merz","twitter_card":"summary_large_image","schema":{"@context":"https:\/\/schema.org","@graph":[{"@type":"Article","@id":"https:\/\/www.organisator.ch\/sustainability\/2018-05-29\/gefaehrlicher-einheitsmix-bei-blaualgen-in-seen\/#article","isPartOf":{"@id":"https:\/\/www.organisator.ch\/sustainability\/2018-05-29\/gefaehrlicher-einheitsmix-bei-blaualgen-in-seen\/"},"author":{"name":"michael.merz","@id":"https:\/\/www.organisator.ch\/#\/schema\/person\/134708ca9321c57b0362cceb7948ffbd"},"headline":"Gef\u00e4hrlicher Einheitsmix bei Blaualgen in Seen","datePublished":"2018-05-29T15:11:03+00:00","dateModified":"2022-02-09T10:10:54+00:00","mainEntityOfPage":{"@id":"https:\/\/www.organisator.ch\/sustainability\/2018-05-29\/gefaehrlicher-einheitsmix-bei-blaualgen-in-seen\/"},"wordCount":482,"commentCount":0,"publisher":{"@id":"https:\/\/www.organisator.ch\/#organization"},"image":{"@id":"https:\/\/www.organisator.ch\/sustainability\/2018-05-29\/gefaehrlicher-einheitsmix-bei-blaualgen-in-seen\/#primaryimage"},"thumbnailUrl":"https:\/\/www.organisator.ch\/wp-content\/uploads\/2018\/05\/Blaualgen-up_Umwelperspektiven.jpg","keywords":["Bakterien","Blaualgen","WASSER"],"articleSection":["SUSTAINABILITY"],"inLanguage":"en-US"},{"@type":"WebPage","@id":"https:\/\/www.organisator.ch\/sustainability\/2018-05-29\/gefaehrlicher-einheitsmix-bei-blaualgen-in-seen\/","url":"https:\/\/www.organisator.ch\/sustainability\/2018-05-29\/gefaehrlicher-einheitsmix-bei-blaualgen-in-seen\/","name":"Dangerous unit mix in blue-green algae in lakes - organizer","isPartOf":{"@id":"https:\/\/www.organisator.ch\/#website"},"primaryImageOfPage":{"@id":"https:\/\/www.organisator.ch\/sustainability\/2018-05-29\/gefaehrlicher-einheitsmix-bei-blaualgen-in-seen\/#primaryimage"},"image":{"@id":"https:\/\/www.organisator.ch\/sustainability\/2018-05-29\/gefaehrlicher-einheitsmix-bei-blaualgen-in-seen\/#primaryimage"},"thumbnailUrl":"https:\/\/www.organisator.ch\/wp-content\/uploads\/2018\/05\/Blaualgen-up_Umwelperspektiven.jpg","datePublished":"2018-05-29T15:11:03+00:00","dateModified":"2022-02-09T10:10:54+00:00","description":"The composition of blue-green algae in the lakes at the edge of the Alps has been becoming more and more uniform for almost 100 years. The main beneficiaries of climate warming and temporary nutrient oversupply are species that can adapt very quickly to changes and are potentially toxic.","breadcrumb":{"@id":"https:\/\/www.organisator.ch\/sustainability\/2018-05-29\/gefaehrlicher-einheitsmix-bei-blaualgen-in-seen\/#breadcrumb"},"inLanguage":"en-US","potentialAction":[{"@type":"ReadAction","target":["https:\/\/www.organisator.ch\/sustainability\/2018-05-29\/gefaehrlicher-einheitsmix-bei-blaualgen-in-seen\/"]}]},{"@type":"ImageObject","inLanguage":"en-US","@id":"https:\/\/www.organisator.ch\/sustainability\/2018-05-29\/gefaehrlicher-einheitsmix-bei-blaualgen-in-seen\/#primaryimage","url":"https:\/\/www.organisator.ch\/wp-content\/uploads\/2018\/05\/Blaualgen-up_Umwelperspektiven.jpg","contentUrl":"https:\/\/www.organisator.ch\/wp-content\/uploads\/2018\/05\/Blaualgen-up_Umwelperspektiven.jpg","width":1800,"height":1200,"caption":"Eine Untersuchung der EAWAG sieht gef\u00e4hrliches Potential bei Blaualgen in Schweizer Gew\u00e4ssern. (Bild: zVg)"},{"@type":"BreadcrumbList","@id":"https:\/\/www.organisator.ch\/sustainability\/2018-05-29\/gefaehrlicher-einheitsmix-bei-blaualgen-in-seen\/#breadcrumb","itemListElement":[{"@type":"ListItem","position":1,"name":"Home","item":"https:\/\/www.organisator.ch\/"},{"@type":"ListItem","position":2,"name":"Gef\u00e4hrlicher Einheitsmix bei Blaualgen in Seen"}]},{"@type":"WebSite","@id":"https:\/\/www.organisator.ch\/#website","url":"https:\/\/www.organisator.ch\/","name":"Organizer","description":"Competent. Practical. In 10 issues per year, ORGANISATOR presents the essential topics for managers of SMEs.","publisher":{"@id":"https:\/\/www.organisator.ch\/#organization"},"potentialAction":[{"@type":"SearchAction","target":{"@type":"EntryPoint","urlTemplate":"https:\/\/www.organisator.ch\/?s={search_term_string}"},"query-input":{"@type":"PropertyValueSpecification","valueRequired":true,"valueName":"search_term_string"}}],"inLanguage":"en-US"},{"@type":"Organization","@id":"https:\/\/www.organisator.ch\/#organization","name":"Organizer","url":"https:\/\/www.organisator.ch\/","logo":{"@type":"ImageObject","inLanguage":"en-US","@id":"https:\/\/www.organisator.ch\/#\/schema\/logo\/image\/","url":"https:\/\/www.organisator.ch\/wp-content\/uploads\/2022\/01\/Logo_Organisator_Website.png","contentUrl":"https:\/\/www.organisator.ch\/wp-content\/uploads\/2022\/01\/Logo_Organisator_Website.png","width":800,"height":77,"caption":"Organisator"},"image":{"@id":"https:\/\/www.organisator.ch\/#\/schema\/logo\/image\/"},"sameAs":["https:\/\/www.facebook.com\/OrganisatorFachmagazin","https:\/\/www.linkedin.com\/showcase\/organisator-das-magazin-fr-kmu","https:\/\/www.xing.com\/news\/pages\/organisator-ch-695","https:\/\/www.youtube.com\/channel\/UCGP2Sq0iWaZwT3BdIAQFYpw"]},{"@type":"Person","@id":"https:\/\/www.organisator.ch\/#\/schema\/person\/134708ca9321c57b0362cceb7948ffbd","name":"michael.merz","image":{"@type":"ImageObject","inLanguage":"en-US","@id":"https:\/\/secure.gravatar.com\/avatar\/?s=96&d=mm&r=g","url":"https:\/\/secure.gravatar.com\/avatar\/?s=96&d=mm&r=g","contentUrl":"https:\/\/secure.gravatar.com\/avatar\/?s=96&d=mm&r=g","caption":"michael.merz"},"url":"https:\/\/www.organisator.ch\/en\/author\/michael-merz\/"}]}},"_links":{"self":[{"href":"https:\/\/www.organisator.ch\/en\/wp-json\/wp\/v2\/posts\/1713","targetHints":{"allow":["GET"]}}],"collection":[{"href":"https:\/\/www.organisator.ch\/en\/wp-json\/wp\/v2\/posts"}],"about":[{"href":"https:\/\/www.organisator.ch\/en\/wp-json\/wp\/v2\/types\/post"}],"author":[{"embeddable":true,"href":"https:\/\/www.organisator.ch\/en\/wp-json\/wp\/v2\/users\/5"}],"replies":[{"embeddable":true,"href":"https:\/\/www.organisator.ch\/en\/wp-json\/wp\/v2\/comments?post=1713"}],"version-history":[{"count":1,"href":"https:\/\/www.organisator.ch\/en\/wp-json\/wp\/v2\/posts\/1713\/revisions"}],"predecessor-version":[{"id":11031,"href":"https:\/\/www.organisator.ch\/en\/wp-json\/wp\/v2\/posts\/1713\/revisions\/11031"}],"wp:featuredmedia":[{"embeddable":true,"href":"https:\/\/www.organisator.ch\/en\/wp-json\/wp\/v2\/media\/9554"}],"wp:attachment":[{"href":"https:\/\/www.organisator.ch\/en\/wp-json\/wp\/v2\/media?parent=1713"}],"wp:term":[{"taxonomy":"category","embeddable":true,"href":"https:\/\/www.organisator.ch\/en\/wp-json\/wp\/v2\/categories?post=1713"},{"taxonomy":"post_tag","embeddable":true,"href":"https:\/\/www.organisator.ch\/en\/wp-json\/wp\/v2\/tags?post=1713"}],"curies":[{"name":"wp","href":"https:\/\/api.w.org\/{rel}","templated":true}]}}