{"id":17134,"date":"2022-10-03T08:01:15","date_gmt":"2022-10-03T06:01:15","guid":{"rendered":"https:\/\/www.organisator.ch\/?p=17134"},"modified":"2022-10-03T08:01:15","modified_gmt":"2022-10-03T06:01:15","slug":"schweizweit-erster-master-in-logistik-und-supply-chain-management-lanciert","status":"publish","type":"post","link":"https:\/\/www.organisator.ch\/en\/weiterbildung\/2022-10-03\/schweizweit-erster-master-in-logistik-und-supply-chain-management-lanciert\/","title":{"rendered":"Switzerland's first Master's in Logistics and Supply Chain Management launched"},"content":{"rendered":"<figure id=\"attachment_17135\" aria-describedby=\"caption-attachment-17135\" style=\"width: 680px\" class=\"wp-caption alignnone\"><img loading=\"lazy\" decoding=\"async\" class=\"size-full wp-image-17135\" src=\"https:\/\/www.organisator.ch\/wp-content\/uploads\/2022\/10\/Schweizweit-erster-Master-in-Logistik-und-Supply-Chain-Management-lanciert_Organisator.jpg\" alt=\"\" width=\"680\" height=\"453\" srcset=\"https:\/\/www.organisator.ch\/wp-content\/uploads\/2022\/10\/Schweizweit-erster-Master-in-Logistik-und-Supply-Chain-Management-lanciert_Organisator.jpg 680w, https:\/\/www.organisator.ch\/wp-content\/uploads\/2022\/10\/Schweizweit-erster-Master-in-Logistik-und-Supply-Chain-Management-lanciert_Organisator-18x12.jpg 18w, https:\/\/www.organisator.ch\/wp-content\/uploads\/2022\/10\/Schweizweit-erster-Master-in-Logistik-und-Supply-Chain-Management-lanciert_Organisator-263x175.jpg 263w, https:\/\/www.organisator.ch\/wp-content\/uploads\/2022\/10\/Schweizweit-erster-Master-in-Logistik-und-Supply-Chain-Management-lanciert_Organisator-525x350.jpg 525w, https:\/\/www.organisator.ch\/wp-content\/uploads\/2022\/10\/Schweizweit-erster-Master-in-Logistik-und-Supply-Chain-Management-lanciert_Organisator-300x200.jpg 300w\" sizes=\"auto, (max-width: 680px) 100vw, 680px\" \/><figcaption id=\"caption-attachment-17135\" class=\"wp-caption-text\">The Lucerne University of Applied Sciences and Arts is launching Switzerland's first Master's in Logistics and Supply Chain Management. (Image: Lucerne University of Applied Sciences and Arts)<\/figcaption><\/figure>\n<p>The newly ordered bicycle will not be delivered for another year? The blinds can't be repaired because spare parts are missing? The shelves are empty in the neighborhood store? The logistics of goods and resources are based on supply chains that have become increasingly complex and thus more vulnerable in recent decades. For companies today, it is central to be able to rely on functioning supply chains. \"It is therefore not surprising that most companies invest a lot in intact logistics and efficient supply chain management,\" says Ilja B\u00e4umler, head of the new Master in Logistics &amp; Supply Chain Management program, which will be offered at the Lucerne University of Applied Sciences and Arts starting in the fall semester of 2023. The new master's program explicitly addresses the current and future challenges of global flows of goods, information, and finance.<\/p>\n<h3>Logistics as a success factor<\/h3>\n<p>Challenges with logistics and supply chains affect various business areas. They arise both in companies in the logistics industry itself and in companies in other industries. \"There is now hardly a branch of industry that does not have to deal with the implications of global flows of goods and information,\" says B\u00e4umler. For the head of the program, it is therefore clear: \"Companies can set themselves apart from their competitors through functioning supply chain management and good logistics. They no longer compete only on the quality of their products and services, but also in particular on their supply chains.\"<\/p>\n<h3>Master in Logistics and Supply Chain Management against the shortage of skilled workers<\/h3>\n<p>To enable companies to position themselves accordingly, specialists are in demand. However, logistics professionals are in short supply, Ilja B\u00e4umler knows from discussions with practice partners. \"The studies in the new logistics master's program enable students to take on demanding specialist and management functions in industries where it is particularly difficult to find qualified specialists today,\" says the program director. The master's program has a broad thematic focus. In addition to classic logistics and supply chain management topics, students also delve deeper into the areas of information technology and digitalization, applied psychology, data science, and digital leadership. B\u00e4umler is certain: \"This results in a particularly high level of qualification for graduates in various professional fields.\" In concrete terms, students in the Master's in Logistics &amp; Supply Chain Management could later, for example, fill a position in a logistics department in a large corporation, work in an SME as a contract logistics manager, or work independently as a management consultant.<\/p>\n<h3>Flexible studies with practical relevance<\/h3>\n<p>In order to prepare students as well as possible for real challenges from the business world, the master's program has a practice-oriented structure. In various project work, students deepen their knowledge on the basis of real problems from a wide range of application areas and in cooperation with practical partners. For example, the program is conducted in cooperation with Logistikum Switzerland and Logistikum Upper Austria. Every semester, students attend a block week at the Innovation Lab in Altdorf UR, where they can work with so-called \"emerging technologies\" (e.g. collaborative robotics, Internet of Things, augmented reality, etc.). \"Our lecturers have both sound scientific knowledge and up-to-date practical experience,\" says B\u00e4umler.<\/p>\n<p>The master's program is deliberately designed as a part-time course. Ilja B\u00e4umler: \"We want to make it possible for students to continue working in a professional environment alongside their studies and to be able to bring their practical experience into the classroom.\" The program will start in the fall semester of 2023 and will run for four semesters part-time, with parallel employment possible.<\/p>\n<p><em>Source: <a href=\"http:\/\/www.hslu.ch\">www.hslu.ch<\/a><\/em><\/p>","protected":false},"excerpt":{"rendered":"<p>Das neu bestellte Fahrrad wird erst in einem Jahr geliefert? Die Jalousien k\u00f6nnen nicht repariert werden, weil Ersatzteile fehlen? Im Quartierladen sind die Regale leer? Die Logistik von Waren und Ressourcen beruht auf Lieferketten, die in den letzten Jahrzehnten immer komplexer und dadurch verletzlicher geworden sind. F\u00fcr Unternehmen ist es heute zentral, auf funktionierende Lieferketten [&hellip;]<\/p>\n","protected":false},"author":4,"featured_media":0,"comment_status":"closed","ping_status":"closed","sticky":false,"template":"","format":"standard","meta":{"_acf_changed":false,"_yoast_wpseo_focuskw":"Master in Logistik","_yoast_wpseo_metadesc":"Der neue Master in Logistik & Supply Chain Management der Hochschule Luzern bildet ab Herbst 2023 sehnlichst erwartete Fachkr\u00e4fte aus.","articlekey":"","footnotes":""},"categories":[30],"tags":[62,192,194,328],"class_list":["post-17134","post","type-post","status-publish","format-standard","hentry","category-weiterbildung","tag-aus-weiterbildung","tag-fachhochschulen","tag-fachkraeftemangel","tag-logistik"],"acf":[],"yoast_head":"<!-- This site is optimized with the Yoast SEO plugin v27.4 - https:\/\/yoast.com\/product\/yoast-seo-wordpress\/ -->\n<title>Schweizweit erster Master in Logistik und Supply Chain Management lanciert - Organisator<\/title>\n<meta name=\"description\" content=\"Der neue Master in Logistik &amp; Supply Chain Management der Hochschule Luzern bildet ab Herbst 2023 sehnlichst erwartete Fachkr\u00e4fte aus.\" \/>\n<meta name=\"robots\" content=\"index, follow, max-snippet:-1, max-image-preview:large, max-video-preview:-1\" \/>\n<link rel=\"canonical\" href=\"https:\/\/www.organisator.ch\/en\/further-education\/2022-10-03\/schweizweit-erster-master-in-logistik-und-supply-chain-management-lanciert\/\" \/>\n<meta property=\"og:locale\" content=\"en_US\" \/>\n<meta property=\"og:type\" content=\"article\" \/>\n<meta property=\"og:title\" content=\"Schweizweit erster Master in Logistik und Supply Chain Management lanciert\" \/>\n<meta property=\"og:description\" content=\"Der neue Master in Logistik &amp; Supply Chain Management der Hochschule Luzern bildet ab Herbst 2023 sehnlichst erwartete Fachkr\u00e4fte aus.\" \/>\n<meta property=\"og:url\" content=\"https:\/\/www.organisator.ch\/en\/further-education\/2022-10-03\/schweizweit-erster-master-in-logistik-und-supply-chain-management-lanciert\/\" \/>\n<meta property=\"og:site_name\" content=\"Organisator\" \/>\n<meta property=\"article:publisher\" content=\"https:\/\/www.facebook.com\/OrganisatorFachmagazin\" \/>\n<meta property=\"article:published_time\" content=\"2022-10-03T06:01:15+00:00\" \/>\n<meta property=\"og:image\" content=\"https:\/\/www.organisator.ch\/wp-content\/uploads\/2022\/10\/Schweizweit-erster-Master-in-Logistik-und-Supply-Chain-Management-lanciert_Organisator.jpg\" \/>\n\t<meta property=\"og:image:width\" content=\"680\" \/>\n\t<meta property=\"og:image:height\" content=\"453\" \/>\n\t<meta property=\"og:image:type\" content=\"image\/jpeg\" \/>\n<meta name=\"author\" content=\"thomas.berner\" \/>\n<meta name=\"twitter:card\" content=\"summary_large_image\" \/>\n<meta name=\"twitter:title\" content=\"Schweizweit erster #Master in #Logistik und Supply Chain Management lanciert\" \/>\n<meta name=\"twitter:description\" content=\"Der neue #Master in #Logistik &amp; Supply Chain Management der #Hochschule #Luzern bildet ab Herbst 2023 sehnlichst erwartete #Fachkr\u00e4fte aus.\" \/>\n<meta name=\"twitter:image\" content=\"https:\/\/www.organisator.ch\/wp-content\/uploads\/2022\/10\/Schweizweit-erster-Master-in-Logistik-und-Supply-Chain-Management-lanciert_Organisator.jpg\" \/>\n<script type=\"application\/ld+json\" class=\"yoast-schema-graph\">{\"@context\":\"https:\\\/\\\/schema.org\",\"@graph\":[{\"@type\":\"Article\",\"@id\":\"https:\\\/\\\/www.organisator.ch\\\/weiterbildung\\\/2022-10-03\\\/schweizweit-erster-master-in-logistik-und-supply-chain-management-lanciert\\\/#article\",\"isPartOf\":{\"@id\":\"https:\\\/\\\/www.organisator.ch\\\/weiterbildung\\\/2022-10-03\\\/schweizweit-erster-master-in-logistik-und-supply-chain-management-lanciert\\\/\"},\"author\":{\"name\":\"thomas.berner\",\"@id\":\"https:\\\/\\\/www.organisator.ch\\\/#\\\/schema\\\/person\\\/6f650f90b2842cd4c0cc334b4e36f67e\"},\"headline\":\"Schweizweit erster Master in Logistik und Supply Chain Management lanciert\",\"datePublished\":\"2022-10-03T06:01:15+00:00\",\"mainEntityOfPage\":{\"@id\":\"https:\\\/\\\/www.organisator.ch\\\/weiterbildung\\\/2022-10-03\\\/schweizweit-erster-master-in-logistik-und-supply-chain-management-lanciert\\\/\"},\"wordCount\":589,\"publisher\":{\"@id\":\"https:\\\/\\\/www.organisator.ch\\\/#organization\"},\"image\":{\"@id\":\"https:\\\/\\\/www.organisator.ch\\\/weiterbildung\\\/2022-10-03\\\/schweizweit-erster-master-in-logistik-und-supply-chain-management-lanciert\\\/#primaryimage\"},\"thumbnailUrl\":\"https:\\\/\\\/www.organisator.ch\\\/wp-content\\\/uploads\\\/2022\\\/10\\\/Schweizweit-erster-Master-in-Logistik-und-Supply-Chain-Management-lanciert_Organisator.jpg\",\"keywords\":[\"Aus-\\\/Weiterbildung\",\"Fachhochschulen\",\"Fachkr\u00e4ftemangel\",\"Logistik\"],\"articleSection\":[\"WEITERBILDUNG\"],\"inLanguage\":\"en-US\"},{\"@type\":\"WebPage\",\"@id\":\"https:\\\/\\\/www.organisator.ch\\\/weiterbildung\\\/2022-10-03\\\/schweizweit-erster-master-in-logistik-und-supply-chain-management-lanciert\\\/\",\"url\":\"https:\\\/\\\/www.organisator.ch\\\/weiterbildung\\\/2022-10-03\\\/schweizweit-erster-master-in-logistik-und-supply-chain-management-lanciert\\\/\",\"name\":\"Schweizweit erster Master in Logistik und Supply Chain Management lanciert - Organisator\",\"isPartOf\":{\"@id\":\"https:\\\/\\\/www.organisator.ch\\\/#website\"},\"primaryImageOfPage\":{\"@id\":\"https:\\\/\\\/www.organisator.ch\\\/weiterbildung\\\/2022-10-03\\\/schweizweit-erster-master-in-logistik-und-supply-chain-management-lanciert\\\/#primaryimage\"},\"image\":{\"@id\":\"https:\\\/\\\/www.organisator.ch\\\/weiterbildung\\\/2022-10-03\\\/schweizweit-erster-master-in-logistik-und-supply-chain-management-lanciert\\\/#primaryimage\"},\"thumbnailUrl\":\"https:\\\/\\\/www.organisator.ch\\\/wp-content\\\/uploads\\\/2022\\\/10\\\/Schweizweit-erster-Master-in-Logistik-und-Supply-Chain-Management-lanciert_Organisator.jpg\",\"datePublished\":\"2022-10-03T06:01:15+00:00\",\"description\":\"Der neue Master in Logistik & Supply Chain Management der Hochschule Luzern bildet ab Herbst 2023 sehnlichst erwartete Fachkr\u00e4fte aus.\",\"breadcrumb\":{\"@id\":\"https:\\\/\\\/www.organisator.ch\\\/weiterbildung\\\/2022-10-03\\\/schweizweit-erster-master-in-logistik-und-supply-chain-management-lanciert\\\/#breadcrumb\"},\"inLanguage\":\"en-US\",\"potentialAction\":[{\"@type\":\"ReadAction\",\"target\":[\"https:\\\/\\\/www.organisator.ch\\\/weiterbildung\\\/2022-10-03\\\/schweizweit-erster-master-in-logistik-und-supply-chain-management-lanciert\\\/\"]}]},{\"@type\":\"ImageObject\",\"inLanguage\":\"en-US\",\"@id\":\"https:\\\/\\\/www.organisator.ch\\\/weiterbildung\\\/2022-10-03\\\/schweizweit-erster-master-in-logistik-und-supply-chain-management-lanciert\\\/#primaryimage\",\"url\":\"https:\\\/\\\/www.organisator.ch\\\/wp-content\\\/uploads\\\/2022\\\/10\\\/Schweizweit-erster-Master-in-Logistik-und-Supply-Chain-Management-lanciert_Organisator.jpg\",\"contentUrl\":\"https:\\\/\\\/www.organisator.ch\\\/wp-content\\\/uploads\\\/2022\\\/10\\\/Schweizweit-erster-Master-in-Logistik-und-Supply-Chain-Management-lanciert_Organisator.jpg\"},{\"@type\":\"BreadcrumbList\",\"@id\":\"https:\\\/\\\/www.organisator.ch\\\/weiterbildung\\\/2022-10-03\\\/schweizweit-erster-master-in-logistik-und-supply-chain-management-lanciert\\\/#breadcrumb\",\"itemListElement\":[{\"@type\":\"ListItem\",\"position\":1,\"name\":\"Home\",\"item\":\"https:\\\/\\\/www.organisator.ch\\\/\"},{\"@type\":\"ListItem\",\"position\":2,\"name\":\"Schweizweit erster Master in Logistik und Supply Chain Management lanciert\"}]},{\"@type\":\"WebSite\",\"@id\":\"https:\\\/\\\/www.organisator.ch\\\/#website\",\"url\":\"https:\\\/\\\/www.organisator.ch\\\/\",\"name\":\"Organisator\",\"description\":\"Kompetent. Praxisnah. Der ORGANISATOR bereitet in 10 Ausgaben pro Jahr die wesentlichen Themen f\u00fcr F\u00fchrungskr\u00e4fte von KMU auf.\",\"publisher\":{\"@id\":\"https:\\\/\\\/www.organisator.ch\\\/#organization\"},\"potentialAction\":[{\"@type\":\"SearchAction\",\"target\":{\"@type\":\"EntryPoint\",\"urlTemplate\":\"https:\\\/\\\/www.organisator.ch\\\/?s={search_term_string}\"},\"query-input\":{\"@type\":\"PropertyValueSpecification\",\"valueRequired\":true,\"valueName\":\"search_term_string\"}}],\"inLanguage\":\"en-US\"},{\"@type\":\"Organization\",\"@id\":\"https:\\\/\\\/www.organisator.ch\\\/#organization\",\"name\":\"Organisator\",\"url\":\"https:\\\/\\\/www.organisator.ch\\\/\",\"logo\":{\"@type\":\"ImageObject\",\"inLanguage\":\"en-US\",\"@id\":\"https:\\\/\\\/www.organisator.ch\\\/#\\\/schema\\\/logo\\\/image\\\/\",\"url\":\"https:\\\/\\\/www.organisator.ch\\\/wp-content\\\/uploads\\\/2022\\\/01\\\/Logo_Organisator_Website.png\",\"contentUrl\":\"https:\\\/\\\/www.organisator.ch\\\/wp-content\\\/uploads\\\/2022\\\/01\\\/Logo_Organisator_Website.png\",\"width\":800,\"height\":77,\"caption\":\"Organisator\"},\"image\":{\"@id\":\"https:\\\/\\\/www.organisator.ch\\\/#\\\/schema\\\/logo\\\/image\\\/\"},\"sameAs\":[\"https:\\\/\\\/www.facebook.com\\\/OrganisatorFachmagazin\",\"https:\\\/\\\/www.linkedin.com\\\/showcase\\\/organisator-das-magazin-fr-kmu\",\"https:\\\/\\\/www.xing.com\\\/news\\\/pages\\\/organisator-ch-695\",\"https:\\\/\\\/www.youtube.com\\\/channel\\\/UCGP2Sq0iWaZwT3BdIAQFYpw\"]},{\"@type\":\"Person\",\"@id\":\"https:\\\/\\\/www.organisator.ch\\\/#\\\/schema\\\/person\\\/6f650f90b2842cd4c0cc334b4e36f67e\",\"name\":\"thomas.berner\",\"image\":{\"@type\":\"ImageObject\",\"inLanguage\":\"en-US\",\"@id\":\"https:\\\/\\\/secure.gravatar.com\\\/avatar\\\/ac5001d2a36cb6c6cd3e50789007ffca834b477b74a2144564522e944eabff61?s=96&d=mm&r=g\",\"url\":\"https:\\\/\\\/secure.gravatar.com\\\/avatar\\\/ac5001d2a36cb6c6cd3e50789007ffca834b477b74a2144564522e944eabff61?s=96&d=mm&r=g\",\"contentUrl\":\"https:\\\/\\\/secure.gravatar.com\\\/avatar\\\/ac5001d2a36cb6c6cd3e50789007ffca834b477b74a2144564522e944eabff61?s=96&d=mm&r=g\",\"caption\":\"thomas.berner\"},\"url\":\"https:\\\/\\\/www.organisator.ch\\\/en\\\/author\\\/thomas-berner\\\/\"}]}<\/script>\n<!-- \/ Yoast SEO plugin. -->","yoast_head_json":{"title":"Switzerland's first Master's in Logistics and Supply Chain Management launched - Organizer","description":"The new Master in Logistics &amp; Supply Chain Management at the Lucerne University of Applied Sciences and Arts will train eagerly awaited professionals from fall 2023.","robots":{"index":"index","follow":"follow","max-snippet":"max-snippet:-1","max-image-preview":"max-image-preview:large","max-video-preview":"max-video-preview:-1"},"canonical":"https:\/\/www.organisator.ch\/en\/further-education\/2022-10-03\/schweizweit-erster-master-in-logistik-und-supply-chain-management-lanciert\/","og_locale":"en_US","og_type":"article","og_title":"Schweizweit erster Master in Logistik und Supply Chain Management lanciert","og_description":"Der neue Master in Logistik & Supply Chain Management der Hochschule Luzern bildet ab Herbst 2023 sehnlichst erwartete Fachkr\u00e4fte aus.","og_url":"https:\/\/www.organisator.ch\/en\/further-education\/2022-10-03\/schweizweit-erster-master-in-logistik-und-supply-chain-management-lanciert\/","og_site_name":"Organisator","article_publisher":"https:\/\/www.facebook.com\/OrganisatorFachmagazin","article_published_time":"2022-10-03T06:01:15+00:00","og_image":[{"width":680,"height":453,"url":"https:\/\/www.organisator.ch\/wp-content\/uploads\/2022\/10\/Schweizweit-erster-Master-in-Logistik-und-Supply-Chain-Management-lanciert_Organisator.jpg","type":"image\/jpeg"}],"author":"thomas.berner","twitter_card":"summary_large_image","twitter_title":"Schweizweit erster #Master in #Logistik und Supply Chain Management lanciert","twitter_description":"Der neue #Master in #Logistik & Supply Chain Management der #Hochschule #Luzern bildet ab Herbst 2023 sehnlichst erwartete #Fachkr\u00e4fte aus.","twitter_image":"https:\/\/www.organisator.ch\/wp-content\/uploads\/2022\/10\/Schweizweit-erster-Master-in-Logistik-und-Supply-Chain-Management-lanciert_Organisator.jpg","schema":{"@context":"https:\/\/schema.org","@graph":[{"@type":"Article","@id":"https:\/\/www.organisator.ch\/weiterbildung\/2022-10-03\/schweizweit-erster-master-in-logistik-und-supply-chain-management-lanciert\/#article","isPartOf":{"@id":"https:\/\/www.organisator.ch\/weiterbildung\/2022-10-03\/schweizweit-erster-master-in-logistik-und-supply-chain-management-lanciert\/"},"author":{"name":"thomas.berner","@id":"https:\/\/www.organisator.ch\/#\/schema\/person\/6f650f90b2842cd4c0cc334b4e36f67e"},"headline":"Schweizweit erster Master in Logistik und Supply Chain Management lanciert","datePublished":"2022-10-03T06:01:15+00:00","mainEntityOfPage":{"@id":"https:\/\/www.organisator.ch\/weiterbildung\/2022-10-03\/schweizweit-erster-master-in-logistik-und-supply-chain-management-lanciert\/"},"wordCount":589,"publisher":{"@id":"https:\/\/www.organisator.ch\/#organization"},"image":{"@id":"https:\/\/www.organisator.ch\/weiterbildung\/2022-10-03\/schweizweit-erster-master-in-logistik-und-supply-chain-management-lanciert\/#primaryimage"},"thumbnailUrl":"https:\/\/www.organisator.ch\/wp-content\/uploads\/2022\/10\/Schweizweit-erster-Master-in-Logistik-und-Supply-Chain-Management-lanciert_Organisator.jpg","keywords":["Aus-\/Weiterbildung","Fachhochschulen","Fachkr\u00e4ftemangel","Logistik"],"articleSection":["WEITERBILDUNG"],"inLanguage":"en-US"},{"@type":"WebPage","@id":"https:\/\/www.organisator.ch\/weiterbildung\/2022-10-03\/schweizweit-erster-master-in-logistik-und-supply-chain-management-lanciert\/","url":"https:\/\/www.organisator.ch\/weiterbildung\/2022-10-03\/schweizweit-erster-master-in-logistik-und-supply-chain-management-lanciert\/","name":"Switzerland's first Master's in Logistics and Supply Chain Management launched - Organizer","isPartOf":{"@id":"https:\/\/www.organisator.ch\/#website"},"primaryImageOfPage":{"@id":"https:\/\/www.organisator.ch\/weiterbildung\/2022-10-03\/schweizweit-erster-master-in-logistik-und-supply-chain-management-lanciert\/#primaryimage"},"image":{"@id":"https:\/\/www.organisator.ch\/weiterbildung\/2022-10-03\/schweizweit-erster-master-in-logistik-und-supply-chain-management-lanciert\/#primaryimage"},"thumbnailUrl":"https:\/\/www.organisator.ch\/wp-content\/uploads\/2022\/10\/Schweizweit-erster-Master-in-Logistik-und-Supply-Chain-Management-lanciert_Organisator.jpg","datePublished":"2022-10-03T06:01:15+00:00","description":"The new Master in Logistics &amp; Supply Chain Management at the Lucerne University of Applied Sciences and Arts will train eagerly awaited professionals from fall 2023.","breadcrumb":{"@id":"https:\/\/www.organisator.ch\/weiterbildung\/2022-10-03\/schweizweit-erster-master-in-logistik-und-supply-chain-management-lanciert\/#breadcrumb"},"inLanguage":"en-US","potentialAction":[{"@type":"ReadAction","target":["https:\/\/www.organisator.ch\/weiterbildung\/2022-10-03\/schweizweit-erster-master-in-logistik-und-supply-chain-management-lanciert\/"]}]},{"@type":"ImageObject","inLanguage":"en-US","@id":"https:\/\/www.organisator.ch\/weiterbildung\/2022-10-03\/schweizweit-erster-master-in-logistik-und-supply-chain-management-lanciert\/#primaryimage","url":"https:\/\/www.organisator.ch\/wp-content\/uploads\/2022\/10\/Schweizweit-erster-Master-in-Logistik-und-Supply-Chain-Management-lanciert_Organisator.jpg","contentUrl":"https:\/\/www.organisator.ch\/wp-content\/uploads\/2022\/10\/Schweizweit-erster-Master-in-Logistik-und-Supply-Chain-Management-lanciert_Organisator.jpg"},{"@type":"BreadcrumbList","@id":"https:\/\/www.organisator.ch\/weiterbildung\/2022-10-03\/schweizweit-erster-master-in-logistik-und-supply-chain-management-lanciert\/#breadcrumb","itemListElement":[{"@type":"ListItem","position":1,"name":"Home","item":"https:\/\/www.organisator.ch\/"},{"@type":"ListItem","position":2,"name":"Schweizweit erster Master in Logistik und Supply Chain Management lanciert"}]},{"@type":"WebSite","@id":"https:\/\/www.organisator.ch\/#website","url":"https:\/\/www.organisator.ch\/","name":"Organizer","description":"Competent. Practical. In 10 issues per year, ORGANISATOR presents the essential topics for managers of SMEs.","publisher":{"@id":"https:\/\/www.organisator.ch\/#organization"},"potentialAction":[{"@type":"SearchAction","target":{"@type":"EntryPoint","urlTemplate":"https:\/\/www.organisator.ch\/?s={search_term_string}"},"query-input":{"@type":"PropertyValueSpecification","valueRequired":true,"valueName":"search_term_string"}}],"inLanguage":"en-US"},{"@type":"Organization","@id":"https:\/\/www.organisator.ch\/#organization","name":"Organizer","url":"https:\/\/www.organisator.ch\/","logo":{"@type":"ImageObject","inLanguage":"en-US","@id":"https:\/\/www.organisator.ch\/#\/schema\/logo\/image\/","url":"https:\/\/www.organisator.ch\/wp-content\/uploads\/2022\/01\/Logo_Organisator_Website.png","contentUrl":"https:\/\/www.organisator.ch\/wp-content\/uploads\/2022\/01\/Logo_Organisator_Website.png","width":800,"height":77,"caption":"Organisator"},"image":{"@id":"https:\/\/www.organisator.ch\/#\/schema\/logo\/image\/"},"sameAs":["https:\/\/www.facebook.com\/OrganisatorFachmagazin","https:\/\/www.linkedin.com\/showcase\/organisator-das-magazin-fr-kmu","https:\/\/www.xing.com\/news\/pages\/organisator-ch-695","https:\/\/www.youtube.com\/channel\/UCGP2Sq0iWaZwT3BdIAQFYpw"]},{"@type":"Person","@id":"https:\/\/www.organisator.ch\/#\/schema\/person\/6f650f90b2842cd4c0cc334b4e36f67e","name":"thomas.berner","image":{"@type":"ImageObject","inLanguage":"en-US","@id":"https:\/\/secure.gravatar.com\/avatar\/ac5001d2a36cb6c6cd3e50789007ffca834b477b74a2144564522e944eabff61?s=96&d=mm&r=g","url":"https:\/\/secure.gravatar.com\/avatar\/ac5001d2a36cb6c6cd3e50789007ffca834b477b74a2144564522e944eabff61?s=96&d=mm&r=g","contentUrl":"https:\/\/secure.gravatar.com\/avatar\/ac5001d2a36cb6c6cd3e50789007ffca834b477b74a2144564522e944eabff61?s=96&d=mm&r=g","caption":"thomas.berner"},"url":"https:\/\/www.organisator.ch\/en\/author\/thomas-berner\/"}]}},"_links":{"self":[{"href":"https:\/\/www.organisator.ch\/en\/wp-json\/wp\/v2\/posts\/17134","targetHints":{"allow":["GET"]}}],"collection":[{"href":"https:\/\/www.organisator.ch\/en\/wp-json\/wp\/v2\/posts"}],"about":[{"href":"https:\/\/www.organisator.ch\/en\/wp-json\/wp\/v2\/types\/post"}],"author":[{"embeddable":true,"href":"https:\/\/www.organisator.ch\/en\/wp-json\/wp\/v2\/users\/4"}],"replies":[{"embeddable":true,"href":"https:\/\/www.organisator.ch\/en\/wp-json\/wp\/v2\/comments?post=17134"}],"version-history":[{"count":1,"href":"https:\/\/www.organisator.ch\/en\/wp-json\/wp\/v2\/posts\/17134\/revisions"}],"predecessor-version":[{"id":17136,"href":"https:\/\/www.organisator.ch\/en\/wp-json\/wp\/v2\/posts\/17134\/revisions\/17136"}],"wp:attachment":[{"href":"https:\/\/www.organisator.ch\/en\/wp-json\/wp\/v2\/media?parent=17134"}],"wp:term":[{"taxonomy":"category","embeddable":true,"href":"https:\/\/www.organisator.ch\/en\/wp-json\/wp\/v2\/categories?post=17134"},{"taxonomy":"post_tag","embeddable":true,"href":"https:\/\/www.organisator.ch\/en\/wp-json\/wp\/v2\/tags?post=17134"}],"curies":[{"name":"wp","href":"https:\/\/api.w.org\/{rel}","templated":true}]}}