{"id":1717,"date":"2018-06-12T16:49:13","date_gmt":"2018-06-12T14:49:13","guid":{"rendered":"https:\/\/www.umweltperspektiven.ch\/?p=1717"},"modified":"2022-02-09T11:06:54","modified_gmt":"2022-02-09T10:06:54","slug":"klimastiftung-schweiz-unterstuetzt-kmu","status":"publish","type":"post","link":"https:\/\/www.organisator.ch\/en\/sustainability\/2018-06-12\/klimastiftung-schweiz-unterstuetzt-kmu\/","title":{"rendered":"Climate Foundation Switzerland supports SMEs"},"content":{"rendered":"<figure id=\"attachment_1718\" aria-describedby=\"caption-attachment-1718\" style=\"width: 680px\" class=\"wp-caption alignnone\"><img loading=\"lazy\" decoding=\"async\" class=\"size-medium wp-image-1718\" src=\"\/\/www.umweltperspektiven.ch\/wp-content\/uploads\/2018\/06\/KlimastiftungSchweiz-unterst\u00fctzt-KMU_UP_Umwelt_Perspektiven.jpeg\" alt=\"\" width=\"680\" height=\"383\" \/><figcaption id=\"caption-attachment-1718\" class=\"wp-caption-text\">Since January 2008, the CO2 Act has required a levy on fuels. Part of the levy flows back to the economy. (Image: Swiss Climate Foundation)<\/figcaption><\/figure>\n<p>Over 1400 SMEs have benefited from the support funds of the Swiss Climate Foundation in the last 10 years. The foundation is now supporting further companies with 420,000 Swiss francs. For example, the foundation is now supporting projects for better control of heating systems or the avoidance of disposable tableware. These and three other innovations are intended to make Switzerland more climate-friendly. The foundation board was also able to approve three major projects for saving energy in the company's own operations. These focus in particular on improvements in heating and insulation in medium-sized companies.<\/p>\n<p>At the meeting of the Board of Trustees of the Swiss Climate Foundation in Winterthur, it became apparent once again: climate protection affects almost all areas of life.<\/p>\n<p><strong>Ten years of the Swiss Climate Foundation\u00a0<\/strong><\/p>\n<p>With its commitment, the Swiss Climate Foundation aims to support both climate protection and SMEs in Switzerland and Liechtenstein. It was founded shortly after the introduction of the CO2 steering tax and will be ten years old this year along with the tax. 27 large service providers such as banks, insurance companies and consultants donate money to the foundation, which they receive through the reimbursement of the CO2 tax. The foundation's board and advisory board are made up of experts and managers from the partner companies.<\/p>\n<p><strong>Simple application processes even for small SMEs\u00a0<\/strong><\/p>\n<p>The money - 18 million Swiss francs so far - is largely awarded by the foundation to SMEs that develop products in the field of climate protection and those that save energy in their own operations. Most of the projects fall within the scope of the foundation's standardized funding measures. These applications are submitted online and answered by the office within one month. The foundation's board of trustees decides on innovations and larger or unusual projects at its biannual meeting. \"As an independent foundation, we can make our application processes simple and unbureaucratic and thus also efficiently support small SMEs,\" says Vincent Eckert, CEO of the foundation.<\/p>\n<p>In addition to the projects, the foundation also supports companies that enter into a voluntary target agreement with the federal government to save energy. Since 2017, the Swiss Climate Foundation has also been involved in the regeneration of certain forest areas so that they can continue to absorb CO2. In doing so, it works together with Forest Switzerland and the Conference of Cantonal Foresters.<\/p>\n<p><a href=\"\/\/www.klimastiftung.ch\">http:\/\/www.klimastiftung.ch<\/a><\/p>\n<p>&nbsp;<\/p>\n<p>&nbsp;<\/p>","protected":false},"excerpt":{"rendered":"<p>\u00dcber 1400 KMU haben in den letzten 10 Jahren den Unterst\u00fctzungsgeldern der Klimasiftung Schweiz profitiert. Mit 420\u2019000 Franken unterst\u00fctzt nun die Stiftung weitere Unternehmen. So unterst\u00fctzt die Stiftung neu Projekte zur besseren Steuerung von Heizungen oder zur Vermeidung von Einweg-Geschirr. Diese und drei weitere Innovationen sollen die Schweiz klimafreundlicher machen. Auch drei grosse Projekte zum [&hellip;]<\/p>\n","protected":false},"author":5,"featured_media":1718,"comment_status":"open","ping_status":"open","sticky":false,"template":"","format":"standard","meta":{"_acf_changed":false,"_yoast_wpseo_focuskw":"Klimastiftung Schweiz","_yoast_wpseo_metadesc":"Die Klimastiftung Schweiz unterst\u00fctzt acht gr\u00f6ssere Klimaschutz-Projekte von kleinen und mittleren Unternehmen (KMU) und blickt gleichzeitig auf Projekte der letzten zehn Jahre zur\u00fcck.","articlekey":"","footnotes":""},"categories":[580],"tags":[1520,301],"class_list":["post-1717","post","type-post","status-publish","format-standard","has-post-thumbnail","hentry","category-sustainability","tag-klimaprojekte","tag-kmu"],"acf":[],"yoast_head":"<!-- This site is optimized with the Yoast SEO plugin v27.5 - https:\/\/yoast.com\/product\/yoast-seo-wordpress\/ -->\n<title>Klimastiftung Schweiz unterst\u00fctzt KMU - Organisator<\/title>\n<meta name=\"description\" content=\"Die Klimastiftung Schweiz unterst\u00fctzt acht gr\u00f6ssere Klimaschutz-Projekte von kleinen und mittleren Unternehmen (KMU) und blickt gleichzeitig auf Projekte der letzten zehn Jahre zur\u00fcck.\" \/>\n<meta name=\"robots\" content=\"index, follow, max-snippet:-1, max-image-preview:large, max-video-preview:-1\" \/>\n<link rel=\"canonical\" href=\"https:\/\/www.organisator.ch\/en\/sustainability\/2018-06-12\/klimastiftung-schweiz-unterstuetzt-kmu\/\" \/>\n<meta property=\"og:locale\" content=\"en_US\" \/>\n<meta property=\"og:type\" content=\"article\" \/>\n<meta property=\"og:title\" content=\"Klimastiftung Schweiz unterst\u00fctzt KMU - Organisator\" \/>\n<meta property=\"og:description\" content=\"Die Klimastiftung Schweiz unterst\u00fctzt acht gr\u00f6ssere Klimaschutz-Projekte von kleinen und mittleren Unternehmen (KMU) und blickt gleichzeitig auf Projekte der letzten zehn Jahre zur\u00fcck.\" \/>\n<meta property=\"og:url\" content=\"https:\/\/www.organisator.ch\/en\/sustainability\/2018-06-12\/klimastiftung-schweiz-unterstuetzt-kmu\/\" \/>\n<meta property=\"og:site_name\" content=\"Organisator\" \/>\n<meta property=\"article:publisher\" content=\"https:\/\/www.facebook.com\/OrganisatorFachmagazin\" \/>\n<meta property=\"article:published_time\" content=\"2018-06-12T14:49:13+00:00\" \/>\n<meta property=\"article:modified_time\" content=\"2022-02-09T10:06:54+00:00\" \/>\n<meta property=\"og:image\" content=\"https:\/\/www.organisator.ch\/wp-content\/uploads\/2018\/06\/KlimastiftungSchweiz-unterstuetzt-KMU_UP_Umwelt_Perspektiven.jpeg\" \/>\n\t<meta property=\"og:image:width\" content=\"1200\" \/>\n\t<meta property=\"og:image:height\" content=\"675\" \/>\n\t<meta property=\"og:image:type\" content=\"image\/jpeg\" \/>\n<meta name=\"author\" content=\"michael.merz\" \/>\n<meta name=\"twitter:card\" content=\"summary_large_image\" \/>\n<script type=\"application\/ld+json\" class=\"yoast-schema-graph\">{\"@context\":\"https:\\\/\\\/schema.org\",\"@graph\":[{\"@type\":\"Article\",\"@id\":\"https:\\\/\\\/www.organisator.ch\\\/sustainability\\\/2018-06-12\\\/klimastiftung-schweiz-unterstuetzt-kmu\\\/#article\",\"isPartOf\":{\"@id\":\"https:\\\/\\\/www.organisator.ch\\\/sustainability\\\/2018-06-12\\\/klimastiftung-schweiz-unterstuetzt-kmu\\\/\"},\"author\":{\"name\":\"michael.merz\",\"@id\":\"https:\\\/\\\/www.organisator.ch\\\/#\\\/schema\\\/person\\\/134708ca9321c57b0362cceb7948ffbd\"},\"headline\":\"Klimastiftung Schweiz unterst\u00fctzt KMU\",\"datePublished\":\"2018-06-12T14:49:13+00:00\",\"dateModified\":\"2022-02-09T10:06:54+00:00\",\"mainEntityOfPage\":{\"@id\":\"https:\\\/\\\/www.organisator.ch\\\/sustainability\\\/2018-06-12\\\/klimastiftung-schweiz-unterstuetzt-kmu\\\/\"},\"wordCount\":385,\"commentCount\":0,\"publisher\":{\"@id\":\"https:\\\/\\\/www.organisator.ch\\\/#organization\"},\"image\":{\"@id\":\"https:\\\/\\\/www.organisator.ch\\\/sustainability\\\/2018-06-12\\\/klimastiftung-schweiz-unterstuetzt-kmu\\\/#primaryimage\"},\"thumbnailUrl\":\"https:\\\/\\\/www.organisator.ch\\\/wp-content\\\/uploads\\\/2018\\\/06\\\/KlimastiftungSchweiz-unterstuetzt-KMU_UP_Umwelt_Perspektiven.jpeg\",\"keywords\":[\"Klimaprojekte\",\"KMU\"],\"articleSection\":[\"SUSTAINABILITY\"],\"inLanguage\":\"en-US\"},{\"@type\":\"WebPage\",\"@id\":\"https:\\\/\\\/www.organisator.ch\\\/sustainability\\\/2018-06-12\\\/klimastiftung-schweiz-unterstuetzt-kmu\\\/\",\"url\":\"https:\\\/\\\/www.organisator.ch\\\/sustainability\\\/2018-06-12\\\/klimastiftung-schweiz-unterstuetzt-kmu\\\/\",\"name\":\"Klimastiftung Schweiz unterst\u00fctzt KMU - Organisator\",\"isPartOf\":{\"@id\":\"https:\\\/\\\/www.organisator.ch\\\/#website\"},\"primaryImageOfPage\":{\"@id\":\"https:\\\/\\\/www.organisator.ch\\\/sustainability\\\/2018-06-12\\\/klimastiftung-schweiz-unterstuetzt-kmu\\\/#primaryimage\"},\"image\":{\"@id\":\"https:\\\/\\\/www.organisator.ch\\\/sustainability\\\/2018-06-12\\\/klimastiftung-schweiz-unterstuetzt-kmu\\\/#primaryimage\"},\"thumbnailUrl\":\"https:\\\/\\\/www.organisator.ch\\\/wp-content\\\/uploads\\\/2018\\\/06\\\/KlimastiftungSchweiz-unterstuetzt-KMU_UP_Umwelt_Perspektiven.jpeg\",\"datePublished\":\"2018-06-12T14:49:13+00:00\",\"dateModified\":\"2022-02-09T10:06:54+00:00\",\"description\":\"Die Klimastiftung Schweiz unterst\u00fctzt acht gr\u00f6ssere Klimaschutz-Projekte von kleinen und mittleren Unternehmen (KMU) und blickt gleichzeitig auf Projekte der letzten zehn Jahre zur\u00fcck.\",\"breadcrumb\":{\"@id\":\"https:\\\/\\\/www.organisator.ch\\\/sustainability\\\/2018-06-12\\\/klimastiftung-schweiz-unterstuetzt-kmu\\\/#breadcrumb\"},\"inLanguage\":\"en-US\",\"potentialAction\":[{\"@type\":\"ReadAction\",\"target\":[\"https:\\\/\\\/www.organisator.ch\\\/sustainability\\\/2018-06-12\\\/klimastiftung-schweiz-unterstuetzt-kmu\\\/\"]}]},{\"@type\":\"ImageObject\",\"inLanguage\":\"en-US\",\"@id\":\"https:\\\/\\\/www.organisator.ch\\\/sustainability\\\/2018-06-12\\\/klimastiftung-schweiz-unterstuetzt-kmu\\\/#primaryimage\",\"url\":\"https:\\\/\\\/www.organisator.ch\\\/wp-content\\\/uploads\\\/2018\\\/06\\\/KlimastiftungSchweiz-unterstuetzt-KMU_UP_Umwelt_Perspektiven.jpeg\",\"contentUrl\":\"https:\\\/\\\/www.organisator.ch\\\/wp-content\\\/uploads\\\/2018\\\/06\\\/KlimastiftungSchweiz-unterstuetzt-KMU_UP_Umwelt_Perspektiven.jpeg\",\"width\":1200,\"height\":675,\"caption\":\"Seit Januar 2008 verlangt das CO2-Gesetz eine Abgabe auf Brennstoffe. Ein Teil der Abgaben fliesst zur\u00fcck an die Wirtschaft. (Bild: Klimastiftung Schweiz)\"},{\"@type\":\"BreadcrumbList\",\"@id\":\"https:\\\/\\\/www.organisator.ch\\\/sustainability\\\/2018-06-12\\\/klimastiftung-schweiz-unterstuetzt-kmu\\\/#breadcrumb\",\"itemListElement\":[{\"@type\":\"ListItem\",\"position\":1,\"name\":\"Home\",\"item\":\"https:\\\/\\\/www.organisator.ch\\\/\"},{\"@type\":\"ListItem\",\"position\":2,\"name\":\"Klimastiftung Schweiz unterst\u00fctzt KMU\"}]},{\"@type\":\"WebSite\",\"@id\":\"https:\\\/\\\/www.organisator.ch\\\/#website\",\"url\":\"https:\\\/\\\/www.organisator.ch\\\/\",\"name\":\"Organisator\",\"description\":\"Kompetent. Praxisnah. Der ORGANISATOR bereitet in 10 Ausgaben pro Jahr die wesentlichen Themen f\u00fcr F\u00fchrungskr\u00e4fte von KMU auf.\",\"publisher\":{\"@id\":\"https:\\\/\\\/www.organisator.ch\\\/#organization\"},\"potentialAction\":[{\"@type\":\"SearchAction\",\"target\":{\"@type\":\"EntryPoint\",\"urlTemplate\":\"https:\\\/\\\/www.organisator.ch\\\/?s={search_term_string}\"},\"query-input\":{\"@type\":\"PropertyValueSpecification\",\"valueRequired\":true,\"valueName\":\"search_term_string\"}}],\"inLanguage\":\"en-US\"},{\"@type\":\"Organization\",\"@id\":\"https:\\\/\\\/www.organisator.ch\\\/#organization\",\"name\":\"Organisator\",\"url\":\"https:\\\/\\\/www.organisator.ch\\\/\",\"logo\":{\"@type\":\"ImageObject\",\"inLanguage\":\"en-US\",\"@id\":\"https:\\\/\\\/www.organisator.ch\\\/#\\\/schema\\\/logo\\\/image\\\/\",\"url\":\"https:\\\/\\\/www.organisator.ch\\\/wp-content\\\/uploads\\\/2022\\\/01\\\/Logo_Organisator_Website.png\",\"contentUrl\":\"https:\\\/\\\/www.organisator.ch\\\/wp-content\\\/uploads\\\/2022\\\/01\\\/Logo_Organisator_Website.png\",\"width\":800,\"height\":77,\"caption\":\"Organisator\"},\"image\":{\"@id\":\"https:\\\/\\\/www.organisator.ch\\\/#\\\/schema\\\/logo\\\/image\\\/\"},\"sameAs\":[\"https:\\\/\\\/www.facebook.com\\\/OrganisatorFachmagazin\",\"https:\\\/\\\/www.linkedin.com\\\/showcase\\\/organisator-das-magazin-fr-kmu\",\"https:\\\/\\\/www.xing.com\\\/news\\\/pages\\\/organisator-ch-695\",\"https:\\\/\\\/www.youtube.com\\\/channel\\\/UCGP2Sq0iWaZwT3BdIAQFYpw\"]},{\"@type\":\"Person\",\"@id\":\"https:\\\/\\\/www.organisator.ch\\\/#\\\/schema\\\/person\\\/134708ca9321c57b0362cceb7948ffbd\",\"name\":\"michael.merz\",\"image\":{\"@type\":\"ImageObject\",\"inLanguage\":\"en-US\",\"@id\":\"https:\\\/\\\/secure.gravatar.com\\\/avatar\\\/?s=96&d=mm&r=g\",\"url\":\"https:\\\/\\\/secure.gravatar.com\\\/avatar\\\/?s=96&d=mm&r=g\",\"contentUrl\":\"https:\\\/\\\/secure.gravatar.com\\\/avatar\\\/?s=96&d=mm&r=g\",\"caption\":\"michael.merz\"},\"url\":\"https:\\\/\\\/www.organisator.ch\\\/en\\\/author\\\/michael-merz\\\/\"}]}<\/script>\n<!-- \/ Yoast SEO plugin. -->","yoast_head_json":{"title":"Climate Foundation Switzerland supports SME - organizer","description":"The Swiss Climate Foundation supports eight major climate protection projects of small and medium-sized enterprises (SMEs) and at the same time looks back on projects of the last ten years.","robots":{"index":"index","follow":"follow","max-snippet":"max-snippet:-1","max-image-preview":"max-image-preview:large","max-video-preview":"max-video-preview:-1"},"canonical":"https:\/\/www.organisator.ch\/en\/sustainability\/2018-06-12\/klimastiftung-schweiz-unterstuetzt-kmu\/","og_locale":"en_US","og_type":"article","og_title":"Klimastiftung Schweiz unterst\u00fctzt KMU - Organisator","og_description":"Die Klimastiftung Schweiz unterst\u00fctzt acht gr\u00f6ssere Klimaschutz-Projekte von kleinen und mittleren Unternehmen (KMU) und blickt gleichzeitig auf Projekte der letzten zehn Jahre zur\u00fcck.","og_url":"https:\/\/www.organisator.ch\/en\/sustainability\/2018-06-12\/klimastiftung-schweiz-unterstuetzt-kmu\/","og_site_name":"Organisator","article_publisher":"https:\/\/www.facebook.com\/OrganisatorFachmagazin","article_published_time":"2018-06-12T14:49:13+00:00","article_modified_time":"2022-02-09T10:06:54+00:00","og_image":[{"width":1200,"height":675,"url":"https:\/\/www.organisator.ch\/wp-content\/uploads\/2018\/06\/KlimastiftungSchweiz-unterstuetzt-KMU_UP_Umwelt_Perspektiven.jpeg","type":"image\/jpeg"}],"author":"michael.merz","twitter_card":"summary_large_image","schema":{"@context":"https:\/\/schema.org","@graph":[{"@type":"Article","@id":"https:\/\/www.organisator.ch\/sustainability\/2018-06-12\/klimastiftung-schweiz-unterstuetzt-kmu\/#article","isPartOf":{"@id":"https:\/\/www.organisator.ch\/sustainability\/2018-06-12\/klimastiftung-schweiz-unterstuetzt-kmu\/"},"author":{"name":"michael.merz","@id":"https:\/\/www.organisator.ch\/#\/schema\/person\/134708ca9321c57b0362cceb7948ffbd"},"headline":"Klimastiftung Schweiz unterst\u00fctzt KMU","datePublished":"2018-06-12T14:49:13+00:00","dateModified":"2022-02-09T10:06:54+00:00","mainEntityOfPage":{"@id":"https:\/\/www.organisator.ch\/sustainability\/2018-06-12\/klimastiftung-schweiz-unterstuetzt-kmu\/"},"wordCount":385,"commentCount":0,"publisher":{"@id":"https:\/\/www.organisator.ch\/#organization"},"image":{"@id":"https:\/\/www.organisator.ch\/sustainability\/2018-06-12\/klimastiftung-schweiz-unterstuetzt-kmu\/#primaryimage"},"thumbnailUrl":"https:\/\/www.organisator.ch\/wp-content\/uploads\/2018\/06\/KlimastiftungSchweiz-unterstuetzt-KMU_UP_Umwelt_Perspektiven.jpeg","keywords":["Klimaprojekte","KMU"],"articleSection":["SUSTAINABILITY"],"inLanguage":"en-US"},{"@type":"WebPage","@id":"https:\/\/www.organisator.ch\/sustainability\/2018-06-12\/klimastiftung-schweiz-unterstuetzt-kmu\/","url":"https:\/\/www.organisator.ch\/sustainability\/2018-06-12\/klimastiftung-schweiz-unterstuetzt-kmu\/","name":"Climate Foundation Switzerland supports SME - organizer","isPartOf":{"@id":"https:\/\/www.organisator.ch\/#website"},"primaryImageOfPage":{"@id":"https:\/\/www.organisator.ch\/sustainability\/2018-06-12\/klimastiftung-schweiz-unterstuetzt-kmu\/#primaryimage"},"image":{"@id":"https:\/\/www.organisator.ch\/sustainability\/2018-06-12\/klimastiftung-schweiz-unterstuetzt-kmu\/#primaryimage"},"thumbnailUrl":"https:\/\/www.organisator.ch\/wp-content\/uploads\/2018\/06\/KlimastiftungSchweiz-unterstuetzt-KMU_UP_Umwelt_Perspektiven.jpeg","datePublished":"2018-06-12T14:49:13+00:00","dateModified":"2022-02-09T10:06:54+00:00","description":"The Swiss Climate Foundation supports eight major climate protection projects of small and medium-sized enterprises (SMEs) and at the same time looks back on projects of the last ten years.","breadcrumb":{"@id":"https:\/\/www.organisator.ch\/sustainability\/2018-06-12\/klimastiftung-schweiz-unterstuetzt-kmu\/#breadcrumb"},"inLanguage":"en-US","potentialAction":[{"@type":"ReadAction","target":["https:\/\/www.organisator.ch\/sustainability\/2018-06-12\/klimastiftung-schweiz-unterstuetzt-kmu\/"]}]},{"@type":"ImageObject","inLanguage":"en-US","@id":"https:\/\/www.organisator.ch\/sustainability\/2018-06-12\/klimastiftung-schweiz-unterstuetzt-kmu\/#primaryimage","url":"https:\/\/www.organisator.ch\/wp-content\/uploads\/2018\/06\/KlimastiftungSchweiz-unterstuetzt-KMU_UP_Umwelt_Perspektiven.jpeg","contentUrl":"https:\/\/www.organisator.ch\/wp-content\/uploads\/2018\/06\/KlimastiftungSchweiz-unterstuetzt-KMU_UP_Umwelt_Perspektiven.jpeg","width":1200,"height":675,"caption":"Seit Januar 2008 verlangt das CO2-Gesetz eine Abgabe auf Brennstoffe. Ein Teil der Abgaben fliesst zur\u00fcck an die Wirtschaft. (Bild: Klimastiftung Schweiz)"},{"@type":"BreadcrumbList","@id":"https:\/\/www.organisator.ch\/sustainability\/2018-06-12\/klimastiftung-schweiz-unterstuetzt-kmu\/#breadcrumb","itemListElement":[{"@type":"ListItem","position":1,"name":"Home","item":"https:\/\/www.organisator.ch\/"},{"@type":"ListItem","position":2,"name":"Klimastiftung Schweiz unterst\u00fctzt KMU"}]},{"@type":"WebSite","@id":"https:\/\/www.organisator.ch\/#website","url":"https:\/\/www.organisator.ch\/","name":"Organizer","description":"Competent. Practical. In 10 issues per year, ORGANISATOR presents the essential topics for managers of SMEs.","publisher":{"@id":"https:\/\/www.organisator.ch\/#organization"},"potentialAction":[{"@type":"SearchAction","target":{"@type":"EntryPoint","urlTemplate":"https:\/\/www.organisator.ch\/?s={search_term_string}"},"query-input":{"@type":"PropertyValueSpecification","valueRequired":true,"valueName":"search_term_string"}}],"inLanguage":"en-US"},{"@type":"Organization","@id":"https:\/\/www.organisator.ch\/#organization","name":"Organizer","url":"https:\/\/www.organisator.ch\/","logo":{"@type":"ImageObject","inLanguage":"en-US","@id":"https:\/\/www.organisator.ch\/#\/schema\/logo\/image\/","url":"https:\/\/www.organisator.ch\/wp-content\/uploads\/2022\/01\/Logo_Organisator_Website.png","contentUrl":"https:\/\/www.organisator.ch\/wp-content\/uploads\/2022\/01\/Logo_Organisator_Website.png","width":800,"height":77,"caption":"Organisator"},"image":{"@id":"https:\/\/www.organisator.ch\/#\/schema\/logo\/image\/"},"sameAs":["https:\/\/www.facebook.com\/OrganisatorFachmagazin","https:\/\/www.linkedin.com\/showcase\/organisator-das-magazin-fr-kmu","https:\/\/www.xing.com\/news\/pages\/organisator-ch-695","https:\/\/www.youtube.com\/channel\/UCGP2Sq0iWaZwT3BdIAQFYpw"]},{"@type":"Person","@id":"https:\/\/www.organisator.ch\/#\/schema\/person\/134708ca9321c57b0362cceb7948ffbd","name":"michael.merz","image":{"@type":"ImageObject","inLanguage":"en-US","@id":"https:\/\/secure.gravatar.com\/avatar\/?s=96&d=mm&r=g","url":"https:\/\/secure.gravatar.com\/avatar\/?s=96&d=mm&r=g","contentUrl":"https:\/\/secure.gravatar.com\/avatar\/?s=96&d=mm&r=g","caption":"michael.merz"},"url":"https:\/\/www.organisator.ch\/en\/author\/michael-merz\/"}]}},"_links":{"self":[{"href":"https:\/\/www.organisator.ch\/en\/wp-json\/wp\/v2\/posts\/1717","targetHints":{"allow":["GET"]}}],"collection":[{"href":"https:\/\/www.organisator.ch\/en\/wp-json\/wp\/v2\/posts"}],"about":[{"href":"https:\/\/www.organisator.ch\/en\/wp-json\/wp\/v2\/types\/post"}],"author":[{"embeddable":true,"href":"https:\/\/www.organisator.ch\/en\/wp-json\/wp\/v2\/users\/5"}],"replies":[{"embeddable":true,"href":"https:\/\/www.organisator.ch\/en\/wp-json\/wp\/v2\/comments?post=1717"}],"version-history":[{"count":1,"href":"https:\/\/www.organisator.ch\/en\/wp-json\/wp\/v2\/posts\/1717\/revisions"}],"predecessor-version":[{"id":10712,"href":"https:\/\/www.organisator.ch\/en\/wp-json\/wp\/v2\/posts\/1717\/revisions\/10712"}],"wp:featuredmedia":[{"embeddable":true,"href":"https:\/\/www.organisator.ch\/en\/wp-json\/wp\/v2\/media\/1718"}],"wp:attachment":[{"href":"https:\/\/www.organisator.ch\/en\/wp-json\/wp\/v2\/media?parent=1717"}],"wp:term":[{"taxonomy":"category","embeddable":true,"href":"https:\/\/www.organisator.ch\/en\/wp-json\/wp\/v2\/categories?post=1717"},{"taxonomy":"post_tag","embeddable":true,"href":"https:\/\/www.organisator.ch\/en\/wp-json\/wp\/v2\/tags?post=1717"}],"curies":[{"name":"wp","href":"https:\/\/api.w.org\/{rel}","templated":true}]}}