{"id":1723,"date":"2017-04-03T11:19:23","date_gmt":"2017-04-03T09:19:23","guid":{"rendered":"https:\/\/www.organisator.ch\/?p=1723"},"modified":"2017-04-03T11:19:23","modified_gmt":"2017-04-03T09:19:23","slug":"situation-fuer-schweizer-start-ups","status":"publish","type":"post","link":"https:\/\/www.organisator.ch\/en\/allgemein\/2017-04-03\/situation-fuer-schweizer-start-ups\/","title":{"rendered":"Situation for Swiss start-ups"},"content":{"rendered":"<p>&nbsp;<\/p>\n<figure id=\"attachment_1724\" aria-describedby=\"caption-attachment-1724\" style=\"width: 680px\" class=\"wp-caption alignnone\"><img loading=\"lazy\" decoding=\"async\" class=\"wp-image-1724 size-medium\" src=\"https:\/\/www.organisator.ch\/wp-content\/uploads\/2017\/04\/Depositphotos_denismagil.jpg\" alt=\"\" width=\"680\" height=\"530\" srcset=\"https:\/\/www.organisator.ch\/wp-content\/uploads\/2017\/04\/Depositphotos_denismagil.jpg 2000w, https:\/\/www.organisator.ch\/wp-content\/uploads\/2017\/04\/Depositphotos_denismagil-680x530.jpg 680w, https:\/\/www.organisator.ch\/wp-content\/uploads\/2017\/04\/Depositphotos_denismagil-1024x799.jpg 1024w, https:\/\/www.organisator.ch\/wp-content\/uploads\/2017\/04\/Depositphotos_denismagil-768x599.jpg 768w, https:\/\/www.organisator.ch\/wp-content\/uploads\/2017\/04\/Depositphotos_denismagil-1536x1198.jpg 1536w, https:\/\/www.organisator.ch\/wp-content\/uploads\/2017\/04\/Depositphotos_denismagil-16x12.jpg 16w, https:\/\/www.organisator.ch\/wp-content\/uploads\/2017\/04\/Depositphotos_denismagil-224x175.jpg 224w, https:\/\/www.organisator.ch\/wp-content\/uploads\/2017\/04\/Depositphotos_denismagil-449x350.jpg 449w, https:\/\/www.organisator.ch\/wp-content\/uploads\/2017\/04\/Depositphotos_denismagil-1026x800.jpg 1026w, https:\/\/www.organisator.ch\/wp-content\/uploads\/2017\/04\/Depositphotos_denismagil-920x718.jpg 920w, https:\/\/www.organisator.ch\/wp-content\/uploads\/2017\/04\/Depositphotos_denismagil-1400x1092.jpg 1400w, https:\/\/www.organisator.ch\/wp-content\/uploads\/2017\/04\/Depositphotos_denismagil-1795x1400.jpg 1795w, https:\/\/www.organisator.ch\/wp-content\/uploads\/2017\/04\/Depositphotos_denismagil-300x234.jpg 300w\" sizes=\"auto, (max-width: 680px) 100vw, 680px\" \/><figcaption id=\"caption-attachment-1724\" class=\"wp-caption-text\">The general conditions in Switzerland are good. The challenge is to adapt companies to economic dynamics and technological development. (Image: Depositphotos_enismagil)<\/figcaption><\/figure>\n<p>The first report on the situation for Swiss start-ups counts 120 pages and statistics. It shows data basics on high-growth companies. This data also paints a positive picture of the Swiss startup ecosystem in international comparison. Switzerland is one of the countries with the best framework conditions for entrepreneurial activities.<\/p>\n<p>However, starting a new business is less perceived as a good career opportunity in Switzerland than in other innovation-based economies. The slightly lower Swiss startup rate in an international comparison results from rather few startups out of necessity - this is partly due to the high labor force participation, comparatively low unemployment and good earnings opportunities in many occupational groups.<\/p>\n<p><strong>Capital challenges <\/strong><\/p>\n<p>The Federal Council states in its report that financing for start-ups remains a challenge. Overall, the venture capital market is functioning, is active and is strongly networked internationally. In terms of venture capital investment as a percentage of gross domestic product (GDP), Switzerland ranks second in Europe behind Finland in 2015 at 0.044 percent, but is well behind leading countries such as Israel (0.383 percent) or the USA (0.284 percent).<\/p>\n<p>In addition to the wide range of private and cantonal financing offers, there are also offers for companies at the federal level with the trade-oriented guarantee system, the Swiss Society for Hotel Credit (SGH) and the Technology Fund, which facilitate the taking out of loans or credits.<\/p>\n<p><strong>Optimized training programs <\/strong><\/p>\n<p>The Commission for Technology and Innovation CTI promotes the entrepreneurs of tomorrow with a training program and accompanies young company founders with professional coaching. The Federal Council therefore sees no need to launch a public funding program to support start-ups at the present time.<\/p>\n<p><strong>Digital \"one-stop store<\/strong><\/p>\n<p>By the end of 2017, StartBiz will be replaced by the \"One-Stop-Shop\", which in the longer term is to include different official procedures without media discontinuity at federal, cantonal and municipal level. After completion of the project at the end of the legislative period, the \"One-Stop-Shop\" will be continuously expanded. Such a \"one-stop store\" should be available to companies 24 hours a day, 365 days a year and be equipped with an electronic identity or corresponding access authorizations.<\/p>\n<p>Central to this approach is that it builds on the services offered electronically by individual agencies and connects them via a virtual one-stop store.<\/p>\n<p>The Federal Council will continue to examine further improvements in the future so that Switzerland can maintain its attractiveness for fast-growing companies and start-ups.<\/p>\n<p><em>Further data from the Swiss Federal Statistical Office (SFSO) on high-growth companies, i.e. startups, can be found at this <a href=\"https:\/\/www.bfs.admin.ch\/bfs\/de\/home\/aktuell\/neue-veroeffentlichungen.assetdetail.2084656.html\">Link<\/a><\/em><\/p>\n<p>&nbsp;<\/p>","protected":false},"excerpt":{"rendered":"<p>&nbsp; Der erste Bericht \u00fcber die Situation f\u00fcr Schweizer Start-ups z\u00e4hlt 120 Seiten und Statistiken. Er zeigt Datengrundlagen zu wachstumsstarken Unternehmen. Diese Daten zeichnen auch im internationalen Vergleich ein positives Bild des Schweizer Start-up-\u00d6kosystems. Die Schweiz z\u00e4hlt zu den L\u00e4ndern mit den besten Rahmenbedingungen f\u00fcr unternehmerische Aktivit\u00e4ten. Allerdings wird die Gr\u00fcndung eines neuen Unternehmens in [&hellip;]<\/p>\n","protected":false},"author":5,"featured_media":1724,"comment_status":"open","ping_status":"open","sticky":false,"template":"","format":"standard","meta":{"_acf_changed":false,"_yoast_wpseo_focuskw":"Situation f\u00fcr Schweizer Start-ups","_yoast_wpseo_metadesc":"","articlekey":"","footnotes":""},"categories":[1],"tags":[100,424,450],"class_list":["post-1723","post","type-post","status-publish","format-standard","has-post-thumbnail","hentry","category-allgemein","tag-bundesrat","tag-schweiz","tag-start-ups"],"acf":[],"yoast_head":"<!-- This site is optimized with the Yoast SEO plugin v27.5 - https:\/\/yoast.com\/product\/yoast-seo-wordpress\/ -->\n<title>Situation f\u00fcr Schweizer Start-ups - Organisator<\/title>\n<meta name=\"robots\" content=\"index, follow, max-snippet:-1, max-image-preview:large, max-video-preview:-1\" \/>\n<link rel=\"canonical\" href=\"https:\/\/www.organisator.ch\/en\/general\/2017-04-03\/situation-fuer-schweizer-start-ups\/\" \/>\n<meta property=\"og:locale\" content=\"en_US\" \/>\n<meta property=\"og:type\" content=\"article\" \/>\n<meta property=\"og:title\" content=\"Situation f\u00fcr Schweizer Start-ups - Organisator\" \/>\n<meta property=\"og:description\" content=\"&nbsp; Der erste Bericht \u00fcber die Situation f\u00fcr Schweizer Start-ups z\u00e4hlt 120 Seiten und Statistiken. Er zeigt Datengrundlagen zu wachstumsstarken Unternehmen. Diese Daten zeichnen auch im internationalen Vergleich ein positives Bild des Schweizer Start-up-\u00d6kosystems. Die Schweiz z\u00e4hlt zu den L\u00e4ndern mit den besten Rahmenbedingungen f\u00fcr unternehmerische Aktivit\u00e4ten. Allerdings wird die Gr\u00fcndung eines neuen Unternehmens in [&hellip;]\" \/>\n<meta property=\"og:url\" content=\"https:\/\/www.organisator.ch\/en\/general\/2017-04-03\/situation-fuer-schweizer-start-ups\/\" \/>\n<meta property=\"og:site_name\" content=\"Organisator\" \/>\n<meta property=\"article:publisher\" content=\"https:\/\/www.facebook.com\/OrganisatorFachmagazin\" \/>\n<meta property=\"article:published_time\" content=\"2017-04-03T09:19:23+00:00\" \/>\n<meta property=\"og:image\" content=\"https:\/\/www.organisator.ch\/wp-content\/uploads\/2017\/04\/Depositphotos_denismagil-1024x799.jpg\" \/>\n\t<meta property=\"og:image:width\" content=\"1024\" \/>\n\t<meta property=\"og:image:height\" content=\"799\" \/>\n\t<meta property=\"og:image:type\" content=\"image\/jpeg\" \/>\n<meta name=\"author\" content=\"michael.merz\" \/>\n<meta name=\"twitter:card\" content=\"summary_large_image\" \/>\n<script type=\"application\/ld+json\" class=\"yoast-schema-graph\">{\"@context\":\"https:\\\/\\\/schema.org\",\"@graph\":[{\"@type\":\"Article\",\"@id\":\"https:\\\/\\\/www.organisator.ch\\\/de\\\/allgemein\\\/2017-04-03\\\/situation-fuer-schweizer-start-ups\\\/#article\",\"isPartOf\":{\"@id\":\"https:\\\/\\\/www.organisator.ch\\\/de\\\/allgemein\\\/2017-04-03\\\/situation-fuer-schweizer-start-ups\\\/\"},\"author\":{\"name\":\"michael.merz\",\"@id\":\"https:\\\/\\\/www.organisator.ch\\\/#\\\/schema\\\/person\\\/134708ca9321c57b0362cceb7948ffbd\"},\"headline\":\"Situation f\u00fcr Schweizer Start-ups\",\"datePublished\":\"2017-04-03T09:19:23+00:00\",\"mainEntityOfPage\":{\"@id\":\"https:\\\/\\\/www.organisator.ch\\\/de\\\/allgemein\\\/2017-04-03\\\/situation-fuer-schweizer-start-ups\\\/\"},\"wordCount\":437,\"commentCount\":0,\"publisher\":{\"@id\":\"https:\\\/\\\/www.organisator.ch\\\/#organization\"},\"image\":{\"@id\":\"https:\\\/\\\/www.organisator.ch\\\/de\\\/allgemein\\\/2017-04-03\\\/situation-fuer-schweizer-start-ups\\\/#primaryimage\"},\"thumbnailUrl\":\"https:\\\/\\\/www.organisator.ch\\\/wp-content\\\/uploads\\\/2017\\\/04\\\/Depositphotos_denismagil.jpg\",\"keywords\":[\"Bundesrat\",\"Schweiz\",\"Start-ups\"],\"articleSection\":[\"Allgemein\"],\"inLanguage\":\"en-US\"},{\"@type\":\"WebPage\",\"@id\":\"https:\\\/\\\/www.organisator.ch\\\/de\\\/allgemein\\\/2017-04-03\\\/situation-fuer-schweizer-start-ups\\\/\",\"url\":\"https:\\\/\\\/www.organisator.ch\\\/de\\\/allgemein\\\/2017-04-03\\\/situation-fuer-schweizer-start-ups\\\/\",\"name\":\"Situation f\u00fcr Schweizer Start-ups - Organisator\",\"isPartOf\":{\"@id\":\"https:\\\/\\\/www.organisator.ch\\\/#website\"},\"primaryImageOfPage\":{\"@id\":\"https:\\\/\\\/www.organisator.ch\\\/de\\\/allgemein\\\/2017-04-03\\\/situation-fuer-schweizer-start-ups\\\/#primaryimage\"},\"image\":{\"@id\":\"https:\\\/\\\/www.organisator.ch\\\/de\\\/allgemein\\\/2017-04-03\\\/situation-fuer-schweizer-start-ups\\\/#primaryimage\"},\"thumbnailUrl\":\"https:\\\/\\\/www.organisator.ch\\\/wp-content\\\/uploads\\\/2017\\\/04\\\/Depositphotos_denismagil.jpg\",\"datePublished\":\"2017-04-03T09:19:23+00:00\",\"breadcrumb\":{\"@id\":\"https:\\\/\\\/www.organisator.ch\\\/de\\\/allgemein\\\/2017-04-03\\\/situation-fuer-schweizer-start-ups\\\/#breadcrumb\"},\"inLanguage\":\"en-US\",\"potentialAction\":[{\"@type\":\"ReadAction\",\"target\":[\"https:\\\/\\\/www.organisator.ch\\\/de\\\/allgemein\\\/2017-04-03\\\/situation-fuer-schweizer-start-ups\\\/\"]}]},{\"@type\":\"ImageObject\",\"inLanguage\":\"en-US\",\"@id\":\"https:\\\/\\\/www.organisator.ch\\\/de\\\/allgemein\\\/2017-04-03\\\/situation-fuer-schweizer-start-ups\\\/#primaryimage\",\"url\":\"https:\\\/\\\/www.organisator.ch\\\/wp-content\\\/uploads\\\/2017\\\/04\\\/Depositphotos_denismagil.jpg\",\"contentUrl\":\"https:\\\/\\\/www.organisator.ch\\\/wp-content\\\/uploads\\\/2017\\\/04\\\/Depositphotos_denismagil.jpg\",\"width\":2000,\"height\":1560,\"caption\":\"Die Rahmenbedingungen in der Schweiz sind gut. Die Herausforderung liegt darin, Unternehmen an der Wirtschaftsdynamik und der technologischen Entwicklung anzupassen. (Bild: Depositphotos_enismagil)\"},{\"@type\":\"BreadcrumbList\",\"@id\":\"https:\\\/\\\/www.organisator.ch\\\/de\\\/allgemein\\\/2017-04-03\\\/situation-fuer-schweizer-start-ups\\\/#breadcrumb\",\"itemListElement\":[{\"@type\":\"ListItem\",\"position\":1,\"name\":\"Home\",\"item\":\"https:\\\/\\\/www.organisator.ch\\\/\"},{\"@type\":\"ListItem\",\"position\":2,\"name\":\"Situation f\u00fcr Schweizer Start-ups\"}]},{\"@type\":\"WebSite\",\"@id\":\"https:\\\/\\\/www.organisator.ch\\\/#website\",\"url\":\"https:\\\/\\\/www.organisator.ch\\\/\",\"name\":\"Organisator\",\"description\":\"Kompetent. Praxisnah. Der ORGANISATOR bereitet in 10 Ausgaben pro Jahr die wesentlichen Themen f\u00fcr F\u00fchrungskr\u00e4fte von KMU auf.\",\"publisher\":{\"@id\":\"https:\\\/\\\/www.organisator.ch\\\/#organization\"},\"potentialAction\":[{\"@type\":\"SearchAction\",\"target\":{\"@type\":\"EntryPoint\",\"urlTemplate\":\"https:\\\/\\\/www.organisator.ch\\\/?s={search_term_string}\"},\"query-input\":{\"@type\":\"PropertyValueSpecification\",\"valueRequired\":true,\"valueName\":\"search_term_string\"}}],\"inLanguage\":\"en-US\"},{\"@type\":\"Organization\",\"@id\":\"https:\\\/\\\/www.organisator.ch\\\/#organization\",\"name\":\"Organisator\",\"url\":\"https:\\\/\\\/www.organisator.ch\\\/\",\"logo\":{\"@type\":\"ImageObject\",\"inLanguage\":\"en-US\",\"@id\":\"https:\\\/\\\/www.organisator.ch\\\/#\\\/schema\\\/logo\\\/image\\\/\",\"url\":\"https:\\\/\\\/www.organisator.ch\\\/wp-content\\\/uploads\\\/2022\\\/01\\\/Logo_Organisator_Website.png\",\"contentUrl\":\"https:\\\/\\\/www.organisator.ch\\\/wp-content\\\/uploads\\\/2022\\\/01\\\/Logo_Organisator_Website.png\",\"width\":800,\"height\":77,\"caption\":\"Organisator\"},\"image\":{\"@id\":\"https:\\\/\\\/www.organisator.ch\\\/#\\\/schema\\\/logo\\\/image\\\/\"},\"sameAs\":[\"https:\\\/\\\/www.facebook.com\\\/OrganisatorFachmagazin\",\"https:\\\/\\\/www.linkedin.com\\\/showcase\\\/organisator-das-magazin-fr-kmu\",\"https:\\\/\\\/www.xing.com\\\/news\\\/pages\\\/organisator-ch-695\",\"https:\\\/\\\/www.youtube.com\\\/channel\\\/UCGP2Sq0iWaZwT3BdIAQFYpw\"]},{\"@type\":\"Person\",\"@id\":\"https:\\\/\\\/www.organisator.ch\\\/#\\\/schema\\\/person\\\/134708ca9321c57b0362cceb7948ffbd\",\"name\":\"michael.merz\",\"image\":{\"@type\":\"ImageObject\",\"inLanguage\":\"en-US\",\"@id\":\"https:\\\/\\\/secure.gravatar.com\\\/avatar\\\/?s=96&d=mm&r=g\",\"url\":\"https:\\\/\\\/secure.gravatar.com\\\/avatar\\\/?s=96&d=mm&r=g\",\"contentUrl\":\"https:\\\/\\\/secure.gravatar.com\\\/avatar\\\/?s=96&d=mm&r=g\",\"caption\":\"michael.merz\"},\"url\":\"https:\\\/\\\/www.organisator.ch\\\/en\\\/author\\\/michael-merz\\\/\"}]}<\/script>\n<!-- \/ Yoast SEO plugin. -->","yoast_head_json":{"title":"Situation for Swiss Start-ups - Organizer","robots":{"index":"index","follow":"follow","max-snippet":"max-snippet:-1","max-image-preview":"max-image-preview:large","max-video-preview":"max-video-preview:-1"},"canonical":"https:\/\/www.organisator.ch\/en\/general\/2017-04-03\/situation-fuer-schweizer-start-ups\/","og_locale":"en_US","og_type":"article","og_title":"Situation f\u00fcr Schweizer Start-ups - Organisator","og_description":"&nbsp; Der erste Bericht \u00fcber die Situation f\u00fcr Schweizer Start-ups z\u00e4hlt 120 Seiten und Statistiken. Er zeigt Datengrundlagen zu wachstumsstarken Unternehmen. Diese Daten zeichnen auch im internationalen Vergleich ein positives Bild des Schweizer Start-up-\u00d6kosystems. Die Schweiz z\u00e4hlt zu den L\u00e4ndern mit den besten Rahmenbedingungen f\u00fcr unternehmerische Aktivit\u00e4ten. Allerdings wird die Gr\u00fcndung eines neuen Unternehmens in [&hellip;]","og_url":"https:\/\/www.organisator.ch\/en\/general\/2017-04-03\/situation-fuer-schweizer-start-ups\/","og_site_name":"Organisator","article_publisher":"https:\/\/www.facebook.com\/OrganisatorFachmagazin","article_published_time":"2017-04-03T09:19:23+00:00","og_image":[{"width":1024,"height":799,"url":"https:\/\/www.organisator.ch\/wp-content\/uploads\/2017\/04\/Depositphotos_denismagil-1024x799.jpg","type":"image\/jpeg"}],"author":"michael.merz","twitter_card":"summary_large_image","schema":{"@context":"https:\/\/schema.org","@graph":[{"@type":"Article","@id":"https:\/\/www.organisator.ch\/de\/allgemein\/2017-04-03\/situation-fuer-schweizer-start-ups\/#article","isPartOf":{"@id":"https:\/\/www.organisator.ch\/de\/allgemein\/2017-04-03\/situation-fuer-schweizer-start-ups\/"},"author":{"name":"michael.merz","@id":"https:\/\/www.organisator.ch\/#\/schema\/person\/134708ca9321c57b0362cceb7948ffbd"},"headline":"Situation f\u00fcr Schweizer Start-ups","datePublished":"2017-04-03T09:19:23+00:00","mainEntityOfPage":{"@id":"https:\/\/www.organisator.ch\/de\/allgemein\/2017-04-03\/situation-fuer-schweizer-start-ups\/"},"wordCount":437,"commentCount":0,"publisher":{"@id":"https:\/\/www.organisator.ch\/#organization"},"image":{"@id":"https:\/\/www.organisator.ch\/de\/allgemein\/2017-04-03\/situation-fuer-schweizer-start-ups\/#primaryimage"},"thumbnailUrl":"https:\/\/www.organisator.ch\/wp-content\/uploads\/2017\/04\/Depositphotos_denismagil.jpg","keywords":["Bundesrat","Schweiz","Start-ups"],"articleSection":["Allgemein"],"inLanguage":"en-US"},{"@type":"WebPage","@id":"https:\/\/www.organisator.ch\/de\/allgemein\/2017-04-03\/situation-fuer-schweizer-start-ups\/","url":"https:\/\/www.organisator.ch\/de\/allgemein\/2017-04-03\/situation-fuer-schweizer-start-ups\/","name":"Situation for Swiss Start-ups - Organizer","isPartOf":{"@id":"https:\/\/www.organisator.ch\/#website"},"primaryImageOfPage":{"@id":"https:\/\/www.organisator.ch\/de\/allgemein\/2017-04-03\/situation-fuer-schweizer-start-ups\/#primaryimage"},"image":{"@id":"https:\/\/www.organisator.ch\/de\/allgemein\/2017-04-03\/situation-fuer-schweizer-start-ups\/#primaryimage"},"thumbnailUrl":"https:\/\/www.organisator.ch\/wp-content\/uploads\/2017\/04\/Depositphotos_denismagil.jpg","datePublished":"2017-04-03T09:19:23+00:00","breadcrumb":{"@id":"https:\/\/www.organisator.ch\/de\/allgemein\/2017-04-03\/situation-fuer-schweizer-start-ups\/#breadcrumb"},"inLanguage":"en-US","potentialAction":[{"@type":"ReadAction","target":["https:\/\/www.organisator.ch\/de\/allgemein\/2017-04-03\/situation-fuer-schweizer-start-ups\/"]}]},{"@type":"ImageObject","inLanguage":"en-US","@id":"https:\/\/www.organisator.ch\/de\/allgemein\/2017-04-03\/situation-fuer-schweizer-start-ups\/#primaryimage","url":"https:\/\/www.organisator.ch\/wp-content\/uploads\/2017\/04\/Depositphotos_denismagil.jpg","contentUrl":"https:\/\/www.organisator.ch\/wp-content\/uploads\/2017\/04\/Depositphotos_denismagil.jpg","width":2000,"height":1560,"caption":"Die Rahmenbedingungen in der Schweiz sind gut. Die Herausforderung liegt darin, Unternehmen an der Wirtschaftsdynamik und der technologischen Entwicklung anzupassen. (Bild: Depositphotos_enismagil)"},{"@type":"BreadcrumbList","@id":"https:\/\/www.organisator.ch\/de\/allgemein\/2017-04-03\/situation-fuer-schweizer-start-ups\/#breadcrumb","itemListElement":[{"@type":"ListItem","position":1,"name":"Home","item":"https:\/\/www.organisator.ch\/"},{"@type":"ListItem","position":2,"name":"Situation f\u00fcr Schweizer Start-ups"}]},{"@type":"WebSite","@id":"https:\/\/www.organisator.ch\/#website","url":"https:\/\/www.organisator.ch\/","name":"Organizer","description":"Competent. Practical. In 10 issues per year, ORGANISATOR presents the essential topics for managers of SMEs.","publisher":{"@id":"https:\/\/www.organisator.ch\/#organization"},"potentialAction":[{"@type":"SearchAction","target":{"@type":"EntryPoint","urlTemplate":"https:\/\/www.organisator.ch\/?s={search_term_string}"},"query-input":{"@type":"PropertyValueSpecification","valueRequired":true,"valueName":"search_term_string"}}],"inLanguage":"en-US"},{"@type":"Organization","@id":"https:\/\/www.organisator.ch\/#organization","name":"Organizer","url":"https:\/\/www.organisator.ch\/","logo":{"@type":"ImageObject","inLanguage":"en-US","@id":"https:\/\/www.organisator.ch\/#\/schema\/logo\/image\/","url":"https:\/\/www.organisator.ch\/wp-content\/uploads\/2022\/01\/Logo_Organisator_Website.png","contentUrl":"https:\/\/www.organisator.ch\/wp-content\/uploads\/2022\/01\/Logo_Organisator_Website.png","width":800,"height":77,"caption":"Organisator"},"image":{"@id":"https:\/\/www.organisator.ch\/#\/schema\/logo\/image\/"},"sameAs":["https:\/\/www.facebook.com\/OrganisatorFachmagazin","https:\/\/www.linkedin.com\/showcase\/organisator-das-magazin-fr-kmu","https:\/\/www.xing.com\/news\/pages\/organisator-ch-695","https:\/\/www.youtube.com\/channel\/UCGP2Sq0iWaZwT3BdIAQFYpw"]},{"@type":"Person","@id":"https:\/\/www.organisator.ch\/#\/schema\/person\/134708ca9321c57b0362cceb7948ffbd","name":"michael.merz","image":{"@type":"ImageObject","inLanguage":"en-US","@id":"https:\/\/secure.gravatar.com\/avatar\/?s=96&d=mm&r=g","url":"https:\/\/secure.gravatar.com\/avatar\/?s=96&d=mm&r=g","contentUrl":"https:\/\/secure.gravatar.com\/avatar\/?s=96&d=mm&r=g","caption":"michael.merz"},"url":"https:\/\/www.organisator.ch\/en\/author\/michael-merz\/"}]}},"_links":{"self":[{"href":"https:\/\/www.organisator.ch\/en\/wp-json\/wp\/v2\/posts\/1723","targetHints":{"allow":["GET"]}}],"collection":[{"href":"https:\/\/www.organisator.ch\/en\/wp-json\/wp\/v2\/posts"}],"about":[{"href":"https:\/\/www.organisator.ch\/en\/wp-json\/wp\/v2\/types\/post"}],"author":[{"embeddable":true,"href":"https:\/\/www.organisator.ch\/en\/wp-json\/wp\/v2\/users\/5"}],"replies":[{"embeddable":true,"href":"https:\/\/www.organisator.ch\/en\/wp-json\/wp\/v2\/comments?post=1723"}],"version-history":[{"count":0,"href":"https:\/\/www.organisator.ch\/en\/wp-json\/wp\/v2\/posts\/1723\/revisions"}],"wp:featuredmedia":[{"embeddable":true,"href":"https:\/\/www.organisator.ch\/en\/wp-json\/wp\/v2\/media\/1724"}],"wp:attachment":[{"href":"https:\/\/www.organisator.ch\/en\/wp-json\/wp\/v2\/media?parent=1723"}],"wp:term":[{"taxonomy":"category","embeddable":true,"href":"https:\/\/www.organisator.ch\/en\/wp-json\/wp\/v2\/categories?post=1723"},{"taxonomy":"post_tag","embeddable":true,"href":"https:\/\/www.organisator.ch\/en\/wp-json\/wp\/v2\/tags?post=1723"}],"curies":[{"name":"wp","href":"https:\/\/api.w.org\/{rel}","templated":true}]}}