{"id":17316,"date":"2022-10-25T03:51:27","date_gmt":"2022-10-25T01:51:27","guid":{"rendered":"https:\/\/www.organisator.ch\/?p=17316"},"modified":"2022-10-14T14:10:14","modified_gmt":"2022-10-14T12:10:14","slug":"individuelle-software-fuer-unternehmen","status":"publish","type":"post","link":"https:\/\/www.organisator.ch\/en\/management\/it\/2022-10-25\/individuelle-software-fuer-unternehmen\/","title":{"rendered":"Customized software for companies"},"content":{"rendered":"<section class=\"placed focus\">\n<figure id=\"attachment_17319\" aria-describedby=\"caption-attachment-17319\" style=\"width: 680px\" class=\"wp-caption alignnone\"><img loading=\"lazy\" decoding=\"async\" class=\"size-full wp-image-17319\" src=\"https:\/\/www.organisator.ch\/wp-content\/uploads\/2022\/10\/Individuelle-Software-fuer-Unternehmen_Organiastor.jpg\" alt=\"\" width=\"680\" height=\"454\" srcset=\"https:\/\/www.organisator.ch\/wp-content\/uploads\/2022\/10\/Individuelle-Software-fuer-Unternehmen_Organiastor.jpg 680w, https:\/\/www.organisator.ch\/wp-content\/uploads\/2022\/10\/Individuelle-Software-fuer-Unternehmen_Organiastor-18x12.jpg 18w, https:\/\/www.organisator.ch\/wp-content\/uploads\/2022\/10\/Individuelle-Software-fuer-Unternehmen_Organiastor-262x175.jpg 262w, https:\/\/www.organisator.ch\/wp-content\/uploads\/2022\/10\/Individuelle-Software-fuer-Unternehmen_Organiastor-524x350.jpg 524w, https:\/\/www.organisator.ch\/wp-content\/uploads\/2022\/10\/Individuelle-Software-fuer-Unternehmen_Organiastor-300x200.jpg 300w\" sizes=\"auto, (max-width: 680px) 100vw, 680px\" \/><figcaption id=\"caption-attachment-17319\" class=\"wp-caption-text\">(Image: zVg)<\/figcaption><\/figure>\n<p>We don't just talk about digitization - we take it to the next level for our customers. Because our goal is to simplify workflows in complex regulatory environments and thus help increase efficiency. In doing so, we continuously learn from our customers. And they from us. That's why good software starts with listening. It's the only way we can develop solutions that stand the test of time and meet customer needs - whether it's digitizing documents, optimizing and automating processes, or modernizing enterprise software. We first take a close look at the customer's workflows and only then develop the appropriate software functions.<\/p>\n<p>Our customers - several leading Swiss multinationals and 20 Swiss cantons - place their trust in us for the development and maintenance of their customized software systems. As a reliable partner, we accompany them from the project idea to implementation and far beyond. With our software solutions, customers not only ensure their efficiency and high process quality, but also their competitiveness. Our solutions are based on standards, which customers can easily adapt to their corporate structure and process world. Flexible adaptation to market changes and user-friendliness are highly appreciated. That is why we develop the software in close cooperation with the users and not in silence. We do not follow a stubborn specification sheet and do without unnecessary bells and whistles. And we work consistently with our <a href=\"https:\/\/www.loewenfels.ch\/\">Lion Rock Agile Framework<\/a>which has been used and continuously developed for over ten years.<\/p>\n<h3>Strong knowledge<\/h3>\n<p>Well-trained employees and our consistent way of working - these are our strengths. In addition to in-depth IT knowledge, we also bring extensive expertise in the area of social insurance. You can rely on our knowledge and fair advice. Because in order to provide you with the best possible software solution, we work in a progressive, transparent and agile manner. We check the development status of a software at short intervals and adjust it to the customer's wishes. If the needs change, we can adapt the solution within a short time. Our tools and technologies help to ensure the high quality of the software. As a result, you as a customer have only a minimal testing effort and can rely on constant improvements. Because quite honestly: We stand for reliable software and sustainable partnerships. Do you?<\/p>\n<p>Even after the implementation, our agile teams are there for you with a well-coordinated support. As a competent and experienced software provider, we support and accompany you comprehensively: from the project idea to the introduction, during ongoing operation as well as for future projects. True to the motto: \"Swiss Software Built to Last.\" We ignite the turbo for the digitalization of our customers!<\/p>\n<\/section>\n<section class=\"placed\">\u00a0<\/section>\n<section class=\"placed\">\n<blockquote><p><strong>Contact<\/strong><\/p>\n<p>L\u00f6wenfels Partner AG<br \/>\nMaihofstrasse 1<br \/>\nCH-6004 Lucerne<br \/>\nT +41 41 418 44 00<\/p>\n<p><a href=\"mailto:info@loewenfels.ch\">info@loewenfels.ch<\/a><br \/>\n<a href=\"http:\/\/www.loewenfels.ch\">www.loewenfels.ch<\/a><\/p>\n<p><img loading=\"lazy\" decoding=\"async\" class=\"alignnone size-full wp-image-17317\" src=\"https:\/\/www.organisator.ch\/wp-content\/uploads\/2022\/10\/Individuelle-Software-fuer-Unternehmen-Logo_Organiastor.jpg\" alt=\"\" width=\"340\" height=\"149\" srcset=\"https:\/\/www.organisator.ch\/wp-content\/uploads\/2022\/10\/Individuelle-Software-fuer-Unternehmen-Logo_Organiastor.jpg 340w, https:\/\/www.organisator.ch\/wp-content\/uploads\/2022\/10\/Individuelle-Software-fuer-Unternehmen-Logo_Organiastor-18x8.jpg 18w, https:\/\/www.organisator.ch\/wp-content\/uploads\/2022\/10\/Individuelle-Software-fuer-Unternehmen-Logo_Organiastor-300x131.jpg 300w\" sizes=\"auto, (max-width: 340px) 100vw, 340px\" \/><\/p><\/blockquote>\n<\/section>","protected":false},"excerpt":{"rendered":"<p>Wir reden nicht nur von Digitalisierung \u2013 wir bringen sie bei unseren Kunden auf das n\u00e4chste Level. Denn unser Ziel ist es, Arbeitsabl\u00e4ufe in komplexen regulatorischen Umgebungen zu vereinfachen und somit zur Effizienzsteigerung zu verhelfen. Dabei lernen wir kontinuierlich von unseren Kunden. Und sie von uns. Deshalb f\u00e4ngt eine gute Software mit Zuh\u00f6ren an. Nur [&hellip;]<\/p>\n","protected":false},"author":4,"featured_media":17319,"comment_status":"closed","ping_status":"closed","sticky":false,"template":"","format":"standard","meta":{"_acf_changed":false,"_yoast_wpseo_focuskw":"Individuelle Software","_yoast_wpseo_metadesc":"Seit \u00fcber 30 Jahren steht die Firma L\u00f6wenfels f\u00fcr individuelle Software. Im Mittelpunkt stehen dabei die Kundenbed\u00fcrfnisse.","articlekey":"","footnotes":""},"categories":[27],"tags":[156,287,2696],"class_list":["post-17316","post","type-post","status-publish","format-standard","has-post-thumbnail","hentry","category-it","tag-digitalisierung","tag-itbusiness-software","tag-publireportage"],"acf":[],"yoast_head":"<!-- This site is optimized with the Yoast SEO plugin v27.4 - https:\/\/yoast.com\/product\/yoast-seo-wordpress\/ -->\n<title>Individuelle Software f\u00fcr Unternehmen - Organisator<\/title>\n<meta name=\"description\" content=\"Seit \u00fcber 30 Jahren steht die Firma L\u00f6wenfels f\u00fcr individuelle Software. Im Mittelpunkt stehen dabei die Kundenbed\u00fcrfnisse.\" \/>\n<meta name=\"robots\" content=\"index, follow, max-snippet:-1, max-image-preview:large, max-video-preview:-1\" \/>\n<link rel=\"canonical\" href=\"https:\/\/www.organisator.ch\/en\/management\/it\/2022-10-25\/individuelle-software-fuer-unternehmen\/\" \/>\n<meta property=\"og:locale\" content=\"en_US\" \/>\n<meta property=\"og:type\" content=\"article\" \/>\n<meta property=\"og:title\" content=\"Individuelle Software f\u00fcr Unternehmen - Organisator\" \/>\n<meta property=\"og:description\" content=\"Seit \u00fcber 30 Jahren steht die Firma L\u00f6wenfels f\u00fcr individuelle Software. Im Mittelpunkt stehen dabei die Kundenbed\u00fcrfnisse.\" \/>\n<meta property=\"og:url\" content=\"https:\/\/www.organisator.ch\/en\/management\/it\/2022-10-25\/individuelle-software-fuer-unternehmen\/\" \/>\n<meta property=\"og:site_name\" content=\"Organisator\" \/>\n<meta property=\"article:publisher\" content=\"https:\/\/www.facebook.com\/OrganisatorFachmagazin\" \/>\n<meta property=\"article:published_time\" content=\"2022-10-25T01:51:27+00:00\" \/>\n<meta property=\"og:image\" content=\"https:\/\/www.organisator.ch\/wp-content\/uploads\/2022\/10\/Individuelle-Software-fuer-Unternehmen_Organiastor.jpg\" \/>\n\t<meta property=\"og:image:width\" content=\"680\" \/>\n\t<meta property=\"og:image:height\" content=\"454\" \/>\n\t<meta property=\"og:image:type\" content=\"image\/jpeg\" \/>\n<meta name=\"author\" content=\"thomas.berner\" \/>\n<meta name=\"twitter:card\" content=\"summary_large_image\" \/>\n<script type=\"application\/ld+json\" class=\"yoast-schema-graph\">{\"@context\":\"https:\\\/\\\/schema.org\",\"@graph\":[{\"@type\":\"Article\",\"@id\":\"https:\\\/\\\/www.organisator.ch\\\/management\\\/it\\\/2022-10-25\\\/individuelle-software-fuer-unternehmen\\\/#article\",\"isPartOf\":{\"@id\":\"https:\\\/\\\/www.organisator.ch\\\/management\\\/it\\\/2022-10-25\\\/individuelle-software-fuer-unternehmen\\\/\"},\"author\":{\"name\":\"thomas.berner\",\"@id\":\"https:\\\/\\\/www.organisator.ch\\\/#\\\/schema\\\/person\\\/6f650f90b2842cd4c0cc334b4e36f67e\"},\"headline\":\"Individuelle Software f\u00fcr Unternehmen\",\"datePublished\":\"2022-10-25T01:51:27+00:00\",\"mainEntityOfPage\":{\"@id\":\"https:\\\/\\\/www.organisator.ch\\\/management\\\/it\\\/2022-10-25\\\/individuelle-software-fuer-unternehmen\\\/\"},\"wordCount\":486,\"publisher\":{\"@id\":\"https:\\\/\\\/www.organisator.ch\\\/#organization\"},\"image\":{\"@id\":\"https:\\\/\\\/www.organisator.ch\\\/management\\\/it\\\/2022-10-25\\\/individuelle-software-fuer-unternehmen\\\/#primaryimage\"},\"thumbnailUrl\":\"https:\\\/\\\/www.organisator.ch\\\/wp-content\\\/uploads\\\/2022\\\/10\\\/Individuelle-Software-fuer-Unternehmen_Organiastor.jpg\",\"keywords\":[\"Digitalisierung\",\"IT\u2009&amp;\u2009Business Software\",\"Publireportage\"],\"articleSection\":[\"IT\"],\"inLanguage\":\"en-US\"},{\"@type\":\"WebPage\",\"@id\":\"https:\\\/\\\/www.organisator.ch\\\/management\\\/it\\\/2022-10-25\\\/individuelle-software-fuer-unternehmen\\\/\",\"url\":\"https:\\\/\\\/www.organisator.ch\\\/management\\\/it\\\/2022-10-25\\\/individuelle-software-fuer-unternehmen\\\/\",\"name\":\"Individuelle Software f\u00fcr Unternehmen - Organisator\",\"isPartOf\":{\"@id\":\"https:\\\/\\\/www.organisator.ch\\\/#website\"},\"primaryImageOfPage\":{\"@id\":\"https:\\\/\\\/www.organisator.ch\\\/management\\\/it\\\/2022-10-25\\\/individuelle-software-fuer-unternehmen\\\/#primaryimage\"},\"image\":{\"@id\":\"https:\\\/\\\/www.organisator.ch\\\/management\\\/it\\\/2022-10-25\\\/individuelle-software-fuer-unternehmen\\\/#primaryimage\"},\"thumbnailUrl\":\"https:\\\/\\\/www.organisator.ch\\\/wp-content\\\/uploads\\\/2022\\\/10\\\/Individuelle-Software-fuer-Unternehmen_Organiastor.jpg\",\"datePublished\":\"2022-10-25T01:51:27+00:00\",\"description\":\"Seit \u00fcber 30 Jahren steht die Firma L\u00f6wenfels f\u00fcr individuelle Software. Im Mittelpunkt stehen dabei die Kundenbed\u00fcrfnisse.\",\"breadcrumb\":{\"@id\":\"https:\\\/\\\/www.organisator.ch\\\/management\\\/it\\\/2022-10-25\\\/individuelle-software-fuer-unternehmen\\\/#breadcrumb\"},\"inLanguage\":\"en-US\",\"potentialAction\":[{\"@type\":\"ReadAction\",\"target\":[\"https:\\\/\\\/www.organisator.ch\\\/management\\\/it\\\/2022-10-25\\\/individuelle-software-fuer-unternehmen\\\/\"]}]},{\"@type\":\"ImageObject\",\"inLanguage\":\"en-US\",\"@id\":\"https:\\\/\\\/www.organisator.ch\\\/management\\\/it\\\/2022-10-25\\\/individuelle-software-fuer-unternehmen\\\/#primaryimage\",\"url\":\"https:\\\/\\\/www.organisator.ch\\\/wp-content\\\/uploads\\\/2022\\\/10\\\/Individuelle-Software-fuer-Unternehmen_Organiastor.jpg\",\"contentUrl\":\"https:\\\/\\\/www.organisator.ch\\\/wp-content\\\/uploads\\\/2022\\\/10\\\/Individuelle-Software-fuer-Unternehmen_Organiastor.jpg\",\"width\":680,\"height\":454,\"caption\":\"(Bild: zVg)\"},{\"@type\":\"BreadcrumbList\",\"@id\":\"https:\\\/\\\/www.organisator.ch\\\/management\\\/it\\\/2022-10-25\\\/individuelle-software-fuer-unternehmen\\\/#breadcrumb\",\"itemListElement\":[{\"@type\":\"ListItem\",\"position\":1,\"name\":\"Home\",\"item\":\"https:\\\/\\\/www.organisator.ch\\\/\"},{\"@type\":\"ListItem\",\"position\":2,\"name\":\"Individuelle Software f\u00fcr Unternehmen\"}]},{\"@type\":\"WebSite\",\"@id\":\"https:\\\/\\\/www.organisator.ch\\\/#website\",\"url\":\"https:\\\/\\\/www.organisator.ch\\\/\",\"name\":\"Organisator\",\"description\":\"Kompetent. Praxisnah. Der ORGANISATOR bereitet in 10 Ausgaben pro Jahr die wesentlichen Themen f\u00fcr F\u00fchrungskr\u00e4fte von KMU auf.\",\"publisher\":{\"@id\":\"https:\\\/\\\/www.organisator.ch\\\/#organization\"},\"potentialAction\":[{\"@type\":\"SearchAction\",\"target\":{\"@type\":\"EntryPoint\",\"urlTemplate\":\"https:\\\/\\\/www.organisator.ch\\\/?s={search_term_string}\"},\"query-input\":{\"@type\":\"PropertyValueSpecification\",\"valueRequired\":true,\"valueName\":\"search_term_string\"}}],\"inLanguage\":\"en-US\"},{\"@type\":\"Organization\",\"@id\":\"https:\\\/\\\/www.organisator.ch\\\/#organization\",\"name\":\"Organisator\",\"url\":\"https:\\\/\\\/www.organisator.ch\\\/\",\"logo\":{\"@type\":\"ImageObject\",\"inLanguage\":\"en-US\",\"@id\":\"https:\\\/\\\/www.organisator.ch\\\/#\\\/schema\\\/logo\\\/image\\\/\",\"url\":\"https:\\\/\\\/www.organisator.ch\\\/wp-content\\\/uploads\\\/2022\\\/01\\\/Logo_Organisator_Website.png\",\"contentUrl\":\"https:\\\/\\\/www.organisator.ch\\\/wp-content\\\/uploads\\\/2022\\\/01\\\/Logo_Organisator_Website.png\",\"width\":800,\"height\":77,\"caption\":\"Organisator\"},\"image\":{\"@id\":\"https:\\\/\\\/www.organisator.ch\\\/#\\\/schema\\\/logo\\\/image\\\/\"},\"sameAs\":[\"https:\\\/\\\/www.facebook.com\\\/OrganisatorFachmagazin\",\"https:\\\/\\\/www.linkedin.com\\\/showcase\\\/organisator-das-magazin-fr-kmu\",\"https:\\\/\\\/www.xing.com\\\/news\\\/pages\\\/organisator-ch-695\",\"https:\\\/\\\/www.youtube.com\\\/channel\\\/UCGP2Sq0iWaZwT3BdIAQFYpw\"]},{\"@type\":\"Person\",\"@id\":\"https:\\\/\\\/www.organisator.ch\\\/#\\\/schema\\\/person\\\/6f650f90b2842cd4c0cc334b4e36f67e\",\"name\":\"thomas.berner\",\"image\":{\"@type\":\"ImageObject\",\"inLanguage\":\"en-US\",\"@id\":\"https:\\\/\\\/secure.gravatar.com\\\/avatar\\\/ac5001d2a36cb6c6cd3e50789007ffca834b477b74a2144564522e944eabff61?s=96&d=mm&r=g\",\"url\":\"https:\\\/\\\/secure.gravatar.com\\\/avatar\\\/ac5001d2a36cb6c6cd3e50789007ffca834b477b74a2144564522e944eabff61?s=96&d=mm&r=g\",\"contentUrl\":\"https:\\\/\\\/secure.gravatar.com\\\/avatar\\\/ac5001d2a36cb6c6cd3e50789007ffca834b477b74a2144564522e944eabff61?s=96&d=mm&r=g\",\"caption\":\"thomas.berner\"},\"url\":\"https:\\\/\\\/www.organisator.ch\\\/en\\\/author\\\/thomas-berner\\\/\"}]}<\/script>\n<!-- \/ Yoast SEO plugin. -->","yoast_head_json":{"title":"Custom software for business - organizer","description":"For over 30 years, the L\u00f6wenfels company has stood for individual software. The focus is on customer needs.","robots":{"index":"index","follow":"follow","max-snippet":"max-snippet:-1","max-image-preview":"max-image-preview:large","max-video-preview":"max-video-preview:-1"},"canonical":"https:\/\/www.organisator.ch\/en\/management\/it\/2022-10-25\/individuelle-software-fuer-unternehmen\/","og_locale":"en_US","og_type":"article","og_title":"Individuelle Software f\u00fcr Unternehmen - Organisator","og_description":"Seit \u00fcber 30 Jahren steht die Firma L\u00f6wenfels f\u00fcr individuelle Software. Im Mittelpunkt stehen dabei die Kundenbed\u00fcrfnisse.","og_url":"https:\/\/www.organisator.ch\/en\/management\/it\/2022-10-25\/individuelle-software-fuer-unternehmen\/","og_site_name":"Organisator","article_publisher":"https:\/\/www.facebook.com\/OrganisatorFachmagazin","article_published_time":"2022-10-25T01:51:27+00:00","og_image":[{"width":680,"height":454,"url":"https:\/\/www.organisator.ch\/wp-content\/uploads\/2022\/10\/Individuelle-Software-fuer-Unternehmen_Organiastor.jpg","type":"image\/jpeg"}],"author":"thomas.berner","twitter_card":"summary_large_image","schema":{"@context":"https:\/\/schema.org","@graph":[{"@type":"Article","@id":"https:\/\/www.organisator.ch\/management\/it\/2022-10-25\/individuelle-software-fuer-unternehmen\/#article","isPartOf":{"@id":"https:\/\/www.organisator.ch\/management\/it\/2022-10-25\/individuelle-software-fuer-unternehmen\/"},"author":{"name":"thomas.berner","@id":"https:\/\/www.organisator.ch\/#\/schema\/person\/6f650f90b2842cd4c0cc334b4e36f67e"},"headline":"Individuelle Software f\u00fcr Unternehmen","datePublished":"2022-10-25T01:51:27+00:00","mainEntityOfPage":{"@id":"https:\/\/www.organisator.ch\/management\/it\/2022-10-25\/individuelle-software-fuer-unternehmen\/"},"wordCount":486,"publisher":{"@id":"https:\/\/www.organisator.ch\/#organization"},"image":{"@id":"https:\/\/www.organisator.ch\/management\/it\/2022-10-25\/individuelle-software-fuer-unternehmen\/#primaryimage"},"thumbnailUrl":"https:\/\/www.organisator.ch\/wp-content\/uploads\/2022\/10\/Individuelle-Software-fuer-Unternehmen_Organiastor.jpg","keywords":["Digitalisierung","IT\u2009&amp;\u2009Business Software","Publireportage"],"articleSection":["IT"],"inLanguage":"en-US"},{"@type":"WebPage","@id":"https:\/\/www.organisator.ch\/management\/it\/2022-10-25\/individuelle-software-fuer-unternehmen\/","url":"https:\/\/www.organisator.ch\/management\/it\/2022-10-25\/individuelle-software-fuer-unternehmen\/","name":"Custom software for business - organizer","isPartOf":{"@id":"https:\/\/www.organisator.ch\/#website"},"primaryImageOfPage":{"@id":"https:\/\/www.organisator.ch\/management\/it\/2022-10-25\/individuelle-software-fuer-unternehmen\/#primaryimage"},"image":{"@id":"https:\/\/www.organisator.ch\/management\/it\/2022-10-25\/individuelle-software-fuer-unternehmen\/#primaryimage"},"thumbnailUrl":"https:\/\/www.organisator.ch\/wp-content\/uploads\/2022\/10\/Individuelle-Software-fuer-Unternehmen_Organiastor.jpg","datePublished":"2022-10-25T01:51:27+00:00","description":"For over 30 years, the L\u00f6wenfels company has stood for individual software. The focus is on customer needs.","breadcrumb":{"@id":"https:\/\/www.organisator.ch\/management\/it\/2022-10-25\/individuelle-software-fuer-unternehmen\/#breadcrumb"},"inLanguage":"en-US","potentialAction":[{"@type":"ReadAction","target":["https:\/\/www.organisator.ch\/management\/it\/2022-10-25\/individuelle-software-fuer-unternehmen\/"]}]},{"@type":"ImageObject","inLanguage":"en-US","@id":"https:\/\/www.organisator.ch\/management\/it\/2022-10-25\/individuelle-software-fuer-unternehmen\/#primaryimage","url":"https:\/\/www.organisator.ch\/wp-content\/uploads\/2022\/10\/Individuelle-Software-fuer-Unternehmen_Organiastor.jpg","contentUrl":"https:\/\/www.organisator.ch\/wp-content\/uploads\/2022\/10\/Individuelle-Software-fuer-Unternehmen_Organiastor.jpg","width":680,"height":454,"caption":"(Bild: zVg)"},{"@type":"BreadcrumbList","@id":"https:\/\/www.organisator.ch\/management\/it\/2022-10-25\/individuelle-software-fuer-unternehmen\/#breadcrumb","itemListElement":[{"@type":"ListItem","position":1,"name":"Home","item":"https:\/\/www.organisator.ch\/"},{"@type":"ListItem","position":2,"name":"Individuelle Software f\u00fcr Unternehmen"}]},{"@type":"WebSite","@id":"https:\/\/www.organisator.ch\/#website","url":"https:\/\/www.organisator.ch\/","name":"Organizer","description":"Competent. Practical. In 10 issues per year, ORGANISATOR presents the essential topics for managers of SMEs.","publisher":{"@id":"https:\/\/www.organisator.ch\/#organization"},"potentialAction":[{"@type":"SearchAction","target":{"@type":"EntryPoint","urlTemplate":"https:\/\/www.organisator.ch\/?s={search_term_string}"},"query-input":{"@type":"PropertyValueSpecification","valueRequired":true,"valueName":"search_term_string"}}],"inLanguage":"en-US"},{"@type":"Organization","@id":"https:\/\/www.organisator.ch\/#organization","name":"Organizer","url":"https:\/\/www.organisator.ch\/","logo":{"@type":"ImageObject","inLanguage":"en-US","@id":"https:\/\/www.organisator.ch\/#\/schema\/logo\/image\/","url":"https:\/\/www.organisator.ch\/wp-content\/uploads\/2022\/01\/Logo_Organisator_Website.png","contentUrl":"https:\/\/www.organisator.ch\/wp-content\/uploads\/2022\/01\/Logo_Organisator_Website.png","width":800,"height":77,"caption":"Organisator"},"image":{"@id":"https:\/\/www.organisator.ch\/#\/schema\/logo\/image\/"},"sameAs":["https:\/\/www.facebook.com\/OrganisatorFachmagazin","https:\/\/www.linkedin.com\/showcase\/organisator-das-magazin-fr-kmu","https:\/\/www.xing.com\/news\/pages\/organisator-ch-695","https:\/\/www.youtube.com\/channel\/UCGP2Sq0iWaZwT3BdIAQFYpw"]},{"@type":"Person","@id":"https:\/\/www.organisator.ch\/#\/schema\/person\/6f650f90b2842cd4c0cc334b4e36f67e","name":"thomas.berner","image":{"@type":"ImageObject","inLanguage":"en-US","@id":"https:\/\/secure.gravatar.com\/avatar\/ac5001d2a36cb6c6cd3e50789007ffca834b477b74a2144564522e944eabff61?s=96&d=mm&r=g","url":"https:\/\/secure.gravatar.com\/avatar\/ac5001d2a36cb6c6cd3e50789007ffca834b477b74a2144564522e944eabff61?s=96&d=mm&r=g","contentUrl":"https:\/\/secure.gravatar.com\/avatar\/ac5001d2a36cb6c6cd3e50789007ffca834b477b74a2144564522e944eabff61?s=96&d=mm&r=g","caption":"thomas.berner"},"url":"https:\/\/www.organisator.ch\/en\/author\/thomas-berner\/"}]}},"_links":{"self":[{"href":"https:\/\/www.organisator.ch\/en\/wp-json\/wp\/v2\/posts\/17316","targetHints":{"allow":["GET"]}}],"collection":[{"href":"https:\/\/www.organisator.ch\/en\/wp-json\/wp\/v2\/posts"}],"about":[{"href":"https:\/\/www.organisator.ch\/en\/wp-json\/wp\/v2\/types\/post"}],"author":[{"embeddable":true,"href":"https:\/\/www.organisator.ch\/en\/wp-json\/wp\/v2\/users\/4"}],"replies":[{"embeddable":true,"href":"https:\/\/www.organisator.ch\/en\/wp-json\/wp\/v2\/comments?post=17316"}],"version-history":[{"count":3,"href":"https:\/\/www.organisator.ch\/en\/wp-json\/wp\/v2\/posts\/17316\/revisions"}],"predecessor-version":[{"id":17321,"href":"https:\/\/www.organisator.ch\/en\/wp-json\/wp\/v2\/posts\/17316\/revisions\/17321"}],"wp:featuredmedia":[{"embeddable":true,"href":"https:\/\/www.organisator.ch\/en\/wp-json\/wp\/v2\/media\/17319"}],"wp:attachment":[{"href":"https:\/\/www.organisator.ch\/en\/wp-json\/wp\/v2\/media?parent=17316"}],"wp:term":[{"taxonomy":"category","embeddable":true,"href":"https:\/\/www.organisator.ch\/en\/wp-json\/wp\/v2\/categories?post=17316"},{"taxonomy":"post_tag","embeddable":true,"href":"https:\/\/www.organisator.ch\/en\/wp-json\/wp\/v2\/tags?post=17316"}],"curies":[{"name":"wp","href":"https:\/\/api.w.org\/{rel}","templated":true}]}}