{"id":17385,"date":"2022-10-25T03:33:36","date_gmt":"2022-10-25T01:33:36","guid":{"rendered":"https:\/\/www.organisator.ch\/?p=17385"},"modified":"2022-10-27T15:18:20","modified_gmt":"2022-10-27T13:18:20","slug":"die-it-im-wandel-der-arbeitswelt","status":"publish","type":"post","link":"https:\/\/www.organisator.ch\/en\/human-resources\/2022-10-25\/die-it-im-wandel-der-arbeitswelt\/","title":{"rendered":"IT in the changing world of work"},"content":{"rendered":"<figure id=\"attachment_17386\" aria-describedby=\"caption-attachment-17386\" style=\"width: 680px\" class=\"wp-caption alignnone\"><img loading=\"lazy\" decoding=\"async\" class=\"size-full wp-image-17386\" src=\"https:\/\/www.organisator.ch\/wp-content\/uploads\/2022\/10\/Die-IT-im-Wandel-der-Arbeitswelt-1_Organisator.jpg\" alt=\"\" width=\"680\" height=\"413\" srcset=\"https:\/\/www.organisator.ch\/wp-content\/uploads\/2022\/10\/Die-IT-im-Wandel-der-Arbeitswelt-1_Organisator.jpg 680w, https:\/\/www.organisator.ch\/wp-content\/uploads\/2022\/10\/Die-IT-im-Wandel-der-Arbeitswelt-1_Organisator-18x12.jpg 18w, https:\/\/www.organisator.ch\/wp-content\/uploads\/2022\/10\/Die-IT-im-Wandel-der-Arbeitswelt-1_Organisator-288x175.jpg 288w, https:\/\/www.organisator.ch\/wp-content\/uploads\/2022\/10\/Die-IT-im-Wandel-der-Arbeitswelt-1_Organisator-576x350.jpg 576w, https:\/\/www.organisator.ch\/wp-content\/uploads\/2022\/10\/Die-IT-im-Wandel-der-Arbeitswelt-1_Organisator-300x182.jpg 300w\" sizes=\"auto, (max-width: 680px) 100vw, 680px\" \/><figcaption id=\"caption-attachment-17386\" class=\"wp-caption-text\">IT in the changing world of work: This is the title of a recent study on the future role of IT. It shows: Responsibility is shifting - many formerly pure HR tasks now lie with IT. (Image: Nexthink)<\/figcaption><\/figure>\n<p>The Digital Employee Experience (DEX) is becoming a critical issue. This is the result of a study on the transformation of the working world by Nexthink in Germany, France, England and the USA. A total of 1000 IT experts were surveyed. The results show: Around a quarter of their working time is currently focused on DEX-related requirements. One-third of their working time is of a strategic nature - which includes collaboration with HR - and 40 percent is spent on general IT operations.<\/p>\n<h3>Change in the world of work as a question of the IT experience<\/h3>\n<p>From the results of the survey conducted by the independent market research institute Vanson Bourne <a href=\"https:\/\/www.nexthink.com\/de\/ressource\/die-it-im-wandel-der-arbeitswelt\/\">Nexthink study<\/a> it becomes clear that it is important to create solutions that support employee collaboration and productivity - i.e., the IT experience or the digital employee experience as a whole is what counts. Merely providing IT equipment is no longer enough. This is a development that was already evident before the pandemic. In fact, all study participants believe that IT plays a critical or important role in ensuring \"flow\" in the workplace, i.e., a productive, disruption-free workflow.<\/p>\n<p>The areas of responsibility are also shifting significantly, with IT and HR becoming more intertwined. According to the IT experts surveyed from Germany, before the pandemic, responsibility for jobs lay primarily with HR (40%), or HR and IT in combination (39%). In the meantime, IT has gained considerably in importance in this area. Today, only twelve percent see HR as having sole responsibility here. In five years, i.e. in 2027, this figure will drop to four percent. 43 percent assume that corporate IT will then assume the leading role in the design and provision of workplaces, while 53 percent expect IT and HR to act together. After all, 94 percent of respondents from Germany, whose work culture is probably closest to that in Switzerland, are convinced that a location-independent work environment is more efficient if it is essentially designed by IT.<\/p>\n<h3><strong>IT as the key to employee retention<\/strong><\/h3>\n<p>Even requirements that were previously assigned exclusively to HR, such as employee well-being and satisfaction, are now increasingly being addressed by IT: 20 percent see IT in the leading role here, 38 percent IT and HR together. In addition, according to 92 percent of respondents from Germany, IT has a key position in retaining qualified employees and counteracting the critical issue of \"great resignation\" or the \"great wave of resignations\". 98 percent say a comfortable remote work environment improves employee retention. Compared to other countries, the UK has the lowest level of support for this at 89 percent.<\/p>\n<p>This means HR and IT will have to find ways to cooperate closely - also in communicating with employees. This collaboration has been developing on several levels for some time, and new areas of responsibility have come to IT in the past five years: 27 percent from Germany, for example, said that they had carried out HR-related projects as IT experts, while 44 percent support communication platforms for employees. There are definitely differences in the countries surveyed when it comes to this topic: In France, significantly more IT experts (33 percent) said they had carried out HR-related projects, while the USA and the UK were significantly lower at 18 percent.<\/p>\n<figure id=\"attachment_17387\" aria-describedby=\"caption-attachment-17387\" style=\"width: 680px\" class=\"wp-caption alignnone\"><img loading=\"lazy\" decoding=\"async\" class=\"size-full wp-image-17387\" src=\"https:\/\/www.organisator.ch\/wp-content\/uploads\/2022\/10\/Die-IT-im-Wandel-der-Arbeitswelt-2_Organisator.jpg\" alt=\"\" width=\"680\" height=\"680\" srcset=\"https:\/\/www.organisator.ch\/wp-content\/uploads\/2022\/10\/Die-IT-im-Wandel-der-Arbeitswelt-2_Organisator.jpg 680w, https:\/\/www.organisator.ch\/wp-content\/uploads\/2022\/10\/Die-IT-im-Wandel-der-Arbeitswelt-2_Organisator-150x150.jpg 150w, https:\/\/www.organisator.ch\/wp-content\/uploads\/2022\/10\/Die-IT-im-Wandel-der-Arbeitswelt-2_Organisator-12x12.jpg 12w, https:\/\/www.organisator.ch\/wp-content\/uploads\/2022\/10\/Die-IT-im-Wandel-der-Arbeitswelt-2_Organisator-175x175.jpg 175w, https:\/\/www.organisator.ch\/wp-content\/uploads\/2022\/10\/Die-IT-im-Wandel-der-Arbeitswelt-2_Organisator-350x350.jpg 350w, https:\/\/www.organisator.ch\/wp-content\/uploads\/2022\/10\/Die-IT-im-Wandel-der-Arbeitswelt-2_Organisator-250x250.jpg 250w, https:\/\/www.organisator.ch\/wp-content\/uploads\/2022\/10\/Die-IT-im-Wandel-der-Arbeitswelt-2_Organisator-300x300.jpg 300w, https:\/\/www.organisator.ch\/wp-content\/uploads\/2022\/10\/Die-IT-im-Wandel-der-Arbeitswelt-2_Organisator-100x100.jpg 100w\" sizes=\"auto, (max-width: 680px) 100vw, 680px\" \/><figcaption id=\"caption-attachment-17387\" class=\"wp-caption-text\">(Graphic: Nexthink)<\/figcaption><\/figure>\n<h3><strong>Safe and trouble-free is the motto<\/strong><\/h3>\n<p>IT also seems to be clear: pure office workplaces are largely a thing of the past. 48 percent said that in five years' time, workplaces will be predominantly virtual for location-independent working. Only eight percent still see workplaces purely on-site in the company in the future.<\/p>\n<p>As expected, security still plays the most important role in remote working at 26 percent (France 29%, UK 23%), but the challenge of developing the necessary tools for location-independent working is almost equally important at 22 percent (USA and UK 17%, France 19%). One in five IT experts sees a particular challenge in guaranteeing employees a trouble-free working environment. This is because, according to the unanimous opinion of 83 percent, IT disruptions are perceived as more serious in remote working than in the office.<\/p>\n<h3><strong>IT demands more support<\/strong><\/h3>\n<p>The fact that, according to the study participants surveyed, the management of remote and hybrid working will play an increasingly important role in corporate IT today and in the future is not surprising. IT experts are becoming increasingly important for companies that offer flexible working environments. But - and this is surprising - this realization has not yet reached all companies. When asked what would help them as IT professionals with their challenges for flexible workplace environments, most (57 percent) mentioned this aspect: more recognition and awareness of their role and responsibilities. This is true for all countries surveyed. In second place (51%) was the desire for investment in additional tools and software, closely followed by better support from managers (49%), more time for these tasks (48%) and training (45%).<\/p>\n<h3><strong>Conclusion: IT and HR must go hand in hand for the transformation of the working world<\/strong><\/h3>\n<p>IT experts in companies are aware of their significantly expanded role for strategic HR requirements. They see themselves as proactive designers of the future of work, and thus one of their central areas of responsibility is to support and further develop employee satisfaction and loyalty with an optimal IT experience of the digital working environment. To do this, however, they need not only additional technical tools and time, but also the backing of management - which still seems to be lacking in many cases.<\/p>\n<p><em>Source: <a href=\"https:\/\/www.nexthink.com\/de\/warum-nexthink\/\">Nexthink<\/a><\/em><\/p>","protected":false},"excerpt":{"rendered":"<p>Die Digital Employee Experience (DEX) wird zum kritischen Thema. Dies hat eine Studie zum Wandel der Arbeitswelt von Nexthink in Deutschland, Frankreich, England und den USA ergeben. Insgesamt wurden dabei 1000 IT-Experten befragt. Die Ergebnisse zeigen: Rund ein Viertel ihrer Arbeitszeit konzentrieren sie sich aktuell auf DEX-bezogene Anforderungen. Ein Drittel der Arbeitszeit ist strategischer Natur [&hellip;]<\/p>\n","protected":false},"author":4,"featured_media":0,"comment_status":"closed","ping_status":"closed","sticky":false,"template":"","format":"standard","meta":{"_acf_changed":false,"_yoast_wpseo_focuskw":"Wandel der Arbeitswelt","_yoast_wpseo_metadesc":"Die Studie \u201eDie IT im Wandel der Arbeitswelt\u201c von Nexthink zeigt: Der Blick r\u00fcckt Richtung Mitarbeiter \u2013 nicht nur aus funktionalen Gr\u00fcnden.","articlekey":"","footnotes":""},"categories":[579,27],"tags":[3461,156,254,286,459],"class_list":["post-17385","post","type-post","status-publish","format-standard","hentry","category-human-resources","category-it","tag-digital-employee-experience","tag-digitalisierung","tag-hrm","tag-it","tag-studie"],"acf":[],"yoast_head":"<!-- This site is optimized with the Yoast SEO plugin v27.4 - https:\/\/yoast.com\/product\/yoast-seo-wordpress\/ -->\n<title>Die IT im Wandel der Arbeitswelt - Organisator<\/title>\n<meta name=\"description\" content=\"Die Studie \u201eDie IT im Wandel der Arbeitswelt\u201c von Nexthink zeigt: Der Blick r\u00fcckt Richtung Mitarbeiter \u2013 nicht nur aus funktionalen Gr\u00fcnden.\" \/>\n<meta name=\"robots\" content=\"index, follow, max-snippet:-1, max-image-preview:large, max-video-preview:-1\" \/>\n<link rel=\"canonical\" href=\"https:\/\/www.organisator.ch\/en\/management\/it\/2022-10-25\/die-it-im-wandel-der-arbeitswelt\/\" \/>\n<meta property=\"og:locale\" content=\"en_US\" \/>\n<meta property=\"og:type\" content=\"article\" \/>\n<meta property=\"og:title\" content=\"Die IT im Wandel der Arbeitswelt\" \/>\n<meta property=\"og:description\" content=\"Die Studie \u201eDie IT im Wandel der Arbeitswelt\u201c von Nexthink zeigt: Der Blick r\u00fcckt Richtung Mitarbeiter \u2013 nicht nur aus funktionalen Gr\u00fcnden.\" \/>\n<meta property=\"og:url\" content=\"https:\/\/www.organisator.ch\/en\/management\/it\/2022-10-25\/die-it-im-wandel-der-arbeitswelt\/\" \/>\n<meta property=\"og:site_name\" content=\"Organisator\" \/>\n<meta property=\"article:publisher\" content=\"https:\/\/www.facebook.com\/OrganisatorFachmagazin\" \/>\n<meta property=\"article:published_time\" content=\"2022-10-25T01:33:36+00:00\" \/>\n<meta property=\"article:modified_time\" content=\"2022-10-27T13:18:20+00:00\" \/>\n<meta property=\"og:image\" content=\"https:\/\/www.organisator.ch\/wp-content\/uploads\/2022\/10\/Die-IT-im-Wandel-der-Arbeitswelt-1_Organisator.jpg\" \/>\n\t<meta property=\"og:image:width\" content=\"680\" \/>\n\t<meta property=\"og:image:height\" content=\"413\" \/>\n\t<meta property=\"og:image:type\" content=\"image\/jpeg\" \/>\n<meta name=\"author\" content=\"thomas.berner\" \/>\n<meta name=\"twitter:card\" content=\"summary_large_image\" \/>\n<meta name=\"twitter:title\" content=\"Die #IT im Wandel der #Arbeitswelt\" \/>\n<meta name=\"twitter:description\" content=\"Die Studie \u201eDie IT im Wandel der #Arbeitswelt\u201c von #Nexthink zeigt: Der Blick r\u00fcckt Richtung Mitarbeiter \u2013 nicht nur aus funktionalen Gr\u00fcnden.\" \/>\n<meta name=\"twitter:image\" content=\"https:\/\/www.organisator.ch\/wp-content\/uploads\/2022\/10\/Die-IT-im-Wandel-der-Arbeitswelt-1_Organisator.jpg\" \/>\n<script type=\"application\/ld+json\" class=\"yoast-schema-graph\">{\"@context\":\"https:\\\/\\\/schema.org\",\"@graph\":[{\"@type\":\"Article\",\"@id\":\"https:\\\/\\\/www.organisator.ch\\\/management\\\/it\\\/2022-10-25\\\/die-it-im-wandel-der-arbeitswelt\\\/#article\",\"isPartOf\":{\"@id\":\"https:\\\/\\\/www.organisator.ch\\\/management\\\/it\\\/2022-10-25\\\/die-it-im-wandel-der-arbeitswelt\\\/\"},\"author\":{\"name\":\"thomas.berner\",\"@id\":\"https:\\\/\\\/www.organisator.ch\\\/#\\\/schema\\\/person\\\/6f650f90b2842cd4c0cc334b4e36f67e\"},\"headline\":\"Die IT im Wandel der Arbeitswelt\",\"datePublished\":\"2022-10-25T01:33:36+00:00\",\"dateModified\":\"2022-10-27T13:18:20+00:00\",\"mainEntityOfPage\":{\"@id\":\"https:\\\/\\\/www.organisator.ch\\\/management\\\/it\\\/2022-10-25\\\/die-it-im-wandel-der-arbeitswelt\\\/\"},\"wordCount\":931,\"publisher\":{\"@id\":\"https:\\\/\\\/www.organisator.ch\\\/#organization\"},\"image\":{\"@id\":\"https:\\\/\\\/www.organisator.ch\\\/management\\\/it\\\/2022-10-25\\\/die-it-im-wandel-der-arbeitswelt\\\/#primaryimage\"},\"thumbnailUrl\":\"https:\\\/\\\/www.organisator.ch\\\/wp-content\\\/uploads\\\/2022\\\/10\\\/Die-IT-im-Wandel-der-Arbeitswelt-1_Organisator.jpg\",\"keywords\":[\"Digital Employee Experience\",\"Digitalisierung\",\"HRM\",\"IT\",\"Studie\"],\"articleSection\":[\"HUMAN RESOURCES\",\"IT\"],\"inLanguage\":\"en-US\"},{\"@type\":\"WebPage\",\"@id\":\"https:\\\/\\\/www.organisator.ch\\\/management\\\/it\\\/2022-10-25\\\/die-it-im-wandel-der-arbeitswelt\\\/\",\"url\":\"https:\\\/\\\/www.organisator.ch\\\/management\\\/it\\\/2022-10-25\\\/die-it-im-wandel-der-arbeitswelt\\\/\",\"name\":\"Die IT im Wandel der Arbeitswelt - Organisator\",\"isPartOf\":{\"@id\":\"https:\\\/\\\/www.organisator.ch\\\/#website\"},\"primaryImageOfPage\":{\"@id\":\"https:\\\/\\\/www.organisator.ch\\\/management\\\/it\\\/2022-10-25\\\/die-it-im-wandel-der-arbeitswelt\\\/#primaryimage\"},\"image\":{\"@id\":\"https:\\\/\\\/www.organisator.ch\\\/management\\\/it\\\/2022-10-25\\\/die-it-im-wandel-der-arbeitswelt\\\/#primaryimage\"},\"thumbnailUrl\":\"https:\\\/\\\/www.organisator.ch\\\/wp-content\\\/uploads\\\/2022\\\/10\\\/Die-IT-im-Wandel-der-Arbeitswelt-1_Organisator.jpg\",\"datePublished\":\"2022-10-25T01:33:36+00:00\",\"dateModified\":\"2022-10-27T13:18:20+00:00\",\"description\":\"Die Studie \u201eDie IT im Wandel der Arbeitswelt\u201c von Nexthink zeigt: Der Blick r\u00fcckt Richtung Mitarbeiter \u2013 nicht nur aus funktionalen Gr\u00fcnden.\",\"breadcrumb\":{\"@id\":\"https:\\\/\\\/www.organisator.ch\\\/management\\\/it\\\/2022-10-25\\\/die-it-im-wandel-der-arbeitswelt\\\/#breadcrumb\"},\"inLanguage\":\"en-US\",\"potentialAction\":[{\"@type\":\"ReadAction\",\"target\":[\"https:\\\/\\\/www.organisator.ch\\\/management\\\/it\\\/2022-10-25\\\/die-it-im-wandel-der-arbeitswelt\\\/\"]}]},{\"@type\":\"ImageObject\",\"inLanguage\":\"en-US\",\"@id\":\"https:\\\/\\\/www.organisator.ch\\\/management\\\/it\\\/2022-10-25\\\/die-it-im-wandel-der-arbeitswelt\\\/#primaryimage\",\"url\":\"https:\\\/\\\/www.organisator.ch\\\/wp-content\\\/uploads\\\/2022\\\/10\\\/Die-IT-im-Wandel-der-Arbeitswelt-1_Organisator.jpg\",\"contentUrl\":\"https:\\\/\\\/www.organisator.ch\\\/wp-content\\\/uploads\\\/2022\\\/10\\\/Die-IT-im-Wandel-der-Arbeitswelt-1_Organisator.jpg\"},{\"@type\":\"BreadcrumbList\",\"@id\":\"https:\\\/\\\/www.organisator.ch\\\/management\\\/it\\\/2022-10-25\\\/die-it-im-wandel-der-arbeitswelt\\\/#breadcrumb\",\"itemListElement\":[{\"@type\":\"ListItem\",\"position\":1,\"name\":\"Home\",\"item\":\"https:\\\/\\\/www.organisator.ch\\\/\"},{\"@type\":\"ListItem\",\"position\":2,\"name\":\"Die IT im Wandel der Arbeitswelt\"}]},{\"@type\":\"WebSite\",\"@id\":\"https:\\\/\\\/www.organisator.ch\\\/#website\",\"url\":\"https:\\\/\\\/www.organisator.ch\\\/\",\"name\":\"Organisator\",\"description\":\"Kompetent. Praxisnah. Der ORGANISATOR bereitet in 10 Ausgaben pro Jahr die wesentlichen Themen f\u00fcr F\u00fchrungskr\u00e4fte von KMU auf.\",\"publisher\":{\"@id\":\"https:\\\/\\\/www.organisator.ch\\\/#organization\"},\"potentialAction\":[{\"@type\":\"SearchAction\",\"target\":{\"@type\":\"EntryPoint\",\"urlTemplate\":\"https:\\\/\\\/www.organisator.ch\\\/?s={search_term_string}\"},\"query-input\":{\"@type\":\"PropertyValueSpecification\",\"valueRequired\":true,\"valueName\":\"search_term_string\"}}],\"inLanguage\":\"en-US\"},{\"@type\":\"Organization\",\"@id\":\"https:\\\/\\\/www.organisator.ch\\\/#organization\",\"name\":\"Organisator\",\"url\":\"https:\\\/\\\/www.organisator.ch\\\/\",\"logo\":{\"@type\":\"ImageObject\",\"inLanguage\":\"en-US\",\"@id\":\"https:\\\/\\\/www.organisator.ch\\\/#\\\/schema\\\/logo\\\/image\\\/\",\"url\":\"https:\\\/\\\/www.organisator.ch\\\/wp-content\\\/uploads\\\/2022\\\/01\\\/Logo_Organisator_Website.png\",\"contentUrl\":\"https:\\\/\\\/www.organisator.ch\\\/wp-content\\\/uploads\\\/2022\\\/01\\\/Logo_Organisator_Website.png\",\"width\":800,\"height\":77,\"caption\":\"Organisator\"},\"image\":{\"@id\":\"https:\\\/\\\/www.organisator.ch\\\/#\\\/schema\\\/logo\\\/image\\\/\"},\"sameAs\":[\"https:\\\/\\\/www.facebook.com\\\/OrganisatorFachmagazin\",\"https:\\\/\\\/www.linkedin.com\\\/showcase\\\/organisator-das-magazin-fr-kmu\",\"https:\\\/\\\/www.xing.com\\\/news\\\/pages\\\/organisator-ch-695\",\"https:\\\/\\\/www.youtube.com\\\/channel\\\/UCGP2Sq0iWaZwT3BdIAQFYpw\"]},{\"@type\":\"Person\",\"@id\":\"https:\\\/\\\/www.organisator.ch\\\/#\\\/schema\\\/person\\\/6f650f90b2842cd4c0cc334b4e36f67e\",\"name\":\"thomas.berner\",\"image\":{\"@type\":\"ImageObject\",\"inLanguage\":\"en-US\",\"@id\":\"https:\\\/\\\/secure.gravatar.com\\\/avatar\\\/ac5001d2a36cb6c6cd3e50789007ffca834b477b74a2144564522e944eabff61?s=96&d=mm&r=g\",\"url\":\"https:\\\/\\\/secure.gravatar.com\\\/avatar\\\/ac5001d2a36cb6c6cd3e50789007ffca834b477b74a2144564522e944eabff61?s=96&d=mm&r=g\",\"contentUrl\":\"https:\\\/\\\/secure.gravatar.com\\\/avatar\\\/ac5001d2a36cb6c6cd3e50789007ffca834b477b74a2144564522e944eabff61?s=96&d=mm&r=g\",\"caption\":\"thomas.berner\"},\"url\":\"https:\\\/\\\/www.organisator.ch\\\/en\\\/author\\\/thomas-berner\\\/\"}]}<\/script>\n<!-- \/ Yoast SEO plugin. -->","yoast_head_json":{"title":"IT in the changing world of work - Organizer","description":"The study \"IT in the changing world of work\" by Nexthink shows: The focus is shifting toward employees - and not just for functional reasons.","robots":{"index":"index","follow":"follow","max-snippet":"max-snippet:-1","max-image-preview":"max-image-preview:large","max-video-preview":"max-video-preview:-1"},"canonical":"https:\/\/www.organisator.ch\/en\/management\/it\/2022-10-25\/die-it-im-wandel-der-arbeitswelt\/","og_locale":"en_US","og_type":"article","og_title":"Die IT im Wandel der Arbeitswelt","og_description":"Die Studie \u201eDie IT im Wandel der Arbeitswelt\u201c von Nexthink zeigt: Der Blick r\u00fcckt Richtung Mitarbeiter \u2013 nicht nur aus funktionalen Gr\u00fcnden.","og_url":"https:\/\/www.organisator.ch\/en\/management\/it\/2022-10-25\/die-it-im-wandel-der-arbeitswelt\/","og_site_name":"Organisator","article_publisher":"https:\/\/www.facebook.com\/OrganisatorFachmagazin","article_published_time":"2022-10-25T01:33:36+00:00","article_modified_time":"2022-10-27T13:18:20+00:00","og_image":[{"width":680,"height":413,"url":"https:\/\/www.organisator.ch\/wp-content\/uploads\/2022\/10\/Die-IT-im-Wandel-der-Arbeitswelt-1_Organisator.jpg","type":"image\/jpeg"}],"author":"thomas.berner","twitter_card":"summary_large_image","twitter_title":"Die #IT im Wandel der #Arbeitswelt","twitter_description":"Die Studie \u201eDie IT im Wandel der #Arbeitswelt\u201c von #Nexthink zeigt: Der Blick r\u00fcckt Richtung Mitarbeiter \u2013 nicht nur aus funktionalen Gr\u00fcnden.","twitter_image":"https:\/\/www.organisator.ch\/wp-content\/uploads\/2022\/10\/Die-IT-im-Wandel-der-Arbeitswelt-1_Organisator.jpg","schema":{"@context":"https:\/\/schema.org","@graph":[{"@type":"Article","@id":"https:\/\/www.organisator.ch\/management\/it\/2022-10-25\/die-it-im-wandel-der-arbeitswelt\/#article","isPartOf":{"@id":"https:\/\/www.organisator.ch\/management\/it\/2022-10-25\/die-it-im-wandel-der-arbeitswelt\/"},"author":{"name":"thomas.berner","@id":"https:\/\/www.organisator.ch\/#\/schema\/person\/6f650f90b2842cd4c0cc334b4e36f67e"},"headline":"Die IT im Wandel der Arbeitswelt","datePublished":"2022-10-25T01:33:36+00:00","dateModified":"2022-10-27T13:18:20+00:00","mainEntityOfPage":{"@id":"https:\/\/www.organisator.ch\/management\/it\/2022-10-25\/die-it-im-wandel-der-arbeitswelt\/"},"wordCount":931,"publisher":{"@id":"https:\/\/www.organisator.ch\/#organization"},"image":{"@id":"https:\/\/www.organisator.ch\/management\/it\/2022-10-25\/die-it-im-wandel-der-arbeitswelt\/#primaryimage"},"thumbnailUrl":"https:\/\/www.organisator.ch\/wp-content\/uploads\/2022\/10\/Die-IT-im-Wandel-der-Arbeitswelt-1_Organisator.jpg","keywords":["Digital Employee Experience","Digitalisierung","HRM","IT","Studie"],"articleSection":["HUMAN RESOURCES","IT"],"inLanguage":"en-US"},{"@type":"WebPage","@id":"https:\/\/www.organisator.ch\/management\/it\/2022-10-25\/die-it-im-wandel-der-arbeitswelt\/","url":"https:\/\/www.organisator.ch\/management\/it\/2022-10-25\/die-it-im-wandel-der-arbeitswelt\/","name":"IT in the changing world of work - Organizer","isPartOf":{"@id":"https:\/\/www.organisator.ch\/#website"},"primaryImageOfPage":{"@id":"https:\/\/www.organisator.ch\/management\/it\/2022-10-25\/die-it-im-wandel-der-arbeitswelt\/#primaryimage"},"image":{"@id":"https:\/\/www.organisator.ch\/management\/it\/2022-10-25\/die-it-im-wandel-der-arbeitswelt\/#primaryimage"},"thumbnailUrl":"https:\/\/www.organisator.ch\/wp-content\/uploads\/2022\/10\/Die-IT-im-Wandel-der-Arbeitswelt-1_Organisator.jpg","datePublished":"2022-10-25T01:33:36+00:00","dateModified":"2022-10-27T13:18:20+00:00","description":"The study \"IT in the changing world of work\" by Nexthink shows: The focus is shifting toward employees - and not just for functional reasons.","breadcrumb":{"@id":"https:\/\/www.organisator.ch\/management\/it\/2022-10-25\/die-it-im-wandel-der-arbeitswelt\/#breadcrumb"},"inLanguage":"en-US","potentialAction":[{"@type":"ReadAction","target":["https:\/\/www.organisator.ch\/management\/it\/2022-10-25\/die-it-im-wandel-der-arbeitswelt\/"]}]},{"@type":"ImageObject","inLanguage":"en-US","@id":"https:\/\/www.organisator.ch\/management\/it\/2022-10-25\/die-it-im-wandel-der-arbeitswelt\/#primaryimage","url":"https:\/\/www.organisator.ch\/wp-content\/uploads\/2022\/10\/Die-IT-im-Wandel-der-Arbeitswelt-1_Organisator.jpg","contentUrl":"https:\/\/www.organisator.ch\/wp-content\/uploads\/2022\/10\/Die-IT-im-Wandel-der-Arbeitswelt-1_Organisator.jpg"},{"@type":"BreadcrumbList","@id":"https:\/\/www.organisator.ch\/management\/it\/2022-10-25\/die-it-im-wandel-der-arbeitswelt\/#breadcrumb","itemListElement":[{"@type":"ListItem","position":1,"name":"Home","item":"https:\/\/www.organisator.ch\/"},{"@type":"ListItem","position":2,"name":"Die IT im Wandel der Arbeitswelt"}]},{"@type":"WebSite","@id":"https:\/\/www.organisator.ch\/#website","url":"https:\/\/www.organisator.ch\/","name":"Organizer","description":"Competent. Practical. In 10 issues per year, ORGANISATOR presents the essential topics for managers of SMEs.","publisher":{"@id":"https:\/\/www.organisator.ch\/#organization"},"potentialAction":[{"@type":"SearchAction","target":{"@type":"EntryPoint","urlTemplate":"https:\/\/www.organisator.ch\/?s={search_term_string}"},"query-input":{"@type":"PropertyValueSpecification","valueRequired":true,"valueName":"search_term_string"}}],"inLanguage":"en-US"},{"@type":"Organization","@id":"https:\/\/www.organisator.ch\/#organization","name":"Organizer","url":"https:\/\/www.organisator.ch\/","logo":{"@type":"ImageObject","inLanguage":"en-US","@id":"https:\/\/www.organisator.ch\/#\/schema\/logo\/image\/","url":"https:\/\/www.organisator.ch\/wp-content\/uploads\/2022\/01\/Logo_Organisator_Website.png","contentUrl":"https:\/\/www.organisator.ch\/wp-content\/uploads\/2022\/01\/Logo_Organisator_Website.png","width":800,"height":77,"caption":"Organisator"},"image":{"@id":"https:\/\/www.organisator.ch\/#\/schema\/logo\/image\/"},"sameAs":["https:\/\/www.facebook.com\/OrganisatorFachmagazin","https:\/\/www.linkedin.com\/showcase\/organisator-das-magazin-fr-kmu","https:\/\/www.xing.com\/news\/pages\/organisator-ch-695","https:\/\/www.youtube.com\/channel\/UCGP2Sq0iWaZwT3BdIAQFYpw"]},{"@type":"Person","@id":"https:\/\/www.organisator.ch\/#\/schema\/person\/6f650f90b2842cd4c0cc334b4e36f67e","name":"thomas.berner","image":{"@type":"ImageObject","inLanguage":"en-US","@id":"https:\/\/secure.gravatar.com\/avatar\/ac5001d2a36cb6c6cd3e50789007ffca834b477b74a2144564522e944eabff61?s=96&d=mm&r=g","url":"https:\/\/secure.gravatar.com\/avatar\/ac5001d2a36cb6c6cd3e50789007ffca834b477b74a2144564522e944eabff61?s=96&d=mm&r=g","contentUrl":"https:\/\/secure.gravatar.com\/avatar\/ac5001d2a36cb6c6cd3e50789007ffca834b477b74a2144564522e944eabff61?s=96&d=mm&r=g","caption":"thomas.berner"},"url":"https:\/\/www.organisator.ch\/en\/author\/thomas-berner\/"}]}},"_links":{"self":[{"href":"https:\/\/www.organisator.ch\/en\/wp-json\/wp\/v2\/posts\/17385","targetHints":{"allow":["GET"]}}],"collection":[{"href":"https:\/\/www.organisator.ch\/en\/wp-json\/wp\/v2\/posts"}],"about":[{"href":"https:\/\/www.organisator.ch\/en\/wp-json\/wp\/v2\/types\/post"}],"author":[{"embeddable":true,"href":"https:\/\/www.organisator.ch\/en\/wp-json\/wp\/v2\/users\/4"}],"replies":[{"embeddable":true,"href":"https:\/\/www.organisator.ch\/en\/wp-json\/wp\/v2\/comments?post=17385"}],"version-history":[{"count":1,"href":"https:\/\/www.organisator.ch\/en\/wp-json\/wp\/v2\/posts\/17385\/revisions"}],"predecessor-version":[{"id":17388,"href":"https:\/\/www.organisator.ch\/en\/wp-json\/wp\/v2\/posts\/17385\/revisions\/17388"}],"wp:attachment":[{"href":"https:\/\/www.organisator.ch\/en\/wp-json\/wp\/v2\/media?parent=17385"}],"wp:term":[{"taxonomy":"category","embeddable":true,"href":"https:\/\/www.organisator.ch\/en\/wp-json\/wp\/v2\/categories?post=17385"},{"taxonomy":"post_tag","embeddable":true,"href":"https:\/\/www.organisator.ch\/en\/wp-json\/wp\/v2\/tags?post=17385"}],"curies":[{"name":"wp","href":"https:\/\/api.w.org\/{rel}","templated":true}]}}