{"id":1741,"date":"2018-06-19T15:38:05","date_gmt":"2018-06-19T13:38:05","guid":{"rendered":"https:\/\/www.umweltperspektiven.ch\/?p=1741"},"modified":"2024-11-07T07:20:28","modified_gmt":"2024-11-07T06:20:28","slug":"csem-zieht-positive-bilanz-und-eroeffnet-wettbewerb","status":"publish","type":"post","link":"https:\/\/www.organisator.ch\/en\/sustainability\/2018-06-19\/csem-zieht-positive-bilanz-und-eroeffnet-wettbewerb\/","title":{"rendered":"CSEM takes positive stock and opens competition"},"content":{"rendered":"<div>\n<figure id=\"attachment_1743\" aria-describedby=\"caption-attachment-1743\" style=\"width: 680px\" class=\"wp-caption alignnone\"><img loading=\"lazy\" decoding=\"async\" class=\"wp-image-1743 size-medium\" src=\"https:\/\/www.organisator.ch\/wp-content\/uploads\/2018\/06\/Doc-680x962.jpeg\" alt=\"CSEM positive business performance in 2017\" width=\"680\" height=\"962\" srcset=\"https:\/\/www.organisator.ch\/wp-content\/uploads\/2018\/06\/Doc-680x962.jpeg 680w, https:\/\/www.organisator.ch\/wp-content\/uploads\/2018\/06\/Doc-724x1024.jpeg 724w, https:\/\/www.organisator.ch\/wp-content\/uploads\/2018\/06\/Doc-768x1086.jpeg 768w, https:\/\/www.organisator.ch\/wp-content\/uploads\/2018\/06\/Doc-1086x1536.jpeg 1086w, https:\/\/www.organisator.ch\/wp-content\/uploads\/2018\/06\/Doc-1448x2048.jpeg 1448w, https:\/\/www.organisator.ch\/wp-content\/uploads\/2018\/06\/Doc-8x12.jpeg 8w, https:\/\/www.organisator.ch\/wp-content\/uploads\/2018\/06\/Doc-124x175.jpeg 124w, https:\/\/www.organisator.ch\/wp-content\/uploads\/2018\/06\/Doc-247x350.jpeg 247w, https:\/\/www.organisator.ch\/wp-content\/uploads\/2018\/06\/Doc-566x800.jpeg 566w, https:\/\/www.organisator.ch\/wp-content\/uploads\/2018\/06\/Doc-920x1301.jpeg 920w, https:\/\/www.organisator.ch\/wp-content\/uploads\/2018\/06\/Doc-1400x1980.jpeg 1400w, https:\/\/www.organisator.ch\/wp-content\/uploads\/2018\/06\/Doc-990x1400.jpeg 990w, https:\/\/www.organisator.ch\/wp-content\/uploads\/2018\/06\/Doc-300x424.jpeg 300w, https:\/\/www.organisator.ch\/wp-content\/uploads\/2018\/06\/Doc-scaled.jpeg 1810w\" sizes=\"auto, (max-width: 680px) 100vw, 680px\" \/><figcaption id=\"caption-attachment-1743\" class=\"wp-caption-text\">Hinni, a Swiss company, networks conventional hydrants with high-tech. (Image: CSEM)<\/figcaption><\/figure>\n<\/div>\n<div>\n<p>The private non-profit development center CSEM, headquartered in Neuch\u00e2tel, gives a positive summary of the past business year 2017. According to the media release, there was a particularly pleasing development for industrial activities of the CSEM.For example, the awards of the partner company AVA as the best Swiss startup of the year or the award of the international \"Prix Herm\u00e8s de l'Innovation\" 2017 were particularly appreciated. Likewise, there was buoyancy on the technical side, for example for an autonomous miniature image processing system that won an award in the USA.<\/p>\n<p>Claude Nicollier, Chairman of the Board of Directors of CSEM, is pleased with the great demand for innovation: \"Take the automatic, wireless tire pressure measurement system that our teams developed together with Meggitt. Thanks to this development, our Fribourg partner has been able to increase its competitiveness and its end customer, for its part, has been able to avoid costly and time-consuming manual checks.\"<\/p>\n<p><strong>Services in demand <\/strong><\/p>\n<p>\"When a customer tells us that they can have international ambitions thanks to our collaboration, that is the best recognition for us,\" adds Mario El-Khoury, CEO of CSEM. This is what happened with Hinni, a company that, with the support of CSEM, has taken the step toward digitization and is integrating conventional hydrants into a networked monitoring system to locate leaks in water networks at an early stage.<\/p>\n<p>True to its mission, the research and technology company, which has five sites in Switzerland, has put its skills at the service of companies, it says. Accordingly, it recorded a strong increase in its industrial sales, a trend that continued in 2018.<\/p>\n<p><strong>CSEM Digital Journey for Swiss SMEs<\/strong><\/p>\n<p>The CSEM would like to see many more such initiatives and is therefore launching a competition for Swiss SMEs called \"CSEM Digital Journey,\" the release adds. \"Digitalization is a particular challenge for these companies, as they do not necessarily have the necessary know-how to enter profitably,\" El-Khoury explains.<\/p>\n<p>\"By inviting them on a digital journey, we want to create momentum among SMEs, which are the backbone of the Swiss economy,\" says the CSEM CEO. Interested companies can draw on a catalog of technologies and submit their ideas by September 10. A jury of experts will select the most promising project, whose development will be specifically supported by CSEM with work worth CHF 100,000.<\/p>\n<p><strong>New member of the Board of Directors<\/strong><\/p>\n<p>At the 2018 Annual General Meeting, CSEM shareholders approved the 2017 financial statements. The shareholders also elected a new member to the Board of Directors, namely Municipal Councillor Fabio Bongiovanni, who replaces Olivier Arni as representative of the City of Neuch\u00e2tel.<\/p>\n<p>As a not-for-profit company, CSEM will reinvest the annual surplus of 383,523 Swiss francs in its research activities.<\/p>\n<p><em>\u00a0<\/em><em>The name of the winning company of the first \"CSEM Digital Journey\" will be announced on November 7, 2018, during the 4th CSEM Business Day. Partner of this competition is Swissmem. <\/em><\/p>\n<p><em><a href=\"\/\/www.csem.ch\/digitaljourney\">www.csem.ch\/digitaljourney<\/a><br \/>\n<\/em><\/p>\n<\/div>","protected":false},"excerpt":{"rendered":"<p>Das private Non-Profit-Entwicklungszentrum CSEM mit Hauptsitz in Neuenburg zieht ein positives Res\u00fcmee \u00fcber das vergangene Gesch\u00e4ftsjahr 2017. Laut Medienmitteilung gab besonders eine erfreuliche Entwicklung f\u00fcr industrielle T\u00e4tigkeiten des CSEM.So wurden zum Beispiel die Auszeichnungen des Partnerunternehmens AVA als bestes Schweizer Startup des Jahres oder die Verleihung des internationalen &#8222;Prix Herm\u00e8s de l\u2019Innovation&#8220; 2017 besonders gew\u00fcrdigt. [&hellip;]<\/p>\n","protected":false},"author":5,"featured_media":1743,"comment_status":"closed","ping_status":"closed","sticky":false,"template":"","format":"standard","meta":{"_acf_changed":false,"_yoast_wpseo_focuskw":"CSEM positive Gesch\u00e4ftsentwicklung 2017","_yoast_wpseo_metadesc":"CSEM verzeichnete 2017 positive Entwicklungen und innovative Projekte, f\u00f6rderte Schweizer KMUs mit dem Wettbewerb \"CSEM Digital Journey\".","articlekey":"","footnotes":""},"categories":[580],"tags":[958,218,1536,450],"class_list":["post-1741","post","type-post","status-publish","format-standard","has-post-thumbnail","hentry","category-sustainability","tag-csem","tag-forschung","tag-kmu-foerderung","tag-start-ups"],"acf":[],"yoast_head":"<!-- This site is optimized with the Yoast SEO plugin v27.4 - https:\/\/yoast.com\/product\/yoast-seo-wordpress\/ -->\n<title>CSEM zieht positive Bilanz und er\u00f6ffnet Wettbewerb - Organisator<\/title>\n<meta name=\"description\" content=\"CSEM verzeichnete 2017 positive Entwicklungen und innovative Projekte, f\u00f6rderte Schweizer KMUs mit dem Wettbewerb &quot;CSEM Digital Journey&quot;.\" \/>\n<meta name=\"robots\" content=\"index, follow, max-snippet:-1, max-image-preview:large, max-video-preview:-1\" \/>\n<link rel=\"canonical\" href=\"https:\/\/www.organisator.ch\/en\/sustainability\/2018-06-19\/csem-zieht-positive-bilanz-und-eroeffnet-wettbewerb\/\" \/>\n<meta property=\"og:locale\" content=\"en_US\" \/>\n<meta property=\"og:type\" content=\"article\" \/>\n<meta property=\"og:title\" content=\"CSEM zieht positive Bilanz und er\u00f6ffnet Wettbewerb - Organisator\" \/>\n<meta property=\"og:description\" content=\"CSEM verzeichnete 2017 positive Entwicklungen und innovative Projekte, f\u00f6rderte Schweizer KMUs mit dem Wettbewerb &quot;CSEM Digital Journey&quot;.\" \/>\n<meta property=\"og:url\" content=\"https:\/\/www.organisator.ch\/en\/sustainability\/2018-06-19\/csem-zieht-positive-bilanz-und-eroeffnet-wettbewerb\/\" \/>\n<meta property=\"og:site_name\" content=\"Organisator\" \/>\n<meta property=\"article:publisher\" content=\"https:\/\/www.facebook.com\/OrganisatorFachmagazin\" \/>\n<meta property=\"article:published_time\" content=\"2018-06-19T13:38:05+00:00\" \/>\n<meta property=\"article:modified_time\" content=\"2024-11-07T06:20:28+00:00\" \/>\n<meta property=\"og:image\" content=\"https:\/\/www.organisator.ch\/wp-content\/uploads\/2018\/06\/Doc-scaled.jpeg\" \/>\n\t<meta property=\"og:image:width\" content=\"1810\" \/>\n\t<meta property=\"og:image:height\" content=\"2560\" \/>\n\t<meta property=\"og:image:type\" content=\"image\/jpeg\" \/>\n<meta name=\"author\" content=\"michael.merz\" \/>\n<meta name=\"twitter:card\" content=\"summary_large_image\" \/>\n<script type=\"application\/ld+json\" class=\"yoast-schema-graph\">{\"@context\":\"https:\\\/\\\/schema.org\",\"@graph\":[{\"@type\":\"Article\",\"@id\":\"https:\\\/\\\/www.organisator.ch\\\/sustainability\\\/2018-06-19\\\/csem-zieht-positive-bilanz-und-eroeffnet-wettbewerb\\\/#article\",\"isPartOf\":{\"@id\":\"https:\\\/\\\/www.organisator.ch\\\/sustainability\\\/2018-06-19\\\/csem-zieht-positive-bilanz-und-eroeffnet-wettbewerb\\\/\"},\"author\":{\"name\":\"michael.merz\",\"@id\":\"https:\\\/\\\/www.organisator.ch\\\/#\\\/schema\\\/person\\\/134708ca9321c57b0362cceb7948ffbd\"},\"headline\":\"CSEM zieht positive Bilanz und er\u00f6ffnet Wettbewerb\",\"datePublished\":\"2018-06-19T13:38:05+00:00\",\"dateModified\":\"2024-11-07T06:20:28+00:00\",\"mainEntityOfPage\":{\"@id\":\"https:\\\/\\\/www.organisator.ch\\\/sustainability\\\/2018-06-19\\\/csem-zieht-positive-bilanz-und-eroeffnet-wettbewerb\\\/\"},\"wordCount\":496,\"publisher\":{\"@id\":\"https:\\\/\\\/www.organisator.ch\\\/#organization\"},\"image\":{\"@id\":\"https:\\\/\\\/www.organisator.ch\\\/sustainability\\\/2018-06-19\\\/csem-zieht-positive-bilanz-und-eroeffnet-wettbewerb\\\/#primaryimage\"},\"thumbnailUrl\":\"https:\\\/\\\/www.organisator.ch\\\/wp-content\\\/uploads\\\/2018\\\/06\\\/Doc-scaled.jpeg\",\"keywords\":[\"CSEM\",\"Forschung\",\"KMU F\u00f6rderung\",\"Start-ups\"],\"articleSection\":[\"SUSTAINABILITY\"],\"inLanguage\":\"en-US\"},{\"@type\":\"WebPage\",\"@id\":\"https:\\\/\\\/www.organisator.ch\\\/sustainability\\\/2018-06-19\\\/csem-zieht-positive-bilanz-und-eroeffnet-wettbewerb\\\/\",\"url\":\"https:\\\/\\\/www.organisator.ch\\\/sustainability\\\/2018-06-19\\\/csem-zieht-positive-bilanz-und-eroeffnet-wettbewerb\\\/\",\"name\":\"CSEM zieht positive Bilanz und er\u00f6ffnet Wettbewerb - Organisator\",\"isPartOf\":{\"@id\":\"https:\\\/\\\/www.organisator.ch\\\/#website\"},\"primaryImageOfPage\":{\"@id\":\"https:\\\/\\\/www.organisator.ch\\\/sustainability\\\/2018-06-19\\\/csem-zieht-positive-bilanz-und-eroeffnet-wettbewerb\\\/#primaryimage\"},\"image\":{\"@id\":\"https:\\\/\\\/www.organisator.ch\\\/sustainability\\\/2018-06-19\\\/csem-zieht-positive-bilanz-und-eroeffnet-wettbewerb\\\/#primaryimage\"},\"thumbnailUrl\":\"https:\\\/\\\/www.organisator.ch\\\/wp-content\\\/uploads\\\/2018\\\/06\\\/Doc-scaled.jpeg\",\"datePublished\":\"2018-06-19T13:38:05+00:00\",\"dateModified\":\"2024-11-07T06:20:28+00:00\",\"description\":\"CSEM verzeichnete 2017 positive Entwicklungen und innovative Projekte, f\u00f6rderte Schweizer KMUs mit dem Wettbewerb \\\"CSEM Digital Journey\\\".\",\"breadcrumb\":{\"@id\":\"https:\\\/\\\/www.organisator.ch\\\/sustainability\\\/2018-06-19\\\/csem-zieht-positive-bilanz-und-eroeffnet-wettbewerb\\\/#breadcrumb\"},\"inLanguage\":\"en-US\",\"potentialAction\":[{\"@type\":\"ReadAction\",\"target\":[\"https:\\\/\\\/www.organisator.ch\\\/sustainability\\\/2018-06-19\\\/csem-zieht-positive-bilanz-und-eroeffnet-wettbewerb\\\/\"]}]},{\"@type\":\"ImageObject\",\"inLanguage\":\"en-US\",\"@id\":\"https:\\\/\\\/www.organisator.ch\\\/sustainability\\\/2018-06-19\\\/csem-zieht-positive-bilanz-und-eroeffnet-wettbewerb\\\/#primaryimage\",\"url\":\"https:\\\/\\\/www.organisator.ch\\\/wp-content\\\/uploads\\\/2018\\\/06\\\/Doc-scaled.jpeg\",\"contentUrl\":\"https:\\\/\\\/www.organisator.ch\\\/wp-content\\\/uploads\\\/2018\\\/06\\\/Doc-scaled.jpeg\",\"width\":1810,\"height\":2560,\"caption\":\"Hinni, ein Schweizer Unternehmen, vernetzt herk\u00f6mmliche Hydranten mit High-Tech. (Bild: CSEM)\"},{\"@type\":\"BreadcrumbList\",\"@id\":\"https:\\\/\\\/www.organisator.ch\\\/sustainability\\\/2018-06-19\\\/csem-zieht-positive-bilanz-und-eroeffnet-wettbewerb\\\/#breadcrumb\",\"itemListElement\":[{\"@type\":\"ListItem\",\"position\":1,\"name\":\"Home\",\"item\":\"https:\\\/\\\/www.organisator.ch\\\/\"},{\"@type\":\"ListItem\",\"position\":2,\"name\":\"CSEM zieht positive Bilanz und er\u00f6ffnet Wettbewerb\"}]},{\"@type\":\"WebSite\",\"@id\":\"https:\\\/\\\/www.organisator.ch\\\/#website\",\"url\":\"https:\\\/\\\/www.organisator.ch\\\/\",\"name\":\"Organisator\",\"description\":\"Kompetent. Praxisnah. Der ORGANISATOR bereitet in 10 Ausgaben pro Jahr die wesentlichen Themen f\u00fcr F\u00fchrungskr\u00e4fte von KMU auf.\",\"publisher\":{\"@id\":\"https:\\\/\\\/www.organisator.ch\\\/#organization\"},\"potentialAction\":[{\"@type\":\"SearchAction\",\"target\":{\"@type\":\"EntryPoint\",\"urlTemplate\":\"https:\\\/\\\/www.organisator.ch\\\/?s={search_term_string}\"},\"query-input\":{\"@type\":\"PropertyValueSpecification\",\"valueRequired\":true,\"valueName\":\"search_term_string\"}}],\"inLanguage\":\"en-US\"},{\"@type\":\"Organization\",\"@id\":\"https:\\\/\\\/www.organisator.ch\\\/#organization\",\"name\":\"Organisator\",\"url\":\"https:\\\/\\\/www.organisator.ch\\\/\",\"logo\":{\"@type\":\"ImageObject\",\"inLanguage\":\"en-US\",\"@id\":\"https:\\\/\\\/www.organisator.ch\\\/#\\\/schema\\\/logo\\\/image\\\/\",\"url\":\"https:\\\/\\\/www.organisator.ch\\\/wp-content\\\/uploads\\\/2022\\\/01\\\/Logo_Organisator_Website.png\",\"contentUrl\":\"https:\\\/\\\/www.organisator.ch\\\/wp-content\\\/uploads\\\/2022\\\/01\\\/Logo_Organisator_Website.png\",\"width\":800,\"height\":77,\"caption\":\"Organisator\"},\"image\":{\"@id\":\"https:\\\/\\\/www.organisator.ch\\\/#\\\/schema\\\/logo\\\/image\\\/\"},\"sameAs\":[\"https:\\\/\\\/www.facebook.com\\\/OrganisatorFachmagazin\",\"https:\\\/\\\/www.linkedin.com\\\/showcase\\\/organisator-das-magazin-fr-kmu\",\"https:\\\/\\\/www.xing.com\\\/news\\\/pages\\\/organisator-ch-695\",\"https:\\\/\\\/www.youtube.com\\\/channel\\\/UCGP2Sq0iWaZwT3BdIAQFYpw\"]},{\"@type\":\"Person\",\"@id\":\"https:\\\/\\\/www.organisator.ch\\\/#\\\/schema\\\/person\\\/134708ca9321c57b0362cceb7948ffbd\",\"name\":\"michael.merz\",\"image\":{\"@type\":\"ImageObject\",\"inLanguage\":\"en-US\",\"@id\":\"https:\\\/\\\/secure.gravatar.com\\\/avatar\\\/?s=96&d=mm&r=g\",\"url\":\"https:\\\/\\\/secure.gravatar.com\\\/avatar\\\/?s=96&d=mm&r=g\",\"contentUrl\":\"https:\\\/\\\/secure.gravatar.com\\\/avatar\\\/?s=96&d=mm&r=g\",\"caption\":\"michael.merz\"},\"url\":\"https:\\\/\\\/www.organisator.ch\\\/en\\\/author\\\/michael-merz\\\/\"}]}<\/script>\n<!-- \/ Yoast SEO plugin. -->","yoast_head_json":{"title":"CSEM draws positive balance and opens competition - organizer","description":"CSEM recorded positive developments and innovative projects in 2017 and supported Swiss SMEs with the \"CSEM Digital Journey\" competition.","robots":{"index":"index","follow":"follow","max-snippet":"max-snippet:-1","max-image-preview":"max-image-preview:large","max-video-preview":"max-video-preview:-1"},"canonical":"https:\/\/www.organisator.ch\/en\/sustainability\/2018-06-19\/csem-zieht-positive-bilanz-und-eroeffnet-wettbewerb\/","og_locale":"en_US","og_type":"article","og_title":"CSEM zieht positive Bilanz und er\u00f6ffnet Wettbewerb - Organisator","og_description":"CSEM verzeichnete 2017 positive Entwicklungen und innovative Projekte, f\u00f6rderte Schweizer KMUs mit dem Wettbewerb \"CSEM Digital Journey\".","og_url":"https:\/\/www.organisator.ch\/en\/sustainability\/2018-06-19\/csem-zieht-positive-bilanz-und-eroeffnet-wettbewerb\/","og_site_name":"Organisator","article_publisher":"https:\/\/www.facebook.com\/OrganisatorFachmagazin","article_published_time":"2018-06-19T13:38:05+00:00","article_modified_time":"2024-11-07T06:20:28+00:00","og_image":[{"width":1810,"height":2560,"url":"https:\/\/www.organisator.ch\/wp-content\/uploads\/2018\/06\/Doc-scaled.jpeg","type":"image\/jpeg"}],"author":"michael.merz","twitter_card":"summary_large_image","schema":{"@context":"https:\/\/schema.org","@graph":[{"@type":"Article","@id":"https:\/\/www.organisator.ch\/sustainability\/2018-06-19\/csem-zieht-positive-bilanz-und-eroeffnet-wettbewerb\/#article","isPartOf":{"@id":"https:\/\/www.organisator.ch\/sustainability\/2018-06-19\/csem-zieht-positive-bilanz-und-eroeffnet-wettbewerb\/"},"author":{"name":"michael.merz","@id":"https:\/\/www.organisator.ch\/#\/schema\/person\/134708ca9321c57b0362cceb7948ffbd"},"headline":"CSEM zieht positive Bilanz und er\u00f6ffnet Wettbewerb","datePublished":"2018-06-19T13:38:05+00:00","dateModified":"2024-11-07T06:20:28+00:00","mainEntityOfPage":{"@id":"https:\/\/www.organisator.ch\/sustainability\/2018-06-19\/csem-zieht-positive-bilanz-und-eroeffnet-wettbewerb\/"},"wordCount":496,"publisher":{"@id":"https:\/\/www.organisator.ch\/#organization"},"image":{"@id":"https:\/\/www.organisator.ch\/sustainability\/2018-06-19\/csem-zieht-positive-bilanz-und-eroeffnet-wettbewerb\/#primaryimage"},"thumbnailUrl":"https:\/\/www.organisator.ch\/wp-content\/uploads\/2018\/06\/Doc-scaled.jpeg","keywords":["CSEM","Forschung","KMU F\u00f6rderung","Start-ups"],"articleSection":["SUSTAINABILITY"],"inLanguage":"en-US"},{"@type":"WebPage","@id":"https:\/\/www.organisator.ch\/sustainability\/2018-06-19\/csem-zieht-positive-bilanz-und-eroeffnet-wettbewerb\/","url":"https:\/\/www.organisator.ch\/sustainability\/2018-06-19\/csem-zieht-positive-bilanz-und-eroeffnet-wettbewerb\/","name":"CSEM draws positive balance and opens competition - organizer","isPartOf":{"@id":"https:\/\/www.organisator.ch\/#website"},"primaryImageOfPage":{"@id":"https:\/\/www.organisator.ch\/sustainability\/2018-06-19\/csem-zieht-positive-bilanz-und-eroeffnet-wettbewerb\/#primaryimage"},"image":{"@id":"https:\/\/www.organisator.ch\/sustainability\/2018-06-19\/csem-zieht-positive-bilanz-und-eroeffnet-wettbewerb\/#primaryimage"},"thumbnailUrl":"https:\/\/www.organisator.ch\/wp-content\/uploads\/2018\/06\/Doc-scaled.jpeg","datePublished":"2018-06-19T13:38:05+00:00","dateModified":"2024-11-07T06:20:28+00:00","description":"CSEM recorded positive developments and innovative projects in 2017 and supported Swiss SMEs with the \"CSEM Digital Journey\" competition.","breadcrumb":{"@id":"https:\/\/www.organisator.ch\/sustainability\/2018-06-19\/csem-zieht-positive-bilanz-und-eroeffnet-wettbewerb\/#breadcrumb"},"inLanguage":"en-US","potentialAction":[{"@type":"ReadAction","target":["https:\/\/www.organisator.ch\/sustainability\/2018-06-19\/csem-zieht-positive-bilanz-und-eroeffnet-wettbewerb\/"]}]},{"@type":"ImageObject","inLanguage":"en-US","@id":"https:\/\/www.organisator.ch\/sustainability\/2018-06-19\/csem-zieht-positive-bilanz-und-eroeffnet-wettbewerb\/#primaryimage","url":"https:\/\/www.organisator.ch\/wp-content\/uploads\/2018\/06\/Doc-scaled.jpeg","contentUrl":"https:\/\/www.organisator.ch\/wp-content\/uploads\/2018\/06\/Doc-scaled.jpeg","width":1810,"height":2560,"caption":"Hinni, ein Schweizer Unternehmen, vernetzt herk\u00f6mmliche Hydranten mit High-Tech. (Bild: CSEM)"},{"@type":"BreadcrumbList","@id":"https:\/\/www.organisator.ch\/sustainability\/2018-06-19\/csem-zieht-positive-bilanz-und-eroeffnet-wettbewerb\/#breadcrumb","itemListElement":[{"@type":"ListItem","position":1,"name":"Home","item":"https:\/\/www.organisator.ch\/"},{"@type":"ListItem","position":2,"name":"CSEM zieht positive Bilanz und er\u00f6ffnet Wettbewerb"}]},{"@type":"WebSite","@id":"https:\/\/www.organisator.ch\/#website","url":"https:\/\/www.organisator.ch\/","name":"Organizer","description":"Competent. Practical. In 10 issues per year, ORGANISATOR presents the essential topics for managers of SMEs.","publisher":{"@id":"https:\/\/www.organisator.ch\/#organization"},"potentialAction":[{"@type":"SearchAction","target":{"@type":"EntryPoint","urlTemplate":"https:\/\/www.organisator.ch\/?s={search_term_string}"},"query-input":{"@type":"PropertyValueSpecification","valueRequired":true,"valueName":"search_term_string"}}],"inLanguage":"en-US"},{"@type":"Organization","@id":"https:\/\/www.organisator.ch\/#organization","name":"Organizer","url":"https:\/\/www.organisator.ch\/","logo":{"@type":"ImageObject","inLanguage":"en-US","@id":"https:\/\/www.organisator.ch\/#\/schema\/logo\/image\/","url":"https:\/\/www.organisator.ch\/wp-content\/uploads\/2022\/01\/Logo_Organisator_Website.png","contentUrl":"https:\/\/www.organisator.ch\/wp-content\/uploads\/2022\/01\/Logo_Organisator_Website.png","width":800,"height":77,"caption":"Organisator"},"image":{"@id":"https:\/\/www.organisator.ch\/#\/schema\/logo\/image\/"},"sameAs":["https:\/\/www.facebook.com\/OrganisatorFachmagazin","https:\/\/www.linkedin.com\/showcase\/organisator-das-magazin-fr-kmu","https:\/\/www.xing.com\/news\/pages\/organisator-ch-695","https:\/\/www.youtube.com\/channel\/UCGP2Sq0iWaZwT3BdIAQFYpw"]},{"@type":"Person","@id":"https:\/\/www.organisator.ch\/#\/schema\/person\/134708ca9321c57b0362cceb7948ffbd","name":"michael.merz","image":{"@type":"ImageObject","inLanguage":"en-US","@id":"https:\/\/secure.gravatar.com\/avatar\/?s=96&d=mm&r=g","url":"https:\/\/secure.gravatar.com\/avatar\/?s=96&d=mm&r=g","contentUrl":"https:\/\/secure.gravatar.com\/avatar\/?s=96&d=mm&r=g","caption":"michael.merz"},"url":"https:\/\/www.organisator.ch\/en\/author\/michael-merz\/"}]}},"_links":{"self":[{"href":"https:\/\/www.organisator.ch\/en\/wp-json\/wp\/v2\/posts\/1741","targetHints":{"allow":["GET"]}}],"collection":[{"href":"https:\/\/www.organisator.ch\/en\/wp-json\/wp\/v2\/posts"}],"about":[{"href":"https:\/\/www.organisator.ch\/en\/wp-json\/wp\/v2\/types\/post"}],"author":[{"embeddable":true,"href":"https:\/\/www.organisator.ch\/en\/wp-json\/wp\/v2\/users\/5"}],"replies":[{"embeddable":true,"href":"https:\/\/www.organisator.ch\/en\/wp-json\/wp\/v2\/comments?post=1741"}],"version-history":[{"count":2,"href":"https:\/\/www.organisator.ch\/en\/wp-json\/wp\/v2\/posts\/1741\/revisions"}],"predecessor-version":[{"id":31648,"href":"https:\/\/www.organisator.ch\/en\/wp-json\/wp\/v2\/posts\/1741\/revisions\/31648"}],"wp:featuredmedia":[{"embeddable":true,"href":"https:\/\/www.organisator.ch\/en\/wp-json\/wp\/v2\/media\/1743"}],"wp:attachment":[{"href":"https:\/\/www.organisator.ch\/en\/wp-json\/wp\/v2\/media?parent=1741"}],"wp:term":[{"taxonomy":"category","embeddable":true,"href":"https:\/\/www.organisator.ch\/en\/wp-json\/wp\/v2\/categories?post=1741"},{"taxonomy":"post_tag","embeddable":true,"href":"https:\/\/www.organisator.ch\/en\/wp-json\/wp\/v2\/tags?post=1741"}],"curies":[{"name":"wp","href":"https:\/\/api.w.org\/{rel}","templated":true}]}}