{"id":1744,"date":"2017-04-06T11:23:42","date_gmt":"2017-04-06T09:23:42","guid":{"rendered":"https:\/\/www.organisator.ch\/?p=1744"},"modified":"2017-04-06T11:23:42","modified_gmt":"2017-04-06T09:23:42","slug":"1744-2","status":"publish","type":"post","link":"https:\/\/www.organisator.ch\/en\/allgemein\/2017-04-06\/1744-2\/","title":{"rendered":"New management at SwissSign"},"content":{"rendered":"<figure id=\"attachment_1745\" aria-describedby=\"caption-attachment-1745\" style=\"width: 640px\" class=\"wp-caption alignnone\"><img loading=\"lazy\" decoding=\"async\" class=\"size-full wp-image-1745\" src=\"https:\/\/www.organisator.ch\/wp-content\/uploads\/2017\/04\/Markus-Naef-wird-neuer-CEO-von-SwissSign-mq-management-u-qualitaet.jpg\" alt=\"\" width=\"640\" height=\"426\" srcset=\"https:\/\/www.organisator.ch\/wp-content\/uploads\/2017\/04\/Markus-Naef-wird-neuer-CEO-von-SwissSign-mq-management-u-qualitaet.jpg 640w, https:\/\/www.organisator.ch\/wp-content\/uploads\/2017\/04\/Markus-Naef-wird-neuer-CEO-von-SwissSign-mq-management-u-qualitaet-16x12.jpg 16w, https:\/\/www.organisator.ch\/wp-content\/uploads\/2017\/04\/Markus-Naef-wird-neuer-CEO-von-SwissSign-mq-management-u-qualitaet-263x175.jpg 263w, https:\/\/www.organisator.ch\/wp-content\/uploads\/2017\/04\/Markus-Naef-wird-neuer-CEO-von-SwissSign-mq-management-u-qualitaet-526x350.jpg 526w, https:\/\/www.organisator.ch\/wp-content\/uploads\/2017\/04\/Markus-Naef-wird-neuer-CEO-von-SwissSign-mq-management-u-qualitaet-300x200.jpg 300w\" sizes=\"auto, (max-width: 640px) 100vw, 640px\" \/><figcaption id=\"caption-attachment-1745\" class=\"wp-caption-text\">SBB's stake in SwissSign AG, a subsidiary of Swiss Post, received the green light from the Competition Commission (ComCo) and the EU Commission in March 2017. (Image: zVg)<\/figcaption><\/figure>\n<p>Markus Naef takes over the new management of SwissSign AG. He is to lead the company as a joint venture into a new era and tackle the next growth step. He brings over 20 years of experience in general management and business development, has held leading roles related to digitalization and transformation, and in the implementation of digital business models in the B2C and B2B sectors.<\/p>\n<p>Most recently, Naef was CCO and Senior Vice President at Sunrise Communications AG. His experience in establishing and forming strategic partnerships, his expertise in complex financial issues and his legal knowledge, particularly in the areas of data protection, competition and e-commerce in Europe and North America, make him the ideal candidate for the tasks ahead.<\/p>\n<p><strong>SwissSign CEO remains <\/strong><\/p>\n<p>Swiss Post and SBB are very pleased that the current CEO of SwissSign AG, Urs Fischer, will continue to be available to the company and contribute his knowledge at the customer interface and in product strategy. Swiss Post thanks him for his great commitment in positioning SwissSign AG as an innovative provider of certificate services and trusted identities in Switzerland.<\/p>\n<p><strong>Unified digital identity <\/strong><\/p>\n<p>After SBB's investment in the postal subsidiary received the green light from the Competition Commission (WEKO) and the EU Commission in March 2017 (see media release dated March 24, 2017), the digital identity is to be launched in fall 2017 and made available to the first postal portal customers. SwissPass customers are to follow from 2018. The service will also be available to interested authorities and companies as early as autumn 2017.<\/p>\n<p>With the unified digital identity, users will be able to access various online services via a single secure login instead of using a multitude of usernames and passwords and exposing themselves to security risks. Public authorities and companies will benefit from the qualitatively improved identity and will be able to expand their online services more securely as well as design them more efficiently. The top priority is full compliance with applicable data protection regulations.<\/p>\n<p><a href=\"http:\/\/www.swisssign.com\">www.swisssign.com<\/a><\/p>\n<p>&nbsp;<\/p>\n<p>&nbsp;<\/p>","protected":false},"excerpt":{"rendered":"<p>Die neue Gesch\u00e4ftsf\u00fchrung der SwissSign AG \u00fcbernimmt Markus Naef. Er soll das Unternehmen als Joint Venture in eine neue \u00c4ra f\u00fchren und den n\u00e4chsten Wachstumsschritt angehen. Er bringt \u00fcber 20 Jahre Erfahrung in General Management und Business Development mit, hatte f\u00fchrende Rollen im Zusammenhang mit der Digitalisierung und Transformation inne sowie in der Umsetzung digitaler [&hellip;]<\/p>\n","protected":false},"author":5,"featured_media":1745,"comment_status":"open","ping_status":"open","sticky":false,"template":"","format":"standard","meta":{"_acf_changed":false,"_yoast_wpseo_focuskw":"Gesch\u00e4ftsf\u00fchrung SwissSign","_yoast_wpseo_metadesc":"Die Gesch\u00e4ftsf\u00fchrung der SwissSign AG \u00fcbernimmt 2017 Markus Naef. Urs Fischer, der jetzige CEO der SwissSign AG, wird bei der Post auch in Zukunft arbeiten.","articlekey":"","footnotes":""},"categories":[1],"tags":[261,467],"class_list":["post-1744","post","type-post","status-publish","format-standard","has-post-thumbnail","hentry","category-allgemein","tag-identifikation","tag-swisssign"],"acf":[],"yoast_head":"<!-- This site is optimized with the Yoast SEO plugin v27.5 - https:\/\/yoast.com\/product\/yoast-seo-wordpress\/ -->\n<title>Neue Gesch\u00e4ftsf\u00fchrung bei SwissSign - Organisator<\/title>\n<meta name=\"description\" content=\"Die Gesch\u00e4ftsf\u00fchrung der SwissSign AG \u00fcbernimmt 2017 Markus Naef. Urs Fischer, der jetzige CEO der SwissSign AG, wird bei der Post auch in Zukunft arbeiten.\" \/>\n<meta name=\"robots\" content=\"index, follow, max-snippet:-1, max-image-preview:large, max-video-preview:-1\" \/>\n<link rel=\"canonical\" href=\"https:\/\/www.m-q.ch\/markus-naef-wird-neuer-ceo-von-swisssign\/\" \/>\n<meta property=\"og:locale\" content=\"en_US\" \/>\n<meta property=\"og:type\" content=\"article\" \/>\n<meta property=\"og:title\" content=\"Neue Gesch\u00e4ftsf\u00fchrung bei SwissSign - Organisator\" \/>\n<meta property=\"og:description\" content=\"Die Gesch\u00e4ftsf\u00fchrung der SwissSign AG \u00fcbernimmt 2017 Markus Naef. Urs Fischer, der jetzige CEO der SwissSign AG, wird bei der Post auch in Zukunft arbeiten.\" \/>\n<meta property=\"og:url\" content=\"https:\/\/www.m-q.ch\/markus-naef-wird-neuer-ceo-von-swisssign\/\" \/>\n<meta property=\"og:site_name\" content=\"Organisator\" \/>\n<meta property=\"article:publisher\" content=\"https:\/\/www.facebook.com\/OrganisatorFachmagazin\" \/>\n<meta property=\"article:published_time\" content=\"2017-04-06T09:23:42+00:00\" \/>\n<meta property=\"og:image\" content=\"https:\/\/www.organisator.ch\/wp-content\/uploads\/2017\/04\/Markus-Naef-wird-neuer-CEO-von-SwissSign-mq-management-u-qualitaet.jpg\" \/>\n\t<meta property=\"og:image:width\" content=\"640\" \/>\n\t<meta property=\"og:image:height\" content=\"426\" \/>\n\t<meta property=\"og:image:type\" content=\"image\/jpeg\" \/>\n<meta name=\"author\" content=\"michael.merz\" \/>\n<meta name=\"twitter:card\" content=\"summary_large_image\" \/>\n<script type=\"application\/ld+json\" class=\"yoast-schema-graph\">{\"@context\":\"https:\\\/\\\/schema.org\",\"@graph\":[{\"@type\":\"Article\",\"@id\":\"https:\\\/\\\/www.m-q.ch\\\/markus-naef-wird-neuer-ceo-von-swisssign\\\/#article\",\"isPartOf\":{\"@id\":\"https:\\\/\\\/www.organisator.ch\\\/de\\\/allgemein\\\/2017-04-06\\\/1744-2\\\/\"},\"author\":{\"name\":\"michael.merz\",\"@id\":\"https:\\\/\\\/www.organisator.ch\\\/#\\\/schema\\\/person\\\/134708ca9321c57b0362cceb7948ffbd\"},\"headline\":\"Neue Gesch\u00e4ftsf\u00fchrung bei SwissSign\",\"datePublished\":\"2017-04-06T09:23:42+00:00\",\"mainEntityOfPage\":{\"@id\":\"https:\\\/\\\/www.organisator.ch\\\/de\\\/allgemein\\\/2017-04-06\\\/1744-2\\\/\"},\"wordCount\":366,\"commentCount\":0,\"publisher\":{\"@id\":\"https:\\\/\\\/www.organisator.ch\\\/#organization\"},\"image\":{\"@id\":\"https:\\\/\\\/www.m-q.ch\\\/markus-naef-wird-neuer-ceo-von-swisssign\\\/#primaryimage\"},\"thumbnailUrl\":\"https:\\\/\\\/www.organisator.ch\\\/wp-content\\\/uploads\\\/2017\\\/04\\\/Markus-Naef-wird-neuer-CEO-von-SwissSign-mq-management-u-qualitaet.jpg\",\"keywords\":[\"Identifikation\",\"SwissSign\"],\"articleSection\":[\"Allgemein\"],\"inLanguage\":\"en-US\"},{\"@type\":\"WebPage\",\"@id\":\"https:\\\/\\\/www.organisator.ch\\\/de\\\/allgemein\\\/2017-04-06\\\/1744-2\\\/\",\"url\":\"https:\\\/\\\/www.m-q.ch\\\/markus-naef-wird-neuer-ceo-von-swisssign\\\/\",\"name\":\"Neue Gesch\u00e4ftsf\u00fchrung bei SwissSign - Organisator\",\"isPartOf\":{\"@id\":\"https:\\\/\\\/www.organisator.ch\\\/#website\"},\"primaryImageOfPage\":{\"@id\":\"https:\\\/\\\/www.m-q.ch\\\/markus-naef-wird-neuer-ceo-von-swisssign\\\/#primaryimage\"},\"image\":{\"@id\":\"https:\\\/\\\/www.m-q.ch\\\/markus-naef-wird-neuer-ceo-von-swisssign\\\/#primaryimage\"},\"thumbnailUrl\":\"https:\\\/\\\/www.organisator.ch\\\/wp-content\\\/uploads\\\/2017\\\/04\\\/Markus-Naef-wird-neuer-CEO-von-SwissSign-mq-management-u-qualitaet.jpg\",\"datePublished\":\"2017-04-06T09:23:42+00:00\",\"description\":\"Die Gesch\u00e4ftsf\u00fchrung der SwissSign AG \u00fcbernimmt 2017 Markus Naef. Urs Fischer, der jetzige CEO der SwissSign AG, wird bei der Post auch in Zukunft arbeiten.\",\"breadcrumb\":{\"@id\":\"https:\\\/\\\/www.m-q.ch\\\/markus-naef-wird-neuer-ceo-von-swisssign\\\/#breadcrumb\"},\"inLanguage\":\"en-US\",\"potentialAction\":[{\"@type\":\"ReadAction\",\"target\":[\"https:\\\/\\\/www.m-q.ch\\\/markus-naef-wird-neuer-ceo-von-swisssign\\\/\"]}]},{\"@type\":\"ImageObject\",\"inLanguage\":\"en-US\",\"@id\":\"https:\\\/\\\/www.m-q.ch\\\/markus-naef-wird-neuer-ceo-von-swisssign\\\/#primaryimage\",\"url\":\"https:\\\/\\\/www.organisator.ch\\\/wp-content\\\/uploads\\\/2017\\\/04\\\/Markus-Naef-wird-neuer-CEO-von-SwissSign-mq-management-u-qualitaet.jpg\",\"contentUrl\":\"https:\\\/\\\/www.organisator.ch\\\/wp-content\\\/uploads\\\/2017\\\/04\\\/Markus-Naef-wird-neuer-CEO-von-SwissSign-mq-management-u-qualitaet.jpg\",\"width\":640,\"height\":426,\"caption\":\"Die Beteiligung der SBB an der Posttochter SwissSign AG erhielt im M\u00e4rz 2017 gr\u00fcnes Licht von der Wettbewerbskommission (WEKO) und der EU-Kommission. (Bild: zVg)\"},{\"@type\":\"BreadcrumbList\",\"@id\":\"https:\\\/\\\/www.m-q.ch\\\/markus-naef-wird-neuer-ceo-von-swisssign\\\/#breadcrumb\",\"itemListElement\":[{\"@type\":\"ListItem\",\"position\":1,\"name\":\"Home\",\"item\":\"https:\\\/\\\/www.organisator.ch\\\/\"},{\"@type\":\"ListItem\",\"position\":2,\"name\":\"Neue Gesch\u00e4ftsf\u00fchrung bei SwissSign\"}]},{\"@type\":\"WebSite\",\"@id\":\"https:\\\/\\\/www.organisator.ch\\\/#website\",\"url\":\"https:\\\/\\\/www.organisator.ch\\\/\",\"name\":\"Organisator\",\"description\":\"Kompetent. Praxisnah. Der ORGANISATOR bereitet in 10 Ausgaben pro Jahr die wesentlichen Themen f\u00fcr F\u00fchrungskr\u00e4fte von KMU auf.\",\"publisher\":{\"@id\":\"https:\\\/\\\/www.organisator.ch\\\/#organization\"},\"potentialAction\":[{\"@type\":\"SearchAction\",\"target\":{\"@type\":\"EntryPoint\",\"urlTemplate\":\"https:\\\/\\\/www.organisator.ch\\\/?s={search_term_string}\"},\"query-input\":{\"@type\":\"PropertyValueSpecification\",\"valueRequired\":true,\"valueName\":\"search_term_string\"}}],\"inLanguage\":\"en-US\"},{\"@type\":\"Organization\",\"@id\":\"https:\\\/\\\/www.organisator.ch\\\/#organization\",\"name\":\"Organisator\",\"url\":\"https:\\\/\\\/www.organisator.ch\\\/\",\"logo\":{\"@type\":\"ImageObject\",\"inLanguage\":\"en-US\",\"@id\":\"https:\\\/\\\/www.organisator.ch\\\/#\\\/schema\\\/logo\\\/image\\\/\",\"url\":\"https:\\\/\\\/www.organisator.ch\\\/wp-content\\\/uploads\\\/2022\\\/01\\\/Logo_Organisator_Website.png\",\"contentUrl\":\"https:\\\/\\\/www.organisator.ch\\\/wp-content\\\/uploads\\\/2022\\\/01\\\/Logo_Organisator_Website.png\",\"width\":800,\"height\":77,\"caption\":\"Organisator\"},\"image\":{\"@id\":\"https:\\\/\\\/www.organisator.ch\\\/#\\\/schema\\\/logo\\\/image\\\/\"},\"sameAs\":[\"https:\\\/\\\/www.facebook.com\\\/OrganisatorFachmagazin\",\"https:\\\/\\\/www.linkedin.com\\\/showcase\\\/organisator-das-magazin-fr-kmu\",\"https:\\\/\\\/www.xing.com\\\/news\\\/pages\\\/organisator-ch-695\",\"https:\\\/\\\/www.youtube.com\\\/channel\\\/UCGP2Sq0iWaZwT3BdIAQFYpw\"]},{\"@type\":\"Person\",\"@id\":\"https:\\\/\\\/www.organisator.ch\\\/#\\\/schema\\\/person\\\/134708ca9321c57b0362cceb7948ffbd\",\"name\":\"michael.merz\",\"image\":{\"@type\":\"ImageObject\",\"inLanguage\":\"en-US\",\"@id\":\"https:\\\/\\\/secure.gravatar.com\\\/avatar\\\/?s=96&d=mm&r=g\",\"url\":\"https:\\\/\\\/secure.gravatar.com\\\/avatar\\\/?s=96&d=mm&r=g\",\"contentUrl\":\"https:\\\/\\\/secure.gravatar.com\\\/avatar\\\/?s=96&d=mm&r=g\",\"caption\":\"michael.merz\"},\"url\":\"https:\\\/\\\/www.organisator.ch\\\/en\\\/author\\\/michael-merz\\\/\"}]}<\/script>\n<!-- \/ Yoast SEO plugin. -->","yoast_head_json":{"title":"New management at SwissSign - Organizer","description":"Markus Naef will take over the management of SwissSign AG in 2017. Urs Fischer, the current CEO of SwissSign AG, will continue to work at Swiss Post in the future.","robots":{"index":"index","follow":"follow","max-snippet":"max-snippet:-1","max-image-preview":"max-image-preview:large","max-video-preview":"max-video-preview:-1"},"canonical":"https:\/\/www.m-q.ch\/markus-naef-wird-neuer-ceo-von-swisssign\/","og_locale":"en_US","og_type":"article","og_title":"Neue Gesch\u00e4ftsf\u00fchrung bei SwissSign - Organisator","og_description":"Die Gesch\u00e4ftsf\u00fchrung der SwissSign AG \u00fcbernimmt 2017 Markus Naef. Urs Fischer, der jetzige CEO der SwissSign AG, wird bei der Post auch in Zukunft arbeiten.","og_url":"https:\/\/www.m-q.ch\/markus-naef-wird-neuer-ceo-von-swisssign\/","og_site_name":"Organisator","article_publisher":"https:\/\/www.facebook.com\/OrganisatorFachmagazin","article_published_time":"2017-04-06T09:23:42+00:00","og_image":[{"width":640,"height":426,"url":"https:\/\/www.organisator.ch\/wp-content\/uploads\/2017\/04\/Markus-Naef-wird-neuer-CEO-von-SwissSign-mq-management-u-qualitaet.jpg","type":"image\/jpeg"}],"author":"michael.merz","twitter_card":"summary_large_image","schema":{"@context":"https:\/\/schema.org","@graph":[{"@type":"Article","@id":"https:\/\/www.m-q.ch\/markus-naef-wird-neuer-ceo-von-swisssign\/#article","isPartOf":{"@id":"https:\/\/www.organisator.ch\/de\/allgemein\/2017-04-06\/1744-2\/"},"author":{"name":"michael.merz","@id":"https:\/\/www.organisator.ch\/#\/schema\/person\/134708ca9321c57b0362cceb7948ffbd"},"headline":"Neue Gesch\u00e4ftsf\u00fchrung bei SwissSign","datePublished":"2017-04-06T09:23:42+00:00","mainEntityOfPage":{"@id":"https:\/\/www.organisator.ch\/de\/allgemein\/2017-04-06\/1744-2\/"},"wordCount":366,"commentCount":0,"publisher":{"@id":"https:\/\/www.organisator.ch\/#organization"},"image":{"@id":"https:\/\/www.m-q.ch\/markus-naef-wird-neuer-ceo-von-swisssign\/#primaryimage"},"thumbnailUrl":"https:\/\/www.organisator.ch\/wp-content\/uploads\/2017\/04\/Markus-Naef-wird-neuer-CEO-von-SwissSign-mq-management-u-qualitaet.jpg","keywords":["Identifikation","SwissSign"],"articleSection":["Allgemein"],"inLanguage":"en-US"},{"@type":"WebPage","@id":"https:\/\/www.organisator.ch\/de\/allgemein\/2017-04-06\/1744-2\/","url":"https:\/\/www.m-q.ch\/markus-naef-wird-neuer-ceo-von-swisssign\/","name":"New management at SwissSign - Organizer","isPartOf":{"@id":"https:\/\/www.organisator.ch\/#website"},"primaryImageOfPage":{"@id":"https:\/\/www.m-q.ch\/markus-naef-wird-neuer-ceo-von-swisssign\/#primaryimage"},"image":{"@id":"https:\/\/www.m-q.ch\/markus-naef-wird-neuer-ceo-von-swisssign\/#primaryimage"},"thumbnailUrl":"https:\/\/www.organisator.ch\/wp-content\/uploads\/2017\/04\/Markus-Naef-wird-neuer-CEO-von-SwissSign-mq-management-u-qualitaet.jpg","datePublished":"2017-04-06T09:23:42+00:00","description":"Markus Naef will take over the management of SwissSign AG in 2017. Urs Fischer, the current CEO of SwissSign AG, will continue to work at Swiss Post in the future.","breadcrumb":{"@id":"https:\/\/www.m-q.ch\/markus-naef-wird-neuer-ceo-von-swisssign\/#breadcrumb"},"inLanguage":"en-US","potentialAction":[{"@type":"ReadAction","target":["https:\/\/www.m-q.ch\/markus-naef-wird-neuer-ceo-von-swisssign\/"]}]},{"@type":"ImageObject","inLanguage":"en-US","@id":"https:\/\/www.m-q.ch\/markus-naef-wird-neuer-ceo-von-swisssign\/#primaryimage","url":"https:\/\/www.organisator.ch\/wp-content\/uploads\/2017\/04\/Markus-Naef-wird-neuer-CEO-von-SwissSign-mq-management-u-qualitaet.jpg","contentUrl":"https:\/\/www.organisator.ch\/wp-content\/uploads\/2017\/04\/Markus-Naef-wird-neuer-CEO-von-SwissSign-mq-management-u-qualitaet.jpg","width":640,"height":426,"caption":"Die Beteiligung der SBB an der Posttochter SwissSign AG erhielt im M\u00e4rz 2017 gr\u00fcnes Licht von der Wettbewerbskommission (WEKO) und der EU-Kommission. (Bild: zVg)"},{"@type":"BreadcrumbList","@id":"https:\/\/www.m-q.ch\/markus-naef-wird-neuer-ceo-von-swisssign\/#breadcrumb","itemListElement":[{"@type":"ListItem","position":1,"name":"Home","item":"https:\/\/www.organisator.ch\/"},{"@type":"ListItem","position":2,"name":"Neue Gesch\u00e4ftsf\u00fchrung bei SwissSign"}]},{"@type":"WebSite","@id":"https:\/\/www.organisator.ch\/#website","url":"https:\/\/www.organisator.ch\/","name":"Organizer","description":"Competent. Practical. In 10 issues per year, ORGANISATOR presents the essential topics for managers of SMEs.","publisher":{"@id":"https:\/\/www.organisator.ch\/#organization"},"potentialAction":[{"@type":"SearchAction","target":{"@type":"EntryPoint","urlTemplate":"https:\/\/www.organisator.ch\/?s={search_term_string}"},"query-input":{"@type":"PropertyValueSpecification","valueRequired":true,"valueName":"search_term_string"}}],"inLanguage":"en-US"},{"@type":"Organization","@id":"https:\/\/www.organisator.ch\/#organization","name":"Organizer","url":"https:\/\/www.organisator.ch\/","logo":{"@type":"ImageObject","inLanguage":"en-US","@id":"https:\/\/www.organisator.ch\/#\/schema\/logo\/image\/","url":"https:\/\/www.organisator.ch\/wp-content\/uploads\/2022\/01\/Logo_Organisator_Website.png","contentUrl":"https:\/\/www.organisator.ch\/wp-content\/uploads\/2022\/01\/Logo_Organisator_Website.png","width":800,"height":77,"caption":"Organisator"},"image":{"@id":"https:\/\/www.organisator.ch\/#\/schema\/logo\/image\/"},"sameAs":["https:\/\/www.facebook.com\/OrganisatorFachmagazin","https:\/\/www.linkedin.com\/showcase\/organisator-das-magazin-fr-kmu","https:\/\/www.xing.com\/news\/pages\/organisator-ch-695","https:\/\/www.youtube.com\/channel\/UCGP2Sq0iWaZwT3BdIAQFYpw"]},{"@type":"Person","@id":"https:\/\/www.organisator.ch\/#\/schema\/person\/134708ca9321c57b0362cceb7948ffbd","name":"michael.merz","image":{"@type":"ImageObject","inLanguage":"en-US","@id":"https:\/\/secure.gravatar.com\/avatar\/?s=96&d=mm&r=g","url":"https:\/\/secure.gravatar.com\/avatar\/?s=96&d=mm&r=g","contentUrl":"https:\/\/secure.gravatar.com\/avatar\/?s=96&d=mm&r=g","caption":"michael.merz"},"url":"https:\/\/www.organisator.ch\/en\/author\/michael-merz\/"}]}},"_links":{"self":[{"href":"https:\/\/www.organisator.ch\/en\/wp-json\/wp\/v2\/posts\/1744","targetHints":{"allow":["GET"]}}],"collection":[{"href":"https:\/\/www.organisator.ch\/en\/wp-json\/wp\/v2\/posts"}],"about":[{"href":"https:\/\/www.organisator.ch\/en\/wp-json\/wp\/v2\/types\/post"}],"author":[{"embeddable":true,"href":"https:\/\/www.organisator.ch\/en\/wp-json\/wp\/v2\/users\/5"}],"replies":[{"embeddable":true,"href":"https:\/\/www.organisator.ch\/en\/wp-json\/wp\/v2\/comments?post=1744"}],"version-history":[{"count":0,"href":"https:\/\/www.organisator.ch\/en\/wp-json\/wp\/v2\/posts\/1744\/revisions"}],"wp:featuredmedia":[{"embeddable":true,"href":"https:\/\/www.organisator.ch\/en\/wp-json\/wp\/v2\/media\/1745"}],"wp:attachment":[{"href":"https:\/\/www.organisator.ch\/en\/wp-json\/wp\/v2\/media?parent=1744"}],"wp:term":[{"taxonomy":"category","embeddable":true,"href":"https:\/\/www.organisator.ch\/en\/wp-json\/wp\/v2\/categories?post=1744"},{"taxonomy":"post_tag","embeddable":true,"href":"https:\/\/www.organisator.ch\/en\/wp-json\/wp\/v2\/tags?post=1744"}],"curies":[{"name":"wp","href":"https:\/\/api.w.org\/{rel}","templated":true}]}}