{"id":17577,"date":"2022-10-27T14:44:03","date_gmt":"2022-10-27T12:44:03","guid":{"rendered":"https:\/\/www.organisator.ch\/?p=17577"},"modified":"2022-10-27T14:44:03","modified_gmt":"2022-10-27T12:44:03","slug":"rethinking-business-am-forum-oe-2022","status":"publish","type":"post","link":"https:\/\/www.organisator.ch\/en\/sustainability\/2022-10-27\/rethinking-business-am-forum-oe-2022\/","title":{"rendered":"\"Rethinking Business\" at the Forum \u00f6 2022"},"content":{"rendered":"<figure id=\"attachment_17578\" aria-describedby=\"caption-attachment-17578\" style=\"width: 680px\" class=\"wp-caption alignnone\"><img loading=\"lazy\" decoding=\"async\" class=\"size-full wp-image-17578\" src=\"https:\/\/www.organisator.ch\/wp-content\/uploads\/2022\/10\/Rethinking-Business-am-Forum-oe-2022-1_Organisator.jpg\" alt=\"\" width=\"680\" height=\"472\" srcset=\"https:\/\/www.organisator.ch\/wp-content\/uploads\/2022\/10\/Rethinking-Business-am-Forum-oe-2022-1_Organisator.jpg 680w, https:\/\/www.organisator.ch\/wp-content\/uploads\/2022\/10\/Rethinking-Business-am-Forum-oe-2022-1_Organisator-18x12.jpg 18w, https:\/\/www.organisator.ch\/wp-content\/uploads\/2022\/10\/Rethinking-Business-am-Forum-oe-2022-1_Organisator-252x175.jpg 252w, https:\/\/www.organisator.ch\/wp-content\/uploads\/2022\/10\/Rethinking-Business-am-Forum-oe-2022-1_Organisator-504x350.jpg 504w, https:\/\/www.organisator.ch\/wp-content\/uploads\/2022\/10\/Rethinking-Business-am-Forum-oe-2022-1_Organisator-300x208.jpg 300w\" sizes=\"auto, (max-width: 680px) 100vw, 680px\" \/><figcaption id=\"caption-attachment-17578\" class=\"wp-caption-text\">Olmar Albers (right), Managing Director of \u00f6bu, in conversation with keynote speakers Nele Kreyssig and Robert Szilinski. The two showed how \"Rethinking Business\" also starts with corporate culture. (Image: Thomas Berner)<\/figcaption><\/figure>\n<p>The keynote presentation by Martin Kyburz was an example of what sustainable business looks like. His company manufactures electric vehicles that are used by an increasing number of postal delivery services, including the Swiss Post, among others. While electromobility is currently experiencing a real boom, an associated problem still seems to be unsolved: What happens to the spent batteries and accumulators? There are various recycling approaches, but they generally involve shredding and thermal disposal without material recovery. A process developed jointly with Empa is now being used at Kyburz, with which 90 percent of the materials processed in a rechargeable battery can be recovered. Kyburz has thus been nominated for the Green Business Award. Planted, another nominated company, was also on site and showed concretely what rethinking and transformation in the food sector looks like in practice.<\/p>\n<h3>Energy shortage: the solution is \"smart energy<\/h3>\n<p>The Forum \u00f6 2022 still went with <a href=\"https:\/\/www.organisator.ch\/de\/sustainability\/2022-09-30\/forum-oe-2022-neuausrichtung-auf-nachhaltigkeit\/\">many other topics<\/a> to the start. One of them was the current energy shortage situation. Three experts from Elektrizit\u00e4tswerke Z\u00fcrich ewz explained which scenarios are to be expected. It is not easy at present to make concrete statements about whether there could be a worst case scenario with power cuts. The outlook is too uncertain as to how hard the winter will really be and whether or not the French nuclear power plants, which are so important for Switzerland's electricity needs, will really be able to come back online from January 2023. However, it also became clear in the discussion that the current crisis should be used as an opportunity to curb the consumption of electrical energy and not only to discuss alternative sources of electricity - such as the expansion of solar power plants in mountainous areas, which is now to be waved through by parliament while undermining many ecological principles. In addition, the path must lead to the decentralization of energy systems; \"smart energy\" is the watchword here.<\/p>\n<h3>Rethinking Business in terms of Innovation<\/h3>\n<p>Or the topic of innovation through collaboration was also in focus. Postfinance, for example, explained in another breakout session how they approach this topic, especially with regard to the implementation of sustainability goals. Anne-K\u00e4thi Leuenberger, Head of Corporate Responsibility, explained that in order to achieve these goals, innovation is essential. As examples, she mentioned the Swiss Climate Challenge, with which Postfinance, in cooperation with Swisscom, wants to make the influence of personal mobility behavior on climate change more transparent via an app. The \"reward\" is a so-called \"Green Coin\", a green, digital Swiss franc that can only be used for sustainable products and services. Or another example: with \"Velto\" a sustainable digital pension solution is launched. Here, too, Globalance is a cooperation partner. Crowda\" was also presented in detail, a platform explicitly for SMEs, which can find collaboration partners there for the joint implementation of the UN Sustainable Development Goals. This project is still in its infancy, but could be of particular interest to those companies that are interested in sustainable management but cannot themselves muster the human and knowledge resources required for operationalization.<\/p>\n<h3>Of corporate culture and an \"earth for all<\/h3>\n<p>Further keynotes were given by Nele Kreyssig and Robert Szilinski from esentri AG. They provided an insight into their corporate culture, which consistently places people at the center and relies on self-organization. The fact that this can also lead to rather \"special\" excesses, for example in the introduction process for a company-owned muesli vending machine, was explained, as were the lessons learned: Ideas are never the bottleneck, it's how to create the space people need for them. \"The age of efficiency is over, the age of resilience is now beginning,\" said Kreyssig and Szilinski.<\/p>\n<figure id=\"attachment_17579\" aria-describedby=\"caption-attachment-17579\" style=\"width: 680px\" class=\"wp-caption alignnone\"><img loading=\"lazy\" decoding=\"async\" class=\"size-full wp-image-17579\" src=\"https:\/\/www.organisator.ch\/wp-content\/uploads\/2022\/10\/Rethinking-Business-am-Forum-oe-2022-2_Organisator.jpg\" alt=\"\" width=\"680\" height=\"432\" srcset=\"https:\/\/www.organisator.ch\/wp-content\/uploads\/2022\/10\/Rethinking-Business-am-Forum-oe-2022-2_Organisator.jpg 680w, https:\/\/www.organisator.ch\/wp-content\/uploads\/2022\/10\/Rethinking-Business-am-Forum-oe-2022-2_Organisator-18x12.jpg 18w, https:\/\/www.organisator.ch\/wp-content\/uploads\/2022\/10\/Rethinking-Business-am-Forum-oe-2022-2_Organisator-275x175.jpg 275w, https:\/\/www.organisator.ch\/wp-content\/uploads\/2022\/10\/Rethinking-Business-am-Forum-oe-2022-2_Organisator-551x350.jpg 551w, https:\/\/www.organisator.ch\/wp-content\/uploads\/2022\/10\/Rethinking-Business-am-Forum-oe-2022-2_Organisator-300x191.jpg 300w\" sizes=\"auto, (max-width: 680px) 100vw, 680px\" \/><figcaption id=\"caption-attachment-17579\" class=\"wp-caption-text\">Till Kellerhoff of the Club of Rome during his presentation. (Image: Thomas Berner)<\/figcaption><\/figure>\n<p>From the Club of Rome, which first drew attention to the finite nature of resources in 1972, came Till Kellerhoff, who presented the \"Earth4All\" study in his talk. First, he used statistical data to impressively summarize what would happen if humanity continued in the same style as it has up to now. Insect extinction, the sixth mass extinction in the history of the Earth, is only part of the scenario. Much of the explosive power also lies in the increasing social inequalities and imbalances. The path must therefore take five U-turns:<\/p>\n<ol>\n<li>New economic structures for low-income countries to fight poverty.<\/li>\n<li>Eliminate income inequality, for example through higher progressive taxation or greater taxation of wealth.<\/li>\n<li>Empowering women to bridge the gender power gap.<\/li>\n<li>Healthy food for all without expanding farmland and combating food waste.<\/li>\n<li>Transform energy systems to halve greenhouse gas emissions every ten years.<\/li>\n<\/ol>\n<p>Those present were probably in agreement: These are probably the right goals. The only question is whether there is enough time to achieve them. But it is not too late for \"Rethinking Business. It is also to be hoped that the knowledge in companies about the <a href=\"https:\/\/www.eda.admin.ch\/agenda2030\/de\/home\/agenda-2030\/die-17-ziele-fuer-eine-nachhaltige-entwicklung.html\">17 UN Sustainable Development Goals<\/a> is increasing and is not limited to those circles that attend meetings such as the Forum \u00f6.<\/p>\n<p><em>More information: <a href=\"http:\/\/www.oebu.ch\">www.oebu.ch<\/a><\/em><\/p>","protected":false},"excerpt":{"rendered":"<p>Beispielhaft daf\u00fcr, wie nachhaltiges Wirtschaften aussieht, stand das Impuls-Referat von Martin Kyburz. Sein Unternehmen stellt Elektrofahrzeuge her, die u.a. von immer mehr Post-Zustelldiensten, darunter auch der Schweizer Post, genutzt werden. W\u00e4hrend die Elektromobilit\u00e4t derzeit einen echten Boom erlebt, scheint ein damit einhergehendes Problem nach wie vor ungel\u00f6st zu sein: Was passiert mit den ausgedienten Batterien [&hellip;]<\/p>\n","protected":false},"author":4,"featured_media":0,"comment_status":"closed","ping_status":"closed","sticky":false,"template":"","format":"standard","meta":{"_acf_changed":false,"_yoast_wpseo_focuskw":"Rethinking Business","_yoast_wpseo_metadesc":"Am 26. Oktober 2022 lud \u00f6bu zum traditionellen Forum \u00f6. Der diesj\u00e4hrige Anlass stand unter dem Motto \u00abRethinking Business\u00bb.","articlekey":"","footnotes":""},"categories":[580],"tags":[358,1853,502,503],"class_list":["post-17577","post","type-post","status-publish","format-standard","hentry","category-sustainability","tag-nachhaltige-wirtschaft","tag-oebu","tag-veranstaltungen","tag-verbaende"],"acf":[],"yoast_head":"<!-- This site is optimized with the Yoast SEO plugin v27.4 - https:\/\/yoast.com\/product\/yoast-seo-wordpress\/ -->\n<title>&quot;Rethinking Business&quot; am Forum \u00f6 2022 - Organisator<\/title>\n<meta name=\"description\" content=\"Am 26. Oktober 2022 lud \u00f6bu zum traditionellen Forum \u00f6. Der diesj\u00e4hrige Anlass stand unter dem Motto \u00abRethinking Business\u00bb.\" \/>\n<meta name=\"robots\" content=\"index, follow, max-snippet:-1, max-image-preview:large, max-video-preview:-1\" \/>\n<link rel=\"canonical\" href=\"https:\/\/www.organisator.ch\/en\/sustainability\/2022-10-27\/rethinking-business-am-forum-oe-2022\/\" \/>\n<meta property=\"og:locale\" content=\"en_US\" \/>\n<meta property=\"og:type\" content=\"article\" \/>\n<meta property=\"og:title\" content=\"&quot;Rethinking Business&quot; am Forum \u00f6 2022\" \/>\n<meta property=\"og:description\" content=\"Am 26. Oktober 2022 lud \u00f6bu zum traditionellen Forum \u00f6. Der diesj\u00e4hrige Anlass stand unter dem Motto \u00abRethinking Business\u00bb.\" \/>\n<meta property=\"og:url\" content=\"https:\/\/www.organisator.ch\/en\/sustainability\/2022-10-27\/rethinking-business-am-forum-oe-2022\/\" \/>\n<meta property=\"og:site_name\" content=\"Organisator\" \/>\n<meta property=\"article:publisher\" content=\"https:\/\/www.facebook.com\/OrganisatorFachmagazin\" \/>\n<meta property=\"article:published_time\" content=\"2022-10-27T12:44:03+00:00\" \/>\n<meta property=\"og:image\" content=\"https:\/\/www.organisator.ch\/wp-content\/uploads\/2022\/10\/Rethinking-Business-am-Forum-oe-2022-1_Organisator.jpg\" \/>\n\t<meta property=\"og:image:width\" content=\"680\" \/>\n\t<meta property=\"og:image:height\" content=\"472\" \/>\n\t<meta property=\"og:image:type\" content=\"image\/jpeg\" \/>\n<meta name=\"author\" content=\"thomas.berner\" \/>\n<meta name=\"twitter:card\" content=\"summary_large_image\" \/>\n<meta name=\"twitter:title\" content=\"&quot;#Rethinking Business&quot; am Forum \u00f6 2022\" \/>\n<meta name=\"twitter:description\" content=\"Am 26. Oktober 2022 lud #\u00f6bu zum traditionellen Forum \u00f6. Der diesj\u00e4hrige Anlass stand unter dem Motto \u00ab#Rethinking Business\u00bb.\" \/>\n<meta name=\"twitter:image\" content=\"https:\/\/www.organisator.ch\/wp-content\/uploads\/2022\/10\/Rethinking-Business-am-Forum-oe-2022-1_Organisator.jpg\" \/>\n<script type=\"application\/ld+json\" class=\"yoast-schema-graph\">{\"@context\":\"https:\\\/\\\/schema.org\",\"@graph\":[{\"@type\":\"Article\",\"@id\":\"https:\\\/\\\/www.organisator.ch\\\/sustainability\\\/2022-10-27\\\/rethinking-business-am-forum-oe-2022\\\/#article\",\"isPartOf\":{\"@id\":\"https:\\\/\\\/www.organisator.ch\\\/sustainability\\\/2022-10-27\\\/rethinking-business-am-forum-oe-2022\\\/\"},\"author\":{\"name\":\"thomas.berner\",\"@id\":\"https:\\\/\\\/www.organisator.ch\\\/#\\\/schema\\\/person\\\/6f650f90b2842cd4c0cc334b4e36f67e\"},\"headline\":\"&#8222;Rethinking Business&#8220; am Forum \u00f6 2022\",\"datePublished\":\"2022-10-27T12:44:03+00:00\",\"mainEntityOfPage\":{\"@id\":\"https:\\\/\\\/www.organisator.ch\\\/sustainability\\\/2022-10-27\\\/rethinking-business-am-forum-oe-2022\\\/\"},\"wordCount\":900,\"publisher\":{\"@id\":\"https:\\\/\\\/www.organisator.ch\\\/#organization\"},\"image\":{\"@id\":\"https:\\\/\\\/www.organisator.ch\\\/sustainability\\\/2022-10-27\\\/rethinking-business-am-forum-oe-2022\\\/#primaryimage\"},\"thumbnailUrl\":\"https:\\\/\\\/www.organisator.ch\\\/wp-content\\\/uploads\\\/2022\\\/10\\\/Rethinking-Business-am-Forum-oe-2022-1_Organisator.jpg\",\"keywords\":[\"Nachhaltige Wirtschaft\",\"\u00f6bu\",\"Veranstaltungen\",\"Verb\u00e4nde\"],\"articleSection\":[\"SUSTAINABILITY\"],\"inLanguage\":\"en-US\"},{\"@type\":\"WebPage\",\"@id\":\"https:\\\/\\\/www.organisator.ch\\\/sustainability\\\/2022-10-27\\\/rethinking-business-am-forum-oe-2022\\\/\",\"url\":\"https:\\\/\\\/www.organisator.ch\\\/sustainability\\\/2022-10-27\\\/rethinking-business-am-forum-oe-2022\\\/\",\"name\":\"\\\"Rethinking Business\\\" am Forum \u00f6 2022 - Organisator\",\"isPartOf\":{\"@id\":\"https:\\\/\\\/www.organisator.ch\\\/#website\"},\"primaryImageOfPage\":{\"@id\":\"https:\\\/\\\/www.organisator.ch\\\/sustainability\\\/2022-10-27\\\/rethinking-business-am-forum-oe-2022\\\/#primaryimage\"},\"image\":{\"@id\":\"https:\\\/\\\/www.organisator.ch\\\/sustainability\\\/2022-10-27\\\/rethinking-business-am-forum-oe-2022\\\/#primaryimage\"},\"thumbnailUrl\":\"https:\\\/\\\/www.organisator.ch\\\/wp-content\\\/uploads\\\/2022\\\/10\\\/Rethinking-Business-am-Forum-oe-2022-1_Organisator.jpg\",\"datePublished\":\"2022-10-27T12:44:03+00:00\",\"description\":\"Am 26. Oktober 2022 lud \u00f6bu zum traditionellen Forum \u00f6. Der diesj\u00e4hrige Anlass stand unter dem Motto \u00abRethinking Business\u00bb.\",\"breadcrumb\":{\"@id\":\"https:\\\/\\\/www.organisator.ch\\\/sustainability\\\/2022-10-27\\\/rethinking-business-am-forum-oe-2022\\\/#breadcrumb\"},\"inLanguage\":\"en-US\",\"potentialAction\":[{\"@type\":\"ReadAction\",\"target\":[\"https:\\\/\\\/www.organisator.ch\\\/sustainability\\\/2022-10-27\\\/rethinking-business-am-forum-oe-2022\\\/\"]}]},{\"@type\":\"ImageObject\",\"inLanguage\":\"en-US\",\"@id\":\"https:\\\/\\\/www.organisator.ch\\\/sustainability\\\/2022-10-27\\\/rethinking-business-am-forum-oe-2022\\\/#primaryimage\",\"url\":\"https:\\\/\\\/www.organisator.ch\\\/wp-content\\\/uploads\\\/2022\\\/10\\\/Rethinking-Business-am-Forum-oe-2022-1_Organisator.jpg\",\"contentUrl\":\"https:\\\/\\\/www.organisator.ch\\\/wp-content\\\/uploads\\\/2022\\\/10\\\/Rethinking-Business-am-Forum-oe-2022-1_Organisator.jpg\"},{\"@type\":\"BreadcrumbList\",\"@id\":\"https:\\\/\\\/www.organisator.ch\\\/sustainability\\\/2022-10-27\\\/rethinking-business-am-forum-oe-2022\\\/#breadcrumb\",\"itemListElement\":[{\"@type\":\"ListItem\",\"position\":1,\"name\":\"Home\",\"item\":\"https:\\\/\\\/www.organisator.ch\\\/\"},{\"@type\":\"ListItem\",\"position\":2,\"name\":\"&#8222;Rethinking Business&#8220; am Forum \u00f6 2022\"}]},{\"@type\":\"WebSite\",\"@id\":\"https:\\\/\\\/www.organisator.ch\\\/#website\",\"url\":\"https:\\\/\\\/www.organisator.ch\\\/\",\"name\":\"Organisator\",\"description\":\"Kompetent. Praxisnah. Der ORGANISATOR bereitet in 10 Ausgaben pro Jahr die wesentlichen Themen f\u00fcr F\u00fchrungskr\u00e4fte von KMU auf.\",\"publisher\":{\"@id\":\"https:\\\/\\\/www.organisator.ch\\\/#organization\"},\"potentialAction\":[{\"@type\":\"SearchAction\",\"target\":{\"@type\":\"EntryPoint\",\"urlTemplate\":\"https:\\\/\\\/www.organisator.ch\\\/?s={search_term_string}\"},\"query-input\":{\"@type\":\"PropertyValueSpecification\",\"valueRequired\":true,\"valueName\":\"search_term_string\"}}],\"inLanguage\":\"en-US\"},{\"@type\":\"Organization\",\"@id\":\"https:\\\/\\\/www.organisator.ch\\\/#organization\",\"name\":\"Organisator\",\"url\":\"https:\\\/\\\/www.organisator.ch\\\/\",\"logo\":{\"@type\":\"ImageObject\",\"inLanguage\":\"en-US\",\"@id\":\"https:\\\/\\\/www.organisator.ch\\\/#\\\/schema\\\/logo\\\/image\\\/\",\"url\":\"https:\\\/\\\/www.organisator.ch\\\/wp-content\\\/uploads\\\/2022\\\/01\\\/Logo_Organisator_Website.png\",\"contentUrl\":\"https:\\\/\\\/www.organisator.ch\\\/wp-content\\\/uploads\\\/2022\\\/01\\\/Logo_Organisator_Website.png\",\"width\":800,\"height\":77,\"caption\":\"Organisator\"},\"image\":{\"@id\":\"https:\\\/\\\/www.organisator.ch\\\/#\\\/schema\\\/logo\\\/image\\\/\"},\"sameAs\":[\"https:\\\/\\\/www.facebook.com\\\/OrganisatorFachmagazin\",\"https:\\\/\\\/www.linkedin.com\\\/showcase\\\/organisator-das-magazin-fr-kmu\",\"https:\\\/\\\/www.xing.com\\\/news\\\/pages\\\/organisator-ch-695\",\"https:\\\/\\\/www.youtube.com\\\/channel\\\/UCGP2Sq0iWaZwT3BdIAQFYpw\"]},{\"@type\":\"Person\",\"@id\":\"https:\\\/\\\/www.organisator.ch\\\/#\\\/schema\\\/person\\\/6f650f90b2842cd4c0cc334b4e36f67e\",\"name\":\"thomas.berner\",\"image\":{\"@type\":\"ImageObject\",\"inLanguage\":\"en-US\",\"@id\":\"https:\\\/\\\/secure.gravatar.com\\\/avatar\\\/ac5001d2a36cb6c6cd3e50789007ffca834b477b74a2144564522e944eabff61?s=96&d=mm&r=g\",\"url\":\"https:\\\/\\\/secure.gravatar.com\\\/avatar\\\/ac5001d2a36cb6c6cd3e50789007ffca834b477b74a2144564522e944eabff61?s=96&d=mm&r=g\",\"contentUrl\":\"https:\\\/\\\/secure.gravatar.com\\\/avatar\\\/ac5001d2a36cb6c6cd3e50789007ffca834b477b74a2144564522e944eabff61?s=96&d=mm&r=g\",\"caption\":\"thomas.berner\"},\"url\":\"https:\\\/\\\/www.organisator.ch\\\/en\\\/author\\\/thomas-berner\\\/\"}]}<\/script>\n<!-- \/ Yoast SEO plugin. -->","yoast_head_json":{"title":"\"Rethinking Business\" at the Forum \u00f6 2022 - organizer","description":"On October 26, 2022 \u00f6bu invited to the traditional Forum \u00f6. This year's event was themed \"Rethinking Business\".","robots":{"index":"index","follow":"follow","max-snippet":"max-snippet:-1","max-image-preview":"max-image-preview:large","max-video-preview":"max-video-preview:-1"},"canonical":"https:\/\/www.organisator.ch\/en\/sustainability\/2022-10-27\/rethinking-business-am-forum-oe-2022\/","og_locale":"en_US","og_type":"article","og_title":"\"Rethinking Business\" am Forum \u00f6 2022","og_description":"Am 26. Oktober 2022 lud \u00f6bu zum traditionellen Forum \u00f6. Der diesj\u00e4hrige Anlass stand unter dem Motto \u00abRethinking Business\u00bb.","og_url":"https:\/\/www.organisator.ch\/en\/sustainability\/2022-10-27\/rethinking-business-am-forum-oe-2022\/","og_site_name":"Organisator","article_publisher":"https:\/\/www.facebook.com\/OrganisatorFachmagazin","article_published_time":"2022-10-27T12:44:03+00:00","og_image":[{"width":680,"height":472,"url":"https:\/\/www.organisator.ch\/wp-content\/uploads\/2022\/10\/Rethinking-Business-am-Forum-oe-2022-1_Organisator.jpg","type":"image\/jpeg"}],"author":"thomas.berner","twitter_card":"summary_large_image","twitter_title":"\"#Rethinking Business\" am Forum \u00f6 2022","twitter_description":"Am 26. Oktober 2022 lud #\u00f6bu zum traditionellen Forum \u00f6. Der diesj\u00e4hrige Anlass stand unter dem Motto \u00ab#Rethinking Business\u00bb.","twitter_image":"https:\/\/www.organisator.ch\/wp-content\/uploads\/2022\/10\/Rethinking-Business-am-Forum-oe-2022-1_Organisator.jpg","schema":{"@context":"https:\/\/schema.org","@graph":[{"@type":"Article","@id":"https:\/\/www.organisator.ch\/sustainability\/2022-10-27\/rethinking-business-am-forum-oe-2022\/#article","isPartOf":{"@id":"https:\/\/www.organisator.ch\/sustainability\/2022-10-27\/rethinking-business-am-forum-oe-2022\/"},"author":{"name":"thomas.berner","@id":"https:\/\/www.organisator.ch\/#\/schema\/person\/6f650f90b2842cd4c0cc334b4e36f67e"},"headline":"&#8222;Rethinking Business&#8220; am Forum \u00f6 2022","datePublished":"2022-10-27T12:44:03+00:00","mainEntityOfPage":{"@id":"https:\/\/www.organisator.ch\/sustainability\/2022-10-27\/rethinking-business-am-forum-oe-2022\/"},"wordCount":900,"publisher":{"@id":"https:\/\/www.organisator.ch\/#organization"},"image":{"@id":"https:\/\/www.organisator.ch\/sustainability\/2022-10-27\/rethinking-business-am-forum-oe-2022\/#primaryimage"},"thumbnailUrl":"https:\/\/www.organisator.ch\/wp-content\/uploads\/2022\/10\/Rethinking-Business-am-Forum-oe-2022-1_Organisator.jpg","keywords":["Nachhaltige Wirtschaft","\u00f6bu","Veranstaltungen","Verb\u00e4nde"],"articleSection":["SUSTAINABILITY"],"inLanguage":"en-US"},{"@type":"WebPage","@id":"https:\/\/www.organisator.ch\/sustainability\/2022-10-27\/rethinking-business-am-forum-oe-2022\/","url":"https:\/\/www.organisator.ch\/sustainability\/2022-10-27\/rethinking-business-am-forum-oe-2022\/","name":"\"Rethinking Business\" at the Forum \u00f6 2022 - organizer","isPartOf":{"@id":"https:\/\/www.organisator.ch\/#website"},"primaryImageOfPage":{"@id":"https:\/\/www.organisator.ch\/sustainability\/2022-10-27\/rethinking-business-am-forum-oe-2022\/#primaryimage"},"image":{"@id":"https:\/\/www.organisator.ch\/sustainability\/2022-10-27\/rethinking-business-am-forum-oe-2022\/#primaryimage"},"thumbnailUrl":"https:\/\/www.organisator.ch\/wp-content\/uploads\/2022\/10\/Rethinking-Business-am-Forum-oe-2022-1_Organisator.jpg","datePublished":"2022-10-27T12:44:03+00:00","description":"On October 26, 2022 \u00f6bu invited to the traditional Forum \u00f6. This year's event was themed \"Rethinking Business\".","breadcrumb":{"@id":"https:\/\/www.organisator.ch\/sustainability\/2022-10-27\/rethinking-business-am-forum-oe-2022\/#breadcrumb"},"inLanguage":"en-US","potentialAction":[{"@type":"ReadAction","target":["https:\/\/www.organisator.ch\/sustainability\/2022-10-27\/rethinking-business-am-forum-oe-2022\/"]}]},{"@type":"ImageObject","inLanguage":"en-US","@id":"https:\/\/www.organisator.ch\/sustainability\/2022-10-27\/rethinking-business-am-forum-oe-2022\/#primaryimage","url":"https:\/\/www.organisator.ch\/wp-content\/uploads\/2022\/10\/Rethinking-Business-am-Forum-oe-2022-1_Organisator.jpg","contentUrl":"https:\/\/www.organisator.ch\/wp-content\/uploads\/2022\/10\/Rethinking-Business-am-Forum-oe-2022-1_Organisator.jpg"},{"@type":"BreadcrumbList","@id":"https:\/\/www.organisator.ch\/sustainability\/2022-10-27\/rethinking-business-am-forum-oe-2022\/#breadcrumb","itemListElement":[{"@type":"ListItem","position":1,"name":"Home","item":"https:\/\/www.organisator.ch\/"},{"@type":"ListItem","position":2,"name":"&#8222;Rethinking Business&#8220; am Forum \u00f6 2022"}]},{"@type":"WebSite","@id":"https:\/\/www.organisator.ch\/#website","url":"https:\/\/www.organisator.ch\/","name":"Organizer","description":"Competent. Practical. In 10 issues per year, ORGANISATOR presents the essential topics for managers of SMEs.","publisher":{"@id":"https:\/\/www.organisator.ch\/#organization"},"potentialAction":[{"@type":"SearchAction","target":{"@type":"EntryPoint","urlTemplate":"https:\/\/www.organisator.ch\/?s={search_term_string}"},"query-input":{"@type":"PropertyValueSpecification","valueRequired":true,"valueName":"search_term_string"}}],"inLanguage":"en-US"},{"@type":"Organization","@id":"https:\/\/www.organisator.ch\/#organization","name":"Organizer","url":"https:\/\/www.organisator.ch\/","logo":{"@type":"ImageObject","inLanguage":"en-US","@id":"https:\/\/www.organisator.ch\/#\/schema\/logo\/image\/","url":"https:\/\/www.organisator.ch\/wp-content\/uploads\/2022\/01\/Logo_Organisator_Website.png","contentUrl":"https:\/\/www.organisator.ch\/wp-content\/uploads\/2022\/01\/Logo_Organisator_Website.png","width":800,"height":77,"caption":"Organisator"},"image":{"@id":"https:\/\/www.organisator.ch\/#\/schema\/logo\/image\/"},"sameAs":["https:\/\/www.facebook.com\/OrganisatorFachmagazin","https:\/\/www.linkedin.com\/showcase\/organisator-das-magazin-fr-kmu","https:\/\/www.xing.com\/news\/pages\/organisator-ch-695","https:\/\/www.youtube.com\/channel\/UCGP2Sq0iWaZwT3BdIAQFYpw"]},{"@type":"Person","@id":"https:\/\/www.organisator.ch\/#\/schema\/person\/6f650f90b2842cd4c0cc334b4e36f67e","name":"thomas.berner","image":{"@type":"ImageObject","inLanguage":"en-US","@id":"https:\/\/secure.gravatar.com\/avatar\/ac5001d2a36cb6c6cd3e50789007ffca834b477b74a2144564522e944eabff61?s=96&d=mm&r=g","url":"https:\/\/secure.gravatar.com\/avatar\/ac5001d2a36cb6c6cd3e50789007ffca834b477b74a2144564522e944eabff61?s=96&d=mm&r=g","contentUrl":"https:\/\/secure.gravatar.com\/avatar\/ac5001d2a36cb6c6cd3e50789007ffca834b477b74a2144564522e944eabff61?s=96&d=mm&r=g","caption":"thomas.berner"},"url":"https:\/\/www.organisator.ch\/en\/author\/thomas-berner\/"}]}},"_links":{"self":[{"href":"https:\/\/www.organisator.ch\/en\/wp-json\/wp\/v2\/posts\/17577","targetHints":{"allow":["GET"]}}],"collection":[{"href":"https:\/\/www.organisator.ch\/en\/wp-json\/wp\/v2\/posts"}],"about":[{"href":"https:\/\/www.organisator.ch\/en\/wp-json\/wp\/v2\/types\/post"}],"author":[{"embeddable":true,"href":"https:\/\/www.organisator.ch\/en\/wp-json\/wp\/v2\/users\/4"}],"replies":[{"embeddable":true,"href":"https:\/\/www.organisator.ch\/en\/wp-json\/wp\/v2\/comments?post=17577"}],"version-history":[{"count":4,"href":"https:\/\/www.organisator.ch\/en\/wp-json\/wp\/v2\/posts\/17577\/revisions"}],"predecessor-version":[{"id":17586,"href":"https:\/\/www.organisator.ch\/en\/wp-json\/wp\/v2\/posts\/17577\/revisions\/17586"}],"wp:attachment":[{"href":"https:\/\/www.organisator.ch\/en\/wp-json\/wp\/v2\/media?parent=17577"}],"wp:term":[{"taxonomy":"category","embeddable":true,"href":"https:\/\/www.organisator.ch\/en\/wp-json\/wp\/v2\/categories?post=17577"},{"taxonomy":"post_tag","embeddable":true,"href":"https:\/\/www.organisator.ch\/en\/wp-json\/wp\/v2\/tags?post=17577"}],"curies":[{"name":"wp","href":"https:\/\/api.w.org\/{rel}","templated":true}]}}