{"id":17598,"date":"2022-10-28T10:39:45","date_gmt":"2022-10-28T08:39:45","guid":{"rendered":"https:\/\/www.werbewoche.ch\/?p=188912"},"modified":"2024-11-19T13:54:19","modified_gmt":"2024-11-19T12:54:19","slug":"studio-thom-pfister-gestaltet-gesamtauftritt-von-oli-hallberg","status":"publish","type":"post","link":"https:\/\/www.organisator.ch\/en\/marketing\/2022-10-28\/studio-thom-pfister-gestaltet-gesamtauftritt-von-oli-hallberg\/","title":{"rendered":"Studio Thom Pfister designs overall appearance of Oli Hallberg"},"content":{"rendered":"<p><img class=\"alignnone wp-image-188914 size-full\" src=\"https:\/\/www.werbewoche.ch\/wp-content\/uploads\/2022\/10\/thompfister-oh-01.jpg\" sizes=\"(max-width: 1200px) 100vw, 1200px\" srcset=\"https:\/\/www.werbewoche.ch\/wp-content\/uploads\/2022\/10\/thompfister-oh-01.jpg 1200w, https:\/\/www.werbewoche.ch\/wp-content\/uploads\/2022\/10\/thompfister-oh-01-600x400.jpg 600w, https:\/\/www.werbewoche.ch\/wp-content\/uploads\/2022\/10\/thompfister-oh-01-1024x683.jpg 1024w, https:\/\/www.werbewoche.ch\/wp-content\/uploads\/2022\/10\/thompfister-oh-01-768x512.jpg 768w, https:\/\/www.werbewoche.ch\/wp-content\/uploads\/2022\/10\/thompfister-oh-01-18x12.jpg 18w, https:\/\/www.werbewoche.ch\/wp-content\/uploads\/2022\/10\/thompfister-oh-01-263x175.jpg 263w, https:\/\/www.werbewoche.ch\/wp-content\/uploads\/2022\/10\/thompfister-oh-01-525x350.jpg 525w, https:\/\/www.werbewoche.ch\/wp-content\/uploads\/2022\/10\/thompfister-oh-01-1000x667.jpg 1000w\" alt=\"Oli Hallberg Studio\" width=\"1200\" height=\"800\" \/><\/p>\r\n<p>Oli Hallberg's stories are designed to overcome the impossible, explore the invisible and perfect the beautiful. The studio's clients include brands such as Atupri, Axpo, bfu, Blick, Chair Airlines, Digicomp, Gurten Bern, Landi, Migros, Mobiliar, SBB and many more.<\/p>\r\n<p>Studio Thom Pfister was commissioned with the development and implementation of the overall appearance - from naming and branding to the website. The figurative mark \"Oh\" - the initials of Oli Hallberg - is intended to stand for the amazement and discovery of the studio's work. At the same time, the word \"Oli\" and a mountain are also recognizable. Everything is simplified and sweepingly reduced.<\/p>\r\n<p>The <a href=\"https:\/\/www.olihallberg.ch\/\" rel=\"noopener\">Website<\/a> is intended to reflect the sophistication of Oli Hallberg's work. On the home page, the core competencies - photography, motion and CGI - are presented at a glance in words and images. The visual movement is meant to show the modernity and agility of the competencies. The programming of the website was also implemented in-house by Studio Thom Pfister.<\/p>\r\n<p><img class=\"aligncenter size-full wp-image-188913\" src=\"https:\/\/www.werbewoche.ch\/wp-content\/uploads\/2022\/10\/thompfister-oh-02.jpg\" sizes=\"(max-width: 1200px) 100vw, 1200px\" srcset=\"https:\/\/www.werbewoche.ch\/wp-content\/uploads\/2022\/10\/thompfister-oh-02.jpg 1200w, https:\/\/www.werbewoche.ch\/wp-content\/uploads\/2022\/10\/thompfister-oh-02-600x400.jpg 600w, https:\/\/www.werbewoche.ch\/wp-content\/uploads\/2022\/10\/thompfister-oh-02-1024x683.jpg 1024w, https:\/\/www.werbewoche.ch\/wp-content\/uploads\/2022\/10\/thompfister-oh-02-768x512.jpg 768w, https:\/\/www.werbewoche.ch\/wp-content\/uploads\/2022\/10\/thompfister-oh-02-18x12.jpg 18w, https:\/\/www.werbewoche.ch\/wp-content\/uploads\/2022\/10\/thompfister-oh-02-263x175.jpg 263w, https:\/\/www.werbewoche.ch\/wp-content\/uploads\/2022\/10\/thompfister-oh-02-525x350.jpg 525w, https:\/\/www.werbewoche.ch\/wp-content\/uploads\/2022\/10\/thompfister-oh-02-1000x667.jpg 1000w\" alt=\"\" width=\"1200\" height=\"800\" \/> <img class=\"aligncenter size-full wp-image-188915\" src=\"https:\/\/www.werbewoche.ch\/wp-content\/uploads\/2022\/10\/thompfister-oh-04.jpg\" sizes=\"(max-width: 1200px) 100vw, 1200px\" srcset=\"https:\/\/www.werbewoche.ch\/wp-content\/uploads\/2022\/10\/thompfister-oh-04.jpg 1200w, https:\/\/www.werbewoche.ch\/wp-content\/uploads\/2022\/10\/thompfister-oh-04-600x400.jpg 600w, https:\/\/www.werbewoche.ch\/wp-content\/uploads\/2022\/10\/thompfister-oh-04-1024x683.jpg 1024w, https:\/\/www.werbewoche.ch\/wp-content\/uploads\/2022\/10\/thompfister-oh-04-768x512.jpg 768w, https:\/\/www.werbewoche.ch\/wp-content\/uploads\/2022\/10\/thompfister-oh-04-18x12.jpg 18w, https:\/\/www.werbewoche.ch\/wp-content\/uploads\/2022\/10\/thompfister-oh-04-263x175.jpg 263w, https:\/\/www.werbewoche.ch\/wp-content\/uploads\/2022\/10\/thompfister-oh-04-525x350.jpg 525w, https:\/\/www.werbewoche.ch\/wp-content\/uploads\/2022\/10\/thompfister-oh-04-1000x667.jpg 1000w\" alt=\"\" width=\"1200\" height=\"800\" \/> <img class=\"aligncenter size-full wp-image-188916\" src=\"https:\/\/www.werbewoche.ch\/wp-content\/uploads\/2022\/10\/thompfister-oh-03.jpg\" sizes=\"(max-width: 1200px) 100vw, 1200px\" srcset=\"https:\/\/www.werbewoche.ch\/wp-content\/uploads\/2022\/10\/thompfister-oh-03.jpg 1200w, https:\/\/www.werbewoche.ch\/wp-content\/uploads\/2022\/10\/thompfister-oh-03-600x400.jpg 600w, https:\/\/www.werbewoche.ch\/wp-content\/uploads\/2022\/10\/thompfister-oh-03-1024x683.jpg 1024w, https:\/\/www.werbewoche.ch\/wp-content\/uploads\/2022\/10\/thompfister-oh-03-768x512.jpg 768w, https:\/\/www.werbewoche.ch\/wp-content\/uploads\/2022\/10\/thompfister-oh-03-18x12.jpg 18w, https:\/\/www.werbewoche.ch\/wp-content\/uploads\/2022\/10\/thompfister-oh-03-263x175.jpg 263w, https:\/\/www.werbewoche.ch\/wp-content\/uploads\/2022\/10\/thompfister-oh-03-525x350.jpg 525w, https:\/\/www.werbewoche.ch\/wp-content\/uploads\/2022\/10\/thompfister-oh-03-1000x667.jpg 1000w\" alt=\"\" width=\"1200\" height=\"800\" \/><\/p>\r\n<hr \/>\r\n<p><strong>Responsible at Studio Hallberg:<\/strong> Oli Hallberg (Founder). <strong>Responsible at Studio Thom Pfister:<\/strong>\u00a0Thom Pfister (Creative Director, Idea\/Concept), Ursula Rytz (Consulting), Roland Zenger (Art Director), Daniel Hackiewicz (Graphic Design &amp; Web Development), Juli Martinelli (Graphic Design).<\/p>","protected":false},"excerpt":{"rendered":"<p>Die Geschichten von Oli Hallberg sollen das Unm\u00f6gliche \u00fcberwinden, das\u00a0Unsichtbare\u00a0erforschen und das Sch\u00f6ne perfektionieren. Zu den Kund:innen des Studios geh\u00f6ren Brands wie Atupri, Axpo, bfu, Blick, Chair Airlines, Digicomp, Gurten Bern, Landi, Migros, Mobiliar, SBB und viele weitere. Studio Thom Pfister wurde mit der Entwicklung und Umsetzung des Gesamtauftritts beauftragt \u2013 vom Naming \u00fcber das [\u2026]<\/p>\n","protected":false},"author":8,"featured_media":0,"comment_status":"closed","ping_status":"closed","sticky":false,"template":"","format":"standard","meta":{"_acf_changed":false,"_yoast_wpseo_focuskw":"Oli Hallberg Studio","_yoast_wpseo_metadesc":"Oli Hallberg Studio: \u00dcberwindet das Unm\u00f6gliche und erforscht das Unsichtbare. Entdecken Sie die Arbeiten und das neue Branding.","articlekey":"","footnotes":""},"categories":[29],"tags":[2717,4765,4764,4762,4763],"class_list":["post-17598","post","type-post","status-publish","format-standard","hentry","category-marketing","tag-branding","tag-cgi","tag-fotografie","tag-oli-hallberg","tag-studio"],"acf":[],"yoast_head":"<!-- This site is optimized with the Yoast SEO plugin v27.5 - https:\/\/yoast.com\/product\/yoast-seo-wordpress\/ -->\n<title>Studio Thom Pfister gestaltet Gesamtauftritt von Oli Hallberg - Organisator<\/title>\n<meta name=\"description\" content=\"Oli Hallberg Studio: \u00dcberwindet das Unm\u00f6gliche und erforscht das Unsichtbare. Entdecken Sie die Arbeiten und das neue Branding.\" \/>\n<meta name=\"robots\" content=\"index, follow, max-snippet:-1, max-image-preview:large, max-video-preview:-1\" \/>\n<link rel=\"canonical\" href=\"https:\/\/www.organisator.ch\/en\/marketing\/2022-10-28\/studio-thom-pfister-gestaltet-gesamtauftritt-von-oli-hallberg\/\" \/>\n<meta property=\"og:locale\" content=\"en_US\" \/>\n<meta property=\"og:type\" content=\"article\" \/>\n<meta property=\"og:title\" content=\"Studio Thom Pfister gestaltet Gesamtauftritt von Oli Hallberg - Organisator\" \/>\n<meta property=\"og:description\" content=\"Oli Hallberg Studio: \u00dcberwindet das Unm\u00f6gliche und erforscht das Unsichtbare. Entdecken Sie die Arbeiten und das neue Branding.\" \/>\n<meta property=\"og:url\" content=\"https:\/\/www.organisator.ch\/en\/marketing\/2022-10-28\/studio-thom-pfister-gestaltet-gesamtauftritt-von-oli-hallberg\/\" \/>\n<meta property=\"og:site_name\" content=\"Organisator\" \/>\n<meta property=\"article:publisher\" content=\"https:\/\/www.facebook.com\/OrganisatorFachmagazin\" \/>\n<meta property=\"article:published_time\" content=\"2022-10-28T08:39:45+00:00\" \/>\n<meta property=\"article:modified_time\" content=\"2024-11-19T12:54:19+00:00\" \/>\n<meta name=\"author\" content=\"galledia\" \/>\n<meta name=\"twitter:card\" content=\"summary_large_image\" \/>\n<meta name=\"twitter:creator\" content=\"@admin\" \/>\n<script type=\"application\/ld+json\" class=\"yoast-schema-graph\">{\"@context\":\"https:\\\/\\\/schema.org\",\"@graph\":[{\"@type\":\"Article\",\"@id\":\"https:\\\/\\\/www.organisator.ch\\\/marketing\\\/2022-10-28\\\/studio-thom-pfister-gestaltet-gesamtauftritt-von-oli-hallberg\\\/#article\",\"isPartOf\":{\"@id\":\"https:\\\/\\\/www.organisator.ch\\\/marketing\\\/2022-10-28\\\/studio-thom-pfister-gestaltet-gesamtauftritt-von-oli-hallberg\\\/\"},\"author\":{\"name\":\"galledia\",\"@id\":\"https:\\\/\\\/www.organisator.ch\\\/#\\\/schema\\\/person\\\/4e51799071cd2dd1232ac003643ef5f0\"},\"headline\":\"Studio Thom Pfister gestaltet Gesamtauftritt von Oli Hallberg\",\"datePublished\":\"2022-10-28T08:39:45+00:00\",\"dateModified\":\"2024-11-19T12:54:19+00:00\",\"mainEntityOfPage\":{\"@id\":\"https:\\\/\\\/www.organisator.ch\\\/marketing\\\/2022-10-28\\\/studio-thom-pfister-gestaltet-gesamtauftritt-von-oli-hallberg\\\/\"},\"wordCount\":197,\"publisher\":{\"@id\":\"https:\\\/\\\/www.organisator.ch\\\/#organization\"},\"image\":{\"@id\":\"https:\\\/\\\/www.organisator.ch\\\/marketing\\\/2022-10-28\\\/studio-thom-pfister-gestaltet-gesamtauftritt-von-oli-hallberg\\\/#primaryimage\"},\"thumbnailUrl\":\"https:\\\/\\\/www.werbewoche.ch\\\/wp-content\\\/uploads\\\/2022\\\/10\\\/thompfister-oh-01.jpg\",\"keywords\":[\"Branding\",\"CGI\",\"Fotografie\",\"Oli Hallberg\",\"Studio\"],\"articleSection\":[\"MARKETING\"],\"inLanguage\":\"en-US\"},{\"@type\":\"WebPage\",\"@id\":\"https:\\\/\\\/www.organisator.ch\\\/marketing\\\/2022-10-28\\\/studio-thom-pfister-gestaltet-gesamtauftritt-von-oli-hallberg\\\/\",\"url\":\"https:\\\/\\\/www.organisator.ch\\\/marketing\\\/2022-10-28\\\/studio-thom-pfister-gestaltet-gesamtauftritt-von-oli-hallberg\\\/\",\"name\":\"Studio Thom Pfister gestaltet Gesamtauftritt von Oli Hallberg - Organisator\",\"isPartOf\":{\"@id\":\"https:\\\/\\\/www.organisator.ch\\\/#website\"},\"primaryImageOfPage\":{\"@id\":\"https:\\\/\\\/www.organisator.ch\\\/marketing\\\/2022-10-28\\\/studio-thom-pfister-gestaltet-gesamtauftritt-von-oli-hallberg\\\/#primaryimage\"},\"image\":{\"@id\":\"https:\\\/\\\/www.organisator.ch\\\/marketing\\\/2022-10-28\\\/studio-thom-pfister-gestaltet-gesamtauftritt-von-oli-hallberg\\\/#primaryimage\"},\"thumbnailUrl\":\"https:\\\/\\\/www.werbewoche.ch\\\/wp-content\\\/uploads\\\/2022\\\/10\\\/thompfister-oh-01.jpg\",\"datePublished\":\"2022-10-28T08:39:45+00:00\",\"dateModified\":\"2024-11-19T12:54:19+00:00\",\"description\":\"Oli Hallberg Studio: \u00dcberwindet das Unm\u00f6gliche und erforscht das Unsichtbare. Entdecken Sie die Arbeiten und das neue Branding.\",\"breadcrumb\":{\"@id\":\"https:\\\/\\\/www.organisator.ch\\\/marketing\\\/2022-10-28\\\/studio-thom-pfister-gestaltet-gesamtauftritt-von-oli-hallberg\\\/#breadcrumb\"},\"inLanguage\":\"en-US\",\"potentialAction\":[{\"@type\":\"ReadAction\",\"target\":[\"https:\\\/\\\/www.organisator.ch\\\/marketing\\\/2022-10-28\\\/studio-thom-pfister-gestaltet-gesamtauftritt-von-oli-hallberg\\\/\"]}]},{\"@type\":\"ImageObject\",\"inLanguage\":\"en-US\",\"@id\":\"https:\\\/\\\/www.organisator.ch\\\/marketing\\\/2022-10-28\\\/studio-thom-pfister-gestaltet-gesamtauftritt-von-oli-hallberg\\\/#primaryimage\",\"url\":\"https:\\\/\\\/www.werbewoche.ch\\\/wp-content\\\/uploads\\\/2022\\\/10\\\/thompfister-oh-01.jpg\",\"contentUrl\":\"https:\\\/\\\/www.werbewoche.ch\\\/wp-content\\\/uploads\\\/2022\\\/10\\\/thompfister-oh-01.jpg\"},{\"@type\":\"BreadcrumbList\",\"@id\":\"https:\\\/\\\/www.organisator.ch\\\/marketing\\\/2022-10-28\\\/studio-thom-pfister-gestaltet-gesamtauftritt-von-oli-hallberg\\\/#breadcrumb\",\"itemListElement\":[{\"@type\":\"ListItem\",\"position\":1,\"name\":\"Home\",\"item\":\"https:\\\/\\\/www.organisator.ch\\\/\"},{\"@type\":\"ListItem\",\"position\":2,\"name\":\"Studio Thom Pfister gestaltet Gesamtauftritt von Oli Hallberg\"}]},{\"@type\":\"WebSite\",\"@id\":\"https:\\\/\\\/www.organisator.ch\\\/#website\",\"url\":\"https:\\\/\\\/www.organisator.ch\\\/\",\"name\":\"Organisator\",\"description\":\"Kompetent. Praxisnah. Der ORGANISATOR bereitet in 10 Ausgaben pro Jahr die wesentlichen Themen f\u00fcr F\u00fchrungskr\u00e4fte von KMU auf.\",\"publisher\":{\"@id\":\"https:\\\/\\\/www.organisator.ch\\\/#organization\"},\"potentialAction\":[{\"@type\":\"SearchAction\",\"target\":{\"@type\":\"EntryPoint\",\"urlTemplate\":\"https:\\\/\\\/www.organisator.ch\\\/?s={search_term_string}\"},\"query-input\":{\"@type\":\"PropertyValueSpecification\",\"valueRequired\":true,\"valueName\":\"search_term_string\"}}],\"inLanguage\":\"en-US\"},{\"@type\":\"Organization\",\"@id\":\"https:\\\/\\\/www.organisator.ch\\\/#organization\",\"name\":\"Organisator\",\"url\":\"https:\\\/\\\/www.organisator.ch\\\/\",\"logo\":{\"@type\":\"ImageObject\",\"inLanguage\":\"en-US\",\"@id\":\"https:\\\/\\\/www.organisator.ch\\\/#\\\/schema\\\/logo\\\/image\\\/\",\"url\":\"https:\\\/\\\/www.organisator.ch\\\/wp-content\\\/uploads\\\/2022\\\/01\\\/Logo_Organisator_Website.png\",\"contentUrl\":\"https:\\\/\\\/www.organisator.ch\\\/wp-content\\\/uploads\\\/2022\\\/01\\\/Logo_Organisator_Website.png\",\"width\":800,\"height\":77,\"caption\":\"Organisator\"},\"image\":{\"@id\":\"https:\\\/\\\/www.organisator.ch\\\/#\\\/schema\\\/logo\\\/image\\\/\"},\"sameAs\":[\"https:\\\/\\\/www.facebook.com\\\/OrganisatorFachmagazin\",\"https:\\\/\\\/www.linkedin.com\\\/showcase\\\/organisator-das-magazin-fr-kmu\",\"https:\\\/\\\/www.xing.com\\\/news\\\/pages\\\/organisator-ch-695\",\"https:\\\/\\\/www.youtube.com\\\/channel\\\/UCGP2Sq0iWaZwT3BdIAQFYpw\"]},{\"@type\":\"Person\",\"@id\":\"https:\\\/\\\/www.organisator.ch\\\/#\\\/schema\\\/person\\\/4e51799071cd2dd1232ac003643ef5f0\",\"name\":\"galledia\",\"image\":{\"@type\":\"ImageObject\",\"inLanguage\":\"en-US\",\"@id\":\"https:\\\/\\\/secure.gravatar.com\\\/avatar\\\/78a7f90c01fc2bfc875782a0d4922b37cde2cf184ce347b91316d23cd7f69a36?s=96&d=mm&r=g\",\"url\":\"https:\\\/\\\/secure.gravatar.com\\\/avatar\\\/78a7f90c01fc2bfc875782a0d4922b37cde2cf184ce347b91316d23cd7f69a36?s=96&d=mm&r=g\",\"contentUrl\":\"https:\\\/\\\/secure.gravatar.com\\\/avatar\\\/78a7f90c01fc2bfc875782a0d4922b37cde2cf184ce347b91316d23cd7f69a36?s=96&d=mm&r=g\",\"caption\":\"galledia\"},\"sameAs\":[\"https:\\\/\\\/x.com\\\/admin\"],\"url\":\"https:\\\/\\\/www.organisator.ch\\\/en\\\/author\\\/galledia\\\/\"}]}<\/script>\n<!-- \/ Yoast SEO plugin. -->","yoast_head_json":{"title":"Studio Thom Pfister designs overall appearance of Oli Hallberg - organizer","description":"Oli Hallberg Studio: overcoming the impossible and exploring the invisible. Discover the work and the new branding.","robots":{"index":"index","follow":"follow","max-snippet":"max-snippet:-1","max-image-preview":"max-image-preview:large","max-video-preview":"max-video-preview:-1"},"canonical":"https:\/\/www.organisator.ch\/en\/marketing\/2022-10-28\/studio-thom-pfister-gestaltet-gesamtauftritt-von-oli-hallberg\/","og_locale":"en_US","og_type":"article","og_title":"Studio Thom Pfister gestaltet Gesamtauftritt von Oli Hallberg - Organisator","og_description":"Oli Hallberg Studio: \u00dcberwindet das Unm\u00f6gliche und erforscht das Unsichtbare. Entdecken Sie die Arbeiten und das neue Branding.","og_url":"https:\/\/www.organisator.ch\/en\/marketing\/2022-10-28\/studio-thom-pfister-gestaltet-gesamtauftritt-von-oli-hallberg\/","og_site_name":"Organisator","article_publisher":"https:\/\/www.facebook.com\/OrganisatorFachmagazin","article_published_time":"2022-10-28T08:39:45+00:00","article_modified_time":"2024-11-19T12:54:19+00:00","author":"galledia","twitter_card":"summary_large_image","twitter_creator":"@admin","schema":{"@context":"https:\/\/schema.org","@graph":[{"@type":"Article","@id":"https:\/\/www.organisator.ch\/marketing\/2022-10-28\/studio-thom-pfister-gestaltet-gesamtauftritt-von-oli-hallberg\/#article","isPartOf":{"@id":"https:\/\/www.organisator.ch\/marketing\/2022-10-28\/studio-thom-pfister-gestaltet-gesamtauftritt-von-oli-hallberg\/"},"author":{"name":"galledia","@id":"https:\/\/www.organisator.ch\/#\/schema\/person\/4e51799071cd2dd1232ac003643ef5f0"},"headline":"Studio Thom Pfister gestaltet Gesamtauftritt von Oli Hallberg","datePublished":"2022-10-28T08:39:45+00:00","dateModified":"2024-11-19T12:54:19+00:00","mainEntityOfPage":{"@id":"https:\/\/www.organisator.ch\/marketing\/2022-10-28\/studio-thom-pfister-gestaltet-gesamtauftritt-von-oli-hallberg\/"},"wordCount":197,"publisher":{"@id":"https:\/\/www.organisator.ch\/#organization"},"image":{"@id":"https:\/\/www.organisator.ch\/marketing\/2022-10-28\/studio-thom-pfister-gestaltet-gesamtauftritt-von-oli-hallberg\/#primaryimage"},"thumbnailUrl":"https:\/\/www.werbewoche.ch\/wp-content\/uploads\/2022\/10\/thompfister-oh-01.jpg","keywords":["Branding","CGI","Fotografie","Oli Hallberg","Studio"],"articleSection":["MARKETING"],"inLanguage":"en-US"},{"@type":"WebPage","@id":"https:\/\/www.organisator.ch\/marketing\/2022-10-28\/studio-thom-pfister-gestaltet-gesamtauftritt-von-oli-hallberg\/","url":"https:\/\/www.organisator.ch\/marketing\/2022-10-28\/studio-thom-pfister-gestaltet-gesamtauftritt-von-oli-hallberg\/","name":"Studio Thom Pfister designs overall appearance of Oli Hallberg - organizer","isPartOf":{"@id":"https:\/\/www.organisator.ch\/#website"},"primaryImageOfPage":{"@id":"https:\/\/www.organisator.ch\/marketing\/2022-10-28\/studio-thom-pfister-gestaltet-gesamtauftritt-von-oli-hallberg\/#primaryimage"},"image":{"@id":"https:\/\/www.organisator.ch\/marketing\/2022-10-28\/studio-thom-pfister-gestaltet-gesamtauftritt-von-oli-hallberg\/#primaryimage"},"thumbnailUrl":"https:\/\/www.werbewoche.ch\/wp-content\/uploads\/2022\/10\/thompfister-oh-01.jpg","datePublished":"2022-10-28T08:39:45+00:00","dateModified":"2024-11-19T12:54:19+00:00","description":"Oli Hallberg Studio: overcoming the impossible and exploring the invisible. Discover the work and the new branding.","breadcrumb":{"@id":"https:\/\/www.organisator.ch\/marketing\/2022-10-28\/studio-thom-pfister-gestaltet-gesamtauftritt-von-oli-hallberg\/#breadcrumb"},"inLanguage":"en-US","potentialAction":[{"@type":"ReadAction","target":["https:\/\/www.organisator.ch\/marketing\/2022-10-28\/studio-thom-pfister-gestaltet-gesamtauftritt-von-oli-hallberg\/"]}]},{"@type":"ImageObject","inLanguage":"en-US","@id":"https:\/\/www.organisator.ch\/marketing\/2022-10-28\/studio-thom-pfister-gestaltet-gesamtauftritt-von-oli-hallberg\/#primaryimage","url":"https:\/\/www.werbewoche.ch\/wp-content\/uploads\/2022\/10\/thompfister-oh-01.jpg","contentUrl":"https:\/\/www.werbewoche.ch\/wp-content\/uploads\/2022\/10\/thompfister-oh-01.jpg"},{"@type":"BreadcrumbList","@id":"https:\/\/www.organisator.ch\/marketing\/2022-10-28\/studio-thom-pfister-gestaltet-gesamtauftritt-von-oli-hallberg\/#breadcrumb","itemListElement":[{"@type":"ListItem","position":1,"name":"Home","item":"https:\/\/www.organisator.ch\/"},{"@type":"ListItem","position":2,"name":"Studio Thom Pfister gestaltet Gesamtauftritt von Oli Hallberg"}]},{"@type":"WebSite","@id":"https:\/\/www.organisator.ch\/#website","url":"https:\/\/www.organisator.ch\/","name":"Organizer","description":"Competent. Practical. In 10 issues per year, ORGANISATOR presents the essential topics for managers of SMEs.","publisher":{"@id":"https:\/\/www.organisator.ch\/#organization"},"potentialAction":[{"@type":"SearchAction","target":{"@type":"EntryPoint","urlTemplate":"https:\/\/www.organisator.ch\/?s={search_term_string}"},"query-input":{"@type":"PropertyValueSpecification","valueRequired":true,"valueName":"search_term_string"}}],"inLanguage":"en-US"},{"@type":"Organization","@id":"https:\/\/www.organisator.ch\/#organization","name":"Organizer","url":"https:\/\/www.organisator.ch\/","logo":{"@type":"ImageObject","inLanguage":"en-US","@id":"https:\/\/www.organisator.ch\/#\/schema\/logo\/image\/","url":"https:\/\/www.organisator.ch\/wp-content\/uploads\/2022\/01\/Logo_Organisator_Website.png","contentUrl":"https:\/\/www.organisator.ch\/wp-content\/uploads\/2022\/01\/Logo_Organisator_Website.png","width":800,"height":77,"caption":"Organisator"},"image":{"@id":"https:\/\/www.organisator.ch\/#\/schema\/logo\/image\/"},"sameAs":["https:\/\/www.facebook.com\/OrganisatorFachmagazin","https:\/\/www.linkedin.com\/showcase\/organisator-das-magazin-fr-kmu","https:\/\/www.xing.com\/news\/pages\/organisator-ch-695","https:\/\/www.youtube.com\/channel\/UCGP2Sq0iWaZwT3BdIAQFYpw"]},{"@type":"Person","@id":"https:\/\/www.organisator.ch\/#\/schema\/person\/4e51799071cd2dd1232ac003643ef5f0","name":"galledia","image":{"@type":"ImageObject","inLanguage":"en-US","@id":"https:\/\/secure.gravatar.com\/avatar\/78a7f90c01fc2bfc875782a0d4922b37cde2cf184ce347b91316d23cd7f69a36?s=96&d=mm&r=g","url":"https:\/\/secure.gravatar.com\/avatar\/78a7f90c01fc2bfc875782a0d4922b37cde2cf184ce347b91316d23cd7f69a36?s=96&d=mm&r=g","contentUrl":"https:\/\/secure.gravatar.com\/avatar\/78a7f90c01fc2bfc875782a0d4922b37cde2cf184ce347b91316d23cd7f69a36?s=96&d=mm&r=g","caption":"galledia"},"sameAs":["https:\/\/x.com\/admin"],"url":"https:\/\/www.organisator.ch\/en\/author\/galledia\/"}]}},"_links":{"self":[{"href":"https:\/\/www.organisator.ch\/en\/wp-json\/wp\/v2\/posts\/17598","targetHints":{"allow":["GET"]}}],"collection":[{"href":"https:\/\/www.organisator.ch\/en\/wp-json\/wp\/v2\/posts"}],"about":[{"href":"https:\/\/www.organisator.ch\/en\/wp-json\/wp\/v2\/types\/post"}],"author":[{"embeddable":true,"href":"https:\/\/www.organisator.ch\/en\/wp-json\/wp\/v2\/users\/8"}],"replies":[{"embeddable":true,"href":"https:\/\/www.organisator.ch\/en\/wp-json\/wp\/v2\/comments?post=17598"}],"version-history":[{"count":4,"href":"https:\/\/www.organisator.ch\/en\/wp-json\/wp\/v2\/posts\/17598\/revisions"}],"predecessor-version":[{"id":33525,"href":"https:\/\/www.organisator.ch\/en\/wp-json\/wp\/v2\/posts\/17598\/revisions\/33525"}],"wp:attachment":[{"href":"https:\/\/www.organisator.ch\/en\/wp-json\/wp\/v2\/media?parent=17598"}],"wp:term":[{"taxonomy":"category","embeddable":true,"href":"https:\/\/www.organisator.ch\/en\/wp-json\/wp\/v2\/categories?post=17598"},{"taxonomy":"post_tag","embeddable":true,"href":"https:\/\/www.organisator.ch\/en\/wp-json\/wp\/v2\/tags?post=17598"}],"curies":[{"name":"wp","href":"https:\/\/api.w.org\/{rel}","templated":true}]}}