{"id":17606,"date":"2022-10-31T08:46:07","date_gmt":"2022-10-31T07:46:07","guid":{"rendered":"https:\/\/www.organisator.ch\/?p=17606"},"modified":"2022-10-31T08:46:07","modified_gmt":"2022-10-31T07:46:07","slug":"digitale-karriere-globaler-it-dienstleister-will-millionen-von-talenten-schulen","status":"publish","type":"post","link":"https:\/\/www.organisator.ch\/en\/weiterbildung\/2022-10-31\/digitale-karriere-globaler-it-dienstleister-will-millionen-von-talenten-schulen\/","title":{"rendered":"Digital career: Global IT service provider wants to train millions of talents"},"content":{"rendered":"<figure id=\"attachment_17610\" aria-describedby=\"caption-attachment-17610\" style=\"width: 680px\" class=\"wp-caption alignnone\"><img loading=\"lazy\" decoding=\"async\" class=\"size-full wp-image-17610\" src=\"https:\/\/www.organisator.ch\/wp-content\/uploads\/2022\/10\/Digitale-Karriere-Globaler-IT-Dienstleister-will-Millionen-von-Talenten-schulen_Organisator.jpg\" alt=\"\" width=\"680\" height=\"453\" srcset=\"https:\/\/www.organisator.ch\/wp-content\/uploads\/2022\/10\/Digitale-Karriere-Globaler-IT-Dienstleister-will-Millionen-von-Talenten-schulen_Organisator.jpg 680w, https:\/\/www.organisator.ch\/wp-content\/uploads\/2022\/10\/Digitale-Karriere-Globaler-IT-Dienstleister-will-Millionen-von-Talenten-schulen_Organisator-18x12.jpg 18w, https:\/\/www.organisator.ch\/wp-content\/uploads\/2022\/10\/Digitale-Karriere-Globaler-IT-Dienstleister-will-Millionen-von-Talenten-schulen_Organisator-263x175.jpg 263w, https:\/\/www.organisator.ch\/wp-content\/uploads\/2022\/10\/Digitale-Karriere-Globaler-IT-Dienstleister-will-Millionen-von-Talenten-schulen_Organisator-525x350.jpg 525w, https:\/\/www.organisator.ch\/wp-content\/uploads\/2022\/10\/Digitale-Karriere-Globaler-IT-Dienstleister-will-Millionen-von-Talenten-schulen_Organisator-300x200.jpg 300w\" sizes=\"auto, (max-width: 680px) 100vw, 680px\" \/><figcaption id=\"caption-attachment-17610\" class=\"wp-caption-text\">Promoting digital careers where they are needed: That's what the \"RiseUp\" program aims to do. (Image: ServiceNow)<\/figcaption><\/figure>\n<p>According to IDC, 90 percent of companies will experience an IT skills shortage by 2025 due to digital transformation, at a cost of more than $6.5 trillion worldwide. The reasons include delayed product releases, dwindling customer satisfaction and lost business. Business leaders are currently focused on a select number of powerful platforms that enable rapid value creation.<\/p>\n<h3>Promoting digital careers<\/h3>\n<p>ServiceNow also offers such a cross-company cloud-based platform. What's more, the platform now wants to close an \"opportunity gap\" and create equal access to digital careers for all. \"With digital transformation, our requirements for talent must also change. That's why ServiceNow wants to create new career paths,\" said Lara Caimi, ServiceNow Chief Customer and Partner Officer. \"We believe it's time to focus on potential, rather than skills gaps, and to broaden the definition of a 'technical talent.' This will allow more people to benefit from the demand for digital transformation. We are providing new opportunities for both technical and non-technical talent, so that more people - regardless of their background - can rise to better-paying positions in our ecosystem. With 'RiseUp with ServiceNow,' people can build meaningful careers and customers and partners alike can find the exact talent they need to thrive in the digital economy.\"<\/p>\n<h3>Train skills in demand<\/h3>\n<p>\"RiseUp with ServiceNow\" expands the definition of tech talent by placing great emphasis on the competencies of the person as a whole and so-called \"power skills\" - for example, critical thinking, interpersonal communication and creativity, according to the company. The goal of the program is a more diverse, inclusive workforce. It meaningfully enables candidates to gain the skills necessary to fill coveted technical positions. \"The need for tech change is great - but the opportunities to become skilled and find a job are not,\" said Karen Pavlin, chief equity and inclusion officer at ServiceNow. \"'RiseUp with ServiceNow' opens new pathways for tech careers to grow a broader, more inclusive group of people in the digital economy. It's about valuing diverse experiences and connecting those unique skills to the great need for skilled workers so we can solve the biggest challenges of our time.\"<\/p>\n<h3>Three pillars<\/h3>\n<p>\"RiseUp with ServiceNow\" focuses on three pillars. First, the goal is to lower the barriers to continuing education. This is to be done with more than 600 free courses and 18 job-related certification paths. Already, 325,000 people have completed a total of 2.3 million such courses, according to ServiceNow. Second, it aims to expand opportunities for technical talent. Under the name ServiceNow <a href=\"https:\/\/www.servicenow.com\/company\/global-impact\/social\/digital-readiness\/nextgen.html\">NextGen<\/a> in-house academies and training partnerships with nonprofits and government agencies are offered. The newly designed <a href=\"https:\/\/www.servicenow.com\/community\/riseup\/ct-p\/riseup\">ServiceNow Community<\/a> connects over 450,000 members with peer-to-peer networking opportunities, learning forums, virtual events and much more. And third, it's all about the placement of newly trained talent: The ServiceNow Partner Placement Program, newly created for this purpose, is designed to help customers and partners find, train and evaluate talent from diverse backgrounds. The number of partners is expected to increase to 25 by the end of 2023.<\/p>\n<p>Companies such as Synoptek or Fujitsu have already successfully benefited from ServiceNow's NextGen program for employees' digital careers. Patricia Widmer, who heads the Women Back to Business certification program at the University of St. Gallen, is also convinced: \"By combining strategic management knowledge with basic ServiceNow skills, our participants are in a very strong position to succeed in the rapidly evolving digital economy - not only today, but also in the future.\"<\/p>\n<p><a href=\"https:\/\/www.servicenow.com\/company\/servicenow-riseup.html\"><em>Source and further information<\/em><\/a><\/p>","protected":false},"excerpt":{"rendered":"<p>Laut IDC\u00a0werden aufgrund der digitalen Transformation 90 Prozent der Unternehmen bis zum Jahr 2025 einen IT-Fachkr\u00e4ftemangel erleben, dessen Kosten sich weltweit auf mehr als 6,5 Billionen US-Dollar belaufen. Die Gr\u00fcnde daf\u00fcr sind verz\u00f6gerte Produkt-Releases, schwindende Kundenzufriedenheit und Gesch\u00e4ftsverluste. Die F\u00fchrungskr\u00e4fte von Unternehmen konzentrieren sich derzeit auf eine ausgew\u00e4hlte Anzahl leistungsstarker Plattformen, die schnelle Wertsch\u00f6pfung erm\u00f6glichen. [&hellip;]<\/p>\n","protected":false},"author":4,"featured_media":17610,"comment_status":"closed","ping_status":"closed","sticky":false,"template":"","format":"standard","meta":{"_acf_changed":false,"_yoast_wpseo_focuskw":"digitale Karriere","_yoast_wpseo_metadesc":"ServiceNow verfolgt das Ziel, bis 2024 einer Million Menschen mit einem Schulungsprogramm eine digitale Karriere zu erm\u00f6glichen.","articlekey":"","footnotes":""},"categories":[30],"tags":[62,156,194,294],"class_list":["post-17606","post","type-post","status-publish","format-standard","has-post-thumbnail","hentry","category-weiterbildung","tag-aus-weiterbildung","tag-digitalisierung","tag-fachkraeftemangel","tag-karriere"],"acf":[],"yoast_head":"<!-- This site is optimized with the Yoast SEO plugin v27.5 - https:\/\/yoast.com\/product\/yoast-seo-wordpress\/ -->\n<title>Digitale Karriere: Globaler IT-Dienstleister will Millionen von Talenten schulen - Organisator<\/title>\n<meta name=\"description\" content=\"ServiceNow verfolgt das Ziel, bis 2024 einer Million Menschen mit einem Schulungsprogramm eine digitale Karriere zu erm\u00f6glichen.\" \/>\n<meta name=\"robots\" content=\"index, follow, max-snippet:-1, max-image-preview:large, max-video-preview:-1\" \/>\n<link rel=\"canonical\" href=\"https:\/\/www.organisator.ch\/en\/further-education\/2022-10-31\/digitale-karriere-globaler-it-dienstleister-will-millionen-von-talenten-schulen\/\" \/>\n<meta property=\"og:locale\" content=\"en_US\" \/>\n<meta property=\"og:type\" content=\"article\" \/>\n<meta property=\"og:title\" content=\"Digitale Karriere: Globaler IT-Dienstleister will Millionen von Talenten schulen\" \/>\n<meta property=\"og:description\" content=\"ServiceNow verfolgt das Ziel, bis 2024 einer Million Menschen mit einem Schulungsprogramm eine digitale Karriere zu erm\u00f6glichen.\" \/>\n<meta property=\"og:url\" content=\"https:\/\/www.organisator.ch\/en\/further-education\/2022-10-31\/digitale-karriere-globaler-it-dienstleister-will-millionen-von-talenten-schulen\/\" \/>\n<meta property=\"og:site_name\" content=\"Organisator\" \/>\n<meta property=\"article:publisher\" content=\"https:\/\/www.facebook.com\/OrganisatorFachmagazin\" \/>\n<meta property=\"article:published_time\" content=\"2022-10-31T07:46:07+00:00\" \/>\n<meta property=\"og:image\" content=\"https:\/\/www.organisator.ch\/wp-content\/uploads\/2022\/10\/Digitale-Karriere-Globaler-IT-Dienstleister-will-Millionen-von-Talenten-schulen_Organisator.jpg\" \/>\n\t<meta property=\"og:image:width\" content=\"680\" \/>\n\t<meta property=\"og:image:height\" content=\"453\" \/>\n\t<meta property=\"og:image:type\" content=\"image\/jpeg\" \/>\n<meta name=\"author\" content=\"thomas.berner\" \/>\n<meta name=\"twitter:card\" content=\"summary_large_image\" \/>\n<meta name=\"twitter:title\" content=\"Digitale Karriere: Globaler #IT-Dienstleister will Millionen von #Talenten schulen\" \/>\n<meta name=\"twitter:description\" content=\"#ServiceNow verfolgt das Ziel, bis 2024 einer Million Menschen mit einem #Schulungsprogramm eine digitale Karriere zu erm\u00f6glichen.\" \/>\n<meta name=\"twitter:image\" content=\"https:\/\/www.organisator.ch\/wp-content\/uploads\/2022\/10\/Digitale-Karriere-Globaler-IT-Dienstleister-will-Millionen-von-Talenten-schulen_Organisator.jpg\" \/>\n<script type=\"application\/ld+json\" class=\"yoast-schema-graph\">{\"@context\":\"https:\\\/\\\/schema.org\",\"@graph\":[{\"@type\":\"Article\",\"@id\":\"https:\\\/\\\/www.organisator.ch\\\/weiterbildung\\\/2022-10-31\\\/digitale-karriere-globaler-it-dienstleister-will-millionen-von-talenten-schulen\\\/#article\",\"isPartOf\":{\"@id\":\"https:\\\/\\\/www.organisator.ch\\\/weiterbildung\\\/2022-10-31\\\/digitale-karriere-globaler-it-dienstleister-will-millionen-von-talenten-schulen\\\/\"},\"author\":{\"name\":\"thomas.berner\",\"@id\":\"https:\\\/\\\/www.organisator.ch\\\/#\\\/schema\\\/person\\\/6f650f90b2842cd4c0cc334b4e36f67e\"},\"headline\":\"Digitale Karriere: Globaler IT-Dienstleister will Millionen von Talenten schulen\",\"datePublished\":\"2022-10-31T07:46:07+00:00\",\"mainEntityOfPage\":{\"@id\":\"https:\\\/\\\/www.organisator.ch\\\/weiterbildung\\\/2022-10-31\\\/digitale-karriere-globaler-it-dienstleister-will-millionen-von-talenten-schulen\\\/\"},\"wordCount\":632,\"publisher\":{\"@id\":\"https:\\\/\\\/www.organisator.ch\\\/#organization\"},\"image\":{\"@id\":\"https:\\\/\\\/www.organisator.ch\\\/weiterbildung\\\/2022-10-31\\\/digitale-karriere-globaler-it-dienstleister-will-millionen-von-talenten-schulen\\\/#primaryimage\"},\"thumbnailUrl\":\"https:\\\/\\\/www.organisator.ch\\\/wp-content\\\/uploads\\\/2022\\\/10\\\/Digitale-Karriere-Globaler-IT-Dienstleister-will-Millionen-von-Talenten-schulen_Organisator.jpg\",\"keywords\":[\"Aus-\\\/Weiterbildung\",\"Digitalisierung\",\"Fachkr\u00e4ftemangel\",\"Karriere\"],\"articleSection\":[\"WEITERBILDUNG\"],\"inLanguage\":\"en-US\"},{\"@type\":\"WebPage\",\"@id\":\"https:\\\/\\\/www.organisator.ch\\\/weiterbildung\\\/2022-10-31\\\/digitale-karriere-globaler-it-dienstleister-will-millionen-von-talenten-schulen\\\/\",\"url\":\"https:\\\/\\\/www.organisator.ch\\\/weiterbildung\\\/2022-10-31\\\/digitale-karriere-globaler-it-dienstleister-will-millionen-von-talenten-schulen\\\/\",\"name\":\"Digitale Karriere: Globaler IT-Dienstleister will Millionen von Talenten schulen - Organisator\",\"isPartOf\":{\"@id\":\"https:\\\/\\\/www.organisator.ch\\\/#website\"},\"primaryImageOfPage\":{\"@id\":\"https:\\\/\\\/www.organisator.ch\\\/weiterbildung\\\/2022-10-31\\\/digitale-karriere-globaler-it-dienstleister-will-millionen-von-talenten-schulen\\\/#primaryimage\"},\"image\":{\"@id\":\"https:\\\/\\\/www.organisator.ch\\\/weiterbildung\\\/2022-10-31\\\/digitale-karriere-globaler-it-dienstleister-will-millionen-von-talenten-schulen\\\/#primaryimage\"},\"thumbnailUrl\":\"https:\\\/\\\/www.organisator.ch\\\/wp-content\\\/uploads\\\/2022\\\/10\\\/Digitale-Karriere-Globaler-IT-Dienstleister-will-Millionen-von-Talenten-schulen_Organisator.jpg\",\"datePublished\":\"2022-10-31T07:46:07+00:00\",\"description\":\"ServiceNow verfolgt das Ziel, bis 2024 einer Million Menschen mit einem Schulungsprogramm eine digitale Karriere zu erm\u00f6glichen.\",\"breadcrumb\":{\"@id\":\"https:\\\/\\\/www.organisator.ch\\\/weiterbildung\\\/2022-10-31\\\/digitale-karriere-globaler-it-dienstleister-will-millionen-von-talenten-schulen\\\/#breadcrumb\"},\"inLanguage\":\"en-US\",\"potentialAction\":[{\"@type\":\"ReadAction\",\"target\":[\"https:\\\/\\\/www.organisator.ch\\\/weiterbildung\\\/2022-10-31\\\/digitale-karriere-globaler-it-dienstleister-will-millionen-von-talenten-schulen\\\/\"]}]},{\"@type\":\"ImageObject\",\"inLanguage\":\"en-US\",\"@id\":\"https:\\\/\\\/www.organisator.ch\\\/weiterbildung\\\/2022-10-31\\\/digitale-karriere-globaler-it-dienstleister-will-millionen-von-talenten-schulen\\\/#primaryimage\",\"url\":\"https:\\\/\\\/www.organisator.ch\\\/wp-content\\\/uploads\\\/2022\\\/10\\\/Digitale-Karriere-Globaler-IT-Dienstleister-will-Millionen-von-Talenten-schulen_Organisator.jpg\",\"contentUrl\":\"https:\\\/\\\/www.organisator.ch\\\/wp-content\\\/uploads\\\/2022\\\/10\\\/Digitale-Karriere-Globaler-IT-Dienstleister-will-Millionen-von-Talenten-schulen_Organisator.jpg\",\"width\":680,\"height\":453,\"caption\":\"Die digitale Karriere f\u00f6rdern, dort, wo man sie braucht: Das will das \\\"RiseUp\\\"-Programm von ServiceNow. (Bild: ServiceNow)\"},{\"@type\":\"BreadcrumbList\",\"@id\":\"https:\\\/\\\/www.organisator.ch\\\/weiterbildung\\\/2022-10-31\\\/digitale-karriere-globaler-it-dienstleister-will-millionen-von-talenten-schulen\\\/#breadcrumb\",\"itemListElement\":[{\"@type\":\"ListItem\",\"position\":1,\"name\":\"Home\",\"item\":\"https:\\\/\\\/www.organisator.ch\\\/\"},{\"@type\":\"ListItem\",\"position\":2,\"name\":\"Digitale Karriere: Globaler IT-Dienstleister will Millionen von Talenten schulen\"}]},{\"@type\":\"WebSite\",\"@id\":\"https:\\\/\\\/www.organisator.ch\\\/#website\",\"url\":\"https:\\\/\\\/www.organisator.ch\\\/\",\"name\":\"Organisator\",\"description\":\"Kompetent. Praxisnah. Der ORGANISATOR bereitet in 10 Ausgaben pro Jahr die wesentlichen Themen f\u00fcr F\u00fchrungskr\u00e4fte von KMU auf.\",\"publisher\":{\"@id\":\"https:\\\/\\\/www.organisator.ch\\\/#organization\"},\"potentialAction\":[{\"@type\":\"SearchAction\",\"target\":{\"@type\":\"EntryPoint\",\"urlTemplate\":\"https:\\\/\\\/www.organisator.ch\\\/?s={search_term_string}\"},\"query-input\":{\"@type\":\"PropertyValueSpecification\",\"valueRequired\":true,\"valueName\":\"search_term_string\"}}],\"inLanguage\":\"en-US\"},{\"@type\":\"Organization\",\"@id\":\"https:\\\/\\\/www.organisator.ch\\\/#organization\",\"name\":\"Organisator\",\"url\":\"https:\\\/\\\/www.organisator.ch\\\/\",\"logo\":{\"@type\":\"ImageObject\",\"inLanguage\":\"en-US\",\"@id\":\"https:\\\/\\\/www.organisator.ch\\\/#\\\/schema\\\/logo\\\/image\\\/\",\"url\":\"https:\\\/\\\/www.organisator.ch\\\/wp-content\\\/uploads\\\/2022\\\/01\\\/Logo_Organisator_Website.png\",\"contentUrl\":\"https:\\\/\\\/www.organisator.ch\\\/wp-content\\\/uploads\\\/2022\\\/01\\\/Logo_Organisator_Website.png\",\"width\":800,\"height\":77,\"caption\":\"Organisator\"},\"image\":{\"@id\":\"https:\\\/\\\/www.organisator.ch\\\/#\\\/schema\\\/logo\\\/image\\\/\"},\"sameAs\":[\"https:\\\/\\\/www.facebook.com\\\/OrganisatorFachmagazin\",\"https:\\\/\\\/www.linkedin.com\\\/showcase\\\/organisator-das-magazin-fr-kmu\",\"https:\\\/\\\/www.xing.com\\\/news\\\/pages\\\/organisator-ch-695\",\"https:\\\/\\\/www.youtube.com\\\/channel\\\/UCGP2Sq0iWaZwT3BdIAQFYpw\"]},{\"@type\":\"Person\",\"@id\":\"https:\\\/\\\/www.organisator.ch\\\/#\\\/schema\\\/person\\\/6f650f90b2842cd4c0cc334b4e36f67e\",\"name\":\"thomas.berner\",\"image\":{\"@type\":\"ImageObject\",\"inLanguage\":\"en-US\",\"@id\":\"https:\\\/\\\/secure.gravatar.com\\\/avatar\\\/ac5001d2a36cb6c6cd3e50789007ffca834b477b74a2144564522e944eabff61?s=96&d=mm&r=g\",\"url\":\"https:\\\/\\\/secure.gravatar.com\\\/avatar\\\/ac5001d2a36cb6c6cd3e50789007ffca834b477b74a2144564522e944eabff61?s=96&d=mm&r=g\",\"contentUrl\":\"https:\\\/\\\/secure.gravatar.com\\\/avatar\\\/ac5001d2a36cb6c6cd3e50789007ffca834b477b74a2144564522e944eabff61?s=96&d=mm&r=g\",\"caption\":\"thomas.berner\"},\"url\":\"https:\\\/\\\/www.organisator.ch\\\/en\\\/author\\\/thomas-berner\\\/\"}]}<\/script>\n<!-- \/ Yoast SEO plugin. -->","yoast_head_json":{"title":"Digital careers: Global IT service provider wants to train millions of talents - Organizer","description":"ServiceNow's goal is to enable one million people to pursue digital careers through a training program by 2024.","robots":{"index":"index","follow":"follow","max-snippet":"max-snippet:-1","max-image-preview":"max-image-preview:large","max-video-preview":"max-video-preview:-1"},"canonical":"https:\/\/www.organisator.ch\/en\/further-education\/2022-10-31\/digitale-karriere-globaler-it-dienstleister-will-millionen-von-talenten-schulen\/","og_locale":"en_US","og_type":"article","og_title":"Digitale Karriere: Globaler IT-Dienstleister will Millionen von Talenten schulen","og_description":"ServiceNow verfolgt das Ziel, bis 2024 einer Million Menschen mit einem Schulungsprogramm eine digitale Karriere zu erm\u00f6glichen.","og_url":"https:\/\/www.organisator.ch\/en\/further-education\/2022-10-31\/digitale-karriere-globaler-it-dienstleister-will-millionen-von-talenten-schulen\/","og_site_name":"Organisator","article_publisher":"https:\/\/www.facebook.com\/OrganisatorFachmagazin","article_published_time":"2022-10-31T07:46:07+00:00","og_image":[{"width":680,"height":453,"url":"https:\/\/www.organisator.ch\/wp-content\/uploads\/2022\/10\/Digitale-Karriere-Globaler-IT-Dienstleister-will-Millionen-von-Talenten-schulen_Organisator.jpg","type":"image\/jpeg"}],"author":"thomas.berner","twitter_card":"summary_large_image","twitter_title":"Digitale Karriere: Globaler #IT-Dienstleister will Millionen von #Talenten schulen","twitter_description":"#ServiceNow verfolgt das Ziel, bis 2024 einer Million Menschen mit einem #Schulungsprogramm eine digitale Karriere zu erm\u00f6glichen.","twitter_image":"https:\/\/www.organisator.ch\/wp-content\/uploads\/2022\/10\/Digitale-Karriere-Globaler-IT-Dienstleister-will-Millionen-von-Talenten-schulen_Organisator.jpg","schema":{"@context":"https:\/\/schema.org","@graph":[{"@type":"Article","@id":"https:\/\/www.organisator.ch\/weiterbildung\/2022-10-31\/digitale-karriere-globaler-it-dienstleister-will-millionen-von-talenten-schulen\/#article","isPartOf":{"@id":"https:\/\/www.organisator.ch\/weiterbildung\/2022-10-31\/digitale-karriere-globaler-it-dienstleister-will-millionen-von-talenten-schulen\/"},"author":{"name":"thomas.berner","@id":"https:\/\/www.organisator.ch\/#\/schema\/person\/6f650f90b2842cd4c0cc334b4e36f67e"},"headline":"Digitale Karriere: Globaler IT-Dienstleister will Millionen von Talenten schulen","datePublished":"2022-10-31T07:46:07+00:00","mainEntityOfPage":{"@id":"https:\/\/www.organisator.ch\/weiterbildung\/2022-10-31\/digitale-karriere-globaler-it-dienstleister-will-millionen-von-talenten-schulen\/"},"wordCount":632,"publisher":{"@id":"https:\/\/www.organisator.ch\/#organization"},"image":{"@id":"https:\/\/www.organisator.ch\/weiterbildung\/2022-10-31\/digitale-karriere-globaler-it-dienstleister-will-millionen-von-talenten-schulen\/#primaryimage"},"thumbnailUrl":"https:\/\/www.organisator.ch\/wp-content\/uploads\/2022\/10\/Digitale-Karriere-Globaler-IT-Dienstleister-will-Millionen-von-Talenten-schulen_Organisator.jpg","keywords":["Aus-\/Weiterbildung","Digitalisierung","Fachkr\u00e4ftemangel","Karriere"],"articleSection":["WEITERBILDUNG"],"inLanguage":"en-US"},{"@type":"WebPage","@id":"https:\/\/www.organisator.ch\/weiterbildung\/2022-10-31\/digitale-karriere-globaler-it-dienstleister-will-millionen-von-talenten-schulen\/","url":"https:\/\/www.organisator.ch\/weiterbildung\/2022-10-31\/digitale-karriere-globaler-it-dienstleister-will-millionen-von-talenten-schulen\/","name":"Digital careers: Global IT service provider wants to train millions of talents - Organizer","isPartOf":{"@id":"https:\/\/www.organisator.ch\/#website"},"primaryImageOfPage":{"@id":"https:\/\/www.organisator.ch\/weiterbildung\/2022-10-31\/digitale-karriere-globaler-it-dienstleister-will-millionen-von-talenten-schulen\/#primaryimage"},"image":{"@id":"https:\/\/www.organisator.ch\/weiterbildung\/2022-10-31\/digitale-karriere-globaler-it-dienstleister-will-millionen-von-talenten-schulen\/#primaryimage"},"thumbnailUrl":"https:\/\/www.organisator.ch\/wp-content\/uploads\/2022\/10\/Digitale-Karriere-Globaler-IT-Dienstleister-will-Millionen-von-Talenten-schulen_Organisator.jpg","datePublished":"2022-10-31T07:46:07+00:00","description":"ServiceNow's goal is to enable one million people to pursue digital careers through a training program by 2024.","breadcrumb":{"@id":"https:\/\/www.organisator.ch\/weiterbildung\/2022-10-31\/digitale-karriere-globaler-it-dienstleister-will-millionen-von-talenten-schulen\/#breadcrumb"},"inLanguage":"en-US","potentialAction":[{"@type":"ReadAction","target":["https:\/\/www.organisator.ch\/weiterbildung\/2022-10-31\/digitale-karriere-globaler-it-dienstleister-will-millionen-von-talenten-schulen\/"]}]},{"@type":"ImageObject","inLanguage":"en-US","@id":"https:\/\/www.organisator.ch\/weiterbildung\/2022-10-31\/digitale-karriere-globaler-it-dienstleister-will-millionen-von-talenten-schulen\/#primaryimage","url":"https:\/\/www.organisator.ch\/wp-content\/uploads\/2022\/10\/Digitale-Karriere-Globaler-IT-Dienstleister-will-Millionen-von-Talenten-schulen_Organisator.jpg","contentUrl":"https:\/\/www.organisator.ch\/wp-content\/uploads\/2022\/10\/Digitale-Karriere-Globaler-IT-Dienstleister-will-Millionen-von-Talenten-schulen_Organisator.jpg","width":680,"height":453,"caption":"Die digitale Karriere f\u00f6rdern, dort, wo man sie braucht: Das will das \"RiseUp\"-Programm von ServiceNow. (Bild: ServiceNow)"},{"@type":"BreadcrumbList","@id":"https:\/\/www.organisator.ch\/weiterbildung\/2022-10-31\/digitale-karriere-globaler-it-dienstleister-will-millionen-von-talenten-schulen\/#breadcrumb","itemListElement":[{"@type":"ListItem","position":1,"name":"Home","item":"https:\/\/www.organisator.ch\/"},{"@type":"ListItem","position":2,"name":"Digitale Karriere: Globaler IT-Dienstleister will Millionen von Talenten schulen"}]},{"@type":"WebSite","@id":"https:\/\/www.organisator.ch\/#website","url":"https:\/\/www.organisator.ch\/","name":"Organizer","description":"Competent. Practical. In 10 issues per year, ORGANISATOR presents the essential topics for managers of SMEs.","publisher":{"@id":"https:\/\/www.organisator.ch\/#organization"},"potentialAction":[{"@type":"SearchAction","target":{"@type":"EntryPoint","urlTemplate":"https:\/\/www.organisator.ch\/?s={search_term_string}"},"query-input":{"@type":"PropertyValueSpecification","valueRequired":true,"valueName":"search_term_string"}}],"inLanguage":"en-US"},{"@type":"Organization","@id":"https:\/\/www.organisator.ch\/#organization","name":"Organizer","url":"https:\/\/www.organisator.ch\/","logo":{"@type":"ImageObject","inLanguage":"en-US","@id":"https:\/\/www.organisator.ch\/#\/schema\/logo\/image\/","url":"https:\/\/www.organisator.ch\/wp-content\/uploads\/2022\/01\/Logo_Organisator_Website.png","contentUrl":"https:\/\/www.organisator.ch\/wp-content\/uploads\/2022\/01\/Logo_Organisator_Website.png","width":800,"height":77,"caption":"Organisator"},"image":{"@id":"https:\/\/www.organisator.ch\/#\/schema\/logo\/image\/"},"sameAs":["https:\/\/www.facebook.com\/OrganisatorFachmagazin","https:\/\/www.linkedin.com\/showcase\/organisator-das-magazin-fr-kmu","https:\/\/www.xing.com\/news\/pages\/organisator-ch-695","https:\/\/www.youtube.com\/channel\/UCGP2Sq0iWaZwT3BdIAQFYpw"]},{"@type":"Person","@id":"https:\/\/www.organisator.ch\/#\/schema\/person\/6f650f90b2842cd4c0cc334b4e36f67e","name":"thomas.berner","image":{"@type":"ImageObject","inLanguage":"en-US","@id":"https:\/\/secure.gravatar.com\/avatar\/ac5001d2a36cb6c6cd3e50789007ffca834b477b74a2144564522e944eabff61?s=96&d=mm&r=g","url":"https:\/\/secure.gravatar.com\/avatar\/ac5001d2a36cb6c6cd3e50789007ffca834b477b74a2144564522e944eabff61?s=96&d=mm&r=g","contentUrl":"https:\/\/secure.gravatar.com\/avatar\/ac5001d2a36cb6c6cd3e50789007ffca834b477b74a2144564522e944eabff61?s=96&d=mm&r=g","caption":"thomas.berner"},"url":"https:\/\/www.organisator.ch\/en\/author\/thomas-berner\/"}]}},"_links":{"self":[{"href":"https:\/\/www.organisator.ch\/en\/wp-json\/wp\/v2\/posts\/17606","targetHints":{"allow":["GET"]}}],"collection":[{"href":"https:\/\/www.organisator.ch\/en\/wp-json\/wp\/v2\/posts"}],"about":[{"href":"https:\/\/www.organisator.ch\/en\/wp-json\/wp\/v2\/types\/post"}],"author":[{"embeddable":true,"href":"https:\/\/www.organisator.ch\/en\/wp-json\/wp\/v2\/users\/4"}],"replies":[{"embeddable":true,"href":"https:\/\/www.organisator.ch\/en\/wp-json\/wp\/v2\/comments?post=17606"}],"version-history":[{"count":1,"href":"https:\/\/www.organisator.ch\/en\/wp-json\/wp\/v2\/posts\/17606\/revisions"}],"predecessor-version":[{"id":17611,"href":"https:\/\/www.organisator.ch\/en\/wp-json\/wp\/v2\/posts\/17606\/revisions\/17611"}],"wp:featuredmedia":[{"embeddable":true,"href":"https:\/\/www.organisator.ch\/en\/wp-json\/wp\/v2\/media\/17610"}],"wp:attachment":[{"href":"https:\/\/www.organisator.ch\/en\/wp-json\/wp\/v2\/media?parent=17606"}],"wp:term":[{"taxonomy":"category","embeddable":true,"href":"https:\/\/www.organisator.ch\/en\/wp-json\/wp\/v2\/categories?post=17606"},{"taxonomy":"post_tag","embeddable":true,"href":"https:\/\/www.organisator.ch\/en\/wp-json\/wp\/v2\/tags?post=17606"}],"curies":[{"name":"wp","href":"https:\/\/api.w.org\/{rel}","templated":true}]}}