{"id":17639,"date":"2022-10-31T13:48:51","date_gmt":"2022-10-31T12:48:51","guid":{"rendered":"https:\/\/www.organisator.ch\/?p=17639"},"modified":"2022-10-31T13:48:51","modified_gmt":"2022-10-31T12:48:51","slug":"modernster-innovationspark-der-schweiz-eroeffnet","status":"publish","type":"post","link":"https:\/\/www.organisator.ch\/en\/allgemein\/2022-10-31\/modernster-innovationspark-der-schweiz-eroeffnet\/","title":{"rendered":"Switzerland's most modern innovation park opened"},"content":{"rendered":"<figure id=\"attachment_17643\" aria-describedby=\"caption-attachment-17643\" style=\"width: 680px\" class=\"wp-caption alignnone\"><img loading=\"lazy\" decoding=\"async\" class=\"size-full wp-image-17643\" src=\"https:\/\/www.organisator.ch\/wp-content\/uploads\/2022\/10\/Modernster-Innovationspark-der-Schweiz-eroeffnet-1_Organsiator.jpg\" alt=\"\" width=\"680\" height=\"466\" srcset=\"https:\/\/www.organisator.ch\/wp-content\/uploads\/2022\/10\/Modernster-Innovationspark-der-Schweiz-eroeffnet-1_Organsiator.jpg 680w, https:\/\/www.organisator.ch\/wp-content\/uploads\/2022\/10\/Modernster-Innovationspark-der-Schweiz-eroeffnet-1_Organsiator-18x12.jpg 18w, https:\/\/www.organisator.ch\/wp-content\/uploads\/2022\/10\/Modernster-Innovationspark-der-Schweiz-eroeffnet-1_Organsiator-255x175.jpg 255w, https:\/\/www.organisator.ch\/wp-content\/uploads\/2022\/10\/Modernster-Innovationspark-der-Schweiz-eroeffnet-1_Organsiator-511x350.jpg 511w, https:\/\/www.organisator.ch\/wp-content\/uploads\/2022\/10\/Modernster-Innovationspark-der-Schweiz-eroeffnet-1_Organsiator-300x206.jpg 300w\" sizes=\"auto, (max-width: 680px) 100vw, 680px\" \/><figcaption id=\"caption-attachment-17643\" class=\"wp-caption-text\">Minister of Economic Affairs Guy Parmelin at the opening speech for the Main Campus of the Switzerland Innovation Park Basel Area. (Image: Basel Area)<\/figcaption><\/figure>\n<p>The innovation park, which claims to be the most modern in Switzerland, was officially opened on Saturday, October 29, 2022 in the presence of Federal Councilor Guy Parmelin. \"The Basel Area's life sciences cluster is not only of enormous importance to the Swiss economy, but also occupies a leading position in Europe and worldwide. I am convinced that the Main Campus of the Switzerland Innovation Park Basel Area will further enhance the importance of the region,\" said the head of the Federal Department of Economic Affairs, Education and Research, in his speech. Around 200 guests from business and politics attended the opening ceremony in the Bachgraben area in Allschwil, directly on the Basel city border. The three sponsoring cantons of the Switzerland Innovation Park Basel Area were represented by Cantonal Councillors Thomas Weber (BL), Kaspar Sutter (BS) and Jacques Gerber (JU), who appeared together with Federal Councillor Parmelin at a panel discussion. At the opening ceremony, various personalities expressed their wishes for the future of the Main Campus, including Raymond Cron, CEO of Switzerland Innovation: \"I wish the Switzerland Innovation Park Basel Area to establish itself as an international beacon for innovative projects in the health and life sciences sector.\" The Switzerland Innovation Park Basel Area with its four locations is one of six innovation parks in the national network of the Switzerland Innovation Foundation.<\/p>\n<figure id=\"attachment_17644\" aria-describedby=\"caption-attachment-17644\" style=\"width: 680px\" class=\"wp-caption alignnone\"><img loading=\"lazy\" decoding=\"async\" class=\"size-full wp-image-17644\" src=\"https:\/\/www.organisator.ch\/wp-content\/uploads\/2022\/10\/Modernster-Innovationspark-der-Schweiz-eroeffnet-2_Organsiator.jpg\" alt=\"\" width=\"680\" height=\"431\" srcset=\"https:\/\/www.organisator.ch\/wp-content\/uploads\/2022\/10\/Modernster-Innovationspark-der-Schweiz-eroeffnet-2_Organsiator.jpg 680w, https:\/\/www.organisator.ch\/wp-content\/uploads\/2022\/10\/Modernster-Innovationspark-der-Schweiz-eroeffnet-2_Organsiator-18x12.jpg 18w, https:\/\/www.organisator.ch\/wp-content\/uploads\/2022\/10\/Modernster-Innovationspark-der-Schweiz-eroeffnet-2_Organsiator-276x175.jpg 276w, https:\/\/www.organisator.ch\/wp-content\/uploads\/2022\/10\/Modernster-Innovationspark-der-Schweiz-eroeffnet-2_Organsiator-552x350.jpg 552w, https:\/\/www.organisator.ch\/wp-content\/uploads\/2022\/10\/Modernster-Innovationspark-der-Schweiz-eroeffnet-2_Organsiator-300x190.jpg 300w\" sizes=\"auto, (max-width: 680px) 100vw, 680px\" \/><figcaption id=\"caption-attachment-17644\" class=\"wp-caption-text\">Switzerland's most modern innovation park as a visualization. (Image: Basel Area)<\/figcaption><\/figure>\n<p>The Main Campus, which has now opened, was designed by architects Herzog &amp; de Meuron and realized by developer Senn Resources AG. Currently, around 70 percent of the 50,000 m2 of usable space has already been leased. The tenant base currently consists of 38 companies and institutions, including the University of Basel, Johnson &amp; Johnson, Basilea and numerous startups. Between 30 and 40 percent of the space will be laboratories, with the remaining space earmarked for offices, event and training rooms, and an auditorium. Around 2,000 people will be able to work in the building. They will be able to meet via a continuous terrace on the inside and outside, which will encourage the exchange of ideas and enliven the innovation ecosystem. The heart of the Main Campus is the landscaped courtyard the size of a football field, where recreation and food options are available. The Main Campus is located in the middle of the Life Sciences Mile in Bachgraben in close proximity to neighbors such as the Swiss Tropical and Public Health Institute, Skan, Abbott and Idorsia.<\/p>\n<p><em>Sources and further information: <a href=\"http:\/\/www.baselarea.swiss\">www.baselarea.swiss<\/a>, <a href=\"http:\/\/www.maincampus.ch\">www.maincampus.ch<\/a><\/em><\/p>","protected":false},"excerpt":{"rendered":"<p>Der nach eigenen Angaben modernste Innovationspark der Schweiz wurde am Samstag, 29. Oktober 2022 im Beisein von Bundesrat Guy Parmelin feierlich er\u00f6ffnet.\u00a0\u00abDer Life Sciences Cluster der Basel Area hat nicht nur f\u00fcr die Schweizer Volkswirtschaft eine enorme Bedeutung, sondern nimmt auch europa- und weltweit eine Spitzenposition ein. Ich bin \u00fcberzeugt, dass der Main Campus des [&hellip;]<\/p>\n","protected":false},"author":4,"featured_media":17643,"comment_status":"closed","ping_status":"closed","sticky":false,"template":"","format":"standard","meta":{"_acf_changed":false,"_yoast_wpseo_focuskw":"Innovationspark","_yoast_wpseo_metadesc":"Der Main Campus des Switzerland Innovation Park Basel Area, der wohl modernste Innovationspark der Schweiz, wurde feierlich er\u00f6ffnet.","articlekey":"","footnotes":""},"categories":[1],"tags":[274,451,2707],"class_list":["post-17639","post","type-post","status-publish","format-standard","has-post-thumbnail","hentry","category-allgemein","tag-innovation","tag-startups","tag-wirtschaftsfoerderung"],"acf":[],"yoast_head":"<!-- This site is optimized with the Yoast SEO plugin v27.5 - https:\/\/yoast.com\/product\/yoast-seo-wordpress\/ -->\n<title>Modernster Innovationspark der Schweiz er\u00f6ffnet - Organisator<\/title>\n<meta name=\"description\" content=\"Der Main Campus des Switzerland Innovation Park Basel Area, der wohl modernste Innovationspark der Schweiz, wurde feierlich er\u00f6ffnet.\" \/>\n<meta name=\"robots\" content=\"index, follow, max-snippet:-1, max-image-preview:large, max-video-preview:-1\" \/>\n<link rel=\"canonical\" href=\"https:\/\/www.organisator.ch\/en\/general\/2022-10-31\/modernster-innovationspark-der-schweiz-eroeffnet\/\" \/>\n<meta property=\"og:locale\" content=\"en_US\" \/>\n<meta property=\"og:type\" content=\"article\" \/>\n<meta property=\"og:title\" content=\"Modernster Innovationspark der Schweiz er\u00f6ffnet\" \/>\n<meta property=\"og:description\" content=\"Der Main Campus des Switzerland Innovation Park Basel Area, der wohl modernste Innovationspark der Schweiz, wurde feierlich er\u00f6ffnet.\" \/>\n<meta property=\"og:url\" content=\"https:\/\/www.organisator.ch\/en\/general\/2022-10-31\/modernster-innovationspark-der-schweiz-eroeffnet\/\" \/>\n<meta property=\"og:site_name\" content=\"Organisator\" \/>\n<meta property=\"article:publisher\" content=\"https:\/\/www.facebook.com\/OrganisatorFachmagazin\" \/>\n<meta property=\"article:published_time\" content=\"2022-10-31T12:48:51+00:00\" \/>\n<meta property=\"og:image\" content=\"https:\/\/www.organisator.ch\/wp-content\/uploads\/2022\/10\/Modernster-Innovationspark-der-Schweiz-eroeffnet-2_Organsiator.jpg\" \/>\n\t<meta property=\"og:image:width\" content=\"680\" \/>\n\t<meta property=\"og:image:height\" content=\"431\" \/>\n\t<meta property=\"og:image:type\" content=\"image\/jpeg\" \/>\n<meta name=\"author\" content=\"thomas.berner\" \/>\n<meta name=\"twitter:card\" content=\"summary_large_image\" \/>\n<meta name=\"twitter:title\" content=\"Modernster #Innovationspark der Schweiz er\u00f6ffnet\" \/>\n<meta name=\"twitter:description\" content=\"Der Main Campus des Switzerland Innovation Park Basel Area, der wohl modernste #Innovationspark der Schweiz, wurde feierlich er\u00f6ffnet.\" \/>\n<meta name=\"twitter:image\" content=\"https:\/\/www.organisator.ch\/wp-content\/uploads\/2022\/10\/Modernster-Innovationspark-der-Schweiz-eroeffnet-2_Organsiator.jpg\" \/>\n<script type=\"application\/ld+json\" class=\"yoast-schema-graph\">{\"@context\":\"https:\\\/\\\/schema.org\",\"@graph\":[{\"@type\":\"Article\",\"@id\":\"https:\\\/\\\/www.organisator.ch\\\/allgemein\\\/2022-10-31\\\/modernster-innovationspark-der-schweiz-eroeffnet\\\/#article\",\"isPartOf\":{\"@id\":\"https:\\\/\\\/www.organisator.ch\\\/allgemein\\\/2022-10-31\\\/modernster-innovationspark-der-schweiz-eroeffnet\\\/\"},\"author\":{\"name\":\"thomas.berner\",\"@id\":\"https:\\\/\\\/www.organisator.ch\\\/#\\\/schema\\\/person\\\/6f650f90b2842cd4c0cc334b4e36f67e\"},\"headline\":\"Modernster Innovationspark der Schweiz er\u00f6ffnet\",\"datePublished\":\"2022-10-31T12:48:51+00:00\",\"mainEntityOfPage\":{\"@id\":\"https:\\\/\\\/www.organisator.ch\\\/allgemein\\\/2022-10-31\\\/modernster-innovationspark-der-schweiz-eroeffnet\\\/\"},\"wordCount\":438,\"publisher\":{\"@id\":\"https:\\\/\\\/www.organisator.ch\\\/#organization\"},\"image\":{\"@id\":\"https:\\\/\\\/www.organisator.ch\\\/allgemein\\\/2022-10-31\\\/modernster-innovationspark-der-schweiz-eroeffnet\\\/#primaryimage\"},\"thumbnailUrl\":\"https:\\\/\\\/www.organisator.ch\\\/wp-content\\\/uploads\\\/2022\\\/10\\\/Modernster-Innovationspark-der-Schweiz-eroeffnet-1_Organsiator.jpg\",\"keywords\":[\"Innovation\",\"Startups\",\"Wirtschaftsf\u00f6rderung\"],\"articleSection\":[\"Allgemein\"],\"inLanguage\":\"en-US\"},{\"@type\":\"WebPage\",\"@id\":\"https:\\\/\\\/www.organisator.ch\\\/allgemein\\\/2022-10-31\\\/modernster-innovationspark-der-schweiz-eroeffnet\\\/\",\"url\":\"https:\\\/\\\/www.organisator.ch\\\/allgemein\\\/2022-10-31\\\/modernster-innovationspark-der-schweiz-eroeffnet\\\/\",\"name\":\"Modernster Innovationspark der Schweiz er\u00f6ffnet - Organisator\",\"isPartOf\":{\"@id\":\"https:\\\/\\\/www.organisator.ch\\\/#website\"},\"primaryImageOfPage\":{\"@id\":\"https:\\\/\\\/www.organisator.ch\\\/allgemein\\\/2022-10-31\\\/modernster-innovationspark-der-schweiz-eroeffnet\\\/#primaryimage\"},\"image\":{\"@id\":\"https:\\\/\\\/www.organisator.ch\\\/allgemein\\\/2022-10-31\\\/modernster-innovationspark-der-schweiz-eroeffnet\\\/#primaryimage\"},\"thumbnailUrl\":\"https:\\\/\\\/www.organisator.ch\\\/wp-content\\\/uploads\\\/2022\\\/10\\\/Modernster-Innovationspark-der-Schweiz-eroeffnet-1_Organsiator.jpg\",\"datePublished\":\"2022-10-31T12:48:51+00:00\",\"description\":\"Der Main Campus des Switzerland Innovation Park Basel Area, der wohl modernste Innovationspark der Schweiz, wurde feierlich er\u00f6ffnet.\",\"breadcrumb\":{\"@id\":\"https:\\\/\\\/www.organisator.ch\\\/allgemein\\\/2022-10-31\\\/modernster-innovationspark-der-schweiz-eroeffnet\\\/#breadcrumb\"},\"inLanguage\":\"en-US\",\"potentialAction\":[{\"@type\":\"ReadAction\",\"target\":[\"https:\\\/\\\/www.organisator.ch\\\/allgemein\\\/2022-10-31\\\/modernster-innovationspark-der-schweiz-eroeffnet\\\/\"]}]},{\"@type\":\"ImageObject\",\"inLanguage\":\"en-US\",\"@id\":\"https:\\\/\\\/www.organisator.ch\\\/allgemein\\\/2022-10-31\\\/modernster-innovationspark-der-schweiz-eroeffnet\\\/#primaryimage\",\"url\":\"https:\\\/\\\/www.organisator.ch\\\/wp-content\\\/uploads\\\/2022\\\/10\\\/Modernster-Innovationspark-der-Schweiz-eroeffnet-1_Organsiator.jpg\",\"contentUrl\":\"https:\\\/\\\/www.organisator.ch\\\/wp-content\\\/uploads\\\/2022\\\/10\\\/Modernster-Innovationspark-der-Schweiz-eroeffnet-1_Organsiator.jpg\",\"width\":680,\"height\":466,\"caption\":\"Wirtschaftsminister Guy Parmelin bei der Er\u00f6ffnungsansprache zum Main Campus des Switzerland Innovation Park Basel Area. (Bild: Basel Area)\"},{\"@type\":\"BreadcrumbList\",\"@id\":\"https:\\\/\\\/www.organisator.ch\\\/allgemein\\\/2022-10-31\\\/modernster-innovationspark-der-schweiz-eroeffnet\\\/#breadcrumb\",\"itemListElement\":[{\"@type\":\"ListItem\",\"position\":1,\"name\":\"Home\",\"item\":\"https:\\\/\\\/www.organisator.ch\\\/\"},{\"@type\":\"ListItem\",\"position\":2,\"name\":\"Modernster Innovationspark der Schweiz er\u00f6ffnet\"}]},{\"@type\":\"WebSite\",\"@id\":\"https:\\\/\\\/www.organisator.ch\\\/#website\",\"url\":\"https:\\\/\\\/www.organisator.ch\\\/\",\"name\":\"Organisator\",\"description\":\"Kompetent. Praxisnah. Der ORGANISATOR bereitet in 10 Ausgaben pro Jahr die wesentlichen Themen f\u00fcr F\u00fchrungskr\u00e4fte von KMU auf.\",\"publisher\":{\"@id\":\"https:\\\/\\\/www.organisator.ch\\\/#organization\"},\"potentialAction\":[{\"@type\":\"SearchAction\",\"target\":{\"@type\":\"EntryPoint\",\"urlTemplate\":\"https:\\\/\\\/www.organisator.ch\\\/?s={search_term_string}\"},\"query-input\":{\"@type\":\"PropertyValueSpecification\",\"valueRequired\":true,\"valueName\":\"search_term_string\"}}],\"inLanguage\":\"en-US\"},{\"@type\":\"Organization\",\"@id\":\"https:\\\/\\\/www.organisator.ch\\\/#organization\",\"name\":\"Organisator\",\"url\":\"https:\\\/\\\/www.organisator.ch\\\/\",\"logo\":{\"@type\":\"ImageObject\",\"inLanguage\":\"en-US\",\"@id\":\"https:\\\/\\\/www.organisator.ch\\\/#\\\/schema\\\/logo\\\/image\\\/\",\"url\":\"https:\\\/\\\/www.organisator.ch\\\/wp-content\\\/uploads\\\/2022\\\/01\\\/Logo_Organisator_Website.png\",\"contentUrl\":\"https:\\\/\\\/www.organisator.ch\\\/wp-content\\\/uploads\\\/2022\\\/01\\\/Logo_Organisator_Website.png\",\"width\":800,\"height\":77,\"caption\":\"Organisator\"},\"image\":{\"@id\":\"https:\\\/\\\/www.organisator.ch\\\/#\\\/schema\\\/logo\\\/image\\\/\"},\"sameAs\":[\"https:\\\/\\\/www.facebook.com\\\/OrganisatorFachmagazin\",\"https:\\\/\\\/www.linkedin.com\\\/showcase\\\/organisator-das-magazin-fr-kmu\",\"https:\\\/\\\/www.xing.com\\\/news\\\/pages\\\/organisator-ch-695\",\"https:\\\/\\\/www.youtube.com\\\/channel\\\/UCGP2Sq0iWaZwT3BdIAQFYpw\"]},{\"@type\":\"Person\",\"@id\":\"https:\\\/\\\/www.organisator.ch\\\/#\\\/schema\\\/person\\\/6f650f90b2842cd4c0cc334b4e36f67e\",\"name\":\"thomas.berner\",\"image\":{\"@type\":\"ImageObject\",\"inLanguage\":\"en-US\",\"@id\":\"https:\\\/\\\/secure.gravatar.com\\\/avatar\\\/ac5001d2a36cb6c6cd3e50789007ffca834b477b74a2144564522e944eabff61?s=96&d=mm&r=g\",\"url\":\"https:\\\/\\\/secure.gravatar.com\\\/avatar\\\/ac5001d2a36cb6c6cd3e50789007ffca834b477b74a2144564522e944eabff61?s=96&d=mm&r=g\",\"contentUrl\":\"https:\\\/\\\/secure.gravatar.com\\\/avatar\\\/ac5001d2a36cb6c6cd3e50789007ffca834b477b74a2144564522e944eabff61?s=96&d=mm&r=g\",\"caption\":\"thomas.berner\"},\"url\":\"https:\\\/\\\/www.organisator.ch\\\/en\\\/author\\\/thomas-berner\\\/\"}]}<\/script>\n<!-- \/ Yoast SEO plugin. -->","yoast_head_json":{"title":"Switzerland's most modern innovation park opened - Organizer","description":"The Main Campus of the Switzerland Innovation Park Basel Area, probably the most modern innovation park in Switzerland, was ceremonially opened.","robots":{"index":"index","follow":"follow","max-snippet":"max-snippet:-1","max-image-preview":"max-image-preview:large","max-video-preview":"max-video-preview:-1"},"canonical":"https:\/\/www.organisator.ch\/en\/general\/2022-10-31\/modernster-innovationspark-der-schweiz-eroeffnet\/","og_locale":"en_US","og_type":"article","og_title":"Modernster Innovationspark der Schweiz er\u00f6ffnet","og_description":"Der Main Campus des Switzerland Innovation Park Basel Area, der wohl modernste Innovationspark der Schweiz, wurde feierlich er\u00f6ffnet.","og_url":"https:\/\/www.organisator.ch\/en\/general\/2022-10-31\/modernster-innovationspark-der-schweiz-eroeffnet\/","og_site_name":"Organisator","article_publisher":"https:\/\/www.facebook.com\/OrganisatorFachmagazin","article_published_time":"2022-10-31T12:48:51+00:00","og_image":[{"width":680,"height":431,"url":"https:\/\/www.organisator.ch\/wp-content\/uploads\/2022\/10\/Modernster-Innovationspark-der-Schweiz-eroeffnet-2_Organsiator.jpg","type":"image\/jpeg"}],"author":"thomas.berner","twitter_card":"summary_large_image","twitter_title":"Modernster #Innovationspark der Schweiz er\u00f6ffnet","twitter_description":"Der Main Campus des Switzerland Innovation Park Basel Area, der wohl modernste #Innovationspark der Schweiz, wurde feierlich er\u00f6ffnet.","twitter_image":"https:\/\/www.organisator.ch\/wp-content\/uploads\/2022\/10\/Modernster-Innovationspark-der-Schweiz-eroeffnet-2_Organsiator.jpg","schema":{"@context":"https:\/\/schema.org","@graph":[{"@type":"Article","@id":"https:\/\/www.organisator.ch\/allgemein\/2022-10-31\/modernster-innovationspark-der-schweiz-eroeffnet\/#article","isPartOf":{"@id":"https:\/\/www.organisator.ch\/allgemein\/2022-10-31\/modernster-innovationspark-der-schweiz-eroeffnet\/"},"author":{"name":"thomas.berner","@id":"https:\/\/www.organisator.ch\/#\/schema\/person\/6f650f90b2842cd4c0cc334b4e36f67e"},"headline":"Modernster Innovationspark der Schweiz er\u00f6ffnet","datePublished":"2022-10-31T12:48:51+00:00","mainEntityOfPage":{"@id":"https:\/\/www.organisator.ch\/allgemein\/2022-10-31\/modernster-innovationspark-der-schweiz-eroeffnet\/"},"wordCount":438,"publisher":{"@id":"https:\/\/www.organisator.ch\/#organization"},"image":{"@id":"https:\/\/www.organisator.ch\/allgemein\/2022-10-31\/modernster-innovationspark-der-schweiz-eroeffnet\/#primaryimage"},"thumbnailUrl":"https:\/\/www.organisator.ch\/wp-content\/uploads\/2022\/10\/Modernster-Innovationspark-der-Schweiz-eroeffnet-1_Organsiator.jpg","keywords":["Innovation","Startups","Wirtschaftsf\u00f6rderung"],"articleSection":["Allgemein"],"inLanguage":"en-US"},{"@type":"WebPage","@id":"https:\/\/www.organisator.ch\/allgemein\/2022-10-31\/modernster-innovationspark-der-schweiz-eroeffnet\/","url":"https:\/\/www.organisator.ch\/allgemein\/2022-10-31\/modernster-innovationspark-der-schweiz-eroeffnet\/","name":"Switzerland's most modern innovation park opened - Organizer","isPartOf":{"@id":"https:\/\/www.organisator.ch\/#website"},"primaryImageOfPage":{"@id":"https:\/\/www.organisator.ch\/allgemein\/2022-10-31\/modernster-innovationspark-der-schweiz-eroeffnet\/#primaryimage"},"image":{"@id":"https:\/\/www.organisator.ch\/allgemein\/2022-10-31\/modernster-innovationspark-der-schweiz-eroeffnet\/#primaryimage"},"thumbnailUrl":"https:\/\/www.organisator.ch\/wp-content\/uploads\/2022\/10\/Modernster-Innovationspark-der-Schweiz-eroeffnet-1_Organsiator.jpg","datePublished":"2022-10-31T12:48:51+00:00","description":"The Main Campus of the Switzerland Innovation Park Basel Area, probably the most modern innovation park in Switzerland, was ceremonially opened.","breadcrumb":{"@id":"https:\/\/www.organisator.ch\/allgemein\/2022-10-31\/modernster-innovationspark-der-schweiz-eroeffnet\/#breadcrumb"},"inLanguage":"en-US","potentialAction":[{"@type":"ReadAction","target":["https:\/\/www.organisator.ch\/allgemein\/2022-10-31\/modernster-innovationspark-der-schweiz-eroeffnet\/"]}]},{"@type":"ImageObject","inLanguage":"en-US","@id":"https:\/\/www.organisator.ch\/allgemein\/2022-10-31\/modernster-innovationspark-der-schweiz-eroeffnet\/#primaryimage","url":"https:\/\/www.organisator.ch\/wp-content\/uploads\/2022\/10\/Modernster-Innovationspark-der-Schweiz-eroeffnet-1_Organsiator.jpg","contentUrl":"https:\/\/www.organisator.ch\/wp-content\/uploads\/2022\/10\/Modernster-Innovationspark-der-Schweiz-eroeffnet-1_Organsiator.jpg","width":680,"height":466,"caption":"Wirtschaftsminister Guy Parmelin bei der Er\u00f6ffnungsansprache zum Main Campus des Switzerland Innovation Park Basel Area. (Bild: Basel Area)"},{"@type":"BreadcrumbList","@id":"https:\/\/www.organisator.ch\/allgemein\/2022-10-31\/modernster-innovationspark-der-schweiz-eroeffnet\/#breadcrumb","itemListElement":[{"@type":"ListItem","position":1,"name":"Home","item":"https:\/\/www.organisator.ch\/"},{"@type":"ListItem","position":2,"name":"Modernster Innovationspark der Schweiz er\u00f6ffnet"}]},{"@type":"WebSite","@id":"https:\/\/www.organisator.ch\/#website","url":"https:\/\/www.organisator.ch\/","name":"Organizer","description":"Competent. Practical. In 10 issues per year, ORGANISATOR presents the essential topics for managers of SMEs.","publisher":{"@id":"https:\/\/www.organisator.ch\/#organization"},"potentialAction":[{"@type":"SearchAction","target":{"@type":"EntryPoint","urlTemplate":"https:\/\/www.organisator.ch\/?s={search_term_string}"},"query-input":{"@type":"PropertyValueSpecification","valueRequired":true,"valueName":"search_term_string"}}],"inLanguage":"en-US"},{"@type":"Organization","@id":"https:\/\/www.organisator.ch\/#organization","name":"Organizer","url":"https:\/\/www.organisator.ch\/","logo":{"@type":"ImageObject","inLanguage":"en-US","@id":"https:\/\/www.organisator.ch\/#\/schema\/logo\/image\/","url":"https:\/\/www.organisator.ch\/wp-content\/uploads\/2022\/01\/Logo_Organisator_Website.png","contentUrl":"https:\/\/www.organisator.ch\/wp-content\/uploads\/2022\/01\/Logo_Organisator_Website.png","width":800,"height":77,"caption":"Organisator"},"image":{"@id":"https:\/\/www.organisator.ch\/#\/schema\/logo\/image\/"},"sameAs":["https:\/\/www.facebook.com\/OrganisatorFachmagazin","https:\/\/www.linkedin.com\/showcase\/organisator-das-magazin-fr-kmu","https:\/\/www.xing.com\/news\/pages\/organisator-ch-695","https:\/\/www.youtube.com\/channel\/UCGP2Sq0iWaZwT3BdIAQFYpw"]},{"@type":"Person","@id":"https:\/\/www.organisator.ch\/#\/schema\/person\/6f650f90b2842cd4c0cc334b4e36f67e","name":"thomas.berner","image":{"@type":"ImageObject","inLanguage":"en-US","@id":"https:\/\/secure.gravatar.com\/avatar\/ac5001d2a36cb6c6cd3e50789007ffca834b477b74a2144564522e944eabff61?s=96&d=mm&r=g","url":"https:\/\/secure.gravatar.com\/avatar\/ac5001d2a36cb6c6cd3e50789007ffca834b477b74a2144564522e944eabff61?s=96&d=mm&r=g","contentUrl":"https:\/\/secure.gravatar.com\/avatar\/ac5001d2a36cb6c6cd3e50789007ffca834b477b74a2144564522e944eabff61?s=96&d=mm&r=g","caption":"thomas.berner"},"url":"https:\/\/www.organisator.ch\/en\/author\/thomas-berner\/"}]}},"_links":{"self":[{"href":"https:\/\/www.organisator.ch\/en\/wp-json\/wp\/v2\/posts\/17639","targetHints":{"allow":["GET"]}}],"collection":[{"href":"https:\/\/www.organisator.ch\/en\/wp-json\/wp\/v2\/posts"}],"about":[{"href":"https:\/\/www.organisator.ch\/en\/wp-json\/wp\/v2\/types\/post"}],"author":[{"embeddable":true,"href":"https:\/\/www.organisator.ch\/en\/wp-json\/wp\/v2\/users\/4"}],"replies":[{"embeddable":true,"href":"https:\/\/www.organisator.ch\/en\/wp-json\/wp\/v2\/comments?post=17639"}],"version-history":[{"count":1,"href":"https:\/\/www.organisator.ch\/en\/wp-json\/wp\/v2\/posts\/17639\/revisions"}],"predecessor-version":[{"id":17645,"href":"https:\/\/www.organisator.ch\/en\/wp-json\/wp\/v2\/posts\/17639\/revisions\/17645"}],"wp:featuredmedia":[{"embeddable":true,"href":"https:\/\/www.organisator.ch\/en\/wp-json\/wp\/v2\/media\/17643"}],"wp:attachment":[{"href":"https:\/\/www.organisator.ch\/en\/wp-json\/wp\/v2\/media?parent=17639"}],"wp:term":[{"taxonomy":"category","embeddable":true,"href":"https:\/\/www.organisator.ch\/en\/wp-json\/wp\/v2\/categories?post=17639"},{"taxonomy":"post_tag","embeddable":true,"href":"https:\/\/www.organisator.ch\/en\/wp-json\/wp\/v2\/tags?post=17639"}],"curies":[{"name":"wp","href":"https:\/\/api.w.org\/{rel}","templated":true}]}}