{"id":17676,"date":"2022-11-02T10:45:50","date_gmt":"2022-11-02T09:45:50","guid":{"rendered":"https:\/\/www.m-q.ch\/?p=17125"},"modified":"2024-11-20T14:23:56","modified_gmt":"2024-11-20T13:23:56","slug":"ifas-2022-erfolgreiche-rueckkehr-der-gesundheits-fachmesse","status":"publish","type":"post","link":"https:\/\/www.organisator.ch\/en\/operational-excellence\/2022-11-02\/ifas-2022-erfolgreiche-rueckkehr-der-gesundheits-fachmesse\/","title":{"rendered":"IFAS 2022: Successful return of the health trade fair"},"content":{"rendered":"<figure id=\"attachment_17126\" class=\"wp-caption alignnone\" style=\"width: 680px\" aria-describedby=\"caption-attachment-17126\"><img class=\"alignnone wp-image-17126 size-full\" src=\"https:\/\/www.m-q.ch\/wp-content\/uploads\/2022\/11\/IFAS-2022-Erfolgreiche-Rueckkehr-der-Gesundheits-Fachmesse_MQ.jpg\" alt=\"IFAS Health Fair\" width=\"680\" height=\"453\" \/>\r\n<figcaption id=\"caption-attachment-17126\" class=\"wp-caption-text\">The IFAS 2022 healthcare trade show exceeded expectations. (Image: IFAS)<\/figcaption>\r\n<\/figure>\r\n<p>Visitor numbers have exceeded expectations for IFAS 2022, according to the organizers of what is arguably Switzerland's most important healthcare trade fair. The trade fair takes place every two years and offers leading industry suppliers from the fields of consumption &amp; logistics, IT, furnishings &amp; equipment, rehabilitation, therapy &amp; physio, medical technology &amp; electromedicine, diagnostics &amp; laboratory technology as well as training and further education a comprehensive information platform. Heinz Salzgeber, long-standing Brand Director of IFAS, is very positive about the event: \"After a four-year break, the number of visitors and the interest shown by visitors are extremely pleasing. It is particularly positive that IFAS was able to live up to its role as a place for knowledge transfer and networking more than ever. This is also confirmed by this year's top-class IFAS Forum and CareFair - the Swiss job fair for healthcare professions, which were excellently attended on all three days of the trade fair. IFAS 2022 has confirmed that the demand for a physical information platform in the healthcare market remains very high.\"<\/p>\r\n<h3>MyLeg wins IFASinnovation Challenge - Audience Award goes to hirncoach<\/h3>\r\n<p>The IFASinnovation Challenge, initiated by Cosanum and organized in partnership with IFAS, selected a winner for the third time at IFAS 2022. This year's award, worth 25,000 Swiss francs, went to the start-up company MyLeg, based in Zurich. With its innovation, sensory feedback for prosthesis integration, the start-up aims to enable people with lower leg amputations to lead an almost normal and independent life without restrictions and pain. The startup hirncoach, which received the audience award for its scientifically based program to increase mental performance, was met with great interest by visitors.<\/p>\r\n<h3>IFAS Forum and CareFair with best marks<\/h3>\r\n<p>The IFAS Forum has been an integral part of the trade show program for many years. But in no other year has the Forum, newly organized in collaboration with healthinal, met with such great visitor interest. All presentations and panel discussions on the topics of data protection, the electronic patient dossier (EPD), innovation and new health care management, as well as the shortage of skilled workers and the future of health care, were held in front of packed auditoriums.<\/p>\r\n<p>CareFair - the Swiss job fair for healthcare professions - was integrated into IFAS for the third time and was the largest event to date, with over 20 hospitals, clinics and homes taking part. It too turned out to be a magnet for visitors. \"The interest was impressive and confirmed once again how important such physical job platforms are for employers and employees,\" sums up Franziska Held, exhibition manager CareFair. The next IFAS will take place from 22 to 24 October 2024 at Messe Z\u00fcrich.<\/p>\r\n<p><em>More information: <a href=\"http:\/\/www.ifas-expo.ch\/\">www.ifas-expo.ch<\/a><\/em><\/p>\n<p class=\"syndicated-attribution\">This article originally appeared on m-q.ch - <a href=\"https:\/\/www.m-q.ch\/de\/ifas-2022-erfolgreiche-rueckkehr-der-gesundheits-fachmesse\/\" target=\"_blank\">https:\/\/www.m-q.ch\/de\/ifas-2022-erfolgreiche-rueckkehr-der-gesundheits-fachmesse\/<\/a><\/p>","protected":false},"excerpt":{"rendered":"<p>Die Besucherzahlen haben die Erwartungen an die IFAS 2022 \u00fcbertroffen, wie die Organisatoren der schweizweit wohl wichtigsten Gesundheits-Fachmesse mitteilen. Die Messe findet alle zwei Jahre statt und bietet f\u00fchrenden Branchenanbietern aus den Bereichen Verbrauch &amp; Logistik, Informatik, Einrichtung &amp; Ausstattung, Reha, Therapie &amp; Physio, Medizintechnik &amp; Elektromedizin, Diagnostik &amp; Labortechnik sowie Aus- und Weiterbildung eine [\u2026]<\/p>\n","protected":false},"author":8,"featured_media":0,"comment_status":"closed","ping_status":"closed","sticky":false,"template":"","format":"standard","meta":{"_acf_changed":false,"_yoast_wpseo_focuskw":"IFAS Gesundheitsmesse","_yoast_wpseo_metadesc":"IFAS 2022 \u00fcbertrifft Erwartungen: Mehr Besucher und Networking. N\u00e4chste Messe im Oktober 2024 in Z\u00fcrich.","articlekey":"","footnotes":""},"categories":[582],"tags":[],"class_list":["post-17676","post","type-post","status-publish","format-standard","hentry","category-operational-excellence"],"acf":[],"yoast_head":"<!-- This site is optimized with the Yoast SEO plugin v27.5 - https:\/\/yoast.com\/product\/yoast-seo-wordpress\/ -->\n<title>IFAS 2022: Erfolgreiche R\u00fcckkehr der Gesundheits-Fachmesse - Organisator<\/title>\n<meta name=\"description\" content=\"IFAS 2022 \u00fcbertrifft Erwartungen: Mehr Besucher und Networking. N\u00e4chste Messe im Oktober 2024 in Z\u00fcrich.\" \/>\n<meta name=\"robots\" content=\"index, follow, max-snippet:-1, max-image-preview:large, max-video-preview:-1\" \/>\n<link rel=\"canonical\" href=\"https:\/\/www.organisator.ch\/en\/operational-excellence\/2022-11-02\/ifas-2022-erfolgreiche-rueckkehr-der-gesundheits-fachmesse\/\" \/>\n<meta property=\"og:locale\" content=\"en_US\" \/>\n<meta property=\"og:type\" content=\"article\" \/>\n<meta property=\"og:title\" content=\"IFAS 2022: Erfolgreiche R\u00fcckkehr der Gesundheits-Fachmesse - Organisator\" \/>\n<meta property=\"og:description\" content=\"IFAS 2022 \u00fcbertrifft Erwartungen: Mehr Besucher und Networking. N\u00e4chste Messe im Oktober 2024 in Z\u00fcrich.\" \/>\n<meta property=\"og:url\" content=\"https:\/\/www.organisator.ch\/en\/operational-excellence\/2022-11-02\/ifas-2022-erfolgreiche-rueckkehr-der-gesundheits-fachmesse\/\" \/>\n<meta property=\"og:site_name\" content=\"Organisator\" \/>\n<meta property=\"article:publisher\" content=\"https:\/\/www.facebook.com\/OrganisatorFachmagazin\" \/>\n<meta property=\"article:published_time\" content=\"2022-11-02T09:45:50+00:00\" \/>\n<meta property=\"article:modified_time\" content=\"2024-11-20T13:23:56+00:00\" \/>\n<meta name=\"author\" content=\"galledia\" \/>\n<meta name=\"twitter:card\" content=\"summary_large_image\" \/>\n<meta name=\"twitter:creator\" content=\"@admin\" \/>\n<script type=\"application\/ld+json\" class=\"yoast-schema-graph\">{\"@context\":\"https:\\\/\\\/schema.org\",\"@graph\":[{\"@type\":\"Article\",\"@id\":\"https:\\\/\\\/www.organisator.ch\\\/operational-excellence\\\/2022-11-02\\\/ifas-2022-erfolgreiche-rueckkehr-der-gesundheits-fachmesse\\\/#article\",\"isPartOf\":{\"@id\":\"https:\\\/\\\/www.organisator.ch\\\/operational-excellence\\\/2022-11-02\\\/ifas-2022-erfolgreiche-rueckkehr-der-gesundheits-fachmesse\\\/\"},\"author\":{\"name\":\"galledia\",\"@id\":\"https:\\\/\\\/www.organisator.ch\\\/#\\\/schema\\\/person\\\/4e51799071cd2dd1232ac003643ef5f0\"},\"headline\":\"IFAS 2022: Erfolgreiche R\u00fcckkehr der Gesundheits-Fachmesse\",\"datePublished\":\"2022-11-02T09:45:50+00:00\",\"dateModified\":\"2024-11-20T13:23:56+00:00\",\"mainEntityOfPage\":{\"@id\":\"https:\\\/\\\/www.organisator.ch\\\/operational-excellence\\\/2022-11-02\\\/ifas-2022-erfolgreiche-rueckkehr-der-gesundheits-fachmesse\\\/\"},\"wordCount\":432,\"publisher\":{\"@id\":\"https:\\\/\\\/www.organisator.ch\\\/#organization\"},\"image\":{\"@id\":\"https:\\\/\\\/www.organisator.ch\\\/operational-excellence\\\/2022-11-02\\\/ifas-2022-erfolgreiche-rueckkehr-der-gesundheits-fachmesse\\\/#primaryimage\"},\"thumbnailUrl\":\"https:\\\/\\\/www.m-q.ch\\\/wp-content\\\/uploads\\\/2022\\\/11\\\/IFAS-2022-Erfolgreiche-Rueckkehr-der-Gesundheits-Fachmesse_MQ.jpg\",\"articleSection\":[\"OPERATIONAL EXCELLENCE\"],\"inLanguage\":\"en-US\"},{\"@type\":\"WebPage\",\"@id\":\"https:\\\/\\\/www.organisator.ch\\\/operational-excellence\\\/2022-11-02\\\/ifas-2022-erfolgreiche-rueckkehr-der-gesundheits-fachmesse\\\/\",\"url\":\"https:\\\/\\\/www.organisator.ch\\\/operational-excellence\\\/2022-11-02\\\/ifas-2022-erfolgreiche-rueckkehr-der-gesundheits-fachmesse\\\/\",\"name\":\"IFAS 2022: Erfolgreiche R\u00fcckkehr der Gesundheits-Fachmesse - Organisator\",\"isPartOf\":{\"@id\":\"https:\\\/\\\/www.organisator.ch\\\/#website\"},\"primaryImageOfPage\":{\"@id\":\"https:\\\/\\\/www.organisator.ch\\\/operational-excellence\\\/2022-11-02\\\/ifas-2022-erfolgreiche-rueckkehr-der-gesundheits-fachmesse\\\/#primaryimage\"},\"image\":{\"@id\":\"https:\\\/\\\/www.organisator.ch\\\/operational-excellence\\\/2022-11-02\\\/ifas-2022-erfolgreiche-rueckkehr-der-gesundheits-fachmesse\\\/#primaryimage\"},\"thumbnailUrl\":\"https:\\\/\\\/www.m-q.ch\\\/wp-content\\\/uploads\\\/2022\\\/11\\\/IFAS-2022-Erfolgreiche-Rueckkehr-der-Gesundheits-Fachmesse_MQ.jpg\",\"datePublished\":\"2022-11-02T09:45:50+00:00\",\"dateModified\":\"2024-11-20T13:23:56+00:00\",\"description\":\"IFAS 2022 \u00fcbertrifft Erwartungen: Mehr Besucher und Networking. N\u00e4chste Messe im Oktober 2024 in Z\u00fcrich.\",\"breadcrumb\":{\"@id\":\"https:\\\/\\\/www.organisator.ch\\\/operational-excellence\\\/2022-11-02\\\/ifas-2022-erfolgreiche-rueckkehr-der-gesundheits-fachmesse\\\/#breadcrumb\"},\"inLanguage\":\"en-US\",\"potentialAction\":[{\"@type\":\"ReadAction\",\"target\":[\"https:\\\/\\\/www.organisator.ch\\\/operational-excellence\\\/2022-11-02\\\/ifas-2022-erfolgreiche-rueckkehr-der-gesundheits-fachmesse\\\/\"]}]},{\"@type\":\"ImageObject\",\"inLanguage\":\"en-US\",\"@id\":\"https:\\\/\\\/www.organisator.ch\\\/operational-excellence\\\/2022-11-02\\\/ifas-2022-erfolgreiche-rueckkehr-der-gesundheits-fachmesse\\\/#primaryimage\",\"url\":\"https:\\\/\\\/www.m-q.ch\\\/wp-content\\\/uploads\\\/2022\\\/11\\\/IFAS-2022-Erfolgreiche-Rueckkehr-der-Gesundheits-Fachmesse_MQ.jpg\",\"contentUrl\":\"https:\\\/\\\/www.m-q.ch\\\/wp-content\\\/uploads\\\/2022\\\/11\\\/IFAS-2022-Erfolgreiche-Rueckkehr-der-Gesundheits-Fachmesse_MQ.jpg\"},{\"@type\":\"BreadcrumbList\",\"@id\":\"https:\\\/\\\/www.organisator.ch\\\/operational-excellence\\\/2022-11-02\\\/ifas-2022-erfolgreiche-rueckkehr-der-gesundheits-fachmesse\\\/#breadcrumb\",\"itemListElement\":[{\"@type\":\"ListItem\",\"position\":1,\"name\":\"Home\",\"item\":\"https:\\\/\\\/www.organisator.ch\\\/\"},{\"@type\":\"ListItem\",\"position\":2,\"name\":\"IFAS 2022: Erfolgreiche R\u00fcckkehr der Gesundheits-Fachmesse\"}]},{\"@type\":\"WebSite\",\"@id\":\"https:\\\/\\\/www.organisator.ch\\\/#website\",\"url\":\"https:\\\/\\\/www.organisator.ch\\\/\",\"name\":\"Organisator\",\"description\":\"Kompetent. Praxisnah. Der ORGANISATOR bereitet in 10 Ausgaben pro Jahr die wesentlichen Themen f\u00fcr F\u00fchrungskr\u00e4fte von KMU auf.\",\"publisher\":{\"@id\":\"https:\\\/\\\/www.organisator.ch\\\/#organization\"},\"potentialAction\":[{\"@type\":\"SearchAction\",\"target\":{\"@type\":\"EntryPoint\",\"urlTemplate\":\"https:\\\/\\\/www.organisator.ch\\\/?s={search_term_string}\"},\"query-input\":{\"@type\":\"PropertyValueSpecification\",\"valueRequired\":true,\"valueName\":\"search_term_string\"}}],\"inLanguage\":\"en-US\"},{\"@type\":\"Organization\",\"@id\":\"https:\\\/\\\/www.organisator.ch\\\/#organization\",\"name\":\"Organisator\",\"url\":\"https:\\\/\\\/www.organisator.ch\\\/\",\"logo\":{\"@type\":\"ImageObject\",\"inLanguage\":\"en-US\",\"@id\":\"https:\\\/\\\/www.organisator.ch\\\/#\\\/schema\\\/logo\\\/image\\\/\",\"url\":\"https:\\\/\\\/www.organisator.ch\\\/wp-content\\\/uploads\\\/2022\\\/01\\\/Logo_Organisator_Website.png\",\"contentUrl\":\"https:\\\/\\\/www.organisator.ch\\\/wp-content\\\/uploads\\\/2022\\\/01\\\/Logo_Organisator_Website.png\",\"width\":800,\"height\":77,\"caption\":\"Organisator\"},\"image\":{\"@id\":\"https:\\\/\\\/www.organisator.ch\\\/#\\\/schema\\\/logo\\\/image\\\/\"},\"sameAs\":[\"https:\\\/\\\/www.facebook.com\\\/OrganisatorFachmagazin\",\"https:\\\/\\\/www.linkedin.com\\\/showcase\\\/organisator-das-magazin-fr-kmu\",\"https:\\\/\\\/www.xing.com\\\/news\\\/pages\\\/organisator-ch-695\",\"https:\\\/\\\/www.youtube.com\\\/channel\\\/UCGP2Sq0iWaZwT3BdIAQFYpw\"]},{\"@type\":\"Person\",\"@id\":\"https:\\\/\\\/www.organisator.ch\\\/#\\\/schema\\\/person\\\/4e51799071cd2dd1232ac003643ef5f0\",\"name\":\"galledia\",\"image\":{\"@type\":\"ImageObject\",\"inLanguage\":\"en-US\",\"@id\":\"https:\\\/\\\/secure.gravatar.com\\\/avatar\\\/78a7f90c01fc2bfc875782a0d4922b37cde2cf184ce347b91316d23cd7f69a36?s=96&d=mm&r=g\",\"url\":\"https:\\\/\\\/secure.gravatar.com\\\/avatar\\\/78a7f90c01fc2bfc875782a0d4922b37cde2cf184ce347b91316d23cd7f69a36?s=96&d=mm&r=g\",\"contentUrl\":\"https:\\\/\\\/secure.gravatar.com\\\/avatar\\\/78a7f90c01fc2bfc875782a0d4922b37cde2cf184ce347b91316d23cd7f69a36?s=96&d=mm&r=g\",\"caption\":\"galledia\"},\"sameAs\":[\"https:\\\/\\\/x.com\\\/admin\"],\"url\":\"https:\\\/\\\/www.organisator.ch\\\/en\\\/author\\\/galledia\\\/\"}]}<\/script>\n<!-- \/ Yoast SEO plugin. -->","yoast_head_json":{"title":"IFAS 2022: Successful return of the health trade fair - organizer","description":"IFAS 2022 exceeds expectations: More visitors and networking. Next trade fair in Zurich in October 2024.","robots":{"index":"index","follow":"follow","max-snippet":"max-snippet:-1","max-image-preview":"max-image-preview:large","max-video-preview":"max-video-preview:-1"},"canonical":"https:\/\/www.organisator.ch\/en\/operational-excellence\/2022-11-02\/ifas-2022-erfolgreiche-rueckkehr-der-gesundheits-fachmesse\/","og_locale":"en_US","og_type":"article","og_title":"IFAS 2022: Erfolgreiche R\u00fcckkehr der Gesundheits-Fachmesse - Organisator","og_description":"IFAS 2022 \u00fcbertrifft Erwartungen: Mehr Besucher und Networking. N\u00e4chste Messe im Oktober 2024 in Z\u00fcrich.","og_url":"https:\/\/www.organisator.ch\/en\/operational-excellence\/2022-11-02\/ifas-2022-erfolgreiche-rueckkehr-der-gesundheits-fachmesse\/","og_site_name":"Organisator","article_publisher":"https:\/\/www.facebook.com\/OrganisatorFachmagazin","article_published_time":"2022-11-02T09:45:50+00:00","article_modified_time":"2024-11-20T13:23:56+00:00","author":"galledia","twitter_card":"summary_large_image","twitter_creator":"@admin","schema":{"@context":"https:\/\/schema.org","@graph":[{"@type":"Article","@id":"https:\/\/www.organisator.ch\/operational-excellence\/2022-11-02\/ifas-2022-erfolgreiche-rueckkehr-der-gesundheits-fachmesse\/#article","isPartOf":{"@id":"https:\/\/www.organisator.ch\/operational-excellence\/2022-11-02\/ifas-2022-erfolgreiche-rueckkehr-der-gesundheits-fachmesse\/"},"author":{"name":"galledia","@id":"https:\/\/www.organisator.ch\/#\/schema\/person\/4e51799071cd2dd1232ac003643ef5f0"},"headline":"IFAS 2022: Erfolgreiche R\u00fcckkehr der Gesundheits-Fachmesse","datePublished":"2022-11-02T09:45:50+00:00","dateModified":"2024-11-20T13:23:56+00:00","mainEntityOfPage":{"@id":"https:\/\/www.organisator.ch\/operational-excellence\/2022-11-02\/ifas-2022-erfolgreiche-rueckkehr-der-gesundheits-fachmesse\/"},"wordCount":432,"publisher":{"@id":"https:\/\/www.organisator.ch\/#organization"},"image":{"@id":"https:\/\/www.organisator.ch\/operational-excellence\/2022-11-02\/ifas-2022-erfolgreiche-rueckkehr-der-gesundheits-fachmesse\/#primaryimage"},"thumbnailUrl":"https:\/\/www.m-q.ch\/wp-content\/uploads\/2022\/11\/IFAS-2022-Erfolgreiche-Rueckkehr-der-Gesundheits-Fachmesse_MQ.jpg","articleSection":["OPERATIONAL EXCELLENCE"],"inLanguage":"en-US"},{"@type":"WebPage","@id":"https:\/\/www.organisator.ch\/operational-excellence\/2022-11-02\/ifas-2022-erfolgreiche-rueckkehr-der-gesundheits-fachmesse\/","url":"https:\/\/www.organisator.ch\/operational-excellence\/2022-11-02\/ifas-2022-erfolgreiche-rueckkehr-der-gesundheits-fachmesse\/","name":"IFAS 2022: Successful return of the health trade fair - organizer","isPartOf":{"@id":"https:\/\/www.organisator.ch\/#website"},"primaryImageOfPage":{"@id":"https:\/\/www.organisator.ch\/operational-excellence\/2022-11-02\/ifas-2022-erfolgreiche-rueckkehr-der-gesundheits-fachmesse\/#primaryimage"},"image":{"@id":"https:\/\/www.organisator.ch\/operational-excellence\/2022-11-02\/ifas-2022-erfolgreiche-rueckkehr-der-gesundheits-fachmesse\/#primaryimage"},"thumbnailUrl":"https:\/\/www.m-q.ch\/wp-content\/uploads\/2022\/11\/IFAS-2022-Erfolgreiche-Rueckkehr-der-Gesundheits-Fachmesse_MQ.jpg","datePublished":"2022-11-02T09:45:50+00:00","dateModified":"2024-11-20T13:23:56+00:00","description":"IFAS 2022 exceeds expectations: More visitors and networking. Next trade fair in Zurich in October 2024.","breadcrumb":{"@id":"https:\/\/www.organisator.ch\/operational-excellence\/2022-11-02\/ifas-2022-erfolgreiche-rueckkehr-der-gesundheits-fachmesse\/#breadcrumb"},"inLanguage":"en-US","potentialAction":[{"@type":"ReadAction","target":["https:\/\/www.organisator.ch\/operational-excellence\/2022-11-02\/ifas-2022-erfolgreiche-rueckkehr-der-gesundheits-fachmesse\/"]}]},{"@type":"ImageObject","inLanguage":"en-US","@id":"https:\/\/www.organisator.ch\/operational-excellence\/2022-11-02\/ifas-2022-erfolgreiche-rueckkehr-der-gesundheits-fachmesse\/#primaryimage","url":"https:\/\/www.m-q.ch\/wp-content\/uploads\/2022\/11\/IFAS-2022-Erfolgreiche-Rueckkehr-der-Gesundheits-Fachmesse_MQ.jpg","contentUrl":"https:\/\/www.m-q.ch\/wp-content\/uploads\/2022\/11\/IFAS-2022-Erfolgreiche-Rueckkehr-der-Gesundheits-Fachmesse_MQ.jpg"},{"@type":"BreadcrumbList","@id":"https:\/\/www.organisator.ch\/operational-excellence\/2022-11-02\/ifas-2022-erfolgreiche-rueckkehr-der-gesundheits-fachmesse\/#breadcrumb","itemListElement":[{"@type":"ListItem","position":1,"name":"Home","item":"https:\/\/www.organisator.ch\/"},{"@type":"ListItem","position":2,"name":"IFAS 2022: Erfolgreiche R\u00fcckkehr der Gesundheits-Fachmesse"}]},{"@type":"WebSite","@id":"https:\/\/www.organisator.ch\/#website","url":"https:\/\/www.organisator.ch\/","name":"Organizer","description":"Competent. Practical. In 10 issues per year, ORGANISATOR presents the essential topics for managers of SMEs.","publisher":{"@id":"https:\/\/www.organisator.ch\/#organization"},"potentialAction":[{"@type":"SearchAction","target":{"@type":"EntryPoint","urlTemplate":"https:\/\/www.organisator.ch\/?s={search_term_string}"},"query-input":{"@type":"PropertyValueSpecification","valueRequired":true,"valueName":"search_term_string"}}],"inLanguage":"en-US"},{"@type":"Organization","@id":"https:\/\/www.organisator.ch\/#organization","name":"Organizer","url":"https:\/\/www.organisator.ch\/","logo":{"@type":"ImageObject","inLanguage":"en-US","@id":"https:\/\/www.organisator.ch\/#\/schema\/logo\/image\/","url":"https:\/\/www.organisator.ch\/wp-content\/uploads\/2022\/01\/Logo_Organisator_Website.png","contentUrl":"https:\/\/www.organisator.ch\/wp-content\/uploads\/2022\/01\/Logo_Organisator_Website.png","width":800,"height":77,"caption":"Organisator"},"image":{"@id":"https:\/\/www.organisator.ch\/#\/schema\/logo\/image\/"},"sameAs":["https:\/\/www.facebook.com\/OrganisatorFachmagazin","https:\/\/www.linkedin.com\/showcase\/organisator-das-magazin-fr-kmu","https:\/\/www.xing.com\/news\/pages\/organisator-ch-695","https:\/\/www.youtube.com\/channel\/UCGP2Sq0iWaZwT3BdIAQFYpw"]},{"@type":"Person","@id":"https:\/\/www.organisator.ch\/#\/schema\/person\/4e51799071cd2dd1232ac003643ef5f0","name":"galledia","image":{"@type":"ImageObject","inLanguage":"en-US","@id":"https:\/\/secure.gravatar.com\/avatar\/78a7f90c01fc2bfc875782a0d4922b37cde2cf184ce347b91316d23cd7f69a36?s=96&d=mm&r=g","url":"https:\/\/secure.gravatar.com\/avatar\/78a7f90c01fc2bfc875782a0d4922b37cde2cf184ce347b91316d23cd7f69a36?s=96&d=mm&r=g","contentUrl":"https:\/\/secure.gravatar.com\/avatar\/78a7f90c01fc2bfc875782a0d4922b37cde2cf184ce347b91316d23cd7f69a36?s=96&d=mm&r=g","caption":"galledia"},"sameAs":["https:\/\/x.com\/admin"],"url":"https:\/\/www.organisator.ch\/en\/author\/galledia\/"}]}},"_links":{"self":[{"href":"https:\/\/www.organisator.ch\/en\/wp-json\/wp\/v2\/posts\/17676","targetHints":{"allow":["GET"]}}],"collection":[{"href":"https:\/\/www.organisator.ch\/en\/wp-json\/wp\/v2\/posts"}],"about":[{"href":"https:\/\/www.organisator.ch\/en\/wp-json\/wp\/v2\/types\/post"}],"author":[{"embeddable":true,"href":"https:\/\/www.organisator.ch\/en\/wp-json\/wp\/v2\/users\/8"}],"replies":[{"embeddable":true,"href":"https:\/\/www.organisator.ch\/en\/wp-json\/wp\/v2\/comments?post=17676"}],"version-history":[{"count":3,"href":"https:\/\/www.organisator.ch\/en\/wp-json\/wp\/v2\/posts\/17676\/revisions"}],"predecessor-version":[{"id":33674,"href":"https:\/\/www.organisator.ch\/en\/wp-json\/wp\/v2\/posts\/17676\/revisions\/33674"}],"wp:attachment":[{"href":"https:\/\/www.organisator.ch\/en\/wp-json\/wp\/v2\/media?parent=17676"}],"wp:term":[{"taxonomy":"category","embeddable":true,"href":"https:\/\/www.organisator.ch\/en\/wp-json\/wp\/v2\/categories?post=17676"},{"taxonomy":"post_tag","embeddable":true,"href":"https:\/\/www.organisator.ch\/en\/wp-json\/wp\/v2\/tags?post=17676"}],"curies":[{"name":"wp","href":"https:\/\/api.w.org\/{rel}","templated":true}]}}