{"id":17698,"date":"2022-11-03T09:55:49","date_gmt":"2022-11-03T08:55:49","guid":{"rendered":"https:\/\/www.m-q.ch\/?p=17128"},"modified":"2024-11-20T14:18:30","modified_gmt":"2024-11-20T13:18:30","slug":"it-sicherheit-personal-als-groesste-herausforderung","status":"publish","type":"post","link":"https:\/\/www.organisator.ch\/en\/operational-excellence\/2022-11-03\/it-sicherheit-personal-als-groesste-herausforderung\/","title":{"rendered":"IT security: personnel as the greatest challenge"},"content":{"rendered":"<figure id=\"attachment_17129\" class=\"wp-caption alignnone\" style=\"width: 680px\" aria-describedby=\"caption-attachment-17129\"><img class=\"alignnone wp-image-17129 size-full\" src=\"https:\/\/www.m-q.ch\/wp-content\/uploads\/2022\/11\/IT-Sicherheit-Personal-als-groesste-Herausforderung-1_MQ.png\" alt=\"Cybersecurity\" width=\"680\" height=\"387\" \/>\r\n<figcaption id=\"caption-attachment-17129\" class=\"wp-caption-text\">IT security solutions could slow down systems and processes - this prejudice remains constant in management floors. (Graphic: Sophos)<\/figcaption>\r\n<\/figure>\r\n<p>Cybersecurity in companies has become even more important in the recent past due to various factors. These include technological developments or the growing complexity of IT infrastructures. However, those factors characterized by agile and mobile working, home office availability, the professionalization of cybercrime and an intensified international threat situation are also having an increasing impact. The results of a recent management study by Sophos show that (as is currently the case with almost all professional fields and IT in particular) the specialist area of IT security is naturally also suffering from a severe shortage of skilled workers. But the corporate decision-makers surveyed in the DACH region also see challenges in other areas.<\/p>\r\n<h3><strong>The staff is where it gets stuck the most<\/strong><\/h3>\r\n<p>Asked what challenges they see in ensuring cybersecurity in their company, the management levels surveyed in all three countries cited the availability of personnel most frequently. In Austrian companies, the difficulty of finding qualified personnel was cited most often, with a frequency of 69.8 percent; in Germany, the figure was 62.7 percent, and in Switzerland, the figure was lowest at 58.8 percent.<\/p>\r\n<p>Around one-third of all companies seek additional external consulting services to professionalize their cybersecurity in the form of, for example. <a href=\"https:\/\/www.sophos.com\/de-de\/products\/managed-detection-and-response\">MDR Services<\/a> in addition. In Austria, in particular, there also seem to be challenges here. While only 11.8 percent of Swiss and 13.9 percent of German company managements state that they see difficulties in the availability of external consulting services, in Austria this is the case for as many as one third (30.2 percent) of respondents.<\/p>\r\n<h3><strong>Bosses fear IT security impeding workflows<\/strong><\/h3>\r\n<p>IT security solutions could slow down systems and workflows - this prejudice is constant in management floors. 45.1 percent of Swiss respondents and 40.3 percent of German respondents said that, in their view, disrupting workflows is one of the challenges in ensuring and implementing cybersecurity. In Austria, only 28.3 percent named this.<\/p>\r\n<p>Two aspects of the modern working world are also seen by bosses as challenges for the implementation of IT security. In Austria, 45.3 percent of respondents expect difficulties in coordinating this task with the modalities of home office solutions when it comes to ensuring cybersecurity. In Germany, 39.8 percent cast a critical eye on this, while in Switzerland it is 35.5 percent of respondents.<\/p>\r\n<p>Agile methods have become an indispensable part of modern working life. Are the available security solutions flexible enough to keep pace with agile business? As many as 42.8 percent of the German respondents, 41.5 percent of the Austrian respondents and 39.2 of the Swiss respondents expressed doubts here.<\/p>\r\n<h3><strong>Often still old prejudices against IT security<\/strong><\/h3>\r\n<p>\"The figures regarding workflows and flexibility for agile workflows make it clear that an outdated and traditional image of IT security based on rigid structures often still prevails in executive floors,\" said Michael Veit, cybersecurity expert at Sophos. \"Modern cybersecurity solutions, however, offer exactly the opposite and are characterized by their modular and flexible handling, both in architecture and in everyday use. Technologies such as Zero Trust, Managed Security Services or even adaptive cybersecurity ecosystems enable flexible working today, where the user is not even aware of the IT security processes in the background.\"<\/p>\r\n<h3><strong>Investments at constant level - exact data not known, Switzerland ahead here<\/strong><\/h3>\r\n<p>Asked whether investment has changed over the past two years, a majority of respondents in Germany (57.2 percent) and Austria (52.8 percent) and 45.1 percent in Switzerland said investment had remained at an unchanged high level. At 47.1 percent, and thus the highest percentage, Swiss company managements stated that they had increased investments in the last 24 months. In Germany (34.8 percent) and Austria (32.1), a good third invested more in IT security. 13.2 percent in Austria, 7.8 percent in Switzerland and 7.5 percent of the managers surveyed in Germany were unable to provide any information on this.<\/p>\r\n<figure id=\"attachment_17130\" class=\"wp-caption alignnone\" style=\"width: 680px\" aria-describedby=\"caption-attachment-17130\"><img class=\"size-full wp-image-17130\" src=\"https:\/\/www.m-q.ch\/wp-content\/uploads\/2022\/11\/IT-Sicherheit-Personal-als-groesste-Herausforderung-2_MQ.png\" alt=\"\" width=\"680\" height=\"387\" \/>\r\n<figcaption id=\"caption-attachment-17130\" class=\"wp-caption-text\">This is how much is spent on IT security in the DACH countries. (Graphic: Sophos)<\/figcaption>\r\n<\/figure>\r\n<p>It was rather difficult for the management levels to quantify the exact share of spending on IT security, certainly not least because of the complexity within all cost factors for IT. This is particularly true in Switzerland. Here, almost half (49 percent) of respondents said it was impossible to quantify. 36.3 percent of respondents from German companies were unable to name the share of IT security in IT expenditure, while in Austria this figure was 30.2 percent.<\/p>\r\n<p>Otherwise, investment in cybersecurity in DACH is distributed as follows: In Germany, 20.9 percent of companies spend 5 to 9 percent on IT security, while 14.4 percent invest 10 to 19 percent. In Austria, 28.3 percent still spend 10 to 19 percent on IT security, and for 13.2 percent of the companies surveyed, the figure is as high as 20 to 29 percent. The picture in Switzerland is as follows: Here, 19.6 percent of companies spend 5 to 9 percent on cybersecurity and 13.7 percent even invest 20 to 29 percent of their budget in this important area.<\/p>\r\n<p><em>Source: <a href=\"https:\/\/www.sophos.com\/de-de\">Sophos<\/a><\/em><\/p>\n<p class=\"syndicated-attribution\">This article originally appeared on m-q.ch - <a href=\"https:\/\/www.m-q.ch\/de\/it-sicherheit-personal-als-groesste-herausforderung\/\" target=\"_blank\">https:\/\/www.m-q.ch\/de\/it-sicherheit-personal-als-groesste-herausforderung\/<\/a><\/p>","protected":false},"excerpt":{"rendered":"<p>Die Cybersicherheit in Unternehmen hat durch unterschiedliche Faktoren in der j\u00fcngeren Vergangenheit noch einmal an Bedeutung gewonnen. Hierzu z\u00e4hlen technologische Entwicklungen oder die wachsende Komplexit\u00e4t von IT-Infrastrukturen. Aber auch jene Faktoren, die durch agiles und mobiles Arbeiten, Homeoffice-Verf\u00fcgbarkeiten, die Professionalisierung der Cyberkriminalit\u00e4t sowie eine versch\u00e4rfte internationale Bedrohungslage gepr\u00e4gt sind, nehmen vermehrt Einfluss. Die Ergebnisse einer [\u2026]<\/p>\n","protected":false},"author":8,"featured_media":0,"comment_status":"closed","ping_status":"closed","sticky":false,"template":"","format":"standard","meta":{"_acf_changed":false,"_yoast_wpseo_focuskw":"Cybersicherheit","_yoast_wpseo_metadesc":"Cybersicherheit DACH: Fachkr\u00e4ftemangel und Vorurteile. Studie zeigt Herausforderungen und Investitionen der Unternehmensf\u00fchrungen.","articlekey":"","footnotes":""},"categories":[582],"tags":[],"class_list":["post-17698","post","type-post","status-publish","format-standard","hentry","category-operational-excellence"],"acf":[],"yoast_head":"<!-- This site is optimized with the Yoast SEO plugin v27.5 - https:\/\/yoast.com\/product\/yoast-seo-wordpress\/ -->\n<title>IT-Sicherheit: Personal als gr\u00f6sste Herausforderung - Organisator<\/title>\n<meta name=\"description\" content=\"Cybersicherheit DACH: Fachkr\u00e4ftemangel und Vorurteile. Studie zeigt Herausforderungen und Investitionen der Unternehmensf\u00fchrungen.\" \/>\n<meta name=\"robots\" content=\"index, follow, max-snippet:-1, max-image-preview:large, max-video-preview:-1\" \/>\n<link rel=\"canonical\" href=\"https:\/\/www.organisator.ch\/en\/operational-excellence\/2022-11-03\/it-sicherheit-personal-als-groesste-herausforderung\/\" \/>\n<meta property=\"og:locale\" content=\"en_US\" \/>\n<meta property=\"og:type\" content=\"article\" \/>\n<meta property=\"og:title\" content=\"IT-Sicherheit: Personal als gr\u00f6sste Herausforderung - Organisator\" \/>\n<meta property=\"og:description\" content=\"Cybersicherheit DACH: Fachkr\u00e4ftemangel und Vorurteile. Studie zeigt Herausforderungen und Investitionen der Unternehmensf\u00fchrungen.\" \/>\n<meta property=\"og:url\" content=\"https:\/\/www.organisator.ch\/en\/operational-excellence\/2022-11-03\/it-sicherheit-personal-als-groesste-herausforderung\/\" \/>\n<meta property=\"og:site_name\" content=\"Organisator\" \/>\n<meta property=\"article:publisher\" content=\"https:\/\/www.facebook.com\/OrganisatorFachmagazin\" \/>\n<meta property=\"article:published_time\" content=\"2022-11-03T08:55:49+00:00\" \/>\n<meta property=\"article:modified_time\" content=\"2024-11-20T13:18:30+00:00\" \/>\n<meta name=\"author\" content=\"galledia\" \/>\n<meta name=\"twitter:card\" content=\"summary_large_image\" \/>\n<meta name=\"twitter:creator\" content=\"@admin\" \/>\n<script type=\"application\/ld+json\" class=\"yoast-schema-graph\">{\"@context\":\"https:\\\/\\\/schema.org\",\"@graph\":[{\"@type\":\"Article\",\"@id\":\"https:\\\/\\\/www.organisator.ch\\\/operational-excellence\\\/2022-11-03\\\/it-sicherheit-personal-als-groesste-herausforderung\\\/#article\",\"isPartOf\":{\"@id\":\"https:\\\/\\\/www.organisator.ch\\\/operational-excellence\\\/2022-11-03\\\/it-sicherheit-personal-als-groesste-herausforderung\\\/\"},\"author\":{\"name\":\"galledia\",\"@id\":\"https:\\\/\\\/www.organisator.ch\\\/#\\\/schema\\\/person\\\/4e51799071cd2dd1232ac003643ef5f0\"},\"headline\":\"IT-Sicherheit: Personal als gr\u00f6sste Herausforderung\",\"datePublished\":\"2022-11-03T08:55:49+00:00\",\"dateModified\":\"2024-11-20T13:18:30+00:00\",\"mainEntityOfPage\":{\"@id\":\"https:\\\/\\\/www.organisator.ch\\\/operational-excellence\\\/2022-11-03\\\/it-sicherheit-personal-als-groesste-herausforderung\\\/\"},\"wordCount\":830,\"publisher\":{\"@id\":\"https:\\\/\\\/www.organisator.ch\\\/#organization\"},\"image\":{\"@id\":\"https:\\\/\\\/www.organisator.ch\\\/operational-excellence\\\/2022-11-03\\\/it-sicherheit-personal-als-groesste-herausforderung\\\/#primaryimage\"},\"thumbnailUrl\":\"https:\\\/\\\/www.m-q.ch\\\/wp-content\\\/uploads\\\/2022\\\/11\\\/IT-Sicherheit-Personal-als-groesste-Herausforderung-1_MQ.png\",\"articleSection\":[\"OPERATIONAL EXCELLENCE\"],\"inLanguage\":\"en-US\"},{\"@type\":\"WebPage\",\"@id\":\"https:\\\/\\\/www.organisator.ch\\\/operational-excellence\\\/2022-11-03\\\/it-sicherheit-personal-als-groesste-herausforderung\\\/\",\"url\":\"https:\\\/\\\/www.organisator.ch\\\/operational-excellence\\\/2022-11-03\\\/it-sicherheit-personal-als-groesste-herausforderung\\\/\",\"name\":\"IT-Sicherheit: Personal als gr\u00f6sste Herausforderung - Organisator\",\"isPartOf\":{\"@id\":\"https:\\\/\\\/www.organisator.ch\\\/#website\"},\"primaryImageOfPage\":{\"@id\":\"https:\\\/\\\/www.organisator.ch\\\/operational-excellence\\\/2022-11-03\\\/it-sicherheit-personal-als-groesste-herausforderung\\\/#primaryimage\"},\"image\":{\"@id\":\"https:\\\/\\\/www.organisator.ch\\\/operational-excellence\\\/2022-11-03\\\/it-sicherheit-personal-als-groesste-herausforderung\\\/#primaryimage\"},\"thumbnailUrl\":\"https:\\\/\\\/www.m-q.ch\\\/wp-content\\\/uploads\\\/2022\\\/11\\\/IT-Sicherheit-Personal-als-groesste-Herausforderung-1_MQ.png\",\"datePublished\":\"2022-11-03T08:55:49+00:00\",\"dateModified\":\"2024-11-20T13:18:30+00:00\",\"description\":\"Cybersicherheit DACH: Fachkr\u00e4ftemangel und Vorurteile. Studie zeigt Herausforderungen und Investitionen der Unternehmensf\u00fchrungen.\",\"breadcrumb\":{\"@id\":\"https:\\\/\\\/www.organisator.ch\\\/operational-excellence\\\/2022-11-03\\\/it-sicherheit-personal-als-groesste-herausforderung\\\/#breadcrumb\"},\"inLanguage\":\"en-US\",\"potentialAction\":[{\"@type\":\"ReadAction\",\"target\":[\"https:\\\/\\\/www.organisator.ch\\\/operational-excellence\\\/2022-11-03\\\/it-sicherheit-personal-als-groesste-herausforderung\\\/\"]}]},{\"@type\":\"ImageObject\",\"inLanguage\":\"en-US\",\"@id\":\"https:\\\/\\\/www.organisator.ch\\\/operational-excellence\\\/2022-11-03\\\/it-sicherheit-personal-als-groesste-herausforderung\\\/#primaryimage\",\"url\":\"https:\\\/\\\/www.m-q.ch\\\/wp-content\\\/uploads\\\/2022\\\/11\\\/IT-Sicherheit-Personal-als-groesste-Herausforderung-1_MQ.png\",\"contentUrl\":\"https:\\\/\\\/www.m-q.ch\\\/wp-content\\\/uploads\\\/2022\\\/11\\\/IT-Sicherheit-Personal-als-groesste-Herausforderung-1_MQ.png\"},{\"@type\":\"BreadcrumbList\",\"@id\":\"https:\\\/\\\/www.organisator.ch\\\/operational-excellence\\\/2022-11-03\\\/it-sicherheit-personal-als-groesste-herausforderung\\\/#breadcrumb\",\"itemListElement\":[{\"@type\":\"ListItem\",\"position\":1,\"name\":\"Home\",\"item\":\"https:\\\/\\\/www.organisator.ch\\\/\"},{\"@type\":\"ListItem\",\"position\":2,\"name\":\"IT-Sicherheit: Personal als gr\u00f6sste Herausforderung\"}]},{\"@type\":\"WebSite\",\"@id\":\"https:\\\/\\\/www.organisator.ch\\\/#website\",\"url\":\"https:\\\/\\\/www.organisator.ch\\\/\",\"name\":\"Organisator\",\"description\":\"Kompetent. Praxisnah. Der ORGANISATOR bereitet in 10 Ausgaben pro Jahr die wesentlichen Themen f\u00fcr F\u00fchrungskr\u00e4fte von KMU auf.\",\"publisher\":{\"@id\":\"https:\\\/\\\/www.organisator.ch\\\/#organization\"},\"potentialAction\":[{\"@type\":\"SearchAction\",\"target\":{\"@type\":\"EntryPoint\",\"urlTemplate\":\"https:\\\/\\\/www.organisator.ch\\\/?s={search_term_string}\"},\"query-input\":{\"@type\":\"PropertyValueSpecification\",\"valueRequired\":true,\"valueName\":\"search_term_string\"}}],\"inLanguage\":\"en-US\"},{\"@type\":\"Organization\",\"@id\":\"https:\\\/\\\/www.organisator.ch\\\/#organization\",\"name\":\"Organisator\",\"url\":\"https:\\\/\\\/www.organisator.ch\\\/\",\"logo\":{\"@type\":\"ImageObject\",\"inLanguage\":\"en-US\",\"@id\":\"https:\\\/\\\/www.organisator.ch\\\/#\\\/schema\\\/logo\\\/image\\\/\",\"url\":\"https:\\\/\\\/www.organisator.ch\\\/wp-content\\\/uploads\\\/2022\\\/01\\\/Logo_Organisator_Website.png\",\"contentUrl\":\"https:\\\/\\\/www.organisator.ch\\\/wp-content\\\/uploads\\\/2022\\\/01\\\/Logo_Organisator_Website.png\",\"width\":800,\"height\":77,\"caption\":\"Organisator\"},\"image\":{\"@id\":\"https:\\\/\\\/www.organisator.ch\\\/#\\\/schema\\\/logo\\\/image\\\/\"},\"sameAs\":[\"https:\\\/\\\/www.facebook.com\\\/OrganisatorFachmagazin\",\"https:\\\/\\\/www.linkedin.com\\\/showcase\\\/organisator-das-magazin-fr-kmu\",\"https:\\\/\\\/www.xing.com\\\/news\\\/pages\\\/organisator-ch-695\",\"https:\\\/\\\/www.youtube.com\\\/channel\\\/UCGP2Sq0iWaZwT3BdIAQFYpw\"]},{\"@type\":\"Person\",\"@id\":\"https:\\\/\\\/www.organisator.ch\\\/#\\\/schema\\\/person\\\/4e51799071cd2dd1232ac003643ef5f0\",\"name\":\"galledia\",\"image\":{\"@type\":\"ImageObject\",\"inLanguage\":\"en-US\",\"@id\":\"https:\\\/\\\/secure.gravatar.com\\\/avatar\\\/78a7f90c01fc2bfc875782a0d4922b37cde2cf184ce347b91316d23cd7f69a36?s=96&d=mm&r=g\",\"url\":\"https:\\\/\\\/secure.gravatar.com\\\/avatar\\\/78a7f90c01fc2bfc875782a0d4922b37cde2cf184ce347b91316d23cd7f69a36?s=96&d=mm&r=g\",\"contentUrl\":\"https:\\\/\\\/secure.gravatar.com\\\/avatar\\\/78a7f90c01fc2bfc875782a0d4922b37cde2cf184ce347b91316d23cd7f69a36?s=96&d=mm&r=g\",\"caption\":\"galledia\"},\"sameAs\":[\"https:\\\/\\\/x.com\\\/admin\"],\"url\":\"https:\\\/\\\/www.organisator.ch\\\/en\\\/author\\\/galledia\\\/\"}]}<\/script>\n<!-- \/ Yoast SEO plugin. -->","yoast_head_json":{"title":"IT security: Personnel as the greatest challenge - Organizer","description":"Cybersecurity DACH: skills shortage and prejudices. Study shows challenges and investments by company management.","robots":{"index":"index","follow":"follow","max-snippet":"max-snippet:-1","max-image-preview":"max-image-preview:large","max-video-preview":"max-video-preview:-1"},"canonical":"https:\/\/www.organisator.ch\/en\/operational-excellence\/2022-11-03\/it-sicherheit-personal-als-groesste-herausforderung\/","og_locale":"en_US","og_type":"article","og_title":"IT-Sicherheit: Personal als gr\u00f6sste Herausforderung - Organisator","og_description":"Cybersicherheit DACH: Fachkr\u00e4ftemangel und Vorurteile. Studie zeigt Herausforderungen und Investitionen der Unternehmensf\u00fchrungen.","og_url":"https:\/\/www.organisator.ch\/en\/operational-excellence\/2022-11-03\/it-sicherheit-personal-als-groesste-herausforderung\/","og_site_name":"Organisator","article_publisher":"https:\/\/www.facebook.com\/OrganisatorFachmagazin","article_published_time":"2022-11-03T08:55:49+00:00","article_modified_time":"2024-11-20T13:18:30+00:00","author":"galledia","twitter_card":"summary_large_image","twitter_creator":"@admin","schema":{"@context":"https:\/\/schema.org","@graph":[{"@type":"Article","@id":"https:\/\/www.organisator.ch\/operational-excellence\/2022-11-03\/it-sicherheit-personal-als-groesste-herausforderung\/#article","isPartOf":{"@id":"https:\/\/www.organisator.ch\/operational-excellence\/2022-11-03\/it-sicherheit-personal-als-groesste-herausforderung\/"},"author":{"name":"galledia","@id":"https:\/\/www.organisator.ch\/#\/schema\/person\/4e51799071cd2dd1232ac003643ef5f0"},"headline":"IT-Sicherheit: Personal als gr\u00f6sste Herausforderung","datePublished":"2022-11-03T08:55:49+00:00","dateModified":"2024-11-20T13:18:30+00:00","mainEntityOfPage":{"@id":"https:\/\/www.organisator.ch\/operational-excellence\/2022-11-03\/it-sicherheit-personal-als-groesste-herausforderung\/"},"wordCount":830,"publisher":{"@id":"https:\/\/www.organisator.ch\/#organization"},"image":{"@id":"https:\/\/www.organisator.ch\/operational-excellence\/2022-11-03\/it-sicherheit-personal-als-groesste-herausforderung\/#primaryimage"},"thumbnailUrl":"https:\/\/www.m-q.ch\/wp-content\/uploads\/2022\/11\/IT-Sicherheit-Personal-als-groesste-Herausforderung-1_MQ.png","articleSection":["OPERATIONAL EXCELLENCE"],"inLanguage":"en-US"},{"@type":"WebPage","@id":"https:\/\/www.organisator.ch\/operational-excellence\/2022-11-03\/it-sicherheit-personal-als-groesste-herausforderung\/","url":"https:\/\/www.organisator.ch\/operational-excellence\/2022-11-03\/it-sicherheit-personal-als-groesste-herausforderung\/","name":"IT security: Personnel as the greatest challenge - Organizer","isPartOf":{"@id":"https:\/\/www.organisator.ch\/#website"},"primaryImageOfPage":{"@id":"https:\/\/www.organisator.ch\/operational-excellence\/2022-11-03\/it-sicherheit-personal-als-groesste-herausforderung\/#primaryimage"},"image":{"@id":"https:\/\/www.organisator.ch\/operational-excellence\/2022-11-03\/it-sicherheit-personal-als-groesste-herausforderung\/#primaryimage"},"thumbnailUrl":"https:\/\/www.m-q.ch\/wp-content\/uploads\/2022\/11\/IT-Sicherheit-Personal-als-groesste-Herausforderung-1_MQ.png","datePublished":"2022-11-03T08:55:49+00:00","dateModified":"2024-11-20T13:18:30+00:00","description":"Cybersecurity DACH: skills shortage and prejudices. Study shows challenges and investments by company management.","breadcrumb":{"@id":"https:\/\/www.organisator.ch\/operational-excellence\/2022-11-03\/it-sicherheit-personal-als-groesste-herausforderung\/#breadcrumb"},"inLanguage":"en-US","potentialAction":[{"@type":"ReadAction","target":["https:\/\/www.organisator.ch\/operational-excellence\/2022-11-03\/it-sicherheit-personal-als-groesste-herausforderung\/"]}]},{"@type":"ImageObject","inLanguage":"en-US","@id":"https:\/\/www.organisator.ch\/operational-excellence\/2022-11-03\/it-sicherheit-personal-als-groesste-herausforderung\/#primaryimage","url":"https:\/\/www.m-q.ch\/wp-content\/uploads\/2022\/11\/IT-Sicherheit-Personal-als-groesste-Herausforderung-1_MQ.png","contentUrl":"https:\/\/www.m-q.ch\/wp-content\/uploads\/2022\/11\/IT-Sicherheit-Personal-als-groesste-Herausforderung-1_MQ.png"},{"@type":"BreadcrumbList","@id":"https:\/\/www.organisator.ch\/operational-excellence\/2022-11-03\/it-sicherheit-personal-als-groesste-herausforderung\/#breadcrumb","itemListElement":[{"@type":"ListItem","position":1,"name":"Home","item":"https:\/\/www.organisator.ch\/"},{"@type":"ListItem","position":2,"name":"IT-Sicherheit: Personal als gr\u00f6sste Herausforderung"}]},{"@type":"WebSite","@id":"https:\/\/www.organisator.ch\/#website","url":"https:\/\/www.organisator.ch\/","name":"Organizer","description":"Competent. Practical. In 10 issues per year, ORGANISATOR presents the essential topics for managers of SMEs.","publisher":{"@id":"https:\/\/www.organisator.ch\/#organization"},"potentialAction":[{"@type":"SearchAction","target":{"@type":"EntryPoint","urlTemplate":"https:\/\/www.organisator.ch\/?s={search_term_string}"},"query-input":{"@type":"PropertyValueSpecification","valueRequired":true,"valueName":"search_term_string"}}],"inLanguage":"en-US"},{"@type":"Organization","@id":"https:\/\/www.organisator.ch\/#organization","name":"Organizer","url":"https:\/\/www.organisator.ch\/","logo":{"@type":"ImageObject","inLanguage":"en-US","@id":"https:\/\/www.organisator.ch\/#\/schema\/logo\/image\/","url":"https:\/\/www.organisator.ch\/wp-content\/uploads\/2022\/01\/Logo_Organisator_Website.png","contentUrl":"https:\/\/www.organisator.ch\/wp-content\/uploads\/2022\/01\/Logo_Organisator_Website.png","width":800,"height":77,"caption":"Organisator"},"image":{"@id":"https:\/\/www.organisator.ch\/#\/schema\/logo\/image\/"},"sameAs":["https:\/\/www.facebook.com\/OrganisatorFachmagazin","https:\/\/www.linkedin.com\/showcase\/organisator-das-magazin-fr-kmu","https:\/\/www.xing.com\/news\/pages\/organisator-ch-695","https:\/\/www.youtube.com\/channel\/UCGP2Sq0iWaZwT3BdIAQFYpw"]},{"@type":"Person","@id":"https:\/\/www.organisator.ch\/#\/schema\/person\/4e51799071cd2dd1232ac003643ef5f0","name":"galledia","image":{"@type":"ImageObject","inLanguage":"en-US","@id":"https:\/\/secure.gravatar.com\/avatar\/78a7f90c01fc2bfc875782a0d4922b37cde2cf184ce347b91316d23cd7f69a36?s=96&d=mm&r=g","url":"https:\/\/secure.gravatar.com\/avatar\/78a7f90c01fc2bfc875782a0d4922b37cde2cf184ce347b91316d23cd7f69a36?s=96&d=mm&r=g","contentUrl":"https:\/\/secure.gravatar.com\/avatar\/78a7f90c01fc2bfc875782a0d4922b37cde2cf184ce347b91316d23cd7f69a36?s=96&d=mm&r=g","caption":"galledia"},"sameAs":["https:\/\/x.com\/admin"],"url":"https:\/\/www.organisator.ch\/en\/author\/galledia\/"}]}},"_links":{"self":[{"href":"https:\/\/www.organisator.ch\/en\/wp-json\/wp\/v2\/posts\/17698","targetHints":{"allow":["GET"]}}],"collection":[{"href":"https:\/\/www.organisator.ch\/en\/wp-json\/wp\/v2\/posts"}],"about":[{"href":"https:\/\/www.organisator.ch\/en\/wp-json\/wp\/v2\/types\/post"}],"author":[{"embeddable":true,"href":"https:\/\/www.organisator.ch\/en\/wp-json\/wp\/v2\/users\/8"}],"replies":[{"embeddable":true,"href":"https:\/\/www.organisator.ch\/en\/wp-json\/wp\/v2\/comments?post=17698"}],"version-history":[{"count":3,"href":"https:\/\/www.organisator.ch\/en\/wp-json\/wp\/v2\/posts\/17698\/revisions"}],"predecessor-version":[{"id":33671,"href":"https:\/\/www.organisator.ch\/en\/wp-json\/wp\/v2\/posts\/17698\/revisions\/33671"}],"wp:attachment":[{"href":"https:\/\/www.organisator.ch\/en\/wp-json\/wp\/v2\/media?parent=17698"}],"wp:term":[{"taxonomy":"category","embeddable":true,"href":"https:\/\/www.organisator.ch\/en\/wp-json\/wp\/v2\/categories?post=17698"},{"taxonomy":"post_tag","embeddable":true,"href":"https:\/\/www.organisator.ch\/en\/wp-json\/wp\/v2\/tags?post=17698"}],"curies":[{"name":"wp","href":"https:\/\/api.w.org\/{rel}","templated":true}]}}