{"id":17710,"date":"2022-11-04T07:42:31","date_gmt":"2022-11-04T06:42:31","guid":{"rendered":"https:\/\/www.organisator.ch\/?p=17710"},"modified":"2022-11-04T07:42:31","modified_gmt":"2022-11-04T06:42:31","slug":"thurgauer-rezepturen-gegen-krisen","status":"publish","type":"post","link":"https:\/\/www.organisator.ch\/en\/management\/2022-11-04\/thurgauer-rezepturen-gegen-krisen\/","title":{"rendered":"Thurgau recipes against crises"},"content":{"rendered":"<figure id=\"attachment_17711\" aria-describedby=\"caption-attachment-17711\" style=\"width: 680px\" class=\"wp-caption alignnone\"><img loading=\"lazy\" decoding=\"async\" class=\"size-full wp-image-17711\" src=\"https:\/\/www.organisator.ch\/wp-content\/uploads\/2022\/11\/Thurgauer-Rezepturen-gegen-Krisen_Organisator.jpg\" alt=\"\" width=\"680\" height=\"453\" srcset=\"https:\/\/www.organisator.ch\/wp-content\/uploads\/2022\/11\/Thurgauer-Rezepturen-gegen-Krisen_Organisator.jpg 680w, https:\/\/www.organisator.ch\/wp-content\/uploads\/2022\/11\/Thurgauer-Rezepturen-gegen-Krisen_Organisator-18x12.jpg 18w, https:\/\/www.organisator.ch\/wp-content\/uploads\/2022\/11\/Thurgauer-Rezepturen-gegen-Krisen_Organisator-263x175.jpg 263w, https:\/\/www.organisator.ch\/wp-content\/uploads\/2022\/11\/Thurgauer-Rezepturen-gegen-Krisen_Organisator-525x350.jpg 525w, https:\/\/www.organisator.ch\/wp-content\/uploads\/2022\/11\/Thurgauer-Rezepturen-gegen-Krisen_Organisator-300x200.jpg 300w\" sizes=\"auto, (max-width: 680px) 100vw, 680px\" \/><figcaption id=\"caption-attachment-17711\" class=\"wp-caption-text\">Hans-Werner Sinn at the Thurgau Economic Forum. (Image: zVg)<\/figcaption><\/figure>\n<p>From the region to the global economy, from SMEs to major international banks: The speakers at the 26th Thurgau Economic Forum (WFT) covered the entire spectrum of economic activity in today's world. According to the German economist and former director of the Munich-based ifo Institute, Hans-Werner Sinn, the situation with varying degrees of inflation in Switzerland and other countries coupled with stagnation has one cause: \"black swans\". This is what he calls extreme events that no one expects.<\/p>\n<h3><strong>Switzerland \"comparatively splendid<\/strong><\/h3>\n<p>Sinn spoke of a \"completely extraordinary situation\" in which the national economies find themselves today. It was caused by persistent supply bottlenecks caused by the Corona crisis, energy shortages and \"government debt orgies. The Swiss economy is holding up \"comparatively well,\" for example in comparison with Germany. In conversation with moderator Mona Vetsch, Hans-Werner Sinn showed quiet optimism: \"You need a crisis to act.\"<\/p>\n<p>Former banker Oswald Gr\u00fcbel, who headed both Credit Suisse and UBS, came to speak in particular about Credit Suisse, which has been rocked by crises. Switzerland needs two big banks to provide sufficient liquidity to the Swiss economy, he said. Gr\u00fcbel is cautiously positive about the future of Credit Suisse and advised, for once, to buy a CS share (which is cheaper at today's prices) instead of a bratwurst.<\/p>\n<h3><strong>Remedy for the hair crisis<\/strong><\/h3>\n<p>As a representative of a Thurgau SME, Sandra Banholzer, CEO of Kreuzlinger Rausch AG, explained how her company remains innovative even in times of crisis: with a lively corporate culture, agility, good communication and cheeky marketing. As an example of an upcoming innovation, she announced a new formula against hair crises, soaked in sparkling Thurgau apple extract.<\/p>\n<p>HSG Honorary Professor Monika B\u00fctler focused on the framework conditions that enable an SME to remain resilient and operate successfully even in times of crisis. Thanks to relatively good cooperation and division of tasks between the state and the private sector, she said, Switzerland managed to come through the crisis comparatively well in Corona times. \"If Switzerland continues to manage,\" B\u00fctler said, \"to shape institutions in such a way that everyone retains their resilience and access to resources, we will make the transition to the new world.\"<\/p>\n<h3><strong>Thurgauer of the year<\/strong><\/h3>\n<p>For the first time, the Economic Forum included a discussion with the newly crowned Thurgauer of the Year - in cooperation with the Thurgauer Zeitung. This time, the satirist Thomas G\u00f6tz, who holds up a mirror to the people of Thurgau year after year under the title \"Erg\u00f6tzliches\", was awarded. Thomas G\u00f6tz taught the WFT participants: \"Thurgau is the canton of short distances - but sometimes also of long lines.\"<\/p>\n<p>Also for the first time, the Thurgauer Kantonalbank was the main sponsor of the WFT. In his welcoming address, its CEO Thomas Koller, referring to Winston Churchill, named four elements for finding one's way out of crises: Knowledge, confidence, action and - enjoyment. With 330 participants, the Thurgau Economic Forum was sold out.  The 27th Thurgau Economic Forum will take place on November 16, 2023.<\/p>\n<p><em>More information: <a href=\"https:\/\/www.wft.ch\/\">Economic Forum Thurgau<\/a><\/em><\/p>","protected":false},"excerpt":{"rendered":"<p>Von der Region zur Weltwirtschaft, vom KMU zur internationalen Grossbank: Die Referentinnen und Referenten am 26. Thurgauer Wirtschaftsforum (WFT) deckten die gesamte Bandbreite des Wirtschaftens in heutiger Zeit ab. Die Situation mit unterschiedlich hoher Inflation in der Schweiz und weiteren L\u00e4ndern bei gleichzeitiger Stagnation hat gem\u00e4ss dem deutschen Volkswirtschafter und ehemaligen Direktor des M\u00fcnchner ifo-Instituts, [&hellip;]<\/p>\n","protected":false},"author":4,"featured_media":17711,"comment_status":"closed","ping_status":"closed","sticky":false,"template":"","format":"standard","meta":{"_acf_changed":false,"_yoast_wpseo_focuskw":"Thurgauer","_yoast_wpseo_metadesc":"Das Thurgauer Wirtschaftsforum vom 3. November 2022 hat sich mit der Finanzwelt und Wirtschaft im Kontext der aktuellen Krisen befasst.","articlekey":"","footnotes":""},"categories":[28],"tags":[193,335,531],"class_list":["post-17710","post","type-post","status-publish","format-standard","has-post-thumbnail","hentry","category-management","tag-fachkongressfachmesse","tag-management-und-unternehmensfuehrung","tag-wirtschaftspolitik"],"acf":[],"yoast_head":"<!-- This site is optimized with the Yoast SEO plugin v27.5 - https:\/\/yoast.com\/product\/yoast-seo-wordpress\/ -->\n<title>Thurgauer Rezepturen gegen Krisen - Organisator<\/title>\n<meta name=\"description\" content=\"Das Thurgauer Wirtschaftsforum vom 3. November 2022 hat sich mit der Finanzwelt und Wirtschaft im Kontext der aktuellen Krisen befasst.\" \/>\n<meta name=\"robots\" content=\"index, follow, max-snippet:-1, max-image-preview:large, max-video-preview:-1\" \/>\n<link rel=\"canonical\" href=\"https:\/\/www.organisator.ch\/en\/management\/2022-11-04\/thurgauer-rezepturen-gegen-krisen\/\" \/>\n<meta property=\"og:locale\" content=\"en_US\" \/>\n<meta property=\"og:type\" content=\"article\" \/>\n<meta property=\"og:title\" content=\"Thurgauer Rezepturen gegen Krisen\" \/>\n<meta property=\"og:description\" content=\"Das Thurgauer Wirtschaftsforum vom 3. November 2022 hat sich mit der Finanzwelt und Wirtschaft im Kontext der aktuellen Krisen befasst.\" \/>\n<meta property=\"og:url\" content=\"https:\/\/www.organisator.ch\/en\/management\/2022-11-04\/thurgauer-rezepturen-gegen-krisen\/\" \/>\n<meta property=\"og:site_name\" content=\"Organisator\" \/>\n<meta property=\"article:publisher\" content=\"https:\/\/www.facebook.com\/OrganisatorFachmagazin\" \/>\n<meta property=\"article:published_time\" content=\"2022-11-04T06:42:31+00:00\" \/>\n<meta property=\"og:image\" content=\"https:\/\/www.organisator.ch\/wp-content\/uploads\/2022\/11\/Thurgauer-Rezepturen-gegen-Krisen_Organisator.jpg\" \/>\n\t<meta property=\"og:image:width\" content=\"680\" \/>\n\t<meta property=\"og:image:height\" content=\"453\" \/>\n\t<meta property=\"og:image:type\" content=\"image\/jpeg\" \/>\n<meta name=\"author\" content=\"thomas.berner\" \/>\n<meta name=\"twitter:card\" content=\"summary_large_image\" \/>\n<meta name=\"twitter:title\" content=\"#Thurgauer #Rezepturen gegen #Krisen\" \/>\n<meta name=\"twitter:description\" content=\"Das #Thurgauer #Wirtschaftsforum vom 3. November 2022 hat sich mit der #Finanzwelt und Wirtschaft im Kontext der aktuellen #Krisen befasst.\" \/>\n<meta name=\"twitter:image\" content=\"https:\/\/www.organisator.ch\/wp-content\/uploads\/2022\/11\/Thurgauer-Rezepturen-gegen-Krisen_Organisator.jpg\" \/>\n<script type=\"application\/ld+json\" class=\"yoast-schema-graph\">{\"@context\":\"https:\\\/\\\/schema.org\",\"@graph\":[{\"@type\":\"Article\",\"@id\":\"https:\\\/\\\/www.organisator.ch\\\/management\\\/2022-11-04\\\/thurgauer-rezepturen-gegen-krisen\\\/#article\",\"isPartOf\":{\"@id\":\"https:\\\/\\\/www.organisator.ch\\\/management\\\/2022-11-04\\\/thurgauer-rezepturen-gegen-krisen\\\/\"},\"author\":{\"name\":\"thomas.berner\",\"@id\":\"https:\\\/\\\/www.organisator.ch\\\/#\\\/schema\\\/person\\\/6f650f90b2842cd4c0cc334b4e36f67e\"},\"headline\":\"Thurgauer Rezepturen gegen Krisen\",\"datePublished\":\"2022-11-04T06:42:31+00:00\",\"mainEntityOfPage\":{\"@id\":\"https:\\\/\\\/www.organisator.ch\\\/management\\\/2022-11-04\\\/thurgauer-rezepturen-gegen-krisen\\\/\"},\"wordCount\":500,\"publisher\":{\"@id\":\"https:\\\/\\\/www.organisator.ch\\\/#organization\"},\"image\":{\"@id\":\"https:\\\/\\\/www.organisator.ch\\\/management\\\/2022-11-04\\\/thurgauer-rezepturen-gegen-krisen\\\/#primaryimage\"},\"thumbnailUrl\":\"https:\\\/\\\/www.organisator.ch\\\/wp-content\\\/uploads\\\/2022\\\/11\\\/Thurgauer-Rezepturen-gegen-Krisen_Organisator.jpg\",\"keywords\":[\"Fachkongress\\\/Fachmesse\",\"Management und Unternehmensf\u00fchrung\",\"Wirtschaftspolitik\"],\"articleSection\":[\"MANAGEMENT\"],\"inLanguage\":\"en-US\"},{\"@type\":\"WebPage\",\"@id\":\"https:\\\/\\\/www.organisator.ch\\\/management\\\/2022-11-04\\\/thurgauer-rezepturen-gegen-krisen\\\/\",\"url\":\"https:\\\/\\\/www.organisator.ch\\\/management\\\/2022-11-04\\\/thurgauer-rezepturen-gegen-krisen\\\/\",\"name\":\"Thurgauer Rezepturen gegen Krisen - Organisator\",\"isPartOf\":{\"@id\":\"https:\\\/\\\/www.organisator.ch\\\/#website\"},\"primaryImageOfPage\":{\"@id\":\"https:\\\/\\\/www.organisator.ch\\\/management\\\/2022-11-04\\\/thurgauer-rezepturen-gegen-krisen\\\/#primaryimage\"},\"image\":{\"@id\":\"https:\\\/\\\/www.organisator.ch\\\/management\\\/2022-11-04\\\/thurgauer-rezepturen-gegen-krisen\\\/#primaryimage\"},\"thumbnailUrl\":\"https:\\\/\\\/www.organisator.ch\\\/wp-content\\\/uploads\\\/2022\\\/11\\\/Thurgauer-Rezepturen-gegen-Krisen_Organisator.jpg\",\"datePublished\":\"2022-11-04T06:42:31+00:00\",\"description\":\"Das Thurgauer Wirtschaftsforum vom 3. November 2022 hat sich mit der Finanzwelt und Wirtschaft im Kontext der aktuellen Krisen befasst.\",\"breadcrumb\":{\"@id\":\"https:\\\/\\\/www.organisator.ch\\\/management\\\/2022-11-04\\\/thurgauer-rezepturen-gegen-krisen\\\/#breadcrumb\"},\"inLanguage\":\"en-US\",\"potentialAction\":[{\"@type\":\"ReadAction\",\"target\":[\"https:\\\/\\\/www.organisator.ch\\\/management\\\/2022-11-04\\\/thurgauer-rezepturen-gegen-krisen\\\/\"]}]},{\"@type\":\"ImageObject\",\"inLanguage\":\"en-US\",\"@id\":\"https:\\\/\\\/www.organisator.ch\\\/management\\\/2022-11-04\\\/thurgauer-rezepturen-gegen-krisen\\\/#primaryimage\",\"url\":\"https:\\\/\\\/www.organisator.ch\\\/wp-content\\\/uploads\\\/2022\\\/11\\\/Thurgauer-Rezepturen-gegen-Krisen_Organisator.jpg\",\"contentUrl\":\"https:\\\/\\\/www.organisator.ch\\\/wp-content\\\/uploads\\\/2022\\\/11\\\/Thurgauer-Rezepturen-gegen-Krisen_Organisator.jpg\",\"width\":680,\"height\":453,\"caption\":\"Hans-Werner Sinn am Thurgauer Wirtschaftsforum. (Bild: zVg)\"},{\"@type\":\"BreadcrumbList\",\"@id\":\"https:\\\/\\\/www.organisator.ch\\\/management\\\/2022-11-04\\\/thurgauer-rezepturen-gegen-krisen\\\/#breadcrumb\",\"itemListElement\":[{\"@type\":\"ListItem\",\"position\":1,\"name\":\"Home\",\"item\":\"https:\\\/\\\/www.organisator.ch\\\/\"},{\"@type\":\"ListItem\",\"position\":2,\"name\":\"Thurgauer Rezepturen gegen Krisen\"}]},{\"@type\":\"WebSite\",\"@id\":\"https:\\\/\\\/www.organisator.ch\\\/#website\",\"url\":\"https:\\\/\\\/www.organisator.ch\\\/\",\"name\":\"Organisator\",\"description\":\"Kompetent. Praxisnah. Der ORGANISATOR bereitet in 10 Ausgaben pro Jahr die wesentlichen Themen f\u00fcr F\u00fchrungskr\u00e4fte von KMU auf.\",\"publisher\":{\"@id\":\"https:\\\/\\\/www.organisator.ch\\\/#organization\"},\"potentialAction\":[{\"@type\":\"SearchAction\",\"target\":{\"@type\":\"EntryPoint\",\"urlTemplate\":\"https:\\\/\\\/www.organisator.ch\\\/?s={search_term_string}\"},\"query-input\":{\"@type\":\"PropertyValueSpecification\",\"valueRequired\":true,\"valueName\":\"search_term_string\"}}],\"inLanguage\":\"en-US\"},{\"@type\":\"Organization\",\"@id\":\"https:\\\/\\\/www.organisator.ch\\\/#organization\",\"name\":\"Organisator\",\"url\":\"https:\\\/\\\/www.organisator.ch\\\/\",\"logo\":{\"@type\":\"ImageObject\",\"inLanguage\":\"en-US\",\"@id\":\"https:\\\/\\\/www.organisator.ch\\\/#\\\/schema\\\/logo\\\/image\\\/\",\"url\":\"https:\\\/\\\/www.organisator.ch\\\/wp-content\\\/uploads\\\/2022\\\/01\\\/Logo_Organisator_Website.png\",\"contentUrl\":\"https:\\\/\\\/www.organisator.ch\\\/wp-content\\\/uploads\\\/2022\\\/01\\\/Logo_Organisator_Website.png\",\"width\":800,\"height\":77,\"caption\":\"Organisator\"},\"image\":{\"@id\":\"https:\\\/\\\/www.organisator.ch\\\/#\\\/schema\\\/logo\\\/image\\\/\"},\"sameAs\":[\"https:\\\/\\\/www.facebook.com\\\/OrganisatorFachmagazin\",\"https:\\\/\\\/www.linkedin.com\\\/showcase\\\/organisator-das-magazin-fr-kmu\",\"https:\\\/\\\/www.xing.com\\\/news\\\/pages\\\/organisator-ch-695\",\"https:\\\/\\\/www.youtube.com\\\/channel\\\/UCGP2Sq0iWaZwT3BdIAQFYpw\"]},{\"@type\":\"Person\",\"@id\":\"https:\\\/\\\/www.organisator.ch\\\/#\\\/schema\\\/person\\\/6f650f90b2842cd4c0cc334b4e36f67e\",\"name\":\"thomas.berner\",\"image\":{\"@type\":\"ImageObject\",\"inLanguage\":\"en-US\",\"@id\":\"https:\\\/\\\/secure.gravatar.com\\\/avatar\\\/ac5001d2a36cb6c6cd3e50789007ffca834b477b74a2144564522e944eabff61?s=96&d=mm&r=g\",\"url\":\"https:\\\/\\\/secure.gravatar.com\\\/avatar\\\/ac5001d2a36cb6c6cd3e50789007ffca834b477b74a2144564522e944eabff61?s=96&d=mm&r=g\",\"contentUrl\":\"https:\\\/\\\/secure.gravatar.com\\\/avatar\\\/ac5001d2a36cb6c6cd3e50789007ffca834b477b74a2144564522e944eabff61?s=96&d=mm&r=g\",\"caption\":\"thomas.berner\"},\"url\":\"https:\\\/\\\/www.organisator.ch\\\/en\\\/author\\\/thomas-berner\\\/\"}]}<\/script>\n<!-- \/ Yoast SEO plugin. -->","yoast_head_json":{"title":"Thurgau recipes against crises - Organizer","description":"The Thurgau Economic Forum on November 3, 2022, focused on the financial world and economy in the context of the current crises.","robots":{"index":"index","follow":"follow","max-snippet":"max-snippet:-1","max-image-preview":"max-image-preview:large","max-video-preview":"max-video-preview:-1"},"canonical":"https:\/\/www.organisator.ch\/en\/management\/2022-11-04\/thurgauer-rezepturen-gegen-krisen\/","og_locale":"en_US","og_type":"article","og_title":"Thurgauer Rezepturen gegen Krisen","og_description":"Das Thurgauer Wirtschaftsforum vom 3. November 2022 hat sich mit der Finanzwelt und Wirtschaft im Kontext der aktuellen Krisen befasst.","og_url":"https:\/\/www.organisator.ch\/en\/management\/2022-11-04\/thurgauer-rezepturen-gegen-krisen\/","og_site_name":"Organisator","article_publisher":"https:\/\/www.facebook.com\/OrganisatorFachmagazin","article_published_time":"2022-11-04T06:42:31+00:00","og_image":[{"width":680,"height":453,"url":"https:\/\/www.organisator.ch\/wp-content\/uploads\/2022\/11\/Thurgauer-Rezepturen-gegen-Krisen_Organisator.jpg","type":"image\/jpeg"}],"author":"thomas.berner","twitter_card":"summary_large_image","twitter_title":"#Thurgauer #Rezepturen gegen #Krisen","twitter_description":"Das #Thurgauer #Wirtschaftsforum vom 3. November 2022 hat sich mit der #Finanzwelt und Wirtschaft im Kontext der aktuellen #Krisen befasst.","twitter_image":"https:\/\/www.organisator.ch\/wp-content\/uploads\/2022\/11\/Thurgauer-Rezepturen-gegen-Krisen_Organisator.jpg","schema":{"@context":"https:\/\/schema.org","@graph":[{"@type":"Article","@id":"https:\/\/www.organisator.ch\/management\/2022-11-04\/thurgauer-rezepturen-gegen-krisen\/#article","isPartOf":{"@id":"https:\/\/www.organisator.ch\/management\/2022-11-04\/thurgauer-rezepturen-gegen-krisen\/"},"author":{"name":"thomas.berner","@id":"https:\/\/www.organisator.ch\/#\/schema\/person\/6f650f90b2842cd4c0cc334b4e36f67e"},"headline":"Thurgauer Rezepturen gegen Krisen","datePublished":"2022-11-04T06:42:31+00:00","mainEntityOfPage":{"@id":"https:\/\/www.organisator.ch\/management\/2022-11-04\/thurgauer-rezepturen-gegen-krisen\/"},"wordCount":500,"publisher":{"@id":"https:\/\/www.organisator.ch\/#organization"},"image":{"@id":"https:\/\/www.organisator.ch\/management\/2022-11-04\/thurgauer-rezepturen-gegen-krisen\/#primaryimage"},"thumbnailUrl":"https:\/\/www.organisator.ch\/wp-content\/uploads\/2022\/11\/Thurgauer-Rezepturen-gegen-Krisen_Organisator.jpg","keywords":["Fachkongress\/Fachmesse","Management und Unternehmensf\u00fchrung","Wirtschaftspolitik"],"articleSection":["MANAGEMENT"],"inLanguage":"en-US"},{"@type":"WebPage","@id":"https:\/\/www.organisator.ch\/management\/2022-11-04\/thurgauer-rezepturen-gegen-krisen\/","url":"https:\/\/www.organisator.ch\/management\/2022-11-04\/thurgauer-rezepturen-gegen-krisen\/","name":"Thurgau recipes against crises - Organizer","isPartOf":{"@id":"https:\/\/www.organisator.ch\/#website"},"primaryImageOfPage":{"@id":"https:\/\/www.organisator.ch\/management\/2022-11-04\/thurgauer-rezepturen-gegen-krisen\/#primaryimage"},"image":{"@id":"https:\/\/www.organisator.ch\/management\/2022-11-04\/thurgauer-rezepturen-gegen-krisen\/#primaryimage"},"thumbnailUrl":"https:\/\/www.organisator.ch\/wp-content\/uploads\/2022\/11\/Thurgauer-Rezepturen-gegen-Krisen_Organisator.jpg","datePublished":"2022-11-04T06:42:31+00:00","description":"The Thurgau Economic Forum on November 3, 2022, focused on the financial world and economy in the context of the current crises.","breadcrumb":{"@id":"https:\/\/www.organisator.ch\/management\/2022-11-04\/thurgauer-rezepturen-gegen-krisen\/#breadcrumb"},"inLanguage":"en-US","potentialAction":[{"@type":"ReadAction","target":["https:\/\/www.organisator.ch\/management\/2022-11-04\/thurgauer-rezepturen-gegen-krisen\/"]}]},{"@type":"ImageObject","inLanguage":"en-US","@id":"https:\/\/www.organisator.ch\/management\/2022-11-04\/thurgauer-rezepturen-gegen-krisen\/#primaryimage","url":"https:\/\/www.organisator.ch\/wp-content\/uploads\/2022\/11\/Thurgauer-Rezepturen-gegen-Krisen_Organisator.jpg","contentUrl":"https:\/\/www.organisator.ch\/wp-content\/uploads\/2022\/11\/Thurgauer-Rezepturen-gegen-Krisen_Organisator.jpg","width":680,"height":453,"caption":"Hans-Werner Sinn am Thurgauer Wirtschaftsforum. (Bild: zVg)"},{"@type":"BreadcrumbList","@id":"https:\/\/www.organisator.ch\/management\/2022-11-04\/thurgauer-rezepturen-gegen-krisen\/#breadcrumb","itemListElement":[{"@type":"ListItem","position":1,"name":"Home","item":"https:\/\/www.organisator.ch\/"},{"@type":"ListItem","position":2,"name":"Thurgauer Rezepturen gegen Krisen"}]},{"@type":"WebSite","@id":"https:\/\/www.organisator.ch\/#website","url":"https:\/\/www.organisator.ch\/","name":"Organizer","description":"Competent. Practical. In 10 issues per year, ORGANISATOR presents the essential topics for managers of SMEs.","publisher":{"@id":"https:\/\/www.organisator.ch\/#organization"},"potentialAction":[{"@type":"SearchAction","target":{"@type":"EntryPoint","urlTemplate":"https:\/\/www.organisator.ch\/?s={search_term_string}"},"query-input":{"@type":"PropertyValueSpecification","valueRequired":true,"valueName":"search_term_string"}}],"inLanguage":"en-US"},{"@type":"Organization","@id":"https:\/\/www.organisator.ch\/#organization","name":"Organizer","url":"https:\/\/www.organisator.ch\/","logo":{"@type":"ImageObject","inLanguage":"en-US","@id":"https:\/\/www.organisator.ch\/#\/schema\/logo\/image\/","url":"https:\/\/www.organisator.ch\/wp-content\/uploads\/2022\/01\/Logo_Organisator_Website.png","contentUrl":"https:\/\/www.organisator.ch\/wp-content\/uploads\/2022\/01\/Logo_Organisator_Website.png","width":800,"height":77,"caption":"Organisator"},"image":{"@id":"https:\/\/www.organisator.ch\/#\/schema\/logo\/image\/"},"sameAs":["https:\/\/www.facebook.com\/OrganisatorFachmagazin","https:\/\/www.linkedin.com\/showcase\/organisator-das-magazin-fr-kmu","https:\/\/www.xing.com\/news\/pages\/organisator-ch-695","https:\/\/www.youtube.com\/channel\/UCGP2Sq0iWaZwT3BdIAQFYpw"]},{"@type":"Person","@id":"https:\/\/www.organisator.ch\/#\/schema\/person\/6f650f90b2842cd4c0cc334b4e36f67e","name":"thomas.berner","image":{"@type":"ImageObject","inLanguage":"en-US","@id":"https:\/\/secure.gravatar.com\/avatar\/ac5001d2a36cb6c6cd3e50789007ffca834b477b74a2144564522e944eabff61?s=96&d=mm&r=g","url":"https:\/\/secure.gravatar.com\/avatar\/ac5001d2a36cb6c6cd3e50789007ffca834b477b74a2144564522e944eabff61?s=96&d=mm&r=g","contentUrl":"https:\/\/secure.gravatar.com\/avatar\/ac5001d2a36cb6c6cd3e50789007ffca834b477b74a2144564522e944eabff61?s=96&d=mm&r=g","caption":"thomas.berner"},"url":"https:\/\/www.organisator.ch\/en\/author\/thomas-berner\/"}]}},"_links":{"self":[{"href":"https:\/\/www.organisator.ch\/en\/wp-json\/wp\/v2\/posts\/17710","targetHints":{"allow":["GET"]}}],"collection":[{"href":"https:\/\/www.organisator.ch\/en\/wp-json\/wp\/v2\/posts"}],"about":[{"href":"https:\/\/www.organisator.ch\/en\/wp-json\/wp\/v2\/types\/post"}],"author":[{"embeddable":true,"href":"https:\/\/www.organisator.ch\/en\/wp-json\/wp\/v2\/users\/4"}],"replies":[{"embeddable":true,"href":"https:\/\/www.organisator.ch\/en\/wp-json\/wp\/v2\/comments?post=17710"}],"version-history":[{"count":1,"href":"https:\/\/www.organisator.ch\/en\/wp-json\/wp\/v2\/posts\/17710\/revisions"}],"predecessor-version":[{"id":17712,"href":"https:\/\/www.organisator.ch\/en\/wp-json\/wp\/v2\/posts\/17710\/revisions\/17712"}],"wp:featuredmedia":[{"embeddable":true,"href":"https:\/\/www.organisator.ch\/en\/wp-json\/wp\/v2\/media\/17711"}],"wp:attachment":[{"href":"https:\/\/www.organisator.ch\/en\/wp-json\/wp\/v2\/media?parent=17710"}],"wp:term":[{"taxonomy":"category","embeddable":true,"href":"https:\/\/www.organisator.ch\/en\/wp-json\/wp\/v2\/categories?post=17710"},{"taxonomy":"post_tag","embeddable":true,"href":"https:\/\/www.organisator.ch\/en\/wp-json\/wp\/v2\/tags?post=17710"}],"curies":[{"name":"wp","href":"https:\/\/api.w.org\/{rel}","templated":true}]}}