{"id":17750,"date":"2022-11-08T07:23:39","date_gmt":"2022-11-08T06:23:39","guid":{"rendered":"https:\/\/www.organisator.ch\/?p=17750"},"modified":"2022-11-08T07:23:39","modified_gmt":"2022-11-08T06:23:39","slug":"rheintaler-wirtschaftsforum-ist-klimaneutral","status":"publish","type":"post","link":"https:\/\/www.organisator.ch\/en\/sustainability\/2022-11-08\/rheintaler-wirtschaftsforum-ist-klimaneutral\/","title":{"rendered":"Rheintaler Economic Forum is climate neutral"},"content":{"rendered":"<figure id=\"attachment_17751\" aria-describedby=\"caption-attachment-17751\" style=\"width: 680px\" class=\"wp-caption alignnone\"><img loading=\"lazy\" decoding=\"async\" class=\"size-full wp-image-17751\" src=\"https:\/\/www.organisator.ch\/wp-content\/uploads\/2022\/11\/Rheintaler-Wirtschaftsforum-ist-klimaneutral_Organisator.jpg\" alt=\"\" width=\"680\" height=\"383\" srcset=\"https:\/\/www.organisator.ch\/wp-content\/uploads\/2022\/11\/Rheintaler-Wirtschaftsforum-ist-klimaneutral_Organisator.jpg 680w, https:\/\/www.organisator.ch\/wp-content\/uploads\/2022\/11\/Rheintaler-Wirtschaftsforum-ist-klimaneutral_Organisator-18x10.jpg 18w, https:\/\/www.organisator.ch\/wp-content\/uploads\/2022\/11\/Rheintaler-Wirtschaftsforum-ist-klimaneutral_Organisator-311x175.jpg 311w, https:\/\/www.organisator.ch\/wp-content\/uploads\/2022\/11\/Rheintaler-Wirtschaftsforum-ist-klimaneutral_Organisator-621x350.jpg 621w, https:\/\/www.organisator.ch\/wp-content\/uploads\/2022\/11\/Rheintaler-Wirtschaftsforum-ist-klimaneutral_Organisator-300x169.jpg 300w\" sizes=\"auto, (max-width: 680px) 100vw, 680px\" \/><figcaption id=\"caption-attachment-17751\" class=\"wp-caption-text\">The Rheintaler Wirtschaftsforum supports a climate protection project in the Amazon rainforest. (Image: Pixabay.com)<\/figcaption><\/figure>\n<p>With its partner ClimatePartner, the Rheintaler Wirtschaftsforum had all CO2 emissions calculated that were generated in connection with the event: From the arrival of the guests and the number of overnight stays to the event technology and energy to the food and drinks. Now Wifo is climate neutral. Already in the run-up to the event, care was taken to avoid emissions wherever possible. Thus, Wifo always pays attention to regional and seasonal products when choosing catering. In cooperation with RTB Rheintal, Wifo now offers a shuttle service to make travel by public transport even more attractive.<\/p>\n<h3><strong>Sensible compensation<\/strong><\/h3>\n<p>Offsetting CO2 emissions, in addition to avoiding and reducing them, is an important puzzle in holistic climate protection. Greenhouse gases such as CO2 are distributed evenly in the atmosphere, so the greenhouse gas concentration is roughly the same everywhere on earth. With regard to the global greenhouse gas concentration and the greenhouse effect, it is therefore irrelevant where emissions are caused or avoided. Emissions that cannot be avoided locally can be offset by climate protection projects elsewhere.<\/p>\n<h3><strong>Project in the Amazon<\/strong><\/h3>\n<p>The Rheintaler Wirtschaftsforum offsets its emissions, which are calculated at 9908 kilos of CO2, through a high-quality, internationally recognized project. Specifically, Wifo is investing in a climate protection project for forest conservation in Mataven in Colombia. The region is located in the area of the Amazon and Orinoco rivers. The project protects 1.15 million hectares of tropical rainforest and preserves its biodiversity. It also provides education, health care, sanitation, food security and other social services to 16,000 indigenous people. It works hand in hand with local communities.<\/p>\n<p><em>More information at: \u00a0<a href=\"https:\/\/fpm.climatepartner.com\/project\/1402\/de\">https:\/\/fpm.climatepartner.com\/project\/1402\/de<\/a><\/em><\/p>\n<p><em>Registrations for the 28th Rhine Valley Economic Forum on January 20, 2023 are online (<a href=\"http:\/\/www.wifo.ch\">www.wifo.ch<\/a>) possible.<\/em><\/p>","protected":false},"excerpt":{"rendered":"<p>Mit seinem Partner ClimatePartner hat das Rheintaler Wirtschaftsforum alle CO2-Emissionen berechnen lassen, die in Zusammenhang mit dem Anlass anfallen: Von der Anreise der G\u00e4ste und der Zahl der \u00dcbernachtungen \u00fcber die Veranstaltungstechnik und Energie bis hin zu den Speisen und Getr\u00e4nken. Nun ist das Wifo klimaneutral. Bereits im Vorfeld wurde darauf geachtet, wo immer m\u00f6glich [&hellip;]<\/p>\n","protected":false},"author":4,"featured_media":17751,"comment_status":"closed","ping_status":"closed","sticky":false,"template":"","format":"standard","meta":{"_acf_changed":false,"_yoast_wpseo_focuskw":"Rheintaler Wirtschaftsforum","_yoast_wpseo_metadesc":"Klimaneutralit\u00e4t ist dem Rheintaler Wirtschaftsforum (Wifo) ein Anliegen. Es hat deshalb seinen CO2-Ausstoss berechnen lassen.","articlekey":"","footnotes":""},"categories":[580],"tags":[193,300,3348],"class_list":["post-17750","post","type-post","status-publish","format-standard","has-post-thumbnail","hentry","category-sustainability","tag-fachkongressfachmesse","tag-klimaschutz","tag-rheintaler-wirtschaftsforum"],"acf":[],"yoast_head":"<!-- This site is optimized with the Yoast SEO plugin v27.4 - https:\/\/yoast.com\/product\/yoast-seo-wordpress\/ -->\n<title>Rheintaler Wirtschaftsforum ist klimaneutral - Organisator<\/title>\n<meta name=\"description\" content=\"Klimaneutralit\u00e4t ist dem Rheintaler Wirtschaftsforum (Wifo) ein Anliegen. Es hat deshalb seinen CO2-Ausstoss berechnen lassen.\" \/>\n<meta name=\"robots\" content=\"index, follow, max-snippet:-1, max-image-preview:large, max-video-preview:-1\" \/>\n<link rel=\"canonical\" href=\"https:\/\/www.organisator.ch\/en\/sustainability\/2022-11-08\/rheintaler-wirtschaftsforum-ist-klimaneutral\/\" \/>\n<meta property=\"og:locale\" content=\"en_US\" \/>\n<meta property=\"og:type\" content=\"article\" \/>\n<meta property=\"og:title\" content=\"Rheintaler Wirtschaftsforum ist klimaneutral\" \/>\n<meta property=\"og:description\" content=\"Klimaneutralit\u00e4t ist dem Rheintaler Wirtschaftsforum (Wifo) ein Anliegen. Es hat deshalb seinen CO2-Ausstoss berechnen lassen.\" \/>\n<meta property=\"og:url\" content=\"https:\/\/www.organisator.ch\/en\/sustainability\/2022-11-08\/rheintaler-wirtschaftsforum-ist-klimaneutral\/\" \/>\n<meta property=\"og:site_name\" content=\"Organisator\" \/>\n<meta property=\"article:publisher\" content=\"https:\/\/www.facebook.com\/OrganisatorFachmagazin\" \/>\n<meta property=\"article:published_time\" content=\"2022-11-08T06:23:39+00:00\" \/>\n<meta property=\"og:image\" content=\"https:\/\/www.organisator.ch\/wp-content\/uploads\/2022\/11\/Rheintaler-Wirtschaftsforum-ist-klimaneutral_Organisator.jpg\" \/>\n\t<meta property=\"og:image:width\" content=\"680\" \/>\n\t<meta property=\"og:image:height\" content=\"383\" \/>\n\t<meta property=\"og:image:type\" content=\"image\/jpeg\" \/>\n<meta name=\"author\" content=\"thomas.berner\" \/>\n<meta name=\"twitter:card\" content=\"summary_large_image\" \/>\n<meta name=\"twitter:title\" content=\"Rheintaler #Wirtschaftsforum ist #klimaneutral\" \/>\n<meta name=\"twitter:description\" content=\"#Klimaneutralit\u00e4t ist dem Rheintaler #Wirtschaftsforum (#Wifo) ein Anliegen. Es hat deshalb seinen #CO2-Ausstoss berechnen lassen.\" \/>\n<meta name=\"twitter:image\" content=\"https:\/\/www.organisator.ch\/wp-content\/uploads\/2022\/11\/Rheintaler-Wirtschaftsforum-ist-klimaneutral_Organisator.jpg\" \/>\n<script type=\"application\/ld+json\" class=\"yoast-schema-graph\">{\"@context\":\"https:\\\/\\\/schema.org\",\"@graph\":[{\"@type\":\"Article\",\"@id\":\"https:\\\/\\\/www.organisator.ch\\\/sustainability\\\/2022-11-08\\\/rheintaler-wirtschaftsforum-ist-klimaneutral\\\/#article\",\"isPartOf\":{\"@id\":\"https:\\\/\\\/www.organisator.ch\\\/sustainability\\\/2022-11-08\\\/rheintaler-wirtschaftsforum-ist-klimaneutral\\\/\"},\"author\":{\"name\":\"thomas.berner\",\"@id\":\"https:\\\/\\\/www.organisator.ch\\\/#\\\/schema\\\/person\\\/6f650f90b2842cd4c0cc334b4e36f67e\"},\"headline\":\"Rheintaler Wirtschaftsforum ist klimaneutral\",\"datePublished\":\"2022-11-08T06:23:39+00:00\",\"mainEntityOfPage\":{\"@id\":\"https:\\\/\\\/www.organisator.ch\\\/sustainability\\\/2022-11-08\\\/rheintaler-wirtschaftsforum-ist-klimaneutral\\\/\"},\"wordCount\":307,\"publisher\":{\"@id\":\"https:\\\/\\\/www.organisator.ch\\\/#organization\"},\"image\":{\"@id\":\"https:\\\/\\\/www.organisator.ch\\\/sustainability\\\/2022-11-08\\\/rheintaler-wirtschaftsforum-ist-klimaneutral\\\/#primaryimage\"},\"thumbnailUrl\":\"https:\\\/\\\/www.organisator.ch\\\/wp-content\\\/uploads\\\/2022\\\/11\\\/Rheintaler-Wirtschaftsforum-ist-klimaneutral_Organisator.jpg\",\"keywords\":[\"Fachkongress\\\/Fachmesse\",\"Klimaschutz\",\"Rheintaler Wirtschaftsforum\"],\"articleSection\":[\"SUSTAINABILITY\"],\"inLanguage\":\"en-US\"},{\"@type\":\"WebPage\",\"@id\":\"https:\\\/\\\/www.organisator.ch\\\/sustainability\\\/2022-11-08\\\/rheintaler-wirtschaftsforum-ist-klimaneutral\\\/\",\"url\":\"https:\\\/\\\/www.organisator.ch\\\/sustainability\\\/2022-11-08\\\/rheintaler-wirtschaftsforum-ist-klimaneutral\\\/\",\"name\":\"Rheintaler Wirtschaftsforum ist klimaneutral - Organisator\",\"isPartOf\":{\"@id\":\"https:\\\/\\\/www.organisator.ch\\\/#website\"},\"primaryImageOfPage\":{\"@id\":\"https:\\\/\\\/www.organisator.ch\\\/sustainability\\\/2022-11-08\\\/rheintaler-wirtschaftsforum-ist-klimaneutral\\\/#primaryimage\"},\"image\":{\"@id\":\"https:\\\/\\\/www.organisator.ch\\\/sustainability\\\/2022-11-08\\\/rheintaler-wirtschaftsforum-ist-klimaneutral\\\/#primaryimage\"},\"thumbnailUrl\":\"https:\\\/\\\/www.organisator.ch\\\/wp-content\\\/uploads\\\/2022\\\/11\\\/Rheintaler-Wirtschaftsforum-ist-klimaneutral_Organisator.jpg\",\"datePublished\":\"2022-11-08T06:23:39+00:00\",\"description\":\"Klimaneutralit\u00e4t ist dem Rheintaler Wirtschaftsforum (Wifo) ein Anliegen. Es hat deshalb seinen CO2-Ausstoss berechnen lassen.\",\"breadcrumb\":{\"@id\":\"https:\\\/\\\/www.organisator.ch\\\/sustainability\\\/2022-11-08\\\/rheintaler-wirtschaftsforum-ist-klimaneutral\\\/#breadcrumb\"},\"inLanguage\":\"en-US\",\"potentialAction\":[{\"@type\":\"ReadAction\",\"target\":[\"https:\\\/\\\/www.organisator.ch\\\/sustainability\\\/2022-11-08\\\/rheintaler-wirtschaftsforum-ist-klimaneutral\\\/\"]}]},{\"@type\":\"ImageObject\",\"inLanguage\":\"en-US\",\"@id\":\"https:\\\/\\\/www.organisator.ch\\\/sustainability\\\/2022-11-08\\\/rheintaler-wirtschaftsforum-ist-klimaneutral\\\/#primaryimage\",\"url\":\"https:\\\/\\\/www.organisator.ch\\\/wp-content\\\/uploads\\\/2022\\\/11\\\/Rheintaler-Wirtschaftsforum-ist-klimaneutral_Organisator.jpg\",\"contentUrl\":\"https:\\\/\\\/www.organisator.ch\\\/wp-content\\\/uploads\\\/2022\\\/11\\\/Rheintaler-Wirtschaftsforum-ist-klimaneutral_Organisator.jpg\",\"width\":680,\"height\":383,\"caption\":\"Das Rheintaler Wirtschaftsforum unterst\u00fctzt ein Klimaschutzprojekt im Amazonas-Regenwald. (Bild: Pixabay.com)\"},{\"@type\":\"BreadcrumbList\",\"@id\":\"https:\\\/\\\/www.organisator.ch\\\/sustainability\\\/2022-11-08\\\/rheintaler-wirtschaftsforum-ist-klimaneutral\\\/#breadcrumb\",\"itemListElement\":[{\"@type\":\"ListItem\",\"position\":1,\"name\":\"Home\",\"item\":\"https:\\\/\\\/www.organisator.ch\\\/\"},{\"@type\":\"ListItem\",\"position\":2,\"name\":\"Rheintaler Wirtschaftsforum ist klimaneutral\"}]},{\"@type\":\"WebSite\",\"@id\":\"https:\\\/\\\/www.organisator.ch\\\/#website\",\"url\":\"https:\\\/\\\/www.organisator.ch\\\/\",\"name\":\"Organisator\",\"description\":\"Kompetent. Praxisnah. Der ORGANISATOR bereitet in 10 Ausgaben pro Jahr die wesentlichen Themen f\u00fcr F\u00fchrungskr\u00e4fte von KMU auf.\",\"publisher\":{\"@id\":\"https:\\\/\\\/www.organisator.ch\\\/#organization\"},\"potentialAction\":[{\"@type\":\"SearchAction\",\"target\":{\"@type\":\"EntryPoint\",\"urlTemplate\":\"https:\\\/\\\/www.organisator.ch\\\/?s={search_term_string}\"},\"query-input\":{\"@type\":\"PropertyValueSpecification\",\"valueRequired\":true,\"valueName\":\"search_term_string\"}}],\"inLanguage\":\"en-US\"},{\"@type\":\"Organization\",\"@id\":\"https:\\\/\\\/www.organisator.ch\\\/#organization\",\"name\":\"Organisator\",\"url\":\"https:\\\/\\\/www.organisator.ch\\\/\",\"logo\":{\"@type\":\"ImageObject\",\"inLanguage\":\"en-US\",\"@id\":\"https:\\\/\\\/www.organisator.ch\\\/#\\\/schema\\\/logo\\\/image\\\/\",\"url\":\"https:\\\/\\\/www.organisator.ch\\\/wp-content\\\/uploads\\\/2022\\\/01\\\/Logo_Organisator_Website.png\",\"contentUrl\":\"https:\\\/\\\/www.organisator.ch\\\/wp-content\\\/uploads\\\/2022\\\/01\\\/Logo_Organisator_Website.png\",\"width\":800,\"height\":77,\"caption\":\"Organisator\"},\"image\":{\"@id\":\"https:\\\/\\\/www.organisator.ch\\\/#\\\/schema\\\/logo\\\/image\\\/\"},\"sameAs\":[\"https:\\\/\\\/www.facebook.com\\\/OrganisatorFachmagazin\",\"https:\\\/\\\/www.linkedin.com\\\/showcase\\\/organisator-das-magazin-fr-kmu\",\"https:\\\/\\\/www.xing.com\\\/news\\\/pages\\\/organisator-ch-695\",\"https:\\\/\\\/www.youtube.com\\\/channel\\\/UCGP2Sq0iWaZwT3BdIAQFYpw\"]},{\"@type\":\"Person\",\"@id\":\"https:\\\/\\\/www.organisator.ch\\\/#\\\/schema\\\/person\\\/6f650f90b2842cd4c0cc334b4e36f67e\",\"name\":\"thomas.berner\",\"image\":{\"@type\":\"ImageObject\",\"inLanguage\":\"en-US\",\"@id\":\"https:\\\/\\\/secure.gravatar.com\\\/avatar\\\/ac5001d2a36cb6c6cd3e50789007ffca834b477b74a2144564522e944eabff61?s=96&d=mm&r=g\",\"url\":\"https:\\\/\\\/secure.gravatar.com\\\/avatar\\\/ac5001d2a36cb6c6cd3e50789007ffca834b477b74a2144564522e944eabff61?s=96&d=mm&r=g\",\"contentUrl\":\"https:\\\/\\\/secure.gravatar.com\\\/avatar\\\/ac5001d2a36cb6c6cd3e50789007ffca834b477b74a2144564522e944eabff61?s=96&d=mm&r=g\",\"caption\":\"thomas.berner\"},\"url\":\"https:\\\/\\\/www.organisator.ch\\\/en\\\/author\\\/thomas-berner\\\/\"}]}<\/script>\n<!-- \/ Yoast SEO plugin. -->","yoast_head_json":{"title":"Rheintaler Wirtschaftsforum is climate neutral - Organizer","description":"Climate neutrality is a matter of concern for the Rheintaler Wirtschaftsforum (Wifo). It has therefore had its CO2 emissions calculated.","robots":{"index":"index","follow":"follow","max-snippet":"max-snippet:-1","max-image-preview":"max-image-preview:large","max-video-preview":"max-video-preview:-1"},"canonical":"https:\/\/www.organisator.ch\/en\/sustainability\/2022-11-08\/rheintaler-wirtschaftsforum-ist-klimaneutral\/","og_locale":"en_US","og_type":"article","og_title":"Rheintaler Wirtschaftsforum ist klimaneutral","og_description":"Klimaneutralit\u00e4t ist dem Rheintaler Wirtschaftsforum (Wifo) ein Anliegen. Es hat deshalb seinen CO2-Ausstoss berechnen lassen.","og_url":"https:\/\/www.organisator.ch\/en\/sustainability\/2022-11-08\/rheintaler-wirtschaftsforum-ist-klimaneutral\/","og_site_name":"Organisator","article_publisher":"https:\/\/www.facebook.com\/OrganisatorFachmagazin","article_published_time":"2022-11-08T06:23:39+00:00","og_image":[{"width":680,"height":383,"url":"https:\/\/www.organisator.ch\/wp-content\/uploads\/2022\/11\/Rheintaler-Wirtschaftsforum-ist-klimaneutral_Organisator.jpg","type":"image\/jpeg"}],"author":"thomas.berner","twitter_card":"summary_large_image","twitter_title":"Rheintaler #Wirtschaftsforum ist #klimaneutral","twitter_description":"#Klimaneutralit\u00e4t ist dem Rheintaler #Wirtschaftsforum (#Wifo) ein Anliegen. Es hat deshalb seinen #CO2-Ausstoss berechnen lassen.","twitter_image":"https:\/\/www.organisator.ch\/wp-content\/uploads\/2022\/11\/Rheintaler-Wirtschaftsforum-ist-klimaneutral_Organisator.jpg","schema":{"@context":"https:\/\/schema.org","@graph":[{"@type":"Article","@id":"https:\/\/www.organisator.ch\/sustainability\/2022-11-08\/rheintaler-wirtschaftsforum-ist-klimaneutral\/#article","isPartOf":{"@id":"https:\/\/www.organisator.ch\/sustainability\/2022-11-08\/rheintaler-wirtschaftsforum-ist-klimaneutral\/"},"author":{"name":"thomas.berner","@id":"https:\/\/www.organisator.ch\/#\/schema\/person\/6f650f90b2842cd4c0cc334b4e36f67e"},"headline":"Rheintaler Wirtschaftsforum ist klimaneutral","datePublished":"2022-11-08T06:23:39+00:00","mainEntityOfPage":{"@id":"https:\/\/www.organisator.ch\/sustainability\/2022-11-08\/rheintaler-wirtschaftsforum-ist-klimaneutral\/"},"wordCount":307,"publisher":{"@id":"https:\/\/www.organisator.ch\/#organization"},"image":{"@id":"https:\/\/www.organisator.ch\/sustainability\/2022-11-08\/rheintaler-wirtschaftsforum-ist-klimaneutral\/#primaryimage"},"thumbnailUrl":"https:\/\/www.organisator.ch\/wp-content\/uploads\/2022\/11\/Rheintaler-Wirtschaftsforum-ist-klimaneutral_Organisator.jpg","keywords":["Fachkongress\/Fachmesse","Klimaschutz","Rheintaler Wirtschaftsforum"],"articleSection":["SUSTAINABILITY"],"inLanguage":"en-US"},{"@type":"WebPage","@id":"https:\/\/www.organisator.ch\/sustainability\/2022-11-08\/rheintaler-wirtschaftsforum-ist-klimaneutral\/","url":"https:\/\/www.organisator.ch\/sustainability\/2022-11-08\/rheintaler-wirtschaftsforum-ist-klimaneutral\/","name":"Rheintaler Wirtschaftsforum is climate neutral - Organizer","isPartOf":{"@id":"https:\/\/www.organisator.ch\/#website"},"primaryImageOfPage":{"@id":"https:\/\/www.organisator.ch\/sustainability\/2022-11-08\/rheintaler-wirtschaftsforum-ist-klimaneutral\/#primaryimage"},"image":{"@id":"https:\/\/www.organisator.ch\/sustainability\/2022-11-08\/rheintaler-wirtschaftsforum-ist-klimaneutral\/#primaryimage"},"thumbnailUrl":"https:\/\/www.organisator.ch\/wp-content\/uploads\/2022\/11\/Rheintaler-Wirtschaftsforum-ist-klimaneutral_Organisator.jpg","datePublished":"2022-11-08T06:23:39+00:00","description":"Climate neutrality is a matter of concern for the Rheintaler Wirtschaftsforum (Wifo). It has therefore had its CO2 emissions calculated.","breadcrumb":{"@id":"https:\/\/www.organisator.ch\/sustainability\/2022-11-08\/rheintaler-wirtschaftsforum-ist-klimaneutral\/#breadcrumb"},"inLanguage":"en-US","potentialAction":[{"@type":"ReadAction","target":["https:\/\/www.organisator.ch\/sustainability\/2022-11-08\/rheintaler-wirtschaftsforum-ist-klimaneutral\/"]}]},{"@type":"ImageObject","inLanguage":"en-US","@id":"https:\/\/www.organisator.ch\/sustainability\/2022-11-08\/rheintaler-wirtschaftsforum-ist-klimaneutral\/#primaryimage","url":"https:\/\/www.organisator.ch\/wp-content\/uploads\/2022\/11\/Rheintaler-Wirtschaftsforum-ist-klimaneutral_Organisator.jpg","contentUrl":"https:\/\/www.organisator.ch\/wp-content\/uploads\/2022\/11\/Rheintaler-Wirtschaftsforum-ist-klimaneutral_Organisator.jpg","width":680,"height":383,"caption":"Das Rheintaler Wirtschaftsforum unterst\u00fctzt ein Klimaschutzprojekt im Amazonas-Regenwald. (Bild: Pixabay.com)"},{"@type":"BreadcrumbList","@id":"https:\/\/www.organisator.ch\/sustainability\/2022-11-08\/rheintaler-wirtschaftsforum-ist-klimaneutral\/#breadcrumb","itemListElement":[{"@type":"ListItem","position":1,"name":"Home","item":"https:\/\/www.organisator.ch\/"},{"@type":"ListItem","position":2,"name":"Rheintaler Wirtschaftsforum ist klimaneutral"}]},{"@type":"WebSite","@id":"https:\/\/www.organisator.ch\/#website","url":"https:\/\/www.organisator.ch\/","name":"Organizer","description":"Competent. Practical. In 10 issues per year, ORGANISATOR presents the essential topics for managers of SMEs.","publisher":{"@id":"https:\/\/www.organisator.ch\/#organization"},"potentialAction":[{"@type":"SearchAction","target":{"@type":"EntryPoint","urlTemplate":"https:\/\/www.organisator.ch\/?s={search_term_string}"},"query-input":{"@type":"PropertyValueSpecification","valueRequired":true,"valueName":"search_term_string"}}],"inLanguage":"en-US"},{"@type":"Organization","@id":"https:\/\/www.organisator.ch\/#organization","name":"Organizer","url":"https:\/\/www.organisator.ch\/","logo":{"@type":"ImageObject","inLanguage":"en-US","@id":"https:\/\/www.organisator.ch\/#\/schema\/logo\/image\/","url":"https:\/\/www.organisator.ch\/wp-content\/uploads\/2022\/01\/Logo_Organisator_Website.png","contentUrl":"https:\/\/www.organisator.ch\/wp-content\/uploads\/2022\/01\/Logo_Organisator_Website.png","width":800,"height":77,"caption":"Organisator"},"image":{"@id":"https:\/\/www.organisator.ch\/#\/schema\/logo\/image\/"},"sameAs":["https:\/\/www.facebook.com\/OrganisatorFachmagazin","https:\/\/www.linkedin.com\/showcase\/organisator-das-magazin-fr-kmu","https:\/\/www.xing.com\/news\/pages\/organisator-ch-695","https:\/\/www.youtube.com\/channel\/UCGP2Sq0iWaZwT3BdIAQFYpw"]},{"@type":"Person","@id":"https:\/\/www.organisator.ch\/#\/schema\/person\/6f650f90b2842cd4c0cc334b4e36f67e","name":"thomas.berner","image":{"@type":"ImageObject","inLanguage":"en-US","@id":"https:\/\/secure.gravatar.com\/avatar\/ac5001d2a36cb6c6cd3e50789007ffca834b477b74a2144564522e944eabff61?s=96&d=mm&r=g","url":"https:\/\/secure.gravatar.com\/avatar\/ac5001d2a36cb6c6cd3e50789007ffca834b477b74a2144564522e944eabff61?s=96&d=mm&r=g","contentUrl":"https:\/\/secure.gravatar.com\/avatar\/ac5001d2a36cb6c6cd3e50789007ffca834b477b74a2144564522e944eabff61?s=96&d=mm&r=g","caption":"thomas.berner"},"url":"https:\/\/www.organisator.ch\/en\/author\/thomas-berner\/"}]}},"_links":{"self":[{"href":"https:\/\/www.organisator.ch\/en\/wp-json\/wp\/v2\/posts\/17750","targetHints":{"allow":["GET"]}}],"collection":[{"href":"https:\/\/www.organisator.ch\/en\/wp-json\/wp\/v2\/posts"}],"about":[{"href":"https:\/\/www.organisator.ch\/en\/wp-json\/wp\/v2\/types\/post"}],"author":[{"embeddable":true,"href":"https:\/\/www.organisator.ch\/en\/wp-json\/wp\/v2\/users\/4"}],"replies":[{"embeddable":true,"href":"https:\/\/www.organisator.ch\/en\/wp-json\/wp\/v2\/comments?post=17750"}],"version-history":[{"count":3,"href":"https:\/\/www.organisator.ch\/en\/wp-json\/wp\/v2\/posts\/17750\/revisions"}],"predecessor-version":[{"id":17808,"href":"https:\/\/www.organisator.ch\/en\/wp-json\/wp\/v2\/posts\/17750\/revisions\/17808"}],"wp:featuredmedia":[{"embeddable":true,"href":"https:\/\/www.organisator.ch\/en\/wp-json\/wp\/v2\/media\/17751"}],"wp:attachment":[{"href":"https:\/\/www.organisator.ch\/en\/wp-json\/wp\/v2\/media?parent=17750"}],"wp:term":[{"taxonomy":"category","embeddable":true,"href":"https:\/\/www.organisator.ch\/en\/wp-json\/wp\/v2\/categories?post=17750"},{"taxonomy":"post_tag","embeddable":true,"href":"https:\/\/www.organisator.ch\/en\/wp-json\/wp\/v2\/tags?post=17750"}],"curies":[{"name":"wp","href":"https:\/\/api.w.org\/{rel}","templated":true}]}}