{"id":17757,"date":"2022-11-08T16:28:22","date_gmt":"2022-11-08T15:28:22","guid":{"rendered":"https:\/\/www.werbewoche.ch\/?p=189583"},"modified":"2024-11-20T11:08:17","modified_gmt":"2024-11-20T10:08:17","slug":"emmi-vermarktet-neu-sbrinz","status":"publish","type":"post","link":"https:\/\/www.organisator.ch\/en\/marketing\/2022-11-08\/emmi-vermarktet-neu-sbrinz\/","title":{"rendered":"Emmi markets Sbrinz for the first time"},"content":{"rendered":"<figure id=\"attachment_189585\" class=\"wp-caption aligncenter\" style=\"width: 1200px\" aria-describedby=\"caption-attachment-189585\"><img class=\"aligncenter wp-image-189585 size-full\" src=\"https:\/\/www.werbewoche.ch\/wp-content\/uploads\/2022\/11\/Sbrinz-_-St.-Karli-Keller-Luzern-2-22-screenshot.jpg\" alt=\"Sbrinz Emmi cooperation\" width=\"1200\" height=\"675\" \/>\r\n<figcaption id=\"caption-attachment-189585\" class=\"wp-caption-text\">(Screenshot: Youtube.com \/ Sbrinz AOP)<\/figcaption>\r\n<\/figure>\r\n<p>The extraordinary shareholders' meeting, which consists of one-third each of representatives of traders, cheesemakers and milk producers, unanimously approved the agreement on Monday, with no abstentions, Sbrinz announced on Tuesday. All parties involved are thus pulling in the same direction, Stefan Heller, managing director of the variety organization, told the Keystone-SDA news agency.<\/p>\r\n<p>The aim of the collaboration with Emmi is to make the Sbrinz AOP variety heard on the cheese market, Heller said. This is to be achieved with a uniform image that strengthens recognition.<\/p>\r\n<p>Until now, the Sortenorganisation has done the marketing for Sbrinz, but has not sold any cheese itself, a construct that is not optimal according to Heller. By handing over marketing and communications to Emmi, market development and sales are moving closer together.<\/p>\r\n<h3>Produce and sell more Sbrinz<\/h3>\r\n<p>With the collaboration with Emmi, the varietal organization is aiming for more Sbrinz AOP to be produced and sold. The current annual production of 1600 tons should be increased by 500 tons within ten years, he said. Then the 25 Sbrinz cheese dairies will be well utilized, Heller said.<\/p>\r\n<p>Although Sbrinz AOP is one of the best-known Swiss cheeses, its share of domestic cheese production is less than 1 percent. In addition, Sbrinz faces strong competition from Italian \"pasta cheese,\" Heller continued. Of the latter, several times the Sbrinz production is imported from Italy to Switzerland.<\/p>\r\n<p>Emmi has already been an important partner of Sbrinz AOP. Around four out of five loaves are traded via the Lucerne-based milk processor. However, the two other Sbrinz traders, affineur and exporter Lustenberger &amp; D\u00fcrst from Cham ZG and Intercheese from Berom\u00fcnster LU, will not be disadvantaged by the collaboration between Sbrinz and Emmi, according to Heller. They can also access the marketing resources, he said.<\/p>\r\n<p>The new marketing regime for Sbrinz will come into force on January 1, 2023. The Sbrinz Variety Organization will continue to act as the owner of the Sbrinz AOP brand and will remain responsible for the administrative continuation of the office in Sursee LU, the statement said. <em>(SDA)<\/em><\/p>","protected":false},"excerpt":{"rendered":"<p>Die ausserordentliche Gesellschafterversammlung, die zu je einem Drittel aus Vertretern der H\u00e4ndler, der K\u00e4ser und der Milchproduzenten besteht, stimmte am Montag einstimmig und ohne Enthaltungen der Vereinbarung zu, wie Sbrinz am Dienstag mitteilte. Es w\u00fcrden somit alle Beteiligten am selben Strick ziehen, erkl\u00e4rte Stefan Heller, Gesch\u00e4ftsf\u00fchrer der Sortenorganisation, gegen\u00fcber der Nachrichtenagentur Keystone-SDA. Ziel der Zusammenarbeit [\u2026]<\/p>\n","protected":false},"author":8,"featured_media":0,"comment_status":"closed","ping_status":"closed","sticky":false,"template":"","format":"standard","meta":{"_acf_changed":false,"_yoast_wpseo_focuskw":"Sbrinz Emmi Kooperation","_yoast_wpseo_metadesc":"Sbrinz AOP kooperiert mit Emmi zur St\u00e4rkung der Marke. Ziel: Mehr Produktion und Verkauf von Sbrinz-K\u00e4se.","articlekey":"","footnotes":""},"categories":[29],"tags":[3498,3499],"class_list":["post-17757","post","type-post","status-publish","format-standard","hentry","category-marketing","tag-emmi","tag-kaese"],"acf":[],"yoast_head":"<!-- This site is optimized with the Yoast SEO plugin v27.5 - https:\/\/yoast.com\/product\/yoast-seo-wordpress\/ -->\n<title>Emmi vermarktet neu Sbrinz - Organisator<\/title>\n<meta name=\"description\" content=\"Sbrinz AOP kooperiert mit Emmi zur St\u00e4rkung der Marke. Ziel: Mehr Produktion und Verkauf von Sbrinz-K\u00e4se.\" \/>\n<meta name=\"robots\" content=\"index, follow, max-snippet:-1, max-image-preview:large, max-video-preview:-1\" \/>\n<link rel=\"canonical\" href=\"https:\/\/www.organisator.ch\/en\/marketing\/2022-11-08\/emmi-vermarktet-neu-sbrinz\/\" \/>\n<meta property=\"og:locale\" content=\"en_US\" \/>\n<meta property=\"og:type\" content=\"article\" \/>\n<meta property=\"og:title\" content=\"Emmi vermarktet neu Sbrinz - Organisator\" \/>\n<meta property=\"og:description\" content=\"Sbrinz AOP kooperiert mit Emmi zur St\u00e4rkung der Marke. Ziel: Mehr Produktion und Verkauf von Sbrinz-K\u00e4se.\" \/>\n<meta property=\"og:url\" content=\"https:\/\/www.organisator.ch\/en\/marketing\/2022-11-08\/emmi-vermarktet-neu-sbrinz\/\" \/>\n<meta property=\"og:site_name\" content=\"Organisator\" \/>\n<meta property=\"article:publisher\" content=\"https:\/\/www.facebook.com\/OrganisatorFachmagazin\" \/>\n<meta property=\"article:published_time\" content=\"2022-11-08T15:28:22+00:00\" \/>\n<meta property=\"article:modified_time\" content=\"2024-11-20T10:08:17+00:00\" \/>\n<meta name=\"author\" content=\"galledia\" \/>\n<meta name=\"twitter:card\" content=\"summary_large_image\" \/>\n<meta name=\"twitter:creator\" content=\"@admin\" \/>\n<script type=\"application\/ld+json\" class=\"yoast-schema-graph\">{\"@context\":\"https:\\\/\\\/schema.org\",\"@graph\":[{\"@type\":\"Article\",\"@id\":\"https:\\\/\\\/www.organisator.ch\\\/marketing\\\/2022-11-08\\\/emmi-vermarktet-neu-sbrinz\\\/#article\",\"isPartOf\":{\"@id\":\"https:\\\/\\\/www.organisator.ch\\\/marketing\\\/2022-11-08\\\/emmi-vermarktet-neu-sbrinz\\\/\"},\"author\":{\"name\":\"galledia\",\"@id\":\"https:\\\/\\\/www.organisator.ch\\\/#\\\/schema\\\/person\\\/4e51799071cd2dd1232ac003643ef5f0\"},\"headline\":\"Emmi vermarktet neu Sbrinz\",\"datePublished\":\"2022-11-08T15:28:22+00:00\",\"dateModified\":\"2024-11-20T10:08:17+00:00\",\"mainEntityOfPage\":{\"@id\":\"https:\\\/\\\/www.organisator.ch\\\/marketing\\\/2022-11-08\\\/emmi-vermarktet-neu-sbrinz\\\/\"},\"wordCount\":357,\"publisher\":{\"@id\":\"https:\\\/\\\/www.organisator.ch\\\/#organization\"},\"image\":{\"@id\":\"https:\\\/\\\/www.organisator.ch\\\/marketing\\\/2022-11-08\\\/emmi-vermarktet-neu-sbrinz\\\/#primaryimage\"},\"thumbnailUrl\":\"https:\\\/\\\/www.werbewoche.ch\\\/wp-content\\\/uploads\\\/2022\\\/11\\\/Sbrinz-_-St.-Karli-Keller-Luzern-2-22-screenshot.jpg\",\"keywords\":[\"Emmi\",\"K\u00e4se\"],\"articleSection\":[\"MARKETING\"],\"inLanguage\":\"en-US\"},{\"@type\":\"WebPage\",\"@id\":\"https:\\\/\\\/www.organisator.ch\\\/marketing\\\/2022-11-08\\\/emmi-vermarktet-neu-sbrinz\\\/\",\"url\":\"https:\\\/\\\/www.organisator.ch\\\/marketing\\\/2022-11-08\\\/emmi-vermarktet-neu-sbrinz\\\/\",\"name\":\"Emmi vermarktet neu Sbrinz - Organisator\",\"isPartOf\":{\"@id\":\"https:\\\/\\\/www.organisator.ch\\\/#website\"},\"primaryImageOfPage\":{\"@id\":\"https:\\\/\\\/www.organisator.ch\\\/marketing\\\/2022-11-08\\\/emmi-vermarktet-neu-sbrinz\\\/#primaryimage\"},\"image\":{\"@id\":\"https:\\\/\\\/www.organisator.ch\\\/marketing\\\/2022-11-08\\\/emmi-vermarktet-neu-sbrinz\\\/#primaryimage\"},\"thumbnailUrl\":\"https:\\\/\\\/www.werbewoche.ch\\\/wp-content\\\/uploads\\\/2022\\\/11\\\/Sbrinz-_-St.-Karli-Keller-Luzern-2-22-screenshot.jpg\",\"datePublished\":\"2022-11-08T15:28:22+00:00\",\"dateModified\":\"2024-11-20T10:08:17+00:00\",\"description\":\"Sbrinz AOP kooperiert mit Emmi zur St\u00e4rkung der Marke. Ziel: Mehr Produktion und Verkauf von Sbrinz-K\u00e4se.\",\"breadcrumb\":{\"@id\":\"https:\\\/\\\/www.organisator.ch\\\/marketing\\\/2022-11-08\\\/emmi-vermarktet-neu-sbrinz\\\/#breadcrumb\"},\"inLanguage\":\"en-US\",\"potentialAction\":[{\"@type\":\"ReadAction\",\"target\":[\"https:\\\/\\\/www.organisator.ch\\\/marketing\\\/2022-11-08\\\/emmi-vermarktet-neu-sbrinz\\\/\"]}]},{\"@type\":\"ImageObject\",\"inLanguage\":\"en-US\",\"@id\":\"https:\\\/\\\/www.organisator.ch\\\/marketing\\\/2022-11-08\\\/emmi-vermarktet-neu-sbrinz\\\/#primaryimage\",\"url\":\"https:\\\/\\\/www.werbewoche.ch\\\/wp-content\\\/uploads\\\/2022\\\/11\\\/Sbrinz-_-St.-Karli-Keller-Luzern-2-22-screenshot.jpg\",\"contentUrl\":\"https:\\\/\\\/www.werbewoche.ch\\\/wp-content\\\/uploads\\\/2022\\\/11\\\/Sbrinz-_-St.-Karli-Keller-Luzern-2-22-screenshot.jpg\"},{\"@type\":\"BreadcrumbList\",\"@id\":\"https:\\\/\\\/www.organisator.ch\\\/marketing\\\/2022-11-08\\\/emmi-vermarktet-neu-sbrinz\\\/#breadcrumb\",\"itemListElement\":[{\"@type\":\"ListItem\",\"position\":1,\"name\":\"Home\",\"item\":\"https:\\\/\\\/www.organisator.ch\\\/\"},{\"@type\":\"ListItem\",\"position\":2,\"name\":\"Emmi vermarktet neu Sbrinz\"}]},{\"@type\":\"WebSite\",\"@id\":\"https:\\\/\\\/www.organisator.ch\\\/#website\",\"url\":\"https:\\\/\\\/www.organisator.ch\\\/\",\"name\":\"Organisator\",\"description\":\"Kompetent. Praxisnah. Der ORGANISATOR bereitet in 10 Ausgaben pro Jahr die wesentlichen Themen f\u00fcr F\u00fchrungskr\u00e4fte von KMU auf.\",\"publisher\":{\"@id\":\"https:\\\/\\\/www.organisator.ch\\\/#organization\"},\"potentialAction\":[{\"@type\":\"SearchAction\",\"target\":{\"@type\":\"EntryPoint\",\"urlTemplate\":\"https:\\\/\\\/www.organisator.ch\\\/?s={search_term_string}\"},\"query-input\":{\"@type\":\"PropertyValueSpecification\",\"valueRequired\":true,\"valueName\":\"search_term_string\"}}],\"inLanguage\":\"en-US\"},{\"@type\":\"Organization\",\"@id\":\"https:\\\/\\\/www.organisator.ch\\\/#organization\",\"name\":\"Organisator\",\"url\":\"https:\\\/\\\/www.organisator.ch\\\/\",\"logo\":{\"@type\":\"ImageObject\",\"inLanguage\":\"en-US\",\"@id\":\"https:\\\/\\\/www.organisator.ch\\\/#\\\/schema\\\/logo\\\/image\\\/\",\"url\":\"https:\\\/\\\/www.organisator.ch\\\/wp-content\\\/uploads\\\/2022\\\/01\\\/Logo_Organisator_Website.png\",\"contentUrl\":\"https:\\\/\\\/www.organisator.ch\\\/wp-content\\\/uploads\\\/2022\\\/01\\\/Logo_Organisator_Website.png\",\"width\":800,\"height\":77,\"caption\":\"Organisator\"},\"image\":{\"@id\":\"https:\\\/\\\/www.organisator.ch\\\/#\\\/schema\\\/logo\\\/image\\\/\"},\"sameAs\":[\"https:\\\/\\\/www.facebook.com\\\/OrganisatorFachmagazin\",\"https:\\\/\\\/www.linkedin.com\\\/showcase\\\/organisator-das-magazin-fr-kmu\",\"https:\\\/\\\/www.xing.com\\\/news\\\/pages\\\/organisator-ch-695\",\"https:\\\/\\\/www.youtube.com\\\/channel\\\/UCGP2Sq0iWaZwT3BdIAQFYpw\"]},{\"@type\":\"Person\",\"@id\":\"https:\\\/\\\/www.organisator.ch\\\/#\\\/schema\\\/person\\\/4e51799071cd2dd1232ac003643ef5f0\",\"name\":\"galledia\",\"image\":{\"@type\":\"ImageObject\",\"inLanguage\":\"en-US\",\"@id\":\"https:\\\/\\\/secure.gravatar.com\\\/avatar\\\/78a7f90c01fc2bfc875782a0d4922b37cde2cf184ce347b91316d23cd7f69a36?s=96&d=mm&r=g\",\"url\":\"https:\\\/\\\/secure.gravatar.com\\\/avatar\\\/78a7f90c01fc2bfc875782a0d4922b37cde2cf184ce347b91316d23cd7f69a36?s=96&d=mm&r=g\",\"contentUrl\":\"https:\\\/\\\/secure.gravatar.com\\\/avatar\\\/78a7f90c01fc2bfc875782a0d4922b37cde2cf184ce347b91316d23cd7f69a36?s=96&d=mm&r=g\",\"caption\":\"galledia\"},\"sameAs\":[\"https:\\\/\\\/x.com\\\/admin\"],\"url\":\"https:\\\/\\\/www.organisator.ch\\\/en\\\/author\\\/galledia\\\/\"}]}<\/script>\n<!-- \/ Yoast SEO plugin. -->","yoast_head_json":{"title":"Emmi markets new Sbrinz - organizer","description":"Sbrinz AOP cooperates with Emmi to strengthen the brand. Goal: more production and sales of Sbrinz cheese.","robots":{"index":"index","follow":"follow","max-snippet":"max-snippet:-1","max-image-preview":"max-image-preview:large","max-video-preview":"max-video-preview:-1"},"canonical":"https:\/\/www.organisator.ch\/en\/marketing\/2022-11-08\/emmi-vermarktet-neu-sbrinz\/","og_locale":"en_US","og_type":"article","og_title":"Emmi vermarktet neu Sbrinz - Organisator","og_description":"Sbrinz AOP kooperiert mit Emmi zur St\u00e4rkung der Marke. Ziel: Mehr Produktion und Verkauf von Sbrinz-K\u00e4se.","og_url":"https:\/\/www.organisator.ch\/en\/marketing\/2022-11-08\/emmi-vermarktet-neu-sbrinz\/","og_site_name":"Organisator","article_publisher":"https:\/\/www.facebook.com\/OrganisatorFachmagazin","article_published_time":"2022-11-08T15:28:22+00:00","article_modified_time":"2024-11-20T10:08:17+00:00","author":"galledia","twitter_card":"summary_large_image","twitter_creator":"@admin","schema":{"@context":"https:\/\/schema.org","@graph":[{"@type":"Article","@id":"https:\/\/www.organisator.ch\/marketing\/2022-11-08\/emmi-vermarktet-neu-sbrinz\/#article","isPartOf":{"@id":"https:\/\/www.organisator.ch\/marketing\/2022-11-08\/emmi-vermarktet-neu-sbrinz\/"},"author":{"name":"galledia","@id":"https:\/\/www.organisator.ch\/#\/schema\/person\/4e51799071cd2dd1232ac003643ef5f0"},"headline":"Emmi vermarktet neu Sbrinz","datePublished":"2022-11-08T15:28:22+00:00","dateModified":"2024-11-20T10:08:17+00:00","mainEntityOfPage":{"@id":"https:\/\/www.organisator.ch\/marketing\/2022-11-08\/emmi-vermarktet-neu-sbrinz\/"},"wordCount":357,"publisher":{"@id":"https:\/\/www.organisator.ch\/#organization"},"image":{"@id":"https:\/\/www.organisator.ch\/marketing\/2022-11-08\/emmi-vermarktet-neu-sbrinz\/#primaryimage"},"thumbnailUrl":"https:\/\/www.werbewoche.ch\/wp-content\/uploads\/2022\/11\/Sbrinz-_-St.-Karli-Keller-Luzern-2-22-screenshot.jpg","keywords":["Emmi","K\u00e4se"],"articleSection":["MARKETING"],"inLanguage":"en-US"},{"@type":"WebPage","@id":"https:\/\/www.organisator.ch\/marketing\/2022-11-08\/emmi-vermarktet-neu-sbrinz\/","url":"https:\/\/www.organisator.ch\/marketing\/2022-11-08\/emmi-vermarktet-neu-sbrinz\/","name":"Emmi markets new Sbrinz - organizer","isPartOf":{"@id":"https:\/\/www.organisator.ch\/#website"},"primaryImageOfPage":{"@id":"https:\/\/www.organisator.ch\/marketing\/2022-11-08\/emmi-vermarktet-neu-sbrinz\/#primaryimage"},"image":{"@id":"https:\/\/www.organisator.ch\/marketing\/2022-11-08\/emmi-vermarktet-neu-sbrinz\/#primaryimage"},"thumbnailUrl":"https:\/\/www.werbewoche.ch\/wp-content\/uploads\/2022\/11\/Sbrinz-_-St.-Karli-Keller-Luzern-2-22-screenshot.jpg","datePublished":"2022-11-08T15:28:22+00:00","dateModified":"2024-11-20T10:08:17+00:00","description":"Sbrinz AOP cooperates with Emmi to strengthen the brand. Goal: more production and sales of Sbrinz cheese.","breadcrumb":{"@id":"https:\/\/www.organisator.ch\/marketing\/2022-11-08\/emmi-vermarktet-neu-sbrinz\/#breadcrumb"},"inLanguage":"en-US","potentialAction":[{"@type":"ReadAction","target":["https:\/\/www.organisator.ch\/marketing\/2022-11-08\/emmi-vermarktet-neu-sbrinz\/"]}]},{"@type":"ImageObject","inLanguage":"en-US","@id":"https:\/\/www.organisator.ch\/marketing\/2022-11-08\/emmi-vermarktet-neu-sbrinz\/#primaryimage","url":"https:\/\/www.werbewoche.ch\/wp-content\/uploads\/2022\/11\/Sbrinz-_-St.-Karli-Keller-Luzern-2-22-screenshot.jpg","contentUrl":"https:\/\/www.werbewoche.ch\/wp-content\/uploads\/2022\/11\/Sbrinz-_-St.-Karli-Keller-Luzern-2-22-screenshot.jpg"},{"@type":"BreadcrumbList","@id":"https:\/\/www.organisator.ch\/marketing\/2022-11-08\/emmi-vermarktet-neu-sbrinz\/#breadcrumb","itemListElement":[{"@type":"ListItem","position":1,"name":"Home","item":"https:\/\/www.organisator.ch\/"},{"@type":"ListItem","position":2,"name":"Emmi vermarktet neu Sbrinz"}]},{"@type":"WebSite","@id":"https:\/\/www.organisator.ch\/#website","url":"https:\/\/www.organisator.ch\/","name":"Organizer","description":"Competent. Practical. In 10 issues per year, ORGANISATOR presents the essential topics for managers of SMEs.","publisher":{"@id":"https:\/\/www.organisator.ch\/#organization"},"potentialAction":[{"@type":"SearchAction","target":{"@type":"EntryPoint","urlTemplate":"https:\/\/www.organisator.ch\/?s={search_term_string}"},"query-input":{"@type":"PropertyValueSpecification","valueRequired":true,"valueName":"search_term_string"}}],"inLanguage":"en-US"},{"@type":"Organization","@id":"https:\/\/www.organisator.ch\/#organization","name":"Organizer","url":"https:\/\/www.organisator.ch\/","logo":{"@type":"ImageObject","inLanguage":"en-US","@id":"https:\/\/www.organisator.ch\/#\/schema\/logo\/image\/","url":"https:\/\/www.organisator.ch\/wp-content\/uploads\/2022\/01\/Logo_Organisator_Website.png","contentUrl":"https:\/\/www.organisator.ch\/wp-content\/uploads\/2022\/01\/Logo_Organisator_Website.png","width":800,"height":77,"caption":"Organisator"},"image":{"@id":"https:\/\/www.organisator.ch\/#\/schema\/logo\/image\/"},"sameAs":["https:\/\/www.facebook.com\/OrganisatorFachmagazin","https:\/\/www.linkedin.com\/showcase\/organisator-das-magazin-fr-kmu","https:\/\/www.xing.com\/news\/pages\/organisator-ch-695","https:\/\/www.youtube.com\/channel\/UCGP2Sq0iWaZwT3BdIAQFYpw"]},{"@type":"Person","@id":"https:\/\/www.organisator.ch\/#\/schema\/person\/4e51799071cd2dd1232ac003643ef5f0","name":"galledia","image":{"@type":"ImageObject","inLanguage":"en-US","@id":"https:\/\/secure.gravatar.com\/avatar\/78a7f90c01fc2bfc875782a0d4922b37cde2cf184ce347b91316d23cd7f69a36?s=96&d=mm&r=g","url":"https:\/\/secure.gravatar.com\/avatar\/78a7f90c01fc2bfc875782a0d4922b37cde2cf184ce347b91316d23cd7f69a36?s=96&d=mm&r=g","contentUrl":"https:\/\/secure.gravatar.com\/avatar\/78a7f90c01fc2bfc875782a0d4922b37cde2cf184ce347b91316d23cd7f69a36?s=96&d=mm&r=g","caption":"galledia"},"sameAs":["https:\/\/x.com\/admin"],"url":"https:\/\/www.organisator.ch\/en\/author\/galledia\/"}]}},"_links":{"self":[{"href":"https:\/\/www.organisator.ch\/en\/wp-json\/wp\/v2\/posts\/17757","targetHints":{"allow":["GET"]}}],"collection":[{"href":"https:\/\/www.organisator.ch\/en\/wp-json\/wp\/v2\/posts"}],"about":[{"href":"https:\/\/www.organisator.ch\/en\/wp-json\/wp\/v2\/types\/post"}],"author":[{"embeddable":true,"href":"https:\/\/www.organisator.ch\/en\/wp-json\/wp\/v2\/users\/8"}],"replies":[{"embeddable":true,"href":"https:\/\/www.organisator.ch\/en\/wp-json\/wp\/v2\/comments?post=17757"}],"version-history":[{"count":3,"href":"https:\/\/www.organisator.ch\/en\/wp-json\/wp\/v2\/posts\/17757\/revisions"}],"predecessor-version":[{"id":33648,"href":"https:\/\/www.organisator.ch\/en\/wp-json\/wp\/v2\/posts\/17757\/revisions\/33648"}],"wp:attachment":[{"href":"https:\/\/www.organisator.ch\/en\/wp-json\/wp\/v2\/media?parent=17757"}],"wp:term":[{"taxonomy":"category","embeddable":true,"href":"https:\/\/www.organisator.ch\/en\/wp-json\/wp\/v2\/categories?post=17757"},{"taxonomy":"post_tag","embeddable":true,"href":"https:\/\/www.organisator.ch\/en\/wp-json\/wp\/v2\/tags?post=17757"}],"curies":[{"name":"wp","href":"https:\/\/api.w.org\/{rel}","templated":true}]}}