{"id":1784,"date":"2017-04-12T10:37:05","date_gmt":"2017-04-12T08:37:05","guid":{"rendered":"https:\/\/www.organisator.ch\/?p=1784"},"modified":"2017-04-12T10:37:05","modified_gmt":"2017-04-12T08:37:05","slug":"1784-2","status":"publish","type":"post","link":"https:\/\/www.organisator.ch\/en\/allgemein\/2017-04-12\/1784-2\/","title":{"rendered":"Study on the management of mentally ill employees"},"content":{"rendered":"<figure id=\"attachment_1785\" aria-describedby=\"caption-attachment-1785\" style=\"width: 640px\" class=\"wp-caption alignnone\"><img loading=\"lazy\" decoding=\"async\" class=\"size-full wp-image-1785\" src=\"https:\/\/www.organisator.ch\/wp-content\/uploads\/2017\/04\/Studie-zur-Fuehrung-psychisch-kranker-Mitarbeitender-org-organisator.jpg\" alt=\"\" width=\"640\" height=\"407\" srcset=\"https:\/\/www.organisator.ch\/wp-content\/uploads\/2017\/04\/Studie-zur-Fuehrung-psychisch-kranker-Mitarbeitender-org-organisator.jpg 640w, https:\/\/www.organisator.ch\/wp-content\/uploads\/2017\/04\/Studie-zur-Fuehrung-psychisch-kranker-Mitarbeitender-org-organisator-16x10.jpg 16w, https:\/\/www.organisator.ch\/wp-content\/uploads\/2017\/04\/Studie-zur-Fuehrung-psychisch-kranker-Mitarbeitender-org-organisator-275x175.jpg 275w, https:\/\/www.organisator.ch\/wp-content\/uploads\/2017\/04\/Studie-zur-Fuehrung-psychisch-kranker-Mitarbeitender-org-organisator-550x350.jpg 550w, https:\/\/www.organisator.ch\/wp-content\/uploads\/2017\/04\/Studie-zur-Fuehrung-psychisch-kranker-Mitarbeitender-org-organisator-300x191.jpg 300w\" sizes=\"auto, (max-width: 640px) 100vw, 640px\" \/><figcaption id=\"caption-attachment-1785\" class=\"wp-caption-text\">The study, \"The Daily Madness,\" underscores that about 20 percent of employees are affected. (Image: Depositphotos_SIphotography)<\/figcaption><\/figure>\n<p>The study also points to problems and stresses in the workplace. Often, affected employees, colleagues and superiors do not know how to deal with mental health problems. In the course of a year, the study emphasizes, around 20 percent of employees have a (mostly minor) mental illness. Around 75 percent of those affected say their productivity at work is reduced due to their health.<\/p>\n<p>The Lucerne University of Applied Sciences and Arts and Psychiatry Baselland have investigated how mental health problems affect employees in the workplace from the perspective of German-speaking Swiss managers.<\/p>\n<p><strong>The study's findings include the following:<\/strong><\/p>\n<p><em>- Managers are not prepared for psychological problem situations<\/em><\/p>\n<p><em>\u00a0- Recurring severe problems are often not addressed<\/em><\/p>\n<p><em>\u00a0- In most cases, the employment relationship is terminated<\/em><\/p>\n<p><em>\u00a0- Small businesses and industrial companies are particularly challenged<\/em><\/p>\n<p><em>\u00a0- Managers often act only when problems are acute<\/em><\/p>\n<p><em>\u00a0- Support measures should not be linked to absences.<\/em><\/p>\n<p><em>\u00a0- The problems take place in the closest circle<\/em><\/p>\n<p><em>\u00a0- If psychiatrists are involved, it is primarily a matter of<\/em><\/p>\n<p><strong>Research team formulates recommendations:<\/strong><\/p>\n<p><strong>1.) Sensitization <\/strong><\/p>\n<p>The study shows a need for training on all sides, not only for managers, but also for human resources managers, in-house staff services, occupational health and safety specialists, the labor inspectorate, case managers from private insurance companies, etc. For this reason, companies should be required, among other things, to provide their managers with appropriate and sustained training in dealing with employees with mental health problems.<\/p>\n<p><strong>2.) Appropriate guidelines<\/strong><\/p>\n<p>All companies should, among other things, have suitable guidelines for dealing with employees with mental health problems, which should be adapted to the size of the company, etc. and go beyond preventive and health-promoting measures.<\/p>\n<p><strong>3.) Specifications and structures<\/strong><\/p>\n<p>Experience shows that improved know-how, guidelines and cooperation intentions are not enough (as important as they are) to sustainably change the behavior of the actors. This needs to be accompanied by a framework of legal requirements and incentives for all actors.<\/p>\n<p><strong>Study \"The Daily Madness<\/strong><\/p>\n<p>The research results and the recommendations in detail can be read in the summary as well as in the final report of the study \"Der t\u00e4gliche Wahnsinn - Psychisch auff\u00e4llige Mitarbeiter und ihr Problemverlauf aus Sicht von Deutschschweizer F\u00fchrungskr\u00e4ften\".<\/p>\n<p>On the website of the Lucerne University of Applied Sciences and Arts you can also download the <a href=\"https:\/\/www.hslu.ch\/de-ch\/soziale-arbeit\/institute\/sozialmanagement-sozialpolitik-und-praevention\/praevention-und-gesundheit\/studie-der-taegliche-wahnsinn\/\">complete study<\/a> download<\/p>\n<p>&nbsp;<\/p>\n<p>&nbsp;<\/p>","protected":false},"excerpt":{"rendered":"<p>Die Studie weist ebenso auf Probleme und Belastungen am Arbeitsplatz hin. H\u00e4ufig w\u00fcssten betroffene Mitarbeitenden, Kollegen und Vorgesetzten nicht, wie man mit psychischen Problemen umgeht. In Verlaufe eines Jahres, betont die Studie, h\u00e4tten rund 20 Prozent der Mitarbeitenden eine (meist leichtere) psychische Krankheit. Rund 75 Prozent der Betroffenen sagen, ihre Produktivit\u00e4t am Arbeitsplatz sei gesundheitsbedingt [&hellip;]<\/p>\n","protected":false},"author":5,"featured_media":1785,"comment_status":"open","ping_status":"open","sticky":false,"template":"","format":"standard","meta":{"_acf_changed":false,"_yoast_wpseo_focuskw":"Studie","_yoast_wpseo_metadesc":"Die Studie zur F\u00fchrung psychisch kranker Mitarbeitenden spricht Tacheles. Sie wurde durch die Hochschule Luzern publiziert.","articlekey":"","footnotes":""},"categories":[1],"tags":[255,400,459],"class_list":["post-1784","post","type-post","status-publish","format-standard","has-post-thumbnail","hentry","category-allgemein","tag-hslu","tag-psychische-gesundheit","tag-studie"],"acf":[],"yoast_head":"<!-- This site is optimized with the Yoast SEO plugin v27.4 - https:\/\/yoast.com\/product\/yoast-seo-wordpress\/ -->\n<title>Studie zur F\u00fchrung psychisch kranker Mitarbeitender - Organisator<\/title>\n<meta name=\"description\" content=\"Die Studie zur F\u00fchrung psychisch kranker Mitarbeitenden spricht Tacheles. Sie wurde durch die Hochschule Luzern publiziert.\" \/>\n<meta name=\"robots\" content=\"index, follow, max-snippet:-1, max-image-preview:large, max-video-preview:-1\" \/>\n<link rel=\"canonical\" href=\"https:\/\/www.organisator.ch\/en\/general\/2017-04-12\/1784-2\/\" \/>\n<meta property=\"og:locale\" content=\"en_US\" \/>\n<meta property=\"og:type\" content=\"article\" \/>\n<meta property=\"og:title\" content=\"Studie zur F\u00fchrung psychisch kranker Mitarbeitender - Organisator\" \/>\n<meta property=\"og:description\" content=\"Die Studie zur F\u00fchrung psychisch kranker Mitarbeitenden spricht Tacheles. Sie wurde durch die Hochschule Luzern publiziert.\" \/>\n<meta property=\"og:url\" content=\"https:\/\/www.organisator.ch\/en\/general\/2017-04-12\/1784-2\/\" \/>\n<meta property=\"og:site_name\" content=\"Organisator\" \/>\n<meta property=\"article:publisher\" content=\"https:\/\/www.facebook.com\/OrganisatorFachmagazin\" \/>\n<meta property=\"article:published_time\" content=\"2017-04-12T08:37:05+00:00\" \/>\n<meta property=\"og:image\" content=\"https:\/\/www.organisator.ch\/wp-content\/uploads\/2017\/04\/Studie-zur-Fuehrung-psychisch-kranker-Mitarbeitender-org-organisator.jpg\" \/>\n\t<meta property=\"og:image:width\" content=\"640\" \/>\n\t<meta property=\"og:image:height\" content=\"407\" \/>\n\t<meta property=\"og:image:type\" content=\"image\/jpeg\" \/>\n<meta name=\"author\" content=\"michael.merz\" \/>\n<meta name=\"twitter:card\" content=\"summary_large_image\" \/>\n<script type=\"application\/ld+json\" class=\"yoast-schema-graph\">{\"@context\":\"https:\\\/\\\/schema.org\",\"@graph\":[{\"@type\":\"Article\",\"@id\":\"https:\\\/\\\/www.organisator.ch\\\/fr\\\/general\\\/2017-04-12\\\/1784-2\\\/#article\",\"isPartOf\":{\"@id\":\"https:\\\/\\\/www.organisator.ch\\\/fr\\\/general\\\/2017-04-12\\\/1784-2\\\/\"},\"author\":{\"name\":\"michael.merz\",\"@id\":\"https:\\\/\\\/www.organisator.ch\\\/#\\\/schema\\\/person\\\/134708ca9321c57b0362cceb7948ffbd\"},\"headline\":\"Studie zur F\u00fchrung psychisch kranker Mitarbeitender\",\"datePublished\":\"2017-04-12T08:37:05+00:00\",\"mainEntityOfPage\":{\"@id\":\"https:\\\/\\\/www.organisator.ch\\\/fr\\\/general\\\/2017-04-12\\\/1784-2\\\/\"},\"wordCount\":399,\"commentCount\":0,\"publisher\":{\"@id\":\"https:\\\/\\\/www.organisator.ch\\\/#organization\"},\"image\":{\"@id\":\"https:\\\/\\\/www.organisator.ch\\\/fr\\\/general\\\/2017-04-12\\\/1784-2\\\/#primaryimage\"},\"thumbnailUrl\":\"https:\\\/\\\/www.organisator.ch\\\/wp-content\\\/uploads\\\/2017\\\/04\\\/Studie-zur-Fuehrung-psychisch-kranker-Mitarbeitender-org-organisator.jpg\",\"keywords\":[\"HSLU\",\"Psychische Gesundheit\",\"Studie\"],\"articleSection\":[\"Allgemein\"],\"inLanguage\":\"en-US\"},{\"@type\":\"WebPage\",\"@id\":\"https:\\\/\\\/www.organisator.ch\\\/fr\\\/general\\\/2017-04-12\\\/1784-2\\\/\",\"url\":\"https:\\\/\\\/www.organisator.ch\\\/fr\\\/general\\\/2017-04-12\\\/1784-2\\\/\",\"name\":\"Studie zur F\u00fchrung psychisch kranker Mitarbeitender - Organisator\",\"isPartOf\":{\"@id\":\"https:\\\/\\\/www.organisator.ch\\\/#website\"},\"primaryImageOfPage\":{\"@id\":\"https:\\\/\\\/www.organisator.ch\\\/fr\\\/general\\\/2017-04-12\\\/1784-2\\\/#primaryimage\"},\"image\":{\"@id\":\"https:\\\/\\\/www.organisator.ch\\\/fr\\\/general\\\/2017-04-12\\\/1784-2\\\/#primaryimage\"},\"thumbnailUrl\":\"https:\\\/\\\/www.organisator.ch\\\/wp-content\\\/uploads\\\/2017\\\/04\\\/Studie-zur-Fuehrung-psychisch-kranker-Mitarbeitender-org-organisator.jpg\",\"datePublished\":\"2017-04-12T08:37:05+00:00\",\"description\":\"Die Studie zur F\u00fchrung psychisch kranker Mitarbeitenden spricht Tacheles. Sie wurde durch die Hochschule Luzern publiziert.\",\"breadcrumb\":{\"@id\":\"https:\\\/\\\/www.organisator.ch\\\/fr\\\/general\\\/2017-04-12\\\/1784-2\\\/#breadcrumb\"},\"inLanguage\":\"en-US\",\"potentialAction\":[{\"@type\":\"ReadAction\",\"target\":[\"https:\\\/\\\/www.organisator.ch\\\/fr\\\/general\\\/2017-04-12\\\/1784-2\\\/\"]}]},{\"@type\":\"ImageObject\",\"inLanguage\":\"en-US\",\"@id\":\"https:\\\/\\\/www.organisator.ch\\\/fr\\\/general\\\/2017-04-12\\\/1784-2\\\/#primaryimage\",\"url\":\"https:\\\/\\\/www.organisator.ch\\\/wp-content\\\/uploads\\\/2017\\\/04\\\/Studie-zur-Fuehrung-psychisch-kranker-Mitarbeitender-org-organisator.jpg\",\"contentUrl\":\"https:\\\/\\\/www.organisator.ch\\\/wp-content\\\/uploads\\\/2017\\\/04\\\/Studie-zur-Fuehrung-psychisch-kranker-Mitarbeitender-org-organisator.jpg\",\"width\":640,\"height\":407,\"caption\":\"Die Studie \\\"Der t\u00e4gliche Wahnsinn\\\" unterstreicht, dass rund 20 Prozent der Mitarbeitenden betroffen sind.\"},{\"@type\":\"BreadcrumbList\",\"@id\":\"https:\\\/\\\/www.organisator.ch\\\/fr\\\/general\\\/2017-04-12\\\/1784-2\\\/#breadcrumb\",\"itemListElement\":[{\"@type\":\"ListItem\",\"position\":1,\"name\":\"Home\",\"item\":\"https:\\\/\\\/www.organisator.ch\\\/\"},{\"@type\":\"ListItem\",\"position\":2,\"name\":\"Studie zur F\u00fchrung psychisch kranker Mitarbeitender\"}]},{\"@type\":\"WebSite\",\"@id\":\"https:\\\/\\\/www.organisator.ch\\\/#website\",\"url\":\"https:\\\/\\\/www.organisator.ch\\\/\",\"name\":\"Organisator\",\"description\":\"Kompetent. Praxisnah. Der ORGANISATOR bereitet in 10 Ausgaben pro Jahr die wesentlichen Themen f\u00fcr F\u00fchrungskr\u00e4fte von KMU auf.\",\"publisher\":{\"@id\":\"https:\\\/\\\/www.organisator.ch\\\/#organization\"},\"potentialAction\":[{\"@type\":\"SearchAction\",\"target\":{\"@type\":\"EntryPoint\",\"urlTemplate\":\"https:\\\/\\\/www.organisator.ch\\\/?s={search_term_string}\"},\"query-input\":{\"@type\":\"PropertyValueSpecification\",\"valueRequired\":true,\"valueName\":\"search_term_string\"}}],\"inLanguage\":\"en-US\"},{\"@type\":\"Organization\",\"@id\":\"https:\\\/\\\/www.organisator.ch\\\/#organization\",\"name\":\"Organisator\",\"url\":\"https:\\\/\\\/www.organisator.ch\\\/\",\"logo\":{\"@type\":\"ImageObject\",\"inLanguage\":\"en-US\",\"@id\":\"https:\\\/\\\/www.organisator.ch\\\/#\\\/schema\\\/logo\\\/image\\\/\",\"url\":\"https:\\\/\\\/www.organisator.ch\\\/wp-content\\\/uploads\\\/2022\\\/01\\\/Logo_Organisator_Website.png\",\"contentUrl\":\"https:\\\/\\\/www.organisator.ch\\\/wp-content\\\/uploads\\\/2022\\\/01\\\/Logo_Organisator_Website.png\",\"width\":800,\"height\":77,\"caption\":\"Organisator\"},\"image\":{\"@id\":\"https:\\\/\\\/www.organisator.ch\\\/#\\\/schema\\\/logo\\\/image\\\/\"},\"sameAs\":[\"https:\\\/\\\/www.facebook.com\\\/OrganisatorFachmagazin\",\"https:\\\/\\\/www.linkedin.com\\\/showcase\\\/organisator-das-magazin-fr-kmu\",\"https:\\\/\\\/www.xing.com\\\/news\\\/pages\\\/organisator-ch-695\",\"https:\\\/\\\/www.youtube.com\\\/channel\\\/UCGP2Sq0iWaZwT3BdIAQFYpw\"]},{\"@type\":\"Person\",\"@id\":\"https:\\\/\\\/www.organisator.ch\\\/#\\\/schema\\\/person\\\/134708ca9321c57b0362cceb7948ffbd\",\"name\":\"michael.merz\",\"image\":{\"@type\":\"ImageObject\",\"inLanguage\":\"en-US\",\"@id\":\"https:\\\/\\\/secure.gravatar.com\\\/avatar\\\/?s=96&d=mm&r=g\",\"url\":\"https:\\\/\\\/secure.gravatar.com\\\/avatar\\\/?s=96&d=mm&r=g\",\"contentUrl\":\"https:\\\/\\\/secure.gravatar.com\\\/avatar\\\/?s=96&d=mm&r=g\",\"caption\":\"michael.merz\"},\"url\":\"https:\\\/\\\/www.organisator.ch\\\/en\\\/author\\\/michael-merz\\\/\"}]}<\/script>\n<!-- \/ Yoast SEO plugin. -->","yoast_head_json":{"title":"Study on the management of mentally ill employees - Organizer","description":"The study on the management of mentally ill employees speaks plainly. It was published by the Lucerne University of Applied Sciences and Arts.","robots":{"index":"index","follow":"follow","max-snippet":"max-snippet:-1","max-image-preview":"max-image-preview:large","max-video-preview":"max-video-preview:-1"},"canonical":"https:\/\/www.organisator.ch\/en\/general\/2017-04-12\/1784-2\/","og_locale":"en_US","og_type":"article","og_title":"Studie zur F\u00fchrung psychisch kranker Mitarbeitender - Organisator","og_description":"Die Studie zur F\u00fchrung psychisch kranker Mitarbeitenden spricht Tacheles. Sie wurde durch die Hochschule Luzern publiziert.","og_url":"https:\/\/www.organisator.ch\/en\/general\/2017-04-12\/1784-2\/","og_site_name":"Organisator","article_publisher":"https:\/\/www.facebook.com\/OrganisatorFachmagazin","article_published_time":"2017-04-12T08:37:05+00:00","og_image":[{"width":640,"height":407,"url":"https:\/\/www.organisator.ch\/wp-content\/uploads\/2017\/04\/Studie-zur-Fuehrung-psychisch-kranker-Mitarbeitender-org-organisator.jpg","type":"image\/jpeg"}],"author":"michael.merz","twitter_card":"summary_large_image","schema":{"@context":"https:\/\/schema.org","@graph":[{"@type":"Article","@id":"https:\/\/www.organisator.ch\/fr\/general\/2017-04-12\/1784-2\/#article","isPartOf":{"@id":"https:\/\/www.organisator.ch\/fr\/general\/2017-04-12\/1784-2\/"},"author":{"name":"michael.merz","@id":"https:\/\/www.organisator.ch\/#\/schema\/person\/134708ca9321c57b0362cceb7948ffbd"},"headline":"Studie zur F\u00fchrung psychisch kranker Mitarbeitender","datePublished":"2017-04-12T08:37:05+00:00","mainEntityOfPage":{"@id":"https:\/\/www.organisator.ch\/fr\/general\/2017-04-12\/1784-2\/"},"wordCount":399,"commentCount":0,"publisher":{"@id":"https:\/\/www.organisator.ch\/#organization"},"image":{"@id":"https:\/\/www.organisator.ch\/fr\/general\/2017-04-12\/1784-2\/#primaryimage"},"thumbnailUrl":"https:\/\/www.organisator.ch\/wp-content\/uploads\/2017\/04\/Studie-zur-Fuehrung-psychisch-kranker-Mitarbeitender-org-organisator.jpg","keywords":["HSLU","Psychische Gesundheit","Studie"],"articleSection":["Allgemein"],"inLanguage":"en-US"},{"@type":"WebPage","@id":"https:\/\/www.organisator.ch\/fr\/general\/2017-04-12\/1784-2\/","url":"https:\/\/www.organisator.ch\/fr\/general\/2017-04-12\/1784-2\/","name":"Study on the management of mentally ill employees - Organizer","isPartOf":{"@id":"https:\/\/www.organisator.ch\/#website"},"primaryImageOfPage":{"@id":"https:\/\/www.organisator.ch\/fr\/general\/2017-04-12\/1784-2\/#primaryimage"},"image":{"@id":"https:\/\/www.organisator.ch\/fr\/general\/2017-04-12\/1784-2\/#primaryimage"},"thumbnailUrl":"https:\/\/www.organisator.ch\/wp-content\/uploads\/2017\/04\/Studie-zur-Fuehrung-psychisch-kranker-Mitarbeitender-org-organisator.jpg","datePublished":"2017-04-12T08:37:05+00:00","description":"The study on the management of mentally ill employees speaks plainly. It was published by the Lucerne University of Applied Sciences and Arts.","breadcrumb":{"@id":"https:\/\/www.organisator.ch\/fr\/general\/2017-04-12\/1784-2\/#breadcrumb"},"inLanguage":"en-US","potentialAction":[{"@type":"ReadAction","target":["https:\/\/www.organisator.ch\/fr\/general\/2017-04-12\/1784-2\/"]}]},{"@type":"ImageObject","inLanguage":"en-US","@id":"https:\/\/www.organisator.ch\/fr\/general\/2017-04-12\/1784-2\/#primaryimage","url":"https:\/\/www.organisator.ch\/wp-content\/uploads\/2017\/04\/Studie-zur-Fuehrung-psychisch-kranker-Mitarbeitender-org-organisator.jpg","contentUrl":"https:\/\/www.organisator.ch\/wp-content\/uploads\/2017\/04\/Studie-zur-Fuehrung-psychisch-kranker-Mitarbeitender-org-organisator.jpg","width":640,"height":407,"caption":"Die Studie \"Der t\u00e4gliche Wahnsinn\" unterstreicht, dass rund 20 Prozent der Mitarbeitenden betroffen sind."},{"@type":"BreadcrumbList","@id":"https:\/\/www.organisator.ch\/fr\/general\/2017-04-12\/1784-2\/#breadcrumb","itemListElement":[{"@type":"ListItem","position":1,"name":"Home","item":"https:\/\/www.organisator.ch\/"},{"@type":"ListItem","position":2,"name":"Studie zur F\u00fchrung psychisch kranker Mitarbeitender"}]},{"@type":"WebSite","@id":"https:\/\/www.organisator.ch\/#website","url":"https:\/\/www.organisator.ch\/","name":"Organizer","description":"Competent. Practical. In 10 issues per year, ORGANISATOR presents the essential topics for managers of SMEs.","publisher":{"@id":"https:\/\/www.organisator.ch\/#organization"},"potentialAction":[{"@type":"SearchAction","target":{"@type":"EntryPoint","urlTemplate":"https:\/\/www.organisator.ch\/?s={search_term_string}"},"query-input":{"@type":"PropertyValueSpecification","valueRequired":true,"valueName":"search_term_string"}}],"inLanguage":"en-US"},{"@type":"Organization","@id":"https:\/\/www.organisator.ch\/#organization","name":"Organizer","url":"https:\/\/www.organisator.ch\/","logo":{"@type":"ImageObject","inLanguage":"en-US","@id":"https:\/\/www.organisator.ch\/#\/schema\/logo\/image\/","url":"https:\/\/www.organisator.ch\/wp-content\/uploads\/2022\/01\/Logo_Organisator_Website.png","contentUrl":"https:\/\/www.organisator.ch\/wp-content\/uploads\/2022\/01\/Logo_Organisator_Website.png","width":800,"height":77,"caption":"Organisator"},"image":{"@id":"https:\/\/www.organisator.ch\/#\/schema\/logo\/image\/"},"sameAs":["https:\/\/www.facebook.com\/OrganisatorFachmagazin","https:\/\/www.linkedin.com\/showcase\/organisator-das-magazin-fr-kmu","https:\/\/www.xing.com\/news\/pages\/organisator-ch-695","https:\/\/www.youtube.com\/channel\/UCGP2Sq0iWaZwT3BdIAQFYpw"]},{"@type":"Person","@id":"https:\/\/www.organisator.ch\/#\/schema\/person\/134708ca9321c57b0362cceb7948ffbd","name":"michael.merz","image":{"@type":"ImageObject","inLanguage":"en-US","@id":"https:\/\/secure.gravatar.com\/avatar\/?s=96&d=mm&r=g","url":"https:\/\/secure.gravatar.com\/avatar\/?s=96&d=mm&r=g","contentUrl":"https:\/\/secure.gravatar.com\/avatar\/?s=96&d=mm&r=g","caption":"michael.merz"},"url":"https:\/\/www.organisator.ch\/en\/author\/michael-merz\/"}]}},"_links":{"self":[{"href":"https:\/\/www.organisator.ch\/en\/wp-json\/wp\/v2\/posts\/1784","targetHints":{"allow":["GET"]}}],"collection":[{"href":"https:\/\/www.organisator.ch\/en\/wp-json\/wp\/v2\/posts"}],"about":[{"href":"https:\/\/www.organisator.ch\/en\/wp-json\/wp\/v2\/types\/post"}],"author":[{"embeddable":true,"href":"https:\/\/www.organisator.ch\/en\/wp-json\/wp\/v2\/users\/5"}],"replies":[{"embeddable":true,"href":"https:\/\/www.organisator.ch\/en\/wp-json\/wp\/v2\/comments?post=1784"}],"version-history":[{"count":0,"href":"https:\/\/www.organisator.ch\/en\/wp-json\/wp\/v2\/posts\/1784\/revisions"}],"wp:featuredmedia":[{"embeddable":true,"href":"https:\/\/www.organisator.ch\/en\/wp-json\/wp\/v2\/media\/1785"}],"wp:attachment":[{"href":"https:\/\/www.organisator.ch\/en\/wp-json\/wp\/v2\/media?parent=1784"}],"wp:term":[{"taxonomy":"category","embeddable":true,"href":"https:\/\/www.organisator.ch\/en\/wp-json\/wp\/v2\/categories?post=1784"},{"taxonomy":"post_tag","embeddable":true,"href":"https:\/\/www.organisator.ch\/en\/wp-json\/wp\/v2\/tags?post=1784"}],"curies":[{"name":"wp","href":"https:\/\/api.w.org\/{rel}","templated":true}]}}