{"id":17878,"date":"2022-11-21T11:05:21","date_gmt":"2022-11-21T10:05:21","guid":{"rendered":"https:\/\/www.organisator.ch\/?p=17878"},"modified":"2022-11-21T11:24:59","modified_gmt":"2022-11-21T10:24:59","slug":"nwx23-festival-fuer-arbeit-und-zukunft","status":"publish","type":"post","link":"https:\/\/www.organisator.ch\/en\/human-resources\/2022-11-21\/nwx23-festival-fuer-arbeit-und-zukunft\/","title":{"rendered":"NWX23: Festival for work and future"},"content":{"rendered":"<figure id=\"attachment_17879\" aria-describedby=\"caption-attachment-17879\" style=\"width: 680px\" class=\"wp-caption alignnone\"><img loading=\"lazy\" decoding=\"async\" class=\"size-full wp-image-17879\" src=\"https:\/\/www.organisator.ch\/wp-content\/uploads\/2022\/11\/NWX23-Festival-fuer-Arbeit-und-Zukunft_Organisator.jpg\" alt=\"\" width=\"680\" height=\"453\" srcset=\"https:\/\/www.organisator.ch\/wp-content\/uploads\/2022\/11\/NWX23-Festival-fuer-Arbeit-und-Zukunft_Organisator.jpg 680w, https:\/\/www.organisator.ch\/wp-content\/uploads\/2022\/11\/NWX23-Festival-fuer-Arbeit-und-Zukunft_Organisator-18x12.jpg 18w, https:\/\/www.organisator.ch\/wp-content\/uploads\/2022\/11\/NWX23-Festival-fuer-Arbeit-und-Zukunft_Organisator-375x250.jpg 375w, https:\/\/www.organisator.ch\/wp-content\/uploads\/2022\/11\/NWX23-Festival-fuer-Arbeit-und-Zukunft_Organisator-525x350.jpg 525w\" sizes=\"auto, (max-width: 680px) 100vw, 680px\" \/><figcaption id=\"caption-attachment-17879\" class=\"wp-caption-text\">The Elbphilharmonie in Hamburg will once again form the backdrop for NWX23. (Image: New Work SE)<\/figcaption><\/figure>\n<p>The <a href=\"https:\/\/www.organisator.ch\/de\/human-resources\/2022-06-21\/nwx22-ein-fest-fuer-die-unternehmenskultur\/\">New Work Experience (NWX)<\/a> 2023 starts into the sixth round. Under the motto: \"Work Forward\", New Work SE will be presenting the Festival for Work and the Future in Hamburg for the first time on June 14, 2023, together with experts from its own company, the XING job network, the recruiting professionals from onlyfy by XING, and those responsible for the employer rating platform kununu. The venue for the New Work Festival will once again be the Elbphilharmonie concert hall. For the first time, individual event formats will be held simultaneously at other locations in the Hanseatic city, such as the \"New Work Harbour\", which is one of the most modern offices in Germany, as well as at special side locations in Hamburg's HafenCity, in order to underline the new festival character of the event.<\/p>\n<h3>Bringing together designers and thought leaders of the world of work<\/h3>\n<p>The economy and, as a consequence, the world of work are facing major challenges and historic upheavals. At the intersection of energy and climate, talent and technology, perspectives and sustainability lies the working world of tomorrow. How can companies be successfully guided through these challenging times? What options are there for counteracting the shortage of skilled workers? And where can talented individuals find personal guidance in their working lives? With NWX23, New Work SE, together with its brands XING, onlyfy by XING and kununu, is bringing together talents, designers and thought leaders in a unique festival with a conference format in Hamburg in June 2023.<\/p>\n<p><strong>NWX23 becomes the meeting place for the New Work community<\/strong><\/p>\n<p>Regardless of whether they are managers and thought leaders, strategists and talents, professionals and rookies, from companies and politics, HR and innovation, consulting and opinion forming - NWX23 will be the meeting place of the New Work community, with the goal of improving the working world of tomorrow, making employees more satisfied and thus making companies more successful. To this end, visitors to NWX23 can expect a diverse program consisting of varied master classes, exciting sessions and inspiring workshops by and with renowned speakers. Musical live acts round off the new event concept.<\/p>\n<h3><strong>Early Bird tickets for NWX23 are available now<\/strong><\/h3>\n<p>The presale for the NWX23 starts now on\u00a0<a href=\"http:\/\/www.nwx.new-work.se\/events\/nwx23\/tickets\">www.nwx.new-work.se\/events\/nwx23\/tickets<\/a>. For an event experience that is even more individually tailored to the needs of different visitor target groups, different ticket categories are available for the first time. Whether for C-levels, recruiters, job seekers or students, with the new ticket passes everyone will find the right festival package. For a short time, tickets can now be purchased at the Early Bird price.<\/p>","protected":false},"excerpt":{"rendered":"<p>Die New Work Experience (NWX) startet 2023 in die sechste Runde. Unter dem Motto: \u201eWork Forward\u201c\u00a0pr\u00e4sentiert am\u00a014.\u00a0Juni 2023 das Unternehmen New Work SE erstmals gemeinsam mit Experten und Expertinnen aus dem eigenen Haus, dem Job-Netzwerk XING, den Recruiting-Profis von onlyfy by XING sowie den Verantwortlichen hinter der Arbeitgeberbewertungsplattform kununu, das Festival\u00a0f\u00fcr Arbeit und Zukunft in [&hellip;]<\/p>\n","protected":false},"author":4,"featured_media":17879,"comment_status":"closed","ping_status":"closed","sticky":false,"template":"","format":"standard","meta":{"_acf_changed":false,"_yoast_wpseo_focuskw":"NWX23","_yoast_wpseo_metadesc":"Die NWX23, das nach eigenen Angaben gr\u00f6sste Event f\u00fcr Arbeit und Zukunft, pr\u00e4sentiert sich mit einem neuem Eventkonzept.","articlekey":"","footnotes":""},"categories":[579],"tags":[193,254,339,363],"class_list":["post-17878","post","type-post","status-publish","format-standard","has-post-thumbnail","hentry","category-human-resources","tag-fachkongressfachmesse","tag-hrm","tag-marketing","tag-new-work"],"acf":[],"yoast_head":"<!-- This site is optimized with the Yoast SEO plugin v27.5 - https:\/\/yoast.com\/product\/yoast-seo-wordpress\/ -->\n<title>NWX23: Festival f\u00fcr Arbeit und Zukunft - Organisator<\/title>\n<meta name=\"description\" content=\"Die NWX23, das nach eigenen Angaben gr\u00f6sste Event f\u00fcr Arbeit und Zukunft, pr\u00e4sentiert sich mit einem neuem Eventkonzept.\" \/>\n<meta name=\"robots\" content=\"index, follow, max-snippet:-1, max-image-preview:large, max-video-preview:-1\" \/>\n<link rel=\"canonical\" href=\"https:\/\/www.organisator.ch\/en\/human-resources\/2022-11-21\/nwx23-festival-fuer-arbeit-und-zukunft\/\" \/>\n<meta property=\"og:locale\" content=\"en_US\" \/>\n<meta property=\"og:type\" content=\"article\" \/>\n<meta property=\"og:title\" content=\"NWX23: Festival f\u00fcr Arbeit und Zukunft\" \/>\n<meta property=\"og:description\" content=\"Die NWX23, das nach eigenen Angaben gr\u00f6sste Event f\u00fcr Arbeit und Zukunft, pr\u00e4sentiert sich mit einem neuem Eventkonzept.\" \/>\n<meta property=\"og:url\" content=\"https:\/\/www.organisator.ch\/en\/human-resources\/2022-11-21\/nwx23-festival-fuer-arbeit-und-zukunft\/\" \/>\n<meta property=\"og:site_name\" content=\"Organisator\" \/>\n<meta property=\"article:publisher\" content=\"https:\/\/www.facebook.com\/OrganisatorFachmagazin\" \/>\n<meta property=\"article:published_time\" content=\"2022-11-21T10:05:21+00:00\" \/>\n<meta property=\"article:modified_time\" content=\"2022-11-21T10:24:59+00:00\" \/>\n<meta property=\"og:image\" content=\"https:\/\/www.organisator.ch\/wp-content\/uploads\/2022\/11\/NWX23-Festival-fuer-Arbeit-und-Zukunft_Organisator.jpg\" \/>\n\t<meta property=\"og:image:width\" content=\"680\" \/>\n\t<meta property=\"og:image:height\" content=\"453\" \/>\n\t<meta property=\"og:image:type\" content=\"image\/jpeg\" \/>\n<meta name=\"author\" content=\"thomas.berner\" \/>\n<meta name=\"twitter:card\" content=\"summary_large_image\" \/>\n<meta name=\"twitter:title\" content=\"#NWX23: #Festival f\u00fcr Arbeit und Zukunft\" \/>\n<meta name=\"twitter:description\" content=\"Die #NWX23, das nach eigenen Angaben gr\u00f6sste Event f\u00fcr Arbeit und Zukunft, pr\u00e4sentiert sich mit einem neuem #Eventkonzept.\" \/>\n<meta name=\"twitter:image\" content=\"https:\/\/www.organisator.ch\/wp-content\/uploads\/2022\/11\/NWX23-Festival-fuer-Arbeit-und-Zukunft_Organisator.jpg\" \/>\n<script type=\"application\/ld+json\" class=\"yoast-schema-graph\">{\"@context\":\"https:\\\/\\\/schema.org\",\"@graph\":[{\"@type\":\"Article\",\"@id\":\"https:\\\/\\\/www.organisator.ch\\\/human-resources\\\/2022-11-21\\\/nwx23-festival-fuer-arbeit-und-zukunft\\\/#article\",\"isPartOf\":{\"@id\":\"https:\\\/\\\/www.organisator.ch\\\/human-resources\\\/2022-11-21\\\/nwx23-festival-fuer-arbeit-und-zukunft\\\/\"},\"author\":{\"name\":\"thomas.berner\",\"@id\":\"https:\\\/\\\/www.organisator.ch\\\/#\\\/schema\\\/person\\\/6f650f90b2842cd4c0cc334b4e36f67e\"},\"headline\":\"NWX23: Festival f\u00fcr Arbeit und Zukunft\",\"datePublished\":\"2022-11-21T10:05:21+00:00\",\"dateModified\":\"2022-11-21T10:24:59+00:00\",\"mainEntityOfPage\":{\"@id\":\"https:\\\/\\\/www.organisator.ch\\\/human-resources\\\/2022-11-21\\\/nwx23-festival-fuer-arbeit-und-zukunft\\\/\"},\"wordCount\":413,\"publisher\":{\"@id\":\"https:\\\/\\\/www.organisator.ch\\\/#organization\"},\"image\":{\"@id\":\"https:\\\/\\\/www.organisator.ch\\\/human-resources\\\/2022-11-21\\\/nwx23-festival-fuer-arbeit-und-zukunft\\\/#primaryimage\"},\"thumbnailUrl\":\"https:\\\/\\\/www.organisator.ch\\\/wp-content\\\/uploads\\\/2022\\\/11\\\/NWX23-Festival-fuer-Arbeit-und-Zukunft_Organisator.jpg\",\"keywords\":[\"Fachkongress\\\/Fachmesse\",\"HRM\",\"Marketing\",\"New Work\"],\"articleSection\":[\"HUMAN RESOURCES\"],\"inLanguage\":\"en-US\"},{\"@type\":\"WebPage\",\"@id\":\"https:\\\/\\\/www.organisator.ch\\\/human-resources\\\/2022-11-21\\\/nwx23-festival-fuer-arbeit-und-zukunft\\\/\",\"url\":\"https:\\\/\\\/www.organisator.ch\\\/human-resources\\\/2022-11-21\\\/nwx23-festival-fuer-arbeit-und-zukunft\\\/\",\"name\":\"NWX23: Festival f\u00fcr Arbeit und Zukunft - Organisator\",\"isPartOf\":{\"@id\":\"https:\\\/\\\/www.organisator.ch\\\/#website\"},\"primaryImageOfPage\":{\"@id\":\"https:\\\/\\\/www.organisator.ch\\\/human-resources\\\/2022-11-21\\\/nwx23-festival-fuer-arbeit-und-zukunft\\\/#primaryimage\"},\"image\":{\"@id\":\"https:\\\/\\\/www.organisator.ch\\\/human-resources\\\/2022-11-21\\\/nwx23-festival-fuer-arbeit-und-zukunft\\\/#primaryimage\"},\"thumbnailUrl\":\"https:\\\/\\\/www.organisator.ch\\\/wp-content\\\/uploads\\\/2022\\\/11\\\/NWX23-Festival-fuer-Arbeit-und-Zukunft_Organisator.jpg\",\"datePublished\":\"2022-11-21T10:05:21+00:00\",\"dateModified\":\"2022-11-21T10:24:59+00:00\",\"description\":\"Die NWX23, das nach eigenen Angaben gr\u00f6sste Event f\u00fcr Arbeit und Zukunft, pr\u00e4sentiert sich mit einem neuem Eventkonzept.\",\"breadcrumb\":{\"@id\":\"https:\\\/\\\/www.organisator.ch\\\/human-resources\\\/2022-11-21\\\/nwx23-festival-fuer-arbeit-und-zukunft\\\/#breadcrumb\"},\"inLanguage\":\"en-US\",\"potentialAction\":[{\"@type\":\"ReadAction\",\"target\":[\"https:\\\/\\\/www.organisator.ch\\\/human-resources\\\/2022-11-21\\\/nwx23-festival-fuer-arbeit-und-zukunft\\\/\"]}]},{\"@type\":\"ImageObject\",\"inLanguage\":\"en-US\",\"@id\":\"https:\\\/\\\/www.organisator.ch\\\/human-resources\\\/2022-11-21\\\/nwx23-festival-fuer-arbeit-und-zukunft\\\/#primaryimage\",\"url\":\"https:\\\/\\\/www.organisator.ch\\\/wp-content\\\/uploads\\\/2022\\\/11\\\/NWX23-Festival-fuer-Arbeit-und-Zukunft_Organisator.jpg\",\"contentUrl\":\"https:\\\/\\\/www.organisator.ch\\\/wp-content\\\/uploads\\\/2022\\\/11\\\/NWX23-Festival-fuer-Arbeit-und-Zukunft_Organisator.jpg\",\"width\":680,\"height\":453,\"caption\":\"Die Elbphilharmonie in Hamburg bildet wieder die Kulisse f\u00fcr die NWX23. (Bild: New Work SE)\"},{\"@type\":\"BreadcrumbList\",\"@id\":\"https:\\\/\\\/www.organisator.ch\\\/human-resources\\\/2022-11-21\\\/nwx23-festival-fuer-arbeit-und-zukunft\\\/#breadcrumb\",\"itemListElement\":[{\"@type\":\"ListItem\",\"position\":1,\"name\":\"Home\",\"item\":\"https:\\\/\\\/www.organisator.ch\\\/\"},{\"@type\":\"ListItem\",\"position\":2,\"name\":\"NWX23: Festival f\u00fcr Arbeit und Zukunft\"}]},{\"@type\":\"WebSite\",\"@id\":\"https:\\\/\\\/www.organisator.ch\\\/#website\",\"url\":\"https:\\\/\\\/www.organisator.ch\\\/\",\"name\":\"Organisator\",\"description\":\"Kompetent. Praxisnah. Der ORGANISATOR bereitet in 10 Ausgaben pro Jahr die wesentlichen Themen f\u00fcr F\u00fchrungskr\u00e4fte von KMU auf.\",\"publisher\":{\"@id\":\"https:\\\/\\\/www.organisator.ch\\\/#organization\"},\"potentialAction\":[{\"@type\":\"SearchAction\",\"target\":{\"@type\":\"EntryPoint\",\"urlTemplate\":\"https:\\\/\\\/www.organisator.ch\\\/?s={search_term_string}\"},\"query-input\":{\"@type\":\"PropertyValueSpecification\",\"valueRequired\":true,\"valueName\":\"search_term_string\"}}],\"inLanguage\":\"en-US\"},{\"@type\":\"Organization\",\"@id\":\"https:\\\/\\\/www.organisator.ch\\\/#organization\",\"name\":\"Organisator\",\"url\":\"https:\\\/\\\/www.organisator.ch\\\/\",\"logo\":{\"@type\":\"ImageObject\",\"inLanguage\":\"en-US\",\"@id\":\"https:\\\/\\\/www.organisator.ch\\\/#\\\/schema\\\/logo\\\/image\\\/\",\"url\":\"https:\\\/\\\/www.organisator.ch\\\/wp-content\\\/uploads\\\/2022\\\/01\\\/Logo_Organisator_Website.png\",\"contentUrl\":\"https:\\\/\\\/www.organisator.ch\\\/wp-content\\\/uploads\\\/2022\\\/01\\\/Logo_Organisator_Website.png\",\"width\":800,\"height\":77,\"caption\":\"Organisator\"},\"image\":{\"@id\":\"https:\\\/\\\/www.organisator.ch\\\/#\\\/schema\\\/logo\\\/image\\\/\"},\"sameAs\":[\"https:\\\/\\\/www.facebook.com\\\/OrganisatorFachmagazin\",\"https:\\\/\\\/www.linkedin.com\\\/showcase\\\/organisator-das-magazin-fr-kmu\",\"https:\\\/\\\/www.xing.com\\\/news\\\/pages\\\/organisator-ch-695\",\"https:\\\/\\\/www.youtube.com\\\/channel\\\/UCGP2Sq0iWaZwT3BdIAQFYpw\"]},{\"@type\":\"Person\",\"@id\":\"https:\\\/\\\/www.organisator.ch\\\/#\\\/schema\\\/person\\\/6f650f90b2842cd4c0cc334b4e36f67e\",\"name\":\"thomas.berner\",\"image\":{\"@type\":\"ImageObject\",\"inLanguage\":\"en-US\",\"@id\":\"https:\\\/\\\/secure.gravatar.com\\\/avatar\\\/ac5001d2a36cb6c6cd3e50789007ffca834b477b74a2144564522e944eabff61?s=96&d=mm&r=g\",\"url\":\"https:\\\/\\\/secure.gravatar.com\\\/avatar\\\/ac5001d2a36cb6c6cd3e50789007ffca834b477b74a2144564522e944eabff61?s=96&d=mm&r=g\",\"contentUrl\":\"https:\\\/\\\/secure.gravatar.com\\\/avatar\\\/ac5001d2a36cb6c6cd3e50789007ffca834b477b74a2144564522e944eabff61?s=96&d=mm&r=g\",\"caption\":\"thomas.berner\"},\"url\":\"https:\\\/\\\/www.organisator.ch\\\/en\\\/author\\\/thomas-berner\\\/\"}]}<\/script>\n<!-- \/ Yoast SEO plugin. -->","yoast_head_json":{"title":"NWX23: Festival for work and future - organizer","description":"NWX23, which claims to be the largest event for work and the future, presents itself with a new event concept.","robots":{"index":"index","follow":"follow","max-snippet":"max-snippet:-1","max-image-preview":"max-image-preview:large","max-video-preview":"max-video-preview:-1"},"canonical":"https:\/\/www.organisator.ch\/en\/human-resources\/2022-11-21\/nwx23-festival-fuer-arbeit-und-zukunft\/","og_locale":"en_US","og_type":"article","og_title":"NWX23: Festival f\u00fcr Arbeit und Zukunft","og_description":"Die NWX23, das nach eigenen Angaben gr\u00f6sste Event f\u00fcr Arbeit und Zukunft, pr\u00e4sentiert sich mit einem neuem Eventkonzept.","og_url":"https:\/\/www.organisator.ch\/en\/human-resources\/2022-11-21\/nwx23-festival-fuer-arbeit-und-zukunft\/","og_site_name":"Organisator","article_publisher":"https:\/\/www.facebook.com\/OrganisatorFachmagazin","article_published_time":"2022-11-21T10:05:21+00:00","article_modified_time":"2022-11-21T10:24:59+00:00","og_image":[{"width":680,"height":453,"url":"https:\/\/www.organisator.ch\/wp-content\/uploads\/2022\/11\/NWX23-Festival-fuer-Arbeit-und-Zukunft_Organisator.jpg","type":"image\/jpeg"}],"author":"thomas.berner","twitter_card":"summary_large_image","twitter_title":"#NWX23: #Festival f\u00fcr Arbeit und Zukunft","twitter_description":"Die #NWX23, das nach eigenen Angaben gr\u00f6sste Event f\u00fcr Arbeit und Zukunft, pr\u00e4sentiert sich mit einem neuem #Eventkonzept.","twitter_image":"https:\/\/www.organisator.ch\/wp-content\/uploads\/2022\/11\/NWX23-Festival-fuer-Arbeit-und-Zukunft_Organisator.jpg","schema":{"@context":"https:\/\/schema.org","@graph":[{"@type":"Article","@id":"https:\/\/www.organisator.ch\/human-resources\/2022-11-21\/nwx23-festival-fuer-arbeit-und-zukunft\/#article","isPartOf":{"@id":"https:\/\/www.organisator.ch\/human-resources\/2022-11-21\/nwx23-festival-fuer-arbeit-und-zukunft\/"},"author":{"name":"thomas.berner","@id":"https:\/\/www.organisator.ch\/#\/schema\/person\/6f650f90b2842cd4c0cc334b4e36f67e"},"headline":"NWX23: Festival f\u00fcr Arbeit und Zukunft","datePublished":"2022-11-21T10:05:21+00:00","dateModified":"2022-11-21T10:24:59+00:00","mainEntityOfPage":{"@id":"https:\/\/www.organisator.ch\/human-resources\/2022-11-21\/nwx23-festival-fuer-arbeit-und-zukunft\/"},"wordCount":413,"publisher":{"@id":"https:\/\/www.organisator.ch\/#organization"},"image":{"@id":"https:\/\/www.organisator.ch\/human-resources\/2022-11-21\/nwx23-festival-fuer-arbeit-und-zukunft\/#primaryimage"},"thumbnailUrl":"https:\/\/www.organisator.ch\/wp-content\/uploads\/2022\/11\/NWX23-Festival-fuer-Arbeit-und-Zukunft_Organisator.jpg","keywords":["Fachkongress\/Fachmesse","HRM","Marketing","New Work"],"articleSection":["HUMAN RESOURCES"],"inLanguage":"en-US"},{"@type":"WebPage","@id":"https:\/\/www.organisator.ch\/human-resources\/2022-11-21\/nwx23-festival-fuer-arbeit-und-zukunft\/","url":"https:\/\/www.organisator.ch\/human-resources\/2022-11-21\/nwx23-festival-fuer-arbeit-und-zukunft\/","name":"NWX23: Festival for work and future - organizer","isPartOf":{"@id":"https:\/\/www.organisator.ch\/#website"},"primaryImageOfPage":{"@id":"https:\/\/www.organisator.ch\/human-resources\/2022-11-21\/nwx23-festival-fuer-arbeit-und-zukunft\/#primaryimage"},"image":{"@id":"https:\/\/www.organisator.ch\/human-resources\/2022-11-21\/nwx23-festival-fuer-arbeit-und-zukunft\/#primaryimage"},"thumbnailUrl":"https:\/\/www.organisator.ch\/wp-content\/uploads\/2022\/11\/NWX23-Festival-fuer-Arbeit-und-Zukunft_Organisator.jpg","datePublished":"2022-11-21T10:05:21+00:00","dateModified":"2022-11-21T10:24:59+00:00","description":"NWX23, which claims to be the largest event for work and the future, presents itself with a new event concept.","breadcrumb":{"@id":"https:\/\/www.organisator.ch\/human-resources\/2022-11-21\/nwx23-festival-fuer-arbeit-und-zukunft\/#breadcrumb"},"inLanguage":"en-US","potentialAction":[{"@type":"ReadAction","target":["https:\/\/www.organisator.ch\/human-resources\/2022-11-21\/nwx23-festival-fuer-arbeit-und-zukunft\/"]}]},{"@type":"ImageObject","inLanguage":"en-US","@id":"https:\/\/www.organisator.ch\/human-resources\/2022-11-21\/nwx23-festival-fuer-arbeit-und-zukunft\/#primaryimage","url":"https:\/\/www.organisator.ch\/wp-content\/uploads\/2022\/11\/NWX23-Festival-fuer-Arbeit-und-Zukunft_Organisator.jpg","contentUrl":"https:\/\/www.organisator.ch\/wp-content\/uploads\/2022\/11\/NWX23-Festival-fuer-Arbeit-und-Zukunft_Organisator.jpg","width":680,"height":453,"caption":"Die Elbphilharmonie in Hamburg bildet wieder die Kulisse f\u00fcr die NWX23. (Bild: New Work SE)"},{"@type":"BreadcrumbList","@id":"https:\/\/www.organisator.ch\/human-resources\/2022-11-21\/nwx23-festival-fuer-arbeit-und-zukunft\/#breadcrumb","itemListElement":[{"@type":"ListItem","position":1,"name":"Home","item":"https:\/\/www.organisator.ch\/"},{"@type":"ListItem","position":2,"name":"NWX23: Festival f\u00fcr Arbeit und Zukunft"}]},{"@type":"WebSite","@id":"https:\/\/www.organisator.ch\/#website","url":"https:\/\/www.organisator.ch\/","name":"Organizer","description":"Competent. Practical. In 10 issues per year, ORGANISATOR presents the essential topics for managers of SMEs.","publisher":{"@id":"https:\/\/www.organisator.ch\/#organization"},"potentialAction":[{"@type":"SearchAction","target":{"@type":"EntryPoint","urlTemplate":"https:\/\/www.organisator.ch\/?s={search_term_string}"},"query-input":{"@type":"PropertyValueSpecification","valueRequired":true,"valueName":"search_term_string"}}],"inLanguage":"en-US"},{"@type":"Organization","@id":"https:\/\/www.organisator.ch\/#organization","name":"Organizer","url":"https:\/\/www.organisator.ch\/","logo":{"@type":"ImageObject","inLanguage":"en-US","@id":"https:\/\/www.organisator.ch\/#\/schema\/logo\/image\/","url":"https:\/\/www.organisator.ch\/wp-content\/uploads\/2022\/01\/Logo_Organisator_Website.png","contentUrl":"https:\/\/www.organisator.ch\/wp-content\/uploads\/2022\/01\/Logo_Organisator_Website.png","width":800,"height":77,"caption":"Organisator"},"image":{"@id":"https:\/\/www.organisator.ch\/#\/schema\/logo\/image\/"},"sameAs":["https:\/\/www.facebook.com\/OrganisatorFachmagazin","https:\/\/www.linkedin.com\/showcase\/organisator-das-magazin-fr-kmu","https:\/\/www.xing.com\/news\/pages\/organisator-ch-695","https:\/\/www.youtube.com\/channel\/UCGP2Sq0iWaZwT3BdIAQFYpw"]},{"@type":"Person","@id":"https:\/\/www.organisator.ch\/#\/schema\/person\/6f650f90b2842cd4c0cc334b4e36f67e","name":"thomas.berner","image":{"@type":"ImageObject","inLanguage":"en-US","@id":"https:\/\/secure.gravatar.com\/avatar\/ac5001d2a36cb6c6cd3e50789007ffca834b477b74a2144564522e944eabff61?s=96&d=mm&r=g","url":"https:\/\/secure.gravatar.com\/avatar\/ac5001d2a36cb6c6cd3e50789007ffca834b477b74a2144564522e944eabff61?s=96&d=mm&r=g","contentUrl":"https:\/\/secure.gravatar.com\/avatar\/ac5001d2a36cb6c6cd3e50789007ffca834b477b74a2144564522e944eabff61?s=96&d=mm&r=g","caption":"thomas.berner"},"url":"https:\/\/www.organisator.ch\/en\/author\/thomas-berner\/"}]}},"_links":{"self":[{"href":"https:\/\/www.organisator.ch\/en\/wp-json\/wp\/v2\/posts\/17878","targetHints":{"allow":["GET"]}}],"collection":[{"href":"https:\/\/www.organisator.ch\/en\/wp-json\/wp\/v2\/posts"}],"about":[{"href":"https:\/\/www.organisator.ch\/en\/wp-json\/wp\/v2\/types\/post"}],"author":[{"embeddable":true,"href":"https:\/\/www.organisator.ch\/en\/wp-json\/wp\/v2\/users\/4"}],"replies":[{"embeddable":true,"href":"https:\/\/www.organisator.ch\/en\/wp-json\/wp\/v2\/comments?post=17878"}],"version-history":[{"count":1,"href":"https:\/\/www.organisator.ch\/en\/wp-json\/wp\/v2\/posts\/17878\/revisions"}],"predecessor-version":[{"id":17880,"href":"https:\/\/www.organisator.ch\/en\/wp-json\/wp\/v2\/posts\/17878\/revisions\/17880"}],"wp:featuredmedia":[{"embeddable":true,"href":"https:\/\/www.organisator.ch\/en\/wp-json\/wp\/v2\/media\/17879"}],"wp:attachment":[{"href":"https:\/\/www.organisator.ch\/en\/wp-json\/wp\/v2\/media?parent=17878"}],"wp:term":[{"taxonomy":"category","embeddable":true,"href":"https:\/\/www.organisator.ch\/en\/wp-json\/wp\/v2\/categories?post=17878"},{"taxonomy":"post_tag","embeddable":true,"href":"https:\/\/www.organisator.ch\/en\/wp-json\/wp\/v2\/tags?post=17878"}],"curies":[{"name":"wp","href":"https:\/\/api.w.org\/{rel}","templated":true}]}}