{"id":17888,"date":"2022-11-22T06:18:41","date_gmt":"2022-11-22T05:18:41","guid":{"rendered":"https:\/\/www.organisator.ch\/?p=17888"},"modified":"2022-12-22T09:51:03","modified_gmt":"2022-12-22T08:51:03","slug":"vor-abschluss-der-worldskills-2022-schweiz-unter-den-top-nationen","status":"publish","type":"post","link":"https:\/\/www.organisator.ch\/en\/weiterbildung\/2022-11-22\/vor-abschluss-der-worldskills-2022-schweiz-unter-den-top-nationen\/","title":{"rendered":"Before the conclusion of WorldSkills 2022: Switzerland among the top nations"},"content":{"rendered":"<figure id=\"attachment_17894\" aria-describedby=\"caption-attachment-17894\" style=\"width: 680px\" class=\"wp-caption alignnone\"><img loading=\"lazy\" decoding=\"async\" class=\"size-full wp-image-17894\" src=\"https:\/\/www.organisator.ch\/wp-content\/uploads\/2022\/11\/Vor-Abschluss-der-WorldSkills-2022-Schweiz-unter-den-Top-Nationen_Organisator.jpg\" alt=\"\" width=\"680\" height=\"453\" srcset=\"https:\/\/www.organisator.ch\/wp-content\/uploads\/2022\/11\/Vor-Abschluss-der-WorldSkills-2022-Schweiz-unter-den-Top-Nationen_Organisator.jpg 680w, https:\/\/www.organisator.ch\/wp-content\/uploads\/2022\/11\/Vor-Abschluss-der-WorldSkills-2022-Schweiz-unter-den-Top-Nationen_Organisator-18x12.jpg 18w, https:\/\/www.organisator.ch\/wp-content\/uploads\/2022\/11\/Vor-Abschluss-der-WorldSkills-2022-Schweiz-unter-den-Top-Nationen_Organisator-375x250.jpg 375w, https:\/\/www.organisator.ch\/wp-content\/uploads\/2022\/11\/Vor-Abschluss-der-WorldSkills-2022-Schweiz-unter-den-Top-Nationen_Organisator-525x350.jpg 525w\" sizes=\"auto, (max-width: 680px) 100vw, 680px\" \/><figcaption id=\"caption-attachment-17894\" class=\"wp-caption-text\">Baker Vera Stocker (bronze) and confectioner Juliana Th\u00f6ny (gold) are part of the extremely successful Swiss team at WorldSkills 2022. (Image: SwissSkills Foundation)<\/figcaption><\/figure>\n<p>The format of this year's WorldSkills Championships is unique: Spread over 15 countries, the 62 competitions of the WorldSkills Competition 2022 have been held since September. Switzerland is taking part in a total of 34 competitions <a href=\"https:\/\/www.organisator.ch\/de\/weiterbildung\/2021-10-13\/42-junge-schweizer-berufs-champions-fuer-die-worldskills-2022-in-shanghai-ausgewaehlt\/\">with 37 young professionals at the<\/a> participant. This alternative format was developed, among others, on the initiative of the SwissSkills Foundation. It was only at the end of May that the WorldSkills 2022 planned for Shanghai were cancelled due to a pandemic. Switzerland then not only contributed the idea and concept of the decentralized world championships, but also made itself available as an organizer in 14 competitions - no other country took on the organization of so many WorldSkills disciplines.<\/p>\n<h3><strong>Positive Swiss interim balance as organizer...<\/strong><\/h3>\n<p>\"The great effort was worth it. It was a huge challenge to set up and successfully stage 14 WorldSkills competitions at 9 locations within just a few weeks. Thanks to the great effort of the participating professional associations and many other organizations and people involved, we can draw a thoroughly positive conclusion from the WorldSkills Competition in Switzerland,\" says Andr\u00e9 Burri, Managing Director of SwissSkills. All over the world, more than 1000 young professionals were looking forward to WorldSkills 2022 and had prepared intensively. \"In the meantime, the dream of WorldSkills participation seemed to vanish into thin air for them. The decentralized format has succeeded in giving young, ambitious professionals the opportunity to take part in the WorldSkills after all and to exchange ideas among the best professionals in their field.\"<\/p>\n<h3><strong>...and as a participating nation<\/strong><\/h3>\n<p>In addition to the positive conclusion from the perspective of the co-organizer, the Swiss results balance is also positive even before the last competitions in Salzburg. In the 30 competitions with Swiss participation so far, the SwissSkills National Team won 15 medals and an additional 12 diplomas, so-called Medallion for Excellence. The four Swiss world championship titles so far were celebrated by Juliana Th\u00f6ny (confectioner-confectioner\/Oberlunkhofen, AG), Florent Lacilla (automotive mechatronics\/Cottens, FR) and the two duos Silvan Wiedmer (Winterthur, ZH) and Yunus Ruff (Winterthur, ZH) in the \"Industry 4.0\" competition, as well as Fabian Baumann (Oberdiessbach, BE) and Marc Baumberger (Koppigen, BE) in the landscaping competition.<\/p>\n<h3><strong>Impressive medal haul<\/strong><\/h3>\n<p>The yield of the young Swiss professionals, who all successfully started their careers with an apprenticeship and an EFZ qualification, is thus comparable to previous WorldSkills events. Only China and South Korea have won more medals in relation to their number of participants. However, these WorldSkills also confirm that the competition at the absolute top is getting tougher. Other Asian nations as well as France, the organizer of the next WorldSkills in 2024, made further gains compared to the last WorldSkills in Kazan in 2019.<\/p>\n<h3><strong>Salzburg as the last stop of WorldSkills 2022<\/strong><\/h3>\n<p>Whether Switzerland or France will be the European nation with the largest medal haul will be decided this week in Salzburg. From Thursday, the last four Swiss participants will be in action: bricklayer Ben Zaugg (B\u00e4rau, BE), electrician Patrik Siegenthaler (Linden, BE), plant electrician Yannick Flepp (Sedrun, GR) and agricultural machinery mechanic Pascal Hofstetter (Wildhaus, SG) will do their utmost to continue the Swiss success story at the WorldSkills Competition 2022.<\/p>\n<p><em>Source: <a href=\"http:\/\/www.swiss-skills.ch\">SwissSkills Foundation<\/a><\/em><\/p>\n<blockquote>\n<h3><strong>Overview of the Swiss results at the WorldSkills 2022 so far<\/strong><\/h3>\n<p><u>Gold medal (4)<\/u><\/p>\n<ul>\n<li>Confectionery: Juliana Th\u00f6ny (Oberlunkhofen\/AG)<\/li>\n<li>Automotive mechatronics technician: Florent Lacilla (Cottens\/FR)<\/li>\n<li>Gardening and landscaping: Marc Baumberger (Koppigen\/BE) and Fabian Baumann (Oberdiessbach\/BE)<\/li>\n<li>Industry 4.0: Silvan Wiedmer (Winterthur\/ZH) and Yunus Ruff (Winterthur\/ZH)<\/li>\n<\/ul>\n<p><u>Silver medal (5)<\/u><\/p>\n<ul>\n<li>Print technologist: Nina Manser (Kesswil\/TG)<\/li>\n<li>Florist: Jasmin W\u00fcthrich (Gossau\/SG)<\/li>\n<li>Car body mechanic: Dominik Bartlome (Schwarzenburg\/BE)<\/li>\n<li>Hotel Reception: Tim Oberli (Wiesendangen\/ZH)<\/li>\n<li>Electronics technician: Mario Liechti (Windisch\/AG)<\/li>\n<\/ul>\n<p><u>Bronze medal (6)<\/u><\/p>\n<ul>\n<li>Bakery: Vera Stocker (Gunzwil\/LU)<\/li>\n<li>Restaurant Service: Shania Colombo (M\u00fcnchwilen\/TG)<\/li>\n<li>Automation technicians: Dario Fl\u00fckiger (L\u00fctzelfl\u00fch\/BE) and Adrian Matthys (M\u00f6hlin\/AG)<\/li>\n<li>Building carpenter: Romain Mingard (Couvet\/NE)<\/li>\n<li>Plasterer drywall: Adrian B\u00fcttler (Grund near Gstaad\/BE)<\/li>\n<li>Polymechanic Automation: Gil Beutler (Linden\/BE)<\/li>\n<\/ul>\n<p>Update November 28, 2022:<\/p>\n<p>At the end of the decentralized \"WorldSkills Competition 2022\" in Salzburg, bricklayer Ben Zaugg (B\u00e4rau\/BE) secured the fifth world championship title for Switzerland. Electrician Patrik Siegenthaler (Linden\/BE), agricultural machinery mechanic Pascal Hofstetter (Wildhaus\/SG) and plant electrician Yannick Flepp (Sedrun\/GR) each won bronze. With 19 medals in 34 starts, the Swiss national vocational team is the best European nation at this year's World Vocational Championships.<\/p><\/blockquote>","protected":false},"excerpt":{"rendered":"<p>Einzigartig ist das Format der diesj\u00e4hrigen Berufs-Weltmeisterschaften: Verteilt \u00fcber 15 L\u00e4nder werden seit September die 62 Wettbewerbe der WorldSkills Competition 2022 durchgef\u00fchrt. Die Schweiz nimmt an insgesamt 34 Wettk\u00e4mpfen mit 37 jungen Berufsleuten daran teil. Entstanden ist dieses Alternativformat unter anderem auf Initiative der Stiftung SwissSkills. Erst Ende Mai wurden die in Shanghai geplanten WorldSkills [&hellip;]<\/p>\n","protected":false},"author":4,"featured_media":17894,"comment_status":"closed","ping_status":"closed","sticky":false,"template":"","format":"standard","meta":{"_acf_changed":false,"_yoast_wpseo_focuskw":"WorldSkills 2022","_yoast_wpseo_metadesc":"Am kommenden Sonntag gehen in Salzburg die dezentral \u00fcber drei Monate durchgef\u00fchrten WorldSkills Competition 2022 zu Ende.","articlekey":"","footnotes":""},"categories":[30],"tags":[62,73,3134,2709],"class_list":["post-17888","post","type-post","status-publish","format-standard","has-post-thumbnail","hentry","category-weiterbildung","tag-aus-weiterbildung","tag-berufsbildung","tag-berufsweltmeisterschaften","tag-worldskills"],"acf":[],"yoast_head":"<!-- This site is optimized with the Yoast SEO plugin v27.5 - https:\/\/yoast.com\/product\/yoast-seo-wordpress\/ -->\n<title>Vor Abschluss der WorldSkills 2022: Schweiz unter den Top-Nationen - Organisator<\/title>\n<meta name=\"description\" content=\"Am kommenden Sonntag gehen in Salzburg die dezentral \u00fcber drei Monate durchgef\u00fchrten WorldSkills Competition 2022 zu Ende.\" \/>\n<meta name=\"robots\" content=\"index, follow, max-snippet:-1, max-image-preview:large, max-video-preview:-1\" \/>\n<link rel=\"canonical\" href=\"https:\/\/www.organisator.ch\/en\/further-education\/2022-11-22\/vor-abschluss-der-worldskills-2022-schweiz-unter-den-top-nationen\/\" \/>\n<meta property=\"og:locale\" content=\"en_US\" \/>\n<meta property=\"og:type\" content=\"article\" \/>\n<meta property=\"og:title\" content=\"Vor Abschluss der #WorldSkills 2022: Schweiz unter den #Top-Nationen\" \/>\n<meta property=\"og:description\" content=\"Am kommenden Sonntag gehen in #Salzburg die dezentral \u00fcber drei Monate durchgef\u00fchrten #WorldSkills Competition 2022 zu Ende.\" \/>\n<meta property=\"og:url\" content=\"https:\/\/www.organisator.ch\/en\/further-education\/2022-11-22\/vor-abschluss-der-worldskills-2022-schweiz-unter-den-top-nationen\/\" \/>\n<meta property=\"og:site_name\" content=\"Organisator\" \/>\n<meta property=\"article:publisher\" content=\"https:\/\/www.facebook.com\/OrganisatorFachmagazin\" \/>\n<meta property=\"article:published_time\" content=\"2022-11-22T05:18:41+00:00\" \/>\n<meta property=\"article:modified_time\" content=\"2022-12-22T08:51:03+00:00\" \/>\n<meta property=\"og:image\" content=\"https:\/\/www.organisator.ch\/wp-content\/uploads\/2022\/11\/Vor-Abschluss-der-WorldSkills-2022-Schweiz-unter-den-Top-Nationen_Organisator.jpg\" \/>\n\t<meta property=\"og:image:width\" content=\"680\" \/>\n\t<meta property=\"og:image:height\" content=\"453\" \/>\n\t<meta property=\"og:image:type\" content=\"image\/jpeg\" \/>\n<meta name=\"author\" content=\"thomas.berner\" \/>\n<meta name=\"twitter:card\" content=\"summary_large_image\" \/>\n<meta name=\"twitter:description\" content=\"Am kommenden Sonntag gehen in Salzburg die dezentral \u00fcber drei Monate durchgef\u00fchrten WorldSkills Competition 2022 zu Ende.\" \/>\n<meta name=\"twitter:image\" content=\"https:\/\/www.organisator.ch\/wp-content\/uploads\/2022\/11\/Vor-Abschluss-der-WorldSkills-2022-Schweiz-unter-den-Top-Nationen_Organisator.jpg\" \/>\n<script type=\"application\/ld+json\" class=\"yoast-schema-graph\">{\"@context\":\"https:\\\/\\\/schema.org\",\"@graph\":[{\"@type\":\"Article\",\"@id\":\"https:\\\/\\\/www.organisator.ch\\\/weiterbildung\\\/2022-11-22\\\/vor-abschluss-der-worldskills-2022-schweiz-unter-den-top-nationen\\\/#article\",\"isPartOf\":{\"@id\":\"https:\\\/\\\/www.organisator.ch\\\/weiterbildung\\\/2022-11-22\\\/vor-abschluss-der-worldskills-2022-schweiz-unter-den-top-nationen\\\/\"},\"author\":{\"name\":\"thomas.berner\",\"@id\":\"https:\\\/\\\/www.organisator.ch\\\/#\\\/schema\\\/person\\\/6f650f90b2842cd4c0cc334b4e36f67e\"},\"headline\":\"Vor Abschluss der WorldSkills 2022: Schweiz unter den Top-Nationen\",\"datePublished\":\"2022-11-22T05:18:41+00:00\",\"dateModified\":\"2022-12-22T08:51:03+00:00\",\"mainEntityOfPage\":{\"@id\":\"https:\\\/\\\/www.organisator.ch\\\/weiterbildung\\\/2022-11-22\\\/vor-abschluss-der-worldskills-2022-schweiz-unter-den-top-nationen\\\/\"},\"wordCount\":712,\"publisher\":{\"@id\":\"https:\\\/\\\/www.organisator.ch\\\/#organization\"},\"image\":{\"@id\":\"https:\\\/\\\/www.organisator.ch\\\/weiterbildung\\\/2022-11-22\\\/vor-abschluss-der-worldskills-2022-schweiz-unter-den-top-nationen\\\/#primaryimage\"},\"thumbnailUrl\":\"https:\\\/\\\/www.organisator.ch\\\/wp-content\\\/uploads\\\/2022\\\/11\\\/Vor-Abschluss-der-WorldSkills-2022-Schweiz-unter-den-Top-Nationen_Organisator.jpg\",\"keywords\":[\"Aus-\\\/Weiterbildung\",\"Berufsbildung\",\"Berufsweltmeisterschaften\",\"WorldSkills\"],\"articleSection\":[\"WEITERBILDUNG\"],\"inLanguage\":\"en-US\"},{\"@type\":\"WebPage\",\"@id\":\"https:\\\/\\\/www.organisator.ch\\\/weiterbildung\\\/2022-11-22\\\/vor-abschluss-der-worldskills-2022-schweiz-unter-den-top-nationen\\\/\",\"url\":\"https:\\\/\\\/www.organisator.ch\\\/weiterbildung\\\/2022-11-22\\\/vor-abschluss-der-worldskills-2022-schweiz-unter-den-top-nationen\\\/\",\"name\":\"Vor Abschluss der WorldSkills 2022: Schweiz unter den Top-Nationen - Organisator\",\"isPartOf\":{\"@id\":\"https:\\\/\\\/www.organisator.ch\\\/#website\"},\"primaryImageOfPage\":{\"@id\":\"https:\\\/\\\/www.organisator.ch\\\/weiterbildung\\\/2022-11-22\\\/vor-abschluss-der-worldskills-2022-schweiz-unter-den-top-nationen\\\/#primaryimage\"},\"image\":{\"@id\":\"https:\\\/\\\/www.organisator.ch\\\/weiterbildung\\\/2022-11-22\\\/vor-abschluss-der-worldskills-2022-schweiz-unter-den-top-nationen\\\/#primaryimage\"},\"thumbnailUrl\":\"https:\\\/\\\/www.organisator.ch\\\/wp-content\\\/uploads\\\/2022\\\/11\\\/Vor-Abschluss-der-WorldSkills-2022-Schweiz-unter-den-Top-Nationen_Organisator.jpg\",\"datePublished\":\"2022-11-22T05:18:41+00:00\",\"dateModified\":\"2022-12-22T08:51:03+00:00\",\"description\":\"Am kommenden Sonntag gehen in Salzburg die dezentral \u00fcber drei Monate durchgef\u00fchrten WorldSkills Competition 2022 zu Ende.\",\"breadcrumb\":{\"@id\":\"https:\\\/\\\/www.organisator.ch\\\/weiterbildung\\\/2022-11-22\\\/vor-abschluss-der-worldskills-2022-schweiz-unter-den-top-nationen\\\/#breadcrumb\"},\"inLanguage\":\"en-US\",\"potentialAction\":[{\"@type\":\"ReadAction\",\"target\":[\"https:\\\/\\\/www.organisator.ch\\\/weiterbildung\\\/2022-11-22\\\/vor-abschluss-der-worldskills-2022-schweiz-unter-den-top-nationen\\\/\"]}]},{\"@type\":\"ImageObject\",\"inLanguage\":\"en-US\",\"@id\":\"https:\\\/\\\/www.organisator.ch\\\/weiterbildung\\\/2022-11-22\\\/vor-abschluss-der-worldskills-2022-schweiz-unter-den-top-nationen\\\/#primaryimage\",\"url\":\"https:\\\/\\\/www.organisator.ch\\\/wp-content\\\/uploads\\\/2022\\\/11\\\/Vor-Abschluss-der-WorldSkills-2022-Schweiz-unter-den-Top-Nationen_Organisator.jpg\",\"contentUrl\":\"https:\\\/\\\/www.organisator.ch\\\/wp-content\\\/uploads\\\/2022\\\/11\\\/Vor-Abschluss-der-WorldSkills-2022-Schweiz-unter-den-Top-Nationen_Organisator.jpg\",\"width\":680,\"height\":453,\"caption\":\"B\u00e4ckerin Vera Stocker (Bronze) und Konditorin-Confiseurin Juliana Th\u00f6ny (Gold) geh\u00f6ren zum \u00e4usserst erfolgreichen SwissSkills National Team. (Bild: Stiftung SwissSkills)\"},{\"@type\":\"BreadcrumbList\",\"@id\":\"https:\\\/\\\/www.organisator.ch\\\/weiterbildung\\\/2022-11-22\\\/vor-abschluss-der-worldskills-2022-schweiz-unter-den-top-nationen\\\/#breadcrumb\",\"itemListElement\":[{\"@type\":\"ListItem\",\"position\":1,\"name\":\"Home\",\"item\":\"https:\\\/\\\/www.organisator.ch\\\/\"},{\"@type\":\"ListItem\",\"position\":2,\"name\":\"Vor Abschluss der WorldSkills 2022: Schweiz unter den Top-Nationen\"}]},{\"@type\":\"WebSite\",\"@id\":\"https:\\\/\\\/www.organisator.ch\\\/#website\",\"url\":\"https:\\\/\\\/www.organisator.ch\\\/\",\"name\":\"Organisator\",\"description\":\"Kompetent. Praxisnah. Der ORGANISATOR bereitet in 10 Ausgaben pro Jahr die wesentlichen Themen f\u00fcr F\u00fchrungskr\u00e4fte von KMU auf.\",\"publisher\":{\"@id\":\"https:\\\/\\\/www.organisator.ch\\\/#organization\"},\"potentialAction\":[{\"@type\":\"SearchAction\",\"target\":{\"@type\":\"EntryPoint\",\"urlTemplate\":\"https:\\\/\\\/www.organisator.ch\\\/?s={search_term_string}\"},\"query-input\":{\"@type\":\"PropertyValueSpecification\",\"valueRequired\":true,\"valueName\":\"search_term_string\"}}],\"inLanguage\":\"en-US\"},{\"@type\":\"Organization\",\"@id\":\"https:\\\/\\\/www.organisator.ch\\\/#organization\",\"name\":\"Organisator\",\"url\":\"https:\\\/\\\/www.organisator.ch\\\/\",\"logo\":{\"@type\":\"ImageObject\",\"inLanguage\":\"en-US\",\"@id\":\"https:\\\/\\\/www.organisator.ch\\\/#\\\/schema\\\/logo\\\/image\\\/\",\"url\":\"https:\\\/\\\/www.organisator.ch\\\/wp-content\\\/uploads\\\/2022\\\/01\\\/Logo_Organisator_Website.png\",\"contentUrl\":\"https:\\\/\\\/www.organisator.ch\\\/wp-content\\\/uploads\\\/2022\\\/01\\\/Logo_Organisator_Website.png\",\"width\":800,\"height\":77,\"caption\":\"Organisator\"},\"image\":{\"@id\":\"https:\\\/\\\/www.organisator.ch\\\/#\\\/schema\\\/logo\\\/image\\\/\"},\"sameAs\":[\"https:\\\/\\\/www.facebook.com\\\/OrganisatorFachmagazin\",\"https:\\\/\\\/www.linkedin.com\\\/showcase\\\/organisator-das-magazin-fr-kmu\",\"https:\\\/\\\/www.xing.com\\\/news\\\/pages\\\/organisator-ch-695\",\"https:\\\/\\\/www.youtube.com\\\/channel\\\/UCGP2Sq0iWaZwT3BdIAQFYpw\"]},{\"@type\":\"Person\",\"@id\":\"https:\\\/\\\/www.organisator.ch\\\/#\\\/schema\\\/person\\\/6f650f90b2842cd4c0cc334b4e36f67e\",\"name\":\"thomas.berner\",\"image\":{\"@type\":\"ImageObject\",\"inLanguage\":\"en-US\",\"@id\":\"https:\\\/\\\/secure.gravatar.com\\\/avatar\\\/ac5001d2a36cb6c6cd3e50789007ffca834b477b74a2144564522e944eabff61?s=96&d=mm&r=g\",\"url\":\"https:\\\/\\\/secure.gravatar.com\\\/avatar\\\/ac5001d2a36cb6c6cd3e50789007ffca834b477b74a2144564522e944eabff61?s=96&d=mm&r=g\",\"contentUrl\":\"https:\\\/\\\/secure.gravatar.com\\\/avatar\\\/ac5001d2a36cb6c6cd3e50789007ffca834b477b74a2144564522e944eabff61?s=96&d=mm&r=g\",\"caption\":\"thomas.berner\"},\"url\":\"https:\\\/\\\/www.organisator.ch\\\/en\\\/author\\\/thomas-berner\\\/\"}]}<\/script>\n<!-- \/ Yoast SEO plugin. -->","yoast_head_json":{"title":"Before the conclusion of WorldSkills 2022: Switzerland among the top nations - Organizer","description":"This coming Sunday, the WorldSkills Competition 2022, which will be held decentrally over a period of three months, will come to an end in Salzburg.","robots":{"index":"index","follow":"follow","max-snippet":"max-snippet:-1","max-image-preview":"max-image-preview:large","max-video-preview":"max-video-preview:-1"},"canonical":"https:\/\/www.organisator.ch\/en\/further-education\/2022-11-22\/vor-abschluss-der-worldskills-2022-schweiz-unter-den-top-nationen\/","og_locale":"en_US","og_type":"article","og_title":"Vor Abschluss der #WorldSkills 2022: Schweiz unter den #Top-Nationen","og_description":"Am kommenden Sonntag gehen in #Salzburg die dezentral \u00fcber drei Monate durchgef\u00fchrten #WorldSkills Competition 2022 zu Ende.","og_url":"https:\/\/www.organisator.ch\/en\/further-education\/2022-11-22\/vor-abschluss-der-worldskills-2022-schweiz-unter-den-top-nationen\/","og_site_name":"Organisator","article_publisher":"https:\/\/www.facebook.com\/OrganisatorFachmagazin","article_published_time":"2022-11-22T05:18:41+00:00","article_modified_time":"2022-12-22T08:51:03+00:00","og_image":[{"width":680,"height":453,"url":"https:\/\/www.organisator.ch\/wp-content\/uploads\/2022\/11\/Vor-Abschluss-der-WorldSkills-2022-Schweiz-unter-den-Top-Nationen_Organisator.jpg","type":"image\/jpeg"}],"author":"thomas.berner","twitter_card":"summary_large_image","twitter_description":"Am kommenden Sonntag gehen in Salzburg die dezentral \u00fcber drei Monate durchgef\u00fchrten WorldSkills Competition 2022 zu Ende.","twitter_image":"https:\/\/www.organisator.ch\/wp-content\/uploads\/2022\/11\/Vor-Abschluss-der-WorldSkills-2022-Schweiz-unter-den-Top-Nationen_Organisator.jpg","schema":{"@context":"https:\/\/schema.org","@graph":[{"@type":"Article","@id":"https:\/\/www.organisator.ch\/weiterbildung\/2022-11-22\/vor-abschluss-der-worldskills-2022-schweiz-unter-den-top-nationen\/#article","isPartOf":{"@id":"https:\/\/www.organisator.ch\/weiterbildung\/2022-11-22\/vor-abschluss-der-worldskills-2022-schweiz-unter-den-top-nationen\/"},"author":{"name":"thomas.berner","@id":"https:\/\/www.organisator.ch\/#\/schema\/person\/6f650f90b2842cd4c0cc334b4e36f67e"},"headline":"Vor Abschluss der WorldSkills 2022: Schweiz unter den Top-Nationen","datePublished":"2022-11-22T05:18:41+00:00","dateModified":"2022-12-22T08:51:03+00:00","mainEntityOfPage":{"@id":"https:\/\/www.organisator.ch\/weiterbildung\/2022-11-22\/vor-abschluss-der-worldskills-2022-schweiz-unter-den-top-nationen\/"},"wordCount":712,"publisher":{"@id":"https:\/\/www.organisator.ch\/#organization"},"image":{"@id":"https:\/\/www.organisator.ch\/weiterbildung\/2022-11-22\/vor-abschluss-der-worldskills-2022-schweiz-unter-den-top-nationen\/#primaryimage"},"thumbnailUrl":"https:\/\/www.organisator.ch\/wp-content\/uploads\/2022\/11\/Vor-Abschluss-der-WorldSkills-2022-Schweiz-unter-den-Top-Nationen_Organisator.jpg","keywords":["Aus-\/Weiterbildung","Berufsbildung","Berufsweltmeisterschaften","WorldSkills"],"articleSection":["WEITERBILDUNG"],"inLanguage":"en-US"},{"@type":"WebPage","@id":"https:\/\/www.organisator.ch\/weiterbildung\/2022-11-22\/vor-abschluss-der-worldskills-2022-schweiz-unter-den-top-nationen\/","url":"https:\/\/www.organisator.ch\/weiterbildung\/2022-11-22\/vor-abschluss-der-worldskills-2022-schweiz-unter-den-top-nationen\/","name":"Before the conclusion of WorldSkills 2022: Switzerland among the top nations - Organizer","isPartOf":{"@id":"https:\/\/www.organisator.ch\/#website"},"primaryImageOfPage":{"@id":"https:\/\/www.organisator.ch\/weiterbildung\/2022-11-22\/vor-abschluss-der-worldskills-2022-schweiz-unter-den-top-nationen\/#primaryimage"},"image":{"@id":"https:\/\/www.organisator.ch\/weiterbildung\/2022-11-22\/vor-abschluss-der-worldskills-2022-schweiz-unter-den-top-nationen\/#primaryimage"},"thumbnailUrl":"https:\/\/www.organisator.ch\/wp-content\/uploads\/2022\/11\/Vor-Abschluss-der-WorldSkills-2022-Schweiz-unter-den-Top-Nationen_Organisator.jpg","datePublished":"2022-11-22T05:18:41+00:00","dateModified":"2022-12-22T08:51:03+00:00","description":"This coming Sunday, the WorldSkills Competition 2022, which will be held decentrally over a period of three months, will come to an end in Salzburg.","breadcrumb":{"@id":"https:\/\/www.organisator.ch\/weiterbildung\/2022-11-22\/vor-abschluss-der-worldskills-2022-schweiz-unter-den-top-nationen\/#breadcrumb"},"inLanguage":"en-US","potentialAction":[{"@type":"ReadAction","target":["https:\/\/www.organisator.ch\/weiterbildung\/2022-11-22\/vor-abschluss-der-worldskills-2022-schweiz-unter-den-top-nationen\/"]}]},{"@type":"ImageObject","inLanguage":"en-US","@id":"https:\/\/www.organisator.ch\/weiterbildung\/2022-11-22\/vor-abschluss-der-worldskills-2022-schweiz-unter-den-top-nationen\/#primaryimage","url":"https:\/\/www.organisator.ch\/wp-content\/uploads\/2022\/11\/Vor-Abschluss-der-WorldSkills-2022-Schweiz-unter-den-Top-Nationen_Organisator.jpg","contentUrl":"https:\/\/www.organisator.ch\/wp-content\/uploads\/2022\/11\/Vor-Abschluss-der-WorldSkills-2022-Schweiz-unter-den-Top-Nationen_Organisator.jpg","width":680,"height":453,"caption":"B\u00e4ckerin Vera Stocker (Bronze) und Konditorin-Confiseurin Juliana Th\u00f6ny (Gold) geh\u00f6ren zum \u00e4usserst erfolgreichen SwissSkills National Team. (Bild: Stiftung SwissSkills)"},{"@type":"BreadcrumbList","@id":"https:\/\/www.organisator.ch\/weiterbildung\/2022-11-22\/vor-abschluss-der-worldskills-2022-schweiz-unter-den-top-nationen\/#breadcrumb","itemListElement":[{"@type":"ListItem","position":1,"name":"Home","item":"https:\/\/www.organisator.ch\/"},{"@type":"ListItem","position":2,"name":"Vor Abschluss der WorldSkills 2022: Schweiz unter den Top-Nationen"}]},{"@type":"WebSite","@id":"https:\/\/www.organisator.ch\/#website","url":"https:\/\/www.organisator.ch\/","name":"Organizer","description":"Competent. Practical. In 10 issues per year, ORGANISATOR presents the essential topics for managers of SMEs.","publisher":{"@id":"https:\/\/www.organisator.ch\/#organization"},"potentialAction":[{"@type":"SearchAction","target":{"@type":"EntryPoint","urlTemplate":"https:\/\/www.organisator.ch\/?s={search_term_string}"},"query-input":{"@type":"PropertyValueSpecification","valueRequired":true,"valueName":"search_term_string"}}],"inLanguage":"en-US"},{"@type":"Organization","@id":"https:\/\/www.organisator.ch\/#organization","name":"Organizer","url":"https:\/\/www.organisator.ch\/","logo":{"@type":"ImageObject","inLanguage":"en-US","@id":"https:\/\/www.organisator.ch\/#\/schema\/logo\/image\/","url":"https:\/\/www.organisator.ch\/wp-content\/uploads\/2022\/01\/Logo_Organisator_Website.png","contentUrl":"https:\/\/www.organisator.ch\/wp-content\/uploads\/2022\/01\/Logo_Organisator_Website.png","width":800,"height":77,"caption":"Organisator"},"image":{"@id":"https:\/\/www.organisator.ch\/#\/schema\/logo\/image\/"},"sameAs":["https:\/\/www.facebook.com\/OrganisatorFachmagazin","https:\/\/www.linkedin.com\/showcase\/organisator-das-magazin-fr-kmu","https:\/\/www.xing.com\/news\/pages\/organisator-ch-695","https:\/\/www.youtube.com\/channel\/UCGP2Sq0iWaZwT3BdIAQFYpw"]},{"@type":"Person","@id":"https:\/\/www.organisator.ch\/#\/schema\/person\/6f650f90b2842cd4c0cc334b4e36f67e","name":"thomas.berner","image":{"@type":"ImageObject","inLanguage":"en-US","@id":"https:\/\/secure.gravatar.com\/avatar\/ac5001d2a36cb6c6cd3e50789007ffca834b477b74a2144564522e944eabff61?s=96&d=mm&r=g","url":"https:\/\/secure.gravatar.com\/avatar\/ac5001d2a36cb6c6cd3e50789007ffca834b477b74a2144564522e944eabff61?s=96&d=mm&r=g","contentUrl":"https:\/\/secure.gravatar.com\/avatar\/ac5001d2a36cb6c6cd3e50789007ffca834b477b74a2144564522e944eabff61?s=96&d=mm&r=g","caption":"thomas.berner"},"url":"https:\/\/www.organisator.ch\/en\/author\/thomas-berner\/"}]}},"_links":{"self":[{"href":"https:\/\/www.organisator.ch\/en\/wp-json\/wp\/v2\/posts\/17888","targetHints":{"allow":["GET"]}}],"collection":[{"href":"https:\/\/www.organisator.ch\/en\/wp-json\/wp\/v2\/posts"}],"about":[{"href":"https:\/\/www.organisator.ch\/en\/wp-json\/wp\/v2\/types\/post"}],"author":[{"embeddable":true,"href":"https:\/\/www.organisator.ch\/en\/wp-json\/wp\/v2\/users\/4"}],"replies":[{"embeddable":true,"href":"https:\/\/www.organisator.ch\/en\/wp-json\/wp\/v2\/comments?post=17888"}],"version-history":[{"count":5,"href":"https:\/\/www.organisator.ch\/en\/wp-json\/wp\/v2\/posts\/17888\/revisions"}],"predecessor-version":[{"id":17952,"href":"https:\/\/www.organisator.ch\/en\/wp-json\/wp\/v2\/posts\/17888\/revisions\/17952"}],"wp:featuredmedia":[{"embeddable":true,"href":"https:\/\/www.organisator.ch\/en\/wp-json\/wp\/v2\/media\/17894"}],"wp:attachment":[{"href":"https:\/\/www.organisator.ch\/en\/wp-json\/wp\/v2\/media?parent=17888"}],"wp:term":[{"taxonomy":"category","embeddable":true,"href":"https:\/\/www.organisator.ch\/en\/wp-json\/wp\/v2\/categories?post=17888"},{"taxonomy":"post_tag","embeddable":true,"href":"https:\/\/www.organisator.ch\/en\/wp-json\/wp\/v2\/tags?post=17888"}],"curies":[{"name":"wp","href":"https:\/\/api.w.org\/{rel}","templated":true}]}}