{"id":17986,"date":"2022-12-06T19:54:03","date_gmt":"2022-12-06T18:54:03","guid":{"rendered":"https:\/\/www.organisator.ch\/?p=17986"},"modified":"2022-12-06T09:55:57","modified_gmt":"2022-12-06T08:55:57","slug":"neue-moeglichkeiten-fuer-die-unternehmensnachfolge","status":"publish","type":"post","link":"https:\/\/www.organisator.ch\/en\/abo\/2022-12-06\/neue-moeglichkeiten-fuer-die-unternehmensnachfolge\/","title":{"rendered":"New opportunities for business succession"},"content":{"rendered":"<div class=\"swpm-post-not-logged-in-msg\">You need to be logged in to view this content. Please <a class=\"swpm-login-link\" href=\"https:\/\/www.organisator.ch\/login\/\">Log In<\/a>. Not a Member? <a href=\"https:\/\/www.organisator.ch\/shop\/\">Join Us<\/a><\/div>","protected":false},"excerpt":{"rendered":"<p>You need to be logged in to view this content. Please Log In. Not a Member? Join Us<\/p>","protected":false},"author":1,"featured_media":17987,"comment_status":"closed","ping_status":"closed","sticky":false,"template":"","format":"standard","meta":{"_acf_changed":false,"_yoast_wpseo_focuskw":"Unternehmensnachfolge","_yoast_wpseo_metadesc":"Am 1.1.2023 tritt das revidierte Erbrecht in Kraft. Dadurch er\u00f6ffnen sich f\u00fcr die Planung der Unternehmensnachfolge neue M\u00f6glichkeiten.","articlekey":"","footnotes":""},"categories":[578,582],"tags":[3528,202,207,356],"class_list":["post-17986","post","type-post","status-publish","format-standard","has-post-thumbnail","hentry","category-abo","category-operational-excellence","tag-ausgabe-11-12-2022","tag-finanzenrecht","tag-firmennachfolge","tag-nachfolgeplanung"],"acf":[],"yoast_head":"<!-- This site is optimized with the Yoast SEO plugin v27.5 - https:\/\/yoast.com\/product\/yoast-seo-wordpress\/ -->\n<title>Neue M\u00f6glichkeiten f\u00fcr die Unternehmensnachfolge - Organisator<\/title>\n<meta name=\"description\" content=\"Am 1.1.2023 tritt das revidierte Erbrecht in Kraft. Dadurch er\u00f6ffnen sich f\u00fcr die Planung der Unternehmensnachfolge neue M\u00f6glichkeiten.\" \/>\n<meta name=\"robots\" content=\"index, follow, max-snippet:-1, max-image-preview:large, max-video-preview:-1\" \/>\n<link rel=\"canonical\" href=\"https:\/\/www.organisator.ch\/en\/subscription\/2022-12-06\/neue-moeglichkeiten-fuer-die-unternehmensnachfolge\/\" \/>\n<meta property=\"og:locale\" content=\"en_US\" \/>\n<meta property=\"og:type\" content=\"article\" \/>\n<meta property=\"og:title\" content=\"Neue M\u00f6glichkeiten f\u00fcr die Unternehmensnachfolge - Organisator\" \/>\n<meta property=\"og:description\" content=\"Am 1.1.2023 tritt das revidierte Erbrecht in Kraft. Dadurch er\u00f6ffnen sich f\u00fcr die Planung der Unternehmensnachfolge neue M\u00f6glichkeiten.\" \/>\n<meta property=\"og:url\" content=\"https:\/\/www.organisator.ch\/en\/subscription\/2022-12-06\/neue-moeglichkeiten-fuer-die-unternehmensnachfolge\/\" \/>\n<meta property=\"og:site_name\" content=\"Organisator\" \/>\n<meta property=\"article:publisher\" content=\"https:\/\/www.facebook.com\/OrganisatorFachmagazin\" \/>\n<meta property=\"article:published_time\" content=\"2022-12-06T18:54:03+00:00\" \/>\n<meta property=\"og:image\" content=\"https:\/\/www.organisator.ch\/wp-content\/uploads\/2022\/11\/Organisator-Neue-Moeglichkeiten-fuer-die-Unternehmensnachfolge.jpg\" \/>\n\t<meta property=\"og:image:width\" content=\"768\" \/>\n\t<meta property=\"og:image:height\" content=\"522\" \/>\n\t<meta property=\"og:image:type\" content=\"image\/jpeg\" \/>\n<meta name=\"author\" content=\"admin\" \/>\n<meta name=\"twitter:card\" content=\"summary_large_image\" \/>\n<script type=\"application\/ld+json\" class=\"yoast-schema-graph\">{\"@context\":\"https:\\\/\\\/schema.org\",\"@graph\":[{\"@type\":\"Article\",\"@id\":\"https:\\\/\\\/www.organisator.ch\\\/abo\\\/2022-12-06\\\/neue-moeglichkeiten-fuer-die-unternehmensnachfolge\\\/#article\",\"isPartOf\":{\"@id\":\"https:\\\/\\\/www.organisator.ch\\\/abo\\\/2022-12-06\\\/neue-moeglichkeiten-fuer-die-unternehmensnachfolge\\\/\"},\"author\":{\"name\":\"admin\",\"@id\":\"https:\\\/\\\/www.organisator.ch\\\/#\\\/schema\\\/person\\\/aa2bace6c5c5aad60102004a50c4eb1c\"},\"headline\":\"Neue M\u00f6glichkeiten f\u00fcr die Unternehmensnachfolge\",\"datePublished\":\"2022-12-06T18:54:03+00:00\",\"mainEntityOfPage\":{\"@id\":\"https:\\\/\\\/www.organisator.ch\\\/abo\\\/2022-12-06\\\/neue-moeglichkeiten-fuer-die-unternehmensnachfolge\\\/\"},\"wordCount\":1325,\"publisher\":{\"@id\":\"https:\\\/\\\/www.organisator.ch\\\/#organization\"},\"image\":{\"@id\":\"https:\\\/\\\/www.organisator.ch\\\/abo\\\/2022-12-06\\\/neue-moeglichkeiten-fuer-die-unternehmensnachfolge\\\/#primaryimage\"},\"thumbnailUrl\":\"https:\\\/\\\/www.organisator.ch\\\/wp-content\\\/uploads\\\/2022\\\/11\\\/Organisator-Neue-Moeglichkeiten-fuer-die-Unternehmensnachfolge.jpg\",\"keywords\":[\"Ausgabe 11-12\\\/2022\",\"Finanzen\\\/Recht\",\"Firmennachfolge\",\"Nachfolgeplanung\"],\"articleSection\":[\"ABO+\",\"OPERATIONAL EXCELLENCE\"],\"inLanguage\":\"en-US\"},{\"@type\":\"WebPage\",\"@id\":\"https:\\\/\\\/www.organisator.ch\\\/abo\\\/2022-12-06\\\/neue-moeglichkeiten-fuer-die-unternehmensnachfolge\\\/\",\"url\":\"https:\\\/\\\/www.organisator.ch\\\/abo\\\/2022-12-06\\\/neue-moeglichkeiten-fuer-die-unternehmensnachfolge\\\/\",\"name\":\"Neue M\u00f6glichkeiten f\u00fcr die Unternehmensnachfolge - Organisator\",\"isPartOf\":{\"@id\":\"https:\\\/\\\/www.organisator.ch\\\/#website\"},\"primaryImageOfPage\":{\"@id\":\"https:\\\/\\\/www.organisator.ch\\\/abo\\\/2022-12-06\\\/neue-moeglichkeiten-fuer-die-unternehmensnachfolge\\\/#primaryimage\"},\"image\":{\"@id\":\"https:\\\/\\\/www.organisator.ch\\\/abo\\\/2022-12-06\\\/neue-moeglichkeiten-fuer-die-unternehmensnachfolge\\\/#primaryimage\"},\"thumbnailUrl\":\"https:\\\/\\\/www.organisator.ch\\\/wp-content\\\/uploads\\\/2022\\\/11\\\/Organisator-Neue-Moeglichkeiten-fuer-die-Unternehmensnachfolge.jpg\",\"datePublished\":\"2022-12-06T18:54:03+00:00\",\"description\":\"Am 1.1.2023 tritt das revidierte Erbrecht in Kraft. Dadurch er\u00f6ffnen sich f\u00fcr die Planung der Unternehmensnachfolge neue M\u00f6glichkeiten.\",\"breadcrumb\":{\"@id\":\"https:\\\/\\\/www.organisator.ch\\\/abo\\\/2022-12-06\\\/neue-moeglichkeiten-fuer-die-unternehmensnachfolge\\\/#breadcrumb\"},\"inLanguage\":\"en-US\",\"potentialAction\":[{\"@type\":\"ReadAction\",\"target\":[\"https:\\\/\\\/www.organisator.ch\\\/abo\\\/2022-12-06\\\/neue-moeglichkeiten-fuer-die-unternehmensnachfolge\\\/\"]}]},{\"@type\":\"ImageObject\",\"inLanguage\":\"en-US\",\"@id\":\"https:\\\/\\\/www.organisator.ch\\\/abo\\\/2022-12-06\\\/neue-moeglichkeiten-fuer-die-unternehmensnachfolge\\\/#primaryimage\",\"url\":\"https:\\\/\\\/www.organisator.ch\\\/wp-content\\\/uploads\\\/2022\\\/11\\\/Organisator-Neue-Moeglichkeiten-fuer-die-Unternehmensnachfolge.jpg\",\"contentUrl\":\"https:\\\/\\\/www.organisator.ch\\\/wp-content\\\/uploads\\\/2022\\\/11\\\/Organisator-Neue-Moeglichkeiten-fuer-die-Unternehmensnachfolge.jpg\",\"width\":1000,\"height\":680,\"caption\":\"Mittels Teilungsvorschriften sowie Zuweisung der frei verf\u00fcgbaren Quote kann ein Unternehmer sein Lebenswerk auf geeignete Nachfolger \u00fcbertragen. Bild: Pixabay.com\"},{\"@type\":\"BreadcrumbList\",\"@id\":\"https:\\\/\\\/www.organisator.ch\\\/abo\\\/2022-12-06\\\/neue-moeglichkeiten-fuer-die-unternehmensnachfolge\\\/#breadcrumb\",\"itemListElement\":[{\"@type\":\"ListItem\",\"position\":1,\"name\":\"Home\",\"item\":\"https:\\\/\\\/www.organisator.ch\\\/\"},{\"@type\":\"ListItem\",\"position\":2,\"name\":\"Neue M\u00f6glichkeiten f\u00fcr die Unternehmensnachfolge\"}]},{\"@type\":\"WebSite\",\"@id\":\"https:\\\/\\\/www.organisator.ch\\\/#website\",\"url\":\"https:\\\/\\\/www.organisator.ch\\\/\",\"name\":\"Organisator\",\"description\":\"Kompetent. Praxisnah. Der ORGANISATOR bereitet in 10 Ausgaben pro Jahr die wesentlichen Themen f\u00fcr F\u00fchrungskr\u00e4fte von KMU auf.\",\"publisher\":{\"@id\":\"https:\\\/\\\/www.organisator.ch\\\/#organization\"},\"potentialAction\":[{\"@type\":\"SearchAction\",\"target\":{\"@type\":\"EntryPoint\",\"urlTemplate\":\"https:\\\/\\\/www.organisator.ch\\\/?s={search_term_string}\"},\"query-input\":{\"@type\":\"PropertyValueSpecification\",\"valueRequired\":true,\"valueName\":\"search_term_string\"}}],\"inLanguage\":\"en-US\"},{\"@type\":\"Organization\",\"@id\":\"https:\\\/\\\/www.organisator.ch\\\/#organization\",\"name\":\"Organisator\",\"url\":\"https:\\\/\\\/www.organisator.ch\\\/\",\"logo\":{\"@type\":\"ImageObject\",\"inLanguage\":\"en-US\",\"@id\":\"https:\\\/\\\/www.organisator.ch\\\/#\\\/schema\\\/logo\\\/image\\\/\",\"url\":\"https:\\\/\\\/www.organisator.ch\\\/wp-content\\\/uploads\\\/2022\\\/01\\\/Logo_Organisator_Website.png\",\"contentUrl\":\"https:\\\/\\\/www.organisator.ch\\\/wp-content\\\/uploads\\\/2022\\\/01\\\/Logo_Organisator_Website.png\",\"width\":800,\"height\":77,\"caption\":\"Organisator\"},\"image\":{\"@id\":\"https:\\\/\\\/www.organisator.ch\\\/#\\\/schema\\\/logo\\\/image\\\/\"},\"sameAs\":[\"https:\\\/\\\/www.facebook.com\\\/OrganisatorFachmagazin\",\"https:\\\/\\\/www.linkedin.com\\\/showcase\\\/organisator-das-magazin-fr-kmu\",\"https:\\\/\\\/www.xing.com\\\/news\\\/pages\\\/organisator-ch-695\",\"https:\\\/\\\/www.youtube.com\\\/channel\\\/UCGP2Sq0iWaZwT3BdIAQFYpw\"]},{\"@type\":\"Person\",\"@id\":\"https:\\\/\\\/www.organisator.ch\\\/#\\\/schema\\\/person\\\/aa2bace6c5c5aad60102004a50c4eb1c\",\"name\":\"admin\",\"image\":{\"@type\":\"ImageObject\",\"inLanguage\":\"en-US\",\"@id\":\"https:\\\/\\\/secure.gravatar.com\\\/avatar\\\/ae2f4d718e6c49043e314ce431e7e645d646302a24a5ef5a8bc8e3f5a032e319?s=96&d=mm&r=g\",\"url\":\"https:\\\/\\\/secure.gravatar.com\\\/avatar\\\/ae2f4d718e6c49043e314ce431e7e645d646302a24a5ef5a8bc8e3f5a032e319?s=96&d=mm&r=g\",\"contentUrl\":\"https:\\\/\\\/secure.gravatar.com\\\/avatar\\\/ae2f4d718e6c49043e314ce431e7e645d646302a24a5ef5a8bc8e3f5a032e319?s=96&d=mm&r=g\",\"caption\":\"admin\"},\"sameAs\":[\"https:\\\/\\\/www.organisator.ch\"],\"url\":\"https:\\\/\\\/www.organisator.ch\\\/en\\\/author\\\/admin\\\/\"}]}<\/script>\n<!-- \/ Yoast SEO plugin. -->","yoast_head_json":{"title":"New opportunities for business succession - organizer","description":"On January 1, 2023, the revised inheritance law will come into force. This opens up new opportunities for planning company succession.","robots":{"index":"index","follow":"follow","max-snippet":"max-snippet:-1","max-image-preview":"max-image-preview:large","max-video-preview":"max-video-preview:-1"},"canonical":"https:\/\/www.organisator.ch\/en\/subscription\/2022-12-06\/neue-moeglichkeiten-fuer-die-unternehmensnachfolge\/","og_locale":"en_US","og_type":"article","og_title":"Neue M\u00f6glichkeiten f\u00fcr die Unternehmensnachfolge - Organisator","og_description":"Am 1.1.2023 tritt das revidierte Erbrecht in Kraft. Dadurch er\u00f6ffnen sich f\u00fcr die Planung der Unternehmensnachfolge neue M\u00f6glichkeiten.","og_url":"https:\/\/www.organisator.ch\/en\/subscription\/2022-12-06\/neue-moeglichkeiten-fuer-die-unternehmensnachfolge\/","og_site_name":"Organisator","article_publisher":"https:\/\/www.facebook.com\/OrganisatorFachmagazin","article_published_time":"2022-12-06T18:54:03+00:00","og_image":[{"url":"https:\/\/www.organisator.ch\/wp-content\/uploads\/2022\/11\/Organisator-Neue-Moeglichkeiten-fuer-die-Unternehmensnachfolge.jpg","width":768,"height":522,"type":"image\/jpeg"}],"author":"admin","twitter_card":"summary_large_image","schema":{"@context":"https:\/\/schema.org","@graph":[{"@type":"Article","@id":"https:\/\/www.organisator.ch\/abo\/2022-12-06\/neue-moeglichkeiten-fuer-die-unternehmensnachfolge\/#article","isPartOf":{"@id":"https:\/\/www.organisator.ch\/abo\/2022-12-06\/neue-moeglichkeiten-fuer-die-unternehmensnachfolge\/"},"author":{"name":"admin","@id":"https:\/\/www.organisator.ch\/#\/schema\/person\/aa2bace6c5c5aad60102004a50c4eb1c"},"headline":"Neue M\u00f6glichkeiten f\u00fcr die Unternehmensnachfolge","datePublished":"2022-12-06T18:54:03+00:00","mainEntityOfPage":{"@id":"https:\/\/www.organisator.ch\/abo\/2022-12-06\/neue-moeglichkeiten-fuer-die-unternehmensnachfolge\/"},"wordCount":1325,"publisher":{"@id":"https:\/\/www.organisator.ch\/#organization"},"image":{"@id":"https:\/\/www.organisator.ch\/abo\/2022-12-06\/neue-moeglichkeiten-fuer-die-unternehmensnachfolge\/#primaryimage"},"thumbnailUrl":"https:\/\/www.organisator.ch\/wp-content\/uploads\/2022\/11\/Organisator-Neue-Moeglichkeiten-fuer-die-Unternehmensnachfolge.jpg","keywords":["Ausgabe 11-12\/2022","Finanzen\/Recht","Firmennachfolge","Nachfolgeplanung"],"articleSection":["ABO+","OPERATIONAL EXCELLENCE"],"inLanguage":"en-US"},{"@type":"WebPage","@id":"https:\/\/www.organisator.ch\/abo\/2022-12-06\/neue-moeglichkeiten-fuer-die-unternehmensnachfolge\/","url":"https:\/\/www.organisator.ch\/abo\/2022-12-06\/neue-moeglichkeiten-fuer-die-unternehmensnachfolge\/","name":"New opportunities for business succession - organizer","isPartOf":{"@id":"https:\/\/www.organisator.ch\/#website"},"primaryImageOfPage":{"@id":"https:\/\/www.organisator.ch\/abo\/2022-12-06\/neue-moeglichkeiten-fuer-die-unternehmensnachfolge\/#primaryimage"},"image":{"@id":"https:\/\/www.organisator.ch\/abo\/2022-12-06\/neue-moeglichkeiten-fuer-die-unternehmensnachfolge\/#primaryimage"},"thumbnailUrl":"https:\/\/www.organisator.ch\/wp-content\/uploads\/2022\/11\/Organisator-Neue-Moeglichkeiten-fuer-die-Unternehmensnachfolge.jpg","datePublished":"2022-12-06T18:54:03+00:00","description":"On January 1, 2023, the revised inheritance law will come into force. This opens up new opportunities for planning company succession.","breadcrumb":{"@id":"https:\/\/www.organisator.ch\/abo\/2022-12-06\/neue-moeglichkeiten-fuer-die-unternehmensnachfolge\/#breadcrumb"},"inLanguage":"en-US","potentialAction":[{"@type":"ReadAction","target":["https:\/\/www.organisator.ch\/abo\/2022-12-06\/neue-moeglichkeiten-fuer-die-unternehmensnachfolge\/"]}]},{"@type":"ImageObject","inLanguage":"en-US","@id":"https:\/\/www.organisator.ch\/abo\/2022-12-06\/neue-moeglichkeiten-fuer-die-unternehmensnachfolge\/#primaryimage","url":"https:\/\/www.organisator.ch\/wp-content\/uploads\/2022\/11\/Organisator-Neue-Moeglichkeiten-fuer-die-Unternehmensnachfolge.jpg","contentUrl":"https:\/\/www.organisator.ch\/wp-content\/uploads\/2022\/11\/Organisator-Neue-Moeglichkeiten-fuer-die-Unternehmensnachfolge.jpg","width":1000,"height":680,"caption":"Mittels Teilungsvorschriften sowie Zuweisung der frei verf\u00fcgbaren Quote kann ein Unternehmer sein Lebenswerk auf geeignete Nachfolger \u00fcbertragen. Bild: Pixabay.com"},{"@type":"BreadcrumbList","@id":"https:\/\/www.organisator.ch\/abo\/2022-12-06\/neue-moeglichkeiten-fuer-die-unternehmensnachfolge\/#breadcrumb","itemListElement":[{"@type":"ListItem","position":1,"name":"Home","item":"https:\/\/www.organisator.ch\/"},{"@type":"ListItem","position":2,"name":"Neue M\u00f6glichkeiten f\u00fcr die Unternehmensnachfolge"}]},{"@type":"WebSite","@id":"https:\/\/www.organisator.ch\/#website","url":"https:\/\/www.organisator.ch\/","name":"Organizer","description":"Competent. Practical. In 10 issues per year, ORGANISATOR presents the essential topics for managers of SMEs.","publisher":{"@id":"https:\/\/www.organisator.ch\/#organization"},"potentialAction":[{"@type":"SearchAction","target":{"@type":"EntryPoint","urlTemplate":"https:\/\/www.organisator.ch\/?s={search_term_string}"},"query-input":{"@type":"PropertyValueSpecification","valueRequired":true,"valueName":"search_term_string"}}],"inLanguage":"en-US"},{"@type":"Organization","@id":"https:\/\/www.organisator.ch\/#organization","name":"Organizer","url":"https:\/\/www.organisator.ch\/","logo":{"@type":"ImageObject","inLanguage":"en-US","@id":"https:\/\/www.organisator.ch\/#\/schema\/logo\/image\/","url":"https:\/\/www.organisator.ch\/wp-content\/uploads\/2022\/01\/Logo_Organisator_Website.png","contentUrl":"https:\/\/www.organisator.ch\/wp-content\/uploads\/2022\/01\/Logo_Organisator_Website.png","width":800,"height":77,"caption":"Organisator"},"image":{"@id":"https:\/\/www.organisator.ch\/#\/schema\/logo\/image\/"},"sameAs":["https:\/\/www.facebook.com\/OrganisatorFachmagazin","https:\/\/www.linkedin.com\/showcase\/organisator-das-magazin-fr-kmu","https:\/\/www.xing.com\/news\/pages\/organisator-ch-695","https:\/\/www.youtube.com\/channel\/UCGP2Sq0iWaZwT3BdIAQFYpw"]},{"@type":"Person","@id":"https:\/\/www.organisator.ch\/#\/schema\/person\/aa2bace6c5c5aad60102004a50c4eb1c","name":"admin","image":{"@type":"ImageObject","inLanguage":"en-US","@id":"https:\/\/secure.gravatar.com\/avatar\/ae2f4d718e6c49043e314ce431e7e645d646302a24a5ef5a8bc8e3f5a032e319?s=96&d=mm&r=g","url":"https:\/\/secure.gravatar.com\/avatar\/ae2f4d718e6c49043e314ce431e7e645d646302a24a5ef5a8bc8e3f5a032e319?s=96&d=mm&r=g","contentUrl":"https:\/\/secure.gravatar.com\/avatar\/ae2f4d718e6c49043e314ce431e7e645d646302a24a5ef5a8bc8e3f5a032e319?s=96&d=mm&r=g","caption":"admin"},"sameAs":["https:\/\/www.organisator.ch"],"url":"https:\/\/www.organisator.ch\/en\/author\/admin\/"}]}},"_links":{"self":[{"href":"https:\/\/www.organisator.ch\/en\/wp-json\/wp\/v2\/posts\/17986","targetHints":{"allow":["GET"]}}],"collection":[{"href":"https:\/\/www.organisator.ch\/en\/wp-json\/wp\/v2\/posts"}],"about":[{"href":"https:\/\/www.organisator.ch\/en\/wp-json\/wp\/v2\/types\/post"}],"author":[{"embeddable":true,"href":"https:\/\/www.organisator.ch\/en\/wp-json\/wp\/v2\/users\/1"}],"replies":[{"embeddable":true,"href":"https:\/\/www.organisator.ch\/en\/wp-json\/wp\/v2\/comments?post=17986"}],"version-history":[{"count":3,"href":"https:\/\/www.organisator.ch\/en\/wp-json\/wp\/v2\/posts\/17986\/revisions"}],"predecessor-version":[{"id":18153,"href":"https:\/\/www.organisator.ch\/en\/wp-json\/wp\/v2\/posts\/17986\/revisions\/18153"}],"wp:featuredmedia":[{"embeddable":true,"href":"https:\/\/www.organisator.ch\/en\/wp-json\/wp\/v2\/media\/17987"}],"wp:attachment":[{"href":"https:\/\/www.organisator.ch\/en\/wp-json\/wp\/v2\/media?parent=17986"}],"wp:term":[{"taxonomy":"category","embeddable":true,"href":"https:\/\/www.organisator.ch\/en\/wp-json\/wp\/v2\/categories?post=17986"},{"taxonomy":"post_tag","embeddable":true,"href":"https:\/\/www.organisator.ch\/en\/wp-json\/wp\/v2\/tags?post=17986"}],"curies":[{"name":"wp","href":"https:\/\/api.w.org\/{rel}","templated":true}]}}