{"id":17989,"date":"2022-12-06T18:47:49","date_gmt":"2022-12-06T17:47:49","guid":{"rendered":"https:\/\/www.organisator.ch\/?p=17989"},"modified":"2022-12-06T09:49:43","modified_gmt":"2022-12-06T08:49:43","slug":"neues-aktienrecht-mehr-flexibilitaet-bei-der-unternehmensgruendung","status":"publish","type":"post","link":"https:\/\/www.organisator.ch\/en\/abo\/2022-12-06\/neues-aktienrecht-mehr-flexibilitaet-bei-der-unternehmensgruendung\/","title":{"rendered":"New Stock Corporation Law: More Flexibility in Company Formation"},"content":{"rendered":"<div class=\"swpm-post-not-logged-in-msg\">You need to be logged in to view this content. Please <a class=\"swpm-login-link\" href=\"https:\/\/www.organisator.ch\/login\/\">Log In<\/a>. Not a Member? <a href=\"https:\/\/www.organisator.ch\/shop\/\">Join Us<\/a><\/div>","protected":false},"excerpt":{"rendered":"<p>You need to be logged in to view this content. Please Log In. Not a Member? Join Us<\/p>","protected":false},"author":1,"featured_media":17990,"comment_status":"closed","ping_status":"closed","sticky":false,"template":"","format":"standard","meta":{"_acf_changed":false,"_yoast_wpseo_focuskw":"Aktienrecht","_yoast_wpseo_metadesc":"Das neue Aktienrecht bringt Flexibilit\u00e4t und Vereinfachungen bei Unternehmensgr\u00fcndungen und k\u00f6nnte diese k\u00fcnftig noch attraktiver machen.","articlekey":"","footnotes":""},"categories":[578,582],"tags":[3528,202,3548],"class_list":["post-17989","post","type-post","status-publish","format-standard","has-post-thumbnail","hentry","category-abo","category-operational-excellence","tag-ausgabe-11-12-2022","tag-finanzenrecht","tag-unternehmensgruendung"],"acf":[],"yoast_head":"<!-- This site is optimized with the Yoast SEO plugin v27.5 - https:\/\/yoast.com\/product\/yoast-seo-wordpress\/ -->\n<title>Neues Aktienrecht: Mehr Flexibilit\u00e4t bei der Unternehmensgr\u00fcndung - Organisator<\/title>\n<meta name=\"description\" content=\"Das neue Aktienrecht bringt Flexibilit\u00e4t und Vereinfachungen bei Unternehmensgr\u00fcndungen und k\u00f6nnte diese k\u00fcnftig noch attraktiver machen.\" \/>\n<meta name=\"robots\" content=\"index, follow, max-snippet:-1, max-image-preview:large, max-video-preview:-1\" \/>\n<link rel=\"canonical\" href=\"https:\/\/www.organisator.ch\/en\/subscription\/2022-12-06\/neues-aktienrecht-mehr-flexibilitaet-bei-der-unternehmensgruendung\/\" \/>\n<meta property=\"og:locale\" content=\"en_US\" \/>\n<meta property=\"og:type\" content=\"article\" \/>\n<meta property=\"og:title\" content=\"Neues Aktienrecht: Mehr Flexibilit\u00e4t bei der Unternehmensgr\u00fcndung - Organisator\" \/>\n<meta property=\"og:description\" content=\"Das neue Aktienrecht bringt Flexibilit\u00e4t und Vereinfachungen bei Unternehmensgr\u00fcndungen und k\u00f6nnte diese k\u00fcnftig noch attraktiver machen.\" \/>\n<meta property=\"og:url\" content=\"https:\/\/www.organisator.ch\/en\/subscription\/2022-12-06\/neues-aktienrecht-mehr-flexibilitaet-bei-der-unternehmensgruendung\/\" \/>\n<meta property=\"og:site_name\" content=\"Organisator\" \/>\n<meta property=\"article:publisher\" content=\"https:\/\/www.facebook.com\/OrganisatorFachmagazin\" \/>\n<meta property=\"article:published_time\" content=\"2022-12-06T17:47:49+00:00\" \/>\n<meta property=\"og:image\" content=\"https:\/\/www.organisator.ch\/wp-content\/uploads\/2022\/11\/Organisator-Neues-Aktienrecht-Mehr-Flexibilitaet-bei-der-Unternehmensgruendung.jpg\" \/>\n\t<meta property=\"og:image:width\" content=\"768\" \/>\n\t<meta property=\"og:image:height\" content=\"522\" \/>\n\t<meta property=\"og:image:type\" content=\"image\/jpeg\" \/>\n<meta name=\"author\" content=\"admin\" \/>\n<meta name=\"twitter:card\" content=\"summary_large_image\" \/>\n<script type=\"application\/ld+json\" class=\"yoast-schema-graph\">{\"@context\":\"https:\\\/\\\/schema.org\",\"@graph\":[{\"@type\":\"Article\",\"@id\":\"https:\\\/\\\/www.organisator.ch\\\/abo\\\/2022-12-06\\\/neues-aktienrecht-mehr-flexibilitaet-bei-der-unternehmensgruendung\\\/#article\",\"isPartOf\":{\"@id\":\"https:\\\/\\\/www.organisator.ch\\\/abo\\\/2022-12-06\\\/neues-aktienrecht-mehr-flexibilitaet-bei-der-unternehmensgruendung\\\/\"},\"author\":{\"name\":\"admin\",\"@id\":\"https:\\\/\\\/www.organisator.ch\\\/#\\\/schema\\\/person\\\/aa2bace6c5c5aad60102004a50c4eb1c\"},\"headline\":\"Neues Aktienrecht: Mehr Flexibilit\u00e4t bei der Unternehmensgr\u00fcndung\",\"datePublished\":\"2022-12-06T17:47:49+00:00\",\"mainEntityOfPage\":{\"@id\":\"https:\\\/\\\/www.organisator.ch\\\/abo\\\/2022-12-06\\\/neues-aktienrecht-mehr-flexibilitaet-bei-der-unternehmensgruendung\\\/\"},\"wordCount\":1038,\"publisher\":{\"@id\":\"https:\\\/\\\/www.organisator.ch\\\/#organization\"},\"image\":{\"@id\":\"https:\\\/\\\/www.organisator.ch\\\/abo\\\/2022-12-06\\\/neues-aktienrecht-mehr-flexibilitaet-bei-der-unternehmensgruendung\\\/#primaryimage\"},\"thumbnailUrl\":\"https:\\\/\\\/www.organisator.ch\\\/wp-content\\\/uploads\\\/2022\\\/11\\\/Organisator-Neues-Aktienrecht-Mehr-Flexibilitaet-bei-der-Unternehmensgruendung.jpg\",\"keywords\":[\"Ausgabe 11-12\\\/2022\",\"Finanzen\\\/Recht\",\"Unternehmensgr\u00fcndung\"],\"articleSection\":[\"ABO+\",\"OPERATIONAL EXCELLENCE\"],\"inLanguage\":\"en-US\"},{\"@type\":\"WebPage\",\"@id\":\"https:\\\/\\\/www.organisator.ch\\\/abo\\\/2022-12-06\\\/neues-aktienrecht-mehr-flexibilitaet-bei-der-unternehmensgruendung\\\/\",\"url\":\"https:\\\/\\\/www.organisator.ch\\\/abo\\\/2022-12-06\\\/neues-aktienrecht-mehr-flexibilitaet-bei-der-unternehmensgruendung\\\/\",\"name\":\"Neues Aktienrecht: Mehr Flexibilit\u00e4t bei der Unternehmensgr\u00fcndung - Organisator\",\"isPartOf\":{\"@id\":\"https:\\\/\\\/www.organisator.ch\\\/#website\"},\"primaryImageOfPage\":{\"@id\":\"https:\\\/\\\/www.organisator.ch\\\/abo\\\/2022-12-06\\\/neues-aktienrecht-mehr-flexibilitaet-bei-der-unternehmensgruendung\\\/#primaryimage\"},\"image\":{\"@id\":\"https:\\\/\\\/www.organisator.ch\\\/abo\\\/2022-12-06\\\/neues-aktienrecht-mehr-flexibilitaet-bei-der-unternehmensgruendung\\\/#primaryimage\"},\"thumbnailUrl\":\"https:\\\/\\\/www.organisator.ch\\\/wp-content\\\/uploads\\\/2022\\\/11\\\/Organisator-Neues-Aktienrecht-Mehr-Flexibilitaet-bei-der-Unternehmensgruendung.jpg\",\"datePublished\":\"2022-12-06T17:47:49+00:00\",\"description\":\"Das neue Aktienrecht bringt Flexibilit\u00e4t und Vereinfachungen bei Unternehmensgr\u00fcndungen und k\u00f6nnte diese k\u00fcnftig noch attraktiver machen.\",\"breadcrumb\":{\"@id\":\"https:\\\/\\\/www.organisator.ch\\\/abo\\\/2022-12-06\\\/neues-aktienrecht-mehr-flexibilitaet-bei-der-unternehmensgruendung\\\/#breadcrumb\"},\"inLanguage\":\"en-US\",\"potentialAction\":[{\"@type\":\"ReadAction\",\"target\":[\"https:\\\/\\\/www.organisator.ch\\\/abo\\\/2022-12-06\\\/neues-aktienrecht-mehr-flexibilitaet-bei-der-unternehmensgruendung\\\/\"]}]},{\"@type\":\"ImageObject\",\"inLanguage\":\"en-US\",\"@id\":\"https:\\\/\\\/www.organisator.ch\\\/abo\\\/2022-12-06\\\/neues-aktienrecht-mehr-flexibilitaet-bei-der-unternehmensgruendung\\\/#primaryimage\",\"url\":\"https:\\\/\\\/www.organisator.ch\\\/wp-content\\\/uploads\\\/2022\\\/11\\\/Organisator-Neues-Aktienrecht-Mehr-Flexibilitaet-bei-der-Unternehmensgruendung.jpg\",\"contentUrl\":\"https:\\\/\\\/www.organisator.ch\\\/wp-content\\\/uploads\\\/2022\\\/11\\\/Organisator-Neues-Aktienrecht-Mehr-Flexibilitaet-bei-der-Unternehmensgruendung.jpg\",\"width\":1000,\"height\":680,\"caption\":\"Wer ab dem n\u00e4chsten Jahr eine Aktiengesellschaft gr\u00fcndet, erh\u00e4lt bei der Gestaltung der Kapitalstruktur und der Aussch\u00fcttung von Dividenden mehr Flexibilit\u00e4t. Bild: Depositphotos.com\"},{\"@type\":\"BreadcrumbList\",\"@id\":\"https:\\\/\\\/www.organisator.ch\\\/abo\\\/2022-12-06\\\/neues-aktienrecht-mehr-flexibilitaet-bei-der-unternehmensgruendung\\\/#breadcrumb\",\"itemListElement\":[{\"@type\":\"ListItem\",\"position\":1,\"name\":\"Home\",\"item\":\"https:\\\/\\\/www.organisator.ch\\\/\"},{\"@type\":\"ListItem\",\"position\":2,\"name\":\"Neues Aktienrecht: Mehr Flexibilit\u00e4t bei der Unternehmensgr\u00fcndung\"}]},{\"@type\":\"WebSite\",\"@id\":\"https:\\\/\\\/www.organisator.ch\\\/#website\",\"url\":\"https:\\\/\\\/www.organisator.ch\\\/\",\"name\":\"Organisator\",\"description\":\"Kompetent. Praxisnah. Der ORGANISATOR bereitet in 10 Ausgaben pro Jahr die wesentlichen Themen f\u00fcr F\u00fchrungskr\u00e4fte von KMU auf.\",\"publisher\":{\"@id\":\"https:\\\/\\\/www.organisator.ch\\\/#organization\"},\"potentialAction\":[{\"@type\":\"SearchAction\",\"target\":{\"@type\":\"EntryPoint\",\"urlTemplate\":\"https:\\\/\\\/www.organisator.ch\\\/?s={search_term_string}\"},\"query-input\":{\"@type\":\"PropertyValueSpecification\",\"valueRequired\":true,\"valueName\":\"search_term_string\"}}],\"inLanguage\":\"en-US\"},{\"@type\":\"Organization\",\"@id\":\"https:\\\/\\\/www.organisator.ch\\\/#organization\",\"name\":\"Organisator\",\"url\":\"https:\\\/\\\/www.organisator.ch\\\/\",\"logo\":{\"@type\":\"ImageObject\",\"inLanguage\":\"en-US\",\"@id\":\"https:\\\/\\\/www.organisator.ch\\\/#\\\/schema\\\/logo\\\/image\\\/\",\"url\":\"https:\\\/\\\/www.organisator.ch\\\/wp-content\\\/uploads\\\/2022\\\/01\\\/Logo_Organisator_Website.png\",\"contentUrl\":\"https:\\\/\\\/www.organisator.ch\\\/wp-content\\\/uploads\\\/2022\\\/01\\\/Logo_Organisator_Website.png\",\"width\":800,\"height\":77,\"caption\":\"Organisator\"},\"image\":{\"@id\":\"https:\\\/\\\/www.organisator.ch\\\/#\\\/schema\\\/logo\\\/image\\\/\"},\"sameAs\":[\"https:\\\/\\\/www.facebook.com\\\/OrganisatorFachmagazin\",\"https:\\\/\\\/www.linkedin.com\\\/showcase\\\/organisator-das-magazin-fr-kmu\",\"https:\\\/\\\/www.xing.com\\\/news\\\/pages\\\/organisator-ch-695\",\"https:\\\/\\\/www.youtube.com\\\/channel\\\/UCGP2Sq0iWaZwT3BdIAQFYpw\"]},{\"@type\":\"Person\",\"@id\":\"https:\\\/\\\/www.organisator.ch\\\/#\\\/schema\\\/person\\\/aa2bace6c5c5aad60102004a50c4eb1c\",\"name\":\"admin\",\"image\":{\"@type\":\"ImageObject\",\"inLanguage\":\"en-US\",\"@id\":\"https:\\\/\\\/secure.gravatar.com\\\/avatar\\\/ae2f4d718e6c49043e314ce431e7e645d646302a24a5ef5a8bc8e3f5a032e319?s=96&d=mm&r=g\",\"url\":\"https:\\\/\\\/secure.gravatar.com\\\/avatar\\\/ae2f4d718e6c49043e314ce431e7e645d646302a24a5ef5a8bc8e3f5a032e319?s=96&d=mm&r=g\",\"contentUrl\":\"https:\\\/\\\/secure.gravatar.com\\\/avatar\\\/ae2f4d718e6c49043e314ce431e7e645d646302a24a5ef5a8bc8e3f5a032e319?s=96&d=mm&r=g\",\"caption\":\"admin\"},\"sameAs\":[\"https:\\\/\\\/www.organisator.ch\"],\"url\":\"https:\\\/\\\/www.organisator.ch\\\/en\\\/author\\\/admin\\\/\"}]}<\/script>\n<!-- \/ Yoast SEO plugin. -->","yoast_head_json":{"title":"New stock corporation law: More flexibility in setting up a company - Organizer","description":"The new stock corporation law brings flexibility and simplification to company formations and could make them even more attractive in the future.","robots":{"index":"index","follow":"follow","max-snippet":"max-snippet:-1","max-image-preview":"max-image-preview:large","max-video-preview":"max-video-preview:-1"},"canonical":"https:\/\/www.organisator.ch\/en\/subscription\/2022-12-06\/neues-aktienrecht-mehr-flexibilitaet-bei-der-unternehmensgruendung\/","og_locale":"en_US","og_type":"article","og_title":"Neues Aktienrecht: Mehr Flexibilit\u00e4t bei der Unternehmensgr\u00fcndung - Organisator","og_description":"Das neue Aktienrecht bringt Flexibilit\u00e4t und Vereinfachungen bei Unternehmensgr\u00fcndungen und k\u00f6nnte diese k\u00fcnftig noch attraktiver machen.","og_url":"https:\/\/www.organisator.ch\/en\/subscription\/2022-12-06\/neues-aktienrecht-mehr-flexibilitaet-bei-der-unternehmensgruendung\/","og_site_name":"Organisator","article_publisher":"https:\/\/www.facebook.com\/OrganisatorFachmagazin","article_published_time":"2022-12-06T17:47:49+00:00","og_image":[{"url":"https:\/\/www.organisator.ch\/wp-content\/uploads\/2022\/11\/Organisator-Neues-Aktienrecht-Mehr-Flexibilitaet-bei-der-Unternehmensgruendung.jpg","width":768,"height":522,"type":"image\/jpeg"}],"author":"admin","twitter_card":"summary_large_image","schema":{"@context":"https:\/\/schema.org","@graph":[{"@type":"Article","@id":"https:\/\/www.organisator.ch\/abo\/2022-12-06\/neues-aktienrecht-mehr-flexibilitaet-bei-der-unternehmensgruendung\/#article","isPartOf":{"@id":"https:\/\/www.organisator.ch\/abo\/2022-12-06\/neues-aktienrecht-mehr-flexibilitaet-bei-der-unternehmensgruendung\/"},"author":{"name":"admin","@id":"https:\/\/www.organisator.ch\/#\/schema\/person\/aa2bace6c5c5aad60102004a50c4eb1c"},"headline":"Neues Aktienrecht: Mehr Flexibilit\u00e4t bei der Unternehmensgr\u00fcndung","datePublished":"2022-12-06T17:47:49+00:00","mainEntityOfPage":{"@id":"https:\/\/www.organisator.ch\/abo\/2022-12-06\/neues-aktienrecht-mehr-flexibilitaet-bei-der-unternehmensgruendung\/"},"wordCount":1038,"publisher":{"@id":"https:\/\/www.organisator.ch\/#organization"},"image":{"@id":"https:\/\/www.organisator.ch\/abo\/2022-12-06\/neues-aktienrecht-mehr-flexibilitaet-bei-der-unternehmensgruendung\/#primaryimage"},"thumbnailUrl":"https:\/\/www.organisator.ch\/wp-content\/uploads\/2022\/11\/Organisator-Neues-Aktienrecht-Mehr-Flexibilitaet-bei-der-Unternehmensgruendung.jpg","keywords":["Ausgabe 11-12\/2022","Finanzen\/Recht","Unternehmensgr\u00fcndung"],"articleSection":["ABO+","OPERATIONAL EXCELLENCE"],"inLanguage":"en-US"},{"@type":"WebPage","@id":"https:\/\/www.organisator.ch\/abo\/2022-12-06\/neues-aktienrecht-mehr-flexibilitaet-bei-der-unternehmensgruendung\/","url":"https:\/\/www.organisator.ch\/abo\/2022-12-06\/neues-aktienrecht-mehr-flexibilitaet-bei-der-unternehmensgruendung\/","name":"New stock corporation law: More flexibility in setting up a company - Organizer","isPartOf":{"@id":"https:\/\/www.organisator.ch\/#website"},"primaryImageOfPage":{"@id":"https:\/\/www.organisator.ch\/abo\/2022-12-06\/neues-aktienrecht-mehr-flexibilitaet-bei-der-unternehmensgruendung\/#primaryimage"},"image":{"@id":"https:\/\/www.organisator.ch\/abo\/2022-12-06\/neues-aktienrecht-mehr-flexibilitaet-bei-der-unternehmensgruendung\/#primaryimage"},"thumbnailUrl":"https:\/\/www.organisator.ch\/wp-content\/uploads\/2022\/11\/Organisator-Neues-Aktienrecht-Mehr-Flexibilitaet-bei-der-Unternehmensgruendung.jpg","datePublished":"2022-12-06T17:47:49+00:00","description":"The new stock corporation law brings flexibility and simplification to company formations and could make them even more attractive in the future.","breadcrumb":{"@id":"https:\/\/www.organisator.ch\/abo\/2022-12-06\/neues-aktienrecht-mehr-flexibilitaet-bei-der-unternehmensgruendung\/#breadcrumb"},"inLanguage":"en-US","potentialAction":[{"@type":"ReadAction","target":["https:\/\/www.organisator.ch\/abo\/2022-12-06\/neues-aktienrecht-mehr-flexibilitaet-bei-der-unternehmensgruendung\/"]}]},{"@type":"ImageObject","inLanguage":"en-US","@id":"https:\/\/www.organisator.ch\/abo\/2022-12-06\/neues-aktienrecht-mehr-flexibilitaet-bei-der-unternehmensgruendung\/#primaryimage","url":"https:\/\/www.organisator.ch\/wp-content\/uploads\/2022\/11\/Organisator-Neues-Aktienrecht-Mehr-Flexibilitaet-bei-der-Unternehmensgruendung.jpg","contentUrl":"https:\/\/www.organisator.ch\/wp-content\/uploads\/2022\/11\/Organisator-Neues-Aktienrecht-Mehr-Flexibilitaet-bei-der-Unternehmensgruendung.jpg","width":1000,"height":680,"caption":"Wer ab dem n\u00e4chsten Jahr eine Aktiengesellschaft gr\u00fcndet, erh\u00e4lt bei der Gestaltung der Kapitalstruktur und der Aussch\u00fcttung von Dividenden mehr Flexibilit\u00e4t. Bild: Depositphotos.com"},{"@type":"BreadcrumbList","@id":"https:\/\/www.organisator.ch\/abo\/2022-12-06\/neues-aktienrecht-mehr-flexibilitaet-bei-der-unternehmensgruendung\/#breadcrumb","itemListElement":[{"@type":"ListItem","position":1,"name":"Home","item":"https:\/\/www.organisator.ch\/"},{"@type":"ListItem","position":2,"name":"Neues Aktienrecht: Mehr Flexibilit\u00e4t bei der Unternehmensgr\u00fcndung"}]},{"@type":"WebSite","@id":"https:\/\/www.organisator.ch\/#website","url":"https:\/\/www.organisator.ch\/","name":"Organizer","description":"Competent. Practical. In 10 issues per year, ORGANISATOR presents the essential topics for managers of SMEs.","publisher":{"@id":"https:\/\/www.organisator.ch\/#organization"},"potentialAction":[{"@type":"SearchAction","target":{"@type":"EntryPoint","urlTemplate":"https:\/\/www.organisator.ch\/?s={search_term_string}"},"query-input":{"@type":"PropertyValueSpecification","valueRequired":true,"valueName":"search_term_string"}}],"inLanguage":"en-US"},{"@type":"Organization","@id":"https:\/\/www.organisator.ch\/#organization","name":"Organizer","url":"https:\/\/www.organisator.ch\/","logo":{"@type":"ImageObject","inLanguage":"en-US","@id":"https:\/\/www.organisator.ch\/#\/schema\/logo\/image\/","url":"https:\/\/www.organisator.ch\/wp-content\/uploads\/2022\/01\/Logo_Organisator_Website.png","contentUrl":"https:\/\/www.organisator.ch\/wp-content\/uploads\/2022\/01\/Logo_Organisator_Website.png","width":800,"height":77,"caption":"Organisator"},"image":{"@id":"https:\/\/www.organisator.ch\/#\/schema\/logo\/image\/"},"sameAs":["https:\/\/www.facebook.com\/OrganisatorFachmagazin","https:\/\/www.linkedin.com\/showcase\/organisator-das-magazin-fr-kmu","https:\/\/www.xing.com\/news\/pages\/organisator-ch-695","https:\/\/www.youtube.com\/channel\/UCGP2Sq0iWaZwT3BdIAQFYpw"]},{"@type":"Person","@id":"https:\/\/www.organisator.ch\/#\/schema\/person\/aa2bace6c5c5aad60102004a50c4eb1c","name":"admin","image":{"@type":"ImageObject","inLanguage":"en-US","@id":"https:\/\/secure.gravatar.com\/avatar\/ae2f4d718e6c49043e314ce431e7e645d646302a24a5ef5a8bc8e3f5a032e319?s=96&d=mm&r=g","url":"https:\/\/secure.gravatar.com\/avatar\/ae2f4d718e6c49043e314ce431e7e645d646302a24a5ef5a8bc8e3f5a032e319?s=96&d=mm&r=g","contentUrl":"https:\/\/secure.gravatar.com\/avatar\/ae2f4d718e6c49043e314ce431e7e645d646302a24a5ef5a8bc8e3f5a032e319?s=96&d=mm&r=g","caption":"admin"},"sameAs":["https:\/\/www.organisator.ch"],"url":"https:\/\/www.organisator.ch\/en\/author\/admin\/"}]}},"_links":{"self":[{"href":"https:\/\/www.organisator.ch\/en\/wp-json\/wp\/v2\/posts\/17989","targetHints":{"allow":["GET"]}}],"collection":[{"href":"https:\/\/www.organisator.ch\/en\/wp-json\/wp\/v2\/posts"}],"about":[{"href":"https:\/\/www.organisator.ch\/en\/wp-json\/wp\/v2\/types\/post"}],"author":[{"embeddable":true,"href":"https:\/\/www.organisator.ch\/en\/wp-json\/wp\/v2\/users\/1"}],"replies":[{"embeddable":true,"href":"https:\/\/www.organisator.ch\/en\/wp-json\/wp\/v2\/comments?post=17989"}],"version-history":[{"count":3,"href":"https:\/\/www.organisator.ch\/en\/wp-json\/wp\/v2\/posts\/17989\/revisions"}],"predecessor-version":[{"id":18151,"href":"https:\/\/www.organisator.ch\/en\/wp-json\/wp\/v2\/posts\/17989\/revisions\/18151"}],"wp:featuredmedia":[{"embeddable":true,"href":"https:\/\/www.organisator.ch\/en\/wp-json\/wp\/v2\/media\/17990"}],"wp:attachment":[{"href":"https:\/\/www.organisator.ch\/en\/wp-json\/wp\/v2\/media?parent=17989"}],"wp:term":[{"taxonomy":"category","embeddable":true,"href":"https:\/\/www.organisator.ch\/en\/wp-json\/wp\/v2\/categories?post=17989"},{"taxonomy":"post_tag","embeddable":true,"href":"https:\/\/www.organisator.ch\/en\/wp-json\/wp\/v2\/tags?post=17989"}],"curies":[{"name":"wp","href":"https:\/\/api.w.org\/{rel}","templated":true}]}}