{"id":18185,"date":"2022-12-07T11:21:37","date_gmt":"2022-12-07T10:21:37","guid":{"rendered":"https:\/\/www.werbewoche.ch\/?p=191161"},"modified":"2024-11-20T06:34:53","modified_gmt":"2024-11-20T05:34:53","slug":"gfk-technische-konsumgueter-zur-black-week-knackten-rekord","status":"publish","type":"post","link":"https:\/\/www.organisator.ch\/en\/marketing\/2022-12-07\/gfk-technische-konsumgueter-zur-black-week-knackten-rekord\/","title":{"rendered":"GfK: Technical consumer goods for Black Week break records"},"content":{"rendered":"<p><img class=\"alignnone wp-image-191163 size-full\" src=\"https:\/\/www.werbewoche.ch\/wp-content\/uploads\/2022\/12\/Black-Friday-GfK.jpg\" alt=\"Black Week\" width=\"1200\" height=\"1104\" \/>GfK highlights the most important results of Black Week in the area of technical consumer goods. With a sales volume of CHF 114.2 million and an increase of +11.5 percent, Black Week 2022 was within the forecast range. Thus, even the record mark of two years ago (CHF 110.2 million) was exceeded.<\/p>\r\n<h3>The individual product groups developed as follows in terms of value compared with the previous year:<\/h3>\r\n<ul>\r\n\t<li>The highest sales (CHF 38.2 million) this year were generated by far by the high demand for smartphones. Compared to the previous year, this was an increase of almost CHF 12.0 million. It should be noted that the availability of smartphones was very limited a year ago due to bottlenecks in components and interrupted supply chains.<\/li>\r\n\t<li>Mobile computers again recorded the second highest demand. At CHF 28.4 million, sales were CHF 2.1 million higher than in the previous year.<\/li>\r\n\t<li>TVs, which have always been the main sales driver during Black Week, were in third place. The volume declined from CHF 29.8 million in the previous year to CHF 26.7 million. Sales were brought forward by the promotions in the weeks before the World Cup.<\/li>\r\n\t<li>The gaming theme cooled down somewhat and had a negative impact on sales of desk computers. In terms of value, the volume declined from CHF 9.2 million to CHF 8.0 million.<\/li>\r\n\t<li>Tablets, on the other hand, were high on the list this year, with sales increasing from CHF 7.4 million to CHF 8.5 million compared to the previous year.<\/li>\r\n\t<li>The post-pandemic pent-up demand for photo cameras also showed a positive trend during Black Week. Sales of CHF 4.4 million were around 1.0 million up on the previous year.<\/li>\r\n<\/ul>\r\n<p>&nbsp;<\/p>","protected":false},"excerpt":{"rendered":"<p>Die GfK hebt die wichtigsten Ergebnisse der Black Week im Bereich der technischen Konsumg\u00fcter hervor. Die Black Week 2022 lag mit einem Umsatzvolumen von CHF 114.2 Mio. und einem Plus von +11,5 Prozent\u00a0 im Bereich der Prognose. Somit wurde sogar die Rekordmarke vor zwei Jahren (CHF 110.2 Mio.) \u00fcbertroffen. Die einzelnen Warengruppen haben sich wertm\u00e4ssig [\u2026]<\/p>\n","protected":false},"author":8,"featured_media":0,"comment_status":"closed","ping_status":"closed","sticky":false,"template":"","format":"standard","meta":{"_acf_changed":false,"_yoast_wpseo_focuskw":"Black Week","_yoast_wpseo_metadesc":"Black Week 2022: 11,5% Umsatzplus in der Schweiz. Starke Nachfrage nach Smartphones, Mobilecomputern und Fotokameras.","articlekey":"","footnotes":""},"categories":[29],"tags":[3550,3551],"class_list":["post-18185","post","type-post","status-publish","format-standard","hentry","category-marketing","tag-gfk-switzerland","tag-umsatzwachstum"],"acf":[],"yoast_head":"<!-- This site is optimized with the Yoast SEO plugin v27.5 - https:\/\/yoast.com\/product\/yoast-seo-wordpress\/ -->\n<title>GfK: Technische Konsumg\u00fcter zur Black Week knackten Rekord - Organisator<\/title>\n<meta name=\"description\" content=\"Black Week 2022: 11,5% Umsatzplus in der Schweiz. Starke Nachfrage nach Smartphones, Mobilecomputern und Fotokameras.\" \/>\n<meta name=\"robots\" content=\"index, follow, max-snippet:-1, max-image-preview:large, max-video-preview:-1\" \/>\n<link rel=\"canonical\" href=\"https:\/\/www.organisator.ch\/en\/marketing\/2022-12-07\/gfk-technische-konsumgueter-zur-black-week-knackten-rekord\/\" \/>\n<meta property=\"og:locale\" content=\"en_US\" \/>\n<meta property=\"og:type\" content=\"article\" \/>\n<meta property=\"og:title\" content=\"GfK: Technische Konsumg\u00fcter zur Black Week knackten Rekord - Organisator\" \/>\n<meta property=\"og:description\" content=\"Black Week 2022: 11,5% Umsatzplus in der Schweiz. Starke Nachfrage nach Smartphones, Mobilecomputern und Fotokameras.\" \/>\n<meta property=\"og:url\" content=\"https:\/\/www.organisator.ch\/en\/marketing\/2022-12-07\/gfk-technische-konsumgueter-zur-black-week-knackten-rekord\/\" \/>\n<meta property=\"og:site_name\" content=\"Organisator\" \/>\n<meta property=\"article:publisher\" content=\"https:\/\/www.facebook.com\/OrganisatorFachmagazin\" \/>\n<meta property=\"article:published_time\" content=\"2022-12-07T10:21:37+00:00\" \/>\n<meta property=\"article:modified_time\" content=\"2024-11-20T05:34:53+00:00\" \/>\n<meta name=\"author\" content=\"galledia\" \/>\n<meta name=\"twitter:card\" content=\"summary_large_image\" \/>\n<meta name=\"twitter:creator\" content=\"@admin\" \/>\n<script type=\"application\/ld+json\" class=\"yoast-schema-graph\">{\"@context\":\"https:\\\/\\\/schema.org\",\"@graph\":[{\"@type\":\"Article\",\"@id\":\"https:\\\/\\\/www.organisator.ch\\\/marketing\\\/2022-12-07\\\/gfk-technische-konsumgueter-zur-black-week-knackten-rekord\\\/#article\",\"isPartOf\":{\"@id\":\"https:\\\/\\\/www.organisator.ch\\\/marketing\\\/2022-12-07\\\/gfk-technische-konsumgueter-zur-black-week-knackten-rekord\\\/\"},\"author\":{\"name\":\"galledia\",\"@id\":\"https:\\\/\\\/www.organisator.ch\\\/#\\\/schema\\\/person\\\/4e51799071cd2dd1232ac003643ef5f0\"},\"headline\":\"GfK: Technische Konsumg\u00fcter zur Black Week knackten Rekord\",\"datePublished\":\"2022-12-07T10:21:37+00:00\",\"dateModified\":\"2024-11-20T05:34:53+00:00\",\"mainEntityOfPage\":{\"@id\":\"https:\\\/\\\/www.organisator.ch\\\/marketing\\\/2022-12-07\\\/gfk-technische-konsumgueter-zur-black-week-knackten-rekord\\\/\"},\"wordCount\":274,\"publisher\":{\"@id\":\"https:\\\/\\\/www.organisator.ch\\\/#organization\"},\"image\":{\"@id\":\"https:\\\/\\\/www.organisator.ch\\\/marketing\\\/2022-12-07\\\/gfk-technische-konsumgueter-zur-black-week-knackten-rekord\\\/#primaryimage\"},\"thumbnailUrl\":\"https:\\\/\\\/www.werbewoche.ch\\\/wp-content\\\/uploads\\\/2022\\\/12\\\/Black-Friday-GfK.jpg\",\"keywords\":[\"GFK Switzerland\",\"Umsatzwachstum\"],\"articleSection\":[\"MARKETING\"],\"inLanguage\":\"en-US\"},{\"@type\":\"WebPage\",\"@id\":\"https:\\\/\\\/www.organisator.ch\\\/marketing\\\/2022-12-07\\\/gfk-technische-konsumgueter-zur-black-week-knackten-rekord\\\/\",\"url\":\"https:\\\/\\\/www.organisator.ch\\\/marketing\\\/2022-12-07\\\/gfk-technische-konsumgueter-zur-black-week-knackten-rekord\\\/\",\"name\":\"GfK: Technische Konsumg\u00fcter zur Black Week knackten Rekord - Organisator\",\"isPartOf\":{\"@id\":\"https:\\\/\\\/www.organisator.ch\\\/#website\"},\"primaryImageOfPage\":{\"@id\":\"https:\\\/\\\/www.organisator.ch\\\/marketing\\\/2022-12-07\\\/gfk-technische-konsumgueter-zur-black-week-knackten-rekord\\\/#primaryimage\"},\"image\":{\"@id\":\"https:\\\/\\\/www.organisator.ch\\\/marketing\\\/2022-12-07\\\/gfk-technische-konsumgueter-zur-black-week-knackten-rekord\\\/#primaryimage\"},\"thumbnailUrl\":\"https:\\\/\\\/www.werbewoche.ch\\\/wp-content\\\/uploads\\\/2022\\\/12\\\/Black-Friday-GfK.jpg\",\"datePublished\":\"2022-12-07T10:21:37+00:00\",\"dateModified\":\"2024-11-20T05:34:53+00:00\",\"description\":\"Black Week 2022: 11,5% Umsatzplus in der Schweiz. Starke Nachfrage nach Smartphones, Mobilecomputern und Fotokameras.\",\"breadcrumb\":{\"@id\":\"https:\\\/\\\/www.organisator.ch\\\/marketing\\\/2022-12-07\\\/gfk-technische-konsumgueter-zur-black-week-knackten-rekord\\\/#breadcrumb\"},\"inLanguage\":\"en-US\",\"potentialAction\":[{\"@type\":\"ReadAction\",\"target\":[\"https:\\\/\\\/www.organisator.ch\\\/marketing\\\/2022-12-07\\\/gfk-technische-konsumgueter-zur-black-week-knackten-rekord\\\/\"]}]},{\"@type\":\"ImageObject\",\"inLanguage\":\"en-US\",\"@id\":\"https:\\\/\\\/www.organisator.ch\\\/marketing\\\/2022-12-07\\\/gfk-technische-konsumgueter-zur-black-week-knackten-rekord\\\/#primaryimage\",\"url\":\"https:\\\/\\\/www.werbewoche.ch\\\/wp-content\\\/uploads\\\/2022\\\/12\\\/Black-Friday-GfK.jpg\",\"contentUrl\":\"https:\\\/\\\/www.werbewoche.ch\\\/wp-content\\\/uploads\\\/2022\\\/12\\\/Black-Friday-GfK.jpg\"},{\"@type\":\"BreadcrumbList\",\"@id\":\"https:\\\/\\\/www.organisator.ch\\\/marketing\\\/2022-12-07\\\/gfk-technische-konsumgueter-zur-black-week-knackten-rekord\\\/#breadcrumb\",\"itemListElement\":[{\"@type\":\"ListItem\",\"position\":1,\"name\":\"Home\",\"item\":\"https:\\\/\\\/www.organisator.ch\\\/\"},{\"@type\":\"ListItem\",\"position\":2,\"name\":\"GfK: Technische Konsumg\u00fcter zur Black Week knackten Rekord\"}]},{\"@type\":\"WebSite\",\"@id\":\"https:\\\/\\\/www.organisator.ch\\\/#website\",\"url\":\"https:\\\/\\\/www.organisator.ch\\\/\",\"name\":\"Organisator\",\"description\":\"Kompetent. Praxisnah. Der ORGANISATOR bereitet in 10 Ausgaben pro Jahr die wesentlichen Themen f\u00fcr F\u00fchrungskr\u00e4fte von KMU auf.\",\"publisher\":{\"@id\":\"https:\\\/\\\/www.organisator.ch\\\/#organization\"},\"potentialAction\":[{\"@type\":\"SearchAction\",\"target\":{\"@type\":\"EntryPoint\",\"urlTemplate\":\"https:\\\/\\\/www.organisator.ch\\\/?s={search_term_string}\"},\"query-input\":{\"@type\":\"PropertyValueSpecification\",\"valueRequired\":true,\"valueName\":\"search_term_string\"}}],\"inLanguage\":\"en-US\"},{\"@type\":\"Organization\",\"@id\":\"https:\\\/\\\/www.organisator.ch\\\/#organization\",\"name\":\"Organisator\",\"url\":\"https:\\\/\\\/www.organisator.ch\\\/\",\"logo\":{\"@type\":\"ImageObject\",\"inLanguage\":\"en-US\",\"@id\":\"https:\\\/\\\/www.organisator.ch\\\/#\\\/schema\\\/logo\\\/image\\\/\",\"url\":\"https:\\\/\\\/www.organisator.ch\\\/wp-content\\\/uploads\\\/2022\\\/01\\\/Logo_Organisator_Website.png\",\"contentUrl\":\"https:\\\/\\\/www.organisator.ch\\\/wp-content\\\/uploads\\\/2022\\\/01\\\/Logo_Organisator_Website.png\",\"width\":800,\"height\":77,\"caption\":\"Organisator\"},\"image\":{\"@id\":\"https:\\\/\\\/www.organisator.ch\\\/#\\\/schema\\\/logo\\\/image\\\/\"},\"sameAs\":[\"https:\\\/\\\/www.facebook.com\\\/OrganisatorFachmagazin\",\"https:\\\/\\\/www.linkedin.com\\\/showcase\\\/organisator-das-magazin-fr-kmu\",\"https:\\\/\\\/www.xing.com\\\/news\\\/pages\\\/organisator-ch-695\",\"https:\\\/\\\/www.youtube.com\\\/channel\\\/UCGP2Sq0iWaZwT3BdIAQFYpw\"]},{\"@type\":\"Person\",\"@id\":\"https:\\\/\\\/www.organisator.ch\\\/#\\\/schema\\\/person\\\/4e51799071cd2dd1232ac003643ef5f0\",\"name\":\"galledia\",\"image\":{\"@type\":\"ImageObject\",\"inLanguage\":\"en-US\",\"@id\":\"https:\\\/\\\/secure.gravatar.com\\\/avatar\\\/78a7f90c01fc2bfc875782a0d4922b37cde2cf184ce347b91316d23cd7f69a36?s=96&d=mm&r=g\",\"url\":\"https:\\\/\\\/secure.gravatar.com\\\/avatar\\\/78a7f90c01fc2bfc875782a0d4922b37cde2cf184ce347b91316d23cd7f69a36?s=96&d=mm&r=g\",\"contentUrl\":\"https:\\\/\\\/secure.gravatar.com\\\/avatar\\\/78a7f90c01fc2bfc875782a0d4922b37cde2cf184ce347b91316d23cd7f69a36?s=96&d=mm&r=g\",\"caption\":\"galledia\"},\"sameAs\":[\"https:\\\/\\\/x.com\\\/admin\"],\"url\":\"https:\\\/\\\/www.organisator.ch\\\/en\\\/author\\\/galledia\\\/\"}]}<\/script>\n<!-- \/ Yoast SEO plugin. -->","yoast_head_json":{"title":"GfK: Technical consumer goods for Black Week cracked record - organizer","description":"Black Week 2022: 11.5% increase in sales in Switzerland. Strong demand for smartphones, mobile computers and cameras.","robots":{"index":"index","follow":"follow","max-snippet":"max-snippet:-1","max-image-preview":"max-image-preview:large","max-video-preview":"max-video-preview:-1"},"canonical":"https:\/\/www.organisator.ch\/en\/marketing\/2022-12-07\/gfk-technische-konsumgueter-zur-black-week-knackten-rekord\/","og_locale":"en_US","og_type":"article","og_title":"GfK: Technische Konsumg\u00fcter zur Black Week knackten Rekord - Organisator","og_description":"Black Week 2022: 11,5% Umsatzplus in der Schweiz. Starke Nachfrage nach Smartphones, Mobilecomputern und Fotokameras.","og_url":"https:\/\/www.organisator.ch\/en\/marketing\/2022-12-07\/gfk-technische-konsumgueter-zur-black-week-knackten-rekord\/","og_site_name":"Organisator","article_publisher":"https:\/\/www.facebook.com\/OrganisatorFachmagazin","article_published_time":"2022-12-07T10:21:37+00:00","article_modified_time":"2024-11-20T05:34:53+00:00","author":"galledia","twitter_card":"summary_large_image","twitter_creator":"@admin","schema":{"@context":"https:\/\/schema.org","@graph":[{"@type":"Article","@id":"https:\/\/www.organisator.ch\/marketing\/2022-12-07\/gfk-technische-konsumgueter-zur-black-week-knackten-rekord\/#article","isPartOf":{"@id":"https:\/\/www.organisator.ch\/marketing\/2022-12-07\/gfk-technische-konsumgueter-zur-black-week-knackten-rekord\/"},"author":{"name":"galledia","@id":"https:\/\/www.organisator.ch\/#\/schema\/person\/4e51799071cd2dd1232ac003643ef5f0"},"headline":"GfK: Technische Konsumg\u00fcter zur Black Week knackten Rekord","datePublished":"2022-12-07T10:21:37+00:00","dateModified":"2024-11-20T05:34:53+00:00","mainEntityOfPage":{"@id":"https:\/\/www.organisator.ch\/marketing\/2022-12-07\/gfk-technische-konsumgueter-zur-black-week-knackten-rekord\/"},"wordCount":274,"publisher":{"@id":"https:\/\/www.organisator.ch\/#organization"},"image":{"@id":"https:\/\/www.organisator.ch\/marketing\/2022-12-07\/gfk-technische-konsumgueter-zur-black-week-knackten-rekord\/#primaryimage"},"thumbnailUrl":"https:\/\/www.werbewoche.ch\/wp-content\/uploads\/2022\/12\/Black-Friday-GfK.jpg","keywords":["GFK Switzerland","Umsatzwachstum"],"articleSection":["MARKETING"],"inLanguage":"en-US"},{"@type":"WebPage","@id":"https:\/\/www.organisator.ch\/marketing\/2022-12-07\/gfk-technische-konsumgueter-zur-black-week-knackten-rekord\/","url":"https:\/\/www.organisator.ch\/marketing\/2022-12-07\/gfk-technische-konsumgueter-zur-black-week-knackten-rekord\/","name":"GfK: Technical consumer goods for Black Week cracked record - organizer","isPartOf":{"@id":"https:\/\/www.organisator.ch\/#website"},"primaryImageOfPage":{"@id":"https:\/\/www.organisator.ch\/marketing\/2022-12-07\/gfk-technische-konsumgueter-zur-black-week-knackten-rekord\/#primaryimage"},"image":{"@id":"https:\/\/www.organisator.ch\/marketing\/2022-12-07\/gfk-technische-konsumgueter-zur-black-week-knackten-rekord\/#primaryimage"},"thumbnailUrl":"https:\/\/www.werbewoche.ch\/wp-content\/uploads\/2022\/12\/Black-Friday-GfK.jpg","datePublished":"2022-12-07T10:21:37+00:00","dateModified":"2024-11-20T05:34:53+00:00","description":"Black Week 2022: 11.5% increase in sales in Switzerland. Strong demand for smartphones, mobile computers and cameras.","breadcrumb":{"@id":"https:\/\/www.organisator.ch\/marketing\/2022-12-07\/gfk-technische-konsumgueter-zur-black-week-knackten-rekord\/#breadcrumb"},"inLanguage":"en-US","potentialAction":[{"@type":"ReadAction","target":["https:\/\/www.organisator.ch\/marketing\/2022-12-07\/gfk-technische-konsumgueter-zur-black-week-knackten-rekord\/"]}]},{"@type":"ImageObject","inLanguage":"en-US","@id":"https:\/\/www.organisator.ch\/marketing\/2022-12-07\/gfk-technische-konsumgueter-zur-black-week-knackten-rekord\/#primaryimage","url":"https:\/\/www.werbewoche.ch\/wp-content\/uploads\/2022\/12\/Black-Friday-GfK.jpg","contentUrl":"https:\/\/www.werbewoche.ch\/wp-content\/uploads\/2022\/12\/Black-Friday-GfK.jpg"},{"@type":"BreadcrumbList","@id":"https:\/\/www.organisator.ch\/marketing\/2022-12-07\/gfk-technische-konsumgueter-zur-black-week-knackten-rekord\/#breadcrumb","itemListElement":[{"@type":"ListItem","position":1,"name":"Home","item":"https:\/\/www.organisator.ch\/"},{"@type":"ListItem","position":2,"name":"GfK: Technische Konsumg\u00fcter zur Black Week knackten Rekord"}]},{"@type":"WebSite","@id":"https:\/\/www.organisator.ch\/#website","url":"https:\/\/www.organisator.ch\/","name":"Organizer","description":"Competent. Practical. In 10 issues per year, ORGANISATOR presents the essential topics for managers of SMEs.","publisher":{"@id":"https:\/\/www.organisator.ch\/#organization"},"potentialAction":[{"@type":"SearchAction","target":{"@type":"EntryPoint","urlTemplate":"https:\/\/www.organisator.ch\/?s={search_term_string}"},"query-input":{"@type":"PropertyValueSpecification","valueRequired":true,"valueName":"search_term_string"}}],"inLanguage":"en-US"},{"@type":"Organization","@id":"https:\/\/www.organisator.ch\/#organization","name":"Organizer","url":"https:\/\/www.organisator.ch\/","logo":{"@type":"ImageObject","inLanguage":"en-US","@id":"https:\/\/www.organisator.ch\/#\/schema\/logo\/image\/","url":"https:\/\/www.organisator.ch\/wp-content\/uploads\/2022\/01\/Logo_Organisator_Website.png","contentUrl":"https:\/\/www.organisator.ch\/wp-content\/uploads\/2022\/01\/Logo_Organisator_Website.png","width":800,"height":77,"caption":"Organisator"},"image":{"@id":"https:\/\/www.organisator.ch\/#\/schema\/logo\/image\/"},"sameAs":["https:\/\/www.facebook.com\/OrganisatorFachmagazin","https:\/\/www.linkedin.com\/showcase\/organisator-das-magazin-fr-kmu","https:\/\/www.xing.com\/news\/pages\/organisator-ch-695","https:\/\/www.youtube.com\/channel\/UCGP2Sq0iWaZwT3BdIAQFYpw"]},{"@type":"Person","@id":"https:\/\/www.organisator.ch\/#\/schema\/person\/4e51799071cd2dd1232ac003643ef5f0","name":"galledia","image":{"@type":"ImageObject","inLanguage":"en-US","@id":"https:\/\/secure.gravatar.com\/avatar\/78a7f90c01fc2bfc875782a0d4922b37cde2cf184ce347b91316d23cd7f69a36?s=96&d=mm&r=g","url":"https:\/\/secure.gravatar.com\/avatar\/78a7f90c01fc2bfc875782a0d4922b37cde2cf184ce347b91316d23cd7f69a36?s=96&d=mm&r=g","contentUrl":"https:\/\/secure.gravatar.com\/avatar\/78a7f90c01fc2bfc875782a0d4922b37cde2cf184ce347b91316d23cd7f69a36?s=96&d=mm&r=g","caption":"galledia"},"sameAs":["https:\/\/x.com\/admin"],"url":"https:\/\/www.organisator.ch\/en\/author\/galledia\/"}]}},"_links":{"self":[{"href":"https:\/\/www.organisator.ch\/en\/wp-json\/wp\/v2\/posts\/18185","targetHints":{"allow":["GET"]}}],"collection":[{"href":"https:\/\/www.organisator.ch\/en\/wp-json\/wp\/v2\/posts"}],"about":[{"href":"https:\/\/www.organisator.ch\/en\/wp-json\/wp\/v2\/types\/post"}],"author":[{"embeddable":true,"href":"https:\/\/www.organisator.ch\/en\/wp-json\/wp\/v2\/users\/8"}],"replies":[{"embeddable":true,"href":"https:\/\/www.organisator.ch\/en\/wp-json\/wp\/v2\/comments?post=18185"}],"version-history":[{"count":4,"href":"https:\/\/www.organisator.ch\/en\/wp-json\/wp\/v2\/posts\/18185\/revisions"}],"predecessor-version":[{"id":33565,"href":"https:\/\/www.organisator.ch\/en\/wp-json\/wp\/v2\/posts\/18185\/revisions\/33565"}],"wp:attachment":[{"href":"https:\/\/www.organisator.ch\/en\/wp-json\/wp\/v2\/media?parent=18185"}],"wp:term":[{"taxonomy":"category","embeddable":true,"href":"https:\/\/www.organisator.ch\/en\/wp-json\/wp\/v2\/categories?post=18185"},{"taxonomy":"post_tag","embeddable":true,"href":"https:\/\/www.organisator.ch\/en\/wp-json\/wp\/v2\/tags?post=18185"}],"curies":[{"name":"wp","href":"https:\/\/api.w.org\/{rel}","templated":true}]}}