{"id":18190,"date":"2022-12-08T09:07:49","date_gmt":"2022-12-08T08:07:49","guid":{"rendered":"https:\/\/www.organisator.ch\/?p=18190"},"modified":"2022-12-08T09:38:23","modified_gmt":"2022-12-08T08:38:23","slug":"jaisli-xamax-erweiterte-geschaeftsleitung-und-neue-organisation","status":"publish","type":"post","link":"https:\/\/www.organisator.ch\/en\/management\/2022-12-08\/jaisli-xamax-erweiterte-geschaeftsleitung-und-neue-organisation\/","title":{"rendered":"Jaisli-Xamax: Extended management and new organization"},"content":{"rendered":"<figure id=\"attachment_18192\" aria-describedby=\"caption-attachment-18192\" style=\"width: 680px\" class=\"wp-caption alignnone\"><img loading=\"lazy\" decoding=\"async\" class=\"size-full wp-image-18192\" src=\"https:\/\/www.organisator.ch\/wp-content\/uploads\/2022\/12\/Jaisli-Xamax-Erweiterte-Geschaeftsleitung-und-neue-Organisation_Organisator.jpg\" alt=\"\" width=\"680\" height=\"440\" srcset=\"https:\/\/www.organisator.ch\/wp-content\/uploads\/2022\/12\/Jaisli-Xamax-Erweiterte-Geschaeftsleitung-und-neue-Organisation_Organisator.jpg 680w, https:\/\/www.organisator.ch\/wp-content\/uploads\/2022\/12\/Jaisli-Xamax-Erweiterte-Geschaeftsleitung-und-neue-Organisation_Organisator-18x12.jpg 18w, https:\/\/www.organisator.ch\/wp-content\/uploads\/2022\/12\/Jaisli-Xamax-Erweiterte-Geschaeftsleitung-und-neue-Organisation_Organisator-375x243.jpg 375w, https:\/\/www.organisator.ch\/wp-content\/uploads\/2022\/12\/Jaisli-Xamax-Erweiterte-Geschaeftsleitung-und-neue-Organisation_Organisator-541x350.jpg 541w\" sizes=\"auto, (max-width: 680px) 100vw, 680px\" \/><figcaption id=\"caption-attachment-18192\" class=\"wp-caption-text\">Rolf Weber, Markus Schmid, Danijel Martinovic, Kosta Vellidis, Marco Acikgoez, Giovanni Marzocchi, Sandra Schiesser. (Image: Jaisli-Xamax AG)<\/figcaption><\/figure>\n<p>\"Where electricity flows and is used, we are the successful execution provider of electrical installations and systems for low voltage, extra-low voltage and signal transmission\" is the vision of Jaisli-Xamax AG. In order to now give even more relevance to the day-to-day business, the position of the operational areas of electrical installations, building systems technology and switchgear construction PLUS will be emphasized by having one management member per area. At the same time, the functions of the resources Purchasing, HR Management and Central Services will be strengthened. The goal of Managing Director Rolf Weber is that in the course of 2023, each of the following divisions will have one division manager present as a member of the Executive Board.<\/p>\n<h3>Newly composed management<\/h3>\n<p>Accordingly, as of January 1, 2023, the Executive Board of Jaisli Xamax will consist of Rolf Weber (Managing Director), Markus Schmid (Division Manager Finance), Danijel Martinovic (Division Manager Electrical Installations), Kosta Vellidis (Business Development Manager), Marco Acikgoez (Division Manager Strategic Purchasing\/Acquisition), Giovanni Marzocchi (Division Manager Central Services) and Sandra Schiesser (Division Manager HR Management). The new GL member Marco Acikgoez, Division Manager Strategic Purchasing\/Acquisition says about the integration of his division into the new corporate organization: \"Strategic Purchasing makes a significant contribution to the company result, therefore it is part of the corporate policy of Jaisli-Xamax AG. The centrally managed procurement, which consequently acts as a pivot, pursues a common, uniform and sustainable purchasing policy as internally and externally.\"<\/p>\n<h3>Into the future with a new organization<\/h3>\n<p>In the course of the adjusted organization, strategic goals were set for the core business, field of activity and employer branding, with which the company intends to further expand its success in the business field of electrical installations throughout German-speaking Switzerland. In doing so, the business areas of building systems technology incl. energy management and switchgear construction PLUS are also to be further strengthened. The consolidation as a secure and attractive employer with optimal employment conditions, development opportunities and career planning continues to be very important to Jaisli-Xamax AG. Sandra Schiesser, Head of HR Management and new member of the Executive Board, sees the reorganization and expanded GL as an important step for the company: \"Our employees are our most valuable resource. In order to pursue the strategy and vision of Jaisli-Xamax AG and to continue to be successful, we ensure that the line and the employees are supported to receive the necessary training as well as motivation to work as efficiently and effectively as possible.\" Giovanni Marzocchi, another new member of the Executive Board, is also pleased with the integration of his operational unit Central Services and is quoted as saying: \"Through uncomplicated, streamlined and digitalized processes, we support our employees in carrying out their daily work with efficiency and pleasure. What was good yesterday needs to be rethought today. Constant innovation and organization distinguishes us from our market competitors.\"<\/p>\n<p>Jaisli-Xamax AG has been serving its customers with innovative solutions in the entire electrical sector for almost 55 years. The company operates in Dietikon (headquarters), Basel, Bern and Zug. The electrical company is committed to the new generation in the industry and <a href=\"https:\/\/www.organisator.ch\/de\/human-resources\/hrm\/2021-11-05\/jaisli-xamax-ag-umwirbt-lernende-ueber-tiktok\/\">trains around 100 apprentices<\/a> off.<\/p>\n<p><a href=\"http:\/\/www.jaisli-xamax.ch\"><em>Source and further information<\/em><\/a><\/p>","protected":false},"excerpt":{"rendered":"<p>\u00abWo Strom fliesst und eingesetzt wird, sind wir der erfolgreiche Ausf\u00fchrungsanbieter von elektrischen Installationen und Systemen f\u00fcr Nieder-, Kleinspannung und Signal\u00fcbertragung\u00bb, so lautet die Vision der Jaisli-Xamax AG. Um nun dem Tagesgesch\u00e4ft noch mehr Relevanz zu schenken, wird die Position der operativen Bereiche Elektroinstallationen, Geb\u00e4udesystemtechnik und Schaltanlagenbau PLUS hervorgehoben, indem pro Bereich ein Gesch\u00e4ftsleitungsmitglied angedacht [&hellip;]<\/p>\n","protected":false},"author":4,"featured_media":18192,"comment_status":"closed","ping_status":"closed","sticky":false,"template":"","format":"standard","meta":{"_acf_changed":false,"_yoast_wpseo_focuskw":"Jaisli-Xamax","_yoast_wpseo_metadesc":"Auf den 1. Januar 2023 erweitert die Jaisli-Xamax AG ihre Gesch\u00e4ftsleitung und passt die Unternehmensorganisation an.","articlekey":"","footnotes":""},"categories":[28],"tags":[335,381,492],"class_list":["post-18190","post","type-post","status-publish","format-standard","has-post-thumbnail","hentry","category-management","tag-management-und-unternehmensfuehrung","tag-personalia","tag-unternehmen"],"acf":[],"yoast_head":"<!-- This site is optimized with the Yoast SEO plugin v27.5 - https:\/\/yoast.com\/product\/yoast-seo-wordpress\/ -->\n<title>Jaisli-Xamax: Erweiterte Gesch\u00e4ftsleitung und neue Organisation - Organisator<\/title>\n<meta name=\"description\" content=\"Auf den 1. Januar 2023 erweitert die Jaisli-Xamax AG ihre Gesch\u00e4ftsleitung und passt die Unternehmensorganisation an.\" \/>\n<meta name=\"robots\" content=\"index, follow, max-snippet:-1, max-image-preview:large, max-video-preview:-1\" \/>\n<link rel=\"canonical\" href=\"https:\/\/www.organisator.ch\/en\/management\/2022-12-08\/jaisli-xamax-erweiterte-geschaeftsleitung-und-neue-organisation\/\" \/>\n<meta property=\"og:locale\" content=\"en_US\" \/>\n<meta property=\"og:type\" content=\"article\" \/>\n<meta property=\"og:title\" content=\"Jaisli-Xamax: Erweiterte Gesch\u00e4ftsleitung und neue Organisation\" \/>\n<meta property=\"og:description\" content=\"Auf den 1. Januar 2023 erweitert die Jaisli-Xamax AG ihre Gesch\u00e4ftsleitung und passt die Unternehmensorganisation an.\" \/>\n<meta property=\"og:url\" content=\"https:\/\/www.organisator.ch\/en\/management\/2022-12-08\/jaisli-xamax-erweiterte-geschaeftsleitung-und-neue-organisation\/\" \/>\n<meta property=\"og:site_name\" content=\"Organisator\" \/>\n<meta property=\"article:publisher\" content=\"https:\/\/www.facebook.com\/OrganisatorFachmagazin\" \/>\n<meta property=\"article:published_time\" content=\"2022-12-08T08:07:49+00:00\" \/>\n<meta property=\"article:modified_time\" content=\"2022-12-08T08:38:23+00:00\" \/>\n<meta property=\"og:image\" content=\"https:\/\/www.organisator.ch\/wp-content\/uploads\/2022\/12\/Jaisli-Xamax-Erweiterte-Geschaeftsleitung-und-neue-Organisation_Organisator.jpg\" \/>\n\t<meta property=\"og:image:width\" content=\"680\" \/>\n\t<meta property=\"og:image:height\" content=\"440\" \/>\n\t<meta property=\"og:image:type\" content=\"image\/jpeg\" \/>\n<meta name=\"author\" content=\"thomas.berner\" \/>\n<meta name=\"twitter:card\" content=\"summary_large_image\" \/>\n<meta name=\"twitter:title\" content=\"#Jaisli-Xamax: Erweiterte #Gesch\u00e4ftsleitung und neue #Organisation\" \/>\n<meta name=\"twitter:description\" content=\"Auf den 1. Januar 2023 erweitert die #Jaisli-Xamax AG ihre Gesch\u00e4ftsleitung und passt die Unternehmensorganisation an.\" \/>\n<meta name=\"twitter:image\" content=\"https:\/\/www.organisator.ch\/wp-content\/uploads\/2022\/12\/Jaisli-Xamax-Erweiterte-Geschaeftsleitung-und-neue-Organisation_Organisator.jpg\" \/>\n<script type=\"application\/ld+json\" class=\"yoast-schema-graph\">{\"@context\":\"https:\\\/\\\/schema.org\",\"@graph\":[{\"@type\":\"Article\",\"@id\":\"https:\\\/\\\/www.organisator.ch\\\/management\\\/2022-12-08\\\/jaisli-xamax-erweiterte-geschaeftsleitung-und-neue-organisation\\\/#article\",\"isPartOf\":{\"@id\":\"https:\\\/\\\/www.organisator.ch\\\/management\\\/2022-12-08\\\/jaisli-xamax-erweiterte-geschaeftsleitung-und-neue-organisation\\\/\"},\"author\":{\"name\":\"thomas.berner\",\"@id\":\"https:\\\/\\\/www.organisator.ch\\\/#\\\/schema\\\/person\\\/6f650f90b2842cd4c0cc334b4e36f67e\"},\"headline\":\"Jaisli-Xamax: Erweiterte Gesch\u00e4ftsleitung und neue Organisation\",\"datePublished\":\"2022-12-08T08:07:49+00:00\",\"dateModified\":\"2022-12-08T08:38:23+00:00\",\"mainEntityOfPage\":{\"@id\":\"https:\\\/\\\/www.organisator.ch\\\/management\\\/2022-12-08\\\/jaisli-xamax-erweiterte-geschaeftsleitung-und-neue-organisation\\\/\"},\"wordCount\":511,\"publisher\":{\"@id\":\"https:\\\/\\\/www.organisator.ch\\\/#organization\"},\"image\":{\"@id\":\"https:\\\/\\\/www.organisator.ch\\\/management\\\/2022-12-08\\\/jaisli-xamax-erweiterte-geschaeftsleitung-und-neue-organisation\\\/#primaryimage\"},\"thumbnailUrl\":\"https:\\\/\\\/www.organisator.ch\\\/wp-content\\\/uploads\\\/2022\\\/12\\\/Jaisli-Xamax-Erweiterte-Geschaeftsleitung-und-neue-Organisation_Organisator.jpg\",\"keywords\":[\"Management und Unternehmensf\u00fchrung\",\"Personalia\",\"Unternehmen\"],\"articleSection\":[\"MANAGEMENT\"],\"inLanguage\":\"en-US\"},{\"@type\":\"WebPage\",\"@id\":\"https:\\\/\\\/www.organisator.ch\\\/management\\\/2022-12-08\\\/jaisli-xamax-erweiterte-geschaeftsleitung-und-neue-organisation\\\/\",\"url\":\"https:\\\/\\\/www.organisator.ch\\\/management\\\/2022-12-08\\\/jaisli-xamax-erweiterte-geschaeftsleitung-und-neue-organisation\\\/\",\"name\":\"Jaisli-Xamax: Erweiterte Gesch\u00e4ftsleitung und neue Organisation - Organisator\",\"isPartOf\":{\"@id\":\"https:\\\/\\\/www.organisator.ch\\\/#website\"},\"primaryImageOfPage\":{\"@id\":\"https:\\\/\\\/www.organisator.ch\\\/management\\\/2022-12-08\\\/jaisli-xamax-erweiterte-geschaeftsleitung-und-neue-organisation\\\/#primaryimage\"},\"image\":{\"@id\":\"https:\\\/\\\/www.organisator.ch\\\/management\\\/2022-12-08\\\/jaisli-xamax-erweiterte-geschaeftsleitung-und-neue-organisation\\\/#primaryimage\"},\"thumbnailUrl\":\"https:\\\/\\\/www.organisator.ch\\\/wp-content\\\/uploads\\\/2022\\\/12\\\/Jaisli-Xamax-Erweiterte-Geschaeftsleitung-und-neue-Organisation_Organisator.jpg\",\"datePublished\":\"2022-12-08T08:07:49+00:00\",\"dateModified\":\"2022-12-08T08:38:23+00:00\",\"description\":\"Auf den 1. Januar 2023 erweitert die Jaisli-Xamax AG ihre Gesch\u00e4ftsleitung und passt die Unternehmensorganisation an.\",\"breadcrumb\":{\"@id\":\"https:\\\/\\\/www.organisator.ch\\\/management\\\/2022-12-08\\\/jaisli-xamax-erweiterte-geschaeftsleitung-und-neue-organisation\\\/#breadcrumb\"},\"inLanguage\":\"en-US\",\"potentialAction\":[{\"@type\":\"ReadAction\",\"target\":[\"https:\\\/\\\/www.organisator.ch\\\/management\\\/2022-12-08\\\/jaisli-xamax-erweiterte-geschaeftsleitung-und-neue-organisation\\\/\"]}]},{\"@type\":\"ImageObject\",\"inLanguage\":\"en-US\",\"@id\":\"https:\\\/\\\/www.organisator.ch\\\/management\\\/2022-12-08\\\/jaisli-xamax-erweiterte-geschaeftsleitung-und-neue-organisation\\\/#primaryimage\",\"url\":\"https:\\\/\\\/www.organisator.ch\\\/wp-content\\\/uploads\\\/2022\\\/12\\\/Jaisli-Xamax-Erweiterte-Geschaeftsleitung-und-neue-Organisation_Organisator.jpg\",\"contentUrl\":\"https:\\\/\\\/www.organisator.ch\\\/wp-content\\\/uploads\\\/2022\\\/12\\\/Jaisli-Xamax-Erweiterte-Geschaeftsleitung-und-neue-Organisation_Organisator.jpg\",\"width\":680,\"height\":440,\"caption\":\"Rolf Weber, Markus Schmid, Danijel Martinovic, Kosta Vellidis, Marco Acikgoez, Giovanni Marzocchi, Sandra Schiesser. (Bild: Jaisli-Xamax AG)\"},{\"@type\":\"BreadcrumbList\",\"@id\":\"https:\\\/\\\/www.organisator.ch\\\/management\\\/2022-12-08\\\/jaisli-xamax-erweiterte-geschaeftsleitung-und-neue-organisation\\\/#breadcrumb\",\"itemListElement\":[{\"@type\":\"ListItem\",\"position\":1,\"name\":\"Home\",\"item\":\"https:\\\/\\\/www.organisator.ch\\\/\"},{\"@type\":\"ListItem\",\"position\":2,\"name\":\"Jaisli-Xamax: Erweiterte Gesch\u00e4ftsleitung und neue Organisation\"}]},{\"@type\":\"WebSite\",\"@id\":\"https:\\\/\\\/www.organisator.ch\\\/#website\",\"url\":\"https:\\\/\\\/www.organisator.ch\\\/\",\"name\":\"Organisator\",\"description\":\"Kompetent. Praxisnah. Der ORGANISATOR bereitet in 10 Ausgaben pro Jahr die wesentlichen Themen f\u00fcr F\u00fchrungskr\u00e4fte von KMU auf.\",\"publisher\":{\"@id\":\"https:\\\/\\\/www.organisator.ch\\\/#organization\"},\"potentialAction\":[{\"@type\":\"SearchAction\",\"target\":{\"@type\":\"EntryPoint\",\"urlTemplate\":\"https:\\\/\\\/www.organisator.ch\\\/?s={search_term_string}\"},\"query-input\":{\"@type\":\"PropertyValueSpecification\",\"valueRequired\":true,\"valueName\":\"search_term_string\"}}],\"inLanguage\":\"en-US\"},{\"@type\":\"Organization\",\"@id\":\"https:\\\/\\\/www.organisator.ch\\\/#organization\",\"name\":\"Organisator\",\"url\":\"https:\\\/\\\/www.organisator.ch\\\/\",\"logo\":{\"@type\":\"ImageObject\",\"inLanguage\":\"en-US\",\"@id\":\"https:\\\/\\\/www.organisator.ch\\\/#\\\/schema\\\/logo\\\/image\\\/\",\"url\":\"https:\\\/\\\/www.organisator.ch\\\/wp-content\\\/uploads\\\/2022\\\/01\\\/Logo_Organisator_Website.png\",\"contentUrl\":\"https:\\\/\\\/www.organisator.ch\\\/wp-content\\\/uploads\\\/2022\\\/01\\\/Logo_Organisator_Website.png\",\"width\":800,\"height\":77,\"caption\":\"Organisator\"},\"image\":{\"@id\":\"https:\\\/\\\/www.organisator.ch\\\/#\\\/schema\\\/logo\\\/image\\\/\"},\"sameAs\":[\"https:\\\/\\\/www.facebook.com\\\/OrganisatorFachmagazin\",\"https:\\\/\\\/www.linkedin.com\\\/showcase\\\/organisator-das-magazin-fr-kmu\",\"https:\\\/\\\/www.xing.com\\\/news\\\/pages\\\/organisator-ch-695\",\"https:\\\/\\\/www.youtube.com\\\/channel\\\/UCGP2Sq0iWaZwT3BdIAQFYpw\"]},{\"@type\":\"Person\",\"@id\":\"https:\\\/\\\/www.organisator.ch\\\/#\\\/schema\\\/person\\\/6f650f90b2842cd4c0cc334b4e36f67e\",\"name\":\"thomas.berner\",\"image\":{\"@type\":\"ImageObject\",\"inLanguage\":\"en-US\",\"@id\":\"https:\\\/\\\/secure.gravatar.com\\\/avatar\\\/ac5001d2a36cb6c6cd3e50789007ffca834b477b74a2144564522e944eabff61?s=96&d=mm&r=g\",\"url\":\"https:\\\/\\\/secure.gravatar.com\\\/avatar\\\/ac5001d2a36cb6c6cd3e50789007ffca834b477b74a2144564522e944eabff61?s=96&d=mm&r=g\",\"contentUrl\":\"https:\\\/\\\/secure.gravatar.com\\\/avatar\\\/ac5001d2a36cb6c6cd3e50789007ffca834b477b74a2144564522e944eabff61?s=96&d=mm&r=g\",\"caption\":\"thomas.berner\"},\"url\":\"https:\\\/\\\/www.organisator.ch\\\/en\\\/author\\\/thomas-berner\\\/\"}]}<\/script>\n<!-- \/ Yoast SEO plugin. -->","yoast_head_json":{"title":"Jaisli-Xamax: Extended management and new organization - Organizer","description":"As of January 1, 2023, Jaisli-Xamax AG is expanding its management and adapting its corporate organization.","robots":{"index":"index","follow":"follow","max-snippet":"max-snippet:-1","max-image-preview":"max-image-preview:large","max-video-preview":"max-video-preview:-1"},"canonical":"https:\/\/www.organisator.ch\/en\/management\/2022-12-08\/jaisli-xamax-erweiterte-geschaeftsleitung-und-neue-organisation\/","og_locale":"en_US","og_type":"article","og_title":"Jaisli-Xamax: Erweiterte Gesch\u00e4ftsleitung und neue Organisation","og_description":"Auf den 1. Januar 2023 erweitert die Jaisli-Xamax AG ihre Gesch\u00e4ftsleitung und passt die Unternehmensorganisation an.","og_url":"https:\/\/www.organisator.ch\/en\/management\/2022-12-08\/jaisli-xamax-erweiterte-geschaeftsleitung-und-neue-organisation\/","og_site_name":"Organisator","article_publisher":"https:\/\/www.facebook.com\/OrganisatorFachmagazin","article_published_time":"2022-12-08T08:07:49+00:00","article_modified_time":"2022-12-08T08:38:23+00:00","og_image":[{"width":680,"height":440,"url":"https:\/\/www.organisator.ch\/wp-content\/uploads\/2022\/12\/Jaisli-Xamax-Erweiterte-Geschaeftsleitung-und-neue-Organisation_Organisator.jpg","type":"image\/jpeg"}],"author":"thomas.berner","twitter_card":"summary_large_image","twitter_title":"#Jaisli-Xamax: Erweiterte #Gesch\u00e4ftsleitung und neue #Organisation","twitter_description":"Auf den 1. Januar 2023 erweitert die #Jaisli-Xamax AG ihre Gesch\u00e4ftsleitung und passt die Unternehmensorganisation an.","twitter_image":"https:\/\/www.organisator.ch\/wp-content\/uploads\/2022\/12\/Jaisli-Xamax-Erweiterte-Geschaeftsleitung-und-neue-Organisation_Organisator.jpg","schema":{"@context":"https:\/\/schema.org","@graph":[{"@type":"Article","@id":"https:\/\/www.organisator.ch\/management\/2022-12-08\/jaisli-xamax-erweiterte-geschaeftsleitung-und-neue-organisation\/#article","isPartOf":{"@id":"https:\/\/www.organisator.ch\/management\/2022-12-08\/jaisli-xamax-erweiterte-geschaeftsleitung-und-neue-organisation\/"},"author":{"name":"thomas.berner","@id":"https:\/\/www.organisator.ch\/#\/schema\/person\/6f650f90b2842cd4c0cc334b4e36f67e"},"headline":"Jaisli-Xamax: Erweiterte Gesch\u00e4ftsleitung und neue Organisation","datePublished":"2022-12-08T08:07:49+00:00","dateModified":"2022-12-08T08:38:23+00:00","mainEntityOfPage":{"@id":"https:\/\/www.organisator.ch\/management\/2022-12-08\/jaisli-xamax-erweiterte-geschaeftsleitung-und-neue-organisation\/"},"wordCount":511,"publisher":{"@id":"https:\/\/www.organisator.ch\/#organization"},"image":{"@id":"https:\/\/www.organisator.ch\/management\/2022-12-08\/jaisli-xamax-erweiterte-geschaeftsleitung-und-neue-organisation\/#primaryimage"},"thumbnailUrl":"https:\/\/www.organisator.ch\/wp-content\/uploads\/2022\/12\/Jaisli-Xamax-Erweiterte-Geschaeftsleitung-und-neue-Organisation_Organisator.jpg","keywords":["Management und Unternehmensf\u00fchrung","Personalia","Unternehmen"],"articleSection":["MANAGEMENT"],"inLanguage":"en-US"},{"@type":"WebPage","@id":"https:\/\/www.organisator.ch\/management\/2022-12-08\/jaisli-xamax-erweiterte-geschaeftsleitung-und-neue-organisation\/","url":"https:\/\/www.organisator.ch\/management\/2022-12-08\/jaisli-xamax-erweiterte-geschaeftsleitung-und-neue-organisation\/","name":"Jaisli-Xamax: Extended management and new organization - Organizer","isPartOf":{"@id":"https:\/\/www.organisator.ch\/#website"},"primaryImageOfPage":{"@id":"https:\/\/www.organisator.ch\/management\/2022-12-08\/jaisli-xamax-erweiterte-geschaeftsleitung-und-neue-organisation\/#primaryimage"},"image":{"@id":"https:\/\/www.organisator.ch\/management\/2022-12-08\/jaisli-xamax-erweiterte-geschaeftsleitung-und-neue-organisation\/#primaryimage"},"thumbnailUrl":"https:\/\/www.organisator.ch\/wp-content\/uploads\/2022\/12\/Jaisli-Xamax-Erweiterte-Geschaeftsleitung-und-neue-Organisation_Organisator.jpg","datePublished":"2022-12-08T08:07:49+00:00","dateModified":"2022-12-08T08:38:23+00:00","description":"As of January 1, 2023, Jaisli-Xamax AG is expanding its management and adapting its corporate organization.","breadcrumb":{"@id":"https:\/\/www.organisator.ch\/management\/2022-12-08\/jaisli-xamax-erweiterte-geschaeftsleitung-und-neue-organisation\/#breadcrumb"},"inLanguage":"en-US","potentialAction":[{"@type":"ReadAction","target":["https:\/\/www.organisator.ch\/management\/2022-12-08\/jaisli-xamax-erweiterte-geschaeftsleitung-und-neue-organisation\/"]}]},{"@type":"ImageObject","inLanguage":"en-US","@id":"https:\/\/www.organisator.ch\/management\/2022-12-08\/jaisli-xamax-erweiterte-geschaeftsleitung-und-neue-organisation\/#primaryimage","url":"https:\/\/www.organisator.ch\/wp-content\/uploads\/2022\/12\/Jaisli-Xamax-Erweiterte-Geschaeftsleitung-und-neue-Organisation_Organisator.jpg","contentUrl":"https:\/\/www.organisator.ch\/wp-content\/uploads\/2022\/12\/Jaisli-Xamax-Erweiterte-Geschaeftsleitung-und-neue-Organisation_Organisator.jpg","width":680,"height":440,"caption":"Rolf Weber, Markus Schmid, Danijel Martinovic, Kosta Vellidis, Marco Acikgoez, Giovanni Marzocchi, Sandra Schiesser. (Bild: Jaisli-Xamax AG)"},{"@type":"BreadcrumbList","@id":"https:\/\/www.organisator.ch\/management\/2022-12-08\/jaisli-xamax-erweiterte-geschaeftsleitung-und-neue-organisation\/#breadcrumb","itemListElement":[{"@type":"ListItem","position":1,"name":"Home","item":"https:\/\/www.organisator.ch\/"},{"@type":"ListItem","position":2,"name":"Jaisli-Xamax: Erweiterte Gesch\u00e4ftsleitung und neue Organisation"}]},{"@type":"WebSite","@id":"https:\/\/www.organisator.ch\/#website","url":"https:\/\/www.organisator.ch\/","name":"Organizer","description":"Competent. Practical. In 10 issues per year, ORGANISATOR presents the essential topics for managers of SMEs.","publisher":{"@id":"https:\/\/www.organisator.ch\/#organization"},"potentialAction":[{"@type":"SearchAction","target":{"@type":"EntryPoint","urlTemplate":"https:\/\/www.organisator.ch\/?s={search_term_string}"},"query-input":{"@type":"PropertyValueSpecification","valueRequired":true,"valueName":"search_term_string"}}],"inLanguage":"en-US"},{"@type":"Organization","@id":"https:\/\/www.organisator.ch\/#organization","name":"Organizer","url":"https:\/\/www.organisator.ch\/","logo":{"@type":"ImageObject","inLanguage":"en-US","@id":"https:\/\/www.organisator.ch\/#\/schema\/logo\/image\/","url":"https:\/\/www.organisator.ch\/wp-content\/uploads\/2022\/01\/Logo_Organisator_Website.png","contentUrl":"https:\/\/www.organisator.ch\/wp-content\/uploads\/2022\/01\/Logo_Organisator_Website.png","width":800,"height":77,"caption":"Organisator"},"image":{"@id":"https:\/\/www.organisator.ch\/#\/schema\/logo\/image\/"},"sameAs":["https:\/\/www.facebook.com\/OrganisatorFachmagazin","https:\/\/www.linkedin.com\/showcase\/organisator-das-magazin-fr-kmu","https:\/\/www.xing.com\/news\/pages\/organisator-ch-695","https:\/\/www.youtube.com\/channel\/UCGP2Sq0iWaZwT3BdIAQFYpw"]},{"@type":"Person","@id":"https:\/\/www.organisator.ch\/#\/schema\/person\/6f650f90b2842cd4c0cc334b4e36f67e","name":"thomas.berner","image":{"@type":"ImageObject","inLanguage":"en-US","@id":"https:\/\/secure.gravatar.com\/avatar\/ac5001d2a36cb6c6cd3e50789007ffca834b477b74a2144564522e944eabff61?s=96&d=mm&r=g","url":"https:\/\/secure.gravatar.com\/avatar\/ac5001d2a36cb6c6cd3e50789007ffca834b477b74a2144564522e944eabff61?s=96&d=mm&r=g","contentUrl":"https:\/\/secure.gravatar.com\/avatar\/ac5001d2a36cb6c6cd3e50789007ffca834b477b74a2144564522e944eabff61?s=96&d=mm&r=g","caption":"thomas.berner"},"url":"https:\/\/www.organisator.ch\/en\/author\/thomas-berner\/"}]}},"_links":{"self":[{"href":"https:\/\/www.organisator.ch\/en\/wp-json\/wp\/v2\/posts\/18190","targetHints":{"allow":["GET"]}}],"collection":[{"href":"https:\/\/www.organisator.ch\/en\/wp-json\/wp\/v2\/posts"}],"about":[{"href":"https:\/\/www.organisator.ch\/en\/wp-json\/wp\/v2\/types\/post"}],"author":[{"embeddable":true,"href":"https:\/\/www.organisator.ch\/en\/wp-json\/wp\/v2\/users\/4"}],"replies":[{"embeddable":true,"href":"https:\/\/www.organisator.ch\/en\/wp-json\/wp\/v2\/comments?post=18190"}],"version-history":[{"count":2,"href":"https:\/\/www.organisator.ch\/en\/wp-json\/wp\/v2\/posts\/18190\/revisions"}],"predecessor-version":[{"id":18197,"href":"https:\/\/www.organisator.ch\/en\/wp-json\/wp\/v2\/posts\/18190\/revisions\/18197"}],"wp:featuredmedia":[{"embeddable":true,"href":"https:\/\/www.organisator.ch\/en\/wp-json\/wp\/v2\/media\/18192"}],"wp:attachment":[{"href":"https:\/\/www.organisator.ch\/en\/wp-json\/wp\/v2\/media?parent=18190"}],"wp:term":[{"taxonomy":"category","embeddable":true,"href":"https:\/\/www.organisator.ch\/en\/wp-json\/wp\/v2\/categories?post=18190"},{"taxonomy":"post_tag","embeddable":true,"href":"https:\/\/www.organisator.ch\/en\/wp-json\/wp\/v2\/tags?post=18190"}],"curies":[{"name":"wp","href":"https:\/\/api.w.org\/{rel}","templated":true}]}}