{"id":18199,"date":"2022-12-08T10:25:46","date_gmt":"2022-12-08T09:25:46","guid":{"rendered":"https:\/\/www.m-q.ch\/?p=17292"},"modified":"2024-11-20T06:24:46","modified_gmt":"2024-11-20T05:24:46","slug":"risikoausblick-2023-unternehmen-geraten-in-dauerkrisen-modus","status":"publish","type":"post","link":"https:\/\/www.organisator.ch\/en\/operational-excellence\/2022-12-08\/risikoausblick-2023-unternehmen-geraten-in-dauerkrisen-modus\/","title":{"rendered":"Risk Outlook 2023: Companies enter permanent crisis mode"},"content":{"rendered":"<figure id=\"attachment_17293\" class=\"wp-caption alignnone\" style=\"width: 680px\" aria-describedby=\"caption-attachment-17293\"><img class=\"alignnone wp-image-17293 size-full\" src=\"https:\/\/www.m-q.ch\/wp-content\/uploads\/2022\/12\/Risikoausblick-2023-Unternehmen-geraten-in-Dauerkrisen-Modus-1_MQ.jpg\" alt=\"Risk outlook\" width=\"680\" height=\"563\" \/>\r\n<figcaption id=\"caption-attachment-17293\" class=\"wp-caption-text\">The risk outlook for 2023 predicts that companies will remain in \"permanent crisis mode\". (Image: Risk Outlook Report 2023 from International SOS)<\/figcaption>\r\n<\/figure>\r\n<p>Although the acute effects of the pandemic are subsiding in many countries, companies will continue to face significant risks worldwide in 2023. Experts predict that global risks have the potential to lower productivity levels as the cost-of-living crisis and challenging security situation impact employees. This is according to a new risk outlook, \"Risk Outlook 2023,\" from International SOS and the<a href=\"https:\/\/www.organisator.ch\/de\/operational-excellence\/2022-11-30\/welt-risikokarte-neu-mit-daten-zur-psychischen-gesundheit\/\"> updated world risk map \"Risk Map<\/a> out. These contain data on the medical and security environment of countries around the world with a classification ranging from \"insignificant\" to \"extreme\".<\/p>\r\n<p>Many of the findings for the 2023 Risk Outlook are based on a survey of 1218 senior employee health and safety professionals in 108 countries. From the DACH region, 108 experts participated. This provides a detailed overview of some of the biggest risks companies will face in 2023. In addition to existing issues, such as mental health, it shows that managers should support their employees in using accurate sources of information as they are affected by constantly changing events in the permanent crisis.<\/p>\r\n<h3>Risk Outlook 2023: The five forecasts from International SOS<\/h3>\r\n<p>Based on the results of the Risk Outlook survey, the Workforce Resilience Council and the organization's own data, International SOS has identified the top five trends that organizations need to be aware of in 2023:<\/p>\r\n<ol>\r\n\t<li>Importance of news\/information in decision making: The influence of up-to-date, trustworthy, accurate, and actionable information or news on business decision-making continues to grow.<\/li>\r\n\t<li>Adapting to the \"permanent crisis\": Companies must adapt to a permanent crisis with geopolitical shifts, socio-economic challenges and increasing polarization.<\/li>\r\n\t<li>Planning the unplannable - Business travel and overseas trips are slowly returning to their old levels, but are being done with far more caution and care. Business travelers want more support.<\/li>\r\n\t<li>Climate change and other events: Climate change or its consequences and other circumstances, such as epidemics and pandemics, increase health risks with far-reaching effects. A comprehensive approach is needed for companies to ensure employee health.<\/li>\r\n\t<li>The 'happy at work' equation (A+B+C)-D: This is the new equation for satisfaction at work. A new era has dawned in terms of mental health at work.<\/li>\r\n<\/ol>\r\n<figure id=\"attachment_17294\" class=\"wp-caption alignnone\" style=\"width: 680px\" aria-describedby=\"caption-attachment-17294\"><img class=\"size-full wp-image-17294\" src=\"https:\/\/www.m-q.ch\/wp-content\/uploads\/2022\/12\/Risikoausblick-2023-Unternehmen-geraten-in-Dauerkrisen-Modus-2_MQ.jpg\" alt=\"\" width=\"680\" height=\"377\" \/>\r\n<figcaption id=\"caption-attachment-17294\" class=\"wp-caption-text\">(Graphic: International SOS)<\/figcaption>\r\n<\/figure>\r\n<h3>Consideration of the effects of geopolitical changes<\/h3>\r\n<p>The Russia\/Ukraine conflict was the defining security issue in 2022, illustrating that geopolitics and the threat of interstate conflict are back on the corporate risk agenda. The conflict will certainly continue to have an impact in 2023. As a result, companies must learn to effectively manage the changing global risk environment. Geopolitical volatility will also spread beyond Russia\/Ukraine over the next twelve months, as the growing rift between Russia and the West will impact other conflicts and exacerbate long-standing geopolitical tensions. In addition to the unmistakable divide between Russia and the West, competition between the U.S. and China will increasingly dominate the geopolitical and economic landscape. Best practices for companies are to continually review the likelihood and potential impact to elicit the potential consequences for their business and employees.<\/p>\r\n<p>Many crisis management teams are currently learning to deal with a state of \"permanent crisis\". In 2023, it will be an important task for companies to provide the right level of training, investment and support for these teams, as experts have already pointed to a high level of crisis management fatigue. Overcoming this state of fatigue is key to the transition from permanent crisis to crisis resilience. Companies that have effectively implemented lessons learned from the past two years will benefit from more robust capabilities to cope with challenges. Dealing with the ongoing crisis in the right way is proving to be an extremely important issue: numerous experts surveyed predict that geopolitical trends will have a negative impact on productivity levels:<\/p>\r\n<figure id=\"attachment_17295\" class=\"wp-caption alignnone\" style=\"width: 680px\" aria-describedby=\"caption-attachment-17295\"><img class=\"size-full wp-image-17295\" src=\"https:\/\/www.m-q.ch\/wp-content\/uploads\/2022\/12\/Risikoausblick-2023-Unternehmen-geraten-in-Dauerkrisen-Modus-3_MQ.jpg\" alt=\"\" width=\"680\" height=\"434\" \/>\r\n<figcaption id=\"caption-attachment-17295\" class=\"wp-caption-text\">(Graphic: International SOS)<\/figcaption>\r\n<\/figure>\r\n<h3>Increasing social unrest<\/h3>\r\n<p>The new Risk Outlook also shows how many of the experts surveyed believe social unrest will be a major cause of lost productivity in 2023. According to the report, 48 percent of respondents predict that cost-of-living pressures will impact domestic workers, and one-third (33 percent) expect unrest to affect business travelers. As a result, social unrest will be a major item on executives' agendas in 2023 - the problem is extremely multifaceted and impacts businesses and employees in many ways. Some issues and key points that executives should consider in this context are:<\/p>\r\n<ul>\r\n\t<li>Volatility in energy and agricultural markets will fuel unrest, especially in unstable, fragile economies. Regions most likely to be affected: Sub-Saharan Africa, Egypt, Lebanon.<\/li>\r\n\t<li>Lack of progress in resolving underlying economic or political problems will lead to growing public discontent as well as unrest, with the risk of violence growing over time. Regions most likely to be affected: Pakistan, Sri Lanka, Ecuador, Peru, Iraq.<\/li>\r\n\t<li>Polarization at the global level will translate into further domestic division, reinforcing existing triggers for social unrest and, in extreme cases, leading to increased localized violence and criminal activity. High-risk regions: USA, Western Europe.<\/li>\r\n<\/ul>\r\n<h3>Increasing impact of climate change<\/h3>\r\n<p>According to the Risk Outlook 2023, the effects of climate change - beyond the immediate consequences of extreme weather events - must be taken into account on several levels. Companies should be prepared for the potential increase in health risks associated with climate change. Experts point out that climate change is contributing to an acceleration in the emergence of new infectious diseases as well as the re-emergence of old ones, as demonstrated by the numerous \"unusual\" outbreaks of the 21st century. These include SARS, Ebola, COVID-19 and monkeypox. A report published in the scientific journal Nature Climate Change in August 2022 estimates that \"over half of known human pathogenic diseases may be exacerbated by climate change\". It is thought that climate change will also lead to an increase in mosquito-borne diseases as temperatures and water levels rise. This situation could lead to outbreaks of malaria, dengue fever and Zika virus in areas where these diseases have not yet emerged and to more frequent outbreaks in areas where they are already present.<\/p>\r\n<p>These forecasts are all the more important given that only a quarter of the organizations surveyed (25 percent) are actively preparing for future pandemics and COVID-19 variants. Best practices include conducting risk assessments of existing and potential health threats, including projections for the potential geographic expansion of threats due to climate change and other forces. Dr. Stefan Esser, Medical Director Central Europe at International SOS, comments: \"Companies are well acquainted with the response to the existing COVID-19 pandemic and should build on this existing knowledge. Crisis and business continuity plans need to be expanded to take into account both known health risks and other potential health threats. It makes sense to carry out emergency drills: these should include both likely and unlikely worst-case scenarios to ensure that responsible teams and employees are prepared.\"<\/p>\r\n<h3>Business travelers need more support in 2023<\/h3>\r\n<p>The 2023 Risk Outlook indicates that most companies (86 percent) will maintain or increase their budgets for travel risk management. Travel is expected to continue to increase and likely reach pre-pandemic levels. This trend is confirmed by data collected by International SOS. According to this data, international travel is currently 83 percent of pre-pandemic volumes. However, travelers are twice as likely to need advice or assistance. Business travel will clearly become more complex in the coming year, as companies must manage many issues in parallel. Encouragingly, experts predict that despite rising costs, travel management budgets will increase or stay the same in 2023. Investments of this kind will be crucial to ensuring the safety of business travelers in the coming year.<\/p>\r\n<p><em>Source: <a href=\"https:\/\/www.internationalsos.com\/\">International SOS<\/a><\/em><\/p>\n<p class=\"syndicated-attribution\">This article originally appeared on m-q.ch - <a href=\"https:\/\/www.m-q.ch\/de\/risikoausblick-2023-unternehmen-geraten-in-dauerkrisen-modus\/\" target=\"_blank\">https:\/\/www.m-q.ch\/de\/risikoausblick-2023-unternehmen-geraten-in-dauerkrisen-modus\/<\/a><\/p>","protected":false},"excerpt":{"rendered":"<p>Obwohl die akuten Auswirkungen der Pandemie in vielen L\u00e4ndern abklingen, werden Unternehmen auch 2023 weltweit mit erheblichen Risiken konfrontiert sein. Experten prognostizieren, dass globale Risiken das Potenzial haben, das Produktivit\u00e4tsniveau zu senken, da sich die Krise der Lebenshaltungskosten und die schwierige Sicherheitslage auf die Mitarbeitenden auswirken. Dies geht aus dem neuen Risikoausblick \u201eRisk Outlook 2023\u201c [\u2026]<\/p>\n","protected":false},"author":8,"featured_media":0,"comment_status":"closed","ping_status":"closed","sticky":false,"template":"","format":"standard","meta":{"_acf_changed":false,"_yoast_wpseo_focuskw":"Risikoausblick","_yoast_wpseo_metadesc":"Unternehmen 2023 im Dauerkrisen-Modus: Globale Risiken und Unsicherheiten. Produktivit\u00e4t und Sicherheit unter Druck.","articlekey":"","footnotes":""},"categories":[582],"tags":[3552,3553],"class_list":["post-18199","post","type-post","status-publish","format-standard","hentry","category-operational-excellence","tag-ausblick","tag-gesundheitsrisiken"],"acf":[],"yoast_head":"<!-- This site is optimized with the Yoast SEO plugin v27.5 - https:\/\/yoast.com\/product\/yoast-seo-wordpress\/ -->\n<title>Risikoausblick 2023: Unternehmen geraten in Dauerkrisen-Modus - Organisator<\/title>\n<meta name=\"description\" content=\"Unternehmen 2023 im Dauerkrisen-Modus: Globale Risiken und Unsicherheiten. Produktivit\u00e4t und Sicherheit unter Druck.\" \/>\n<meta name=\"robots\" content=\"index, follow, max-snippet:-1, max-image-preview:large, max-video-preview:-1\" \/>\n<link rel=\"canonical\" href=\"https:\/\/www.organisator.ch\/en\/operational-excellence\/2022-12-08\/risikoausblick-2023-unternehmen-geraten-in-dauerkrisen-modus\/\" \/>\n<meta property=\"og:locale\" content=\"en_US\" \/>\n<meta property=\"og:type\" content=\"article\" \/>\n<meta property=\"og:title\" content=\"Risikoausblick 2023: Unternehmen geraten in Dauerkrisen-Modus - Organisator\" \/>\n<meta property=\"og:description\" content=\"Unternehmen 2023 im Dauerkrisen-Modus: Globale Risiken und Unsicherheiten. Produktivit\u00e4t und Sicherheit unter Druck.\" \/>\n<meta property=\"og:url\" content=\"https:\/\/www.organisator.ch\/en\/operational-excellence\/2022-12-08\/risikoausblick-2023-unternehmen-geraten-in-dauerkrisen-modus\/\" \/>\n<meta property=\"og:site_name\" content=\"Organisator\" \/>\n<meta property=\"article:publisher\" content=\"https:\/\/www.facebook.com\/OrganisatorFachmagazin\" \/>\n<meta property=\"article:published_time\" content=\"2022-12-08T09:25:46+00:00\" \/>\n<meta property=\"article:modified_time\" content=\"2024-11-20T05:24:46+00:00\" \/>\n<meta name=\"author\" content=\"galledia\" \/>\n<meta name=\"twitter:card\" content=\"summary_large_image\" \/>\n<meta name=\"twitter:creator\" content=\"@admin\" \/>\n<script type=\"application\/ld+json\" class=\"yoast-schema-graph\">{\"@context\":\"https:\\\/\\\/schema.org\",\"@graph\":[{\"@type\":\"Article\",\"@id\":\"https:\\\/\\\/www.organisator.ch\\\/operational-excellence\\\/2022-12-08\\\/risikoausblick-2023-unternehmen-geraten-in-dauerkrisen-modus\\\/#article\",\"isPartOf\":{\"@id\":\"https:\\\/\\\/www.organisator.ch\\\/operational-excellence\\\/2022-12-08\\\/risikoausblick-2023-unternehmen-geraten-in-dauerkrisen-modus\\\/\"},\"author\":{\"name\":\"galledia\",\"@id\":\"https:\\\/\\\/www.organisator.ch\\\/#\\\/schema\\\/person\\\/4e51799071cd2dd1232ac003643ef5f0\"},\"headline\":\"Risikoausblick 2023: Unternehmen geraten in Dauerkrisen-Modus\",\"datePublished\":\"2022-12-08T09:25:46+00:00\",\"dateModified\":\"2024-11-20T05:24:46+00:00\",\"mainEntityOfPage\":{\"@id\":\"https:\\\/\\\/www.organisator.ch\\\/operational-excellence\\\/2022-12-08\\\/risikoausblick-2023-unternehmen-geraten-in-dauerkrisen-modus\\\/\"},\"wordCount\":1344,\"publisher\":{\"@id\":\"https:\\\/\\\/www.organisator.ch\\\/#organization\"},\"image\":{\"@id\":\"https:\\\/\\\/www.organisator.ch\\\/operational-excellence\\\/2022-12-08\\\/risikoausblick-2023-unternehmen-geraten-in-dauerkrisen-modus\\\/#primaryimage\"},\"thumbnailUrl\":\"https:\\\/\\\/www.m-q.ch\\\/wp-content\\\/uploads\\\/2022\\\/12\\\/Risikoausblick-2023-Unternehmen-geraten-in-Dauerkrisen-Modus-1_MQ.jpg\",\"keywords\":[\"Ausblick\",\"Gesundheitsrisiken\"],\"articleSection\":[\"OPERATIONAL EXCELLENCE\"],\"inLanguage\":\"en-US\"},{\"@type\":\"WebPage\",\"@id\":\"https:\\\/\\\/www.organisator.ch\\\/operational-excellence\\\/2022-12-08\\\/risikoausblick-2023-unternehmen-geraten-in-dauerkrisen-modus\\\/\",\"url\":\"https:\\\/\\\/www.organisator.ch\\\/operational-excellence\\\/2022-12-08\\\/risikoausblick-2023-unternehmen-geraten-in-dauerkrisen-modus\\\/\",\"name\":\"Risikoausblick 2023: Unternehmen geraten in Dauerkrisen-Modus - Organisator\",\"isPartOf\":{\"@id\":\"https:\\\/\\\/www.organisator.ch\\\/#website\"},\"primaryImageOfPage\":{\"@id\":\"https:\\\/\\\/www.organisator.ch\\\/operational-excellence\\\/2022-12-08\\\/risikoausblick-2023-unternehmen-geraten-in-dauerkrisen-modus\\\/#primaryimage\"},\"image\":{\"@id\":\"https:\\\/\\\/www.organisator.ch\\\/operational-excellence\\\/2022-12-08\\\/risikoausblick-2023-unternehmen-geraten-in-dauerkrisen-modus\\\/#primaryimage\"},\"thumbnailUrl\":\"https:\\\/\\\/www.m-q.ch\\\/wp-content\\\/uploads\\\/2022\\\/12\\\/Risikoausblick-2023-Unternehmen-geraten-in-Dauerkrisen-Modus-1_MQ.jpg\",\"datePublished\":\"2022-12-08T09:25:46+00:00\",\"dateModified\":\"2024-11-20T05:24:46+00:00\",\"description\":\"Unternehmen 2023 im Dauerkrisen-Modus: Globale Risiken und Unsicherheiten. Produktivit\u00e4t und Sicherheit unter Druck.\",\"breadcrumb\":{\"@id\":\"https:\\\/\\\/www.organisator.ch\\\/operational-excellence\\\/2022-12-08\\\/risikoausblick-2023-unternehmen-geraten-in-dauerkrisen-modus\\\/#breadcrumb\"},\"inLanguage\":\"en-US\",\"potentialAction\":[{\"@type\":\"ReadAction\",\"target\":[\"https:\\\/\\\/www.organisator.ch\\\/operational-excellence\\\/2022-12-08\\\/risikoausblick-2023-unternehmen-geraten-in-dauerkrisen-modus\\\/\"]}]},{\"@type\":\"ImageObject\",\"inLanguage\":\"en-US\",\"@id\":\"https:\\\/\\\/www.organisator.ch\\\/operational-excellence\\\/2022-12-08\\\/risikoausblick-2023-unternehmen-geraten-in-dauerkrisen-modus\\\/#primaryimage\",\"url\":\"https:\\\/\\\/www.m-q.ch\\\/wp-content\\\/uploads\\\/2022\\\/12\\\/Risikoausblick-2023-Unternehmen-geraten-in-Dauerkrisen-Modus-1_MQ.jpg\",\"contentUrl\":\"https:\\\/\\\/www.m-q.ch\\\/wp-content\\\/uploads\\\/2022\\\/12\\\/Risikoausblick-2023-Unternehmen-geraten-in-Dauerkrisen-Modus-1_MQ.jpg\"},{\"@type\":\"BreadcrumbList\",\"@id\":\"https:\\\/\\\/www.organisator.ch\\\/operational-excellence\\\/2022-12-08\\\/risikoausblick-2023-unternehmen-geraten-in-dauerkrisen-modus\\\/#breadcrumb\",\"itemListElement\":[{\"@type\":\"ListItem\",\"position\":1,\"name\":\"Home\",\"item\":\"https:\\\/\\\/www.organisator.ch\\\/\"},{\"@type\":\"ListItem\",\"position\":2,\"name\":\"Risikoausblick 2023: Unternehmen geraten in Dauerkrisen-Modus\"}]},{\"@type\":\"WebSite\",\"@id\":\"https:\\\/\\\/www.organisator.ch\\\/#website\",\"url\":\"https:\\\/\\\/www.organisator.ch\\\/\",\"name\":\"Organisator\",\"description\":\"Kompetent. Praxisnah. Der ORGANISATOR bereitet in 10 Ausgaben pro Jahr die wesentlichen Themen f\u00fcr F\u00fchrungskr\u00e4fte von KMU auf.\",\"publisher\":{\"@id\":\"https:\\\/\\\/www.organisator.ch\\\/#organization\"},\"potentialAction\":[{\"@type\":\"SearchAction\",\"target\":{\"@type\":\"EntryPoint\",\"urlTemplate\":\"https:\\\/\\\/www.organisator.ch\\\/?s={search_term_string}\"},\"query-input\":{\"@type\":\"PropertyValueSpecification\",\"valueRequired\":true,\"valueName\":\"search_term_string\"}}],\"inLanguage\":\"en-US\"},{\"@type\":\"Organization\",\"@id\":\"https:\\\/\\\/www.organisator.ch\\\/#organization\",\"name\":\"Organisator\",\"url\":\"https:\\\/\\\/www.organisator.ch\\\/\",\"logo\":{\"@type\":\"ImageObject\",\"inLanguage\":\"en-US\",\"@id\":\"https:\\\/\\\/www.organisator.ch\\\/#\\\/schema\\\/logo\\\/image\\\/\",\"url\":\"https:\\\/\\\/www.organisator.ch\\\/wp-content\\\/uploads\\\/2022\\\/01\\\/Logo_Organisator_Website.png\",\"contentUrl\":\"https:\\\/\\\/www.organisator.ch\\\/wp-content\\\/uploads\\\/2022\\\/01\\\/Logo_Organisator_Website.png\",\"width\":800,\"height\":77,\"caption\":\"Organisator\"},\"image\":{\"@id\":\"https:\\\/\\\/www.organisator.ch\\\/#\\\/schema\\\/logo\\\/image\\\/\"},\"sameAs\":[\"https:\\\/\\\/www.facebook.com\\\/OrganisatorFachmagazin\",\"https:\\\/\\\/www.linkedin.com\\\/showcase\\\/organisator-das-magazin-fr-kmu\",\"https:\\\/\\\/www.xing.com\\\/news\\\/pages\\\/organisator-ch-695\",\"https:\\\/\\\/www.youtube.com\\\/channel\\\/UCGP2Sq0iWaZwT3BdIAQFYpw\"]},{\"@type\":\"Person\",\"@id\":\"https:\\\/\\\/www.organisator.ch\\\/#\\\/schema\\\/person\\\/4e51799071cd2dd1232ac003643ef5f0\",\"name\":\"galledia\",\"image\":{\"@type\":\"ImageObject\",\"inLanguage\":\"en-US\",\"@id\":\"https:\\\/\\\/secure.gravatar.com\\\/avatar\\\/78a7f90c01fc2bfc875782a0d4922b37cde2cf184ce347b91316d23cd7f69a36?s=96&d=mm&r=g\",\"url\":\"https:\\\/\\\/secure.gravatar.com\\\/avatar\\\/78a7f90c01fc2bfc875782a0d4922b37cde2cf184ce347b91316d23cd7f69a36?s=96&d=mm&r=g\",\"contentUrl\":\"https:\\\/\\\/secure.gravatar.com\\\/avatar\\\/78a7f90c01fc2bfc875782a0d4922b37cde2cf184ce347b91316d23cd7f69a36?s=96&d=mm&r=g\",\"caption\":\"galledia\"},\"sameAs\":[\"https:\\\/\\\/x.com\\\/admin\"],\"url\":\"https:\\\/\\\/www.organisator.ch\\\/en\\\/author\\\/galledia\\\/\"}]}<\/script>\n<!-- \/ Yoast SEO plugin. -->","yoast_head_json":{"title":"Risk Outlook 2023: Companies get into permanent crisis mode - Organizer","description":"Companies in permanent crisis mode in 2023: global risks and uncertainties. Productivity and security under pressure.","robots":{"index":"index","follow":"follow","max-snippet":"max-snippet:-1","max-image-preview":"max-image-preview:large","max-video-preview":"max-video-preview:-1"},"canonical":"https:\/\/www.organisator.ch\/en\/operational-excellence\/2022-12-08\/risikoausblick-2023-unternehmen-geraten-in-dauerkrisen-modus\/","og_locale":"en_US","og_type":"article","og_title":"Risikoausblick 2023: Unternehmen geraten in Dauerkrisen-Modus - Organisator","og_description":"Unternehmen 2023 im Dauerkrisen-Modus: Globale Risiken und Unsicherheiten. Produktivit\u00e4t und Sicherheit unter Druck.","og_url":"https:\/\/www.organisator.ch\/en\/operational-excellence\/2022-12-08\/risikoausblick-2023-unternehmen-geraten-in-dauerkrisen-modus\/","og_site_name":"Organisator","article_publisher":"https:\/\/www.facebook.com\/OrganisatorFachmagazin","article_published_time":"2022-12-08T09:25:46+00:00","article_modified_time":"2024-11-20T05:24:46+00:00","author":"galledia","twitter_card":"summary_large_image","twitter_creator":"@admin","schema":{"@context":"https:\/\/schema.org","@graph":[{"@type":"Article","@id":"https:\/\/www.organisator.ch\/operational-excellence\/2022-12-08\/risikoausblick-2023-unternehmen-geraten-in-dauerkrisen-modus\/#article","isPartOf":{"@id":"https:\/\/www.organisator.ch\/operational-excellence\/2022-12-08\/risikoausblick-2023-unternehmen-geraten-in-dauerkrisen-modus\/"},"author":{"name":"galledia","@id":"https:\/\/www.organisator.ch\/#\/schema\/person\/4e51799071cd2dd1232ac003643ef5f0"},"headline":"Risikoausblick 2023: Unternehmen geraten in Dauerkrisen-Modus","datePublished":"2022-12-08T09:25:46+00:00","dateModified":"2024-11-20T05:24:46+00:00","mainEntityOfPage":{"@id":"https:\/\/www.organisator.ch\/operational-excellence\/2022-12-08\/risikoausblick-2023-unternehmen-geraten-in-dauerkrisen-modus\/"},"wordCount":1344,"publisher":{"@id":"https:\/\/www.organisator.ch\/#organization"},"image":{"@id":"https:\/\/www.organisator.ch\/operational-excellence\/2022-12-08\/risikoausblick-2023-unternehmen-geraten-in-dauerkrisen-modus\/#primaryimage"},"thumbnailUrl":"https:\/\/www.m-q.ch\/wp-content\/uploads\/2022\/12\/Risikoausblick-2023-Unternehmen-geraten-in-Dauerkrisen-Modus-1_MQ.jpg","keywords":["Ausblick","Gesundheitsrisiken"],"articleSection":["OPERATIONAL EXCELLENCE"],"inLanguage":"en-US"},{"@type":"WebPage","@id":"https:\/\/www.organisator.ch\/operational-excellence\/2022-12-08\/risikoausblick-2023-unternehmen-geraten-in-dauerkrisen-modus\/","url":"https:\/\/www.organisator.ch\/operational-excellence\/2022-12-08\/risikoausblick-2023-unternehmen-geraten-in-dauerkrisen-modus\/","name":"Risk Outlook 2023: Companies get into permanent crisis mode - Organizer","isPartOf":{"@id":"https:\/\/www.organisator.ch\/#website"},"primaryImageOfPage":{"@id":"https:\/\/www.organisator.ch\/operational-excellence\/2022-12-08\/risikoausblick-2023-unternehmen-geraten-in-dauerkrisen-modus\/#primaryimage"},"image":{"@id":"https:\/\/www.organisator.ch\/operational-excellence\/2022-12-08\/risikoausblick-2023-unternehmen-geraten-in-dauerkrisen-modus\/#primaryimage"},"thumbnailUrl":"https:\/\/www.m-q.ch\/wp-content\/uploads\/2022\/12\/Risikoausblick-2023-Unternehmen-geraten-in-Dauerkrisen-Modus-1_MQ.jpg","datePublished":"2022-12-08T09:25:46+00:00","dateModified":"2024-11-20T05:24:46+00:00","description":"Companies in permanent crisis mode in 2023: global risks and uncertainties. Productivity and security under pressure.","breadcrumb":{"@id":"https:\/\/www.organisator.ch\/operational-excellence\/2022-12-08\/risikoausblick-2023-unternehmen-geraten-in-dauerkrisen-modus\/#breadcrumb"},"inLanguage":"en-US","potentialAction":[{"@type":"ReadAction","target":["https:\/\/www.organisator.ch\/operational-excellence\/2022-12-08\/risikoausblick-2023-unternehmen-geraten-in-dauerkrisen-modus\/"]}]},{"@type":"ImageObject","inLanguage":"en-US","@id":"https:\/\/www.organisator.ch\/operational-excellence\/2022-12-08\/risikoausblick-2023-unternehmen-geraten-in-dauerkrisen-modus\/#primaryimage","url":"https:\/\/www.m-q.ch\/wp-content\/uploads\/2022\/12\/Risikoausblick-2023-Unternehmen-geraten-in-Dauerkrisen-Modus-1_MQ.jpg","contentUrl":"https:\/\/www.m-q.ch\/wp-content\/uploads\/2022\/12\/Risikoausblick-2023-Unternehmen-geraten-in-Dauerkrisen-Modus-1_MQ.jpg"},{"@type":"BreadcrumbList","@id":"https:\/\/www.organisator.ch\/operational-excellence\/2022-12-08\/risikoausblick-2023-unternehmen-geraten-in-dauerkrisen-modus\/#breadcrumb","itemListElement":[{"@type":"ListItem","position":1,"name":"Home","item":"https:\/\/www.organisator.ch\/"},{"@type":"ListItem","position":2,"name":"Risikoausblick 2023: Unternehmen geraten in Dauerkrisen-Modus"}]},{"@type":"WebSite","@id":"https:\/\/www.organisator.ch\/#website","url":"https:\/\/www.organisator.ch\/","name":"Organizer","description":"Competent. Practical. In 10 issues per year, ORGANISATOR presents the essential topics for managers of SMEs.","publisher":{"@id":"https:\/\/www.organisator.ch\/#organization"},"potentialAction":[{"@type":"SearchAction","target":{"@type":"EntryPoint","urlTemplate":"https:\/\/www.organisator.ch\/?s={search_term_string}"},"query-input":{"@type":"PropertyValueSpecification","valueRequired":true,"valueName":"search_term_string"}}],"inLanguage":"en-US"},{"@type":"Organization","@id":"https:\/\/www.organisator.ch\/#organization","name":"Organizer","url":"https:\/\/www.organisator.ch\/","logo":{"@type":"ImageObject","inLanguage":"en-US","@id":"https:\/\/www.organisator.ch\/#\/schema\/logo\/image\/","url":"https:\/\/www.organisator.ch\/wp-content\/uploads\/2022\/01\/Logo_Organisator_Website.png","contentUrl":"https:\/\/www.organisator.ch\/wp-content\/uploads\/2022\/01\/Logo_Organisator_Website.png","width":800,"height":77,"caption":"Organisator"},"image":{"@id":"https:\/\/www.organisator.ch\/#\/schema\/logo\/image\/"},"sameAs":["https:\/\/www.facebook.com\/OrganisatorFachmagazin","https:\/\/www.linkedin.com\/showcase\/organisator-das-magazin-fr-kmu","https:\/\/www.xing.com\/news\/pages\/organisator-ch-695","https:\/\/www.youtube.com\/channel\/UCGP2Sq0iWaZwT3BdIAQFYpw"]},{"@type":"Person","@id":"https:\/\/www.organisator.ch\/#\/schema\/person\/4e51799071cd2dd1232ac003643ef5f0","name":"galledia","image":{"@type":"ImageObject","inLanguage":"en-US","@id":"https:\/\/secure.gravatar.com\/avatar\/78a7f90c01fc2bfc875782a0d4922b37cde2cf184ce347b91316d23cd7f69a36?s=96&d=mm&r=g","url":"https:\/\/secure.gravatar.com\/avatar\/78a7f90c01fc2bfc875782a0d4922b37cde2cf184ce347b91316d23cd7f69a36?s=96&d=mm&r=g","contentUrl":"https:\/\/secure.gravatar.com\/avatar\/78a7f90c01fc2bfc875782a0d4922b37cde2cf184ce347b91316d23cd7f69a36?s=96&d=mm&r=g","caption":"galledia"},"sameAs":["https:\/\/x.com\/admin"],"url":"https:\/\/www.organisator.ch\/en\/author\/galledia\/"}]}},"_links":{"self":[{"href":"https:\/\/www.organisator.ch\/en\/wp-json\/wp\/v2\/posts\/18199","targetHints":{"allow":["GET"]}}],"collection":[{"href":"https:\/\/www.organisator.ch\/en\/wp-json\/wp\/v2\/posts"}],"about":[{"href":"https:\/\/www.organisator.ch\/en\/wp-json\/wp\/v2\/types\/post"}],"author":[{"embeddable":true,"href":"https:\/\/www.organisator.ch\/en\/wp-json\/wp\/v2\/users\/8"}],"replies":[{"embeddable":true,"href":"https:\/\/www.organisator.ch\/en\/wp-json\/wp\/v2\/comments?post=18199"}],"version-history":[{"count":5,"href":"https:\/\/www.organisator.ch\/en\/wp-json\/wp\/v2\/posts\/18199\/revisions"}],"predecessor-version":[{"id":33561,"href":"https:\/\/www.organisator.ch\/en\/wp-json\/wp\/v2\/posts\/18199\/revisions\/33561"}],"wp:attachment":[{"href":"https:\/\/www.organisator.ch\/en\/wp-json\/wp\/v2\/media?parent=18199"}],"wp:term":[{"taxonomy":"category","embeddable":true,"href":"https:\/\/www.organisator.ch\/en\/wp-json\/wp\/v2\/categories?post=18199"},{"taxonomy":"post_tag","embeddable":true,"href":"https:\/\/www.organisator.ch\/en\/wp-json\/wp\/v2\/tags?post=18199"}],"curies":[{"name":"wp","href":"https:\/\/api.w.org\/{rel}","templated":true}]}}