{"id":18213,"date":"2022-12-09T11:55:47","date_gmt":"2022-12-09T10:55:47","guid":{"rendered":"https:\/\/www.organisator.ch\/?p=18213"},"modified":"2022-12-09T11:55:47","modified_gmt":"2022-12-09T10:55:47","slug":"die-konkurswelle-trifft-die-schweiz-mit-voller-wucht","status":"publish","type":"post","link":"https:\/\/www.organisator.ch\/en\/management\/finanzen_recht\/2022-12-09\/die-konkurswelle-trifft-die-schweiz-mit-voller-wucht\/","title":{"rendered":"The wave of bankruptcies hits Switzerland with full force"},"content":{"rendered":"<figure id=\"attachment_18214\" aria-describedby=\"caption-attachment-18214\" style=\"width: 680px\" class=\"wp-caption alignnone\"><img loading=\"lazy\" decoding=\"async\" class=\"size-full wp-image-18214\" src=\"https:\/\/www.organisator.ch\/wp-content\/uploads\/2022\/12\/Die-Konkurswelle-trifft-die-Schweiz-mit-voller-Wucht-1_Organisator.jpg\" alt=\"\" width=\"680\" height=\"496\" srcset=\"https:\/\/www.organisator.ch\/wp-content\/uploads\/2022\/12\/Die-Konkurswelle-trifft-die-Schweiz-mit-voller-Wucht-1_Organisator.jpg 680w, https:\/\/www.organisator.ch\/wp-content\/uploads\/2022\/12\/Die-Konkurswelle-trifft-die-Schweiz-mit-voller-Wucht-1_Organisator-16x12.jpg 16w, https:\/\/www.organisator.ch\/wp-content\/uploads\/2022\/12\/Die-Konkurswelle-trifft-die-Schweiz-mit-voller-Wucht-1_Organisator-375x274.jpg 375w, https:\/\/www.organisator.ch\/wp-content\/uploads\/2022\/12\/Die-Konkurswelle-trifft-die-Schweiz-mit-voller-Wucht-1_Organisator-480x350.jpg 480w\" sizes=\"auto, (max-width: 680px) 100vw, 680px\" \/><figcaption id=\"caption-attachment-18214\" class=\"wp-caption-text\">Creditors are left out in the cold: The bankruptcy wave rolls on unceasingly. (Image: Pixabay.com)<\/figcaption><\/figure>\n<p>The bankruptcy wave rolls and rolls: with an increase of over nine percent compared to 2018\/2019, i.e. before the Corona pandemic, it is reaching a new peak. The creditor protection organization Creditreform does not expect any more big changes by the end of the year. Creditreform had expected since the beginning of government pandemic aid in the spring of 2020 that so-called <a href=\"https:\/\/www.organisator.ch\/de\/management\/finanzen_recht\/2022-10-28\/zahl-der-zombie-unternehmen-nimmt-weiter-zu\/\">Zombie Companies<\/a> were only given a reprieve because they were simply ready for bankruptcy. Now this additional liquidity has been used up, and the only thing left to do is to go to the bankruptcy court.<\/p>\n<h3>End of the wave of bankruptcies not in sight<\/h3>\n<p>Creditreform expects around 6,700 insolvencies for the year that is coming to an end. And it does not look as if this wave of bankruptcies will abate in 2023, according to the organization's assessment. It may even get worse in view of an emerging economic slowdown.<\/p>\n<figure id=\"attachment_18215\" aria-describedby=\"caption-attachment-18215\" style=\"width: 680px\" class=\"wp-caption alignnone\"><img loading=\"lazy\" decoding=\"async\" class=\"size-full wp-image-18215\" src=\"https:\/\/www.organisator.ch\/wp-content\/uploads\/2022\/12\/Die-Konkurswelle-trifft-die-Schweiz-mit-voller-Wucht-2_Organisator.jpg\" alt=\"\" width=\"680\" height=\"343\" srcset=\"https:\/\/www.organisator.ch\/wp-content\/uploads\/2022\/12\/Die-Konkurswelle-trifft-die-Schweiz-mit-voller-Wucht-2_Organisator.jpg 680w, https:\/\/www.organisator.ch\/wp-content\/uploads\/2022\/12\/Die-Konkurswelle-trifft-die-Schweiz-mit-voller-Wucht-2_Organisator-18x9.jpg 18w, https:\/\/www.organisator.ch\/wp-content\/uploads\/2022\/12\/Die-Konkurswelle-trifft-die-Schweiz-mit-voller-Wucht-2_Organisator-375x189.jpg 375w\" sizes=\"auto, (max-width: 680px) 100vw, 680px\" \/><figcaption id=\"caption-attachment-18215\" class=\"wp-caption-text\">Corporate insolvencies in 2018\/19, 2020, 2021, 2022. (Graphic: Creditreform)<\/figcaption><\/figure>\n<p>The figures speak for themselves: a comparison of the insolvency figures for 2018\/2019 with the average for the three subsequent years shows that there is still \"catching up to do\", with a drop of just under nine percent. This is because bankruptcies were already on the rise in 2019, meaning that this rising trend is now also likely to continue with a delay. The pressure on companies will also increase further in the coming year due to supply chain problems, which will lead to a rise in purchasing prices, and higher energy costs.<\/p>\n<h3>Problem: Bankruptcy Riding<\/h3>\n<p>Insolvencies due to organizational deficiencies are almost 47 % higher than in the previous year. An amendment to Art. 731b of the Swiss Code of Obligations (OR), which has already come into force on January 1, 2021, is now having an effect. This still makes sense, as it removes from the commercial register those companies that no longer have any business activity.<\/p>\n<p>There are increasing signs that more and more companies want to get rid of their debts by leaving the company without the necessary bodies. According to Creditreform, these abusive bankruptcies will continue to increase. Here, he said, there has already been a significant increase in suspicious cases since September 2021: At that time, 47 cases of suspected abusive bankruptcy were identified, with a peak subsequently in the months of December 2021 and January 2022 with 63 and 66 cases, respectively. On average, Creditreform identified 55 suspicious cases per month from January to November 2022.<\/p>\n<h3>New registrations, deletions, net growth<\/h3>\n<p>But on the other hand, many new companies are still being founded, albeit at a somewhat lower level than in the previous year. 45,111 new companies were entered in the commercial register from January to November, 1.2 % fewer than a year earlier. By the end of the year, we expect over 49,400 new registrations. Deletions may be slightly below the previous year, with net growth thus declining by around 3.4 %.<\/p>\n<p><em>Source: <a href=\"http:\/\/www.creditreform.ch\">Creditreform<\/a><\/em><\/p>","protected":false},"excerpt":{"rendered":"<p>Die Konkurswelle rollt und rollt: Mit einem Plus von \u00fcber neun Prozent im Vergleich mit den Jahren 2018\/2019, also vor der Corona-Pandemie, erreicht diese einen neuen H\u00f6hepunkt. Die Gl\u00e4ubigerschutz-Organisation Creditreform erwartet bis Ende Jahr keine grossen Ver\u00e4nderungen mehr. Creditreform hatte seit Beginn der staatlichen Pandemiehilfen im Fr\u00fchjahr 2020 damit gerechnet, dass sogenannte Zombiefirmen damit nur [&hellip;]<\/p>\n","protected":false},"author":4,"featured_media":18214,"comment_status":"closed","ping_status":"closed","sticky":false,"template":"","format":"standard","meta":{"_acf_changed":false,"_yoast_wpseo_focuskw":"Konkurswelle","_yoast_wpseo_metadesc":"Gem\u00e4ss einer Analyse von Creditreform rollt die Konkurswelle mit unverminderter H\u00e4rte weiter. Es gab um \u00fcber 9 Prozent mehr Insolvenzen.","articlekey":"","footnotes":""},"categories":[24],"tags":[202,311,335],"class_list":["post-18213","post","type-post","status-publish","format-standard","has-post-thumbnail","hentry","category-finanzen_recht","tag-finanzenrecht","tag-konkurse","tag-management-und-unternehmensfuehrung"],"acf":[],"yoast_head":"<!-- This site is optimized with the Yoast SEO plugin v27.5 - https:\/\/yoast.com\/product\/yoast-seo-wordpress\/ -->\n<title>Die Konkurswelle trifft die Schweiz mit voller Wucht - Organisator<\/title>\n<meta name=\"description\" content=\"Gem\u00e4ss einer Analyse von Creditreform rollt die Konkurswelle mit unverminderter H\u00e4rte weiter. Es gab um \u00fcber 9 Prozent mehr Insolvenzen.\" \/>\n<meta name=\"robots\" content=\"index, follow, max-snippet:-1, max-image-preview:large, max-video-preview:-1\" \/>\n<link rel=\"canonical\" href=\"https:\/\/www.organisator.ch\/en\/management\/finanzen_recht\/2022-12-09\/die-konkurswelle-trifft-die-schweiz-mit-voller-wucht\/\" \/>\n<meta property=\"og:locale\" content=\"en_US\" \/>\n<meta property=\"og:type\" content=\"article\" \/>\n<meta property=\"og:title\" content=\"Die Konkurswelle trifft die Schweiz mit voller Wucht\" \/>\n<meta property=\"og:description\" content=\"Gem\u00e4ss einer Analyse von Creditreform rollt die Konkurswelle mit unverminderter H\u00e4rte weiter. Es gab um \u00fcber 9 Prozent mehr Insolvenzen.\" \/>\n<meta property=\"og:url\" content=\"https:\/\/www.organisator.ch\/en\/management\/finanzen_recht\/2022-12-09\/die-konkurswelle-trifft-die-schweiz-mit-voller-wucht\/\" \/>\n<meta property=\"og:site_name\" content=\"Organisator\" \/>\n<meta property=\"article:publisher\" content=\"https:\/\/www.facebook.com\/OrganisatorFachmagazin\" \/>\n<meta property=\"article:published_time\" content=\"2022-12-09T10:55:47+00:00\" \/>\n<meta property=\"og:image\" content=\"https:\/\/www.organisator.ch\/wp-content\/uploads\/2022\/12\/Die-Konkurswelle-trifft-die-Schweiz-mit-voller-Wucht-1_Organisator.jpg\" \/>\n\t<meta property=\"og:image:width\" content=\"680\" \/>\n\t<meta property=\"og:image:height\" content=\"496\" \/>\n\t<meta property=\"og:image:type\" content=\"image\/jpeg\" \/>\n<meta name=\"author\" content=\"thomas.berner\" \/>\n<meta name=\"twitter:card\" content=\"summary_large_image\" \/>\n<meta name=\"twitter:title\" content=\"Die #Konkurswelle trifft die Schweiz mit voller Wucht\" \/>\n<meta name=\"twitter:description\" content=\"Gem\u00e4ss einer Analyse von #Creditreform rollt die #Konkurswelle mit unverminderter H\u00e4rte weiter. Es gab um \u00fcber 9 Prozent mehr #Insolvenzen.\" \/>\n<meta name=\"twitter:image\" content=\"https:\/\/www.organisator.ch\/wp-content\/uploads\/2022\/12\/Die-Konkurswelle-trifft-die-Schweiz-mit-voller-Wucht-1_Organisator.jpg\" \/>\n<script type=\"application\/ld+json\" class=\"yoast-schema-graph\">{\"@context\":\"https:\\\/\\\/schema.org\",\"@graph\":[{\"@type\":\"Article\",\"@id\":\"https:\\\/\\\/www.organisator.ch\\\/management\\\/finanzen_recht\\\/2022-12-09\\\/die-konkurswelle-trifft-die-schweiz-mit-voller-wucht\\\/#article\",\"isPartOf\":{\"@id\":\"https:\\\/\\\/www.organisator.ch\\\/management\\\/finanzen_recht\\\/2022-12-09\\\/die-konkurswelle-trifft-die-schweiz-mit-voller-wucht\\\/\"},\"author\":{\"name\":\"thomas.berner\",\"@id\":\"https:\\\/\\\/www.organisator.ch\\\/#\\\/schema\\\/person\\\/6f650f90b2842cd4c0cc334b4e36f67e\"},\"headline\":\"Die Konkurswelle trifft die Schweiz mit voller Wucht\",\"datePublished\":\"2022-12-09T10:55:47+00:00\",\"mainEntityOfPage\":{\"@id\":\"https:\\\/\\\/www.organisator.ch\\\/management\\\/finanzen_recht\\\/2022-12-09\\\/die-konkurswelle-trifft-die-schweiz-mit-voller-wucht\\\/\"},\"wordCount\":468,\"publisher\":{\"@id\":\"https:\\\/\\\/www.organisator.ch\\\/#organization\"},\"image\":{\"@id\":\"https:\\\/\\\/www.organisator.ch\\\/management\\\/finanzen_recht\\\/2022-12-09\\\/die-konkurswelle-trifft-die-schweiz-mit-voller-wucht\\\/#primaryimage\"},\"thumbnailUrl\":\"https:\\\/\\\/www.organisator.ch\\\/wp-content\\\/uploads\\\/2022\\\/12\\\/Die-Konkurswelle-trifft-die-Schweiz-mit-voller-Wucht-1_Organisator.jpg\",\"keywords\":[\"Finanzen\\\/Recht\",\"Konkurse\",\"Management und Unternehmensf\u00fchrung\"],\"articleSection\":[\"FINANZEN\\\/RECHT\"],\"inLanguage\":\"en-US\"},{\"@type\":\"WebPage\",\"@id\":\"https:\\\/\\\/www.organisator.ch\\\/management\\\/finanzen_recht\\\/2022-12-09\\\/die-konkurswelle-trifft-die-schweiz-mit-voller-wucht\\\/\",\"url\":\"https:\\\/\\\/www.organisator.ch\\\/management\\\/finanzen_recht\\\/2022-12-09\\\/die-konkurswelle-trifft-die-schweiz-mit-voller-wucht\\\/\",\"name\":\"Die Konkurswelle trifft die Schweiz mit voller Wucht - Organisator\",\"isPartOf\":{\"@id\":\"https:\\\/\\\/www.organisator.ch\\\/#website\"},\"primaryImageOfPage\":{\"@id\":\"https:\\\/\\\/www.organisator.ch\\\/management\\\/finanzen_recht\\\/2022-12-09\\\/die-konkurswelle-trifft-die-schweiz-mit-voller-wucht\\\/#primaryimage\"},\"image\":{\"@id\":\"https:\\\/\\\/www.organisator.ch\\\/management\\\/finanzen_recht\\\/2022-12-09\\\/die-konkurswelle-trifft-die-schweiz-mit-voller-wucht\\\/#primaryimage\"},\"thumbnailUrl\":\"https:\\\/\\\/www.organisator.ch\\\/wp-content\\\/uploads\\\/2022\\\/12\\\/Die-Konkurswelle-trifft-die-Schweiz-mit-voller-Wucht-1_Organisator.jpg\",\"datePublished\":\"2022-12-09T10:55:47+00:00\",\"description\":\"Gem\u00e4ss einer Analyse von Creditreform rollt die Konkurswelle mit unverminderter H\u00e4rte weiter. Es gab um \u00fcber 9 Prozent mehr Insolvenzen.\",\"breadcrumb\":{\"@id\":\"https:\\\/\\\/www.organisator.ch\\\/management\\\/finanzen_recht\\\/2022-12-09\\\/die-konkurswelle-trifft-die-schweiz-mit-voller-wucht\\\/#breadcrumb\"},\"inLanguage\":\"en-US\",\"potentialAction\":[{\"@type\":\"ReadAction\",\"target\":[\"https:\\\/\\\/www.organisator.ch\\\/management\\\/finanzen_recht\\\/2022-12-09\\\/die-konkurswelle-trifft-die-schweiz-mit-voller-wucht\\\/\"]}]},{\"@type\":\"ImageObject\",\"inLanguage\":\"en-US\",\"@id\":\"https:\\\/\\\/www.organisator.ch\\\/management\\\/finanzen_recht\\\/2022-12-09\\\/die-konkurswelle-trifft-die-schweiz-mit-voller-wucht\\\/#primaryimage\",\"url\":\"https:\\\/\\\/www.organisator.ch\\\/wp-content\\\/uploads\\\/2022\\\/12\\\/Die-Konkurswelle-trifft-die-Schweiz-mit-voller-Wucht-1_Organisator.jpg\",\"contentUrl\":\"https:\\\/\\\/www.organisator.ch\\\/wp-content\\\/uploads\\\/2022\\\/12\\\/Die-Konkurswelle-trifft-die-Schweiz-mit-voller-Wucht-1_Organisator.jpg\",\"width\":680,\"height\":496,\"caption\":\"Gl\u00e4ubiger stehen im Regen: Die Konkurswelle rollt unaufh\u00f6rlich weiter. (Bild: Pixabay.com)\"},{\"@type\":\"BreadcrumbList\",\"@id\":\"https:\\\/\\\/www.organisator.ch\\\/management\\\/finanzen_recht\\\/2022-12-09\\\/die-konkurswelle-trifft-die-schweiz-mit-voller-wucht\\\/#breadcrumb\",\"itemListElement\":[{\"@type\":\"ListItem\",\"position\":1,\"name\":\"Home\",\"item\":\"https:\\\/\\\/www.organisator.ch\\\/\"},{\"@type\":\"ListItem\",\"position\":2,\"name\":\"Die Konkurswelle trifft die Schweiz mit voller Wucht\"}]},{\"@type\":\"WebSite\",\"@id\":\"https:\\\/\\\/www.organisator.ch\\\/#website\",\"url\":\"https:\\\/\\\/www.organisator.ch\\\/\",\"name\":\"Organisator\",\"description\":\"Kompetent. Praxisnah. Der ORGANISATOR bereitet in 10 Ausgaben pro Jahr die wesentlichen Themen f\u00fcr F\u00fchrungskr\u00e4fte von KMU auf.\",\"publisher\":{\"@id\":\"https:\\\/\\\/www.organisator.ch\\\/#organization\"},\"potentialAction\":[{\"@type\":\"SearchAction\",\"target\":{\"@type\":\"EntryPoint\",\"urlTemplate\":\"https:\\\/\\\/www.organisator.ch\\\/?s={search_term_string}\"},\"query-input\":{\"@type\":\"PropertyValueSpecification\",\"valueRequired\":true,\"valueName\":\"search_term_string\"}}],\"inLanguage\":\"en-US\"},{\"@type\":\"Organization\",\"@id\":\"https:\\\/\\\/www.organisator.ch\\\/#organization\",\"name\":\"Organisator\",\"url\":\"https:\\\/\\\/www.organisator.ch\\\/\",\"logo\":{\"@type\":\"ImageObject\",\"inLanguage\":\"en-US\",\"@id\":\"https:\\\/\\\/www.organisator.ch\\\/#\\\/schema\\\/logo\\\/image\\\/\",\"url\":\"https:\\\/\\\/www.organisator.ch\\\/wp-content\\\/uploads\\\/2022\\\/01\\\/Logo_Organisator_Website.png\",\"contentUrl\":\"https:\\\/\\\/www.organisator.ch\\\/wp-content\\\/uploads\\\/2022\\\/01\\\/Logo_Organisator_Website.png\",\"width\":800,\"height\":77,\"caption\":\"Organisator\"},\"image\":{\"@id\":\"https:\\\/\\\/www.organisator.ch\\\/#\\\/schema\\\/logo\\\/image\\\/\"},\"sameAs\":[\"https:\\\/\\\/www.facebook.com\\\/OrganisatorFachmagazin\",\"https:\\\/\\\/www.linkedin.com\\\/showcase\\\/organisator-das-magazin-fr-kmu\",\"https:\\\/\\\/www.xing.com\\\/news\\\/pages\\\/organisator-ch-695\",\"https:\\\/\\\/www.youtube.com\\\/channel\\\/UCGP2Sq0iWaZwT3BdIAQFYpw\"]},{\"@type\":\"Person\",\"@id\":\"https:\\\/\\\/www.organisator.ch\\\/#\\\/schema\\\/person\\\/6f650f90b2842cd4c0cc334b4e36f67e\",\"name\":\"thomas.berner\",\"image\":{\"@type\":\"ImageObject\",\"inLanguage\":\"en-US\",\"@id\":\"https:\\\/\\\/secure.gravatar.com\\\/avatar\\\/ac5001d2a36cb6c6cd3e50789007ffca834b477b74a2144564522e944eabff61?s=96&d=mm&r=g\",\"url\":\"https:\\\/\\\/secure.gravatar.com\\\/avatar\\\/ac5001d2a36cb6c6cd3e50789007ffca834b477b74a2144564522e944eabff61?s=96&d=mm&r=g\",\"contentUrl\":\"https:\\\/\\\/secure.gravatar.com\\\/avatar\\\/ac5001d2a36cb6c6cd3e50789007ffca834b477b74a2144564522e944eabff61?s=96&d=mm&r=g\",\"caption\":\"thomas.berner\"},\"url\":\"https:\\\/\\\/www.organisator.ch\\\/en\\\/author\\\/thomas-berner\\\/\"}]}<\/script>\n<!-- \/ Yoast SEO plugin. -->","yoast_head_json":{"title":"The wave of bankruptcies hits Switzerland with full force - Organizer","description":"According to an analysis by Creditreform, the wave of bankruptcies continues to roll with undiminished force. There were over 9 percent more insolvencies.","robots":{"index":"index","follow":"follow","max-snippet":"max-snippet:-1","max-image-preview":"max-image-preview:large","max-video-preview":"max-video-preview:-1"},"canonical":"https:\/\/www.organisator.ch\/en\/management\/finanzen_recht\/2022-12-09\/die-konkurswelle-trifft-die-schweiz-mit-voller-wucht\/","og_locale":"en_US","og_type":"article","og_title":"Die Konkurswelle trifft die Schweiz mit voller Wucht","og_description":"Gem\u00e4ss einer Analyse von Creditreform rollt die Konkurswelle mit unverminderter H\u00e4rte weiter. Es gab um \u00fcber 9 Prozent mehr Insolvenzen.","og_url":"https:\/\/www.organisator.ch\/en\/management\/finanzen_recht\/2022-12-09\/die-konkurswelle-trifft-die-schweiz-mit-voller-wucht\/","og_site_name":"Organisator","article_publisher":"https:\/\/www.facebook.com\/OrganisatorFachmagazin","article_published_time":"2022-12-09T10:55:47+00:00","og_image":[{"width":680,"height":496,"url":"https:\/\/www.organisator.ch\/wp-content\/uploads\/2022\/12\/Die-Konkurswelle-trifft-die-Schweiz-mit-voller-Wucht-1_Organisator.jpg","type":"image\/jpeg"}],"author":"thomas.berner","twitter_card":"summary_large_image","twitter_title":"Die #Konkurswelle trifft die Schweiz mit voller Wucht","twitter_description":"Gem\u00e4ss einer Analyse von #Creditreform rollt die #Konkurswelle mit unverminderter H\u00e4rte weiter. Es gab um \u00fcber 9 Prozent mehr #Insolvenzen.","twitter_image":"https:\/\/www.organisator.ch\/wp-content\/uploads\/2022\/12\/Die-Konkurswelle-trifft-die-Schweiz-mit-voller-Wucht-1_Organisator.jpg","schema":{"@context":"https:\/\/schema.org","@graph":[{"@type":"Article","@id":"https:\/\/www.organisator.ch\/management\/finanzen_recht\/2022-12-09\/die-konkurswelle-trifft-die-schweiz-mit-voller-wucht\/#article","isPartOf":{"@id":"https:\/\/www.organisator.ch\/management\/finanzen_recht\/2022-12-09\/die-konkurswelle-trifft-die-schweiz-mit-voller-wucht\/"},"author":{"name":"thomas.berner","@id":"https:\/\/www.organisator.ch\/#\/schema\/person\/6f650f90b2842cd4c0cc334b4e36f67e"},"headline":"Die Konkurswelle trifft die Schweiz mit voller Wucht","datePublished":"2022-12-09T10:55:47+00:00","mainEntityOfPage":{"@id":"https:\/\/www.organisator.ch\/management\/finanzen_recht\/2022-12-09\/die-konkurswelle-trifft-die-schweiz-mit-voller-wucht\/"},"wordCount":468,"publisher":{"@id":"https:\/\/www.organisator.ch\/#organization"},"image":{"@id":"https:\/\/www.organisator.ch\/management\/finanzen_recht\/2022-12-09\/die-konkurswelle-trifft-die-schweiz-mit-voller-wucht\/#primaryimage"},"thumbnailUrl":"https:\/\/www.organisator.ch\/wp-content\/uploads\/2022\/12\/Die-Konkurswelle-trifft-die-Schweiz-mit-voller-Wucht-1_Organisator.jpg","keywords":["Finanzen\/Recht","Konkurse","Management und Unternehmensf\u00fchrung"],"articleSection":["FINANZEN\/RECHT"],"inLanguage":"en-US"},{"@type":"WebPage","@id":"https:\/\/www.organisator.ch\/management\/finanzen_recht\/2022-12-09\/die-konkurswelle-trifft-die-schweiz-mit-voller-wucht\/","url":"https:\/\/www.organisator.ch\/management\/finanzen_recht\/2022-12-09\/die-konkurswelle-trifft-die-schweiz-mit-voller-wucht\/","name":"The wave of bankruptcies hits Switzerland with full force - Organizer","isPartOf":{"@id":"https:\/\/www.organisator.ch\/#website"},"primaryImageOfPage":{"@id":"https:\/\/www.organisator.ch\/management\/finanzen_recht\/2022-12-09\/die-konkurswelle-trifft-die-schweiz-mit-voller-wucht\/#primaryimage"},"image":{"@id":"https:\/\/www.organisator.ch\/management\/finanzen_recht\/2022-12-09\/die-konkurswelle-trifft-die-schweiz-mit-voller-wucht\/#primaryimage"},"thumbnailUrl":"https:\/\/www.organisator.ch\/wp-content\/uploads\/2022\/12\/Die-Konkurswelle-trifft-die-Schweiz-mit-voller-Wucht-1_Organisator.jpg","datePublished":"2022-12-09T10:55:47+00:00","description":"According to an analysis by Creditreform, the wave of bankruptcies continues to roll with undiminished force. There were over 9 percent more insolvencies.","breadcrumb":{"@id":"https:\/\/www.organisator.ch\/management\/finanzen_recht\/2022-12-09\/die-konkurswelle-trifft-die-schweiz-mit-voller-wucht\/#breadcrumb"},"inLanguage":"en-US","potentialAction":[{"@type":"ReadAction","target":["https:\/\/www.organisator.ch\/management\/finanzen_recht\/2022-12-09\/die-konkurswelle-trifft-die-schweiz-mit-voller-wucht\/"]}]},{"@type":"ImageObject","inLanguage":"en-US","@id":"https:\/\/www.organisator.ch\/management\/finanzen_recht\/2022-12-09\/die-konkurswelle-trifft-die-schweiz-mit-voller-wucht\/#primaryimage","url":"https:\/\/www.organisator.ch\/wp-content\/uploads\/2022\/12\/Die-Konkurswelle-trifft-die-Schweiz-mit-voller-Wucht-1_Organisator.jpg","contentUrl":"https:\/\/www.organisator.ch\/wp-content\/uploads\/2022\/12\/Die-Konkurswelle-trifft-die-Schweiz-mit-voller-Wucht-1_Organisator.jpg","width":680,"height":496,"caption":"Gl\u00e4ubiger stehen im Regen: Die Konkurswelle rollt unaufh\u00f6rlich weiter. (Bild: Pixabay.com)"},{"@type":"BreadcrumbList","@id":"https:\/\/www.organisator.ch\/management\/finanzen_recht\/2022-12-09\/die-konkurswelle-trifft-die-schweiz-mit-voller-wucht\/#breadcrumb","itemListElement":[{"@type":"ListItem","position":1,"name":"Home","item":"https:\/\/www.organisator.ch\/"},{"@type":"ListItem","position":2,"name":"Die Konkurswelle trifft die Schweiz mit voller Wucht"}]},{"@type":"WebSite","@id":"https:\/\/www.organisator.ch\/#website","url":"https:\/\/www.organisator.ch\/","name":"Organizer","description":"Competent. Practical. In 10 issues per year, ORGANISATOR presents the essential topics for managers of SMEs.","publisher":{"@id":"https:\/\/www.organisator.ch\/#organization"},"potentialAction":[{"@type":"SearchAction","target":{"@type":"EntryPoint","urlTemplate":"https:\/\/www.organisator.ch\/?s={search_term_string}"},"query-input":{"@type":"PropertyValueSpecification","valueRequired":true,"valueName":"search_term_string"}}],"inLanguage":"en-US"},{"@type":"Organization","@id":"https:\/\/www.organisator.ch\/#organization","name":"Organizer","url":"https:\/\/www.organisator.ch\/","logo":{"@type":"ImageObject","inLanguage":"en-US","@id":"https:\/\/www.organisator.ch\/#\/schema\/logo\/image\/","url":"https:\/\/www.organisator.ch\/wp-content\/uploads\/2022\/01\/Logo_Organisator_Website.png","contentUrl":"https:\/\/www.organisator.ch\/wp-content\/uploads\/2022\/01\/Logo_Organisator_Website.png","width":800,"height":77,"caption":"Organisator"},"image":{"@id":"https:\/\/www.organisator.ch\/#\/schema\/logo\/image\/"},"sameAs":["https:\/\/www.facebook.com\/OrganisatorFachmagazin","https:\/\/www.linkedin.com\/showcase\/organisator-das-magazin-fr-kmu","https:\/\/www.xing.com\/news\/pages\/organisator-ch-695","https:\/\/www.youtube.com\/channel\/UCGP2Sq0iWaZwT3BdIAQFYpw"]},{"@type":"Person","@id":"https:\/\/www.organisator.ch\/#\/schema\/person\/6f650f90b2842cd4c0cc334b4e36f67e","name":"thomas.berner","image":{"@type":"ImageObject","inLanguage":"en-US","@id":"https:\/\/secure.gravatar.com\/avatar\/ac5001d2a36cb6c6cd3e50789007ffca834b477b74a2144564522e944eabff61?s=96&d=mm&r=g","url":"https:\/\/secure.gravatar.com\/avatar\/ac5001d2a36cb6c6cd3e50789007ffca834b477b74a2144564522e944eabff61?s=96&d=mm&r=g","contentUrl":"https:\/\/secure.gravatar.com\/avatar\/ac5001d2a36cb6c6cd3e50789007ffca834b477b74a2144564522e944eabff61?s=96&d=mm&r=g","caption":"thomas.berner"},"url":"https:\/\/www.organisator.ch\/en\/author\/thomas-berner\/"}]}},"_links":{"self":[{"href":"https:\/\/www.organisator.ch\/en\/wp-json\/wp\/v2\/posts\/18213","targetHints":{"allow":["GET"]}}],"collection":[{"href":"https:\/\/www.organisator.ch\/en\/wp-json\/wp\/v2\/posts"}],"about":[{"href":"https:\/\/www.organisator.ch\/en\/wp-json\/wp\/v2\/types\/post"}],"author":[{"embeddable":true,"href":"https:\/\/www.organisator.ch\/en\/wp-json\/wp\/v2\/users\/4"}],"replies":[{"embeddable":true,"href":"https:\/\/www.organisator.ch\/en\/wp-json\/wp\/v2\/comments?post=18213"}],"version-history":[{"count":1,"href":"https:\/\/www.organisator.ch\/en\/wp-json\/wp\/v2\/posts\/18213\/revisions"}],"predecessor-version":[{"id":18216,"href":"https:\/\/www.organisator.ch\/en\/wp-json\/wp\/v2\/posts\/18213\/revisions\/18216"}],"wp:featuredmedia":[{"embeddable":true,"href":"https:\/\/www.organisator.ch\/en\/wp-json\/wp\/v2\/media\/18214"}],"wp:attachment":[{"href":"https:\/\/www.organisator.ch\/en\/wp-json\/wp\/v2\/media?parent=18213"}],"wp:term":[{"taxonomy":"category","embeddable":true,"href":"https:\/\/www.organisator.ch\/en\/wp-json\/wp\/v2\/categories?post=18213"},{"taxonomy":"post_tag","embeddable":true,"href":"https:\/\/www.organisator.ch\/en\/wp-json\/wp\/v2\/tags?post=18213"}],"curies":[{"name":"wp","href":"https:\/\/api.w.org\/{rel}","templated":true}]}}