{"id":18238,"date":"2022-12-12T11:59:10","date_gmt":"2022-12-12T10:59:10","guid":{"rendered":"https:\/\/www.organisator.ch\/?p=18238"},"modified":"2022-12-12T11:59:10","modified_gmt":"2022-12-12T10:59:10","slug":"alpensymposium-neustart-auf-2024-verschoben","status":"publish","type":"post","link":"https:\/\/www.organisator.ch\/en\/marketing\/2022-12-12\/alpensymposium-neustart-auf-2024-verschoben\/","title":{"rendered":"Alpine Symposium: New start postponed to 2024"},"content":{"rendered":"<figure id=\"attachment_18239\" aria-describedby=\"caption-attachment-18239\" style=\"width: 680px\" class=\"wp-caption alignnone\"><img loading=\"lazy\" decoding=\"async\" class=\"size-full wp-image-18239\" src=\"https:\/\/www.organisator.ch\/wp-content\/uploads\/2022\/12\/Alpensymposium-Neustart-auf-2024-verschoben_Organisator.jpg\" alt=\"\" width=\"680\" height=\"385\" srcset=\"https:\/\/www.organisator.ch\/wp-content\/uploads\/2022\/12\/Alpensymposium-Neustart-auf-2024-verschoben_Organisator.jpg 680w, https:\/\/www.organisator.ch\/wp-content\/uploads\/2022\/12\/Alpensymposium-Neustart-auf-2024-verschoben_Organisator-18x10.jpg 18w, https:\/\/www.organisator.ch\/wp-content\/uploads\/2022\/12\/Alpensymposium-Neustart-auf-2024-verschoben_Organisator-375x212.jpg 375w, https:\/\/www.organisator.ch\/wp-content\/uploads\/2022\/12\/Alpensymposium-Neustart-auf-2024-verschoben_Organisator-618x350.jpg 618w\" sizes=\"auto, (max-width: 680px) 100vw, 680px\" \/><figcaption id=\"caption-attachment-18239\" class=\"wp-caption-text\">The 18th Alpine Symposium will be postponed to January 30\/31, 2024. (Image: alpensymposium.ch)<\/figcaption><\/figure>\n<p>As our medium has already reported in its print edition, the Alpine Symposium is making a comeback with new impulses, space and time for contacts, discussions and experiences. The highly regarded event was originally launched by Oliver Stoldt in Grindelwald and under his aegis has evolved into a high-profile event with 17 runs. Stoldt has since handed over the reins to Act Entertainment. But even under the new leadership, the Alpine Symposium is intended to provide an opportunity for the exchange of trends and topics, insights and ideas on economic and social challenges. Last but not least, the event is always a welcome networking opportunity, about which we <a href=\"https:\/\/www.organisator.ch\/de\/management\/2020-01-16\/viele-highlights-am-neuen-alten-alpensymposium-2020\/\">reported here repeatedly in the past<\/a> have<\/p>\n<p>Originally, the new start was to take place on January 10 and 11, 2023, at the usual venue in the Hotel Jungfrau Victoria Interlaken. However, due to scheduling conflicts and at the request of partners, the organizers now feel compelled to postpone the restart of the 18th Alpine Symposium by one year to January 30-31, 2024. The tickets purchased will retain their validity. The program concept will be retained, but the organizers reserve the right to adapt part of the speaker line-up to current events. Prominent names such as former world chess champion Garry Kasparov, economist and women's rights activist Zarifa Ghafari, and business personalities such as Daniel Bloch, Daniela Landherr, Urs Kessler, and Marc Trauffer have already been announced as speakers.<\/p>\n<p><a href=\"https:\/\/alpensymposium.ch\/\"><em>More information<\/em><\/a><\/p>","protected":false},"excerpt":{"rendered":"<p>Wie auch unser Medium in seiner Printausgabe bereits berichtet hat, gibt es f\u00fcr das Alpensymposium ein Comeback mit neuen Impulsen Raum und Zeit f\u00fcr Kontakte, Gespr\u00e4che und Erlebnisse. Der viel beachtete Anlass wurde urspr\u00fcnglich von Oliver Stoldt in Grindelwald ins Leben gerufen und hat sich unter seiner \u00c4gide mit 17 Durchf\u00fchrungen zu einem hochkar\u00e4tigen Event [&hellip;]<\/p>\n","protected":false},"author":4,"featured_media":18239,"comment_status":"closed","ping_status":"closed","sticky":false,"template":"","format":"standard","meta":{"_acf_changed":false,"_yoast_wpseo_focuskw":"Alpensymposium","_yoast_wpseo_metadesc":"Das Alpensymposium, urspr\u00fcnglich geplant f\u00fcr den 10. und 11. Januar 2023, verschiebt den Neustart auf den 30.\/31. Januar 2024.","articlekey":"","footnotes":""},"categories":[29],"tags":[3556,193],"class_list":["post-18238","post","type-post","status-publish","format-standard","has-post-thumbnail","hentry","category-marketing","tag-alpensymposium","tag-fachkongressfachmesse"],"acf":[],"yoast_head":"<!-- This site is optimized with the Yoast SEO plugin v27.5 - https:\/\/yoast.com\/product\/yoast-seo-wordpress\/ -->\n<title>Alpensymposium: Neustart auf 2024 verschoben - Organisator<\/title>\n<meta name=\"description\" content=\"Das Alpensymposium, urspr\u00fcnglich geplant f\u00fcr den 10. und 11. Januar 2023, verschiebt den Neustart auf den 30.\/31. Januar 2024.\" \/>\n<meta name=\"robots\" content=\"index, follow, max-snippet:-1, max-image-preview:large, max-video-preview:-1\" \/>\n<link rel=\"canonical\" href=\"https:\/\/www.organisator.ch\/en\/marketing\/2022-12-12\/alpensymposium-neustart-auf-2024-verschoben\/\" \/>\n<meta property=\"og:locale\" content=\"en_US\" \/>\n<meta property=\"og:type\" content=\"article\" \/>\n<meta property=\"og:title\" content=\"Alpensymposium: Neustart auf 2024 verschoben - Organisator\" \/>\n<meta property=\"og:description\" content=\"Das Alpensymposium, urspr\u00fcnglich geplant f\u00fcr den 10. und 11. Januar 2023, verschiebt den Neustart auf den 30.\/31. Januar 2024.\" \/>\n<meta property=\"og:url\" content=\"https:\/\/www.organisator.ch\/en\/marketing\/2022-12-12\/alpensymposium-neustart-auf-2024-verschoben\/\" \/>\n<meta property=\"og:site_name\" content=\"Organisator\" \/>\n<meta property=\"article:publisher\" content=\"https:\/\/www.facebook.com\/OrganisatorFachmagazin\" \/>\n<meta property=\"article:published_time\" content=\"2022-12-12T10:59:10+00:00\" \/>\n<meta property=\"og:image\" content=\"https:\/\/www.organisator.ch\/wp-content\/uploads\/2022\/12\/Alpensymposium-Neustart-auf-2024-verschoben_Organisator.jpg\" \/>\n\t<meta property=\"og:image:width\" content=\"680\" \/>\n\t<meta property=\"og:image:height\" content=\"385\" \/>\n\t<meta property=\"og:image:type\" content=\"image\/jpeg\" \/>\n<meta name=\"author\" content=\"thomas.berner\" \/>\n<meta name=\"twitter:card\" content=\"summary_large_image\" \/>\n<script type=\"application\/ld+json\" class=\"yoast-schema-graph\">{\"@context\":\"https:\\\/\\\/schema.org\",\"@graph\":[{\"@type\":\"Article\",\"@id\":\"https:\\\/\\\/www.organisator.ch\\\/marketing\\\/2022-12-12\\\/alpensymposium-neustart-auf-2024-verschoben\\\/#article\",\"isPartOf\":{\"@id\":\"https:\\\/\\\/www.organisator.ch\\\/marketing\\\/2022-12-12\\\/alpensymposium-neustart-auf-2024-verschoben\\\/\"},\"author\":{\"name\":\"thomas.berner\",\"@id\":\"https:\\\/\\\/www.organisator.ch\\\/#\\\/schema\\\/person\\\/6f650f90b2842cd4c0cc334b4e36f67e\"},\"headline\":\"Alpensymposium: Neustart auf 2024 verschoben\",\"datePublished\":\"2022-12-12T10:59:10+00:00\",\"mainEntityOfPage\":{\"@id\":\"https:\\\/\\\/www.organisator.ch\\\/marketing\\\/2022-12-12\\\/alpensymposium-neustart-auf-2024-verschoben\\\/\"},\"wordCount\":244,\"publisher\":{\"@id\":\"https:\\\/\\\/www.organisator.ch\\\/#organization\"},\"image\":{\"@id\":\"https:\\\/\\\/www.organisator.ch\\\/marketing\\\/2022-12-12\\\/alpensymposium-neustart-auf-2024-verschoben\\\/#primaryimage\"},\"thumbnailUrl\":\"https:\\\/\\\/www.organisator.ch\\\/wp-content\\\/uploads\\\/2022\\\/12\\\/Alpensymposium-Neustart-auf-2024-verschoben_Organisator.jpg\",\"keywords\":[\"Alpensymposium\",\"Fachkongress\\\/Fachmesse\"],\"articleSection\":[\"MARKETING\"],\"inLanguage\":\"en-US\"},{\"@type\":\"WebPage\",\"@id\":\"https:\\\/\\\/www.organisator.ch\\\/marketing\\\/2022-12-12\\\/alpensymposium-neustart-auf-2024-verschoben\\\/\",\"url\":\"https:\\\/\\\/www.organisator.ch\\\/marketing\\\/2022-12-12\\\/alpensymposium-neustart-auf-2024-verschoben\\\/\",\"name\":\"Alpensymposium: Neustart auf 2024 verschoben - Organisator\",\"isPartOf\":{\"@id\":\"https:\\\/\\\/www.organisator.ch\\\/#website\"},\"primaryImageOfPage\":{\"@id\":\"https:\\\/\\\/www.organisator.ch\\\/marketing\\\/2022-12-12\\\/alpensymposium-neustart-auf-2024-verschoben\\\/#primaryimage\"},\"image\":{\"@id\":\"https:\\\/\\\/www.organisator.ch\\\/marketing\\\/2022-12-12\\\/alpensymposium-neustart-auf-2024-verschoben\\\/#primaryimage\"},\"thumbnailUrl\":\"https:\\\/\\\/www.organisator.ch\\\/wp-content\\\/uploads\\\/2022\\\/12\\\/Alpensymposium-Neustart-auf-2024-verschoben_Organisator.jpg\",\"datePublished\":\"2022-12-12T10:59:10+00:00\",\"description\":\"Das Alpensymposium, urspr\u00fcnglich geplant f\u00fcr den 10. und 11. Januar 2023, verschiebt den Neustart auf den 30.\\\/31. Januar 2024.\",\"breadcrumb\":{\"@id\":\"https:\\\/\\\/www.organisator.ch\\\/marketing\\\/2022-12-12\\\/alpensymposium-neustart-auf-2024-verschoben\\\/#breadcrumb\"},\"inLanguage\":\"en-US\",\"potentialAction\":[{\"@type\":\"ReadAction\",\"target\":[\"https:\\\/\\\/www.organisator.ch\\\/marketing\\\/2022-12-12\\\/alpensymposium-neustart-auf-2024-verschoben\\\/\"]}]},{\"@type\":\"ImageObject\",\"inLanguage\":\"en-US\",\"@id\":\"https:\\\/\\\/www.organisator.ch\\\/marketing\\\/2022-12-12\\\/alpensymposium-neustart-auf-2024-verschoben\\\/#primaryimage\",\"url\":\"https:\\\/\\\/www.organisator.ch\\\/wp-content\\\/uploads\\\/2022\\\/12\\\/Alpensymposium-Neustart-auf-2024-verschoben_Organisator.jpg\",\"contentUrl\":\"https:\\\/\\\/www.organisator.ch\\\/wp-content\\\/uploads\\\/2022\\\/12\\\/Alpensymposium-Neustart-auf-2024-verschoben_Organisator.jpg\",\"width\":680,\"height\":385,\"caption\":\"Das 18. Alpensymposium wird auf den 30.\\\/31. Januar 2024 verschoben. (Bild: alpensymposium.ch)\"},{\"@type\":\"BreadcrumbList\",\"@id\":\"https:\\\/\\\/www.organisator.ch\\\/marketing\\\/2022-12-12\\\/alpensymposium-neustart-auf-2024-verschoben\\\/#breadcrumb\",\"itemListElement\":[{\"@type\":\"ListItem\",\"position\":1,\"name\":\"Home\",\"item\":\"https:\\\/\\\/www.organisator.ch\\\/\"},{\"@type\":\"ListItem\",\"position\":2,\"name\":\"Alpensymposium: Neustart auf 2024 verschoben\"}]},{\"@type\":\"WebSite\",\"@id\":\"https:\\\/\\\/www.organisator.ch\\\/#website\",\"url\":\"https:\\\/\\\/www.organisator.ch\\\/\",\"name\":\"Organisator\",\"description\":\"Kompetent. Praxisnah. Der ORGANISATOR bereitet in 10 Ausgaben pro Jahr die wesentlichen Themen f\u00fcr F\u00fchrungskr\u00e4fte von KMU auf.\",\"publisher\":{\"@id\":\"https:\\\/\\\/www.organisator.ch\\\/#organization\"},\"potentialAction\":[{\"@type\":\"SearchAction\",\"target\":{\"@type\":\"EntryPoint\",\"urlTemplate\":\"https:\\\/\\\/www.organisator.ch\\\/?s={search_term_string}\"},\"query-input\":{\"@type\":\"PropertyValueSpecification\",\"valueRequired\":true,\"valueName\":\"search_term_string\"}}],\"inLanguage\":\"en-US\"},{\"@type\":\"Organization\",\"@id\":\"https:\\\/\\\/www.organisator.ch\\\/#organization\",\"name\":\"Organisator\",\"url\":\"https:\\\/\\\/www.organisator.ch\\\/\",\"logo\":{\"@type\":\"ImageObject\",\"inLanguage\":\"en-US\",\"@id\":\"https:\\\/\\\/www.organisator.ch\\\/#\\\/schema\\\/logo\\\/image\\\/\",\"url\":\"https:\\\/\\\/www.organisator.ch\\\/wp-content\\\/uploads\\\/2022\\\/01\\\/Logo_Organisator_Website.png\",\"contentUrl\":\"https:\\\/\\\/www.organisator.ch\\\/wp-content\\\/uploads\\\/2022\\\/01\\\/Logo_Organisator_Website.png\",\"width\":800,\"height\":77,\"caption\":\"Organisator\"},\"image\":{\"@id\":\"https:\\\/\\\/www.organisator.ch\\\/#\\\/schema\\\/logo\\\/image\\\/\"},\"sameAs\":[\"https:\\\/\\\/www.facebook.com\\\/OrganisatorFachmagazin\",\"https:\\\/\\\/www.linkedin.com\\\/showcase\\\/organisator-das-magazin-fr-kmu\",\"https:\\\/\\\/www.xing.com\\\/news\\\/pages\\\/organisator-ch-695\",\"https:\\\/\\\/www.youtube.com\\\/channel\\\/UCGP2Sq0iWaZwT3BdIAQFYpw\"]},{\"@type\":\"Person\",\"@id\":\"https:\\\/\\\/www.organisator.ch\\\/#\\\/schema\\\/person\\\/6f650f90b2842cd4c0cc334b4e36f67e\",\"name\":\"thomas.berner\",\"image\":{\"@type\":\"ImageObject\",\"inLanguage\":\"en-US\",\"@id\":\"https:\\\/\\\/secure.gravatar.com\\\/avatar\\\/ac5001d2a36cb6c6cd3e50789007ffca834b477b74a2144564522e944eabff61?s=96&d=mm&r=g\",\"url\":\"https:\\\/\\\/secure.gravatar.com\\\/avatar\\\/ac5001d2a36cb6c6cd3e50789007ffca834b477b74a2144564522e944eabff61?s=96&d=mm&r=g\",\"contentUrl\":\"https:\\\/\\\/secure.gravatar.com\\\/avatar\\\/ac5001d2a36cb6c6cd3e50789007ffca834b477b74a2144564522e944eabff61?s=96&d=mm&r=g\",\"caption\":\"thomas.berner\"},\"url\":\"https:\\\/\\\/www.organisator.ch\\\/en\\\/author\\\/thomas-berner\\\/\"}]}<\/script>\n<!-- \/ Yoast SEO plugin. -->","yoast_head_json":{"title":"Alpine Symposium: New start postponed to 2024 - Organizer","description":"The Alpine Symposium, originally scheduled for Jan. 10-11, 2023, is rescheduling for Jan. 30-31, 2024.","robots":{"index":"index","follow":"follow","max-snippet":"max-snippet:-1","max-image-preview":"max-image-preview:large","max-video-preview":"max-video-preview:-1"},"canonical":"https:\/\/www.organisator.ch\/en\/marketing\/2022-12-12\/alpensymposium-neustart-auf-2024-verschoben\/","og_locale":"en_US","og_type":"article","og_title":"Alpensymposium: Neustart auf 2024 verschoben - Organisator","og_description":"Das Alpensymposium, urspr\u00fcnglich geplant f\u00fcr den 10. und 11. Januar 2023, verschiebt den Neustart auf den 30.\/31. Januar 2024.","og_url":"https:\/\/www.organisator.ch\/en\/marketing\/2022-12-12\/alpensymposium-neustart-auf-2024-verschoben\/","og_site_name":"Organisator","article_publisher":"https:\/\/www.facebook.com\/OrganisatorFachmagazin","article_published_time":"2022-12-12T10:59:10+00:00","og_image":[{"width":680,"height":385,"url":"https:\/\/www.organisator.ch\/wp-content\/uploads\/2022\/12\/Alpensymposium-Neustart-auf-2024-verschoben_Organisator.jpg","type":"image\/jpeg"}],"author":"thomas.berner","twitter_card":"summary_large_image","schema":{"@context":"https:\/\/schema.org","@graph":[{"@type":"Article","@id":"https:\/\/www.organisator.ch\/marketing\/2022-12-12\/alpensymposium-neustart-auf-2024-verschoben\/#article","isPartOf":{"@id":"https:\/\/www.organisator.ch\/marketing\/2022-12-12\/alpensymposium-neustart-auf-2024-verschoben\/"},"author":{"name":"thomas.berner","@id":"https:\/\/www.organisator.ch\/#\/schema\/person\/6f650f90b2842cd4c0cc334b4e36f67e"},"headline":"Alpensymposium: Neustart auf 2024 verschoben","datePublished":"2022-12-12T10:59:10+00:00","mainEntityOfPage":{"@id":"https:\/\/www.organisator.ch\/marketing\/2022-12-12\/alpensymposium-neustart-auf-2024-verschoben\/"},"wordCount":244,"publisher":{"@id":"https:\/\/www.organisator.ch\/#organization"},"image":{"@id":"https:\/\/www.organisator.ch\/marketing\/2022-12-12\/alpensymposium-neustart-auf-2024-verschoben\/#primaryimage"},"thumbnailUrl":"https:\/\/www.organisator.ch\/wp-content\/uploads\/2022\/12\/Alpensymposium-Neustart-auf-2024-verschoben_Organisator.jpg","keywords":["Alpensymposium","Fachkongress\/Fachmesse"],"articleSection":["MARKETING"],"inLanguage":"en-US"},{"@type":"WebPage","@id":"https:\/\/www.organisator.ch\/marketing\/2022-12-12\/alpensymposium-neustart-auf-2024-verschoben\/","url":"https:\/\/www.organisator.ch\/marketing\/2022-12-12\/alpensymposium-neustart-auf-2024-verschoben\/","name":"Alpine Symposium: New start postponed to 2024 - Organizer","isPartOf":{"@id":"https:\/\/www.organisator.ch\/#website"},"primaryImageOfPage":{"@id":"https:\/\/www.organisator.ch\/marketing\/2022-12-12\/alpensymposium-neustart-auf-2024-verschoben\/#primaryimage"},"image":{"@id":"https:\/\/www.organisator.ch\/marketing\/2022-12-12\/alpensymposium-neustart-auf-2024-verschoben\/#primaryimage"},"thumbnailUrl":"https:\/\/www.organisator.ch\/wp-content\/uploads\/2022\/12\/Alpensymposium-Neustart-auf-2024-verschoben_Organisator.jpg","datePublished":"2022-12-12T10:59:10+00:00","description":"The Alpine Symposium, originally scheduled for Jan. 10-11, 2023, is rescheduling for Jan. 30-31, 2024.","breadcrumb":{"@id":"https:\/\/www.organisator.ch\/marketing\/2022-12-12\/alpensymposium-neustart-auf-2024-verschoben\/#breadcrumb"},"inLanguage":"en-US","potentialAction":[{"@type":"ReadAction","target":["https:\/\/www.organisator.ch\/marketing\/2022-12-12\/alpensymposium-neustart-auf-2024-verschoben\/"]}]},{"@type":"ImageObject","inLanguage":"en-US","@id":"https:\/\/www.organisator.ch\/marketing\/2022-12-12\/alpensymposium-neustart-auf-2024-verschoben\/#primaryimage","url":"https:\/\/www.organisator.ch\/wp-content\/uploads\/2022\/12\/Alpensymposium-Neustart-auf-2024-verschoben_Organisator.jpg","contentUrl":"https:\/\/www.organisator.ch\/wp-content\/uploads\/2022\/12\/Alpensymposium-Neustart-auf-2024-verschoben_Organisator.jpg","width":680,"height":385,"caption":"Das 18. Alpensymposium wird auf den 30.\/31. Januar 2024 verschoben. (Bild: alpensymposium.ch)"},{"@type":"BreadcrumbList","@id":"https:\/\/www.organisator.ch\/marketing\/2022-12-12\/alpensymposium-neustart-auf-2024-verschoben\/#breadcrumb","itemListElement":[{"@type":"ListItem","position":1,"name":"Home","item":"https:\/\/www.organisator.ch\/"},{"@type":"ListItem","position":2,"name":"Alpensymposium: Neustart auf 2024 verschoben"}]},{"@type":"WebSite","@id":"https:\/\/www.organisator.ch\/#website","url":"https:\/\/www.organisator.ch\/","name":"Organizer","description":"Competent. Practical. In 10 issues per year, ORGANISATOR presents the essential topics for managers of SMEs.","publisher":{"@id":"https:\/\/www.organisator.ch\/#organization"},"potentialAction":[{"@type":"SearchAction","target":{"@type":"EntryPoint","urlTemplate":"https:\/\/www.organisator.ch\/?s={search_term_string}"},"query-input":{"@type":"PropertyValueSpecification","valueRequired":true,"valueName":"search_term_string"}}],"inLanguage":"en-US"},{"@type":"Organization","@id":"https:\/\/www.organisator.ch\/#organization","name":"Organizer","url":"https:\/\/www.organisator.ch\/","logo":{"@type":"ImageObject","inLanguage":"en-US","@id":"https:\/\/www.organisator.ch\/#\/schema\/logo\/image\/","url":"https:\/\/www.organisator.ch\/wp-content\/uploads\/2022\/01\/Logo_Organisator_Website.png","contentUrl":"https:\/\/www.organisator.ch\/wp-content\/uploads\/2022\/01\/Logo_Organisator_Website.png","width":800,"height":77,"caption":"Organisator"},"image":{"@id":"https:\/\/www.organisator.ch\/#\/schema\/logo\/image\/"},"sameAs":["https:\/\/www.facebook.com\/OrganisatorFachmagazin","https:\/\/www.linkedin.com\/showcase\/organisator-das-magazin-fr-kmu","https:\/\/www.xing.com\/news\/pages\/organisator-ch-695","https:\/\/www.youtube.com\/channel\/UCGP2Sq0iWaZwT3BdIAQFYpw"]},{"@type":"Person","@id":"https:\/\/www.organisator.ch\/#\/schema\/person\/6f650f90b2842cd4c0cc334b4e36f67e","name":"thomas.berner","image":{"@type":"ImageObject","inLanguage":"en-US","@id":"https:\/\/secure.gravatar.com\/avatar\/ac5001d2a36cb6c6cd3e50789007ffca834b477b74a2144564522e944eabff61?s=96&d=mm&r=g","url":"https:\/\/secure.gravatar.com\/avatar\/ac5001d2a36cb6c6cd3e50789007ffca834b477b74a2144564522e944eabff61?s=96&d=mm&r=g","contentUrl":"https:\/\/secure.gravatar.com\/avatar\/ac5001d2a36cb6c6cd3e50789007ffca834b477b74a2144564522e944eabff61?s=96&d=mm&r=g","caption":"thomas.berner"},"url":"https:\/\/www.organisator.ch\/en\/author\/thomas-berner\/"}]}},"_links":{"self":[{"href":"https:\/\/www.organisator.ch\/en\/wp-json\/wp\/v2\/posts\/18238","targetHints":{"allow":["GET"]}}],"collection":[{"href":"https:\/\/www.organisator.ch\/en\/wp-json\/wp\/v2\/posts"}],"about":[{"href":"https:\/\/www.organisator.ch\/en\/wp-json\/wp\/v2\/types\/post"}],"author":[{"embeddable":true,"href":"https:\/\/www.organisator.ch\/en\/wp-json\/wp\/v2\/users\/4"}],"replies":[{"embeddable":true,"href":"https:\/\/www.organisator.ch\/en\/wp-json\/wp\/v2\/comments?post=18238"}],"version-history":[{"count":1,"href":"https:\/\/www.organisator.ch\/en\/wp-json\/wp\/v2\/posts\/18238\/revisions"}],"predecessor-version":[{"id":18240,"href":"https:\/\/www.organisator.ch\/en\/wp-json\/wp\/v2\/posts\/18238\/revisions\/18240"}],"wp:featuredmedia":[{"embeddable":true,"href":"https:\/\/www.organisator.ch\/en\/wp-json\/wp\/v2\/media\/18239"}],"wp:attachment":[{"href":"https:\/\/www.organisator.ch\/en\/wp-json\/wp\/v2\/media?parent=18238"}],"wp:term":[{"taxonomy":"category","embeddable":true,"href":"https:\/\/www.organisator.ch\/en\/wp-json\/wp\/v2\/categories?post=18238"},{"taxonomy":"post_tag","embeddable":true,"href":"https:\/\/www.organisator.ch\/en\/wp-json\/wp\/v2\/tags?post=18238"}],"curies":[{"name":"wp","href":"https:\/\/api.w.org\/{rel}","templated":true}]}}