{"id":18255,"date":"2022-12-13T10:51:59","date_gmt":"2022-12-13T09:51:59","guid":{"rendered":"https:\/\/www.m-q.ch\/?p=17333"},"modified":"2024-11-19T14:02:59","modified_gmt":"2024-11-19T13:02:59","slug":"was-ceos-von-disaster-recovery-ueberzeugt","status":"publish","type":"post","link":"https:\/\/www.organisator.ch\/en\/operational-excellence\/2022-12-13\/was-ceos-von-disaster-recovery-ueberzeugt\/","title":{"rendered":"What convinces CEOs of disaster recovery"},"content":{"rendered":"<figure id=\"attachment_17334\" class=\"wp-caption alignnone\" style=\"width: 680px\" aria-describedby=\"caption-attachment-17334\"><img class=\"alignnone wp-image-17334 size-full\" src=\"https:\/\/www.m-q.ch\/wp-content\/uploads\/2022\/12\/Was-CEOs-von-Disaster-Recovery-ueberzeugt_MQ.jpg\" alt=\"Disaster Recovery\" width=\"680\" height=\"512\" \/>\r\n<figcaption id=\"caption-attachment-17334\" class=\"wp-caption-text\">Arcserve's Florian Malecki notes that many CEOs are going without a disaster recovery and disaster recovery strategy. (Image: Arcserve)<\/figcaption>\r\n<\/figure>\r\n<p>Most companies still do not have a comprehensive program for disaster recovery, i.e. for restoring systems and data in the event of a disaster - even though they are exposed to various serious risks, such as natural disasters or cyber attacks. And they thus bear the risk of all impacts due to data loss or downtime, including <a href=\"https:\/\/trilio.io\/wp-content\/uploads\/2022\/08\/true-Cost-of-Downtime-infographic.pdf\">Loss of revenue, cost of penalties and fines, and damage to the corporate brand<\/a>.<\/p>\r\n<p>Despite the obvious risk and the potentially devastating consequences for the entire business, system houses and managed service providers (MSPs) still have a hard time convincing CEOs that a disaster of any kind is virtually inevitable. Hoping that nothing will happen is not a good plan - especially when proven solutions exist.<\/p>\r\n<p>There are three ways CEOs, managers or senior management can be convinced that they should not only back up their data, but invest in a professional disaster recovery solution:<\/p>\r\n<h3><strong>1. the crucial difference between backup and disaster recovery<\/strong><\/h3>\r\n<p>The chain of reasoning that can be used to convince executives to invest in an appropriate disaster recovery strategy often begins with education. It helps that company management knows the difference between data backup and disaster recovery. Data-only backups create copies of important data that are available in the event the original data is lost or compromised. Backups in the cloud or other secondary environment have proven effective. However, traditional backups are not enough to ensure a quick and complete recovery from a disaster. This is where disaster recovery comes into play. A disaster recovery plan ensures a quick and complete recovery from a disaster of almost any type. It includes a detailed plan that lays out all the steps required for a full recovery while ensuring those steps are carried out. It defines the recovery objectives and establishes measures that not only address IT concerns, but aim to safeguard the entire business and its process chains. In addition, regular tests of the backup copies ensure that the data, systems and process chains can actually be restored. It is important for company management to understand that data protection and backup are only part of a comprehensive disaster recovery plan and do not guarantee business continuity.<\/p>\r\n<h3><strong> It's not about fear, it's about safety<\/strong><\/h3>\r\n<p>Fear can be a strong motivator. But much better is the assurance that there is nothing to be afraid of. With this positive message, CEOs are much easier to convince that disaster recovery and a disaster recovery plan is essential to ensuring business. A disaster recovery plan is an investment that can secure revenue and protect the company's existence. It also provides an opportunity for executives to gain deep insights into every part of the organization to further assess its reliance on digital technology. After all, the ultimate goal is to ensure that the company is always available to its customers, produces efficiently, and ultimately succeeds.<\/p>\r\n<p>In short, initiatives such as disaster recovery and a disaster recovery plan will be approved and supported by senior management when the pros and cons are communicated and understood at the C-level. When systems houses and MSPs provide a detailed overview of potential threats and the aftermath costs of disasters versus the benefits of a comprehensive disaster recovery program, a contract is highly likely to be awarded.<\/p>\r\n<h3><strong> The availability and benefits of DRaaS<\/strong><\/h3>\r\n<p>Many companies have found that assigning internal IT staff to disaster recovery can be problematic. That's because these employees are distracted from their real job of providing essential support for day-to-day business activities. As a result, many CEOs are open to allocating budgets to MSPs rather than burdening internal resources to create, deploy and maintain a disaster recovery plan. A wide range of IT functions that were once handled internally are now provided as a service by external vendors. IT services of all types are labor- and cost-efficient because they do not require investment in new infrastructure, for example.<\/p>\r\n<p>In the event of a disaster where a company's servers, hard drives or other IT components fail, a Disaster Recovery as a Service (DRaaS) partner can quickly step in and restore both the data and the infrastructure. A DRaaS partner ensures that all data is backed up regularly and that a solid plan is in place to get infrastructure back up and running quickly after a disaster. For CEOs, that means peace of mind for their business. With a DRaaS partner, they have peace of mind knowing that experienced professionals are handling all disaster recovery challenges and systematically managing all aspects of recovery. They can rest assured that a disaster won't put the business out of business.<\/p>\r\n<h3><strong>In summary: Disaster recovery needs a strategy<\/strong><\/h3>\r\n<p>No company CEO would drive a car without insurance coverage or buy a house without insurance. And yet, many companies operate their business without a disaster recovery and disaster recovery strategy. Those in charge hope that no disaster will occur, or they ignore the risk. That's not a good strategy, and it's completely unnecessary. That's because today there are plenty of experienced MSPs offering solid solutions and services.<\/p>\r\n<p><em><strong>Author:<br \/>\r\n<\/strong>Florian Malecki is Executive Vice President Marketing of <a href=\"https:\/\/www.arcserve.com\/de\">Arcserve<\/a>, a data protection and business continuity solution provider.<\/em><\/p>\n<p class=\"syndicated-attribution\">This article originally appeared on m-q.ch - <a href=\"https:\/\/www.m-q.ch\/de\/was-ceos-von-disaster-recovery-ueberzeugt\/\" target=\"_blank\">https:\/\/www.m-q.ch\/de\/was-ceos-von-disaster-recovery-ueberzeugt\/<\/a><\/p>","protected":false},"excerpt":{"rendered":"<p>Die meisten Unternehmen haben nach wie vor kein umfassendes Programm f\u00fcr Disaster Recovery, also zur Wiederherstellung der Systeme und Daten im Katastrophenfall \u2013 und das, obwohl sie diversen ernsthaften Risiken, etwa Naturkatastrophen oder Cyberangriffen, ausgesetzt sind. Und sie tragen damit das Risiko aller Auswirkungen durch Datenverlust oder Ausfallzeiten, einschliesslich Umsatzeinbussen, Kosten f\u00fcr Strafen und Bussgelder [\u2026]<\/p>\n","protected":false},"author":8,"featured_media":0,"comment_status":"closed","ping_status":"closed","sticky":false,"template":"","format":"standard","meta":{"_acf_changed":false,"_yoast_wpseo_focuskw":"Disaster Recovery","_yoast_wpseo_metadesc":"Florian Malecki: CEOs untersch\u00e4tzen Disaster-Recovery-Strategien. Essenzielle Pl\u00e4ne sichern Business und reduzieren Risiken.","articlekey":"","footnotes":""},"categories":[582],"tags":[3560,3561],"class_list":["post-18255","post","type-post","status-publish","format-standard","hentry","category-operational-excellence","tag-business-continuity-management","tag-disaster-recovery"],"acf":[],"yoast_head":"<!-- This site is optimized with the Yoast SEO plugin v27.5 - https:\/\/yoast.com\/product\/yoast-seo-wordpress\/ -->\n<title>Was CEOs von Disaster Recovery \u00fcberzeugt - Organisator<\/title>\n<meta name=\"description\" content=\"Florian Malecki: CEOs untersch\u00e4tzen Disaster-Recovery-Strategien. Essenzielle Pl\u00e4ne sichern Business und reduzieren Risiken.\" \/>\n<meta name=\"robots\" content=\"index, follow, max-snippet:-1, max-image-preview:large, max-video-preview:-1\" \/>\n<link rel=\"canonical\" href=\"https:\/\/www.organisator.ch\/en\/operational-excellence\/2022-12-13\/was-ceos-von-disaster-recovery-ueberzeugt\/\" \/>\n<meta property=\"og:locale\" content=\"en_US\" \/>\n<meta property=\"og:type\" content=\"article\" \/>\n<meta property=\"og:title\" content=\"Was CEOs von Disaster Recovery \u00fcberzeugt - Organisator\" \/>\n<meta property=\"og:description\" content=\"Florian Malecki: CEOs untersch\u00e4tzen Disaster-Recovery-Strategien. Essenzielle Pl\u00e4ne sichern Business und reduzieren Risiken.\" \/>\n<meta property=\"og:url\" content=\"https:\/\/www.organisator.ch\/en\/operational-excellence\/2022-12-13\/was-ceos-von-disaster-recovery-ueberzeugt\/\" \/>\n<meta property=\"og:site_name\" content=\"Organisator\" \/>\n<meta property=\"article:publisher\" content=\"https:\/\/www.facebook.com\/OrganisatorFachmagazin\" \/>\n<meta property=\"article:published_time\" content=\"2022-12-13T09:51:59+00:00\" \/>\n<meta property=\"article:modified_time\" content=\"2024-11-19T13:02:59+00:00\" \/>\n<meta name=\"author\" content=\"galledia\" \/>\n<meta name=\"twitter:card\" content=\"summary_large_image\" \/>\n<meta name=\"twitter:creator\" content=\"@admin\" \/>\n<script type=\"application\/ld+json\" class=\"yoast-schema-graph\">{\"@context\":\"https:\\\/\\\/schema.org\",\"@graph\":[{\"@type\":\"Article\",\"@id\":\"https:\\\/\\\/www.organisator.ch\\\/operational-excellence\\\/2022-12-13\\\/was-ceos-von-disaster-recovery-ueberzeugt\\\/#article\",\"isPartOf\":{\"@id\":\"https:\\\/\\\/www.organisator.ch\\\/operational-excellence\\\/2022-12-13\\\/was-ceos-von-disaster-recovery-ueberzeugt\\\/\"},\"author\":{\"name\":\"galledia\",\"@id\":\"https:\\\/\\\/www.organisator.ch\\\/#\\\/schema\\\/person\\\/4e51799071cd2dd1232ac003643ef5f0\"},\"headline\":\"Was CEOs von Disaster Recovery \u00fcberzeugt\",\"datePublished\":\"2022-12-13T09:51:59+00:00\",\"dateModified\":\"2024-11-19T13:02:59+00:00\",\"mainEntityOfPage\":{\"@id\":\"https:\\\/\\\/www.organisator.ch\\\/operational-excellence\\\/2022-12-13\\\/was-ceos-von-disaster-recovery-ueberzeugt\\\/\"},\"wordCount\":929,\"publisher\":{\"@id\":\"https:\\\/\\\/www.organisator.ch\\\/#organization\"},\"image\":{\"@id\":\"https:\\\/\\\/www.organisator.ch\\\/operational-excellence\\\/2022-12-13\\\/was-ceos-von-disaster-recovery-ueberzeugt\\\/#primaryimage\"},\"thumbnailUrl\":\"https:\\\/\\\/www.m-q.ch\\\/wp-content\\\/uploads\\\/2022\\\/12\\\/Was-CEOs-von-Disaster-Recovery-ueberzeugt_MQ.jpg\",\"keywords\":[\"Business Continuity Management\",\"Disaster Recovery\"],\"articleSection\":[\"OPERATIONAL EXCELLENCE\"],\"inLanguage\":\"en-US\"},{\"@type\":\"WebPage\",\"@id\":\"https:\\\/\\\/www.organisator.ch\\\/operational-excellence\\\/2022-12-13\\\/was-ceos-von-disaster-recovery-ueberzeugt\\\/\",\"url\":\"https:\\\/\\\/www.organisator.ch\\\/operational-excellence\\\/2022-12-13\\\/was-ceos-von-disaster-recovery-ueberzeugt\\\/\",\"name\":\"Was CEOs von Disaster Recovery \u00fcberzeugt - Organisator\",\"isPartOf\":{\"@id\":\"https:\\\/\\\/www.organisator.ch\\\/#website\"},\"primaryImageOfPage\":{\"@id\":\"https:\\\/\\\/www.organisator.ch\\\/operational-excellence\\\/2022-12-13\\\/was-ceos-von-disaster-recovery-ueberzeugt\\\/#primaryimage\"},\"image\":{\"@id\":\"https:\\\/\\\/www.organisator.ch\\\/operational-excellence\\\/2022-12-13\\\/was-ceos-von-disaster-recovery-ueberzeugt\\\/#primaryimage\"},\"thumbnailUrl\":\"https:\\\/\\\/www.m-q.ch\\\/wp-content\\\/uploads\\\/2022\\\/12\\\/Was-CEOs-von-Disaster-Recovery-ueberzeugt_MQ.jpg\",\"datePublished\":\"2022-12-13T09:51:59+00:00\",\"dateModified\":\"2024-11-19T13:02:59+00:00\",\"description\":\"Florian Malecki: CEOs untersch\u00e4tzen Disaster-Recovery-Strategien. Essenzielle Pl\u00e4ne sichern Business und reduzieren Risiken.\",\"breadcrumb\":{\"@id\":\"https:\\\/\\\/www.organisator.ch\\\/operational-excellence\\\/2022-12-13\\\/was-ceos-von-disaster-recovery-ueberzeugt\\\/#breadcrumb\"},\"inLanguage\":\"en-US\",\"potentialAction\":[{\"@type\":\"ReadAction\",\"target\":[\"https:\\\/\\\/www.organisator.ch\\\/operational-excellence\\\/2022-12-13\\\/was-ceos-von-disaster-recovery-ueberzeugt\\\/\"]}]},{\"@type\":\"ImageObject\",\"inLanguage\":\"en-US\",\"@id\":\"https:\\\/\\\/www.organisator.ch\\\/operational-excellence\\\/2022-12-13\\\/was-ceos-von-disaster-recovery-ueberzeugt\\\/#primaryimage\",\"url\":\"https:\\\/\\\/www.m-q.ch\\\/wp-content\\\/uploads\\\/2022\\\/12\\\/Was-CEOs-von-Disaster-Recovery-ueberzeugt_MQ.jpg\",\"contentUrl\":\"https:\\\/\\\/www.m-q.ch\\\/wp-content\\\/uploads\\\/2022\\\/12\\\/Was-CEOs-von-Disaster-Recovery-ueberzeugt_MQ.jpg\"},{\"@type\":\"BreadcrumbList\",\"@id\":\"https:\\\/\\\/www.organisator.ch\\\/operational-excellence\\\/2022-12-13\\\/was-ceos-von-disaster-recovery-ueberzeugt\\\/#breadcrumb\",\"itemListElement\":[{\"@type\":\"ListItem\",\"position\":1,\"name\":\"Home\",\"item\":\"https:\\\/\\\/www.organisator.ch\\\/\"},{\"@type\":\"ListItem\",\"position\":2,\"name\":\"Was CEOs von Disaster Recovery \u00fcberzeugt\"}]},{\"@type\":\"WebSite\",\"@id\":\"https:\\\/\\\/www.organisator.ch\\\/#website\",\"url\":\"https:\\\/\\\/www.organisator.ch\\\/\",\"name\":\"Organisator\",\"description\":\"Kompetent. Praxisnah. Der ORGANISATOR bereitet in 10 Ausgaben pro Jahr die wesentlichen Themen f\u00fcr F\u00fchrungskr\u00e4fte von KMU auf.\",\"publisher\":{\"@id\":\"https:\\\/\\\/www.organisator.ch\\\/#organization\"},\"potentialAction\":[{\"@type\":\"SearchAction\",\"target\":{\"@type\":\"EntryPoint\",\"urlTemplate\":\"https:\\\/\\\/www.organisator.ch\\\/?s={search_term_string}\"},\"query-input\":{\"@type\":\"PropertyValueSpecification\",\"valueRequired\":true,\"valueName\":\"search_term_string\"}}],\"inLanguage\":\"en-US\"},{\"@type\":\"Organization\",\"@id\":\"https:\\\/\\\/www.organisator.ch\\\/#organization\",\"name\":\"Organisator\",\"url\":\"https:\\\/\\\/www.organisator.ch\\\/\",\"logo\":{\"@type\":\"ImageObject\",\"inLanguage\":\"en-US\",\"@id\":\"https:\\\/\\\/www.organisator.ch\\\/#\\\/schema\\\/logo\\\/image\\\/\",\"url\":\"https:\\\/\\\/www.organisator.ch\\\/wp-content\\\/uploads\\\/2022\\\/01\\\/Logo_Organisator_Website.png\",\"contentUrl\":\"https:\\\/\\\/www.organisator.ch\\\/wp-content\\\/uploads\\\/2022\\\/01\\\/Logo_Organisator_Website.png\",\"width\":800,\"height\":77,\"caption\":\"Organisator\"},\"image\":{\"@id\":\"https:\\\/\\\/www.organisator.ch\\\/#\\\/schema\\\/logo\\\/image\\\/\"},\"sameAs\":[\"https:\\\/\\\/www.facebook.com\\\/OrganisatorFachmagazin\",\"https:\\\/\\\/www.linkedin.com\\\/showcase\\\/organisator-das-magazin-fr-kmu\",\"https:\\\/\\\/www.xing.com\\\/news\\\/pages\\\/organisator-ch-695\",\"https:\\\/\\\/www.youtube.com\\\/channel\\\/UCGP2Sq0iWaZwT3BdIAQFYpw\"]},{\"@type\":\"Person\",\"@id\":\"https:\\\/\\\/www.organisator.ch\\\/#\\\/schema\\\/person\\\/4e51799071cd2dd1232ac003643ef5f0\",\"name\":\"galledia\",\"image\":{\"@type\":\"ImageObject\",\"inLanguage\":\"en-US\",\"@id\":\"https:\\\/\\\/secure.gravatar.com\\\/avatar\\\/78a7f90c01fc2bfc875782a0d4922b37cde2cf184ce347b91316d23cd7f69a36?s=96&d=mm&r=g\",\"url\":\"https:\\\/\\\/secure.gravatar.com\\\/avatar\\\/78a7f90c01fc2bfc875782a0d4922b37cde2cf184ce347b91316d23cd7f69a36?s=96&d=mm&r=g\",\"contentUrl\":\"https:\\\/\\\/secure.gravatar.com\\\/avatar\\\/78a7f90c01fc2bfc875782a0d4922b37cde2cf184ce347b91316d23cd7f69a36?s=96&d=mm&r=g\",\"caption\":\"galledia\"},\"sameAs\":[\"https:\\\/\\\/x.com\\\/admin\"],\"url\":\"https:\\\/\\\/www.organisator.ch\\\/en\\\/author\\\/galledia\\\/\"}]}<\/script>\n<!-- \/ Yoast SEO plugin. -->","yoast_head_json":{"title":"What convinces CEOs of disaster recovery - Organizer","description":"Florian Malecki: CEOs underestimate disaster recovery strategies. Essential plans secure business and reduce risks.","robots":{"index":"index","follow":"follow","max-snippet":"max-snippet:-1","max-image-preview":"max-image-preview:large","max-video-preview":"max-video-preview:-1"},"canonical":"https:\/\/www.organisator.ch\/en\/operational-excellence\/2022-12-13\/was-ceos-von-disaster-recovery-ueberzeugt\/","og_locale":"en_US","og_type":"article","og_title":"Was CEOs von Disaster Recovery \u00fcberzeugt - Organisator","og_description":"Florian Malecki: CEOs untersch\u00e4tzen Disaster-Recovery-Strategien. Essenzielle Pl\u00e4ne sichern Business und reduzieren Risiken.","og_url":"https:\/\/www.organisator.ch\/en\/operational-excellence\/2022-12-13\/was-ceos-von-disaster-recovery-ueberzeugt\/","og_site_name":"Organisator","article_publisher":"https:\/\/www.facebook.com\/OrganisatorFachmagazin","article_published_time":"2022-12-13T09:51:59+00:00","article_modified_time":"2024-11-19T13:02:59+00:00","author":"galledia","twitter_card":"summary_large_image","twitter_creator":"@admin","schema":{"@context":"https:\/\/schema.org","@graph":[{"@type":"Article","@id":"https:\/\/www.organisator.ch\/operational-excellence\/2022-12-13\/was-ceos-von-disaster-recovery-ueberzeugt\/#article","isPartOf":{"@id":"https:\/\/www.organisator.ch\/operational-excellence\/2022-12-13\/was-ceos-von-disaster-recovery-ueberzeugt\/"},"author":{"name":"galledia","@id":"https:\/\/www.organisator.ch\/#\/schema\/person\/4e51799071cd2dd1232ac003643ef5f0"},"headline":"Was CEOs von Disaster Recovery \u00fcberzeugt","datePublished":"2022-12-13T09:51:59+00:00","dateModified":"2024-11-19T13:02:59+00:00","mainEntityOfPage":{"@id":"https:\/\/www.organisator.ch\/operational-excellence\/2022-12-13\/was-ceos-von-disaster-recovery-ueberzeugt\/"},"wordCount":929,"publisher":{"@id":"https:\/\/www.organisator.ch\/#organization"},"image":{"@id":"https:\/\/www.organisator.ch\/operational-excellence\/2022-12-13\/was-ceos-von-disaster-recovery-ueberzeugt\/#primaryimage"},"thumbnailUrl":"https:\/\/www.m-q.ch\/wp-content\/uploads\/2022\/12\/Was-CEOs-von-Disaster-Recovery-ueberzeugt_MQ.jpg","keywords":["Business Continuity Management","Disaster Recovery"],"articleSection":["OPERATIONAL EXCELLENCE"],"inLanguage":"en-US"},{"@type":"WebPage","@id":"https:\/\/www.organisator.ch\/operational-excellence\/2022-12-13\/was-ceos-von-disaster-recovery-ueberzeugt\/","url":"https:\/\/www.organisator.ch\/operational-excellence\/2022-12-13\/was-ceos-von-disaster-recovery-ueberzeugt\/","name":"What convinces CEOs of disaster recovery - Organizer","isPartOf":{"@id":"https:\/\/www.organisator.ch\/#website"},"primaryImageOfPage":{"@id":"https:\/\/www.organisator.ch\/operational-excellence\/2022-12-13\/was-ceos-von-disaster-recovery-ueberzeugt\/#primaryimage"},"image":{"@id":"https:\/\/www.organisator.ch\/operational-excellence\/2022-12-13\/was-ceos-von-disaster-recovery-ueberzeugt\/#primaryimage"},"thumbnailUrl":"https:\/\/www.m-q.ch\/wp-content\/uploads\/2022\/12\/Was-CEOs-von-Disaster-Recovery-ueberzeugt_MQ.jpg","datePublished":"2022-12-13T09:51:59+00:00","dateModified":"2024-11-19T13:02:59+00:00","description":"Florian Malecki: CEOs underestimate disaster recovery strategies. Essential plans secure business and reduce risks.","breadcrumb":{"@id":"https:\/\/www.organisator.ch\/operational-excellence\/2022-12-13\/was-ceos-von-disaster-recovery-ueberzeugt\/#breadcrumb"},"inLanguage":"en-US","potentialAction":[{"@type":"ReadAction","target":["https:\/\/www.organisator.ch\/operational-excellence\/2022-12-13\/was-ceos-von-disaster-recovery-ueberzeugt\/"]}]},{"@type":"ImageObject","inLanguage":"en-US","@id":"https:\/\/www.organisator.ch\/operational-excellence\/2022-12-13\/was-ceos-von-disaster-recovery-ueberzeugt\/#primaryimage","url":"https:\/\/www.m-q.ch\/wp-content\/uploads\/2022\/12\/Was-CEOs-von-Disaster-Recovery-ueberzeugt_MQ.jpg","contentUrl":"https:\/\/www.m-q.ch\/wp-content\/uploads\/2022\/12\/Was-CEOs-von-Disaster-Recovery-ueberzeugt_MQ.jpg"},{"@type":"BreadcrumbList","@id":"https:\/\/www.organisator.ch\/operational-excellence\/2022-12-13\/was-ceos-von-disaster-recovery-ueberzeugt\/#breadcrumb","itemListElement":[{"@type":"ListItem","position":1,"name":"Home","item":"https:\/\/www.organisator.ch\/"},{"@type":"ListItem","position":2,"name":"Was CEOs von Disaster Recovery \u00fcberzeugt"}]},{"@type":"WebSite","@id":"https:\/\/www.organisator.ch\/#website","url":"https:\/\/www.organisator.ch\/","name":"Organizer","description":"Competent. Practical. In 10 issues per year, ORGANISATOR presents the essential topics for managers of SMEs.","publisher":{"@id":"https:\/\/www.organisator.ch\/#organization"},"potentialAction":[{"@type":"SearchAction","target":{"@type":"EntryPoint","urlTemplate":"https:\/\/www.organisator.ch\/?s={search_term_string}"},"query-input":{"@type":"PropertyValueSpecification","valueRequired":true,"valueName":"search_term_string"}}],"inLanguage":"en-US"},{"@type":"Organization","@id":"https:\/\/www.organisator.ch\/#organization","name":"Organizer","url":"https:\/\/www.organisator.ch\/","logo":{"@type":"ImageObject","inLanguage":"en-US","@id":"https:\/\/www.organisator.ch\/#\/schema\/logo\/image\/","url":"https:\/\/www.organisator.ch\/wp-content\/uploads\/2022\/01\/Logo_Organisator_Website.png","contentUrl":"https:\/\/www.organisator.ch\/wp-content\/uploads\/2022\/01\/Logo_Organisator_Website.png","width":800,"height":77,"caption":"Organisator"},"image":{"@id":"https:\/\/www.organisator.ch\/#\/schema\/logo\/image\/"},"sameAs":["https:\/\/www.facebook.com\/OrganisatorFachmagazin","https:\/\/www.linkedin.com\/showcase\/organisator-das-magazin-fr-kmu","https:\/\/www.xing.com\/news\/pages\/organisator-ch-695","https:\/\/www.youtube.com\/channel\/UCGP2Sq0iWaZwT3BdIAQFYpw"]},{"@type":"Person","@id":"https:\/\/www.organisator.ch\/#\/schema\/person\/4e51799071cd2dd1232ac003643ef5f0","name":"galledia","image":{"@type":"ImageObject","inLanguage":"en-US","@id":"https:\/\/secure.gravatar.com\/avatar\/78a7f90c01fc2bfc875782a0d4922b37cde2cf184ce347b91316d23cd7f69a36?s=96&d=mm&r=g","url":"https:\/\/secure.gravatar.com\/avatar\/78a7f90c01fc2bfc875782a0d4922b37cde2cf184ce347b91316d23cd7f69a36?s=96&d=mm&r=g","contentUrl":"https:\/\/secure.gravatar.com\/avatar\/78a7f90c01fc2bfc875782a0d4922b37cde2cf184ce347b91316d23cd7f69a36?s=96&d=mm&r=g","caption":"galledia"},"sameAs":["https:\/\/x.com\/admin"],"url":"https:\/\/www.organisator.ch\/en\/author\/galledia\/"}]}},"_links":{"self":[{"href":"https:\/\/www.organisator.ch\/en\/wp-json\/wp\/v2\/posts\/18255","targetHints":{"allow":["GET"]}}],"collection":[{"href":"https:\/\/www.organisator.ch\/en\/wp-json\/wp\/v2\/posts"}],"about":[{"href":"https:\/\/www.organisator.ch\/en\/wp-json\/wp\/v2\/types\/post"}],"author":[{"embeddable":true,"href":"https:\/\/www.organisator.ch\/en\/wp-json\/wp\/v2\/users\/8"}],"replies":[{"embeddable":true,"href":"https:\/\/www.organisator.ch\/en\/wp-json\/wp\/v2\/comments?post=18255"}],"version-history":[{"count":4,"href":"https:\/\/www.organisator.ch\/en\/wp-json\/wp\/v2\/posts\/18255\/revisions"}],"predecessor-version":[{"id":33543,"href":"https:\/\/www.organisator.ch\/en\/wp-json\/wp\/v2\/posts\/18255\/revisions\/33543"}],"wp:attachment":[{"href":"https:\/\/www.organisator.ch\/en\/wp-json\/wp\/v2\/media?parent=18255"}],"wp:term":[{"taxonomy":"category","embeddable":true,"href":"https:\/\/www.organisator.ch\/en\/wp-json\/wp\/v2\/categories?post=18255"},{"taxonomy":"post_tag","embeddable":true,"href":"https:\/\/www.organisator.ch\/en\/wp-json\/wp\/v2\/tags?post=18255"}],"curies":[{"name":"wp","href":"https:\/\/api.w.org\/{rel}","templated":true}]}}