{"id":1830,"date":"2018-08-21T10:01:33","date_gmt":"2018-08-21T08:01:33","guid":{"rendered":"https:\/\/www.umweltperspektiven.ch\/?p=1830"},"modified":"2022-02-09T11:06:18","modified_gmt":"2022-02-09T10:06:18","slug":"persoenliche-meinungen-der-schweizer-zum-thema-klimawandel","status":"publish","type":"post","link":"https:\/\/www.organisator.ch\/en\/sustainability\/2018-08-21\/persoenliche-meinungen-der-schweizer-zum-thema-klimawandel\/","title":{"rendered":"Personal opinions of the Swiss on the topic of climate change"},"content":{"rendered":"<figure id=\"attachment_1831\" aria-describedby=\"caption-attachment-1831\" style=\"width: 680px\" class=\"wp-caption alignnone\"><img loading=\"lazy\" decoding=\"async\" class=\"size-medium wp-image-1831\" src=\"\/\/www.umweltperspektiven.ch\/wp-content\/uploads\/2018\/08\/Meinung-Schweizer-up-Umweltperspektive.jpg\" alt=\"\" width=\"680\" height=\"444\" srcset=\"https:\/\/www.organisator.ch\/wp-content\/uploads\/2018\/08\/Meinung-Schweizer-up-Umweltperspektive.jpg 778w, https:\/\/www.organisator.ch\/wp-content\/uploads\/2018\/08\/Meinung-Schweizer-up-Umweltperspektive-680x444.jpg 680w, https:\/\/www.organisator.ch\/wp-content\/uploads\/2018\/08\/Meinung-Schweizer-up-Umweltperspektive-768x501.jpg 768w, https:\/\/www.organisator.ch\/wp-content\/uploads\/2018\/08\/Meinung-Schweizer-up-Umweltperspektive-18x12.jpg 18w, https:\/\/www.organisator.ch\/wp-content\/uploads\/2018\/08\/Meinung-Schweizer-up-Umweltperspektive-268x175.jpg 268w, https:\/\/www.organisator.ch\/wp-content\/uploads\/2018\/08\/Meinung-Schweizer-up-Umweltperspektive-536x350.jpg 536w, https:\/\/www.organisator.ch\/wp-content\/uploads\/2018\/08\/Meinung-Schweizer-up-Umweltperspektive-300x196.jpg 300w\" sizes=\"auto, (max-width: 680px) 100vw, 680px\" \/><figcaption id=\"caption-attachment-1831\" class=\"wp-caption-text\">In addition to general concerns about climate change, respondents are very worried about what their energy consumption will depend on in the future. (Image: depositphotos)<\/figcaption><\/figure>\n<p>It is said that Swiss are skeptical about the effectiveness of measures against climate change, \"to slow down\" the process. The Swiss are also in favor of greater use of renewable energy. A majority believes that climate change is due equally to human activity and natural processes.<\/p>\n<p>The main results of the European Social Survey 2016 for Switzerland on the topic of views on the environment:<\/p>\n<ul>\n<li>98% of the population do not doubt the existence of climate change. The majority is very concerned about climate change, but only 44% believe that climate change is mainly or entirely due to human activities.<\/li>\n<li>The population in Switzerland is skeptical about measures to slow down climate change. Although the majority of the population (66%) considers it their personal responsibility to make a contribution in the fight against climate change, only one third (33%) think that reducing their own energy consumption could have an impact on climate change.<\/li>\n<li>Despite this general skepticism, the population in Switzerland is in favor of responsible consumption. The majority supports the idea that energy should come from renewable sources. The respondents are particularly in favor of hydroelectric, solar and wind energy. Just under 77% think that nuclear energy should not be used at all or only to a very small extent.<\/li>\n<li>In addition to the general concern about climate change, respondents are very worried about Switzerland's dependence on energy imports. More than half of the population (61%) is concerned about fossil energies, especially gasoline, gas and coal. 46% of the population also fear an increase in energy prices and that this will make energy unaffordable for many people in Switzerland.<\/li>\n<li>To encourage the use of renewable energy, 47% support an increase in taxes on fossil fuels by the government. In addition, the majority supports a legal ban on energy-intensive appliances. Finally, more than 80% are in favor of subsidizing renewable energies such as wind and solar power. According to the survey, the Swiss population also believes that the state should regulate energy production and consumption.<\/li>\n<\/ul>\n<p><em>The brochure \" ESS 2016 : Selected results in relation to Switzerland\" can also be downloaded from the website of <a href=\"\/\/forscenter.ch\/de\/our-surveys\/international-surveys\/european-social-survey\/fur-teilnehmende\/\">FORS<\/a> be downloaded<\/em><\/p>\n<p>On September 19, 2018, the ESS will officially present the results on \"Public attitudes to climate change and energy\" from the 2016 edition in Brussels. More information about the event can be found <a href=\"\/\/www.eventbrite.co.uk\/e\/public-attitudes-to-climate-change-and-energy-tickets-48413002594\">here<\/a><\/p>\n<p>&nbsp;<\/p>\n<p><strong>The European Social Survey:<\/strong><\/p>\n<p>The European Social Survey (ESS) is a scientific population survey that has been conducted in more than 20 European countries since 2002. Its aim is to study the attitudes and behavior of the European population from a comparative perspective. In Switzerland, the survey is conducted by the Swiss Competence Center for Social Sciences FORS, which is affiliated with the University of Lausanne. Switzerland has participated in all previous waves of the ESS survey, which take place every two years.<\/p>\n<p>The data for the eighth edition of the ESS were collected in approximately one-hour face-to-face interviews with people aged 15 and older. In total, 23 countries participated in the survey. To ensure that the survey is representative, the participating individuals were selected by means of random sampling.<\/p>\n<p>Further information on the ESS can be found at:<a href=\"\/\/www.europeansocialsurvey.org\/\"> http:\/\/www.europeansocialsurvey.org<\/a> or <a href=\"\/\/forscenter.ch\/\">http:\/\/forscenter.ch<\/a><\/p>\n<p><em>The detailed Swiss data can be found in German or French on <a href=\"\/\/forsbase.unil.c\">https:\/\/forsbase.unil.c<\/a>h (Project No. 13102) can be downloaded.<\/em><\/p>\n<p>&nbsp;<\/p>","protected":false},"excerpt":{"rendered":"<p>Es heisst, dass Schweizer skeptisch bez\u00fcglich der Wirksamkeit von Massnahmen gegen den Klimawandel, &#8222;zur Verlangsamung&#8220; des Prozesses sind. Die Schweizer sprechen sich auch f\u00fcr die st\u00e4rkere Nutzung erneuerbarer Energien aus. Eine Mehrheit geht davon aus, dass der Klimawandel gleichermassen auf menschliche Aktivit\u00e4ten wie auf nat\u00fcrliche Prozesse zur\u00fcckzuf\u00fchren ist. Die wichtigsten Resultate des European Social Survey [&hellip;]<\/p>\n","protected":false},"author":5,"featured_media":1831,"comment_status":"open","ping_status":"open","sticky":false,"template":"","format":"standard","meta":{"_acf_changed":false,"_yoast_wpseo_focuskw":"Schweizer","_yoast_wpseo_metadesc":"Die Schweizer und Schweizerinnen sind \u00fcber den Klimawandel besorgt. Dies zeigen erhobene Daten des European Social Survey (ESS).","articlekey":"","footnotes":""},"categories":[580],"tags":[1119,1532,1857,424],"class_list":["post-1830","post","type-post","status-publish","format-standard","has-post-thumbnail","hentry","category-sustainability","tag-erneuerbare-energie","tag-klimawandel","tag-oeffentliche-meinung","tag-schweiz"],"acf":[],"yoast_head":"<!-- This site is optimized with the Yoast SEO plugin v27.4 - https:\/\/yoast.com\/product\/yoast-seo-wordpress\/ -->\n<title>Pers\u00f6nliche Meinungen der Schweizer zum Thema Klimawandel - Organisator<\/title>\n<meta name=\"description\" content=\"Die Schweizer und Schweizerinnen sind \u00fcber den Klimawandel besorgt. Dies zeigen erhobene Daten des European Social Survey (ESS).\" \/>\n<meta name=\"robots\" content=\"index, follow, max-snippet:-1, max-image-preview:large, max-video-preview:-1\" \/>\n<link rel=\"canonical\" href=\"https:\/\/www.organisator.ch\/en\/sustainability\/2018-08-21\/persoenliche-meinungen-der-schweizer-zum-thema-klimawandel\/\" \/>\n<meta property=\"og:locale\" content=\"en_US\" \/>\n<meta property=\"og:type\" content=\"article\" \/>\n<meta property=\"og:title\" content=\"Pers\u00f6nliche Meinungen der Schweizer zum Thema Klimawandel - Organisator\" \/>\n<meta property=\"og:description\" content=\"Die Schweizer und Schweizerinnen sind \u00fcber den Klimawandel besorgt. Dies zeigen erhobene Daten des European Social Survey (ESS).\" \/>\n<meta property=\"og:url\" content=\"https:\/\/www.organisator.ch\/en\/sustainability\/2018-08-21\/persoenliche-meinungen-der-schweizer-zum-thema-klimawandel\/\" \/>\n<meta property=\"og:site_name\" content=\"Organisator\" \/>\n<meta property=\"article:publisher\" content=\"https:\/\/www.facebook.com\/OrganisatorFachmagazin\" \/>\n<meta property=\"article:published_time\" content=\"2018-08-21T08:01:33+00:00\" \/>\n<meta property=\"article:modified_time\" content=\"2022-02-09T10:06:18+00:00\" \/>\n<meta property=\"og:image\" content=\"https:\/\/www.organisator.ch\/wp-content\/uploads\/2018\/08\/Meinung-Schweizer-up-Umweltperspektive.jpg\" \/>\n\t<meta property=\"og:image:width\" content=\"778\" \/>\n\t<meta property=\"og:image:height\" content=\"508\" \/>\n\t<meta property=\"og:image:type\" content=\"image\/jpeg\" \/>\n<meta name=\"author\" content=\"michael.merz\" \/>\n<meta name=\"twitter:card\" content=\"summary_large_image\" \/>\n<script type=\"application\/ld+json\" class=\"yoast-schema-graph\">{\"@context\":\"https:\\\/\\\/schema.org\",\"@graph\":[{\"@type\":\"Article\",\"@id\":\"https:\\\/\\\/www.organisator.ch\\\/sustainability\\\/2018-08-21\\\/persoenliche-meinungen-der-schweizer-zum-thema-klimawandel\\\/#article\",\"isPartOf\":{\"@id\":\"https:\\\/\\\/www.organisator.ch\\\/sustainability\\\/2018-08-21\\\/persoenliche-meinungen-der-schweizer-zum-thema-klimawandel\\\/\"},\"author\":{\"name\":\"michael.merz\",\"@id\":\"https:\\\/\\\/www.organisator.ch\\\/#\\\/schema\\\/person\\\/134708ca9321c57b0362cceb7948ffbd\"},\"headline\":\"Pers\u00f6nliche Meinungen der Schweizer zum Thema Klimawandel\",\"datePublished\":\"2018-08-21T08:01:33+00:00\",\"dateModified\":\"2022-02-09T10:06:18+00:00\",\"mainEntityOfPage\":{\"@id\":\"https:\\\/\\\/www.organisator.ch\\\/sustainability\\\/2018-08-21\\\/persoenliche-meinungen-der-schweizer-zum-thema-klimawandel\\\/\"},\"wordCount\":615,\"commentCount\":0,\"publisher\":{\"@id\":\"https:\\\/\\\/www.organisator.ch\\\/#organization\"},\"image\":{\"@id\":\"https:\\\/\\\/www.organisator.ch\\\/sustainability\\\/2018-08-21\\\/persoenliche-meinungen-der-schweizer-zum-thema-klimawandel\\\/#primaryimage\"},\"thumbnailUrl\":\"https:\\\/\\\/www.organisator.ch\\\/wp-content\\\/uploads\\\/2018\\\/08\\\/Meinung-Schweizer-up-Umweltperspektive.jpg\",\"keywords\":[\"erneuerbare Energie\",\"Klimawandel\",\"\u00d6ffentliche Meinung\",\"Schweiz\"],\"articleSection\":[\"SUSTAINABILITY\"],\"inLanguage\":\"en-US\"},{\"@type\":\"WebPage\",\"@id\":\"https:\\\/\\\/www.organisator.ch\\\/sustainability\\\/2018-08-21\\\/persoenliche-meinungen-der-schweizer-zum-thema-klimawandel\\\/\",\"url\":\"https:\\\/\\\/www.organisator.ch\\\/sustainability\\\/2018-08-21\\\/persoenliche-meinungen-der-schweizer-zum-thema-klimawandel\\\/\",\"name\":\"Pers\u00f6nliche Meinungen der Schweizer zum Thema Klimawandel - Organisator\",\"isPartOf\":{\"@id\":\"https:\\\/\\\/www.organisator.ch\\\/#website\"},\"primaryImageOfPage\":{\"@id\":\"https:\\\/\\\/www.organisator.ch\\\/sustainability\\\/2018-08-21\\\/persoenliche-meinungen-der-schweizer-zum-thema-klimawandel\\\/#primaryimage\"},\"image\":{\"@id\":\"https:\\\/\\\/www.organisator.ch\\\/sustainability\\\/2018-08-21\\\/persoenliche-meinungen-der-schweizer-zum-thema-klimawandel\\\/#primaryimage\"},\"thumbnailUrl\":\"https:\\\/\\\/www.organisator.ch\\\/wp-content\\\/uploads\\\/2018\\\/08\\\/Meinung-Schweizer-up-Umweltperspektive.jpg\",\"datePublished\":\"2018-08-21T08:01:33+00:00\",\"dateModified\":\"2022-02-09T10:06:18+00:00\",\"description\":\"Die Schweizer und Schweizerinnen sind \u00fcber den Klimawandel besorgt. Dies zeigen erhobene Daten des European Social Survey (ESS).\",\"breadcrumb\":{\"@id\":\"https:\\\/\\\/www.organisator.ch\\\/sustainability\\\/2018-08-21\\\/persoenliche-meinungen-der-schweizer-zum-thema-klimawandel\\\/#breadcrumb\"},\"inLanguage\":\"en-US\",\"potentialAction\":[{\"@type\":\"ReadAction\",\"target\":[\"https:\\\/\\\/www.organisator.ch\\\/sustainability\\\/2018-08-21\\\/persoenliche-meinungen-der-schweizer-zum-thema-klimawandel\\\/\"]}]},{\"@type\":\"ImageObject\",\"inLanguage\":\"en-US\",\"@id\":\"https:\\\/\\\/www.organisator.ch\\\/sustainability\\\/2018-08-21\\\/persoenliche-meinungen-der-schweizer-zum-thema-klimawandel\\\/#primaryimage\",\"url\":\"https:\\\/\\\/www.organisator.ch\\\/wp-content\\\/uploads\\\/2018\\\/08\\\/Meinung-Schweizer-up-Umweltperspektive.jpg\",\"contentUrl\":\"https:\\\/\\\/www.organisator.ch\\\/wp-content\\\/uploads\\\/2018\\\/08\\\/Meinung-Schweizer-up-Umweltperspektive.jpg\",\"width\":778,\"height\":508,\"caption\":\"Neben der allgemeinen Sorge um den Klimawandel sind die Befragten sehr beunruhigt, was die Abh\u00e4ngigkeit der Schweiz von Energieimporten betrifft. (Bild: depositphotos)\"},{\"@type\":\"BreadcrumbList\",\"@id\":\"https:\\\/\\\/www.organisator.ch\\\/sustainability\\\/2018-08-21\\\/persoenliche-meinungen-der-schweizer-zum-thema-klimawandel\\\/#breadcrumb\",\"itemListElement\":[{\"@type\":\"ListItem\",\"position\":1,\"name\":\"Home\",\"item\":\"https:\\\/\\\/www.organisator.ch\\\/\"},{\"@type\":\"ListItem\",\"position\":2,\"name\":\"Pers\u00f6nliche Meinungen der Schweizer zum Thema Klimawandel\"}]},{\"@type\":\"WebSite\",\"@id\":\"https:\\\/\\\/www.organisator.ch\\\/#website\",\"url\":\"https:\\\/\\\/www.organisator.ch\\\/\",\"name\":\"Organisator\",\"description\":\"Kompetent. Praxisnah. Der ORGANISATOR bereitet in 10 Ausgaben pro Jahr die wesentlichen Themen f\u00fcr F\u00fchrungskr\u00e4fte von KMU auf.\",\"publisher\":{\"@id\":\"https:\\\/\\\/www.organisator.ch\\\/#organization\"},\"potentialAction\":[{\"@type\":\"SearchAction\",\"target\":{\"@type\":\"EntryPoint\",\"urlTemplate\":\"https:\\\/\\\/www.organisator.ch\\\/?s={search_term_string}\"},\"query-input\":{\"@type\":\"PropertyValueSpecification\",\"valueRequired\":true,\"valueName\":\"search_term_string\"}}],\"inLanguage\":\"en-US\"},{\"@type\":\"Organization\",\"@id\":\"https:\\\/\\\/www.organisator.ch\\\/#organization\",\"name\":\"Organisator\",\"url\":\"https:\\\/\\\/www.organisator.ch\\\/\",\"logo\":{\"@type\":\"ImageObject\",\"inLanguage\":\"en-US\",\"@id\":\"https:\\\/\\\/www.organisator.ch\\\/#\\\/schema\\\/logo\\\/image\\\/\",\"url\":\"https:\\\/\\\/www.organisator.ch\\\/wp-content\\\/uploads\\\/2022\\\/01\\\/Logo_Organisator_Website.png\",\"contentUrl\":\"https:\\\/\\\/www.organisator.ch\\\/wp-content\\\/uploads\\\/2022\\\/01\\\/Logo_Organisator_Website.png\",\"width\":800,\"height\":77,\"caption\":\"Organisator\"},\"image\":{\"@id\":\"https:\\\/\\\/www.organisator.ch\\\/#\\\/schema\\\/logo\\\/image\\\/\"},\"sameAs\":[\"https:\\\/\\\/www.facebook.com\\\/OrganisatorFachmagazin\",\"https:\\\/\\\/www.linkedin.com\\\/showcase\\\/organisator-das-magazin-fr-kmu\",\"https:\\\/\\\/www.xing.com\\\/news\\\/pages\\\/organisator-ch-695\",\"https:\\\/\\\/www.youtube.com\\\/channel\\\/UCGP2Sq0iWaZwT3BdIAQFYpw\"]},{\"@type\":\"Person\",\"@id\":\"https:\\\/\\\/www.organisator.ch\\\/#\\\/schema\\\/person\\\/134708ca9321c57b0362cceb7948ffbd\",\"name\":\"michael.merz\",\"image\":{\"@type\":\"ImageObject\",\"inLanguage\":\"en-US\",\"@id\":\"https:\\\/\\\/secure.gravatar.com\\\/avatar\\\/?s=96&d=mm&r=g\",\"url\":\"https:\\\/\\\/secure.gravatar.com\\\/avatar\\\/?s=96&d=mm&r=g\",\"contentUrl\":\"https:\\\/\\\/secure.gravatar.com\\\/avatar\\\/?s=96&d=mm&r=g\",\"caption\":\"michael.merz\"},\"url\":\"https:\\\/\\\/www.organisator.ch\\\/en\\\/author\\\/michael-merz\\\/\"}]}<\/script>\n<!-- \/ Yoast SEO plugin. -->","yoast_head_json":{"title":"Personal opinions of the Swiss on climate change - Organizer","description":"The Swiss are concerned about climate change. This is shown by data collected by the European Social Survey (ESS).","robots":{"index":"index","follow":"follow","max-snippet":"max-snippet:-1","max-image-preview":"max-image-preview:large","max-video-preview":"max-video-preview:-1"},"canonical":"https:\/\/www.organisator.ch\/en\/sustainability\/2018-08-21\/persoenliche-meinungen-der-schweizer-zum-thema-klimawandel\/","og_locale":"en_US","og_type":"article","og_title":"Pers\u00f6nliche Meinungen der Schweizer zum Thema Klimawandel - Organisator","og_description":"Die Schweizer und Schweizerinnen sind \u00fcber den Klimawandel besorgt. Dies zeigen erhobene Daten des European Social Survey (ESS).","og_url":"https:\/\/www.organisator.ch\/en\/sustainability\/2018-08-21\/persoenliche-meinungen-der-schweizer-zum-thema-klimawandel\/","og_site_name":"Organisator","article_publisher":"https:\/\/www.facebook.com\/OrganisatorFachmagazin","article_published_time":"2018-08-21T08:01:33+00:00","article_modified_time":"2022-02-09T10:06:18+00:00","og_image":[{"width":778,"height":508,"url":"https:\/\/www.organisator.ch\/wp-content\/uploads\/2018\/08\/Meinung-Schweizer-up-Umweltperspektive.jpg","type":"image\/jpeg"}],"author":"michael.merz","twitter_card":"summary_large_image","schema":{"@context":"https:\/\/schema.org","@graph":[{"@type":"Article","@id":"https:\/\/www.organisator.ch\/sustainability\/2018-08-21\/persoenliche-meinungen-der-schweizer-zum-thema-klimawandel\/#article","isPartOf":{"@id":"https:\/\/www.organisator.ch\/sustainability\/2018-08-21\/persoenliche-meinungen-der-schweizer-zum-thema-klimawandel\/"},"author":{"name":"michael.merz","@id":"https:\/\/www.organisator.ch\/#\/schema\/person\/134708ca9321c57b0362cceb7948ffbd"},"headline":"Pers\u00f6nliche Meinungen der Schweizer zum Thema Klimawandel","datePublished":"2018-08-21T08:01:33+00:00","dateModified":"2022-02-09T10:06:18+00:00","mainEntityOfPage":{"@id":"https:\/\/www.organisator.ch\/sustainability\/2018-08-21\/persoenliche-meinungen-der-schweizer-zum-thema-klimawandel\/"},"wordCount":615,"commentCount":0,"publisher":{"@id":"https:\/\/www.organisator.ch\/#organization"},"image":{"@id":"https:\/\/www.organisator.ch\/sustainability\/2018-08-21\/persoenliche-meinungen-der-schweizer-zum-thema-klimawandel\/#primaryimage"},"thumbnailUrl":"https:\/\/www.organisator.ch\/wp-content\/uploads\/2018\/08\/Meinung-Schweizer-up-Umweltperspektive.jpg","keywords":["erneuerbare Energie","Klimawandel","\u00d6ffentliche Meinung","Schweiz"],"articleSection":["SUSTAINABILITY"],"inLanguage":"en-US"},{"@type":"WebPage","@id":"https:\/\/www.organisator.ch\/sustainability\/2018-08-21\/persoenliche-meinungen-der-schweizer-zum-thema-klimawandel\/","url":"https:\/\/www.organisator.ch\/sustainability\/2018-08-21\/persoenliche-meinungen-der-schweizer-zum-thema-klimawandel\/","name":"Personal opinions of the Swiss on climate change - Organizer","isPartOf":{"@id":"https:\/\/www.organisator.ch\/#website"},"primaryImageOfPage":{"@id":"https:\/\/www.organisator.ch\/sustainability\/2018-08-21\/persoenliche-meinungen-der-schweizer-zum-thema-klimawandel\/#primaryimage"},"image":{"@id":"https:\/\/www.organisator.ch\/sustainability\/2018-08-21\/persoenliche-meinungen-der-schweizer-zum-thema-klimawandel\/#primaryimage"},"thumbnailUrl":"https:\/\/www.organisator.ch\/wp-content\/uploads\/2018\/08\/Meinung-Schweizer-up-Umweltperspektive.jpg","datePublished":"2018-08-21T08:01:33+00:00","dateModified":"2022-02-09T10:06:18+00:00","description":"The Swiss are concerned about climate change. This is shown by data collected by the European Social Survey (ESS).","breadcrumb":{"@id":"https:\/\/www.organisator.ch\/sustainability\/2018-08-21\/persoenliche-meinungen-der-schweizer-zum-thema-klimawandel\/#breadcrumb"},"inLanguage":"en-US","potentialAction":[{"@type":"ReadAction","target":["https:\/\/www.organisator.ch\/sustainability\/2018-08-21\/persoenliche-meinungen-der-schweizer-zum-thema-klimawandel\/"]}]},{"@type":"ImageObject","inLanguage":"en-US","@id":"https:\/\/www.organisator.ch\/sustainability\/2018-08-21\/persoenliche-meinungen-der-schweizer-zum-thema-klimawandel\/#primaryimage","url":"https:\/\/www.organisator.ch\/wp-content\/uploads\/2018\/08\/Meinung-Schweizer-up-Umweltperspektive.jpg","contentUrl":"https:\/\/www.organisator.ch\/wp-content\/uploads\/2018\/08\/Meinung-Schweizer-up-Umweltperspektive.jpg","width":778,"height":508,"caption":"Neben der allgemeinen Sorge um den Klimawandel sind die Befragten sehr beunruhigt, was die Abh\u00e4ngigkeit der Schweiz von Energieimporten betrifft. (Bild: depositphotos)"},{"@type":"BreadcrumbList","@id":"https:\/\/www.organisator.ch\/sustainability\/2018-08-21\/persoenliche-meinungen-der-schweizer-zum-thema-klimawandel\/#breadcrumb","itemListElement":[{"@type":"ListItem","position":1,"name":"Home","item":"https:\/\/www.organisator.ch\/"},{"@type":"ListItem","position":2,"name":"Pers\u00f6nliche Meinungen der Schweizer zum Thema Klimawandel"}]},{"@type":"WebSite","@id":"https:\/\/www.organisator.ch\/#website","url":"https:\/\/www.organisator.ch\/","name":"Organizer","description":"Competent. Practical. In 10 issues per year, ORGANISATOR presents the essential topics for managers of SMEs.","publisher":{"@id":"https:\/\/www.organisator.ch\/#organization"},"potentialAction":[{"@type":"SearchAction","target":{"@type":"EntryPoint","urlTemplate":"https:\/\/www.organisator.ch\/?s={search_term_string}"},"query-input":{"@type":"PropertyValueSpecification","valueRequired":true,"valueName":"search_term_string"}}],"inLanguage":"en-US"},{"@type":"Organization","@id":"https:\/\/www.organisator.ch\/#organization","name":"Organizer","url":"https:\/\/www.organisator.ch\/","logo":{"@type":"ImageObject","inLanguage":"en-US","@id":"https:\/\/www.organisator.ch\/#\/schema\/logo\/image\/","url":"https:\/\/www.organisator.ch\/wp-content\/uploads\/2022\/01\/Logo_Organisator_Website.png","contentUrl":"https:\/\/www.organisator.ch\/wp-content\/uploads\/2022\/01\/Logo_Organisator_Website.png","width":800,"height":77,"caption":"Organisator"},"image":{"@id":"https:\/\/www.organisator.ch\/#\/schema\/logo\/image\/"},"sameAs":["https:\/\/www.facebook.com\/OrganisatorFachmagazin","https:\/\/www.linkedin.com\/showcase\/organisator-das-magazin-fr-kmu","https:\/\/www.xing.com\/news\/pages\/organisator-ch-695","https:\/\/www.youtube.com\/channel\/UCGP2Sq0iWaZwT3BdIAQFYpw"]},{"@type":"Person","@id":"https:\/\/www.organisator.ch\/#\/schema\/person\/134708ca9321c57b0362cceb7948ffbd","name":"michael.merz","image":{"@type":"ImageObject","inLanguage":"en-US","@id":"https:\/\/secure.gravatar.com\/avatar\/?s=96&d=mm&r=g","url":"https:\/\/secure.gravatar.com\/avatar\/?s=96&d=mm&r=g","contentUrl":"https:\/\/secure.gravatar.com\/avatar\/?s=96&d=mm&r=g","caption":"michael.merz"},"url":"https:\/\/www.organisator.ch\/en\/author\/michael-merz\/"}]}},"_links":{"self":[{"href":"https:\/\/www.organisator.ch\/en\/wp-json\/wp\/v2\/posts\/1830","targetHints":{"allow":["GET"]}}],"collection":[{"href":"https:\/\/www.organisator.ch\/en\/wp-json\/wp\/v2\/posts"}],"about":[{"href":"https:\/\/www.organisator.ch\/en\/wp-json\/wp\/v2\/types\/post"}],"author":[{"embeddable":true,"href":"https:\/\/www.organisator.ch\/en\/wp-json\/wp\/v2\/users\/5"}],"replies":[{"embeddable":true,"href":"https:\/\/www.organisator.ch\/en\/wp-json\/wp\/v2\/comments?post=1830"}],"version-history":[{"count":1,"href":"https:\/\/www.organisator.ch\/en\/wp-json\/wp\/v2\/posts\/1830\/revisions"}],"predecessor-version":[{"id":10567,"href":"https:\/\/www.organisator.ch\/en\/wp-json\/wp\/v2\/posts\/1830\/revisions\/10567"}],"wp:featuredmedia":[{"embeddable":true,"href":"https:\/\/www.organisator.ch\/en\/wp-json\/wp\/v2\/media\/1831"}],"wp:attachment":[{"href":"https:\/\/www.organisator.ch\/en\/wp-json\/wp\/v2\/media?parent=1830"}],"wp:term":[{"taxonomy":"category","embeddable":true,"href":"https:\/\/www.organisator.ch\/en\/wp-json\/wp\/v2\/categories?post=1830"},{"taxonomy":"post_tag","embeddable":true,"href":"https:\/\/www.organisator.ch\/en\/wp-json\/wp\/v2\/tags?post=1830"}],"curies":[{"name":"wp","href":"https:\/\/api.w.org\/{rel}","templated":true}]}}