{"id":18301,"date":"2022-12-15T13:29:13","date_gmt":"2022-12-15T12:29:13","guid":{"rendered":"https:\/\/www.organisator.ch\/?p=18301"},"modified":"2022-12-15T13:29:13","modified_gmt":"2022-12-15T12:29:13","slug":"graphax-mit-neu-aufgestellter-und-ausgebauter-geschaeftsleitung","status":"publish","type":"post","link":"https:\/\/www.organisator.ch\/en\/management\/2022-12-15\/graphax-mit-neu-aufgestellter-und-ausgebauter-geschaeftsleitung\/","title":{"rendered":"Graphax with restructured and expanded management team"},"content":{"rendered":"<figure id=\"attachment_18302\" aria-describedby=\"caption-attachment-18302\" style=\"width: 680px\" class=\"wp-caption alignnone\"><img loading=\"lazy\" decoding=\"async\" class=\"size-full wp-image-18302\" src=\"https:\/\/www.organisator.ch\/wp-content\/uploads\/2022\/12\/Graphax-mit-neu-aufgestellter-und-ausgebauter-Geschaeftsleitung_Organisator.jpg\" alt=\"\" width=\"680\" height=\"453\" srcset=\"https:\/\/www.organisator.ch\/wp-content\/uploads\/2022\/12\/Graphax-mit-neu-aufgestellter-und-ausgebauter-Geschaeftsleitung_Organisator.jpg 680w, https:\/\/www.organisator.ch\/wp-content\/uploads\/2022\/12\/Graphax-mit-neu-aufgestellter-und-ausgebauter-Geschaeftsleitung_Organisator-18x12.jpg 18w, https:\/\/www.organisator.ch\/wp-content\/uploads\/2022\/12\/Graphax-mit-neu-aufgestellter-und-ausgebauter-Geschaeftsleitung_Organisator-375x250.jpg 375w, https:\/\/www.organisator.ch\/wp-content\/uploads\/2022\/12\/Graphax-mit-neu-aufgestellter-und-ausgebauter-Geschaeftsleitung_Organisator-525x350.jpg 525w\" sizes=\"auto, (max-width: 680px) 100vw, 680px\" \/><figcaption id=\"caption-attachment-18302\" class=\"wp-caption-text\">The newly composed executive board of Graphax. (Image: zVg \/ Graphax AG)<\/figcaption><\/figure>\n<p>Graphax has restructured and expanded its management team. With immediate effect, Juan Chenevard, as CEO, bears overall responsibility for the company with its 190 employees and eight branches in German- and French-speaking Switzerland. Juan Chenevard has been with the company for 14 years, most recently in the role of CSO. He will be supported by a new and expanded management team that will be formed in 2022. \"In the coming months, we will continue to steadily implement our digitization strategy and expand our service portfolio to be even more customer-specific. In doing so, we will not disregard our in-house values, as Graphax's corporate culture, developed over almost 5 decades, has always stood the test of time, especially in challenging times. We value this very much and we feel obliged to continue the company in this spirit,\" says the new CEO.<\/p>\n<p>Manuel Marquina (COO) is responsible for the customer-first orientation in customer service and its further development. He will also deal with the digital transformation in operations and the expansion of the service structure throughout Switzerland. Sonja Nobs, who has been responsible for marketing at Graphax AG for many years, has been newly appointed to the GL as CMO, with the aim of strategically and operationally expanding customer dialog in the digital world and promoting the growth areas of the various business units. Thomas Fux joins the traditional company Graphax for the position of CFO. In addition to the classic tasks, the finance specialist will also take care of strategic analyses in order to further improve operational processes and to be able to initiate cost-relevant decisions.<\/p>\n<p>Due to the strategic management tasks resulting from the digital transformation and in order to manage the customer experience holistically, new responsibilities must be placed in the strategic management, according to the statement. In close cooperation, the new management will develop agile measures that will be necessary in the future to further successfully expand customer retention and acquisition.<\/p>\n<p><a href=\"http:\/\/www.graphax.ch\"><em>Source and further information<\/em><\/a><\/p>","protected":false},"excerpt":{"rendered":"<p>Graphax hat seine Gesch\u00e4ftsleitung neu aufgestellt und ausgebaut. Ab sofort tr\u00e4gt Juan Chenevard als CEO die Gesamtverantwortung des Unternehmens mit seinen 190 Mitarbeitenden und acht Filialen in der Deutsch- und Westschweiz. Juan Chenevard ist schon seit 14 Jahren f\u00fcr das Unternehmen t\u00e4tig, zuletzt in der Rolle des CSO. Er wird durch eine im Jahr 2022 [&hellip;]<\/p>\n","protected":false},"author":4,"featured_media":18302,"comment_status":"closed","ping_status":"closed","sticky":false,"template":"","format":"standard","meta":{"_acf_changed":false,"_yoast_wpseo_focuskw":"Graphax","_yoast_wpseo_metadesc":"Graphax, Anbieter f\u00fcr Digitalisierungsl\u00f6sungen und Office-Automation, startet in das kommende Gesch\u00e4ftsjahr mit neuer Gesch\u00e4ftsleitung.","articlekey":"","footnotes":""},"categories":[28],"tags":[335,381,492],"class_list":["post-18301","post","type-post","status-publish","format-standard","has-post-thumbnail","hentry","category-management","tag-management-und-unternehmensfuehrung","tag-personalia","tag-unternehmen"],"acf":[],"yoast_head":"<!-- This site is optimized with the Yoast SEO plugin v27.5 - https:\/\/yoast.com\/product\/yoast-seo-wordpress\/ -->\n<title>Graphax mit neu aufgestellter und ausgebauter Gesch\u00e4ftsleitung - Organisator<\/title>\n<meta name=\"description\" content=\"Graphax, Anbieter f\u00fcr Digitalisierungsl\u00f6sungen und Office-Automation, startet in das kommende Gesch\u00e4ftsjahr mit neuer Gesch\u00e4ftsleitung.\" \/>\n<meta name=\"robots\" content=\"index, follow, max-snippet:-1, max-image-preview:large, max-video-preview:-1\" \/>\n<link rel=\"canonical\" href=\"https:\/\/www.organisator.ch\/en\/management\/2022-12-15\/graphax-mit-neu-aufgestellter-und-ausgebauter-geschaeftsleitung\/\" \/>\n<meta property=\"og:locale\" content=\"en_US\" \/>\n<meta property=\"og:type\" content=\"article\" \/>\n<meta property=\"og:title\" content=\"Graphax mit neu aufgestellter und ausgebauter Gesch\u00e4ftsleitung\" \/>\n<meta property=\"og:description\" content=\"Graphax, Anbieter f\u00fcr Digitalisierungsl\u00f6sungen und Office-Automation, startet in das kommende Gesch\u00e4ftsjahr mit neuer Gesch\u00e4ftsleitung.\" \/>\n<meta property=\"og:url\" content=\"https:\/\/www.organisator.ch\/en\/management\/2022-12-15\/graphax-mit-neu-aufgestellter-und-ausgebauter-geschaeftsleitung\/\" \/>\n<meta property=\"og:site_name\" content=\"Organisator\" \/>\n<meta property=\"article:publisher\" content=\"https:\/\/www.facebook.com\/OrganisatorFachmagazin\" \/>\n<meta property=\"article:published_time\" content=\"2022-12-15T12:29:13+00:00\" \/>\n<meta property=\"og:image\" content=\"https:\/\/www.organisator.ch\/wp-content\/uploads\/2022\/12\/Graphax-mit-neu-aufgestellter-und-ausgebauter-Geschaeftsleitung_Organisator.jpg\" \/>\n\t<meta property=\"og:image:width\" content=\"680\" \/>\n\t<meta property=\"og:image:height\" content=\"453\" \/>\n\t<meta property=\"og:image:type\" content=\"image\/jpeg\" \/>\n<meta name=\"author\" content=\"thomas.berner\" \/>\n<meta name=\"twitter:card\" content=\"summary_large_image\" \/>\n<meta name=\"twitter:title\" content=\"#Graphax mit neu aufgestellter und ausgebauter #Gesch\u00e4ftsleitung\" \/>\n<meta name=\"twitter:description\" content=\"#Graphax, Anbieter f\u00fcr Digitalisierungsl\u00f6sungen und #Office-Automation, startet in das kommende Gesch\u00e4ftsjahr mit neuer #Gesch\u00e4ftsleitung.\" \/>\n<meta name=\"twitter:image\" content=\"https:\/\/www.organisator.ch\/wp-content\/uploads\/2022\/12\/Graphax-mit-neu-aufgestellter-und-ausgebauter-Geschaeftsleitung_Organisator.jpg\" \/>\n<script type=\"application\/ld+json\" class=\"yoast-schema-graph\">{\"@context\":\"https:\\\/\\\/schema.org\",\"@graph\":[{\"@type\":\"Article\",\"@id\":\"https:\\\/\\\/www.organisator.ch\\\/management\\\/2022-12-15\\\/graphax-mit-neu-aufgestellter-und-ausgebauter-geschaeftsleitung\\\/#article\",\"isPartOf\":{\"@id\":\"https:\\\/\\\/www.organisator.ch\\\/management\\\/2022-12-15\\\/graphax-mit-neu-aufgestellter-und-ausgebauter-geschaeftsleitung\\\/\"},\"author\":{\"name\":\"thomas.berner\",\"@id\":\"https:\\\/\\\/www.organisator.ch\\\/#\\\/schema\\\/person\\\/6f650f90b2842cd4c0cc334b4e36f67e\"},\"headline\":\"Graphax mit neu aufgestellter und ausgebauter Gesch\u00e4ftsleitung\",\"datePublished\":\"2022-12-15T12:29:13+00:00\",\"mainEntityOfPage\":{\"@id\":\"https:\\\/\\\/www.organisator.ch\\\/management\\\/2022-12-15\\\/graphax-mit-neu-aufgestellter-und-ausgebauter-geschaeftsleitung\\\/\"},\"wordCount\":331,\"publisher\":{\"@id\":\"https:\\\/\\\/www.organisator.ch\\\/#organization\"},\"image\":{\"@id\":\"https:\\\/\\\/www.organisator.ch\\\/management\\\/2022-12-15\\\/graphax-mit-neu-aufgestellter-und-ausgebauter-geschaeftsleitung\\\/#primaryimage\"},\"thumbnailUrl\":\"https:\\\/\\\/www.organisator.ch\\\/wp-content\\\/uploads\\\/2022\\\/12\\\/Graphax-mit-neu-aufgestellter-und-ausgebauter-Geschaeftsleitung_Organisator.jpg\",\"keywords\":[\"Management und Unternehmensf\u00fchrung\",\"Personalia\",\"Unternehmen\"],\"articleSection\":[\"MANAGEMENT\"],\"inLanguage\":\"en-US\"},{\"@type\":\"WebPage\",\"@id\":\"https:\\\/\\\/www.organisator.ch\\\/management\\\/2022-12-15\\\/graphax-mit-neu-aufgestellter-und-ausgebauter-geschaeftsleitung\\\/\",\"url\":\"https:\\\/\\\/www.organisator.ch\\\/management\\\/2022-12-15\\\/graphax-mit-neu-aufgestellter-und-ausgebauter-geschaeftsleitung\\\/\",\"name\":\"Graphax mit neu aufgestellter und ausgebauter Gesch\u00e4ftsleitung - Organisator\",\"isPartOf\":{\"@id\":\"https:\\\/\\\/www.organisator.ch\\\/#website\"},\"primaryImageOfPage\":{\"@id\":\"https:\\\/\\\/www.organisator.ch\\\/management\\\/2022-12-15\\\/graphax-mit-neu-aufgestellter-und-ausgebauter-geschaeftsleitung\\\/#primaryimage\"},\"image\":{\"@id\":\"https:\\\/\\\/www.organisator.ch\\\/management\\\/2022-12-15\\\/graphax-mit-neu-aufgestellter-und-ausgebauter-geschaeftsleitung\\\/#primaryimage\"},\"thumbnailUrl\":\"https:\\\/\\\/www.organisator.ch\\\/wp-content\\\/uploads\\\/2022\\\/12\\\/Graphax-mit-neu-aufgestellter-und-ausgebauter-Geschaeftsleitung_Organisator.jpg\",\"datePublished\":\"2022-12-15T12:29:13+00:00\",\"description\":\"Graphax, Anbieter f\u00fcr Digitalisierungsl\u00f6sungen und Office-Automation, startet in das kommende Gesch\u00e4ftsjahr mit neuer Gesch\u00e4ftsleitung.\",\"breadcrumb\":{\"@id\":\"https:\\\/\\\/www.organisator.ch\\\/management\\\/2022-12-15\\\/graphax-mit-neu-aufgestellter-und-ausgebauter-geschaeftsleitung\\\/#breadcrumb\"},\"inLanguage\":\"en-US\",\"potentialAction\":[{\"@type\":\"ReadAction\",\"target\":[\"https:\\\/\\\/www.organisator.ch\\\/management\\\/2022-12-15\\\/graphax-mit-neu-aufgestellter-und-ausgebauter-geschaeftsleitung\\\/\"]}]},{\"@type\":\"ImageObject\",\"inLanguage\":\"en-US\",\"@id\":\"https:\\\/\\\/www.organisator.ch\\\/management\\\/2022-12-15\\\/graphax-mit-neu-aufgestellter-und-ausgebauter-geschaeftsleitung\\\/#primaryimage\",\"url\":\"https:\\\/\\\/www.organisator.ch\\\/wp-content\\\/uploads\\\/2022\\\/12\\\/Graphax-mit-neu-aufgestellter-und-ausgebauter-Geschaeftsleitung_Organisator.jpg\",\"contentUrl\":\"https:\\\/\\\/www.organisator.ch\\\/wp-content\\\/uploads\\\/2022\\\/12\\\/Graphax-mit-neu-aufgestellter-und-ausgebauter-Geschaeftsleitung_Organisator.jpg\",\"width\":680,\"height\":453,\"caption\":\"Die neu zusammengesetzte Gesch\u00e4ftsleitung von Graphax. (Bild: zVg \\\/ Graphax AG)\"},{\"@type\":\"BreadcrumbList\",\"@id\":\"https:\\\/\\\/www.organisator.ch\\\/management\\\/2022-12-15\\\/graphax-mit-neu-aufgestellter-und-ausgebauter-geschaeftsleitung\\\/#breadcrumb\",\"itemListElement\":[{\"@type\":\"ListItem\",\"position\":1,\"name\":\"Home\",\"item\":\"https:\\\/\\\/www.organisator.ch\\\/\"},{\"@type\":\"ListItem\",\"position\":2,\"name\":\"Graphax mit neu aufgestellter und ausgebauter Gesch\u00e4ftsleitung\"}]},{\"@type\":\"WebSite\",\"@id\":\"https:\\\/\\\/www.organisator.ch\\\/#website\",\"url\":\"https:\\\/\\\/www.organisator.ch\\\/\",\"name\":\"Organisator\",\"description\":\"Kompetent. Praxisnah. Der ORGANISATOR bereitet in 10 Ausgaben pro Jahr die wesentlichen Themen f\u00fcr F\u00fchrungskr\u00e4fte von KMU auf.\",\"publisher\":{\"@id\":\"https:\\\/\\\/www.organisator.ch\\\/#organization\"},\"potentialAction\":[{\"@type\":\"SearchAction\",\"target\":{\"@type\":\"EntryPoint\",\"urlTemplate\":\"https:\\\/\\\/www.organisator.ch\\\/?s={search_term_string}\"},\"query-input\":{\"@type\":\"PropertyValueSpecification\",\"valueRequired\":true,\"valueName\":\"search_term_string\"}}],\"inLanguage\":\"en-US\"},{\"@type\":\"Organization\",\"@id\":\"https:\\\/\\\/www.organisator.ch\\\/#organization\",\"name\":\"Organisator\",\"url\":\"https:\\\/\\\/www.organisator.ch\\\/\",\"logo\":{\"@type\":\"ImageObject\",\"inLanguage\":\"en-US\",\"@id\":\"https:\\\/\\\/www.organisator.ch\\\/#\\\/schema\\\/logo\\\/image\\\/\",\"url\":\"https:\\\/\\\/www.organisator.ch\\\/wp-content\\\/uploads\\\/2022\\\/01\\\/Logo_Organisator_Website.png\",\"contentUrl\":\"https:\\\/\\\/www.organisator.ch\\\/wp-content\\\/uploads\\\/2022\\\/01\\\/Logo_Organisator_Website.png\",\"width\":800,\"height\":77,\"caption\":\"Organisator\"},\"image\":{\"@id\":\"https:\\\/\\\/www.organisator.ch\\\/#\\\/schema\\\/logo\\\/image\\\/\"},\"sameAs\":[\"https:\\\/\\\/www.facebook.com\\\/OrganisatorFachmagazin\",\"https:\\\/\\\/www.linkedin.com\\\/showcase\\\/organisator-das-magazin-fr-kmu\",\"https:\\\/\\\/www.xing.com\\\/news\\\/pages\\\/organisator-ch-695\",\"https:\\\/\\\/www.youtube.com\\\/channel\\\/UCGP2Sq0iWaZwT3BdIAQFYpw\"]},{\"@type\":\"Person\",\"@id\":\"https:\\\/\\\/www.organisator.ch\\\/#\\\/schema\\\/person\\\/6f650f90b2842cd4c0cc334b4e36f67e\",\"name\":\"thomas.berner\",\"image\":{\"@type\":\"ImageObject\",\"inLanguage\":\"en-US\",\"@id\":\"https:\\\/\\\/secure.gravatar.com\\\/avatar\\\/ac5001d2a36cb6c6cd3e50789007ffca834b477b74a2144564522e944eabff61?s=96&d=mm&r=g\",\"url\":\"https:\\\/\\\/secure.gravatar.com\\\/avatar\\\/ac5001d2a36cb6c6cd3e50789007ffca834b477b74a2144564522e944eabff61?s=96&d=mm&r=g\",\"contentUrl\":\"https:\\\/\\\/secure.gravatar.com\\\/avatar\\\/ac5001d2a36cb6c6cd3e50789007ffca834b477b74a2144564522e944eabff61?s=96&d=mm&r=g\",\"caption\":\"thomas.berner\"},\"url\":\"https:\\\/\\\/www.organisator.ch\\\/en\\\/author\\\/thomas-berner\\\/\"}]}<\/script>\n<!-- \/ Yoast SEO plugin. -->","yoast_head_json":{"title":"Graphax with restructured and expanded management - organizer","description":"Graphax, provider of digitization solutions and office automation, is starting the coming fiscal year with new management.","robots":{"index":"index","follow":"follow","max-snippet":"max-snippet:-1","max-image-preview":"max-image-preview:large","max-video-preview":"max-video-preview:-1"},"canonical":"https:\/\/www.organisator.ch\/en\/management\/2022-12-15\/graphax-mit-neu-aufgestellter-und-ausgebauter-geschaeftsleitung\/","og_locale":"en_US","og_type":"article","og_title":"Graphax mit neu aufgestellter und ausgebauter Gesch\u00e4ftsleitung","og_description":"Graphax, Anbieter f\u00fcr Digitalisierungsl\u00f6sungen und Office-Automation, startet in das kommende Gesch\u00e4ftsjahr mit neuer Gesch\u00e4ftsleitung.","og_url":"https:\/\/www.organisator.ch\/en\/management\/2022-12-15\/graphax-mit-neu-aufgestellter-und-ausgebauter-geschaeftsleitung\/","og_site_name":"Organisator","article_publisher":"https:\/\/www.facebook.com\/OrganisatorFachmagazin","article_published_time":"2022-12-15T12:29:13+00:00","og_image":[{"width":680,"height":453,"url":"https:\/\/www.organisator.ch\/wp-content\/uploads\/2022\/12\/Graphax-mit-neu-aufgestellter-und-ausgebauter-Geschaeftsleitung_Organisator.jpg","type":"image\/jpeg"}],"author":"thomas.berner","twitter_card":"summary_large_image","twitter_title":"#Graphax mit neu aufgestellter und ausgebauter #Gesch\u00e4ftsleitung","twitter_description":"#Graphax, Anbieter f\u00fcr Digitalisierungsl\u00f6sungen und #Office-Automation, startet in das kommende Gesch\u00e4ftsjahr mit neuer #Gesch\u00e4ftsleitung.","twitter_image":"https:\/\/www.organisator.ch\/wp-content\/uploads\/2022\/12\/Graphax-mit-neu-aufgestellter-und-ausgebauter-Geschaeftsleitung_Organisator.jpg","schema":{"@context":"https:\/\/schema.org","@graph":[{"@type":"Article","@id":"https:\/\/www.organisator.ch\/management\/2022-12-15\/graphax-mit-neu-aufgestellter-und-ausgebauter-geschaeftsleitung\/#article","isPartOf":{"@id":"https:\/\/www.organisator.ch\/management\/2022-12-15\/graphax-mit-neu-aufgestellter-und-ausgebauter-geschaeftsleitung\/"},"author":{"name":"thomas.berner","@id":"https:\/\/www.organisator.ch\/#\/schema\/person\/6f650f90b2842cd4c0cc334b4e36f67e"},"headline":"Graphax mit neu aufgestellter und ausgebauter Gesch\u00e4ftsleitung","datePublished":"2022-12-15T12:29:13+00:00","mainEntityOfPage":{"@id":"https:\/\/www.organisator.ch\/management\/2022-12-15\/graphax-mit-neu-aufgestellter-und-ausgebauter-geschaeftsleitung\/"},"wordCount":331,"publisher":{"@id":"https:\/\/www.organisator.ch\/#organization"},"image":{"@id":"https:\/\/www.organisator.ch\/management\/2022-12-15\/graphax-mit-neu-aufgestellter-und-ausgebauter-geschaeftsleitung\/#primaryimage"},"thumbnailUrl":"https:\/\/www.organisator.ch\/wp-content\/uploads\/2022\/12\/Graphax-mit-neu-aufgestellter-und-ausgebauter-Geschaeftsleitung_Organisator.jpg","keywords":["Management und Unternehmensf\u00fchrung","Personalia","Unternehmen"],"articleSection":["MANAGEMENT"],"inLanguage":"en-US"},{"@type":"WebPage","@id":"https:\/\/www.organisator.ch\/management\/2022-12-15\/graphax-mit-neu-aufgestellter-und-ausgebauter-geschaeftsleitung\/","url":"https:\/\/www.organisator.ch\/management\/2022-12-15\/graphax-mit-neu-aufgestellter-und-ausgebauter-geschaeftsleitung\/","name":"Graphax with restructured and expanded management - organizer","isPartOf":{"@id":"https:\/\/www.organisator.ch\/#website"},"primaryImageOfPage":{"@id":"https:\/\/www.organisator.ch\/management\/2022-12-15\/graphax-mit-neu-aufgestellter-und-ausgebauter-geschaeftsleitung\/#primaryimage"},"image":{"@id":"https:\/\/www.organisator.ch\/management\/2022-12-15\/graphax-mit-neu-aufgestellter-und-ausgebauter-geschaeftsleitung\/#primaryimage"},"thumbnailUrl":"https:\/\/www.organisator.ch\/wp-content\/uploads\/2022\/12\/Graphax-mit-neu-aufgestellter-und-ausgebauter-Geschaeftsleitung_Organisator.jpg","datePublished":"2022-12-15T12:29:13+00:00","description":"Graphax, provider of digitization solutions and office automation, is starting the coming fiscal year with new management.","breadcrumb":{"@id":"https:\/\/www.organisator.ch\/management\/2022-12-15\/graphax-mit-neu-aufgestellter-und-ausgebauter-geschaeftsleitung\/#breadcrumb"},"inLanguage":"en-US","potentialAction":[{"@type":"ReadAction","target":["https:\/\/www.organisator.ch\/management\/2022-12-15\/graphax-mit-neu-aufgestellter-und-ausgebauter-geschaeftsleitung\/"]}]},{"@type":"ImageObject","inLanguage":"en-US","@id":"https:\/\/www.organisator.ch\/management\/2022-12-15\/graphax-mit-neu-aufgestellter-und-ausgebauter-geschaeftsleitung\/#primaryimage","url":"https:\/\/www.organisator.ch\/wp-content\/uploads\/2022\/12\/Graphax-mit-neu-aufgestellter-und-ausgebauter-Geschaeftsleitung_Organisator.jpg","contentUrl":"https:\/\/www.organisator.ch\/wp-content\/uploads\/2022\/12\/Graphax-mit-neu-aufgestellter-und-ausgebauter-Geschaeftsleitung_Organisator.jpg","width":680,"height":453,"caption":"Die neu zusammengesetzte Gesch\u00e4ftsleitung von Graphax. (Bild: zVg \/ Graphax AG)"},{"@type":"BreadcrumbList","@id":"https:\/\/www.organisator.ch\/management\/2022-12-15\/graphax-mit-neu-aufgestellter-und-ausgebauter-geschaeftsleitung\/#breadcrumb","itemListElement":[{"@type":"ListItem","position":1,"name":"Home","item":"https:\/\/www.organisator.ch\/"},{"@type":"ListItem","position":2,"name":"Graphax mit neu aufgestellter und ausgebauter Gesch\u00e4ftsleitung"}]},{"@type":"WebSite","@id":"https:\/\/www.organisator.ch\/#website","url":"https:\/\/www.organisator.ch\/","name":"Organizer","description":"Competent. Practical. In 10 issues per year, ORGANISATOR presents the essential topics for managers of SMEs.","publisher":{"@id":"https:\/\/www.organisator.ch\/#organization"},"potentialAction":[{"@type":"SearchAction","target":{"@type":"EntryPoint","urlTemplate":"https:\/\/www.organisator.ch\/?s={search_term_string}"},"query-input":{"@type":"PropertyValueSpecification","valueRequired":true,"valueName":"search_term_string"}}],"inLanguage":"en-US"},{"@type":"Organization","@id":"https:\/\/www.organisator.ch\/#organization","name":"Organizer","url":"https:\/\/www.organisator.ch\/","logo":{"@type":"ImageObject","inLanguage":"en-US","@id":"https:\/\/www.organisator.ch\/#\/schema\/logo\/image\/","url":"https:\/\/www.organisator.ch\/wp-content\/uploads\/2022\/01\/Logo_Organisator_Website.png","contentUrl":"https:\/\/www.organisator.ch\/wp-content\/uploads\/2022\/01\/Logo_Organisator_Website.png","width":800,"height":77,"caption":"Organisator"},"image":{"@id":"https:\/\/www.organisator.ch\/#\/schema\/logo\/image\/"},"sameAs":["https:\/\/www.facebook.com\/OrganisatorFachmagazin","https:\/\/www.linkedin.com\/showcase\/organisator-das-magazin-fr-kmu","https:\/\/www.xing.com\/news\/pages\/organisator-ch-695","https:\/\/www.youtube.com\/channel\/UCGP2Sq0iWaZwT3BdIAQFYpw"]},{"@type":"Person","@id":"https:\/\/www.organisator.ch\/#\/schema\/person\/6f650f90b2842cd4c0cc334b4e36f67e","name":"thomas.berner","image":{"@type":"ImageObject","inLanguage":"en-US","@id":"https:\/\/secure.gravatar.com\/avatar\/ac5001d2a36cb6c6cd3e50789007ffca834b477b74a2144564522e944eabff61?s=96&d=mm&r=g","url":"https:\/\/secure.gravatar.com\/avatar\/ac5001d2a36cb6c6cd3e50789007ffca834b477b74a2144564522e944eabff61?s=96&d=mm&r=g","contentUrl":"https:\/\/secure.gravatar.com\/avatar\/ac5001d2a36cb6c6cd3e50789007ffca834b477b74a2144564522e944eabff61?s=96&d=mm&r=g","caption":"thomas.berner"},"url":"https:\/\/www.organisator.ch\/en\/author\/thomas-berner\/"}]}},"_links":{"self":[{"href":"https:\/\/www.organisator.ch\/en\/wp-json\/wp\/v2\/posts\/18301","targetHints":{"allow":["GET"]}}],"collection":[{"href":"https:\/\/www.organisator.ch\/en\/wp-json\/wp\/v2\/posts"}],"about":[{"href":"https:\/\/www.organisator.ch\/en\/wp-json\/wp\/v2\/types\/post"}],"author":[{"embeddable":true,"href":"https:\/\/www.organisator.ch\/en\/wp-json\/wp\/v2\/users\/4"}],"replies":[{"embeddable":true,"href":"https:\/\/www.organisator.ch\/en\/wp-json\/wp\/v2\/comments?post=18301"}],"version-history":[{"count":1,"href":"https:\/\/www.organisator.ch\/en\/wp-json\/wp\/v2\/posts\/18301\/revisions"}],"predecessor-version":[{"id":18303,"href":"https:\/\/www.organisator.ch\/en\/wp-json\/wp\/v2\/posts\/18301\/revisions\/18303"}],"wp:featuredmedia":[{"embeddable":true,"href":"https:\/\/www.organisator.ch\/en\/wp-json\/wp\/v2\/media\/18302"}],"wp:attachment":[{"href":"https:\/\/www.organisator.ch\/en\/wp-json\/wp\/v2\/media?parent=18301"}],"wp:term":[{"taxonomy":"category","embeddable":true,"href":"https:\/\/www.organisator.ch\/en\/wp-json\/wp\/v2\/categories?post=18301"},{"taxonomy":"post_tag","embeddable":true,"href":"https:\/\/www.organisator.ch\/en\/wp-json\/wp\/v2\/tags?post=18301"}],"curies":[{"name":"wp","href":"https:\/\/api.w.org\/{rel}","templated":true}]}}