{"id":18343,"date":"2022-12-19T10:28:22","date_gmt":"2022-12-19T09:28:22","guid":{"rendered":"https:\/\/www.werbewoche.ch\/?p=191617"},"modified":"2024-11-19T12:04:21","modified_gmt":"2024-11-19T11:04:21","slug":"jugendliche-nutzen-ihr-handy-mehr-als-fuenf-stunden-am-tag","status":"publish","type":"post","link":"https:\/\/www.organisator.ch\/en\/marketing\/2022-12-19\/jugendliche-nutzen-ihr-handy-mehr-als-fuenf-stunden-am-tag\/","title":{"rendered":"Young people use their cell phones more than five hours a day"},"content":{"rendered":"<p><img class=\"alignnone wp-image-191618 size-full\" src=\"https:\/\/www.werbewoche.ch\/wp-content\/uploads\/2022\/12\/Xeit-Gen-Z-Studie.jpg\" alt=\"Young people Switzerland\" width=\"1200\" height=\"893\" \/>More than five hours - that's how long Swiss teenagers spend on their cell phones every day. Little has changed in the last three years. Young people still spend the majority of their free time in front of a screen - not including devices such as laptops, tablets or TVs.<\/p>\r\n<p>On average, the study participants spend just under 16 hours a week on social media. The top app is the meta-app Instagram, which is used most intensively by more than a third of the participants. Tiktok follows in second place, as it did in 2021. Chatting represents an important function of social media, with Snapchat leading the way here. Email, on the other hand, is practically no longer important for communication among young people.<\/p>\r\n<h3>Two and a half hours of gaming apps<\/h3>\r\n<p>However, young people have made gains when it comes to gaming on their smartphones. According to the current figures, they spend two and a half hours on gaming apps. In contrast to 2021, that's about an hour longer. Basically, Generation Z is available almost always and everywhere on digital channels.<\/p>\r\n<p>Based on screenshots of their actual cell phone usage statistics of participants aged 13 to 23, Xeit evaluated screen time and real smartphone usage. The screenshots of usage activities regularly sent in by the study participants each show the average weekly screen time and usage time of various apps, over a total period of four weeks. A total of 356 adolescents took part, 129 of whom were female, 219 male and 8 diverse.<\/p>\r\n<p>&nbsp;<\/p>\r\n<p>&nbsp;<\/p>","protected":false},"excerpt":{"rendered":"<p>Mehr als f\u00fcnf Stunden \u2013 so lange sind Schweizer Jugendliche jeden Tag am Handybildschirm. Dabei hat sich in den letzten drei Jahren wenig ge\u00e4ndert. Noch immer verbringen die Jugendlichen einen Grossteil ihrer Freizeit am Bildschirm \u2013 wobei hier Devices wie Laptop, Tablet oder TV nicht miteinberechnet wurden. Durchschnittlich investieren die Studienteilnehmer:innen pro Woche knapp 16 [\u2026]<\/p>\n","protected":false},"author":8,"featured_media":0,"comment_status":"closed","ping_status":"closed","sticky":false,"template":"","format":"standard","meta":{"_acf_changed":false,"_yoast_wpseo_focuskw":"Jugendliche Schweiz","_yoast_wpseo_metadesc":"Jugendliche in der Schweiz verbringen 2023 \u00fcber 5 Stunden t\u00e4glich am Smartphone. Social Media und Gaming dominieren.","articlekey":"","footnotes":""},"categories":[29],"tags":[3566,3567],"class_list":["post-18343","post","type-post","status-publish","format-standard","hentry","category-marketing","tag-gen-z","tag-xeit"],"acf":[],"yoast_head":"<!-- This site is optimized with the Yoast SEO plugin v27.5 - https:\/\/yoast.com\/product\/yoast-seo-wordpress\/ -->\n<title>Jugendliche nutzen ihr Handy mehr als f\u00fcnf Stunden am Tag - Organisator<\/title>\n<meta name=\"description\" content=\"Jugendliche in der Schweiz verbringen 2023 \u00fcber 5 Stunden t\u00e4glich am Smartphone. Social Media und Gaming dominieren.\" \/>\n<meta name=\"robots\" content=\"index, follow, max-snippet:-1, max-image-preview:large, max-video-preview:-1\" \/>\n<link rel=\"canonical\" href=\"https:\/\/www.organisator.ch\/en\/marketing\/2022-12-19\/jugendliche-nutzen-ihr-handy-mehr-als-fuenf-stunden-am-tag\/\" \/>\n<meta property=\"og:locale\" content=\"en_US\" \/>\n<meta property=\"og:type\" content=\"article\" \/>\n<meta property=\"og:title\" content=\"Jugendliche nutzen ihr Handy mehr als f\u00fcnf Stunden am Tag - Organisator\" \/>\n<meta property=\"og:description\" content=\"Jugendliche in der Schweiz verbringen 2023 \u00fcber 5 Stunden t\u00e4glich am Smartphone. Social Media und Gaming dominieren.\" \/>\n<meta property=\"og:url\" content=\"https:\/\/www.organisator.ch\/en\/marketing\/2022-12-19\/jugendliche-nutzen-ihr-handy-mehr-als-fuenf-stunden-am-tag\/\" \/>\n<meta property=\"og:site_name\" content=\"Organisator\" \/>\n<meta property=\"article:publisher\" content=\"https:\/\/www.facebook.com\/OrganisatorFachmagazin\" \/>\n<meta property=\"article:published_time\" content=\"2022-12-19T09:28:22+00:00\" \/>\n<meta property=\"article:modified_time\" content=\"2024-11-19T11:04:21+00:00\" \/>\n<meta name=\"author\" content=\"galledia\" \/>\n<meta name=\"twitter:card\" content=\"summary_large_image\" \/>\n<meta name=\"twitter:creator\" content=\"@admin\" \/>\n<script type=\"application\/ld+json\" class=\"yoast-schema-graph\">{\"@context\":\"https:\\\/\\\/schema.org\",\"@graph\":[{\"@type\":\"Article\",\"@id\":\"https:\\\/\\\/www.organisator.ch\\\/marketing\\\/2022-12-19\\\/jugendliche-nutzen-ihr-handy-mehr-als-fuenf-stunden-am-tag\\\/#article\",\"isPartOf\":{\"@id\":\"https:\\\/\\\/www.organisator.ch\\\/marketing\\\/2022-12-19\\\/jugendliche-nutzen-ihr-handy-mehr-als-fuenf-stunden-am-tag\\\/\"},\"author\":{\"name\":\"galledia\",\"@id\":\"https:\\\/\\\/www.organisator.ch\\\/#\\\/schema\\\/person\\\/4e51799071cd2dd1232ac003643ef5f0\"},\"headline\":\"Jugendliche nutzen ihr Handy mehr als f\u00fcnf Stunden am Tag\",\"datePublished\":\"2022-12-19T09:28:22+00:00\",\"dateModified\":\"2024-11-19T11:04:21+00:00\",\"mainEntityOfPage\":{\"@id\":\"https:\\\/\\\/www.organisator.ch\\\/marketing\\\/2022-12-19\\\/jugendliche-nutzen-ihr-handy-mehr-als-fuenf-stunden-am-tag\\\/\"},\"wordCount\":247,\"publisher\":{\"@id\":\"https:\\\/\\\/www.organisator.ch\\\/#organization\"},\"image\":{\"@id\":\"https:\\\/\\\/www.organisator.ch\\\/marketing\\\/2022-12-19\\\/jugendliche-nutzen-ihr-handy-mehr-als-fuenf-stunden-am-tag\\\/#primaryimage\"},\"thumbnailUrl\":\"https:\\\/\\\/www.werbewoche.ch\\\/wp-content\\\/uploads\\\/2022\\\/12\\\/Xeit-Gen-Z-Studie.jpg\",\"keywords\":[\"Gen Z\",\"Xeit\"],\"articleSection\":[\"MARKETING\"],\"inLanguage\":\"en-US\"},{\"@type\":\"WebPage\",\"@id\":\"https:\\\/\\\/www.organisator.ch\\\/marketing\\\/2022-12-19\\\/jugendliche-nutzen-ihr-handy-mehr-als-fuenf-stunden-am-tag\\\/\",\"url\":\"https:\\\/\\\/www.organisator.ch\\\/marketing\\\/2022-12-19\\\/jugendliche-nutzen-ihr-handy-mehr-als-fuenf-stunden-am-tag\\\/\",\"name\":\"Jugendliche nutzen ihr Handy mehr als f\u00fcnf Stunden am Tag - Organisator\",\"isPartOf\":{\"@id\":\"https:\\\/\\\/www.organisator.ch\\\/#website\"},\"primaryImageOfPage\":{\"@id\":\"https:\\\/\\\/www.organisator.ch\\\/marketing\\\/2022-12-19\\\/jugendliche-nutzen-ihr-handy-mehr-als-fuenf-stunden-am-tag\\\/#primaryimage\"},\"image\":{\"@id\":\"https:\\\/\\\/www.organisator.ch\\\/marketing\\\/2022-12-19\\\/jugendliche-nutzen-ihr-handy-mehr-als-fuenf-stunden-am-tag\\\/#primaryimage\"},\"thumbnailUrl\":\"https:\\\/\\\/www.werbewoche.ch\\\/wp-content\\\/uploads\\\/2022\\\/12\\\/Xeit-Gen-Z-Studie.jpg\",\"datePublished\":\"2022-12-19T09:28:22+00:00\",\"dateModified\":\"2024-11-19T11:04:21+00:00\",\"description\":\"Jugendliche in der Schweiz verbringen 2023 \u00fcber 5 Stunden t\u00e4glich am Smartphone. Social Media und Gaming dominieren.\",\"breadcrumb\":{\"@id\":\"https:\\\/\\\/www.organisator.ch\\\/marketing\\\/2022-12-19\\\/jugendliche-nutzen-ihr-handy-mehr-als-fuenf-stunden-am-tag\\\/#breadcrumb\"},\"inLanguage\":\"en-US\",\"potentialAction\":[{\"@type\":\"ReadAction\",\"target\":[\"https:\\\/\\\/www.organisator.ch\\\/marketing\\\/2022-12-19\\\/jugendliche-nutzen-ihr-handy-mehr-als-fuenf-stunden-am-tag\\\/\"]}]},{\"@type\":\"ImageObject\",\"inLanguage\":\"en-US\",\"@id\":\"https:\\\/\\\/www.organisator.ch\\\/marketing\\\/2022-12-19\\\/jugendliche-nutzen-ihr-handy-mehr-als-fuenf-stunden-am-tag\\\/#primaryimage\",\"url\":\"https:\\\/\\\/www.werbewoche.ch\\\/wp-content\\\/uploads\\\/2022\\\/12\\\/Xeit-Gen-Z-Studie.jpg\",\"contentUrl\":\"https:\\\/\\\/www.werbewoche.ch\\\/wp-content\\\/uploads\\\/2022\\\/12\\\/Xeit-Gen-Z-Studie.jpg\"},{\"@type\":\"BreadcrumbList\",\"@id\":\"https:\\\/\\\/www.organisator.ch\\\/marketing\\\/2022-12-19\\\/jugendliche-nutzen-ihr-handy-mehr-als-fuenf-stunden-am-tag\\\/#breadcrumb\",\"itemListElement\":[{\"@type\":\"ListItem\",\"position\":1,\"name\":\"Home\",\"item\":\"https:\\\/\\\/www.organisator.ch\\\/\"},{\"@type\":\"ListItem\",\"position\":2,\"name\":\"Jugendliche nutzen ihr Handy mehr als f\u00fcnf Stunden am Tag\"}]},{\"@type\":\"WebSite\",\"@id\":\"https:\\\/\\\/www.organisator.ch\\\/#website\",\"url\":\"https:\\\/\\\/www.organisator.ch\\\/\",\"name\":\"Organisator\",\"description\":\"Kompetent. Praxisnah. Der ORGANISATOR bereitet in 10 Ausgaben pro Jahr die wesentlichen Themen f\u00fcr F\u00fchrungskr\u00e4fte von KMU auf.\",\"publisher\":{\"@id\":\"https:\\\/\\\/www.organisator.ch\\\/#organization\"},\"potentialAction\":[{\"@type\":\"SearchAction\",\"target\":{\"@type\":\"EntryPoint\",\"urlTemplate\":\"https:\\\/\\\/www.organisator.ch\\\/?s={search_term_string}\"},\"query-input\":{\"@type\":\"PropertyValueSpecification\",\"valueRequired\":true,\"valueName\":\"search_term_string\"}}],\"inLanguage\":\"en-US\"},{\"@type\":\"Organization\",\"@id\":\"https:\\\/\\\/www.organisator.ch\\\/#organization\",\"name\":\"Organisator\",\"url\":\"https:\\\/\\\/www.organisator.ch\\\/\",\"logo\":{\"@type\":\"ImageObject\",\"inLanguage\":\"en-US\",\"@id\":\"https:\\\/\\\/www.organisator.ch\\\/#\\\/schema\\\/logo\\\/image\\\/\",\"url\":\"https:\\\/\\\/www.organisator.ch\\\/wp-content\\\/uploads\\\/2022\\\/01\\\/Logo_Organisator_Website.png\",\"contentUrl\":\"https:\\\/\\\/www.organisator.ch\\\/wp-content\\\/uploads\\\/2022\\\/01\\\/Logo_Organisator_Website.png\",\"width\":800,\"height\":77,\"caption\":\"Organisator\"},\"image\":{\"@id\":\"https:\\\/\\\/www.organisator.ch\\\/#\\\/schema\\\/logo\\\/image\\\/\"},\"sameAs\":[\"https:\\\/\\\/www.facebook.com\\\/OrganisatorFachmagazin\",\"https:\\\/\\\/www.linkedin.com\\\/showcase\\\/organisator-das-magazin-fr-kmu\",\"https:\\\/\\\/www.xing.com\\\/news\\\/pages\\\/organisator-ch-695\",\"https:\\\/\\\/www.youtube.com\\\/channel\\\/UCGP2Sq0iWaZwT3BdIAQFYpw\"]},{\"@type\":\"Person\",\"@id\":\"https:\\\/\\\/www.organisator.ch\\\/#\\\/schema\\\/person\\\/4e51799071cd2dd1232ac003643ef5f0\",\"name\":\"galledia\",\"image\":{\"@type\":\"ImageObject\",\"inLanguage\":\"en-US\",\"@id\":\"https:\\\/\\\/secure.gravatar.com\\\/avatar\\\/78a7f90c01fc2bfc875782a0d4922b37cde2cf184ce347b91316d23cd7f69a36?s=96&d=mm&r=g\",\"url\":\"https:\\\/\\\/secure.gravatar.com\\\/avatar\\\/78a7f90c01fc2bfc875782a0d4922b37cde2cf184ce347b91316d23cd7f69a36?s=96&d=mm&r=g\",\"contentUrl\":\"https:\\\/\\\/secure.gravatar.com\\\/avatar\\\/78a7f90c01fc2bfc875782a0d4922b37cde2cf184ce347b91316d23cd7f69a36?s=96&d=mm&r=g\",\"caption\":\"galledia\"},\"sameAs\":[\"https:\\\/\\\/x.com\\\/admin\"],\"url\":\"https:\\\/\\\/www.organisator.ch\\\/en\\\/author\\\/galledia\\\/\"}]}<\/script>\n<!-- \/ Yoast SEO plugin. -->","yoast_head_json":{"title":"Teenagers use their cell phones more than five hours a day - organizer","description":"Young people in Switzerland will spend over 5 hours a day on their smartphone in 2023. Social media and gaming dominate.","robots":{"index":"index","follow":"follow","max-snippet":"max-snippet:-1","max-image-preview":"max-image-preview:large","max-video-preview":"max-video-preview:-1"},"canonical":"https:\/\/www.organisator.ch\/en\/marketing\/2022-12-19\/jugendliche-nutzen-ihr-handy-mehr-als-fuenf-stunden-am-tag\/","og_locale":"en_US","og_type":"article","og_title":"Jugendliche nutzen ihr Handy mehr als f\u00fcnf Stunden am Tag - Organisator","og_description":"Jugendliche in der Schweiz verbringen 2023 \u00fcber 5 Stunden t\u00e4glich am Smartphone. Social Media und Gaming dominieren.","og_url":"https:\/\/www.organisator.ch\/en\/marketing\/2022-12-19\/jugendliche-nutzen-ihr-handy-mehr-als-fuenf-stunden-am-tag\/","og_site_name":"Organisator","article_publisher":"https:\/\/www.facebook.com\/OrganisatorFachmagazin","article_published_time":"2022-12-19T09:28:22+00:00","article_modified_time":"2024-11-19T11:04:21+00:00","author":"galledia","twitter_card":"summary_large_image","twitter_creator":"@admin","schema":{"@context":"https:\/\/schema.org","@graph":[{"@type":"Article","@id":"https:\/\/www.organisator.ch\/marketing\/2022-12-19\/jugendliche-nutzen-ihr-handy-mehr-als-fuenf-stunden-am-tag\/#article","isPartOf":{"@id":"https:\/\/www.organisator.ch\/marketing\/2022-12-19\/jugendliche-nutzen-ihr-handy-mehr-als-fuenf-stunden-am-tag\/"},"author":{"name":"galledia","@id":"https:\/\/www.organisator.ch\/#\/schema\/person\/4e51799071cd2dd1232ac003643ef5f0"},"headline":"Jugendliche nutzen ihr Handy mehr als f\u00fcnf Stunden am Tag","datePublished":"2022-12-19T09:28:22+00:00","dateModified":"2024-11-19T11:04:21+00:00","mainEntityOfPage":{"@id":"https:\/\/www.organisator.ch\/marketing\/2022-12-19\/jugendliche-nutzen-ihr-handy-mehr-als-fuenf-stunden-am-tag\/"},"wordCount":247,"publisher":{"@id":"https:\/\/www.organisator.ch\/#organization"},"image":{"@id":"https:\/\/www.organisator.ch\/marketing\/2022-12-19\/jugendliche-nutzen-ihr-handy-mehr-als-fuenf-stunden-am-tag\/#primaryimage"},"thumbnailUrl":"https:\/\/www.werbewoche.ch\/wp-content\/uploads\/2022\/12\/Xeit-Gen-Z-Studie.jpg","keywords":["Gen Z","Xeit"],"articleSection":["MARKETING"],"inLanguage":"en-US"},{"@type":"WebPage","@id":"https:\/\/www.organisator.ch\/marketing\/2022-12-19\/jugendliche-nutzen-ihr-handy-mehr-als-fuenf-stunden-am-tag\/","url":"https:\/\/www.organisator.ch\/marketing\/2022-12-19\/jugendliche-nutzen-ihr-handy-mehr-als-fuenf-stunden-am-tag\/","name":"Teenagers use their cell phones more than five hours a day - organizer","isPartOf":{"@id":"https:\/\/www.organisator.ch\/#website"},"primaryImageOfPage":{"@id":"https:\/\/www.organisator.ch\/marketing\/2022-12-19\/jugendliche-nutzen-ihr-handy-mehr-als-fuenf-stunden-am-tag\/#primaryimage"},"image":{"@id":"https:\/\/www.organisator.ch\/marketing\/2022-12-19\/jugendliche-nutzen-ihr-handy-mehr-als-fuenf-stunden-am-tag\/#primaryimage"},"thumbnailUrl":"https:\/\/www.werbewoche.ch\/wp-content\/uploads\/2022\/12\/Xeit-Gen-Z-Studie.jpg","datePublished":"2022-12-19T09:28:22+00:00","dateModified":"2024-11-19T11:04:21+00:00","description":"Young people in Switzerland will spend over 5 hours a day on their smartphone in 2023. Social media and gaming dominate.","breadcrumb":{"@id":"https:\/\/www.organisator.ch\/marketing\/2022-12-19\/jugendliche-nutzen-ihr-handy-mehr-als-fuenf-stunden-am-tag\/#breadcrumb"},"inLanguage":"en-US","potentialAction":[{"@type":"ReadAction","target":["https:\/\/www.organisator.ch\/marketing\/2022-12-19\/jugendliche-nutzen-ihr-handy-mehr-als-fuenf-stunden-am-tag\/"]}]},{"@type":"ImageObject","inLanguage":"en-US","@id":"https:\/\/www.organisator.ch\/marketing\/2022-12-19\/jugendliche-nutzen-ihr-handy-mehr-als-fuenf-stunden-am-tag\/#primaryimage","url":"https:\/\/www.werbewoche.ch\/wp-content\/uploads\/2022\/12\/Xeit-Gen-Z-Studie.jpg","contentUrl":"https:\/\/www.werbewoche.ch\/wp-content\/uploads\/2022\/12\/Xeit-Gen-Z-Studie.jpg"},{"@type":"BreadcrumbList","@id":"https:\/\/www.organisator.ch\/marketing\/2022-12-19\/jugendliche-nutzen-ihr-handy-mehr-als-fuenf-stunden-am-tag\/#breadcrumb","itemListElement":[{"@type":"ListItem","position":1,"name":"Home","item":"https:\/\/www.organisator.ch\/"},{"@type":"ListItem","position":2,"name":"Jugendliche nutzen ihr Handy mehr als f\u00fcnf Stunden am Tag"}]},{"@type":"WebSite","@id":"https:\/\/www.organisator.ch\/#website","url":"https:\/\/www.organisator.ch\/","name":"Organizer","description":"Competent. Practical. In 10 issues per year, ORGANISATOR presents the essential topics for managers of SMEs.","publisher":{"@id":"https:\/\/www.organisator.ch\/#organization"},"potentialAction":[{"@type":"SearchAction","target":{"@type":"EntryPoint","urlTemplate":"https:\/\/www.organisator.ch\/?s={search_term_string}"},"query-input":{"@type":"PropertyValueSpecification","valueRequired":true,"valueName":"search_term_string"}}],"inLanguage":"en-US"},{"@type":"Organization","@id":"https:\/\/www.organisator.ch\/#organization","name":"Organizer","url":"https:\/\/www.organisator.ch\/","logo":{"@type":"ImageObject","inLanguage":"en-US","@id":"https:\/\/www.organisator.ch\/#\/schema\/logo\/image\/","url":"https:\/\/www.organisator.ch\/wp-content\/uploads\/2022\/01\/Logo_Organisator_Website.png","contentUrl":"https:\/\/www.organisator.ch\/wp-content\/uploads\/2022\/01\/Logo_Organisator_Website.png","width":800,"height":77,"caption":"Organisator"},"image":{"@id":"https:\/\/www.organisator.ch\/#\/schema\/logo\/image\/"},"sameAs":["https:\/\/www.facebook.com\/OrganisatorFachmagazin","https:\/\/www.linkedin.com\/showcase\/organisator-das-magazin-fr-kmu","https:\/\/www.xing.com\/news\/pages\/organisator-ch-695","https:\/\/www.youtube.com\/channel\/UCGP2Sq0iWaZwT3BdIAQFYpw"]},{"@type":"Person","@id":"https:\/\/www.organisator.ch\/#\/schema\/person\/4e51799071cd2dd1232ac003643ef5f0","name":"galledia","image":{"@type":"ImageObject","inLanguage":"en-US","@id":"https:\/\/secure.gravatar.com\/avatar\/78a7f90c01fc2bfc875782a0d4922b37cde2cf184ce347b91316d23cd7f69a36?s=96&d=mm&r=g","url":"https:\/\/secure.gravatar.com\/avatar\/78a7f90c01fc2bfc875782a0d4922b37cde2cf184ce347b91316d23cd7f69a36?s=96&d=mm&r=g","contentUrl":"https:\/\/secure.gravatar.com\/avatar\/78a7f90c01fc2bfc875782a0d4922b37cde2cf184ce347b91316d23cd7f69a36?s=96&d=mm&r=g","caption":"galledia"},"sameAs":["https:\/\/x.com\/admin"],"url":"https:\/\/www.organisator.ch\/en\/author\/galledia\/"}]}},"_links":{"self":[{"href":"https:\/\/www.organisator.ch\/en\/wp-json\/wp\/v2\/posts\/18343","targetHints":{"allow":["GET"]}}],"collection":[{"href":"https:\/\/www.organisator.ch\/en\/wp-json\/wp\/v2\/posts"}],"about":[{"href":"https:\/\/www.organisator.ch\/en\/wp-json\/wp\/v2\/types\/post"}],"author":[{"embeddable":true,"href":"https:\/\/www.organisator.ch\/en\/wp-json\/wp\/v2\/users\/8"}],"replies":[{"embeddable":true,"href":"https:\/\/www.organisator.ch\/en\/wp-json\/wp\/v2\/comments?post=18343"}],"version-history":[{"count":2,"href":"https:\/\/www.organisator.ch\/en\/wp-json\/wp\/v2\/posts\/18343\/revisions"}],"predecessor-version":[{"id":33493,"href":"https:\/\/www.organisator.ch\/en\/wp-json\/wp\/v2\/posts\/18343\/revisions\/33493"}],"wp:attachment":[{"href":"https:\/\/www.organisator.ch\/en\/wp-json\/wp\/v2\/media?parent=18343"}],"wp:term":[{"taxonomy":"category","embeddable":true,"href":"https:\/\/www.organisator.ch\/en\/wp-json\/wp\/v2\/categories?post=18343"},{"taxonomy":"post_tag","embeddable":true,"href":"https:\/\/www.organisator.ch\/en\/wp-json\/wp\/v2\/tags?post=18343"}],"curies":[{"name":"wp","href":"https:\/\/api.w.org\/{rel}","templated":true}]}}