{"id":1835,"date":"2018-08-30T12:55:46","date_gmt":"2018-08-30T10:55:46","guid":{"rendered":"https:\/\/www.umweltperspektiven.ch\/?p=1835"},"modified":"2018-08-30T12:55:46","modified_gmt":"2018-08-30T10:55:46","slug":"klimaforscher-reto-knutti-ausgezeichnet","status":"publish","type":"post","link":"https:\/\/www.organisator.ch\/en\/allgemein\/2018-08-30\/klimaforscher-reto-knutti-ausgezeichnet\/","title":{"rendered":"Climate researcher Reto Knutti receives award"},"content":{"rendered":"<figure id=\"attachment_1836\" aria-describedby=\"caption-attachment-1836\" style=\"width: 680px\" class=\"wp-caption alignnone\"><img loading=\"lazy\" decoding=\"async\" class=\"size-medium wp-image-1836\" src=\"\/\/www.umweltperspektiven.ch\/wp-content\/uploads\/2018\/08\/reto_knutti-hires-Klimaforscher-Auszeichnung-UP_umweltperspektiven.jpg\" alt=\"\" width=\"680\" height=\"510\" \/><figcaption id=\"caption-attachment-1836\" class=\"wp-caption-text\">Peter Knutti is not only ETH's Delegate for Sustainability, he has recently also become a laureate of the Dr. J. E. Brandenberger Foundation. (Image: Peter R\u00fcegg\/ ETH)<\/figcaption><\/figure>\n<p>Petter Knutti receives a high award. This award honors a teacher and researcher who has shown great, sustained commitment to climate protection far beyond the country's borders and knows how to put the findings and his research at the service of society, according to the media release.<\/p>\n<p><strong>One of the highest foundation awards<\/strong><\/p>\n<p>The prize, endowed with 200,000 Swiss francs, is one of the highest foundation prizes in Switzerland. Thanks to the legacy of the foundation's donor Marthe Brandenberger, the only daughter of the Cellophane inventor Dr. J.E. Brandenberger, the prize can be awarded for the 29th time. It was her will that personalities be honored who have dedicated themselves to improving the living conditions of people and have made special contributions in this regard.<\/p>\n<p>\"This is very true of Professor Dr. Reto Knutti,\" says Foundation President Carlo Schmid-Sutter, \"our awareness of climate change has not only increased after this heatwave summer; thanks to new ways of communicating knowledge, Reto Knutti has succeeded in reaching new interested parties, making the results of his research known far beyond the academic world, and sensitizing political decision-makers and the general public to the topic.\"<\/p>\n<p><strong>Still a luminous figure<\/strong><\/p>\n<p>Reto Knutti, who grew up in Gstaad, became interested in climate as a schoolboy. \"I guess it has to do with living in the mountains,\" he says, \"you're closely connected to the weather.\" It was clear to him that he wanted to study physics at the University of Bern; his great role model in the field of climate research is the renowned Bernese climate physicist Professor Dr. Thomas Stocker. \"He became my doctoral supervisor and is still a beacon for me today.\"<\/p>\n<p>What should our world look like in 20 to 30 years? How do we raise our awareness of the risks of climate change? How do we create social and political acceptance for the irrefutable facts of climate research? As one of the main authors of the Intergovernmental Panel on Climate Change (IPCC) climate report, Reto Knutti shows the impact of global warming on our planet. He heads the Climate Physics Group at the Institute for Atmosphere and Climate of the Department of Environmental Sciences at ETH Zurich, is ETH's Delegate for Sustainability, President of ProClim, and is a tireless public advocate for a better understanding of the complexity of the global climate system and for responsible stewardship of our environment by every individual.<\/p>\n<p><em>The prize of the Dr. J.E. Brandenberger Foundation will be awarded to Reto Knutti on November 24, 2018 in Zurich. The laudation will be held by ETH President Professor Dr. Lino Guzzella.<\/em><\/p>\n<p><a href=\"\/\/www.stiftungbrandenberger.ch\">www.stiftungbrandenberger.ch<\/a><\/p>\n<p>&nbsp;<\/p>\n<p>&nbsp;<\/p>\n<p>&nbsp;<\/p>\n<p>&nbsp;<\/p>\n<p>&nbsp;<\/p>\n<p>&nbsp;<\/p>\n<p>&nbsp;<\/p>\n<p>&nbsp;<\/p>\n<p>&nbsp;<\/p>","protected":false},"excerpt":{"rendered":"<p>Petter Knutti erh\u00e4lt einen hohen Preis. Mit dieser Auszeichnung wird ein Lehrer und Forscher geehrt, der sich mit grossem, anhaltenden Einsatz f\u00fcr den Schutz des Klimas weit \u00fcber die Landesgrenzen hinaus engagiert und es versteht, die Erkenntnisse und seine Forschung in den Dienst der Gesellschaft zu stellen, heisst es in der Medienmitteilung. Einer der h\u00f6chsten [&hellip;]<\/p>\n","protected":false},"author":5,"featured_media":9565,"comment_status":"open","ping_status":"open","sticky":false,"template":"","format":"standard","meta":{"_acf_changed":false,"_yoast_wpseo_focuskw":"Reto Knutti","_yoast_wpseo_metadesc":"Professor Dr. Reto Knutti, Professor f\u00fcr Klimaphysik an der ETH Z\u00fcrich, wird f\u00fcr seine Leistungen in der Erforschung des Klimawandels ausgezeichnet.","articlekey":"","footnotes":""},"categories":[1],"tags":[743,1519,455],"class_list":["post-1835","post","type-post","status-publish","format-standard","has-post-thumbnail","hentry","category-allgemein","tag-auszeichnung","tag-klimapreis","tag-stiftung"],"acf":[],"yoast_head":"<!-- This site is optimized with the Yoast SEO plugin v27.5 - https:\/\/yoast.com\/product\/yoast-seo-wordpress\/ -->\n<title>Klimaforscher Reto Knutti ausgezeichnet - Organisator<\/title>\n<meta name=\"description\" content=\"Professor Dr. Reto Knutti, Professor f\u00fcr Klimaphysik an der ETH Z\u00fcrich, wird f\u00fcr seine Leistungen in der Erforschung des Klimawandels ausgezeichnet.\" \/>\n<meta name=\"robots\" content=\"index, follow, max-snippet:-1, max-image-preview:large, max-video-preview:-1\" \/>\n<link rel=\"canonical\" href=\"https:\/\/www.organisator.ch\/en\/general\/2018-08-30\/klimaforscher-reto-knutti-ausgezeichnet\/\" \/>\n<meta property=\"og:locale\" content=\"en_US\" \/>\n<meta property=\"og:type\" content=\"article\" \/>\n<meta property=\"og:title\" content=\"Klimaforscher Reto Knutti ausgezeichnet - Organisator\" \/>\n<meta property=\"og:description\" content=\"Professor Dr. Reto Knutti, Professor f\u00fcr Klimaphysik an der ETH Z\u00fcrich, wird f\u00fcr seine Leistungen in der Erforschung des Klimawandels ausgezeichnet.\" \/>\n<meta property=\"og:url\" content=\"https:\/\/www.organisator.ch\/en\/general\/2018-08-30\/klimaforscher-reto-knutti-ausgezeichnet\/\" \/>\n<meta property=\"og:site_name\" content=\"Organisator\" \/>\n<meta property=\"article:publisher\" content=\"https:\/\/www.facebook.com\/OrganisatorFachmagazin\" \/>\n<meta property=\"article:published_time\" content=\"2018-08-30T10:55:46+00:00\" \/>\n<meta property=\"og:image\" content=\"https:\/\/www.organisator.ch\/wp-content\/uploads\/2018\/08\/reto_knutti-hires-Klimaforscher-Auszeichnung-UP_umweltperspektiven.jpg\" \/>\n\t<meta property=\"og:image:width\" content=\"800\" \/>\n\t<meta property=\"og:image:height\" content=\"600\" \/>\n\t<meta property=\"og:image:type\" content=\"image\/jpeg\" \/>\n<meta name=\"author\" content=\"michael.merz\" \/>\n<meta name=\"twitter:card\" content=\"summary_large_image\" \/>\n<script type=\"application\/ld+json\" class=\"yoast-schema-graph\">{\"@context\":\"https:\\\/\\\/schema.org\",\"@graph\":[{\"@type\":\"Article\",\"@id\":\"https:\\\/\\\/www.organisator.ch\\\/fr\\\/general\\\/2018-08-30\\\/klimaforscher-reto-knutti-ausgezeichnet\\\/#article\",\"isPartOf\":{\"@id\":\"https:\\\/\\\/www.organisator.ch\\\/fr\\\/general\\\/2018-08-30\\\/klimaforscher-reto-knutti-ausgezeichnet\\\/\"},\"author\":{\"name\":\"michael.merz\",\"@id\":\"https:\\\/\\\/www.organisator.ch\\\/#\\\/schema\\\/person\\\/134708ca9321c57b0362cceb7948ffbd\"},\"headline\":\"Klimaforscher Reto Knutti ausgezeichnet\",\"datePublished\":\"2018-08-30T10:55:46+00:00\",\"mainEntityOfPage\":{\"@id\":\"https:\\\/\\\/www.organisator.ch\\\/fr\\\/general\\\/2018-08-30\\\/klimaforscher-reto-knutti-ausgezeichnet\\\/\"},\"wordCount\":486,\"commentCount\":0,\"publisher\":{\"@id\":\"https:\\\/\\\/www.organisator.ch\\\/#organization\"},\"image\":{\"@id\":\"https:\\\/\\\/www.organisator.ch\\\/fr\\\/general\\\/2018-08-30\\\/klimaforscher-reto-knutti-ausgezeichnet\\\/#primaryimage\"},\"thumbnailUrl\":\"https:\\\/\\\/www.organisator.ch\\\/wp-content\\\/uploads\\\/2018\\\/08\\\/reto_knutti-hires-Klimaforscher-Auszeichnung-UP_umweltperspektiven.jpg\",\"keywords\":[\"Auszeichnung\",\"Klimapreis\",\"Stiftung\"],\"articleSection\":[\"Allgemein\"],\"inLanguage\":\"en-US\"},{\"@type\":\"WebPage\",\"@id\":\"https:\\\/\\\/www.organisator.ch\\\/fr\\\/general\\\/2018-08-30\\\/klimaforscher-reto-knutti-ausgezeichnet\\\/\",\"url\":\"https:\\\/\\\/www.organisator.ch\\\/fr\\\/general\\\/2018-08-30\\\/klimaforscher-reto-knutti-ausgezeichnet\\\/\",\"name\":\"Klimaforscher Reto Knutti ausgezeichnet - Organisator\",\"isPartOf\":{\"@id\":\"https:\\\/\\\/www.organisator.ch\\\/#website\"},\"primaryImageOfPage\":{\"@id\":\"https:\\\/\\\/www.organisator.ch\\\/fr\\\/general\\\/2018-08-30\\\/klimaforscher-reto-knutti-ausgezeichnet\\\/#primaryimage\"},\"image\":{\"@id\":\"https:\\\/\\\/www.organisator.ch\\\/fr\\\/general\\\/2018-08-30\\\/klimaforscher-reto-knutti-ausgezeichnet\\\/#primaryimage\"},\"thumbnailUrl\":\"https:\\\/\\\/www.organisator.ch\\\/wp-content\\\/uploads\\\/2018\\\/08\\\/reto_knutti-hires-Klimaforscher-Auszeichnung-UP_umweltperspektiven.jpg\",\"datePublished\":\"2018-08-30T10:55:46+00:00\",\"description\":\"Professor Dr. Reto Knutti, Professor f\u00fcr Klimaphysik an der ETH Z\u00fcrich, wird f\u00fcr seine Leistungen in der Erforschung des Klimawandels ausgezeichnet.\",\"breadcrumb\":{\"@id\":\"https:\\\/\\\/www.organisator.ch\\\/fr\\\/general\\\/2018-08-30\\\/klimaforscher-reto-knutti-ausgezeichnet\\\/#breadcrumb\"},\"inLanguage\":\"en-US\",\"potentialAction\":[{\"@type\":\"ReadAction\",\"target\":[\"https:\\\/\\\/www.organisator.ch\\\/fr\\\/general\\\/2018-08-30\\\/klimaforscher-reto-knutti-ausgezeichnet\\\/\"]}]},{\"@type\":\"ImageObject\",\"inLanguage\":\"en-US\",\"@id\":\"https:\\\/\\\/www.organisator.ch\\\/fr\\\/general\\\/2018-08-30\\\/klimaforscher-reto-knutti-ausgezeichnet\\\/#primaryimage\",\"url\":\"https:\\\/\\\/www.organisator.ch\\\/wp-content\\\/uploads\\\/2018\\\/08\\\/reto_knutti-hires-Klimaforscher-Auszeichnung-UP_umweltperspektiven.jpg\",\"contentUrl\":\"https:\\\/\\\/www.organisator.ch\\\/wp-content\\\/uploads\\\/2018\\\/08\\\/reto_knutti-hires-Klimaforscher-Auszeichnung-UP_umweltperspektiven.jpg\",\"width\":800,\"height\":600,\"caption\":\"Peter Knutti ist nicht nur Delegierter f\u00fcr Nachhaltigkeit der ETH, neuerdings ist er auch Preistr\u00e4ger der Stiftung Dr. J. E. Brandenberger. (Bild: Peter R\u00fcegg\\\/ ETH)\"},{\"@type\":\"BreadcrumbList\",\"@id\":\"https:\\\/\\\/www.organisator.ch\\\/fr\\\/general\\\/2018-08-30\\\/klimaforscher-reto-knutti-ausgezeichnet\\\/#breadcrumb\",\"itemListElement\":[{\"@type\":\"ListItem\",\"position\":1,\"name\":\"Home\",\"item\":\"https:\\\/\\\/www.organisator.ch\\\/\"},{\"@type\":\"ListItem\",\"position\":2,\"name\":\"Klimaforscher Reto Knutti ausgezeichnet\"}]},{\"@type\":\"WebSite\",\"@id\":\"https:\\\/\\\/www.organisator.ch\\\/#website\",\"url\":\"https:\\\/\\\/www.organisator.ch\\\/\",\"name\":\"Organisator\",\"description\":\"Kompetent. Praxisnah. Der ORGANISATOR bereitet in 10 Ausgaben pro Jahr die wesentlichen Themen f\u00fcr F\u00fchrungskr\u00e4fte von KMU auf.\",\"publisher\":{\"@id\":\"https:\\\/\\\/www.organisator.ch\\\/#organization\"},\"potentialAction\":[{\"@type\":\"SearchAction\",\"target\":{\"@type\":\"EntryPoint\",\"urlTemplate\":\"https:\\\/\\\/www.organisator.ch\\\/?s={search_term_string}\"},\"query-input\":{\"@type\":\"PropertyValueSpecification\",\"valueRequired\":true,\"valueName\":\"search_term_string\"}}],\"inLanguage\":\"en-US\"},{\"@type\":\"Organization\",\"@id\":\"https:\\\/\\\/www.organisator.ch\\\/#organization\",\"name\":\"Organisator\",\"url\":\"https:\\\/\\\/www.organisator.ch\\\/\",\"logo\":{\"@type\":\"ImageObject\",\"inLanguage\":\"en-US\",\"@id\":\"https:\\\/\\\/www.organisator.ch\\\/#\\\/schema\\\/logo\\\/image\\\/\",\"url\":\"https:\\\/\\\/www.organisator.ch\\\/wp-content\\\/uploads\\\/2022\\\/01\\\/Logo_Organisator_Website.png\",\"contentUrl\":\"https:\\\/\\\/www.organisator.ch\\\/wp-content\\\/uploads\\\/2022\\\/01\\\/Logo_Organisator_Website.png\",\"width\":800,\"height\":77,\"caption\":\"Organisator\"},\"image\":{\"@id\":\"https:\\\/\\\/www.organisator.ch\\\/#\\\/schema\\\/logo\\\/image\\\/\"},\"sameAs\":[\"https:\\\/\\\/www.facebook.com\\\/OrganisatorFachmagazin\",\"https:\\\/\\\/www.linkedin.com\\\/showcase\\\/organisator-das-magazin-fr-kmu\",\"https:\\\/\\\/www.xing.com\\\/news\\\/pages\\\/organisator-ch-695\",\"https:\\\/\\\/www.youtube.com\\\/channel\\\/UCGP2Sq0iWaZwT3BdIAQFYpw\"]},{\"@type\":\"Person\",\"@id\":\"https:\\\/\\\/www.organisator.ch\\\/#\\\/schema\\\/person\\\/134708ca9321c57b0362cceb7948ffbd\",\"name\":\"michael.merz\",\"image\":{\"@type\":\"ImageObject\",\"inLanguage\":\"en-US\",\"@id\":\"https:\\\/\\\/secure.gravatar.com\\\/avatar\\\/?s=96&d=mm&r=g\",\"url\":\"https:\\\/\\\/secure.gravatar.com\\\/avatar\\\/?s=96&d=mm&r=g\",\"contentUrl\":\"https:\\\/\\\/secure.gravatar.com\\\/avatar\\\/?s=96&d=mm&r=g\",\"caption\":\"michael.merz\"},\"url\":\"https:\\\/\\\/www.organisator.ch\\\/en\\\/author\\\/michael-merz\\\/\"}]}<\/script>\n<!-- \/ Yoast SEO plugin. -->","yoast_head_json":{"title":"Climate researcher Reto Knutti awarded - Organizer","description":"Professor Dr. Reto Knutti, Professor of Climate Physics at ETH Zurich, is being honored for his achievements in climate change research.","robots":{"index":"index","follow":"follow","max-snippet":"max-snippet:-1","max-image-preview":"max-image-preview:large","max-video-preview":"max-video-preview:-1"},"canonical":"https:\/\/www.organisator.ch\/en\/general\/2018-08-30\/klimaforscher-reto-knutti-ausgezeichnet\/","og_locale":"en_US","og_type":"article","og_title":"Klimaforscher Reto Knutti ausgezeichnet - Organisator","og_description":"Professor Dr. Reto Knutti, Professor f\u00fcr Klimaphysik an der ETH Z\u00fcrich, wird f\u00fcr seine Leistungen in der Erforschung des Klimawandels ausgezeichnet.","og_url":"https:\/\/www.organisator.ch\/en\/general\/2018-08-30\/klimaforscher-reto-knutti-ausgezeichnet\/","og_site_name":"Organisator","article_publisher":"https:\/\/www.facebook.com\/OrganisatorFachmagazin","article_published_time":"2018-08-30T10:55:46+00:00","og_image":[{"width":800,"height":600,"url":"https:\/\/www.organisator.ch\/wp-content\/uploads\/2018\/08\/reto_knutti-hires-Klimaforscher-Auszeichnung-UP_umweltperspektiven.jpg","type":"image\/jpeg"}],"author":"michael.merz","twitter_card":"summary_large_image","schema":{"@context":"https:\/\/schema.org","@graph":[{"@type":"Article","@id":"https:\/\/www.organisator.ch\/fr\/general\/2018-08-30\/klimaforscher-reto-knutti-ausgezeichnet\/#article","isPartOf":{"@id":"https:\/\/www.organisator.ch\/fr\/general\/2018-08-30\/klimaforscher-reto-knutti-ausgezeichnet\/"},"author":{"name":"michael.merz","@id":"https:\/\/www.organisator.ch\/#\/schema\/person\/134708ca9321c57b0362cceb7948ffbd"},"headline":"Klimaforscher Reto Knutti ausgezeichnet","datePublished":"2018-08-30T10:55:46+00:00","mainEntityOfPage":{"@id":"https:\/\/www.organisator.ch\/fr\/general\/2018-08-30\/klimaforscher-reto-knutti-ausgezeichnet\/"},"wordCount":486,"commentCount":0,"publisher":{"@id":"https:\/\/www.organisator.ch\/#organization"},"image":{"@id":"https:\/\/www.organisator.ch\/fr\/general\/2018-08-30\/klimaforscher-reto-knutti-ausgezeichnet\/#primaryimage"},"thumbnailUrl":"https:\/\/www.organisator.ch\/wp-content\/uploads\/2018\/08\/reto_knutti-hires-Klimaforscher-Auszeichnung-UP_umweltperspektiven.jpg","keywords":["Auszeichnung","Klimapreis","Stiftung"],"articleSection":["Allgemein"],"inLanguage":"en-US"},{"@type":"WebPage","@id":"https:\/\/www.organisator.ch\/fr\/general\/2018-08-30\/klimaforscher-reto-knutti-ausgezeichnet\/","url":"https:\/\/www.organisator.ch\/fr\/general\/2018-08-30\/klimaforscher-reto-knutti-ausgezeichnet\/","name":"Climate researcher Reto Knutti awarded - Organizer","isPartOf":{"@id":"https:\/\/www.organisator.ch\/#website"},"primaryImageOfPage":{"@id":"https:\/\/www.organisator.ch\/fr\/general\/2018-08-30\/klimaforscher-reto-knutti-ausgezeichnet\/#primaryimage"},"image":{"@id":"https:\/\/www.organisator.ch\/fr\/general\/2018-08-30\/klimaforscher-reto-knutti-ausgezeichnet\/#primaryimage"},"thumbnailUrl":"https:\/\/www.organisator.ch\/wp-content\/uploads\/2018\/08\/reto_knutti-hires-Klimaforscher-Auszeichnung-UP_umweltperspektiven.jpg","datePublished":"2018-08-30T10:55:46+00:00","description":"Professor Dr. Reto Knutti, Professor of Climate Physics at ETH Zurich, is being honored for his achievements in climate change research.","breadcrumb":{"@id":"https:\/\/www.organisator.ch\/fr\/general\/2018-08-30\/klimaforscher-reto-knutti-ausgezeichnet\/#breadcrumb"},"inLanguage":"en-US","potentialAction":[{"@type":"ReadAction","target":["https:\/\/www.organisator.ch\/fr\/general\/2018-08-30\/klimaforscher-reto-knutti-ausgezeichnet\/"]}]},{"@type":"ImageObject","inLanguage":"en-US","@id":"https:\/\/www.organisator.ch\/fr\/general\/2018-08-30\/klimaforscher-reto-knutti-ausgezeichnet\/#primaryimage","url":"https:\/\/www.organisator.ch\/wp-content\/uploads\/2018\/08\/reto_knutti-hires-Klimaforscher-Auszeichnung-UP_umweltperspektiven.jpg","contentUrl":"https:\/\/www.organisator.ch\/wp-content\/uploads\/2018\/08\/reto_knutti-hires-Klimaforscher-Auszeichnung-UP_umweltperspektiven.jpg","width":800,"height":600,"caption":"Peter Knutti ist nicht nur Delegierter f\u00fcr Nachhaltigkeit der ETH, neuerdings ist er auch Preistr\u00e4ger der Stiftung Dr. J. E. Brandenberger. (Bild: Peter R\u00fcegg\/ ETH)"},{"@type":"BreadcrumbList","@id":"https:\/\/www.organisator.ch\/fr\/general\/2018-08-30\/klimaforscher-reto-knutti-ausgezeichnet\/#breadcrumb","itemListElement":[{"@type":"ListItem","position":1,"name":"Home","item":"https:\/\/www.organisator.ch\/"},{"@type":"ListItem","position":2,"name":"Klimaforscher Reto Knutti ausgezeichnet"}]},{"@type":"WebSite","@id":"https:\/\/www.organisator.ch\/#website","url":"https:\/\/www.organisator.ch\/","name":"Organizer","description":"Competent. Practical. In 10 issues per year, ORGANISATOR presents the essential topics for managers of SMEs.","publisher":{"@id":"https:\/\/www.organisator.ch\/#organization"},"potentialAction":[{"@type":"SearchAction","target":{"@type":"EntryPoint","urlTemplate":"https:\/\/www.organisator.ch\/?s={search_term_string}"},"query-input":{"@type":"PropertyValueSpecification","valueRequired":true,"valueName":"search_term_string"}}],"inLanguage":"en-US"},{"@type":"Organization","@id":"https:\/\/www.organisator.ch\/#organization","name":"Organizer","url":"https:\/\/www.organisator.ch\/","logo":{"@type":"ImageObject","inLanguage":"en-US","@id":"https:\/\/www.organisator.ch\/#\/schema\/logo\/image\/","url":"https:\/\/www.organisator.ch\/wp-content\/uploads\/2022\/01\/Logo_Organisator_Website.png","contentUrl":"https:\/\/www.organisator.ch\/wp-content\/uploads\/2022\/01\/Logo_Organisator_Website.png","width":800,"height":77,"caption":"Organisator"},"image":{"@id":"https:\/\/www.organisator.ch\/#\/schema\/logo\/image\/"},"sameAs":["https:\/\/www.facebook.com\/OrganisatorFachmagazin","https:\/\/www.linkedin.com\/showcase\/organisator-das-magazin-fr-kmu","https:\/\/www.xing.com\/news\/pages\/organisator-ch-695","https:\/\/www.youtube.com\/channel\/UCGP2Sq0iWaZwT3BdIAQFYpw"]},{"@type":"Person","@id":"https:\/\/www.organisator.ch\/#\/schema\/person\/134708ca9321c57b0362cceb7948ffbd","name":"michael.merz","image":{"@type":"ImageObject","inLanguage":"en-US","@id":"https:\/\/secure.gravatar.com\/avatar\/?s=96&d=mm&r=g","url":"https:\/\/secure.gravatar.com\/avatar\/?s=96&d=mm&r=g","contentUrl":"https:\/\/secure.gravatar.com\/avatar\/?s=96&d=mm&r=g","caption":"michael.merz"},"url":"https:\/\/www.organisator.ch\/en\/author\/michael-merz\/"}]}},"_links":{"self":[{"href":"https:\/\/www.organisator.ch\/en\/wp-json\/wp\/v2\/posts\/1835","targetHints":{"allow":["GET"]}}],"collection":[{"href":"https:\/\/www.organisator.ch\/en\/wp-json\/wp\/v2\/posts"}],"about":[{"href":"https:\/\/www.organisator.ch\/en\/wp-json\/wp\/v2\/types\/post"}],"author":[{"embeddable":true,"href":"https:\/\/www.organisator.ch\/en\/wp-json\/wp\/v2\/users\/5"}],"replies":[{"embeddable":true,"href":"https:\/\/www.organisator.ch\/en\/wp-json\/wp\/v2\/comments?post=1835"}],"version-history":[{"count":0,"href":"https:\/\/www.organisator.ch\/en\/wp-json\/wp\/v2\/posts\/1835\/revisions"}],"wp:featuredmedia":[{"embeddable":true,"href":"https:\/\/www.organisator.ch\/en\/wp-json\/wp\/v2\/media\/9565"}],"wp:attachment":[{"href":"https:\/\/www.organisator.ch\/en\/wp-json\/wp\/v2\/media?parent=1835"}],"wp:term":[{"taxonomy":"category","embeddable":true,"href":"https:\/\/www.organisator.ch\/en\/wp-json\/wp\/v2\/categories?post=1835"},{"taxonomy":"post_tag","embeddable":true,"href":"https:\/\/www.organisator.ch\/en\/wp-json\/wp\/v2\/tags?post=1835"}],"curies":[{"name":"wp","href":"https:\/\/api.w.org\/{rel}","templated":true}]}}