{"id":18357,"date":"2022-12-28T09:38:45","date_gmt":"2022-12-28T08:38:45","guid":{"rendered":"https:\/\/www.organisator.ch\/?p=18357"},"modified":"2023-01-03T07:37:56","modified_gmt":"2023-01-03T06:37:56","slug":"greenwashing-ist-das-nur-gruenfaerberei","status":"publish","type":"post","link":"https:\/\/www.organisator.ch\/en\/sustainability\/2022-12-28\/greenwashing-ist-das-nur-gruenfaerberei\/","title":{"rendered":"Greenwashing - is it just greenwashing?"},"content":{"rendered":"<figure id=\"attachment_18358\" class=\"wp-caption alignnone\" style=\"width: 680px;\" aria-describedby=\"caption-attachment-18358\"><img class=\"size-full wp-image-18358\" src=\"https:\/\/www.organisator.ch\/wp-content\/uploads\/2022\/12\/Greenwashing-ist-das-nur-Gruenfaerberei_Organisator.jpg\" sizes=\"(max-width: 680px) 100vw, 680px\" srcset=\"https:\/\/www.organisator.ch\/wp-content\/uploads\/2022\/12\/Greenwashing-ist-das-nur-Gruenfaerberei_Organisator.jpg 680w, https:\/\/www.organisator.ch\/wp-content\/uploads\/2022\/12\/Greenwashing-ist-das-nur-Gruenfaerberei_Organisator-18x12.jpg 18w, https:\/\/www.organisator.ch\/wp-content\/uploads\/2022\/12\/Greenwashing-ist-das-nur-Gruenfaerberei_Organisator-375x250.jpg 375w, https:\/\/www.organisator.ch\/wp-content\/uploads\/2022\/12\/Greenwashing-ist-das-nur-Gruenfaerberei_Organisator-524x350.jpg 524w\" alt=\"\" width=\"680\" height=\"454\" \/><figcaption id=\"caption-attachment-18358\" class=\"wp-caption-text\">Susanne Winkler, head of studies at the HWZ with a focus on controlling and sustainability, makes a pointed statement on the topic of greenwashing. (Image: HWZ)<\/figcaption><\/figure>\r\nDiscussions about the impact of greenwashing have gained further momentum in recent weeks. While the climate neutrality of the FIFA World Cup in Qatar is being hotly debated, the Federal Council has published its position on greenwashing prevention in the financial sector.\r\n<h3><strong>What is greenwashing anyway?<\/strong><\/h3>\r\nAlready in the definition of the term, the different views and approaches diverge widely as to the meaning of greenwashing beyond effective PR and marketing measures.\r\n\r\nThe Federal Council assumes that greenwashing in the financial sector occurs namely when there is a deceptive appearance that a financial service or financial instrument has sustainable characteristics or pursues sustainability goals, which in reality does not correspond to the factual situation. The question arises: When does something no longer correspond to the factual situation and how is sustainability defined in this context at all?\r\n\r\nIn the EU area, greenwashing is understood to mean only false or misleading claims in the area of environmental friendliness. Misleading communications about the social compatibility of processes and technologies are referred to as bluewashing. Here, the \"blue\" deliberately alludes to the color of the UN as a humanitarian organization.\r\n<h3><strong>What should I do as a company if I don't want to wash green or blue? <\/strong><\/h3>\r\nUncertainties or the actual lack of existing regulations in the area of sustainability do not only unsettle consumers. Companies are equally affected. Legal clarity must be created in order to be able to counteract greenwashing in a preventive manner. Important: The opposite of good is not evil here, but rather a question of faith. In this context, this means that I assume that something is sustainable even though this is not factually true. Transparency and education are needed.\r\n<h3><strong>What does green-hushing mean?<\/strong><\/h3>\r\nOne phenomenon that is becoming visible in the context of the general versunicalization with regard to sustainability is so-called green-hushing: I do good and don't talk about it (anymore). A study conducted in October 2022 by South Pole, which is a leading global developer of climate protection projects and solutions, shows that more than a third of DACH companies that have set themselves science-based reduction targets do not want to communicate these publicly or no longer do so. Fourteen large Swiss companies were also part of this study. We can only speculate about the reasons for this lack of communication. It is reasonable to assume that the companies consider the reputational risk of overly ambitious communication to be higher than the possible gain that would be made by announcing the reduction targets. The fact is that this strategic silence means that the economy is losing important role models who, with their innovative brand message, could be a trend-setting reference for other companies and products.\r\n<h3>Clear regulations against greenwashing<\/h3>\r\nClear guidelines on what is understood by sustainability in Switzerland and how it should be communicated would set preventive limits to greenwashing and green-hushing. Of course, it is true that the green- or bluewasher does not automatically mutate into an ecological pioneer through regulations. However, the legal consequences of choosing the wrong washing process would be clear. It can be assumed that this would encourage large associations, such as FIFA, to be more careful in their communication.\r\n\r\nWhat is desirable here is not an oversized set of rules, as is the case in the EU. Rather, what is needed here is a pragmatic \"Swiss finish\" that has proven itself time and again in many areas over the years.\r\n\r\n<em><strong>Author\r\n<\/strong>Susanne Winkler is at the <a href=\"http:\/\/www.fh-hwz.ch\/\">HWZ<\/a> Subject specialist, course director and lecturer in the fields of accounting, controlling and sustainability. After completing her Master's degree at the University of Basel with a focus on banking, finance and controlling, she gained relevant experience in the field of auditing and regulatory consulting at one of the Big Four auditing firms.<\/em>\r\n\r\nThe post <a href=\"https:\/\/www.organisator.ch\/de\/sustainability\/2022-12-28\/greenwashing-ist-das-nur-gruenfaerberei\/\" rel=\"nofollow\">Greenwashing - is it just greenwashing?<\/a> appeared first on <a href=\"https:\/\/www.organisator.ch\/de\" rel=\"nofollow\">Organizer<\/a>.","protected":false},"excerpt":{"rendered":"<p>Diskussionen rund um die Wirkung von Greenwashing haben in den letzten Wochen weiter an Fahrt gewonnen. W\u00e4hrend die von der FIFA kommunizierte Klimaneutralit\u00e4t der Fussball-WM in Katar heiss diskutiert wird, hat der Bundesrat seinen Standpunkt bez\u00fcglich Greenwashing-Pr\u00e4vention im Finanzsektor publiziert. Was ist Greenwashing \u00fcberhaupt? Bereits bei der Begriffsdefinition gehen die unterschiedlichen Ansichten und Ans\u00e4tze weit [\u2026]<\/p>\n<p>The post <a rel=\"nofollow\" href=\"https:\/\/www.organisator.ch\/de\/sustainability\/2022-12-28\/greenwashing-ist-das-nur-gruenfaerberei\/\">Greenwashing \u2013 ist das nur Gr\u00fcnf\u00e4rberei?<\/a> appeared first on <a rel=\"nofollow\" href=\"https:\/\/www.organisator.ch\/de\">Organisator<\/a>.<\/p>\n","protected":false},"author":4,"featured_media":18358,"comment_status":"closed","ping_status":"closed","sticky":false,"template":"","format":"standard","meta":{"_acf_changed":false,"_yoast_wpseo_focuskw":"Greenwashing","_yoast_wpseo_metadesc":"Im vorliegenden Gastbeitrag werden die vielf\u00e4ltigen Themenfelder rund um das Greenwashing und m\u00f6gliche Regulatorien dagegen beleuchtet.","articlekey":"","footnotes":""},"categories":[580],"tags":[307,339,358,531],"class_list":["post-18357","post","type-post","status-publish","format-standard","has-post-thumbnail","hentry","category-sustainability","tag-kommentar","tag-marketing","tag-nachhaltige-wirtschaft","tag-wirtschaftspolitik"],"acf":[],"yoast_head":"<!-- This site is optimized with the Yoast SEO plugin v27.4 - https:\/\/yoast.com\/product\/yoast-seo-wordpress\/ -->\n<title>Greenwashing \u2013 ist das nur Gr\u00fcnf\u00e4rberei? - Organisator<\/title>\n<meta name=\"description\" content=\"Im vorliegenden Gastbeitrag werden die vielf\u00e4ltigen Themenfelder rund um das Greenwashing und m\u00f6gliche Regulatorien dagegen beleuchtet.\" \/>\n<meta name=\"robots\" content=\"index, follow, max-snippet:-1, max-image-preview:large, max-video-preview:-1\" \/>\n<link rel=\"canonical\" href=\"https:\/\/www.organisator.ch\/en\/sustainability\/2022-12-28\/greenwashing-ist-das-nur-gruenfaerberei\/\" \/>\n<meta property=\"og:locale\" content=\"en_US\" \/>\n<meta property=\"og:type\" content=\"article\" \/>\n<meta property=\"og:title\" content=\"Greenwashing - ist das nur Gr\u00fcnf\u00e4rberei?\" \/>\n<meta property=\"og:description\" content=\"Im vorliegenden Gastbeitrag werden die vielf\u00e4ltigen Themenfelder rund um das Greenwashing und m\u00f6gliche Regulatorien dagegen beleuchtet.\" \/>\n<meta property=\"og:url\" content=\"https:\/\/www.organisator.ch\/en\/sustainability\/2022-12-28\/greenwashing-ist-das-nur-gruenfaerberei\/\" \/>\n<meta property=\"og:site_name\" content=\"Organisator\" \/>\n<meta property=\"article:publisher\" content=\"https:\/\/www.facebook.com\/OrganisatorFachmagazin\" \/>\n<meta property=\"article:published_time\" content=\"2022-12-28T08:38:45+00:00\" \/>\n<meta property=\"article:modified_time\" content=\"2023-01-03T06:37:56+00:00\" \/>\n<meta property=\"og:image\" content=\"https:\/\/www.organisator.ch\/wp-content\/uploads\/2022\/12\/Greenwashing-ist-das-nur-Gruenfaerberei_Organisator.jpg\" \/>\n\t<meta property=\"og:image:width\" content=\"680\" \/>\n\t<meta property=\"og:image:height\" content=\"454\" \/>\n\t<meta property=\"og:image:type\" content=\"image\/jpeg\" \/>\n<meta name=\"author\" content=\"thomas.berner\" \/>\n<meta name=\"twitter:card\" content=\"summary_large_image\" \/>\n<meta name=\"twitter:title\" content=\"#Greenwashing - ist das nur #Gr\u00fcnf\u00e4rberei?\" \/>\n<meta name=\"twitter:description\" content=\"Im vorliegenden #Gastbeitrag werden die vielf\u00e4ltigen Themenfelder rund um das #Greenwashing und m\u00f6gliche #Regulatorien dagegen beleuchtet.\" \/>\n<meta name=\"twitter:image\" content=\"https:\/\/www.organisator.ch\/wp-content\/uploads\/2022\/12\/Greenwashing-ist-das-nur-Gruenfaerberei_Organisator.jpg\" \/>\n<script type=\"application\/ld+json\" class=\"yoast-schema-graph\">{\"@context\":\"https:\\\/\\\/schema.org\",\"@graph\":[{\"@type\":\"Article\",\"@id\":\"https:\\\/\\\/www.organisator.ch\\\/sustainability\\\/2022-12-28\\\/greenwashing-ist-das-nur-gruenfaerberei\\\/#article\",\"isPartOf\":{\"@id\":\"https:\\\/\\\/www.organisator.ch\\\/sustainability\\\/2022-12-28\\\/greenwashing-ist-das-nur-gruenfaerberei\\\/\"},\"author\":{\"name\":\"thomas.berner\",\"@id\":\"https:\\\/\\\/www.organisator.ch\\\/#\\\/schema\\\/person\\\/6f650f90b2842cd4c0cc334b4e36f67e\"},\"headline\":\"Greenwashing \u2013 ist das nur Gr\u00fcnf\u00e4rberei?\",\"datePublished\":\"2022-12-28T08:38:45+00:00\",\"dateModified\":\"2023-01-03T06:37:56+00:00\",\"mainEntityOfPage\":{\"@id\":\"https:\\\/\\\/www.organisator.ch\\\/sustainability\\\/2022-12-28\\\/greenwashing-ist-das-nur-gruenfaerberei\\\/\"},\"wordCount\":644,\"publisher\":{\"@id\":\"https:\\\/\\\/www.organisator.ch\\\/#organization\"},\"image\":{\"@id\":\"https:\\\/\\\/www.organisator.ch\\\/sustainability\\\/2022-12-28\\\/greenwashing-ist-das-nur-gruenfaerberei\\\/#primaryimage\"},\"thumbnailUrl\":\"https:\\\/\\\/www.organisator.ch\\\/wp-content\\\/uploads\\\/2022\\\/12\\\/Greenwashing-ist-das-nur-Gruenfaerberei_Organisator.jpg\",\"keywords\":[\"Kommentar\",\"Marketing\",\"Nachhaltige Wirtschaft\",\"Wirtschaftspolitik\"],\"articleSection\":[\"SUSTAINABILITY\"],\"inLanguage\":\"en-US\"},{\"@type\":\"WebPage\",\"@id\":\"https:\\\/\\\/www.organisator.ch\\\/sustainability\\\/2022-12-28\\\/greenwashing-ist-das-nur-gruenfaerberei\\\/\",\"url\":\"https:\\\/\\\/www.organisator.ch\\\/sustainability\\\/2022-12-28\\\/greenwashing-ist-das-nur-gruenfaerberei\\\/\",\"name\":\"Greenwashing \u2013 ist das nur Gr\u00fcnf\u00e4rberei? - Organisator\",\"isPartOf\":{\"@id\":\"https:\\\/\\\/www.organisator.ch\\\/#website\"},\"primaryImageOfPage\":{\"@id\":\"https:\\\/\\\/www.organisator.ch\\\/sustainability\\\/2022-12-28\\\/greenwashing-ist-das-nur-gruenfaerberei\\\/#primaryimage\"},\"image\":{\"@id\":\"https:\\\/\\\/www.organisator.ch\\\/sustainability\\\/2022-12-28\\\/greenwashing-ist-das-nur-gruenfaerberei\\\/#primaryimage\"},\"thumbnailUrl\":\"https:\\\/\\\/www.organisator.ch\\\/wp-content\\\/uploads\\\/2022\\\/12\\\/Greenwashing-ist-das-nur-Gruenfaerberei_Organisator.jpg\",\"datePublished\":\"2022-12-28T08:38:45+00:00\",\"dateModified\":\"2023-01-03T06:37:56+00:00\",\"description\":\"Im vorliegenden Gastbeitrag werden die vielf\u00e4ltigen Themenfelder rund um das Greenwashing und m\u00f6gliche Regulatorien dagegen beleuchtet.\",\"breadcrumb\":{\"@id\":\"https:\\\/\\\/www.organisator.ch\\\/sustainability\\\/2022-12-28\\\/greenwashing-ist-das-nur-gruenfaerberei\\\/#breadcrumb\"},\"inLanguage\":\"en-US\",\"potentialAction\":[{\"@type\":\"ReadAction\",\"target\":[\"https:\\\/\\\/www.organisator.ch\\\/sustainability\\\/2022-12-28\\\/greenwashing-ist-das-nur-gruenfaerberei\\\/\"]}]},{\"@type\":\"ImageObject\",\"inLanguage\":\"en-US\",\"@id\":\"https:\\\/\\\/www.organisator.ch\\\/sustainability\\\/2022-12-28\\\/greenwashing-ist-das-nur-gruenfaerberei\\\/#primaryimage\",\"url\":\"https:\\\/\\\/www.organisator.ch\\\/wp-content\\\/uploads\\\/2022\\\/12\\\/Greenwashing-ist-das-nur-Gruenfaerberei_Organisator.jpg\",\"contentUrl\":\"https:\\\/\\\/www.organisator.ch\\\/wp-content\\\/uploads\\\/2022\\\/12\\\/Greenwashing-ist-das-nur-Gruenfaerberei_Organisator.jpg\",\"width\":680,\"height\":454,\"caption\":\"Susanne Winkler, Studiengangsleiterin an der HWZ mit Schwerpunkten in den Bereichen Controlling und Nachhaltigkeit \u00e4ussert sich pointiert zum Thema Greenwashing. (Bild: HWZ)\"},{\"@type\":\"BreadcrumbList\",\"@id\":\"https:\\\/\\\/www.organisator.ch\\\/sustainability\\\/2022-12-28\\\/greenwashing-ist-das-nur-gruenfaerberei\\\/#breadcrumb\",\"itemListElement\":[{\"@type\":\"ListItem\",\"position\":1,\"name\":\"Home\",\"item\":\"https:\\\/\\\/www.organisator.ch\\\/\"},{\"@type\":\"ListItem\",\"position\":2,\"name\":\"Greenwashing \u2013 ist das nur Gr\u00fcnf\u00e4rberei?\"}]},{\"@type\":\"WebSite\",\"@id\":\"https:\\\/\\\/www.organisator.ch\\\/#website\",\"url\":\"https:\\\/\\\/www.organisator.ch\\\/\",\"name\":\"Organisator\",\"description\":\"Kompetent. Praxisnah. Der ORGANISATOR bereitet in 10 Ausgaben pro Jahr die wesentlichen Themen f\u00fcr F\u00fchrungskr\u00e4fte von KMU auf.\",\"publisher\":{\"@id\":\"https:\\\/\\\/www.organisator.ch\\\/#organization\"},\"potentialAction\":[{\"@type\":\"SearchAction\",\"target\":{\"@type\":\"EntryPoint\",\"urlTemplate\":\"https:\\\/\\\/www.organisator.ch\\\/?s={search_term_string}\"},\"query-input\":{\"@type\":\"PropertyValueSpecification\",\"valueRequired\":true,\"valueName\":\"search_term_string\"}}],\"inLanguage\":\"en-US\"},{\"@type\":\"Organization\",\"@id\":\"https:\\\/\\\/www.organisator.ch\\\/#organization\",\"name\":\"Organisator\",\"url\":\"https:\\\/\\\/www.organisator.ch\\\/\",\"logo\":{\"@type\":\"ImageObject\",\"inLanguage\":\"en-US\",\"@id\":\"https:\\\/\\\/www.organisator.ch\\\/#\\\/schema\\\/logo\\\/image\\\/\",\"url\":\"https:\\\/\\\/www.organisator.ch\\\/wp-content\\\/uploads\\\/2022\\\/01\\\/Logo_Organisator_Website.png\",\"contentUrl\":\"https:\\\/\\\/www.organisator.ch\\\/wp-content\\\/uploads\\\/2022\\\/01\\\/Logo_Organisator_Website.png\",\"width\":800,\"height\":77,\"caption\":\"Organisator\"},\"image\":{\"@id\":\"https:\\\/\\\/www.organisator.ch\\\/#\\\/schema\\\/logo\\\/image\\\/\"},\"sameAs\":[\"https:\\\/\\\/www.facebook.com\\\/OrganisatorFachmagazin\",\"https:\\\/\\\/www.linkedin.com\\\/showcase\\\/organisator-das-magazin-fr-kmu\",\"https:\\\/\\\/www.xing.com\\\/news\\\/pages\\\/organisator-ch-695\",\"https:\\\/\\\/www.youtube.com\\\/channel\\\/UCGP2Sq0iWaZwT3BdIAQFYpw\"]},{\"@type\":\"Person\",\"@id\":\"https:\\\/\\\/www.organisator.ch\\\/#\\\/schema\\\/person\\\/6f650f90b2842cd4c0cc334b4e36f67e\",\"name\":\"thomas.berner\",\"image\":{\"@type\":\"ImageObject\",\"inLanguage\":\"en-US\",\"@id\":\"https:\\\/\\\/secure.gravatar.com\\\/avatar\\\/ac5001d2a36cb6c6cd3e50789007ffca834b477b74a2144564522e944eabff61?s=96&d=mm&r=g\",\"url\":\"https:\\\/\\\/secure.gravatar.com\\\/avatar\\\/ac5001d2a36cb6c6cd3e50789007ffca834b477b74a2144564522e944eabff61?s=96&d=mm&r=g\",\"contentUrl\":\"https:\\\/\\\/secure.gravatar.com\\\/avatar\\\/ac5001d2a36cb6c6cd3e50789007ffca834b477b74a2144564522e944eabff61?s=96&d=mm&r=g\",\"caption\":\"thomas.berner\"},\"url\":\"https:\\\/\\\/www.organisator.ch\\\/en\\\/author\\\/thomas-berner\\\/\"}]}<\/script>\n<!-- \/ Yoast SEO plugin. -->","yoast_head_json":{"title":"Greenwashing - is it just greenwashing? - Organizer","description":"This guest article examines the many issues surrounding greenwashing and possible regulations against it.","robots":{"index":"index","follow":"follow","max-snippet":"max-snippet:-1","max-image-preview":"max-image-preview:large","max-video-preview":"max-video-preview:-1"},"canonical":"https:\/\/www.organisator.ch\/en\/sustainability\/2022-12-28\/greenwashing-ist-das-nur-gruenfaerberei\/","og_locale":"en_US","og_type":"article","og_title":"Greenwashing - ist das nur Gr\u00fcnf\u00e4rberei?","og_description":"Im vorliegenden Gastbeitrag werden die vielf\u00e4ltigen Themenfelder rund um das Greenwashing und m\u00f6gliche Regulatorien dagegen beleuchtet.","og_url":"https:\/\/www.organisator.ch\/en\/sustainability\/2022-12-28\/greenwashing-ist-das-nur-gruenfaerberei\/","og_site_name":"Organisator","article_publisher":"https:\/\/www.facebook.com\/OrganisatorFachmagazin","article_published_time":"2022-12-28T08:38:45+00:00","article_modified_time":"2023-01-03T06:37:56+00:00","og_image":[{"width":680,"height":454,"url":"https:\/\/www.organisator.ch\/wp-content\/uploads\/2022\/12\/Greenwashing-ist-das-nur-Gruenfaerberei_Organisator.jpg","type":"image\/jpeg"}],"author":"thomas.berner","twitter_card":"summary_large_image","twitter_title":"#Greenwashing - ist das nur #Gr\u00fcnf\u00e4rberei?","twitter_description":"Im vorliegenden #Gastbeitrag werden die vielf\u00e4ltigen Themenfelder rund um das #Greenwashing und m\u00f6gliche #Regulatorien dagegen beleuchtet.","twitter_image":"https:\/\/www.organisator.ch\/wp-content\/uploads\/2022\/12\/Greenwashing-ist-das-nur-Gruenfaerberei_Organisator.jpg","schema":{"@context":"https:\/\/schema.org","@graph":[{"@type":"Article","@id":"https:\/\/www.organisator.ch\/sustainability\/2022-12-28\/greenwashing-ist-das-nur-gruenfaerberei\/#article","isPartOf":{"@id":"https:\/\/www.organisator.ch\/sustainability\/2022-12-28\/greenwashing-ist-das-nur-gruenfaerberei\/"},"author":{"name":"thomas.berner","@id":"https:\/\/www.organisator.ch\/#\/schema\/person\/6f650f90b2842cd4c0cc334b4e36f67e"},"headline":"Greenwashing \u2013 ist das nur Gr\u00fcnf\u00e4rberei?","datePublished":"2022-12-28T08:38:45+00:00","dateModified":"2023-01-03T06:37:56+00:00","mainEntityOfPage":{"@id":"https:\/\/www.organisator.ch\/sustainability\/2022-12-28\/greenwashing-ist-das-nur-gruenfaerberei\/"},"wordCount":644,"publisher":{"@id":"https:\/\/www.organisator.ch\/#organization"},"image":{"@id":"https:\/\/www.organisator.ch\/sustainability\/2022-12-28\/greenwashing-ist-das-nur-gruenfaerberei\/#primaryimage"},"thumbnailUrl":"https:\/\/www.organisator.ch\/wp-content\/uploads\/2022\/12\/Greenwashing-ist-das-nur-Gruenfaerberei_Organisator.jpg","keywords":["Kommentar","Marketing","Nachhaltige Wirtschaft","Wirtschaftspolitik"],"articleSection":["SUSTAINABILITY"],"inLanguage":"en-US"},{"@type":"WebPage","@id":"https:\/\/www.organisator.ch\/sustainability\/2022-12-28\/greenwashing-ist-das-nur-gruenfaerberei\/","url":"https:\/\/www.organisator.ch\/sustainability\/2022-12-28\/greenwashing-ist-das-nur-gruenfaerberei\/","name":"Greenwashing - is it just greenwashing? - Organizer","isPartOf":{"@id":"https:\/\/www.organisator.ch\/#website"},"primaryImageOfPage":{"@id":"https:\/\/www.organisator.ch\/sustainability\/2022-12-28\/greenwashing-ist-das-nur-gruenfaerberei\/#primaryimage"},"image":{"@id":"https:\/\/www.organisator.ch\/sustainability\/2022-12-28\/greenwashing-ist-das-nur-gruenfaerberei\/#primaryimage"},"thumbnailUrl":"https:\/\/www.organisator.ch\/wp-content\/uploads\/2022\/12\/Greenwashing-ist-das-nur-Gruenfaerberei_Organisator.jpg","datePublished":"2022-12-28T08:38:45+00:00","dateModified":"2023-01-03T06:37:56+00:00","description":"This guest article examines the many issues surrounding greenwashing and possible regulations against it.","breadcrumb":{"@id":"https:\/\/www.organisator.ch\/sustainability\/2022-12-28\/greenwashing-ist-das-nur-gruenfaerberei\/#breadcrumb"},"inLanguage":"en-US","potentialAction":[{"@type":"ReadAction","target":["https:\/\/www.organisator.ch\/sustainability\/2022-12-28\/greenwashing-ist-das-nur-gruenfaerberei\/"]}]},{"@type":"ImageObject","inLanguage":"en-US","@id":"https:\/\/www.organisator.ch\/sustainability\/2022-12-28\/greenwashing-ist-das-nur-gruenfaerberei\/#primaryimage","url":"https:\/\/www.organisator.ch\/wp-content\/uploads\/2022\/12\/Greenwashing-ist-das-nur-Gruenfaerberei_Organisator.jpg","contentUrl":"https:\/\/www.organisator.ch\/wp-content\/uploads\/2022\/12\/Greenwashing-ist-das-nur-Gruenfaerberei_Organisator.jpg","width":680,"height":454,"caption":"Susanne Winkler, Studiengangsleiterin an der HWZ mit Schwerpunkten in den Bereichen Controlling und Nachhaltigkeit \u00e4ussert sich pointiert zum Thema Greenwashing. (Bild: HWZ)"},{"@type":"BreadcrumbList","@id":"https:\/\/www.organisator.ch\/sustainability\/2022-12-28\/greenwashing-ist-das-nur-gruenfaerberei\/#breadcrumb","itemListElement":[{"@type":"ListItem","position":1,"name":"Home","item":"https:\/\/www.organisator.ch\/"},{"@type":"ListItem","position":2,"name":"Greenwashing \u2013 ist das nur Gr\u00fcnf\u00e4rberei?"}]},{"@type":"WebSite","@id":"https:\/\/www.organisator.ch\/#website","url":"https:\/\/www.organisator.ch\/","name":"Organizer","description":"Competent. Practical. In 10 issues per year, ORGANISATOR presents the essential topics for managers of SMEs.","publisher":{"@id":"https:\/\/www.organisator.ch\/#organization"},"potentialAction":[{"@type":"SearchAction","target":{"@type":"EntryPoint","urlTemplate":"https:\/\/www.organisator.ch\/?s={search_term_string}"},"query-input":{"@type":"PropertyValueSpecification","valueRequired":true,"valueName":"search_term_string"}}],"inLanguage":"en-US"},{"@type":"Organization","@id":"https:\/\/www.organisator.ch\/#organization","name":"Organizer","url":"https:\/\/www.organisator.ch\/","logo":{"@type":"ImageObject","inLanguage":"en-US","@id":"https:\/\/www.organisator.ch\/#\/schema\/logo\/image\/","url":"https:\/\/www.organisator.ch\/wp-content\/uploads\/2022\/01\/Logo_Organisator_Website.png","contentUrl":"https:\/\/www.organisator.ch\/wp-content\/uploads\/2022\/01\/Logo_Organisator_Website.png","width":800,"height":77,"caption":"Organisator"},"image":{"@id":"https:\/\/www.organisator.ch\/#\/schema\/logo\/image\/"},"sameAs":["https:\/\/www.facebook.com\/OrganisatorFachmagazin","https:\/\/www.linkedin.com\/showcase\/organisator-das-magazin-fr-kmu","https:\/\/www.xing.com\/news\/pages\/organisator-ch-695","https:\/\/www.youtube.com\/channel\/UCGP2Sq0iWaZwT3BdIAQFYpw"]},{"@type":"Person","@id":"https:\/\/www.organisator.ch\/#\/schema\/person\/6f650f90b2842cd4c0cc334b4e36f67e","name":"thomas.berner","image":{"@type":"ImageObject","inLanguage":"en-US","@id":"https:\/\/secure.gravatar.com\/avatar\/ac5001d2a36cb6c6cd3e50789007ffca834b477b74a2144564522e944eabff61?s=96&d=mm&r=g","url":"https:\/\/secure.gravatar.com\/avatar\/ac5001d2a36cb6c6cd3e50789007ffca834b477b74a2144564522e944eabff61?s=96&d=mm&r=g","contentUrl":"https:\/\/secure.gravatar.com\/avatar\/ac5001d2a36cb6c6cd3e50789007ffca834b477b74a2144564522e944eabff61?s=96&d=mm&r=g","caption":"thomas.berner"},"url":"https:\/\/www.organisator.ch\/en\/author\/thomas-berner\/"}]}},"_links":{"self":[{"href":"https:\/\/www.organisator.ch\/en\/wp-json\/wp\/v2\/posts\/18357","targetHints":{"allow":["GET"]}}],"collection":[{"href":"https:\/\/www.organisator.ch\/en\/wp-json\/wp\/v2\/posts"}],"about":[{"href":"https:\/\/www.organisator.ch\/en\/wp-json\/wp\/v2\/types\/post"}],"author":[{"embeddable":true,"href":"https:\/\/www.organisator.ch\/en\/wp-json\/wp\/v2\/users\/4"}],"replies":[{"embeddable":true,"href":"https:\/\/www.organisator.ch\/en\/wp-json\/wp\/v2\/comments?post=18357"}],"version-history":[{"count":4,"href":"https:\/\/www.organisator.ch\/en\/wp-json\/wp\/v2\/posts\/18357\/revisions"}],"predecessor-version":[{"id":18364,"href":"https:\/\/www.organisator.ch\/en\/wp-json\/wp\/v2\/posts\/18357\/revisions\/18364"}],"wp:featuredmedia":[{"embeddable":true,"href":"https:\/\/www.organisator.ch\/en\/wp-json\/wp\/v2\/media\/18358"}],"wp:attachment":[{"href":"https:\/\/www.organisator.ch\/en\/wp-json\/wp\/v2\/media?parent=18357"}],"wp:term":[{"taxonomy":"category","embeddable":true,"href":"https:\/\/www.organisator.ch\/en\/wp-json\/wp\/v2\/categories?post=18357"},{"taxonomy":"post_tag","embeddable":true,"href":"https:\/\/www.organisator.ch\/en\/wp-json\/wp\/v2\/tags?post=18357"}],"curies":[{"name":"wp","href":"https:\/\/api.w.org\/{rel}","templated":true}]}}