{"id":18370,"date":"2023-01-03T09:21:06","date_gmt":"2023-01-03T08:21:06","guid":{"rendered":"https:\/\/www.organisator.ch\/?p=18370"},"modified":"2023-01-03T09:21:06","modified_gmt":"2023-01-03T08:21:06","slug":"t-systems-verstaerkt-fokus-in-der-schweiz","status":"publish","type":"post","link":"https:\/\/www.organisator.ch\/en\/management\/2023-01-03\/t-systems-verstaerkt-fokus-in-der-schweiz\/","title":{"rendered":"T-Systems strengthens focus in Switzerland"},"content":{"rendered":"<figure id=\"attachment_18371\" aria-describedby=\"caption-attachment-18371\" style=\"width: 680px\" class=\"wp-caption alignnone\"><img loading=\"lazy\" decoding=\"async\" class=\"size-full wp-image-18371\" src=\"https:\/\/www.organisator.ch\/wp-content\/uploads\/2023\/01\/T-Systems-verstaerkt-Fokus-in-der-Schweiz_Organisator.jpg\" alt=\"\" width=\"680\" height=\"442\" srcset=\"https:\/\/www.organisator.ch\/wp-content\/uploads\/2023\/01\/T-Systems-verstaerkt-Fokus-in-der-Schweiz_Organisator.jpg 680w, https:\/\/www.organisator.ch\/wp-content\/uploads\/2023\/01\/T-Systems-verstaerkt-Fokus-in-der-Schweiz_Organisator-18x12.jpg 18w, https:\/\/www.organisator.ch\/wp-content\/uploads\/2023\/01\/T-Systems-verstaerkt-Fokus-in-der-Schweiz_Organisator-375x244.jpg 375w, https:\/\/www.organisator.ch\/wp-content\/uploads\/2023\/01\/T-Systems-verstaerkt-Fokus-in-der-Schweiz_Organisator-538x350.jpg 538w\" sizes=\"auto, (max-width: 680px) 100vw, 680px\" \/><figcaption id=\"caption-attachment-18371\" class=\"wp-caption-text\">Under the leadership of Managing Director Thomas Reitze, T-Systems intends to strengthen its focus in Switzerland. (Image: zVg)<\/figcaption><\/figure>\n<p>T-Systems Switzerland will once again become an independent national company within T-Systems International and as part of Deutsche Telekom from January 1, 2023. The bundling of the business of T-Systems Switzerland and Austria in the Alpine region had set the course for greater efficiency, successful development of the 'Cloud Services' and 'Digital' portfolio units and cross-country know-how transfer in the regional markets since 2019, the company writes. The new autonomy will strengthen T-Systems' Swiss identity and thus enable an even more tailored focus on the Swiss market, while at the same time expanding growth in the DACH region, it adds.<\/p>\n<h3>Benefit from proven experience<\/h3>\n<p>Thomas Reitze, who has headed the Swiss subsidiary within the T-Systems Alpine regional division for almost three years, will become Managing Director of T-Systems Switzerland, which has become a system-relevant IT and digitization partner for its customers. This strong position is to be consolidated and expanded in the coming years, combined with a clear commitment to the Swiss market and a local presence. The new organization is to benefit from proven experience in the public transport and healthcare sectors, public administration, as well as in the finance and insurance industry and the service sector. \"We are setting ourselves big goals in Switzerland and pursuing a long-term strategy,\" says Thomas Reitze, adding, \"Digital transformation is advancing rapidly and opening up new opportunities in every sector. More than ever, therefore, industry-specific consulting services and solutions for digital sovereignty are in demand.\"<\/p>\n<h3>No changes for existing customers<\/h3>\n<p>For existing Swiss customers, nothing will change with the reorganization. Thomas Reitze: \"I am very much looking forward to working with the great people who work at T-Systems to develop even more specific solutions for our customers in Switzerland and to be a reliable, secure and innovative partner with our European DNA.\"<\/p>\n<p><a href=\"https:\/\/www.t-systems.com\/ch\/de\/ueber-t-systems\/t-systems-schweiz\"><em>Source<\/em><\/a><\/p>","protected":false},"excerpt":{"rendered":"<p>T-Systems Schweiz wird ab 1. Januar 2023 wieder zur eigenst\u00e4ndigen Landesgesellschaft innerhalb der T-Systems International und als Teil der Deutschen Telekom. Die B\u00fcndelung des Gesch\u00e4fts von T-Systems Schweiz und \u00d6sterreich in der Alpine Region hatte seit 2019 die Weichen f\u00fcr mehr Effizienz, eine erfolgreiche Entwicklung der Portfolio-Einheiten \u201aCloud Services\u2018 und \u201aDigital\u2018 und den l\u00e4nder\u00fcbergreifenden Know-how-Transfer [&hellip;]<\/p>\n","protected":false},"author":4,"featured_media":18371,"comment_status":"closed","ping_status":"closed","sticky":false,"template":"","format":"standard","meta":{"_acf_changed":false,"_yoast_wpseo_focuskw":"T-Systems","_yoast_wpseo_metadesc":"Per 1. 1. 2023 wird T-Systems Schweiz als eigenst\u00e4ndige Landesgesellschaft gef\u00fchrt. Die Rolle des Managing Director \u00fcbernimmt Thomas Reitze.","articlekey":"","footnotes":""},"categories":[28],"tags":[286,381,492],"class_list":["post-18370","post","type-post","status-publish","format-standard","has-post-thumbnail","hentry","category-management","tag-it","tag-personalia","tag-unternehmen"],"acf":[],"yoast_head":"<!-- This site is optimized with the Yoast SEO plugin v27.5 - https:\/\/yoast.com\/product\/yoast-seo-wordpress\/ -->\n<title>T-Systems verst\u00e4rkt Fokus in der Schweiz - Organisator<\/title>\n<meta name=\"description\" content=\"Per 1. 1. 2023 wird T-Systems Schweiz als eigenst\u00e4ndige Landesgesellschaft gef\u00fchrt. Die Rolle des Managing Director \u00fcbernimmt Thomas Reitze.\" \/>\n<meta name=\"robots\" content=\"index, follow, max-snippet:-1, max-image-preview:large, max-video-preview:-1\" \/>\n<link rel=\"canonical\" href=\"https:\/\/www.organisator.ch\/en\/management\/2023-01-03\/t-systems-verstaerkt-fokus-in-der-schweiz\/\" \/>\n<meta property=\"og:locale\" content=\"en_US\" \/>\n<meta property=\"og:type\" content=\"article\" \/>\n<meta property=\"og:title\" content=\"T-Systems verst\u00e4rkt Fokus in der Schweiz\" \/>\n<meta property=\"og:description\" content=\"Per 1. 1. 2023 wird T-Systems Schweiz als eigenst\u00e4ndige Landesgesellschaft gef\u00fchrt. Die Rolle des Managing Director \u00fcbernimmt Thomas Reitze.\" \/>\n<meta property=\"og:url\" content=\"https:\/\/www.organisator.ch\/en\/management\/2023-01-03\/t-systems-verstaerkt-fokus-in-der-schweiz\/\" \/>\n<meta property=\"og:site_name\" content=\"Organisator\" \/>\n<meta property=\"article:publisher\" content=\"https:\/\/www.facebook.com\/OrganisatorFachmagazin\" \/>\n<meta property=\"article:published_time\" content=\"2023-01-03T08:21:06+00:00\" \/>\n<meta property=\"og:image\" content=\"https:\/\/www.organisator.ch\/wp-content\/uploads\/2023\/01\/T-Systems-verstaerkt-Fokus-in-der-Schweiz_Organisator.jpg\" \/>\n\t<meta property=\"og:image:width\" content=\"680\" \/>\n\t<meta property=\"og:image:height\" content=\"442\" \/>\n\t<meta property=\"og:image:type\" content=\"image\/jpeg\" \/>\n<meta name=\"author\" content=\"thomas.berner\" \/>\n<meta name=\"twitter:card\" content=\"summary_large_image\" \/>\n<meta name=\"twitter:title\" content=\"T-Systems verst\u00e4rkt Fokus in der Schweiz\" \/>\n<meta name=\"twitter:description\" content=\"Per 1. 1. 2023 wird T-Systems Schweiz als eigenst\u00e4ndige Landesgesellschaft gef\u00fchrt. Die Rolle des Managing Director \u00fcbernimmt Thomas Reitze.\" \/>\n<meta name=\"twitter:image\" content=\"https:\/\/www.organisator.ch\/wp-content\/uploads\/2023\/01\/T-Systems-verstaerkt-Fokus-in-der-Schweiz_Organisator.jpg\" \/>\n<script type=\"application\/ld+json\" class=\"yoast-schema-graph\">{\"@context\":\"https:\\\/\\\/schema.org\",\"@graph\":[{\"@type\":\"Article\",\"@id\":\"https:\\\/\\\/www.organisator.ch\\\/management\\\/2023-01-03\\\/t-systems-verstaerkt-fokus-in-der-schweiz\\\/#article\",\"isPartOf\":{\"@id\":\"https:\\\/\\\/www.organisator.ch\\\/management\\\/2023-01-03\\\/t-systems-verstaerkt-fokus-in-der-schweiz\\\/\"},\"author\":{\"name\":\"thomas.berner\",\"@id\":\"https:\\\/\\\/www.organisator.ch\\\/#\\\/schema\\\/person\\\/6f650f90b2842cd4c0cc334b4e36f67e\"},\"headline\":\"T-Systems verst\u00e4rkt Fokus in der Schweiz\",\"datePublished\":\"2023-01-03T08:21:06+00:00\",\"mainEntityOfPage\":{\"@id\":\"https:\\\/\\\/www.organisator.ch\\\/management\\\/2023-01-03\\\/t-systems-verstaerkt-fokus-in-der-schweiz\\\/\"},\"wordCount\":342,\"publisher\":{\"@id\":\"https:\\\/\\\/www.organisator.ch\\\/#organization\"},\"image\":{\"@id\":\"https:\\\/\\\/www.organisator.ch\\\/management\\\/2023-01-03\\\/t-systems-verstaerkt-fokus-in-der-schweiz\\\/#primaryimage\"},\"thumbnailUrl\":\"https:\\\/\\\/www.organisator.ch\\\/wp-content\\\/uploads\\\/2023\\\/01\\\/T-Systems-verstaerkt-Fokus-in-der-Schweiz_Organisator.jpg\",\"keywords\":[\"IT\",\"Personalia\",\"Unternehmen\"],\"articleSection\":[\"MANAGEMENT\"],\"inLanguage\":\"en-US\"},{\"@type\":\"WebPage\",\"@id\":\"https:\\\/\\\/www.organisator.ch\\\/management\\\/2023-01-03\\\/t-systems-verstaerkt-fokus-in-der-schweiz\\\/\",\"url\":\"https:\\\/\\\/www.organisator.ch\\\/management\\\/2023-01-03\\\/t-systems-verstaerkt-fokus-in-der-schweiz\\\/\",\"name\":\"T-Systems verst\u00e4rkt Fokus in der Schweiz - Organisator\",\"isPartOf\":{\"@id\":\"https:\\\/\\\/www.organisator.ch\\\/#website\"},\"primaryImageOfPage\":{\"@id\":\"https:\\\/\\\/www.organisator.ch\\\/management\\\/2023-01-03\\\/t-systems-verstaerkt-fokus-in-der-schweiz\\\/#primaryimage\"},\"image\":{\"@id\":\"https:\\\/\\\/www.organisator.ch\\\/management\\\/2023-01-03\\\/t-systems-verstaerkt-fokus-in-der-schweiz\\\/#primaryimage\"},\"thumbnailUrl\":\"https:\\\/\\\/www.organisator.ch\\\/wp-content\\\/uploads\\\/2023\\\/01\\\/T-Systems-verstaerkt-Fokus-in-der-Schweiz_Organisator.jpg\",\"datePublished\":\"2023-01-03T08:21:06+00:00\",\"description\":\"Per 1. 1. 2023 wird T-Systems Schweiz als eigenst\u00e4ndige Landesgesellschaft gef\u00fchrt. Die Rolle des Managing Director \u00fcbernimmt Thomas Reitze.\",\"breadcrumb\":{\"@id\":\"https:\\\/\\\/www.organisator.ch\\\/management\\\/2023-01-03\\\/t-systems-verstaerkt-fokus-in-der-schweiz\\\/#breadcrumb\"},\"inLanguage\":\"en-US\",\"potentialAction\":[{\"@type\":\"ReadAction\",\"target\":[\"https:\\\/\\\/www.organisator.ch\\\/management\\\/2023-01-03\\\/t-systems-verstaerkt-fokus-in-der-schweiz\\\/\"]}]},{\"@type\":\"ImageObject\",\"inLanguage\":\"en-US\",\"@id\":\"https:\\\/\\\/www.organisator.ch\\\/management\\\/2023-01-03\\\/t-systems-verstaerkt-fokus-in-der-schweiz\\\/#primaryimage\",\"url\":\"https:\\\/\\\/www.organisator.ch\\\/wp-content\\\/uploads\\\/2023\\\/01\\\/T-Systems-verstaerkt-Fokus-in-der-Schweiz_Organisator.jpg\",\"contentUrl\":\"https:\\\/\\\/www.organisator.ch\\\/wp-content\\\/uploads\\\/2023\\\/01\\\/T-Systems-verstaerkt-Fokus-in-der-Schweiz_Organisator.jpg\",\"width\":680,\"height\":442,\"caption\":\"Unter der Leitung von Managing Director Thomas Reitze will T-Systems den Fokus in der Schweiz verst\u00e4rken. (Bild: zVg \\\/ T-Systems)\"},{\"@type\":\"BreadcrumbList\",\"@id\":\"https:\\\/\\\/www.organisator.ch\\\/management\\\/2023-01-03\\\/t-systems-verstaerkt-fokus-in-der-schweiz\\\/#breadcrumb\",\"itemListElement\":[{\"@type\":\"ListItem\",\"position\":1,\"name\":\"Home\",\"item\":\"https:\\\/\\\/www.organisator.ch\\\/\"},{\"@type\":\"ListItem\",\"position\":2,\"name\":\"T-Systems verst\u00e4rkt Fokus in der Schweiz\"}]},{\"@type\":\"WebSite\",\"@id\":\"https:\\\/\\\/www.organisator.ch\\\/#website\",\"url\":\"https:\\\/\\\/www.organisator.ch\\\/\",\"name\":\"Organisator\",\"description\":\"Kompetent. Praxisnah. Der ORGANISATOR bereitet in 10 Ausgaben pro Jahr die wesentlichen Themen f\u00fcr F\u00fchrungskr\u00e4fte von KMU auf.\",\"publisher\":{\"@id\":\"https:\\\/\\\/www.organisator.ch\\\/#organization\"},\"potentialAction\":[{\"@type\":\"SearchAction\",\"target\":{\"@type\":\"EntryPoint\",\"urlTemplate\":\"https:\\\/\\\/www.organisator.ch\\\/?s={search_term_string}\"},\"query-input\":{\"@type\":\"PropertyValueSpecification\",\"valueRequired\":true,\"valueName\":\"search_term_string\"}}],\"inLanguage\":\"en-US\"},{\"@type\":\"Organization\",\"@id\":\"https:\\\/\\\/www.organisator.ch\\\/#organization\",\"name\":\"Organisator\",\"url\":\"https:\\\/\\\/www.organisator.ch\\\/\",\"logo\":{\"@type\":\"ImageObject\",\"inLanguage\":\"en-US\",\"@id\":\"https:\\\/\\\/www.organisator.ch\\\/#\\\/schema\\\/logo\\\/image\\\/\",\"url\":\"https:\\\/\\\/www.organisator.ch\\\/wp-content\\\/uploads\\\/2022\\\/01\\\/Logo_Organisator_Website.png\",\"contentUrl\":\"https:\\\/\\\/www.organisator.ch\\\/wp-content\\\/uploads\\\/2022\\\/01\\\/Logo_Organisator_Website.png\",\"width\":800,\"height\":77,\"caption\":\"Organisator\"},\"image\":{\"@id\":\"https:\\\/\\\/www.organisator.ch\\\/#\\\/schema\\\/logo\\\/image\\\/\"},\"sameAs\":[\"https:\\\/\\\/www.facebook.com\\\/OrganisatorFachmagazin\",\"https:\\\/\\\/www.linkedin.com\\\/showcase\\\/organisator-das-magazin-fr-kmu\",\"https:\\\/\\\/www.xing.com\\\/news\\\/pages\\\/organisator-ch-695\",\"https:\\\/\\\/www.youtube.com\\\/channel\\\/UCGP2Sq0iWaZwT3BdIAQFYpw\"]},{\"@type\":\"Person\",\"@id\":\"https:\\\/\\\/www.organisator.ch\\\/#\\\/schema\\\/person\\\/6f650f90b2842cd4c0cc334b4e36f67e\",\"name\":\"thomas.berner\",\"image\":{\"@type\":\"ImageObject\",\"inLanguage\":\"en-US\",\"@id\":\"https:\\\/\\\/secure.gravatar.com\\\/avatar\\\/ac5001d2a36cb6c6cd3e50789007ffca834b477b74a2144564522e944eabff61?s=96&d=mm&r=g\",\"url\":\"https:\\\/\\\/secure.gravatar.com\\\/avatar\\\/ac5001d2a36cb6c6cd3e50789007ffca834b477b74a2144564522e944eabff61?s=96&d=mm&r=g\",\"contentUrl\":\"https:\\\/\\\/secure.gravatar.com\\\/avatar\\\/ac5001d2a36cb6c6cd3e50789007ffca834b477b74a2144564522e944eabff61?s=96&d=mm&r=g\",\"caption\":\"thomas.berner\"},\"url\":\"https:\\\/\\\/www.organisator.ch\\\/en\\\/author\\\/thomas-berner\\\/\"}]}<\/script>\n<!-- \/ Yoast SEO plugin. -->","yoast_head_json":{"title":"T-Systems strengthens focus in Switzerland - Organizer","description":"As of January 1, 2023, T-Systems Switzerland will operate as an independent national company. Thomas Reitze will assume the role of Managing Director.","robots":{"index":"index","follow":"follow","max-snippet":"max-snippet:-1","max-image-preview":"max-image-preview:large","max-video-preview":"max-video-preview:-1"},"canonical":"https:\/\/www.organisator.ch\/en\/management\/2023-01-03\/t-systems-verstaerkt-fokus-in-der-schweiz\/","og_locale":"en_US","og_type":"article","og_title":"T-Systems verst\u00e4rkt Fokus in der Schweiz","og_description":"Per 1. 1. 2023 wird T-Systems Schweiz als eigenst\u00e4ndige Landesgesellschaft gef\u00fchrt. Die Rolle des Managing Director \u00fcbernimmt Thomas Reitze.","og_url":"https:\/\/www.organisator.ch\/en\/management\/2023-01-03\/t-systems-verstaerkt-fokus-in-der-schweiz\/","og_site_name":"Organisator","article_publisher":"https:\/\/www.facebook.com\/OrganisatorFachmagazin","article_published_time":"2023-01-03T08:21:06+00:00","og_image":[{"width":680,"height":442,"url":"https:\/\/www.organisator.ch\/wp-content\/uploads\/2023\/01\/T-Systems-verstaerkt-Fokus-in-der-Schweiz_Organisator.jpg","type":"image\/jpeg"}],"author":"thomas.berner","twitter_card":"summary_large_image","twitter_title":"T-Systems verst\u00e4rkt Fokus in der Schweiz","twitter_description":"Per 1. 1. 2023 wird T-Systems Schweiz als eigenst\u00e4ndige Landesgesellschaft gef\u00fchrt. Die Rolle des Managing Director \u00fcbernimmt Thomas Reitze.","twitter_image":"https:\/\/www.organisator.ch\/wp-content\/uploads\/2023\/01\/T-Systems-verstaerkt-Fokus-in-der-Schweiz_Organisator.jpg","schema":{"@context":"https:\/\/schema.org","@graph":[{"@type":"Article","@id":"https:\/\/www.organisator.ch\/management\/2023-01-03\/t-systems-verstaerkt-fokus-in-der-schweiz\/#article","isPartOf":{"@id":"https:\/\/www.organisator.ch\/management\/2023-01-03\/t-systems-verstaerkt-fokus-in-der-schweiz\/"},"author":{"name":"thomas.berner","@id":"https:\/\/www.organisator.ch\/#\/schema\/person\/6f650f90b2842cd4c0cc334b4e36f67e"},"headline":"T-Systems verst\u00e4rkt Fokus in der Schweiz","datePublished":"2023-01-03T08:21:06+00:00","mainEntityOfPage":{"@id":"https:\/\/www.organisator.ch\/management\/2023-01-03\/t-systems-verstaerkt-fokus-in-der-schweiz\/"},"wordCount":342,"publisher":{"@id":"https:\/\/www.organisator.ch\/#organization"},"image":{"@id":"https:\/\/www.organisator.ch\/management\/2023-01-03\/t-systems-verstaerkt-fokus-in-der-schweiz\/#primaryimage"},"thumbnailUrl":"https:\/\/www.organisator.ch\/wp-content\/uploads\/2023\/01\/T-Systems-verstaerkt-Fokus-in-der-Schweiz_Organisator.jpg","keywords":["IT","Personalia","Unternehmen"],"articleSection":["MANAGEMENT"],"inLanguage":"en-US"},{"@type":"WebPage","@id":"https:\/\/www.organisator.ch\/management\/2023-01-03\/t-systems-verstaerkt-fokus-in-der-schweiz\/","url":"https:\/\/www.organisator.ch\/management\/2023-01-03\/t-systems-verstaerkt-fokus-in-der-schweiz\/","name":"T-Systems strengthens focus in Switzerland - Organizer","isPartOf":{"@id":"https:\/\/www.organisator.ch\/#website"},"primaryImageOfPage":{"@id":"https:\/\/www.organisator.ch\/management\/2023-01-03\/t-systems-verstaerkt-fokus-in-der-schweiz\/#primaryimage"},"image":{"@id":"https:\/\/www.organisator.ch\/management\/2023-01-03\/t-systems-verstaerkt-fokus-in-der-schweiz\/#primaryimage"},"thumbnailUrl":"https:\/\/www.organisator.ch\/wp-content\/uploads\/2023\/01\/T-Systems-verstaerkt-Fokus-in-der-Schweiz_Organisator.jpg","datePublished":"2023-01-03T08:21:06+00:00","description":"As of January 1, 2023, T-Systems Switzerland will operate as an independent national company. Thomas Reitze will assume the role of Managing Director.","breadcrumb":{"@id":"https:\/\/www.organisator.ch\/management\/2023-01-03\/t-systems-verstaerkt-fokus-in-der-schweiz\/#breadcrumb"},"inLanguage":"en-US","potentialAction":[{"@type":"ReadAction","target":["https:\/\/www.organisator.ch\/management\/2023-01-03\/t-systems-verstaerkt-fokus-in-der-schweiz\/"]}]},{"@type":"ImageObject","inLanguage":"en-US","@id":"https:\/\/www.organisator.ch\/management\/2023-01-03\/t-systems-verstaerkt-fokus-in-der-schweiz\/#primaryimage","url":"https:\/\/www.organisator.ch\/wp-content\/uploads\/2023\/01\/T-Systems-verstaerkt-Fokus-in-der-Schweiz_Organisator.jpg","contentUrl":"https:\/\/www.organisator.ch\/wp-content\/uploads\/2023\/01\/T-Systems-verstaerkt-Fokus-in-der-Schweiz_Organisator.jpg","width":680,"height":442,"caption":"Unter der Leitung von Managing Director Thomas Reitze will T-Systems den Fokus in der Schweiz verst\u00e4rken. (Bild: zVg \/ T-Systems)"},{"@type":"BreadcrumbList","@id":"https:\/\/www.organisator.ch\/management\/2023-01-03\/t-systems-verstaerkt-fokus-in-der-schweiz\/#breadcrumb","itemListElement":[{"@type":"ListItem","position":1,"name":"Home","item":"https:\/\/www.organisator.ch\/"},{"@type":"ListItem","position":2,"name":"T-Systems verst\u00e4rkt Fokus in der Schweiz"}]},{"@type":"WebSite","@id":"https:\/\/www.organisator.ch\/#website","url":"https:\/\/www.organisator.ch\/","name":"Organizer","description":"Competent. Practical. In 10 issues per year, ORGANISATOR presents the essential topics for managers of SMEs.","publisher":{"@id":"https:\/\/www.organisator.ch\/#organization"},"potentialAction":[{"@type":"SearchAction","target":{"@type":"EntryPoint","urlTemplate":"https:\/\/www.organisator.ch\/?s={search_term_string}"},"query-input":{"@type":"PropertyValueSpecification","valueRequired":true,"valueName":"search_term_string"}}],"inLanguage":"en-US"},{"@type":"Organization","@id":"https:\/\/www.organisator.ch\/#organization","name":"Organizer","url":"https:\/\/www.organisator.ch\/","logo":{"@type":"ImageObject","inLanguage":"en-US","@id":"https:\/\/www.organisator.ch\/#\/schema\/logo\/image\/","url":"https:\/\/www.organisator.ch\/wp-content\/uploads\/2022\/01\/Logo_Organisator_Website.png","contentUrl":"https:\/\/www.organisator.ch\/wp-content\/uploads\/2022\/01\/Logo_Organisator_Website.png","width":800,"height":77,"caption":"Organisator"},"image":{"@id":"https:\/\/www.organisator.ch\/#\/schema\/logo\/image\/"},"sameAs":["https:\/\/www.facebook.com\/OrganisatorFachmagazin","https:\/\/www.linkedin.com\/showcase\/organisator-das-magazin-fr-kmu","https:\/\/www.xing.com\/news\/pages\/organisator-ch-695","https:\/\/www.youtube.com\/channel\/UCGP2Sq0iWaZwT3BdIAQFYpw"]},{"@type":"Person","@id":"https:\/\/www.organisator.ch\/#\/schema\/person\/6f650f90b2842cd4c0cc334b4e36f67e","name":"thomas.berner","image":{"@type":"ImageObject","inLanguage":"en-US","@id":"https:\/\/secure.gravatar.com\/avatar\/ac5001d2a36cb6c6cd3e50789007ffca834b477b74a2144564522e944eabff61?s=96&d=mm&r=g","url":"https:\/\/secure.gravatar.com\/avatar\/ac5001d2a36cb6c6cd3e50789007ffca834b477b74a2144564522e944eabff61?s=96&d=mm&r=g","contentUrl":"https:\/\/secure.gravatar.com\/avatar\/ac5001d2a36cb6c6cd3e50789007ffca834b477b74a2144564522e944eabff61?s=96&d=mm&r=g","caption":"thomas.berner"},"url":"https:\/\/www.organisator.ch\/en\/author\/thomas-berner\/"}]}},"_links":{"self":[{"href":"https:\/\/www.organisator.ch\/en\/wp-json\/wp\/v2\/posts\/18370","targetHints":{"allow":["GET"]}}],"collection":[{"href":"https:\/\/www.organisator.ch\/en\/wp-json\/wp\/v2\/posts"}],"about":[{"href":"https:\/\/www.organisator.ch\/en\/wp-json\/wp\/v2\/types\/post"}],"author":[{"embeddable":true,"href":"https:\/\/www.organisator.ch\/en\/wp-json\/wp\/v2\/users\/4"}],"replies":[{"embeddable":true,"href":"https:\/\/www.organisator.ch\/en\/wp-json\/wp\/v2\/comments?post=18370"}],"version-history":[{"count":1,"href":"https:\/\/www.organisator.ch\/en\/wp-json\/wp\/v2\/posts\/18370\/revisions"}],"predecessor-version":[{"id":18372,"href":"https:\/\/www.organisator.ch\/en\/wp-json\/wp\/v2\/posts\/18370\/revisions\/18372"}],"wp:featuredmedia":[{"embeddable":true,"href":"https:\/\/www.organisator.ch\/en\/wp-json\/wp\/v2\/media\/18371"}],"wp:attachment":[{"href":"https:\/\/www.organisator.ch\/en\/wp-json\/wp\/v2\/media?parent=18370"}],"wp:term":[{"taxonomy":"category","embeddable":true,"href":"https:\/\/www.organisator.ch\/en\/wp-json\/wp\/v2\/categories?post=18370"},{"taxonomy":"post_tag","embeddable":true,"href":"https:\/\/www.organisator.ch\/en\/wp-json\/wp\/v2\/tags?post=18370"}],"curies":[{"name":"wp","href":"https:\/\/api.w.org\/{rel}","templated":true}]}}