{"id":18387,"date":"2023-01-04T07:47:25","date_gmt":"2023-01-04T06:47:25","guid":{"rendered":"https:\/\/www.organisator.ch\/?p=18387"},"modified":"2023-01-04T07:47:25","modified_gmt":"2023-01-04T06:47:25","slug":"der-kaufmaennische-verband-schweiz-feiert-sein-150-jaehriges-bestehen","status":"publish","type":"post","link":"https:\/\/www.organisator.ch\/en\/weiterbildung\/2023-01-04\/der-kaufmaennische-verband-schweiz-feiert-sein-150-jaehriges-bestehen\/","title":{"rendered":"The Swiss Commercial Association celebrates its 150th anniversary"},"content":{"rendered":"<figure id=\"attachment_18388\" aria-describedby=\"caption-attachment-18388\" style=\"width: 680px\" class=\"wp-caption alignnone\"><img loading=\"lazy\" decoding=\"async\" class=\"size-full wp-image-18388\" src=\"https:\/\/www.organisator.ch\/wp-content\/uploads\/2023\/01\/Der-Kaufmaennische-Verband-Schweiz-feiert-sein-150-jaehriges-Bestehen_Organisator.jpg\" alt=\"\" width=\"680\" height=\"454\" srcset=\"https:\/\/www.organisator.ch\/wp-content\/uploads\/2023\/01\/Der-Kaufmaennische-Verband-Schweiz-feiert-sein-150-jaehriges-Bestehen_Organisator.jpg 680w, https:\/\/www.organisator.ch\/wp-content\/uploads\/2023\/01\/Der-Kaufmaennische-Verband-Schweiz-feiert-sein-150-jaehriges-Bestehen_Organisator-18x12.jpg 18w, https:\/\/www.organisator.ch\/wp-content\/uploads\/2023\/01\/Der-Kaufmaennische-Verband-Schweiz-feiert-sein-150-jaehriges-Bestehen_Organisator-375x250.jpg 375w, https:\/\/www.organisator.ch\/wp-content\/uploads\/2023\/01\/Der-Kaufmaennische-Verband-Schweiz-feiert-sein-150-jaehriges-Bestehen_Organisator-524x350.jpg 524w\" sizes=\"auto, (max-width: 680px) 100vw, 680px\" \/><figcaption id=\"caption-attachment-18388\" class=\"wp-caption-text\">For 150 years, the Swiss Commercial Association has represented education and the profession in the commercial-business environment. (Image: Swiss Commercial Association\/Merlin Photography Ltd.)<\/figcaption><\/figure>\n<p>The Swiss Commercial Association was founded on April 14, 1873 as a federation of 20 local educational associations (at that time: \"Schweizerischer Verein junger Kaufleute\"). In 1882, the name was changed to \"Schweizerischer Kaufm\u00e4nnischer Verein\", in 1977 to \"Schweizerischer Kaufm\u00e4nnischer Verband\" and in 2001 to \"KV Schweiz\".<\/p>\n<h3>Competence Center for Education and Career<\/h3>\n<p>Today, the Swiss Commercial Association is regarded as a competence center for education and careers. It has around 38,500 members, whom it advises on issues relating to their professional careers and whose concerns it represents both at the political level and within the framework of social partnership agreements. As the sponsor or co-sponsor of various professional and technical examinations, it also offers practical training and continuing education. \"The central fields of activity of the association included, then as now, the commitment to a modern and forward-looking education, economic and social policy that treats all professionals - men and women, rich and poor, young and old - fairly\" explains Christian Z\u00fcnd, CEO of the Swiss Commercial Association.<\/p>\n<h3>150 years of education policy work<\/h3>\n<p>Education and lifelong learning are firmly anchored in the DNA of the Swiss Commercial Association, the association writes in its media release on the anniversary. \"The success of the commercial apprenticeship, which has been one of the most chosen training programs in Switzerland for decades, is based on its close focus on professional practice and the numerous opportunities for further training to acquire new skills or strengthen those already learned,\" Z\u00fcnd said. The introduction of specialized examinations in correspondence, banking and stenography in the 1920s set important pillars for the systematization and feminization of vocational education. This was followed by the differentiation of commercial professional qualifications (higher professional examinations, professional and association examinations) and numerous other educational innovations and reforms. \"The year 2023 is doubly important for the Swiss Commercial Association\" emphasizes Z\u00fcnd. \"Not only are we celebrating 150 years of association history and our tireless commitment to education and professional policy. We are also looking forward to the launch of the new commercial apprenticeship and are firmly convinced that it will equip young people - today as yesterday - with the necessary tools for the challenges of the future.\"<\/p>\n<h3>Over 100 years of social partnership<\/h3>\n<p>Even in its early founding years, the Swiss Commercial Association was committed to resolving social tensions and counteracting unemployment in economically difficult situations. The association also took up the cause of rethinking the Swiss pension system: after the First World War, for example, it joined the \"Vereinigung schweizerischer Angestelltenverb\u00e4nde\" (VSA). The aim was to promote economic stability and employer dialogue in the face of a radicalizing labor movement. As early as December 1918, the VSA was able to sign the first comprehensive collective labor agreement in Switzerland, thus laying the foundation for a modern social partnership.<\/p>\n<p>\"Today, the Swiss Commercial Association represents around 700,000 employees from the banking and insurance, retail, trade, industry, aviation and staff leasing sectors in almost 40 regional and national collective labor agreements. It is committed to fair and non-discriminatory working conditions and to strengthening the individual's ability to work,\" says Z\u00fcnd.<\/p>\n<h3>Anniversary events 2023<\/h3>\n<p>As part of various anniversary events this year, the Swiss Commercial Association is devoting itself to the working worlds of tomorrow and taking a closer look at the social and operational effects of the New Work Culture. What trends are shaping the Swiss labor market? What developments are in store for employees in service and knowledge professions? Which skills will set the pace in the future? In March 2023, the Swiss Commercial Association will also launch its anniversary campaign \"buerogeschichten.ch\" - an interactive platform that offers a journey through the history of commercial and business administration and shows why the commercial apprenticeship is indispensable for the Swiss education system and business people for the local economy.<\/p>\n<p><em>Source and further information: <a href=\"http:\/\/www.kfmv.ch\">www.kfmv.ch<\/a><\/em><\/p>","protected":false},"excerpt":{"rendered":"<p>Der Kaufm\u00e4nnische Verband Schweiz wurde am 14. April 1873 als Zusammenschluss von 20 \u00f6rtlichen Bildungsvereinen (damals: \u00abSchweizerischer Verein junger Kaufleute\u00bb) gegr\u00fcndet. 1882 folgte die Umbenennung in \u00abSchweizerischer Kaufm\u00e4nnischer Verein\u00bb, 1977 in \u00abSchweizerischer Kaufm\u00e4nnischer Verband\u00bb und 2001 in \u00abKV Schweiz\u00bb. Kompetenzzentrum f\u00fcr Bildung und Beruf Der Kaufm\u00e4nnische Verband Schweiz gilt heute als Kompetenzzentrum f\u00fcr Bildung und [&hellip;]<\/p>\n","protected":false},"author":4,"featured_media":18388,"comment_status":"closed","ping_status":"closed","sticky":false,"template":"","format":"standard","meta":{"_acf_changed":false,"_yoast_wpseo_focuskw":"Der Kaufm\u00e4nnische Verband Schweiz","_yoast_wpseo_metadesc":"Der Kaufm\u00e4nnische Verband Schweiz feiert 2023 sein 150-j\u00e4hriges Bestehen und blickt dabei auf eine erfolgreiche und bewegte Geschichte zur\u00fcck.","articlekey":"","footnotes":""},"categories":[30],"tags":[62,3569,292,503],"class_list":["post-18387","post","type-post","status-publish","format-standard","has-post-thumbnail","hentry","category-weiterbildung","tag-aus-weiterbildung","tag-berufsverbaende","tag-jubilaeum","tag-verbaende"],"acf":[],"yoast_head":"<!-- This site is optimized with the Yoast SEO plugin v27.5 - https:\/\/yoast.com\/product\/yoast-seo-wordpress\/ -->\n<title>Der Kaufm\u00e4nnische Verband Schweiz feiert sein 150-j\u00e4hriges Bestehen - Organisator<\/title>\n<meta name=\"description\" content=\"Der Kaufm\u00e4nnische Verband Schweiz feiert 2023 sein 150-j\u00e4hriges Bestehen und blickt dabei auf eine erfolgreiche und bewegte Geschichte zur\u00fcck.\" \/>\n<meta name=\"robots\" content=\"index, follow, max-snippet:-1, max-image-preview:large, max-video-preview:-1\" \/>\n<link rel=\"canonical\" href=\"https:\/\/www.organisator.ch\/en\/further-education\/2023-01-04\/der-kaufmaennische-verband-schweiz-feiert-sein-150-jaehriges-bestehen\/\" \/>\n<meta property=\"og:locale\" content=\"en_US\" \/>\n<meta property=\"og:type\" content=\"article\" \/>\n<meta property=\"og:title\" content=\"Der Kaufm\u00e4nnische Verband Schweiz feiert sein 150-j\u00e4hriges Bestehen\" \/>\n<meta property=\"og:description\" content=\"Der Kaufm\u00e4nnische Verband Schweiz feiert 2023 sein 150-j\u00e4hriges Bestehen und blickt dabei auf eine erfolgreiche und bewegte Geschichte zur\u00fcck.\" \/>\n<meta property=\"og:url\" content=\"https:\/\/www.organisator.ch\/en\/further-education\/2023-01-04\/der-kaufmaennische-verband-schweiz-feiert-sein-150-jaehriges-bestehen\/\" \/>\n<meta property=\"og:site_name\" content=\"Organisator\" \/>\n<meta property=\"article:publisher\" content=\"https:\/\/www.facebook.com\/OrganisatorFachmagazin\" \/>\n<meta property=\"article:published_time\" content=\"2023-01-04T06:47:25+00:00\" \/>\n<meta property=\"og:image\" content=\"https:\/\/www.organisator.ch\/wp-content\/uploads\/2023\/01\/Der-Kaufmaennische-Verband-Schweiz-feiert-sein-150-jaehriges-Bestehen_Organisator.jpg\" \/>\n\t<meta property=\"og:image:width\" content=\"680\" \/>\n\t<meta property=\"og:image:height\" content=\"454\" \/>\n\t<meta property=\"og:image:type\" content=\"image\/jpeg\" \/>\n<meta name=\"author\" content=\"thomas.berner\" \/>\n<meta name=\"twitter:card\" content=\"summary_large_image\" \/>\n<meta name=\"twitter:title\" content=\"Der #Kaufm\u00e4nnischeVerbandSchweiz feiert sein 150-j\u00e4hriges Bestehen\" \/>\n<meta name=\"twitter:description\" content=\"Der #Kaufm\u00e4nnischeVerbandSchweiz feiert 2023 sein 150-j\u00e4hriges Bestehen und blickt dabei auf eine erfolgreiche und bewegte Geschichte zur\u00fcck.\" \/>\n<meta name=\"twitter:image\" content=\"https:\/\/www.organisator.ch\/wp-content\/uploads\/2023\/01\/Der-Kaufmaennische-Verband-Schweiz-feiert-sein-150-jaehriges-Bestehen_Organisator.jpg\" \/>\n<script type=\"application\/ld+json\" class=\"yoast-schema-graph\">{\"@context\":\"https:\\\/\\\/schema.org\",\"@graph\":[{\"@type\":\"Article\",\"@id\":\"https:\\\/\\\/www.organisator.ch\\\/weiterbildung\\\/2023-01-04\\\/der-kaufmaennische-verband-schweiz-feiert-sein-150-jaehriges-bestehen\\\/#article\",\"isPartOf\":{\"@id\":\"https:\\\/\\\/www.organisator.ch\\\/weiterbildung\\\/2023-01-04\\\/der-kaufmaennische-verband-schweiz-feiert-sein-150-jaehriges-bestehen\\\/\"},\"author\":{\"name\":\"thomas.berner\",\"@id\":\"https:\\\/\\\/www.organisator.ch\\\/#\\\/schema\\\/person\\\/6f650f90b2842cd4c0cc334b4e36f67e\"},\"headline\":\"Der Kaufm\u00e4nnische Verband Schweiz feiert sein 150-j\u00e4hriges Bestehen\",\"datePublished\":\"2023-01-04T06:47:25+00:00\",\"mainEntityOfPage\":{\"@id\":\"https:\\\/\\\/www.organisator.ch\\\/weiterbildung\\\/2023-01-04\\\/der-kaufmaennische-verband-schweiz-feiert-sein-150-jaehriges-bestehen\\\/\"},\"wordCount\":662,\"publisher\":{\"@id\":\"https:\\\/\\\/www.organisator.ch\\\/#organization\"},\"image\":{\"@id\":\"https:\\\/\\\/www.organisator.ch\\\/weiterbildung\\\/2023-01-04\\\/der-kaufmaennische-verband-schweiz-feiert-sein-150-jaehriges-bestehen\\\/#primaryimage\"},\"thumbnailUrl\":\"https:\\\/\\\/www.organisator.ch\\\/wp-content\\\/uploads\\\/2023\\\/01\\\/Der-Kaufmaennische-Verband-Schweiz-feiert-sein-150-jaehriges-Bestehen_Organisator.jpg\",\"keywords\":[\"Aus-\\\/Weiterbildung\",\"Berufsverb\u00e4nde\",\"Jubil\u00e4um\",\"Verb\u00e4nde\"],\"articleSection\":[\"WEITERBILDUNG\"],\"inLanguage\":\"en-US\"},{\"@type\":\"WebPage\",\"@id\":\"https:\\\/\\\/www.organisator.ch\\\/weiterbildung\\\/2023-01-04\\\/der-kaufmaennische-verband-schweiz-feiert-sein-150-jaehriges-bestehen\\\/\",\"url\":\"https:\\\/\\\/www.organisator.ch\\\/weiterbildung\\\/2023-01-04\\\/der-kaufmaennische-verband-schweiz-feiert-sein-150-jaehriges-bestehen\\\/\",\"name\":\"Der Kaufm\u00e4nnische Verband Schweiz feiert sein 150-j\u00e4hriges Bestehen - Organisator\",\"isPartOf\":{\"@id\":\"https:\\\/\\\/www.organisator.ch\\\/#website\"},\"primaryImageOfPage\":{\"@id\":\"https:\\\/\\\/www.organisator.ch\\\/weiterbildung\\\/2023-01-04\\\/der-kaufmaennische-verband-schweiz-feiert-sein-150-jaehriges-bestehen\\\/#primaryimage\"},\"image\":{\"@id\":\"https:\\\/\\\/www.organisator.ch\\\/weiterbildung\\\/2023-01-04\\\/der-kaufmaennische-verband-schweiz-feiert-sein-150-jaehriges-bestehen\\\/#primaryimage\"},\"thumbnailUrl\":\"https:\\\/\\\/www.organisator.ch\\\/wp-content\\\/uploads\\\/2023\\\/01\\\/Der-Kaufmaennische-Verband-Schweiz-feiert-sein-150-jaehriges-Bestehen_Organisator.jpg\",\"datePublished\":\"2023-01-04T06:47:25+00:00\",\"description\":\"Der Kaufm\u00e4nnische Verband Schweiz feiert 2023 sein 150-j\u00e4hriges Bestehen und blickt dabei auf eine erfolgreiche und bewegte Geschichte zur\u00fcck.\",\"breadcrumb\":{\"@id\":\"https:\\\/\\\/www.organisator.ch\\\/weiterbildung\\\/2023-01-04\\\/der-kaufmaennische-verband-schweiz-feiert-sein-150-jaehriges-bestehen\\\/#breadcrumb\"},\"inLanguage\":\"en-US\",\"potentialAction\":[{\"@type\":\"ReadAction\",\"target\":[\"https:\\\/\\\/www.organisator.ch\\\/weiterbildung\\\/2023-01-04\\\/der-kaufmaennische-verband-schweiz-feiert-sein-150-jaehriges-bestehen\\\/\"]}]},{\"@type\":\"ImageObject\",\"inLanguage\":\"en-US\",\"@id\":\"https:\\\/\\\/www.organisator.ch\\\/weiterbildung\\\/2023-01-04\\\/der-kaufmaennische-verband-schweiz-feiert-sein-150-jaehriges-bestehen\\\/#primaryimage\",\"url\":\"https:\\\/\\\/www.organisator.ch\\\/wp-content\\\/uploads\\\/2023\\\/01\\\/Der-Kaufmaennische-Verband-Schweiz-feiert-sein-150-jaehriges-Bestehen_Organisator.jpg\",\"contentUrl\":\"https:\\\/\\\/www.organisator.ch\\\/wp-content\\\/uploads\\\/2023\\\/01\\\/Der-Kaufmaennische-Verband-Schweiz-feiert-sein-150-jaehriges-Bestehen_Organisator.jpg\",\"width\":680,\"height\":454,\"caption\":\"Seit 150 Jahren repr\u00e4sentiert der Kaufm\u00e4nnische Verband Schweiz Bildung und Beruf im kaufm\u00e4nnisch-betriebswirtschaftlichen Umfeld. (Bild: Kaufm\u00e4nnischer Verband Schweiz\\\/Merlin Photography Ltd.)\"},{\"@type\":\"BreadcrumbList\",\"@id\":\"https:\\\/\\\/www.organisator.ch\\\/weiterbildung\\\/2023-01-04\\\/der-kaufmaennische-verband-schweiz-feiert-sein-150-jaehriges-bestehen\\\/#breadcrumb\",\"itemListElement\":[{\"@type\":\"ListItem\",\"position\":1,\"name\":\"Home\",\"item\":\"https:\\\/\\\/www.organisator.ch\\\/\"},{\"@type\":\"ListItem\",\"position\":2,\"name\":\"Der Kaufm\u00e4nnische Verband Schweiz feiert sein 150-j\u00e4hriges Bestehen\"}]},{\"@type\":\"WebSite\",\"@id\":\"https:\\\/\\\/www.organisator.ch\\\/#website\",\"url\":\"https:\\\/\\\/www.organisator.ch\\\/\",\"name\":\"Organisator\",\"description\":\"Kompetent. Praxisnah. Der ORGANISATOR bereitet in 10 Ausgaben pro Jahr die wesentlichen Themen f\u00fcr F\u00fchrungskr\u00e4fte von KMU auf.\",\"publisher\":{\"@id\":\"https:\\\/\\\/www.organisator.ch\\\/#organization\"},\"potentialAction\":[{\"@type\":\"SearchAction\",\"target\":{\"@type\":\"EntryPoint\",\"urlTemplate\":\"https:\\\/\\\/www.organisator.ch\\\/?s={search_term_string}\"},\"query-input\":{\"@type\":\"PropertyValueSpecification\",\"valueRequired\":true,\"valueName\":\"search_term_string\"}}],\"inLanguage\":\"en-US\"},{\"@type\":\"Organization\",\"@id\":\"https:\\\/\\\/www.organisator.ch\\\/#organization\",\"name\":\"Organisator\",\"url\":\"https:\\\/\\\/www.organisator.ch\\\/\",\"logo\":{\"@type\":\"ImageObject\",\"inLanguage\":\"en-US\",\"@id\":\"https:\\\/\\\/www.organisator.ch\\\/#\\\/schema\\\/logo\\\/image\\\/\",\"url\":\"https:\\\/\\\/www.organisator.ch\\\/wp-content\\\/uploads\\\/2022\\\/01\\\/Logo_Organisator_Website.png\",\"contentUrl\":\"https:\\\/\\\/www.organisator.ch\\\/wp-content\\\/uploads\\\/2022\\\/01\\\/Logo_Organisator_Website.png\",\"width\":800,\"height\":77,\"caption\":\"Organisator\"},\"image\":{\"@id\":\"https:\\\/\\\/www.organisator.ch\\\/#\\\/schema\\\/logo\\\/image\\\/\"},\"sameAs\":[\"https:\\\/\\\/www.facebook.com\\\/OrganisatorFachmagazin\",\"https:\\\/\\\/www.linkedin.com\\\/showcase\\\/organisator-das-magazin-fr-kmu\",\"https:\\\/\\\/www.xing.com\\\/news\\\/pages\\\/organisator-ch-695\",\"https:\\\/\\\/www.youtube.com\\\/channel\\\/UCGP2Sq0iWaZwT3BdIAQFYpw\"]},{\"@type\":\"Person\",\"@id\":\"https:\\\/\\\/www.organisator.ch\\\/#\\\/schema\\\/person\\\/6f650f90b2842cd4c0cc334b4e36f67e\",\"name\":\"thomas.berner\",\"image\":{\"@type\":\"ImageObject\",\"inLanguage\":\"en-US\",\"@id\":\"https:\\\/\\\/secure.gravatar.com\\\/avatar\\\/ac5001d2a36cb6c6cd3e50789007ffca834b477b74a2144564522e944eabff61?s=96&d=mm&r=g\",\"url\":\"https:\\\/\\\/secure.gravatar.com\\\/avatar\\\/ac5001d2a36cb6c6cd3e50789007ffca834b477b74a2144564522e944eabff61?s=96&d=mm&r=g\",\"contentUrl\":\"https:\\\/\\\/secure.gravatar.com\\\/avatar\\\/ac5001d2a36cb6c6cd3e50789007ffca834b477b74a2144564522e944eabff61?s=96&d=mm&r=g\",\"caption\":\"thomas.berner\"},\"url\":\"https:\\\/\\\/www.organisator.ch\\\/en\\\/author\\\/thomas-berner\\\/\"}]}<\/script>\n<!-- \/ Yoast SEO plugin. -->","yoast_head_json":{"title":"The Swiss Commercial Association celebrates its 150th anniversary - organizer","description":"The Swiss Commercial Association celebrates its 150th anniversary in 2023 and looks back on a successful and eventful history.","robots":{"index":"index","follow":"follow","max-snippet":"max-snippet:-1","max-image-preview":"max-image-preview:large","max-video-preview":"max-video-preview:-1"},"canonical":"https:\/\/www.organisator.ch\/en\/further-education\/2023-01-04\/der-kaufmaennische-verband-schweiz-feiert-sein-150-jaehriges-bestehen\/","og_locale":"en_US","og_type":"article","og_title":"Der Kaufm\u00e4nnische Verband Schweiz feiert sein 150-j\u00e4hriges Bestehen","og_description":"Der Kaufm\u00e4nnische Verband Schweiz feiert 2023 sein 150-j\u00e4hriges Bestehen und blickt dabei auf eine erfolgreiche und bewegte Geschichte zur\u00fcck.","og_url":"https:\/\/www.organisator.ch\/en\/further-education\/2023-01-04\/der-kaufmaennische-verband-schweiz-feiert-sein-150-jaehriges-bestehen\/","og_site_name":"Organisator","article_publisher":"https:\/\/www.facebook.com\/OrganisatorFachmagazin","article_published_time":"2023-01-04T06:47:25+00:00","og_image":[{"width":680,"height":454,"url":"https:\/\/www.organisator.ch\/wp-content\/uploads\/2023\/01\/Der-Kaufmaennische-Verband-Schweiz-feiert-sein-150-jaehriges-Bestehen_Organisator.jpg","type":"image\/jpeg"}],"author":"thomas.berner","twitter_card":"summary_large_image","twitter_title":"Der #Kaufm\u00e4nnischeVerbandSchweiz feiert sein 150-j\u00e4hriges Bestehen","twitter_description":"Der #Kaufm\u00e4nnischeVerbandSchweiz feiert 2023 sein 150-j\u00e4hriges Bestehen und blickt dabei auf eine erfolgreiche und bewegte Geschichte zur\u00fcck.","twitter_image":"https:\/\/www.organisator.ch\/wp-content\/uploads\/2023\/01\/Der-Kaufmaennische-Verband-Schweiz-feiert-sein-150-jaehriges-Bestehen_Organisator.jpg","schema":{"@context":"https:\/\/schema.org","@graph":[{"@type":"Article","@id":"https:\/\/www.organisator.ch\/weiterbildung\/2023-01-04\/der-kaufmaennische-verband-schweiz-feiert-sein-150-jaehriges-bestehen\/#article","isPartOf":{"@id":"https:\/\/www.organisator.ch\/weiterbildung\/2023-01-04\/der-kaufmaennische-verband-schweiz-feiert-sein-150-jaehriges-bestehen\/"},"author":{"name":"thomas.berner","@id":"https:\/\/www.organisator.ch\/#\/schema\/person\/6f650f90b2842cd4c0cc334b4e36f67e"},"headline":"Der Kaufm\u00e4nnische Verband Schweiz feiert sein 150-j\u00e4hriges Bestehen","datePublished":"2023-01-04T06:47:25+00:00","mainEntityOfPage":{"@id":"https:\/\/www.organisator.ch\/weiterbildung\/2023-01-04\/der-kaufmaennische-verband-schweiz-feiert-sein-150-jaehriges-bestehen\/"},"wordCount":662,"publisher":{"@id":"https:\/\/www.organisator.ch\/#organization"},"image":{"@id":"https:\/\/www.organisator.ch\/weiterbildung\/2023-01-04\/der-kaufmaennische-verband-schweiz-feiert-sein-150-jaehriges-bestehen\/#primaryimage"},"thumbnailUrl":"https:\/\/www.organisator.ch\/wp-content\/uploads\/2023\/01\/Der-Kaufmaennische-Verband-Schweiz-feiert-sein-150-jaehriges-Bestehen_Organisator.jpg","keywords":["Aus-\/Weiterbildung","Berufsverb\u00e4nde","Jubil\u00e4um","Verb\u00e4nde"],"articleSection":["WEITERBILDUNG"],"inLanguage":"en-US"},{"@type":"WebPage","@id":"https:\/\/www.organisator.ch\/weiterbildung\/2023-01-04\/der-kaufmaennische-verband-schweiz-feiert-sein-150-jaehriges-bestehen\/","url":"https:\/\/www.organisator.ch\/weiterbildung\/2023-01-04\/der-kaufmaennische-verband-schweiz-feiert-sein-150-jaehriges-bestehen\/","name":"The Swiss Commercial Association celebrates its 150th anniversary - organizer","isPartOf":{"@id":"https:\/\/www.organisator.ch\/#website"},"primaryImageOfPage":{"@id":"https:\/\/www.organisator.ch\/weiterbildung\/2023-01-04\/der-kaufmaennische-verband-schweiz-feiert-sein-150-jaehriges-bestehen\/#primaryimage"},"image":{"@id":"https:\/\/www.organisator.ch\/weiterbildung\/2023-01-04\/der-kaufmaennische-verband-schweiz-feiert-sein-150-jaehriges-bestehen\/#primaryimage"},"thumbnailUrl":"https:\/\/www.organisator.ch\/wp-content\/uploads\/2023\/01\/Der-Kaufmaennische-Verband-Schweiz-feiert-sein-150-jaehriges-Bestehen_Organisator.jpg","datePublished":"2023-01-04T06:47:25+00:00","description":"The Swiss Commercial Association celebrates its 150th anniversary in 2023 and looks back on a successful and eventful history.","breadcrumb":{"@id":"https:\/\/www.organisator.ch\/weiterbildung\/2023-01-04\/der-kaufmaennische-verband-schweiz-feiert-sein-150-jaehriges-bestehen\/#breadcrumb"},"inLanguage":"en-US","potentialAction":[{"@type":"ReadAction","target":["https:\/\/www.organisator.ch\/weiterbildung\/2023-01-04\/der-kaufmaennische-verband-schweiz-feiert-sein-150-jaehriges-bestehen\/"]}]},{"@type":"ImageObject","inLanguage":"en-US","@id":"https:\/\/www.organisator.ch\/weiterbildung\/2023-01-04\/der-kaufmaennische-verband-schweiz-feiert-sein-150-jaehriges-bestehen\/#primaryimage","url":"https:\/\/www.organisator.ch\/wp-content\/uploads\/2023\/01\/Der-Kaufmaennische-Verband-Schweiz-feiert-sein-150-jaehriges-Bestehen_Organisator.jpg","contentUrl":"https:\/\/www.organisator.ch\/wp-content\/uploads\/2023\/01\/Der-Kaufmaennische-Verband-Schweiz-feiert-sein-150-jaehriges-Bestehen_Organisator.jpg","width":680,"height":454,"caption":"Seit 150 Jahren repr\u00e4sentiert der Kaufm\u00e4nnische Verband Schweiz Bildung und Beruf im kaufm\u00e4nnisch-betriebswirtschaftlichen Umfeld. (Bild: Kaufm\u00e4nnischer Verband Schweiz\/Merlin Photography Ltd.)"},{"@type":"BreadcrumbList","@id":"https:\/\/www.organisator.ch\/weiterbildung\/2023-01-04\/der-kaufmaennische-verband-schweiz-feiert-sein-150-jaehriges-bestehen\/#breadcrumb","itemListElement":[{"@type":"ListItem","position":1,"name":"Home","item":"https:\/\/www.organisator.ch\/"},{"@type":"ListItem","position":2,"name":"Der Kaufm\u00e4nnische Verband Schweiz feiert sein 150-j\u00e4hriges Bestehen"}]},{"@type":"WebSite","@id":"https:\/\/www.organisator.ch\/#website","url":"https:\/\/www.organisator.ch\/","name":"Organizer","description":"Competent. Practical. In 10 issues per year, ORGANISATOR presents the essential topics for managers of SMEs.","publisher":{"@id":"https:\/\/www.organisator.ch\/#organization"},"potentialAction":[{"@type":"SearchAction","target":{"@type":"EntryPoint","urlTemplate":"https:\/\/www.organisator.ch\/?s={search_term_string}"},"query-input":{"@type":"PropertyValueSpecification","valueRequired":true,"valueName":"search_term_string"}}],"inLanguage":"en-US"},{"@type":"Organization","@id":"https:\/\/www.organisator.ch\/#organization","name":"Organizer","url":"https:\/\/www.organisator.ch\/","logo":{"@type":"ImageObject","inLanguage":"en-US","@id":"https:\/\/www.organisator.ch\/#\/schema\/logo\/image\/","url":"https:\/\/www.organisator.ch\/wp-content\/uploads\/2022\/01\/Logo_Organisator_Website.png","contentUrl":"https:\/\/www.organisator.ch\/wp-content\/uploads\/2022\/01\/Logo_Organisator_Website.png","width":800,"height":77,"caption":"Organisator"},"image":{"@id":"https:\/\/www.organisator.ch\/#\/schema\/logo\/image\/"},"sameAs":["https:\/\/www.facebook.com\/OrganisatorFachmagazin","https:\/\/www.linkedin.com\/showcase\/organisator-das-magazin-fr-kmu","https:\/\/www.xing.com\/news\/pages\/organisator-ch-695","https:\/\/www.youtube.com\/channel\/UCGP2Sq0iWaZwT3BdIAQFYpw"]},{"@type":"Person","@id":"https:\/\/www.organisator.ch\/#\/schema\/person\/6f650f90b2842cd4c0cc334b4e36f67e","name":"thomas.berner","image":{"@type":"ImageObject","inLanguage":"en-US","@id":"https:\/\/secure.gravatar.com\/avatar\/ac5001d2a36cb6c6cd3e50789007ffca834b477b74a2144564522e944eabff61?s=96&d=mm&r=g","url":"https:\/\/secure.gravatar.com\/avatar\/ac5001d2a36cb6c6cd3e50789007ffca834b477b74a2144564522e944eabff61?s=96&d=mm&r=g","contentUrl":"https:\/\/secure.gravatar.com\/avatar\/ac5001d2a36cb6c6cd3e50789007ffca834b477b74a2144564522e944eabff61?s=96&d=mm&r=g","caption":"thomas.berner"},"url":"https:\/\/www.organisator.ch\/en\/author\/thomas-berner\/"}]}},"_links":{"self":[{"href":"https:\/\/www.organisator.ch\/en\/wp-json\/wp\/v2\/posts\/18387","targetHints":{"allow":["GET"]}}],"collection":[{"href":"https:\/\/www.organisator.ch\/en\/wp-json\/wp\/v2\/posts"}],"about":[{"href":"https:\/\/www.organisator.ch\/en\/wp-json\/wp\/v2\/types\/post"}],"author":[{"embeddable":true,"href":"https:\/\/www.organisator.ch\/en\/wp-json\/wp\/v2\/users\/4"}],"replies":[{"embeddable":true,"href":"https:\/\/www.organisator.ch\/en\/wp-json\/wp\/v2\/comments?post=18387"}],"version-history":[{"count":1,"href":"https:\/\/www.organisator.ch\/en\/wp-json\/wp\/v2\/posts\/18387\/revisions"}],"predecessor-version":[{"id":18389,"href":"https:\/\/www.organisator.ch\/en\/wp-json\/wp\/v2\/posts\/18387\/revisions\/18389"}],"wp:featuredmedia":[{"embeddable":true,"href":"https:\/\/www.organisator.ch\/en\/wp-json\/wp\/v2\/media\/18388"}],"wp:attachment":[{"href":"https:\/\/www.organisator.ch\/en\/wp-json\/wp\/v2\/media?parent=18387"}],"wp:term":[{"taxonomy":"category","embeddable":true,"href":"https:\/\/www.organisator.ch\/en\/wp-json\/wp\/v2\/categories?post=18387"},{"taxonomy":"post_tag","embeddable":true,"href":"https:\/\/www.organisator.ch\/en\/wp-json\/wp\/v2\/tags?post=18387"}],"curies":[{"name":"wp","href":"https:\/\/api.w.org\/{rel}","templated":true}]}}