{"id":18398,"date":"2023-01-04T14:25:34","date_gmt":"2023-01-04T13:25:34","guid":{"rendered":"https:\/\/www.organisator.ch\/?p=18398"},"modified":"2023-01-04T14:25:34","modified_gmt":"2023-01-04T13:25:34","slug":"neues-auto-center-fuer-kennys","status":"publish","type":"post","link":"https:\/\/www.organisator.ch\/en\/management\/2023-01-04\/neues-auto-center-fuer-kennys\/","title":{"rendered":"New car center for Kenny's"},"content":{"rendered":"<figure id=\"attachment_18399\" aria-describedby=\"caption-attachment-18399\" style=\"width: 680px\" class=\"wp-caption alignnone\"><img loading=\"lazy\" decoding=\"async\" class=\"size-full wp-image-18399\" src=\"https:\/\/www.organisator.ch\/wp-content\/uploads\/2023\/01\/Neues-Auto-Center-fuer-Kennys-1_Organisator.jpg\" alt=\"\" width=\"680\" height=\"510\" srcset=\"https:\/\/www.organisator.ch\/wp-content\/uploads\/2023\/01\/Neues-Auto-Center-fuer-Kennys-1_Organisator.jpg 680w, https:\/\/www.organisator.ch\/wp-content\/uploads\/2023\/01\/Neues-Auto-Center-fuer-Kennys-1_Organisator-16x12.jpg 16w, https:\/\/www.organisator.ch\/wp-content\/uploads\/2023\/01\/Neues-Auto-Center-fuer-Kennys-1_Organisator-375x281.jpg 375w, https:\/\/www.organisator.ch\/wp-content\/uploads\/2023\/01\/Neues-Auto-Center-fuer-Kennys-1_Organisator-467x350.jpg 467w\" sizes=\"auto, (max-width: 680px) 100vw, 680px\" \/><figcaption id=\"caption-attachment-18399\" class=\"wp-caption-text\">Celebrating \"Kenny's K\u00e4feli\" as much as ever: Marc (left) and Kenny Eichenberger in their new auto center. (Image; Kenny's)<\/figcaption><\/figure>\n<p>\"Kenny's K\u00e4feli\" has become legendary: anyone who has contact with the auto center founded by Kenny Eichenberger cannot avoid a cup of coffee. The customer experience has always been a top priority at Kenny's - now also in new surroundings. For the Mercedes-Benz Center in Dietlikon, a historic factory building was converted into a usable space of 6,200 m<sup>2<\/sup> converted: ultra-modern and CO\u2082-neutral. Thus, an over 2,000 m<sup>2<\/sup> large solar plant with a peak output of 500 kW supplies the plant and charges electric vehicles. Together with geothermal probes, it covers the operational demand for energy and heat. In the summer months, the system produces an energy surplus that can be fed into electric vehicles via 30 charging stations and stored in the future. The second floor of the Auto Center is dedicated to extensive work on alternative drive systems, including high-voltage batteries, and is operated by Switzerland's best specialists in this field. An exciting spectacle has been specially designed for the handover of the new cars. When picking up the vehicle, the customer presses the \"Magic Button\". The buyer is ceremoniously handed over the new vehicle with a spectacular light show, accompanied by self-selected music.<\/p>\n<h3><strong>Cooperation with Zurich restaurateurs from La Stanza<\/strong><\/h3>\n<p>The well-known \"Kenny's K\u00e4feli\" can still be found at every consultation appointment. In planning and implementing the coffee area, Kenny's worked closely with the well-known Zurich restaurateurs La Stanza. A special area is dedicated to the enjoyment of coffee: in future, customers will be able to take a seat in Kenny's Caf\u00e9 and enjoy the high-quality Demeter coffee from South America.<\/p>\n<h3><strong>One success story, two generations<\/strong><\/h3>\n<p>Auto entrepreneur Kenny Eichenberger fulfilled a boyhood dream in 1976 when he opened his first location for the sale of used and imported new cars in Buchs (ZH) - back then on a simple gravel parking lot. In the meantime, Kenny's Auto-Center is one of the leading dealers for Mercedes-Benz and smart in Switzerland and is represented at four locations. Since 2016, son Marc Eichenberger has been CEO of the Kenny's Group and majority shareholder since July 2022.<\/p>\n<figure id=\"attachment_18400\" aria-describedby=\"caption-attachment-18400\" style=\"width: 680px\" class=\"wp-caption alignnone\"><img loading=\"lazy\" decoding=\"async\" class=\"size-full wp-image-18400\" src=\"https:\/\/www.organisator.ch\/wp-content\/uploads\/2023\/01\/Neues-Auto-Center-fuer-Kennys-2_Organisator.jpg\" alt=\"\" width=\"680\" height=\"454\" srcset=\"https:\/\/www.organisator.ch\/wp-content\/uploads\/2023\/01\/Neues-Auto-Center-fuer-Kennys-2_Organisator.jpg 680w, https:\/\/www.organisator.ch\/wp-content\/uploads\/2023\/01\/Neues-Auto-Center-fuer-Kennys-2_Organisator-18x12.jpg 18w, https:\/\/www.organisator.ch\/wp-content\/uploads\/2023\/01\/Neues-Auto-Center-fuer-Kennys-2_Organisator-375x250.jpg 375w, https:\/\/www.organisator.ch\/wp-content\/uploads\/2023\/01\/Neues-Auto-Center-fuer-Kennys-2_Organisator-524x350.jpg 524w\" sizes=\"auto, (max-width: 680px) 100vw, 680px\" \/><figcaption id=\"caption-attachment-18400\" class=\"wp-caption-text\">The new Auto Center in Dietlikon. (Image: Kenny's)<\/figcaption><\/figure>\n<p>On the weekend of January 14 and 15, 2023, the new Auto Center will be formally opened.<\/p>\n<p><em>More information: <a href=\"https:\/\/kennys.ch\/de\/\">www.kennys.ch<\/a><\/em><\/p>","protected":false},"excerpt":{"rendered":"<p>\u00abKenny\u2019s K\u00e4feli\u00bb ist inzwischen legend\u00e4r: Wer immer mit dem von Kenny Eichenberger gegr\u00fcndeten Auto-Center Kontakt hat, kommt um eine Tasse Kaffee nicht herum. Das Kundenerlebnis wird bei Kenny&#8217;s seit je her gross geschrieben &#8211; jetzt auch in neuer Umgebung. F\u00fcr das Mercedes-Benz-Center in Dietlikon wurde eine historische Fabrikhalle in eine Nutzfl\u00e4che von 6\u2019200 m2 umgebaut: [&hellip;]<\/p>\n","protected":false},"author":4,"featured_media":18399,"comment_status":"closed","ping_status":"closed","sticky":false,"template":"","format":"standard","meta":{"_acf_changed":false,"_yoast_wpseo_focuskw":"Auto-Center","_yoast_wpseo_metadesc":"\u00abKenny\u2019s K\u00e4feli\u00bb ist das Markenzeichen von Kenny\u2019s Auto-Center. Am 14. und 15. Januar 2023 wird eine frisch umgebaute Verkaufshalle er\u00f6ffnet.","articlekey":"","footnotes":""},"categories":[28],"tags":[339,354,492],"class_list":["post-18398","post","type-post","status-publish","format-standard","has-post-thumbnail","hentry","category-management","tag-marketing","tag-mobilitaet","tag-unternehmen"],"acf":[],"yoast_head":"<!-- This site is optimized with the Yoast SEO plugin v27.5 - https:\/\/yoast.com\/product\/yoast-seo-wordpress\/ -->\n<title>Neues Auto-Center f\u00fcr Kenny\u2019s - Organisator<\/title>\n<meta name=\"description\" content=\"\u00abKenny\u2019s K\u00e4feli\u00bb ist das Markenzeichen von Kenny\u2019s Auto-Center. Am 14. und 15. Januar 2023 wird eine frisch umgebaute Verkaufshalle er\u00f6ffnet.\" \/>\n<meta name=\"robots\" content=\"index, follow, max-snippet:-1, max-image-preview:large, max-video-preview:-1\" \/>\n<link rel=\"canonical\" href=\"https:\/\/www.organisator.ch\/en\/management\/2023-01-04\/neues-auto-center-fuer-kennys\/\" \/>\n<meta property=\"og:locale\" content=\"en_US\" \/>\n<meta property=\"og:type\" content=\"article\" \/>\n<meta property=\"og:title\" content=\"Neues Auto-Center f\u00fcr Kenny\u2019s\" \/>\n<meta property=\"og:description\" content=\"\u00abKenny\u2019s K\u00e4feli\u00bb ist das Markenzeichen von Kenny\u2019s Auto-Center. Am 14. und 15. Januar 2023 wird eine frisch umgebaute Verkaufshalle er\u00f6ffnet.\" \/>\n<meta property=\"og:url\" content=\"https:\/\/www.organisator.ch\/en\/management\/2023-01-04\/neues-auto-center-fuer-kennys\/\" \/>\n<meta property=\"og:site_name\" content=\"Organisator\" \/>\n<meta property=\"article:publisher\" content=\"https:\/\/www.facebook.com\/OrganisatorFachmagazin\" \/>\n<meta property=\"article:published_time\" content=\"2023-01-04T13:25:34+00:00\" \/>\n<meta property=\"og:image\" content=\"https:\/\/www.organisator.ch\/wp-content\/uploads\/2023\/01\/Neues-Auto-Center-fuer-Kennys-1_Organisator.jpg\" \/>\n\t<meta property=\"og:image:width\" content=\"680\" \/>\n\t<meta property=\"og:image:height\" content=\"510\" \/>\n\t<meta property=\"og:image:type\" content=\"image\/jpeg\" \/>\n<meta name=\"author\" content=\"thomas.berner\" \/>\n<meta name=\"twitter:card\" content=\"summary_large_image\" \/>\n<meta name=\"twitter:title\" content=\"Neues #Auto-Center f\u00fcr #Kenny\u2019s\" \/>\n<meta name=\"twitter:description\" content=\"\u00abKenny\u2019s K\u00e4feli\u00bb ist das Markenzeichen von #Kenny\u2019s #Auto-Center. Am 14. und 15. Januar 2023 wird eine frisch umgebaute #Verkaufshalle er\u00f6ffnet.\" \/>\n<meta name=\"twitter:image\" content=\"https:\/\/www.organisator.ch\/wp-content\/uploads\/2023\/01\/Neues-Auto-Center-fuer-Kennys-1_Organisator.jpg\" \/>\n<script type=\"application\/ld+json\" class=\"yoast-schema-graph\">{\"@context\":\"https:\\\/\\\/schema.org\",\"@graph\":[{\"@type\":\"Article\",\"@id\":\"https:\\\/\\\/www.organisator.ch\\\/management\\\/2023-01-04\\\/neues-auto-center-fuer-kennys\\\/#article\",\"isPartOf\":{\"@id\":\"https:\\\/\\\/www.organisator.ch\\\/management\\\/2023-01-04\\\/neues-auto-center-fuer-kennys\\\/\"},\"author\":{\"name\":\"thomas.berner\",\"@id\":\"https:\\\/\\\/www.organisator.ch\\\/#\\\/schema\\\/person\\\/6f650f90b2842cd4c0cc334b4e36f67e\"},\"headline\":\"Neues Auto-Center f\u00fcr Kenny\u2019s\",\"datePublished\":\"2023-01-04T13:25:34+00:00\",\"mainEntityOfPage\":{\"@id\":\"https:\\\/\\\/www.organisator.ch\\\/management\\\/2023-01-04\\\/neues-auto-center-fuer-kennys\\\/\"},\"wordCount\":409,\"publisher\":{\"@id\":\"https:\\\/\\\/www.organisator.ch\\\/#organization\"},\"image\":{\"@id\":\"https:\\\/\\\/www.organisator.ch\\\/management\\\/2023-01-04\\\/neues-auto-center-fuer-kennys\\\/#primaryimage\"},\"thumbnailUrl\":\"https:\\\/\\\/www.organisator.ch\\\/wp-content\\\/uploads\\\/2023\\\/01\\\/Neues-Auto-Center-fuer-Kennys-1_Organisator.jpg\",\"keywords\":[\"Marketing\",\"Mobilit\u00e4t\",\"Unternehmen\"],\"articleSection\":[\"MANAGEMENT\"],\"inLanguage\":\"en-US\"},{\"@type\":\"WebPage\",\"@id\":\"https:\\\/\\\/www.organisator.ch\\\/management\\\/2023-01-04\\\/neues-auto-center-fuer-kennys\\\/\",\"url\":\"https:\\\/\\\/www.organisator.ch\\\/management\\\/2023-01-04\\\/neues-auto-center-fuer-kennys\\\/\",\"name\":\"Neues Auto-Center f\u00fcr Kenny\u2019s - Organisator\",\"isPartOf\":{\"@id\":\"https:\\\/\\\/www.organisator.ch\\\/#website\"},\"primaryImageOfPage\":{\"@id\":\"https:\\\/\\\/www.organisator.ch\\\/management\\\/2023-01-04\\\/neues-auto-center-fuer-kennys\\\/#primaryimage\"},\"image\":{\"@id\":\"https:\\\/\\\/www.organisator.ch\\\/management\\\/2023-01-04\\\/neues-auto-center-fuer-kennys\\\/#primaryimage\"},\"thumbnailUrl\":\"https:\\\/\\\/www.organisator.ch\\\/wp-content\\\/uploads\\\/2023\\\/01\\\/Neues-Auto-Center-fuer-Kennys-1_Organisator.jpg\",\"datePublished\":\"2023-01-04T13:25:34+00:00\",\"description\":\"\u00abKenny\u2019s K\u00e4feli\u00bb ist das Markenzeichen von Kenny\u2019s Auto-Center. Am 14. und 15. Januar 2023 wird eine frisch umgebaute Verkaufshalle er\u00f6ffnet.\",\"breadcrumb\":{\"@id\":\"https:\\\/\\\/www.organisator.ch\\\/management\\\/2023-01-04\\\/neues-auto-center-fuer-kennys\\\/#breadcrumb\"},\"inLanguage\":\"en-US\",\"potentialAction\":[{\"@type\":\"ReadAction\",\"target\":[\"https:\\\/\\\/www.organisator.ch\\\/management\\\/2023-01-04\\\/neues-auto-center-fuer-kennys\\\/\"]}]},{\"@type\":\"ImageObject\",\"inLanguage\":\"en-US\",\"@id\":\"https:\\\/\\\/www.organisator.ch\\\/management\\\/2023-01-04\\\/neues-auto-center-fuer-kennys\\\/#primaryimage\",\"url\":\"https:\\\/\\\/www.organisator.ch\\\/wp-content\\\/uploads\\\/2023\\\/01\\\/Neues-Auto-Center-fuer-Kennys-1_Organisator.jpg\",\"contentUrl\":\"https:\\\/\\\/www.organisator.ch\\\/wp-content\\\/uploads\\\/2023\\\/01\\\/Neues-Auto-Center-fuer-Kennys-1_Organisator.jpg\",\"width\":680,\"height\":510,\"caption\":\"Zelebrieren \\\"Kenny's K\u00e4feli\\\" wie eh und je: Marc (links) und Kenny Eichenberger in ihrem neuen Auto-Center. (Bild; Kenny's)\"},{\"@type\":\"BreadcrumbList\",\"@id\":\"https:\\\/\\\/www.organisator.ch\\\/management\\\/2023-01-04\\\/neues-auto-center-fuer-kennys\\\/#breadcrumb\",\"itemListElement\":[{\"@type\":\"ListItem\",\"position\":1,\"name\":\"Home\",\"item\":\"https:\\\/\\\/www.organisator.ch\\\/\"},{\"@type\":\"ListItem\",\"position\":2,\"name\":\"Neues Auto-Center f\u00fcr Kenny\u2019s\"}]},{\"@type\":\"WebSite\",\"@id\":\"https:\\\/\\\/www.organisator.ch\\\/#website\",\"url\":\"https:\\\/\\\/www.organisator.ch\\\/\",\"name\":\"Organisator\",\"description\":\"Kompetent. Praxisnah. Der ORGANISATOR bereitet in 10 Ausgaben pro Jahr die wesentlichen Themen f\u00fcr F\u00fchrungskr\u00e4fte von KMU auf.\",\"publisher\":{\"@id\":\"https:\\\/\\\/www.organisator.ch\\\/#organization\"},\"potentialAction\":[{\"@type\":\"SearchAction\",\"target\":{\"@type\":\"EntryPoint\",\"urlTemplate\":\"https:\\\/\\\/www.organisator.ch\\\/?s={search_term_string}\"},\"query-input\":{\"@type\":\"PropertyValueSpecification\",\"valueRequired\":true,\"valueName\":\"search_term_string\"}}],\"inLanguage\":\"en-US\"},{\"@type\":\"Organization\",\"@id\":\"https:\\\/\\\/www.organisator.ch\\\/#organization\",\"name\":\"Organisator\",\"url\":\"https:\\\/\\\/www.organisator.ch\\\/\",\"logo\":{\"@type\":\"ImageObject\",\"inLanguage\":\"en-US\",\"@id\":\"https:\\\/\\\/www.organisator.ch\\\/#\\\/schema\\\/logo\\\/image\\\/\",\"url\":\"https:\\\/\\\/www.organisator.ch\\\/wp-content\\\/uploads\\\/2022\\\/01\\\/Logo_Organisator_Website.png\",\"contentUrl\":\"https:\\\/\\\/www.organisator.ch\\\/wp-content\\\/uploads\\\/2022\\\/01\\\/Logo_Organisator_Website.png\",\"width\":800,\"height\":77,\"caption\":\"Organisator\"},\"image\":{\"@id\":\"https:\\\/\\\/www.organisator.ch\\\/#\\\/schema\\\/logo\\\/image\\\/\"},\"sameAs\":[\"https:\\\/\\\/www.facebook.com\\\/OrganisatorFachmagazin\",\"https:\\\/\\\/www.linkedin.com\\\/showcase\\\/organisator-das-magazin-fr-kmu\",\"https:\\\/\\\/www.xing.com\\\/news\\\/pages\\\/organisator-ch-695\",\"https:\\\/\\\/www.youtube.com\\\/channel\\\/UCGP2Sq0iWaZwT3BdIAQFYpw\"]},{\"@type\":\"Person\",\"@id\":\"https:\\\/\\\/www.organisator.ch\\\/#\\\/schema\\\/person\\\/6f650f90b2842cd4c0cc334b4e36f67e\",\"name\":\"thomas.berner\",\"image\":{\"@type\":\"ImageObject\",\"inLanguage\":\"en-US\",\"@id\":\"https:\\\/\\\/secure.gravatar.com\\\/avatar\\\/ac5001d2a36cb6c6cd3e50789007ffca834b477b74a2144564522e944eabff61?s=96&d=mm&r=g\",\"url\":\"https:\\\/\\\/secure.gravatar.com\\\/avatar\\\/ac5001d2a36cb6c6cd3e50789007ffca834b477b74a2144564522e944eabff61?s=96&d=mm&r=g\",\"contentUrl\":\"https:\\\/\\\/secure.gravatar.com\\\/avatar\\\/ac5001d2a36cb6c6cd3e50789007ffca834b477b74a2144564522e944eabff61?s=96&d=mm&r=g\",\"caption\":\"thomas.berner\"},\"url\":\"https:\\\/\\\/www.organisator.ch\\\/en\\\/author\\\/thomas-berner\\\/\"}]}<\/script>\n<!-- \/ Yoast SEO plugin. -->","yoast_head_json":{"title":"New car center for Kenny's - organizer","description":"\"Kenny's K\u00e4feli\" is the trademark of Kenny's Auto-Center. A freshly remodeled sales hall will open on January 14 and 15, 2023.","robots":{"index":"index","follow":"follow","max-snippet":"max-snippet:-1","max-image-preview":"max-image-preview:large","max-video-preview":"max-video-preview:-1"},"canonical":"https:\/\/www.organisator.ch\/en\/management\/2023-01-04\/neues-auto-center-fuer-kennys\/","og_locale":"en_US","og_type":"article","og_title":"Neues Auto-Center f\u00fcr Kenny\u2019s","og_description":"\u00abKenny\u2019s K\u00e4feli\u00bb ist das Markenzeichen von Kenny\u2019s Auto-Center. Am 14. und 15. Januar 2023 wird eine frisch umgebaute Verkaufshalle er\u00f6ffnet.","og_url":"https:\/\/www.organisator.ch\/en\/management\/2023-01-04\/neues-auto-center-fuer-kennys\/","og_site_name":"Organisator","article_publisher":"https:\/\/www.facebook.com\/OrganisatorFachmagazin","article_published_time":"2023-01-04T13:25:34+00:00","og_image":[{"width":680,"height":510,"url":"https:\/\/www.organisator.ch\/wp-content\/uploads\/2023\/01\/Neues-Auto-Center-fuer-Kennys-1_Organisator.jpg","type":"image\/jpeg"}],"author":"thomas.berner","twitter_card":"summary_large_image","twitter_title":"Neues #Auto-Center f\u00fcr #Kenny\u2019s","twitter_description":"\u00abKenny\u2019s K\u00e4feli\u00bb ist das Markenzeichen von #Kenny\u2019s #Auto-Center. Am 14. und 15. Januar 2023 wird eine frisch umgebaute #Verkaufshalle er\u00f6ffnet.","twitter_image":"https:\/\/www.organisator.ch\/wp-content\/uploads\/2023\/01\/Neues-Auto-Center-fuer-Kennys-1_Organisator.jpg","schema":{"@context":"https:\/\/schema.org","@graph":[{"@type":"Article","@id":"https:\/\/www.organisator.ch\/management\/2023-01-04\/neues-auto-center-fuer-kennys\/#article","isPartOf":{"@id":"https:\/\/www.organisator.ch\/management\/2023-01-04\/neues-auto-center-fuer-kennys\/"},"author":{"name":"thomas.berner","@id":"https:\/\/www.organisator.ch\/#\/schema\/person\/6f650f90b2842cd4c0cc334b4e36f67e"},"headline":"Neues Auto-Center f\u00fcr Kenny\u2019s","datePublished":"2023-01-04T13:25:34+00:00","mainEntityOfPage":{"@id":"https:\/\/www.organisator.ch\/management\/2023-01-04\/neues-auto-center-fuer-kennys\/"},"wordCount":409,"publisher":{"@id":"https:\/\/www.organisator.ch\/#organization"},"image":{"@id":"https:\/\/www.organisator.ch\/management\/2023-01-04\/neues-auto-center-fuer-kennys\/#primaryimage"},"thumbnailUrl":"https:\/\/www.organisator.ch\/wp-content\/uploads\/2023\/01\/Neues-Auto-Center-fuer-Kennys-1_Organisator.jpg","keywords":["Marketing","Mobilit\u00e4t","Unternehmen"],"articleSection":["MANAGEMENT"],"inLanguage":"en-US"},{"@type":"WebPage","@id":"https:\/\/www.organisator.ch\/management\/2023-01-04\/neues-auto-center-fuer-kennys\/","url":"https:\/\/www.organisator.ch\/management\/2023-01-04\/neues-auto-center-fuer-kennys\/","name":"New car center for Kenny's - organizer","isPartOf":{"@id":"https:\/\/www.organisator.ch\/#website"},"primaryImageOfPage":{"@id":"https:\/\/www.organisator.ch\/management\/2023-01-04\/neues-auto-center-fuer-kennys\/#primaryimage"},"image":{"@id":"https:\/\/www.organisator.ch\/management\/2023-01-04\/neues-auto-center-fuer-kennys\/#primaryimage"},"thumbnailUrl":"https:\/\/www.organisator.ch\/wp-content\/uploads\/2023\/01\/Neues-Auto-Center-fuer-Kennys-1_Organisator.jpg","datePublished":"2023-01-04T13:25:34+00:00","description":"\"Kenny's K\u00e4feli\" is the trademark of Kenny's Auto-Center. A freshly remodeled sales hall will open on January 14 and 15, 2023.","breadcrumb":{"@id":"https:\/\/www.organisator.ch\/management\/2023-01-04\/neues-auto-center-fuer-kennys\/#breadcrumb"},"inLanguage":"en-US","potentialAction":[{"@type":"ReadAction","target":["https:\/\/www.organisator.ch\/management\/2023-01-04\/neues-auto-center-fuer-kennys\/"]}]},{"@type":"ImageObject","inLanguage":"en-US","@id":"https:\/\/www.organisator.ch\/management\/2023-01-04\/neues-auto-center-fuer-kennys\/#primaryimage","url":"https:\/\/www.organisator.ch\/wp-content\/uploads\/2023\/01\/Neues-Auto-Center-fuer-Kennys-1_Organisator.jpg","contentUrl":"https:\/\/www.organisator.ch\/wp-content\/uploads\/2023\/01\/Neues-Auto-Center-fuer-Kennys-1_Organisator.jpg","width":680,"height":510,"caption":"Zelebrieren \"Kenny's K\u00e4feli\" wie eh und je: Marc (links) und Kenny Eichenberger in ihrem neuen Auto-Center. (Bild; Kenny's)"},{"@type":"BreadcrumbList","@id":"https:\/\/www.organisator.ch\/management\/2023-01-04\/neues-auto-center-fuer-kennys\/#breadcrumb","itemListElement":[{"@type":"ListItem","position":1,"name":"Home","item":"https:\/\/www.organisator.ch\/"},{"@type":"ListItem","position":2,"name":"Neues Auto-Center f\u00fcr Kenny\u2019s"}]},{"@type":"WebSite","@id":"https:\/\/www.organisator.ch\/#website","url":"https:\/\/www.organisator.ch\/","name":"Organizer","description":"Competent. Practical. In 10 issues per year, ORGANISATOR presents the essential topics for managers of SMEs.","publisher":{"@id":"https:\/\/www.organisator.ch\/#organization"},"potentialAction":[{"@type":"SearchAction","target":{"@type":"EntryPoint","urlTemplate":"https:\/\/www.organisator.ch\/?s={search_term_string}"},"query-input":{"@type":"PropertyValueSpecification","valueRequired":true,"valueName":"search_term_string"}}],"inLanguage":"en-US"},{"@type":"Organization","@id":"https:\/\/www.organisator.ch\/#organization","name":"Organizer","url":"https:\/\/www.organisator.ch\/","logo":{"@type":"ImageObject","inLanguage":"en-US","@id":"https:\/\/www.organisator.ch\/#\/schema\/logo\/image\/","url":"https:\/\/www.organisator.ch\/wp-content\/uploads\/2022\/01\/Logo_Organisator_Website.png","contentUrl":"https:\/\/www.organisator.ch\/wp-content\/uploads\/2022\/01\/Logo_Organisator_Website.png","width":800,"height":77,"caption":"Organisator"},"image":{"@id":"https:\/\/www.organisator.ch\/#\/schema\/logo\/image\/"},"sameAs":["https:\/\/www.facebook.com\/OrganisatorFachmagazin","https:\/\/www.linkedin.com\/showcase\/organisator-das-magazin-fr-kmu","https:\/\/www.xing.com\/news\/pages\/organisator-ch-695","https:\/\/www.youtube.com\/channel\/UCGP2Sq0iWaZwT3BdIAQFYpw"]},{"@type":"Person","@id":"https:\/\/www.organisator.ch\/#\/schema\/person\/6f650f90b2842cd4c0cc334b4e36f67e","name":"thomas.berner","image":{"@type":"ImageObject","inLanguage":"en-US","@id":"https:\/\/secure.gravatar.com\/avatar\/ac5001d2a36cb6c6cd3e50789007ffca834b477b74a2144564522e944eabff61?s=96&d=mm&r=g","url":"https:\/\/secure.gravatar.com\/avatar\/ac5001d2a36cb6c6cd3e50789007ffca834b477b74a2144564522e944eabff61?s=96&d=mm&r=g","contentUrl":"https:\/\/secure.gravatar.com\/avatar\/ac5001d2a36cb6c6cd3e50789007ffca834b477b74a2144564522e944eabff61?s=96&d=mm&r=g","caption":"thomas.berner"},"url":"https:\/\/www.organisator.ch\/en\/author\/thomas-berner\/"}]}},"_links":{"self":[{"href":"https:\/\/www.organisator.ch\/en\/wp-json\/wp\/v2\/posts\/18398","targetHints":{"allow":["GET"]}}],"collection":[{"href":"https:\/\/www.organisator.ch\/en\/wp-json\/wp\/v2\/posts"}],"about":[{"href":"https:\/\/www.organisator.ch\/en\/wp-json\/wp\/v2\/types\/post"}],"author":[{"embeddable":true,"href":"https:\/\/www.organisator.ch\/en\/wp-json\/wp\/v2\/users\/4"}],"replies":[{"embeddable":true,"href":"https:\/\/www.organisator.ch\/en\/wp-json\/wp\/v2\/comments?post=18398"}],"version-history":[{"count":1,"href":"https:\/\/www.organisator.ch\/en\/wp-json\/wp\/v2\/posts\/18398\/revisions"}],"predecessor-version":[{"id":18401,"href":"https:\/\/www.organisator.ch\/en\/wp-json\/wp\/v2\/posts\/18398\/revisions\/18401"}],"wp:featuredmedia":[{"embeddable":true,"href":"https:\/\/www.organisator.ch\/en\/wp-json\/wp\/v2\/media\/18399"}],"wp:attachment":[{"href":"https:\/\/www.organisator.ch\/en\/wp-json\/wp\/v2\/media?parent=18398"}],"wp:term":[{"taxonomy":"category","embeddable":true,"href":"https:\/\/www.organisator.ch\/en\/wp-json\/wp\/v2\/categories?post=18398"},{"taxonomy":"post_tag","embeddable":true,"href":"https:\/\/www.organisator.ch\/en\/wp-json\/wp\/v2\/tags?post=18398"}],"curies":[{"name":"wp","href":"https:\/\/api.w.org\/{rel}","templated":true}]}}