{"id":18438,"date":"2023-01-10T09:29:48","date_gmt":"2023-01-10T08:29:48","guid":{"rendered":"https:\/\/www.organisator.ch\/?p=18438"},"modified":"2023-01-10T09:29:48","modified_gmt":"2023-01-10T08:29:48","slug":"europaweite-studie-industrie-stellt-sich-auf-lang-anhaltende-multikrise-ein","status":"publish","type":"post","link":"https:\/\/www.organisator.ch\/en\/management\/2023-01-10\/europaweite-studie-industrie-stellt-sich-auf-lang-anhaltende-multikrise-ein\/","title":{"rendered":"Europe-wide study: Industry prepares for long-lasting multicrisis"},"content":{"rendered":"<figure id=\"attachment_18439\" aria-describedby=\"caption-attachment-18439\" style=\"width: 680px\" class=\"wp-caption alignnone\"><img loading=\"lazy\" decoding=\"async\" class=\"size-full wp-image-18439\" src=\"https:\/\/www.organisator.ch\/wp-content\/uploads\/2023\/01\/Europaweite-Studie-Industrie-stellt-sich-auf-lang-anhaltende-Multikrise-ein_Organisator.jpg\" alt=\"\" width=\"680\" height=\"383\" srcset=\"https:\/\/www.organisator.ch\/wp-content\/uploads\/2023\/01\/Europaweite-Studie-Industrie-stellt-sich-auf-lang-anhaltende-Multikrise-ein_Organisator.jpg 680w, https:\/\/www.organisator.ch\/wp-content\/uploads\/2023\/01\/Europaweite-Studie-Industrie-stellt-sich-auf-lang-anhaltende-Multikrise-ein_Organisator-18x10.jpg 18w, https:\/\/www.organisator.ch\/wp-content\/uploads\/2023\/01\/Europaweite-Studie-Industrie-stellt-sich-auf-lang-anhaltende-Multikrise-ein_Organisator-375x211.jpg 375w, https:\/\/www.organisator.ch\/wp-content\/uploads\/2023\/01\/Europaweite-Studie-Industrie-stellt-sich-auf-lang-anhaltende-Multikrise-ein_Organisator-621x350.jpg 621w\" sizes=\"auto, (max-width: 680px) 100vw, 680px\" \/><figcaption id=\"caption-attachment-18439\" class=\"wp-caption-text\">Industrial companies from across Europe anticipate a prolonged multi-crisis. (Image: Aras)<\/figcaption><\/figure>\n<p>European industry is bracing itself for a long-lasting multi-crisis: 90 percent of companies expect major instability beyond 2023. The industry's most important strategies for securing the future: comprehensive digitization and deeper cooperation with suppliers. This is shown by the current study \"Europe's Industry in Transition\". More than 440 top decision-makers from 19 European countries were surveyed on behalf of the product innovation platform Aras.<\/p>\n<h3>Fighting the multicrisis with digitized supply chains<\/h3>\n<p>\"Against the backdrop of a disturbing mix of skyrocketing energy costs, geopolitical risks and increasing labor market risks, Europe's industry is currently primarily concerned with failsafe production. In response to unstable supply chains, 40 percent of companies have therefore already implemented closer cooperation with their suppliers, a further 39 percent are working on this and 17 percent are planning more intensive collaboration with suppliers,\" says Jens Rollenm\u00fcller, Managing Director of Aras Deutschland, the company that commissioned the study. What is striking in a European comparison is that in the United Kingdom, concerns about supply chains are particularly pronounced. In the wake of Brexit, every second company there has already implemented closer cooperation with suppliers.<\/p>\n<p>Digitization of the supply chain is another important building block for building resilience. \"Thirty-six percent of companies have already redesigned their supply chain with digitalization in mind, and another 42 percent are in the process of doing so,\" says industry expert Rollenm\u00fcller. Around one in three companies has also responded to unstable supply chains with changes in products, and just under one in four with a relocation of production sites.<\/p>\n<h3>The challenges have never been as complex as they are today<\/h3>\n<p>According to Aras CEO Rollenm\u00fcller, companies are under greater pressure than ever before. But at the same time, the survey results are encouraging: \"For example, eight out of ten companies admit that the outlook for permanently unstable supply chains is a cause for concern. But thanks to the countermeasures that have already been implemented across Europe, and some of which are still planned, the industry can position itself more robustly and better face future crises.\"<\/p>\n<p>This forward-looking focus is also necessary because the waters will remain rough for Europe's companies in the long term: Nine out of ten survey participants, for example, believe that the challenges facing their companies have never been as complex as they are today. And the look ahead indicates that no easing is expected, at least in the medium term: \"88 percent of the study participants believe that the next few years will continue to be as uncertain. In the face of these challenges, companies must act, including by regularly reinventing themselves and exploiting the efficiency benefits of digitization for themselves. This is the only way they can defy the economic upheavals of the multi-crisis,\" says Rollenm\u00fcller.<\/p>\n<p><em>Source: <a href=\"https:\/\/www.aras.com\/de-de\/\">Aras<\/a><\/em><\/p>","protected":false},"excerpt":{"rendered":"<p>Die europ\u00e4ische Industrie stellt sich auf lang anhaltende Multikrise ein: 90 Prozent der Unternehmen rechnen auch \u00fcber 2023 hinaus mit grosser Instabilit\u00e4t . Die wichtigsten Strategien der Industrie zur Zukunftssicherung: eine umfassende Digitalisierung und die vertiefte Kooperation mit Zulieferern. Das zeigt die aktuelle Studie \u201eEuropas Industrie im Wandel\u201c. Befragt wurden im Auftrag der Produkt-Innovations-Plattform Aras [&hellip;]<\/p>\n","protected":false},"author":4,"featured_media":18439,"comment_status":"closed","ping_status":"closed","sticky":false,"template":"","format":"standard","meta":{"_acf_changed":false,"_yoast_wpseo_focuskw":"Multikrise","_yoast_wpseo_metadesc":"Multikrise in Europa: F\u00fcr die kommenden Jahre rechnen fast 9 von 10 Unternehmen damit, dass die Unsicherheit weiter gross bleiben wird.","articlekey":"","footnotes":""},"categories":[28],"tags":[266,335,3580,459],"class_list":["post-18438","post","type-post","status-publish","format-standard","has-post-thumbnail","hentry","category-management","tag-industrie","tag-management-und-unternehmensfuehrung","tag-multikrise","tag-studie"],"acf":[],"yoast_head":"<!-- This site is optimized with the Yoast SEO plugin v27.5 - https:\/\/yoast.com\/product\/yoast-seo-wordpress\/ -->\n<title>Europaweite Studie: Industrie stellt sich auf lang anhaltende Multikrise ein - Organisator<\/title>\n<meta name=\"description\" content=\"Multikrise in Europa: F\u00fcr die kommenden Jahre rechnen fast 9 von 10 Unternehmen damit, dass die Unsicherheit weiter gross bleiben wird.\" \/>\n<meta name=\"robots\" content=\"index, follow, max-snippet:-1, max-image-preview:large, max-video-preview:-1\" \/>\n<link rel=\"canonical\" href=\"https:\/\/www.organisator.ch\/en\/management\/2023-01-10\/europaweite-studie-industrie-stellt-sich-auf-lang-anhaltende-multikrise-ein\/\" \/>\n<meta property=\"og:locale\" content=\"en_US\" \/>\n<meta property=\"og:type\" content=\"article\" \/>\n<meta property=\"og:title\" content=\"Europaweite Studie: Industrie stellt sich auf lang anhaltende Multikrise ein\" \/>\n<meta property=\"og:description\" content=\"Multikrise in Europa: F\u00fcr die kommenden Jahre rechnen fast 9 von 10 Unternehmen damit, dass die Unsicherheit weiter gross bleiben wird.\" \/>\n<meta property=\"og:url\" content=\"https:\/\/www.organisator.ch\/en\/management\/2023-01-10\/europaweite-studie-industrie-stellt-sich-auf-lang-anhaltende-multikrise-ein\/\" \/>\n<meta property=\"og:site_name\" content=\"Organisator\" \/>\n<meta property=\"article:publisher\" content=\"https:\/\/www.facebook.com\/OrganisatorFachmagazin\" \/>\n<meta property=\"article:published_time\" content=\"2023-01-10T08:29:48+00:00\" \/>\n<meta property=\"og:image\" content=\"https:\/\/www.organisator.ch\/wp-content\/uploads\/2023\/01\/Europaweite-Studie-Industrie-stellt-sich-auf-lang-anhaltende-Multikrise-ein_Organisator.jpg\" \/>\n\t<meta property=\"og:image:width\" content=\"680\" \/>\n\t<meta property=\"og:image:height\" content=\"383\" \/>\n\t<meta property=\"og:image:type\" content=\"image\/jpeg\" \/>\n<meta name=\"author\" content=\"thomas.berner\" \/>\n<meta name=\"twitter:card\" content=\"summary_large_image\" \/>\n<meta name=\"twitter:title\" content=\"Europaweite Studie: #Industrie stellt sich auf lang anhaltende #Multikrise ein\" \/>\n<meta name=\"twitter:description\" content=\"#Multikrise in Europa: F\u00fcr die kommenden Jahre rechnen fast 9 von 10 Unternehmen damit, dass die #Unsicherheit weiter gross bleiben wird.\" \/>\n<meta name=\"twitter:image\" content=\"https:\/\/www.organisator.ch\/wp-content\/uploads\/2023\/01\/Europaweite-Studie-Industrie-stellt-sich-auf-lang-anhaltende-Multikrise-ein_Organisator.jpg\" \/>\n<script type=\"application\/ld+json\" class=\"yoast-schema-graph\">{\"@context\":\"https:\\\/\\\/schema.org\",\"@graph\":[{\"@type\":\"Article\",\"@id\":\"https:\\\/\\\/www.organisator.ch\\\/management\\\/2023-01-10\\\/europaweite-studie-industrie-stellt-sich-auf-lang-anhaltende-multikrise-ein\\\/#article\",\"isPartOf\":{\"@id\":\"https:\\\/\\\/www.organisator.ch\\\/management\\\/2023-01-10\\\/europaweite-studie-industrie-stellt-sich-auf-lang-anhaltende-multikrise-ein\\\/\"},\"author\":{\"name\":\"thomas.berner\",\"@id\":\"https:\\\/\\\/www.organisator.ch\\\/#\\\/schema\\\/person\\\/6f650f90b2842cd4c0cc334b4e36f67e\"},\"headline\":\"Europaweite Studie: Industrie stellt sich auf lang anhaltende Multikrise ein\",\"datePublished\":\"2023-01-10T08:29:48+00:00\",\"mainEntityOfPage\":{\"@id\":\"https:\\\/\\\/www.organisator.ch\\\/management\\\/2023-01-10\\\/europaweite-studie-industrie-stellt-sich-auf-lang-anhaltende-multikrise-ein\\\/\"},\"wordCount\":445,\"publisher\":{\"@id\":\"https:\\\/\\\/www.organisator.ch\\\/#organization\"},\"image\":{\"@id\":\"https:\\\/\\\/www.organisator.ch\\\/management\\\/2023-01-10\\\/europaweite-studie-industrie-stellt-sich-auf-lang-anhaltende-multikrise-ein\\\/#primaryimage\"},\"thumbnailUrl\":\"https:\\\/\\\/www.organisator.ch\\\/wp-content\\\/uploads\\\/2023\\\/01\\\/Europaweite-Studie-Industrie-stellt-sich-auf-lang-anhaltende-Multikrise-ein_Organisator.jpg\",\"keywords\":[\"Industrie\",\"Management und Unternehmensf\u00fchrung\",\"Multikrise\",\"Studie\"],\"articleSection\":[\"MANAGEMENT\"],\"inLanguage\":\"en-US\"},{\"@type\":\"WebPage\",\"@id\":\"https:\\\/\\\/www.organisator.ch\\\/management\\\/2023-01-10\\\/europaweite-studie-industrie-stellt-sich-auf-lang-anhaltende-multikrise-ein\\\/\",\"url\":\"https:\\\/\\\/www.organisator.ch\\\/management\\\/2023-01-10\\\/europaweite-studie-industrie-stellt-sich-auf-lang-anhaltende-multikrise-ein\\\/\",\"name\":\"Europaweite Studie: Industrie stellt sich auf lang anhaltende Multikrise ein - Organisator\",\"isPartOf\":{\"@id\":\"https:\\\/\\\/www.organisator.ch\\\/#website\"},\"primaryImageOfPage\":{\"@id\":\"https:\\\/\\\/www.organisator.ch\\\/management\\\/2023-01-10\\\/europaweite-studie-industrie-stellt-sich-auf-lang-anhaltende-multikrise-ein\\\/#primaryimage\"},\"image\":{\"@id\":\"https:\\\/\\\/www.organisator.ch\\\/management\\\/2023-01-10\\\/europaweite-studie-industrie-stellt-sich-auf-lang-anhaltende-multikrise-ein\\\/#primaryimage\"},\"thumbnailUrl\":\"https:\\\/\\\/www.organisator.ch\\\/wp-content\\\/uploads\\\/2023\\\/01\\\/Europaweite-Studie-Industrie-stellt-sich-auf-lang-anhaltende-Multikrise-ein_Organisator.jpg\",\"datePublished\":\"2023-01-10T08:29:48+00:00\",\"description\":\"Multikrise in Europa: F\u00fcr die kommenden Jahre rechnen fast 9 von 10 Unternehmen damit, dass die Unsicherheit weiter gross bleiben wird.\",\"breadcrumb\":{\"@id\":\"https:\\\/\\\/www.organisator.ch\\\/management\\\/2023-01-10\\\/europaweite-studie-industrie-stellt-sich-auf-lang-anhaltende-multikrise-ein\\\/#breadcrumb\"},\"inLanguage\":\"en-US\",\"potentialAction\":[{\"@type\":\"ReadAction\",\"target\":[\"https:\\\/\\\/www.organisator.ch\\\/management\\\/2023-01-10\\\/europaweite-studie-industrie-stellt-sich-auf-lang-anhaltende-multikrise-ein\\\/\"]}]},{\"@type\":\"ImageObject\",\"inLanguage\":\"en-US\",\"@id\":\"https:\\\/\\\/www.organisator.ch\\\/management\\\/2023-01-10\\\/europaweite-studie-industrie-stellt-sich-auf-lang-anhaltende-multikrise-ein\\\/#primaryimage\",\"url\":\"https:\\\/\\\/www.organisator.ch\\\/wp-content\\\/uploads\\\/2023\\\/01\\\/Europaweite-Studie-Industrie-stellt-sich-auf-lang-anhaltende-Multikrise-ein_Organisator.jpg\",\"contentUrl\":\"https:\\\/\\\/www.organisator.ch\\\/wp-content\\\/uploads\\\/2023\\\/01\\\/Europaweite-Studie-Industrie-stellt-sich-auf-lang-anhaltende-Multikrise-ein_Organisator.jpg\",\"width\":680,\"height\":383,\"caption\":\"Industrieunternehmen aus ganz Europa rechnen mit einer l\u00e4nger dauernden Multikrise. (Bild: Aras)\"},{\"@type\":\"BreadcrumbList\",\"@id\":\"https:\\\/\\\/www.organisator.ch\\\/management\\\/2023-01-10\\\/europaweite-studie-industrie-stellt-sich-auf-lang-anhaltende-multikrise-ein\\\/#breadcrumb\",\"itemListElement\":[{\"@type\":\"ListItem\",\"position\":1,\"name\":\"Home\",\"item\":\"https:\\\/\\\/www.organisator.ch\\\/\"},{\"@type\":\"ListItem\",\"position\":2,\"name\":\"Europaweite Studie: Industrie stellt sich auf lang anhaltende Multikrise ein\"}]},{\"@type\":\"WebSite\",\"@id\":\"https:\\\/\\\/www.organisator.ch\\\/#website\",\"url\":\"https:\\\/\\\/www.organisator.ch\\\/\",\"name\":\"Organisator\",\"description\":\"Kompetent. Praxisnah. Der ORGANISATOR bereitet in 10 Ausgaben pro Jahr die wesentlichen Themen f\u00fcr F\u00fchrungskr\u00e4fte von KMU auf.\",\"publisher\":{\"@id\":\"https:\\\/\\\/www.organisator.ch\\\/#organization\"},\"potentialAction\":[{\"@type\":\"SearchAction\",\"target\":{\"@type\":\"EntryPoint\",\"urlTemplate\":\"https:\\\/\\\/www.organisator.ch\\\/?s={search_term_string}\"},\"query-input\":{\"@type\":\"PropertyValueSpecification\",\"valueRequired\":true,\"valueName\":\"search_term_string\"}}],\"inLanguage\":\"en-US\"},{\"@type\":\"Organization\",\"@id\":\"https:\\\/\\\/www.organisator.ch\\\/#organization\",\"name\":\"Organisator\",\"url\":\"https:\\\/\\\/www.organisator.ch\\\/\",\"logo\":{\"@type\":\"ImageObject\",\"inLanguage\":\"en-US\",\"@id\":\"https:\\\/\\\/www.organisator.ch\\\/#\\\/schema\\\/logo\\\/image\\\/\",\"url\":\"https:\\\/\\\/www.organisator.ch\\\/wp-content\\\/uploads\\\/2022\\\/01\\\/Logo_Organisator_Website.png\",\"contentUrl\":\"https:\\\/\\\/www.organisator.ch\\\/wp-content\\\/uploads\\\/2022\\\/01\\\/Logo_Organisator_Website.png\",\"width\":800,\"height\":77,\"caption\":\"Organisator\"},\"image\":{\"@id\":\"https:\\\/\\\/www.organisator.ch\\\/#\\\/schema\\\/logo\\\/image\\\/\"},\"sameAs\":[\"https:\\\/\\\/www.facebook.com\\\/OrganisatorFachmagazin\",\"https:\\\/\\\/www.linkedin.com\\\/showcase\\\/organisator-das-magazin-fr-kmu\",\"https:\\\/\\\/www.xing.com\\\/news\\\/pages\\\/organisator-ch-695\",\"https:\\\/\\\/www.youtube.com\\\/channel\\\/UCGP2Sq0iWaZwT3BdIAQFYpw\"]},{\"@type\":\"Person\",\"@id\":\"https:\\\/\\\/www.organisator.ch\\\/#\\\/schema\\\/person\\\/6f650f90b2842cd4c0cc334b4e36f67e\",\"name\":\"thomas.berner\",\"image\":{\"@type\":\"ImageObject\",\"inLanguage\":\"en-US\",\"@id\":\"https:\\\/\\\/secure.gravatar.com\\\/avatar\\\/ac5001d2a36cb6c6cd3e50789007ffca834b477b74a2144564522e944eabff61?s=96&d=mm&r=g\",\"url\":\"https:\\\/\\\/secure.gravatar.com\\\/avatar\\\/ac5001d2a36cb6c6cd3e50789007ffca834b477b74a2144564522e944eabff61?s=96&d=mm&r=g\",\"contentUrl\":\"https:\\\/\\\/secure.gravatar.com\\\/avatar\\\/ac5001d2a36cb6c6cd3e50789007ffca834b477b74a2144564522e944eabff61?s=96&d=mm&r=g\",\"caption\":\"thomas.berner\"},\"url\":\"https:\\\/\\\/www.organisator.ch\\\/en\\\/author\\\/thomas-berner\\\/\"}]}<\/script>\n<!-- \/ Yoast SEO plugin. -->","yoast_head_json":{"title":"Europe-wide study: Industry prepares for long-lasting multicrisis - Organizer","description":"Multi-crisis in Europe: For the coming years, almost 9 out of 10 companies expect uncertainty to remain high.","robots":{"index":"index","follow":"follow","max-snippet":"max-snippet:-1","max-image-preview":"max-image-preview:large","max-video-preview":"max-video-preview:-1"},"canonical":"https:\/\/www.organisator.ch\/en\/management\/2023-01-10\/europaweite-studie-industrie-stellt-sich-auf-lang-anhaltende-multikrise-ein\/","og_locale":"en_US","og_type":"article","og_title":"Europaweite Studie: Industrie stellt sich auf lang anhaltende Multikrise ein","og_description":"Multikrise in Europa: F\u00fcr die kommenden Jahre rechnen fast 9 von 10 Unternehmen damit, dass die Unsicherheit weiter gross bleiben wird.","og_url":"https:\/\/www.organisator.ch\/en\/management\/2023-01-10\/europaweite-studie-industrie-stellt-sich-auf-lang-anhaltende-multikrise-ein\/","og_site_name":"Organisator","article_publisher":"https:\/\/www.facebook.com\/OrganisatorFachmagazin","article_published_time":"2023-01-10T08:29:48+00:00","og_image":[{"width":680,"height":383,"url":"https:\/\/www.organisator.ch\/wp-content\/uploads\/2023\/01\/Europaweite-Studie-Industrie-stellt-sich-auf-lang-anhaltende-Multikrise-ein_Organisator.jpg","type":"image\/jpeg"}],"author":"thomas.berner","twitter_card":"summary_large_image","twitter_title":"Europaweite Studie: #Industrie stellt sich auf lang anhaltende #Multikrise ein","twitter_description":"#Multikrise in Europa: F\u00fcr die kommenden Jahre rechnen fast 9 von 10 Unternehmen damit, dass die #Unsicherheit weiter gross bleiben wird.","twitter_image":"https:\/\/www.organisator.ch\/wp-content\/uploads\/2023\/01\/Europaweite-Studie-Industrie-stellt-sich-auf-lang-anhaltende-Multikrise-ein_Organisator.jpg","schema":{"@context":"https:\/\/schema.org","@graph":[{"@type":"Article","@id":"https:\/\/www.organisator.ch\/management\/2023-01-10\/europaweite-studie-industrie-stellt-sich-auf-lang-anhaltende-multikrise-ein\/#article","isPartOf":{"@id":"https:\/\/www.organisator.ch\/management\/2023-01-10\/europaweite-studie-industrie-stellt-sich-auf-lang-anhaltende-multikrise-ein\/"},"author":{"name":"thomas.berner","@id":"https:\/\/www.organisator.ch\/#\/schema\/person\/6f650f90b2842cd4c0cc334b4e36f67e"},"headline":"Europaweite Studie: Industrie stellt sich auf lang anhaltende Multikrise ein","datePublished":"2023-01-10T08:29:48+00:00","mainEntityOfPage":{"@id":"https:\/\/www.organisator.ch\/management\/2023-01-10\/europaweite-studie-industrie-stellt-sich-auf-lang-anhaltende-multikrise-ein\/"},"wordCount":445,"publisher":{"@id":"https:\/\/www.organisator.ch\/#organization"},"image":{"@id":"https:\/\/www.organisator.ch\/management\/2023-01-10\/europaweite-studie-industrie-stellt-sich-auf-lang-anhaltende-multikrise-ein\/#primaryimage"},"thumbnailUrl":"https:\/\/www.organisator.ch\/wp-content\/uploads\/2023\/01\/Europaweite-Studie-Industrie-stellt-sich-auf-lang-anhaltende-Multikrise-ein_Organisator.jpg","keywords":["Industrie","Management und Unternehmensf\u00fchrung","Multikrise","Studie"],"articleSection":["MANAGEMENT"],"inLanguage":"en-US"},{"@type":"WebPage","@id":"https:\/\/www.organisator.ch\/management\/2023-01-10\/europaweite-studie-industrie-stellt-sich-auf-lang-anhaltende-multikrise-ein\/","url":"https:\/\/www.organisator.ch\/management\/2023-01-10\/europaweite-studie-industrie-stellt-sich-auf-lang-anhaltende-multikrise-ein\/","name":"Europe-wide study: Industry prepares for long-lasting multicrisis - Organizer","isPartOf":{"@id":"https:\/\/www.organisator.ch\/#website"},"primaryImageOfPage":{"@id":"https:\/\/www.organisator.ch\/management\/2023-01-10\/europaweite-studie-industrie-stellt-sich-auf-lang-anhaltende-multikrise-ein\/#primaryimage"},"image":{"@id":"https:\/\/www.organisator.ch\/management\/2023-01-10\/europaweite-studie-industrie-stellt-sich-auf-lang-anhaltende-multikrise-ein\/#primaryimage"},"thumbnailUrl":"https:\/\/www.organisator.ch\/wp-content\/uploads\/2023\/01\/Europaweite-Studie-Industrie-stellt-sich-auf-lang-anhaltende-Multikrise-ein_Organisator.jpg","datePublished":"2023-01-10T08:29:48+00:00","description":"Multi-crisis in Europe: For the coming years, almost 9 out of 10 companies expect uncertainty to remain high.","breadcrumb":{"@id":"https:\/\/www.organisator.ch\/management\/2023-01-10\/europaweite-studie-industrie-stellt-sich-auf-lang-anhaltende-multikrise-ein\/#breadcrumb"},"inLanguage":"en-US","potentialAction":[{"@type":"ReadAction","target":["https:\/\/www.organisator.ch\/management\/2023-01-10\/europaweite-studie-industrie-stellt-sich-auf-lang-anhaltende-multikrise-ein\/"]}]},{"@type":"ImageObject","inLanguage":"en-US","@id":"https:\/\/www.organisator.ch\/management\/2023-01-10\/europaweite-studie-industrie-stellt-sich-auf-lang-anhaltende-multikrise-ein\/#primaryimage","url":"https:\/\/www.organisator.ch\/wp-content\/uploads\/2023\/01\/Europaweite-Studie-Industrie-stellt-sich-auf-lang-anhaltende-Multikrise-ein_Organisator.jpg","contentUrl":"https:\/\/www.organisator.ch\/wp-content\/uploads\/2023\/01\/Europaweite-Studie-Industrie-stellt-sich-auf-lang-anhaltende-Multikrise-ein_Organisator.jpg","width":680,"height":383,"caption":"Industrieunternehmen aus ganz Europa rechnen mit einer l\u00e4nger dauernden Multikrise. (Bild: Aras)"},{"@type":"BreadcrumbList","@id":"https:\/\/www.organisator.ch\/management\/2023-01-10\/europaweite-studie-industrie-stellt-sich-auf-lang-anhaltende-multikrise-ein\/#breadcrumb","itemListElement":[{"@type":"ListItem","position":1,"name":"Home","item":"https:\/\/www.organisator.ch\/"},{"@type":"ListItem","position":2,"name":"Europaweite Studie: Industrie stellt sich auf lang anhaltende Multikrise ein"}]},{"@type":"WebSite","@id":"https:\/\/www.organisator.ch\/#website","url":"https:\/\/www.organisator.ch\/","name":"Organizer","description":"Competent. Practical. In 10 issues per year, ORGANISATOR presents the essential topics for managers of SMEs.","publisher":{"@id":"https:\/\/www.organisator.ch\/#organization"},"potentialAction":[{"@type":"SearchAction","target":{"@type":"EntryPoint","urlTemplate":"https:\/\/www.organisator.ch\/?s={search_term_string}"},"query-input":{"@type":"PropertyValueSpecification","valueRequired":true,"valueName":"search_term_string"}}],"inLanguage":"en-US"},{"@type":"Organization","@id":"https:\/\/www.organisator.ch\/#organization","name":"Organizer","url":"https:\/\/www.organisator.ch\/","logo":{"@type":"ImageObject","inLanguage":"en-US","@id":"https:\/\/www.organisator.ch\/#\/schema\/logo\/image\/","url":"https:\/\/www.organisator.ch\/wp-content\/uploads\/2022\/01\/Logo_Organisator_Website.png","contentUrl":"https:\/\/www.organisator.ch\/wp-content\/uploads\/2022\/01\/Logo_Organisator_Website.png","width":800,"height":77,"caption":"Organisator"},"image":{"@id":"https:\/\/www.organisator.ch\/#\/schema\/logo\/image\/"},"sameAs":["https:\/\/www.facebook.com\/OrganisatorFachmagazin","https:\/\/www.linkedin.com\/showcase\/organisator-das-magazin-fr-kmu","https:\/\/www.xing.com\/news\/pages\/organisator-ch-695","https:\/\/www.youtube.com\/channel\/UCGP2Sq0iWaZwT3BdIAQFYpw"]},{"@type":"Person","@id":"https:\/\/www.organisator.ch\/#\/schema\/person\/6f650f90b2842cd4c0cc334b4e36f67e","name":"thomas.berner","image":{"@type":"ImageObject","inLanguage":"en-US","@id":"https:\/\/secure.gravatar.com\/avatar\/ac5001d2a36cb6c6cd3e50789007ffca834b477b74a2144564522e944eabff61?s=96&d=mm&r=g","url":"https:\/\/secure.gravatar.com\/avatar\/ac5001d2a36cb6c6cd3e50789007ffca834b477b74a2144564522e944eabff61?s=96&d=mm&r=g","contentUrl":"https:\/\/secure.gravatar.com\/avatar\/ac5001d2a36cb6c6cd3e50789007ffca834b477b74a2144564522e944eabff61?s=96&d=mm&r=g","caption":"thomas.berner"},"url":"https:\/\/www.organisator.ch\/en\/author\/thomas-berner\/"}]}},"_links":{"self":[{"href":"https:\/\/www.organisator.ch\/en\/wp-json\/wp\/v2\/posts\/18438","targetHints":{"allow":["GET"]}}],"collection":[{"href":"https:\/\/www.organisator.ch\/en\/wp-json\/wp\/v2\/posts"}],"about":[{"href":"https:\/\/www.organisator.ch\/en\/wp-json\/wp\/v2\/types\/post"}],"author":[{"embeddable":true,"href":"https:\/\/www.organisator.ch\/en\/wp-json\/wp\/v2\/users\/4"}],"replies":[{"embeddable":true,"href":"https:\/\/www.organisator.ch\/en\/wp-json\/wp\/v2\/comments?post=18438"}],"version-history":[{"count":1,"href":"https:\/\/www.organisator.ch\/en\/wp-json\/wp\/v2\/posts\/18438\/revisions"}],"predecessor-version":[{"id":18440,"href":"https:\/\/www.organisator.ch\/en\/wp-json\/wp\/v2\/posts\/18438\/revisions\/18440"}],"wp:featuredmedia":[{"embeddable":true,"href":"https:\/\/www.organisator.ch\/en\/wp-json\/wp\/v2\/media\/18439"}],"wp:attachment":[{"href":"https:\/\/www.organisator.ch\/en\/wp-json\/wp\/v2\/media?parent=18438"}],"wp:term":[{"taxonomy":"category","embeddable":true,"href":"https:\/\/www.organisator.ch\/en\/wp-json\/wp\/v2\/categories?post=18438"},{"taxonomy":"post_tag","embeddable":true,"href":"https:\/\/www.organisator.ch\/en\/wp-json\/wp\/v2\/tags?post=18438"}],"curies":[{"name":"wp","href":"https:\/\/api.w.org\/{rel}","templated":true}]}}